{"id":44651,"date":"2026-09-02T10:54:01","date_gmt":"2026-09-02T08:54:01","guid":{"rendered":"https:\/\/juntscontraelcancer.cat\/nuevo-ciclo-de-talleres-salut-i-benestar-despres-del-cancer\/"},"modified":"2026-09-02T12:11:22","modified_gmt":"2026-09-02T10:11:22","slug":"nuevo-ciclo-de-talleres-salut-i-benestar-despres-del-cancer","status":"publish","type":"post","link":"https:\/\/juntscontraelcancer.cat\/es\/nuevo-ciclo-de-talleres-salut-i-benestar-despres-del-cancer\/","title":{"rendered":"Nuevo ciclo de talleres &#8216;Salut i Benestar despr\u00e9s del c\u00e0ncer&#8217;"},"content":{"rendered":"\n<p class=\"wp-block-paragraph\"><strong>La FECEC Junts contra el C\u00e0ncer inicia este a\u00f1o un nuevo ciclo de talleres dirigido a personas que han superado o cronificado un c\u00e1ncer. Estos talleres, bajo el nombre de \u00abSalut i benestar despr\u00e9s del c\u00e0ncer\u00bb, tienen como objetivo aportar informaci\u00f3n y conocimientos para mejorar la calidad de vida de las personas con c\u00e1ncer y sus familias.<\/strong><\/p>\n\n<p class=\"wp-block-paragraph\">En el mes de julio tuvo lugar el primero de los talleres, dedicado en este caso a la protecci\u00f3n solar para las personas que han superado un c\u00e1ncer. Los siguientes talleres ser\u00e1n:<\/p>\n\n<ul class=\"wp-block-list\">\n<li>Mi\u00e9rcoles, 28 de octubre (17 h) &#8211; <strong>Alimentaci\u00f3 saludable per a pacients oncol\u00f2gics.<\/strong><br\/>Con Laura Padr\u00f3, nutricionista.<br\/><\/li>\n\n\n\n<li>Dimecres, 2 de desembre (17 h) &#8211; <strong>Ioga per a pacients oncol\u00f2gics.<\/strong><br\/>Con Adriana Jarr\u00edn, formadora de yoga y fundadora de la Red Internacional de Yoga Oncol\u00f3gico.<br\/><\/li>\n\n\n\n<li>Dimecres, 20 de gener (17 h) &#8211; <strong>Por a la recaiguda i gesti\u00f3 de l&#8217;estr\u00e8s despr\u00e9s del c\u00e0ncer.<\/strong><br\/>Con Carme Ventura, psicoonc\u00f3loga.<\/li>\n<\/ul>\n\n<figure class=\"wp-block-image size-large\"><img loading=\"lazy\" decoding=\"async\" width=\"1024\" height=\"576\" src=\"https:\/\/juntscontraelcancer.cat\/wp-content\/uploads\/2026\/09\/Calendari-1024x576.png\" alt=\"\" class=\"wp-image-44642\" srcset=\"https:\/\/juntscontraelcancer.cat\/wp-content\/uploads\/2026\/09\/Calendari-1024x576.png 1024w, https:\/\/juntscontraelcancer.cat\/wp-content\/uploads\/2026\/09\/Calendari-300x169.png 300w, https:\/\/juntscontraelcancer.cat\/wp-content\/uploads\/2026\/09\/Calendari-768x432.png 768w, https:\/\/juntscontraelcancer.cat\/wp-content\/uploads\/2026\/09\/Calendari-1536x864.png 1536w, https:\/\/juntscontraelcancer.cat\/wp-content\/uploads\/2026\/09\/Calendari.png 1600w\" sizes=\"auto, (max-width: 1024px) 100vw, 1024px\" \/><\/figure>\n\n<p class=\"wp-block-paragraph\">Los talleres se llevan a cabo online a trav\u00e9s de la plataforma gratuita Teams. Es necesario confirmar la asistencia en los formularios que compartimos en la web y redes sociales unas semanas antes de la actividad.<\/p>\n\n<p class=\"wp-block-paragraph\">Estos talleres cuentan con el apoyo del Departament de Salut de la Generalitat de Catalunya y la Fundaci\u00f3n la Caixa.&#13;\n<\/p>\n","protected":false},"excerpt":{"rendered":"<p>La FECEC Junts contra el C\u00e0ncer inicia este a\u00f1o un nuevo ciclo de talleres dirigido a personas que han superado o cronificado un c\u00e1ncer. Estos talleres, bajo el nombre de \u00abSalut i benestar despr\u00e9s del c\u00e0ncer\u00bb, tienen como objetivo aportar informaci\u00f3n y conocimientos para mejorar la calidad de vida de las personas con c\u00e1ncer y sus familias.<\/p>\n","protected":false},"author":2,"featured_media":44650,"comment_status":"closed","ping_status":"closed","sticky":false,"template":"","format":"standard","meta":{"_acf_changed":false,"inline_featured_image":false,"footnotes":""},"categories":[84,86],"tags":[185],"class_list":["post-44651","post","type-post","status-publish","format-standard","has-post-thumbnail","hentry","category-actualidad","category-destacadas","tag-campanya-es"],"acf":[],"yoast_head":"<!-- This site is optimized with the Yoast SEO plugin v28.3 - https:\/\/yoast.com\/product\/yoast-seo-wordpress\/ -->\n<title>Nuevo ciclo de talleres &#039;Salut i Benestar despr\u00e9s del c\u00e0ncer&#039; - Junts contra el c\u00e0ncer - FECEC<\/title>\n<meta name=\"robots\" content=\"index, follow, max-snippet:-1, max-image-preview:large, max-video-preview:-1\" \/>\n<link rel=\"canonical\" href=\"https:\/\/juntscontraelcancer.cat\/es\/nuevo-ciclo-de-talleres-salut-i-benestar-despres-del-cancer\/\" \/>\n<meta property=\"og:locale\" content=\"es_ES\" \/>\n<meta property=\"og:type\" content=\"article\" \/>\n<meta property=\"og:title\" content=\"Nuevo ciclo de talleres &#039;Salut i Benestar despr\u00e9s del c\u00e0ncer&#039; - Junts contra el c\u00e0ncer - FECEC\" \/>\n<meta property=\"og:description\" content=\"La FECEC Junts contra el C\u00e0ncer inicia este a\u00f1o un nuevo ciclo de talleres dirigido a personas que han superado o cronificado un c\u00e1ncer. Estos talleres, bajo el nombre de &quot;Salut i benestar despr\u00e9s del c\u00e0ncer&quot;, tienen como objetivo aportar informaci\u00f3n y conocimientos para mejorar la calidad de vida de las personas con c\u00e1ncer y sus familias.\" \/>\n<meta property=\"og:url\" content=\"https:\/\/juntscontraelcancer.cat\/es\/nuevo-ciclo-de-talleres-salut-i-benestar-despres-del-cancer\/\" \/>\n<meta property=\"og:site_name\" content=\"Junts contra el c\u00e0ncer - FECEC\" \/>\n<meta property=\"article:publisher\" content=\"https:\/\/www.facebook.com\/fecec.federacio\/\" \/>\n<meta property=\"article:published_time\" content=\"2026-09-02T08:54:01+00:00\" \/>\n<meta property=\"article:modified_time\" content=\"2026-09-02T10:11:22+00:00\" \/>\n<meta property=\"og:image\" content=\"https:\/\/juntscontraelcancer.cat\/wp-content\/uploads\/2026\/09\/Tallers-Benestar.png\" \/>\n\t<meta property=\"og:image:width\" content=\"1600\" \/>\n\t<meta property=\"og:image:height\" content=\"900\" \/>\n\t<meta property=\"og:image:type\" content=\"image\/png\" \/>\n<meta name=\"author\" content=\"FECEC Comunicaci\u00f3\" \/>\n<meta name=\"twitter:card\" content=\"summary_large_image\" \/>\n<meta name=\"twitter:creator\" content=\"@FececFederacio\" \/>\n<meta name=\"twitter:site\" content=\"@FececFederacio\" \/>\n<meta name=\"twitter:label1\" content=\"Escrito por\" \/>\n\t<meta name=\"twitter:data1\" content=\"FECEC Comunicaci\u00f3\" \/>\n\t<meta name=\"twitter:label2\" content=\"Tiempo de lectura\" \/>\n\t<meta name=\"twitter:data2\" content=\"1 minuto\" \/>\n<script type=\"application\/ld+json\" class=\"yoast-schema-graph\">{\"@context\":\"https:\\\/\\\/schema.org\",\"@graph\":[{\"@type\":\"Article\",\"@id\":\"https:\\\/\\\/juntscontraelcancer.cat\\\/es\\\/nuevo-ciclo-de-talleres-salut-i-benestar-despres-del-cancer\\\/#article\",\"isPartOf\":{\"@id\":\"https:\\\/\\\/juntscontraelcancer.cat\\\/es\\\/nuevo-ciclo-de-talleres-salut-i-benestar-despres-del-cancer\\\/\"},\"author\":{\"name\":\"FECEC Comunicaci\u00f3\",\"@id\":\"https:\\\/\\\/juntscontraelcancer.cat\\\/es\\\/#\\\/schema\\\/person\\\/2bba6ee197504983c335d560850ec148\"},\"headline\":\"Nuevo ciclo de talleres &#8216;Salut i Benestar despr\u00e9s del c\u00e0ncer&#8217;\",\"datePublished\":\"2026-09-02T08:54:01+00:00\",\"dateModified\":\"2026-09-02T10:11:22+00:00\",\"mainEntityOfPage\":{\"@id\":\"https:\\\/\\\/juntscontraelcancer.cat\\\/es\\\/nuevo-ciclo-de-talleres-salut-i-benestar-despres-del-cancer\\\/\"},\"wordCount\":239,\"publisher\":{\"@id\":\"https:\\\/\\\/juntscontraelcancer.cat\\\/es\\\/#organization\"},\"image\":{\"@id\":\"https:\\\/\\\/juntscontraelcancer.cat\\\/es\\\/nuevo-ciclo-de-talleres-salut-i-benestar-despres-del-cancer\\\/#primaryimage\"},\"thumbnailUrl\":\"https:\\\/\\\/juntscontraelcancer.cat\\\/wp-content\\\/uploads\\\/2026\\\/09\\\/Tallers-Benestar.png\",\"keywords\":[\"campanya\"],\"articleSection\":[\"Actualidad\",\"Destacadas\"],\"inLanguage\":\"es\"},{\"@type\":\"WebPage\",\"@id\":\"https:\\\/\\\/juntscontraelcancer.cat\\\/es\\\/nuevo-ciclo-de-talleres-salut-i-benestar-despres-del-cancer\\\/\",\"url\":\"https:\\\/\\\/juntscontraelcancer.cat\\\/es\\\/nuevo-ciclo-de-talleres-salut-i-benestar-despres-del-cancer\\\/\",\"name\":\"Nuevo ciclo de talleres 'Salut i Benestar despr\u00e9s del c\u00e0ncer' - Junts contra el c\u00e0ncer - FECEC\",\"isPartOf\":{\"@id\":\"https:\\\/\\\/juntscontraelcancer.cat\\\/es\\\/#website\"},\"primaryImageOfPage\":{\"@id\":\"https:\\\/\\\/juntscontraelcancer.cat\\\/es\\\/nuevo-ciclo-de-talleres-salut-i-benestar-despres-del-cancer\\\/#primaryimage\"},\"image\":{\"@id\":\"https:\\\/\\\/juntscontraelcancer.cat\\\/es\\\/nuevo-ciclo-de-talleres-salut-i-benestar-despres-del-cancer\\\/#primaryimage\"},\"thumbnailUrl\":\"https:\\\/\\\/juntscontraelcancer.cat\\\/wp-content\\\/uploads\\\/2026\\\/09\\\/Tallers-Benestar.png\",\"datePublished\":\"2026-09-02T08:54:01+00:00\",\"dateModified\":\"2026-09-02T10:11:22+00:00\",\"breadcrumb\":{\"@id\":\"https:\\\/\\\/juntscontraelcancer.cat\\\/es\\\/nuevo-ciclo-de-talleres-salut-i-benestar-despres-del-cancer\\\/#breadcrumb\"},\"inLanguage\":\"es\",\"potentialAction\":[{\"@type\":\"ReadAction\",\"target\":[\"https:\\\/\\\/juntscontraelcancer.cat\\\/es\\\/nuevo-ciclo-de-talleres-salut-i-benestar-despres-del-cancer\\\/\"]}]},{\"@type\":\"ImageObject\",\"inLanguage\":\"es\",\"@id\":\"https:\\\/\\\/juntscontraelcancer.cat\\\/es\\\/nuevo-ciclo-de-talleres-salut-i-benestar-despres-del-cancer\\\/#primaryimage\",\"url\":\"https:\\\/\\\/juntscontraelcancer.cat\\\/wp-content\\\/uploads\\\/2026\\\/09\\\/Tallers-Benestar.png\",\"contentUrl\":\"https:\\\/\\\/juntscontraelcancer.cat\\\/wp-content\\\/uploads\\\/2026\\\/09\\\/Tallers-Benestar.png\",\"width\":1600,\"height\":900},{\"@type\":\"BreadcrumbList\",\"@id\":\"https:\\\/\\\/juntscontraelcancer.cat\\\/es\\\/nuevo-ciclo-de-talleres-salut-i-benestar-despres-del-cancer\\\/#breadcrumb\",\"itemListElement\":[{\"@type\":\"ListItem\",\"position\":1,\"name\":\"Inicio\",\"item\":\"https:\\\/\\\/juntscontraelcancer.cat\\\/es\\\/\"},{\"@type\":\"ListItem\",\"position\":2,\"name\":\"Nuevo ciclo de talleres &#8216;Salut i Benestar despr\u00e9s del c\u00e0ncer&#8217;\"}]},{\"@type\":\"WebSite\",\"@id\":\"https:\\\/\\\/juntscontraelcancer.cat\\\/es\\\/#website\",\"url\":\"https:\\\/\\\/juntscontraelcancer.cat\\\/es\\\/\",\"name\":\"Junts contra el c\u00e0ncer - FECEC\",\"description\":\"\",\"publisher\":{\"@id\":\"https:\\\/\\\/juntscontraelcancer.cat\\\/es\\\/#organization\"},\"potentialAction\":[{\"@type\":\"SearchAction\",\"target\":{\"@type\":\"EntryPoint\",\"urlTemplate\":\"https:\\\/\\\/juntscontraelcancer.cat\\\/es\\\/?s={search_term_string}\"},\"query-input\":{\"@type\":\"PropertyValueSpecification\",\"valueRequired\":true,\"valueName\":\"search_term_string\"}}],\"inLanguage\":\"es\"},{\"@type\":\"Organization\",\"@id\":\"https:\\\/\\\/juntscontraelcancer.cat\\\/es\\\/#organization\",\"name\":\"Junts contra el c\u00e0ncer - FECEC\",\"url\":\"https:\\\/\\\/juntscontraelcancer.cat\\\/es\\\/\",\"logo\":{\"@type\":\"ImageObject\",\"inLanguage\":\"es\",\"@id\":\"https:\\\/\\\/juntscontraelcancer.cat\\\/es\\\/#\\\/schema\\\/logo\\\/image\\\/\",\"url\":\"https:\\\/\\\/juntscontraelcancer.cat\\\/wp-content\\\/uploads\\\/2023\\\/01\\\/logo-fecec-header.png\",\"contentUrl\":\"https:\\\/\\\/juntscontraelcancer.cat\\\/wp-content\\\/uploads\\\/2023\\\/01\\\/logo-fecec-header.png\",\"width\":126,\"height\":74,\"caption\":\"Junts contra el c\u00e0ncer - FECEC\"},\"image\":{\"@id\":\"https:\\\/\\\/juntscontraelcancer.cat\\\/es\\\/#\\\/schema\\\/logo\\\/image\\\/\"},\"sameAs\":[\"https:\\\/\\\/www.facebook.com\\\/fecec.federacio\\\/\",\"https:\\\/\\\/x.com\\\/FececFederacio\",\"https:\\\/\\\/www.instagram.com\\\/fececfederacio\\\/?hl=es\",\"https:\\\/\\\/www.youtube.com\\\/channel\\\/UCgAC_6c6hmHwMQhSCQyYBdA\"]},{\"@type\":\"Person\",\"@id\":\"https:\\\/\\\/juntscontraelcancer.cat\\\/es\\\/#\\\/schema\\\/person\\\/2bba6ee197504983c335d560850ec148\",\"name\":\"FECEC Comunicaci\u00f3\",\"image\":{\"@type\":\"ImageObject\",\"inLanguage\":\"es\",\"@id\":\"https:\\\/\\\/secure.gravatar.com\\\/avatar\\\/afa7129fad37df4be85b472c53d2039388784444579f67ca35ddbc83bfae2fd0?s=96&d=mm&r=g\",\"url\":\"https:\\\/\\\/secure.gravatar.com\\\/avatar\\\/afa7129fad37df4be85b472c53d2039388784444579f67ca35ddbc83bfae2fd0?s=96&d=mm&r=g\",\"contentUrl\":\"https:\\\/\\\/secure.gravatar.com\\\/avatar\\\/afa7129fad37df4be85b472c53d2039388784444579f67ca35ddbc83bfae2fd0?s=96&d=mm&r=g\",\"caption\":\"FECEC Comunicaci\u00f3\"}}]}<\/script>\n<!-- \/ Yoast SEO plugin. -->","yoast_head_json":{"title":"Nuevo ciclo de talleres 'Salut i Benestar despr\u00e9s del c\u00e0ncer' - Junts contra el c\u00e0ncer - FECEC","robots":{"index":"index","follow":"follow","max-snippet":"max-snippet:-1","max-image-preview":"max-image-preview:large","max-video-preview":"max-video-preview:-1"},"canonical":"https:\/\/juntscontraelcancer.cat\/es\/nuevo-ciclo-de-talleres-salut-i-benestar-despres-del-cancer\/","og_locale":"es_ES","og_type":"article","og_title":"Nuevo ciclo de talleres 'Salut i Benestar despr\u00e9s del c\u00e0ncer' - Junts contra el c\u00e0ncer - FECEC","og_description":"La FECEC Junts contra el C\u00e0ncer inicia este a\u00f1o un nuevo ciclo de talleres dirigido a personas que han superado o cronificado un c\u00e1ncer. Estos talleres, bajo el nombre de \"Salut i benestar despr\u00e9s del c\u00e0ncer\", tienen como objetivo aportar informaci\u00f3n y conocimientos para mejorar la calidad de vida de las personas con c\u00e1ncer y sus familias.","og_url":"https:\/\/juntscontraelcancer.cat\/es\/nuevo-ciclo-de-talleres-salut-i-benestar-despres-del-cancer\/","og_site_name":"Junts contra el c\u00e0ncer - FECEC","article_publisher":"https:\/\/www.facebook.com\/fecec.federacio\/","article_published_time":"2026-09-02T08:54:01+00:00","article_modified_time":"2026-09-02T10:11:22+00:00","og_image":[{"width":1600,"height":900,"url":"https:\/\/juntscontraelcancer.cat\/wp-content\/uploads\/2026\/09\/Tallers-Benestar.png","type":"image\/png"}],"author":"FECEC Comunicaci\u00f3","twitter_card":"summary_large_image","twitter_creator":"@FececFederacio","twitter_site":"@FececFederacio","twitter_misc":{"Escrito por":"FECEC Comunicaci\u00f3","Tiempo de lectura":"1 minuto"},"schema":{"@context":"https:\/\/schema.org","@graph":[{"@type":"Article","@id":"https:\/\/juntscontraelcancer.cat\/es\/nuevo-ciclo-de-talleres-salut-i-benestar-despres-del-cancer\/#article","isPartOf":{"@id":"https:\/\/juntscontraelcancer.cat\/es\/nuevo-ciclo-de-talleres-salut-i-benestar-despres-del-cancer\/"},"author":{"name":"FECEC Comunicaci\u00f3","@id":"https:\/\/juntscontraelcancer.cat\/es\/#\/schema\/person\/2bba6ee197504983c335d560850ec148"},"headline":"Nuevo ciclo de talleres &#8216;Salut i Benestar despr\u00e9s del c\u00e0ncer&#8217;","datePublished":"2026-09-02T08:54:01+00:00","dateModified":"2026-09-02T10:11:22+00:00","mainEntityOfPage":{"@id":"https:\/\/juntscontraelcancer.cat\/es\/nuevo-ciclo-de-talleres-salut-i-benestar-despres-del-cancer\/"},"wordCount":239,"publisher":{"@id":"https:\/\/juntscontraelcancer.cat\/es\/#organization"},"image":{"@id":"https:\/\/juntscontraelcancer.cat\/es\/nuevo-ciclo-de-talleres-salut-i-benestar-despres-del-cancer\/#primaryimage"},"thumbnailUrl":"https:\/\/juntscontraelcancer.cat\/wp-content\/uploads\/2026\/09\/Tallers-Benestar.png","keywords":["campanya"],"articleSection":["Actualidad","Destacadas"],"inLanguage":"es"},{"@type":"WebPage","@id":"https:\/\/juntscontraelcancer.cat\/es\/nuevo-ciclo-de-talleres-salut-i-benestar-despres-del-cancer\/","url":"https:\/\/juntscontraelcancer.cat\/es\/nuevo-ciclo-de-talleres-salut-i-benestar-despres-del-cancer\/","name":"Nuevo ciclo de talleres 'Salut i Benestar despr\u00e9s del c\u00e0ncer' - Junts contra el c\u00e0ncer - FECEC","isPartOf":{"@id":"https:\/\/juntscontraelcancer.cat\/es\/#website"},"primaryImageOfPage":{"@id":"https:\/\/juntscontraelcancer.cat\/es\/nuevo-ciclo-de-talleres-salut-i-benestar-despres-del-cancer\/#primaryimage"},"image":{"@id":"https:\/\/juntscontraelcancer.cat\/es\/nuevo-ciclo-de-talleres-salut-i-benestar-despres-del-cancer\/#primaryimage"},"thumbnailUrl":"https:\/\/juntscontraelcancer.cat\/wp-content\/uploads\/2026\/09\/Tallers-Benestar.png","datePublished":"2026-09-02T08:54:01+00:00","dateModified":"2026-09-02T10:11:22+00:00","breadcrumb":{"@id":"https:\/\/juntscontraelcancer.cat\/es\/nuevo-ciclo-de-talleres-salut-i-benestar-despres-del-cancer\/#breadcrumb"},"inLanguage":"es","potentialAction":[{"@type":"ReadAction","target":["https:\/\/juntscontraelcancer.cat\/es\/nuevo-ciclo-de-talleres-salut-i-benestar-despres-del-cancer\/"]}]},{"@type":"ImageObject","inLanguage":"es","@id":"https:\/\/juntscontraelcancer.cat\/es\/nuevo-ciclo-de-talleres-salut-i-benestar-despres-del-cancer\/#primaryimage","url":"https:\/\/juntscontraelcancer.cat\/wp-content\/uploads\/2026\/09\/Tallers-Benestar.png","contentUrl":"https:\/\/juntscontraelcancer.cat\/wp-content\/uploads\/2026\/09\/Tallers-Benestar.png","width":1600,"height":900},{"@type":"BreadcrumbList","@id":"https:\/\/juntscontraelcancer.cat\/es\/nuevo-ciclo-de-talleres-salut-i-benestar-despres-del-cancer\/#breadcrumb","itemListElement":[{"@type":"ListItem","position":1,"name":"Inicio","item":"https:\/\/juntscontraelcancer.cat\/es\/"},{"@type":"ListItem","position":2,"name":"Nuevo ciclo de talleres &#8216;Salut i Benestar despr\u00e9s del c\u00e0ncer&#8217;"}]},{"@type":"WebSite","@id":"https:\/\/juntscontraelcancer.cat\/es\/#website","url":"https:\/\/juntscontraelcancer.cat\/es\/","name":"Junts contra el c\u00e0ncer - FECEC","description":"","publisher":{"@id":"https:\/\/juntscontraelcancer.cat\/es\/#organization"},"potentialAction":[{"@type":"SearchAction","target":{"@type":"EntryPoint","urlTemplate":"https:\/\/juntscontraelcancer.cat\/es\/?s={search_term_string}"},"query-input":{"@type":"PropertyValueSpecification","valueRequired":true,"valueName":"search_term_string"}}],"inLanguage":"es"},{"@type":"Organization","@id":"https:\/\/juntscontraelcancer.cat\/es\/#organization","name":"Junts contra el c\u00e0ncer - FECEC","url":"https:\/\/juntscontraelcancer.cat\/es\/","logo":{"@type":"ImageObject","inLanguage":"es","@id":"https:\/\/juntscontraelcancer.cat\/es\/#\/schema\/logo\/image\/","url":"https:\/\/juntscontraelcancer.cat\/wp-content\/uploads\/2023\/01\/logo-fecec-header.png","contentUrl":"https:\/\/juntscontraelcancer.cat\/wp-content\/uploads\/2023\/01\/logo-fecec-header.png","width":126,"height":74,"caption":"Junts contra el c\u00e0ncer - FECEC"},"image":{"@id":"https:\/\/juntscontraelcancer.cat\/es\/#\/schema\/logo\/image\/"},"sameAs":["https:\/\/www.facebook.com\/fecec.federacio\/","https:\/\/x.com\/FececFederacio","https:\/\/www.instagram.com\/fececfederacio\/?hl=es","https:\/\/www.youtube.com\/channel\/UCgAC_6c6hmHwMQhSCQyYBdA"]},{"@type":"Person","@id":"https:\/\/juntscontraelcancer.cat\/es\/#\/schema\/person\/2bba6ee197504983c335d560850ec148","name":"FECEC Comunicaci\u00f3","image":{"@type":"ImageObject","inLanguage":"es","@id":"https:\/\/secure.gravatar.com\/avatar\/afa7129fad37df4be85b472c53d2039388784444579f67ca35ddbc83bfae2fd0?s=96&d=mm&r=g","url":"https:\/\/secure.gravatar.com\/avatar\/afa7129fad37df4be85b472c53d2039388784444579f67ca35ddbc83bfae2fd0?s=96&d=mm&r=g","contentUrl":"https:\/\/secure.gravatar.com\/avatar\/afa7129fad37df4be85b472c53d2039388784444579f67ca35ddbc83bfae2fd0?s=96&d=mm&r=g","caption":"FECEC Comunicaci\u00f3"}}]}},"_links":{"self":[{"href":"https:\/\/juntscontraelcancer.cat\/es\/wp-json\/wp\/v2\/posts\/44651","targetHints":{"allow":["GET"]}}],"collection":[{"href":"https:\/\/juntscontraelcancer.cat\/es\/wp-json\/wp\/v2\/posts"}],"about":[{"href":"https:\/\/juntscontraelcancer.cat\/es\/wp-json\/wp\/v2\/types\/post"}],"author":[{"embeddable":true,"href":"https:\/\/juntscontraelcancer.cat\/es\/wp-json\/wp\/v2\/users\/2"}],"replies":[{"embeddable":true,"href":"https:\/\/juntscontraelcancer.cat\/es\/wp-json\/wp\/v2\/comments?post=44651"}],"version-history":[{"count":1,"href":"https:\/\/juntscontraelcancer.cat\/es\/wp-json\/wp\/v2\/posts\/44651\/revisions"}],"predecessor-version":[{"id":44652,"href":"https:\/\/juntscontraelcancer.cat\/es\/wp-json\/wp\/v2\/posts\/44651\/revisions\/44652"}],"wp:featuredmedia":[{"embeddable":true,"href":"https:\/\/juntscontraelcancer.cat\/es\/wp-json\/wp\/v2\/media\/44650"}],"wp:attachment":[{"href":"https:\/\/juntscontraelcancer.cat\/es\/wp-json\/wp\/v2\/media?parent=44651"}],"wp:term":[{"taxonomy":"category","embeddable":true,"href":"https:\/\/juntscontraelcancer.cat\/es\/wp-json\/wp\/v2\/categories?post=44651"},{"taxonomy":"post_tag","embeddable":true,"href":"https:\/\/juntscontraelcancer.cat\/es\/wp-json\/wp\/v2\/tags?post=44651"}],"curies":[{"name":"wp","href":"https:\/\/api.w.org\/{rel}","templated":true}]}}