{"id":44647,"date":"2026-09-02T10:23:26","date_gmt":"2026-09-02T08:23:26","guid":{"rendered":"https:\/\/juntscontraelcancer.cat\/el-sitio-web-despres-del-cancer-estrena-nueva-imagen\/"},"modified":"2026-09-02T11:00:07","modified_gmt":"2026-09-02T09:00:07","slug":"el-sitio-web-despres-del-cancer-estrena-nueva-imagen","status":"publish","type":"post","link":"https:\/\/juntscontraelcancer.cat\/es\/el-sitio-web-despres-del-cancer-estrena-nueva-imagen\/","title":{"rendered":"El sitio web &#8216;Despr\u00e9s del c\u00e0ncer&#8217; estrena nueva imagen"},"content":{"rendered":"\n<p class=\"wp-block-paragraph\"><strong>La FECEC Junts contra el C\u00e0ncer ha renovado el sitio web <a href=\"https:\/\/despresdelcancer.cat\/es\/\">&#8216;Despr\u00e9s del c\u00e0ncer&#8217;<\/a> con una nueva interfaz m\u00e1s moderna, pero manteniendo la esencia de este espacio para las personas que han superado o cronificado la enfermedad.<\/strong><br\/><\/p>\n\n<p class=\"wp-block-paragraph\"><a href=\"https:\/\/despresdelcancer.cat\/es\/\">Despresdelcancer.cat<\/a> naci\u00f3 en 2017 como un repositorio de art\u00edculos, testimonios y servicios para ayudar a las personas que han finalizado su proceso oncol\u00f3gico y a las que se les abre una etapa llena de incertidumbres, dudas y miedos. El sitio web, subdividido en diferentes espacios, incluye informaci\u00f3n y consejos sobre c\u00f3mo se puede encontrar el paciente (cambios f\u00edsicos, emocionales y relacionales), c\u00f3mo cuidarse (alimentaci\u00f3n, actividad f\u00edsica, h\u00e1bitos saludables, etc.), c\u00f3mo organizarse, qu\u00e9 servicios de las entidades de la FECEC Junts contra el C\u00e1ncer tienen disponibles y toda una serie de testimonios de personas que han superado la enfermedad y que explican su experiencia.<br\/><\/p>\n\n<p class=\"wp-block-paragraph\">El sitio web est\u00e1 disponible en catal\u00e1n y castellano. <a href=\"https:\/\/despresdelcancer.cat\/es\/\"><strong>Accede ahora<\/strong><\/a>, si todav\u00eda no lo has hecho, si t\u00fa o alg\u00fan familiar tuyo ha superado la enfermedad.<br\/><\/p>\n","protected":false},"excerpt":{"rendered":"<p>La FECEC Junts contra el C\u00e0ncer ha renovado el sitio web &#8216;Despr\u00e9s del c\u00e0ncer&#8217; con una nueva interfaz m\u00e1s moderna, pero manteniendo la esencia de este espacio para las personas que han superado o cronificado la enfermedad.<\/p>\n","protected":false},"author":2,"featured_media":44646,"comment_status":"closed","ping_status":"closed","sticky":false,"template":"","format":"standard","meta":{"_acf_changed":false,"inline_featured_image":false,"footnotes":""},"categories":[84,86],"tags":[],"class_list":["post-44647","post","type-post","status-publish","format-standard","has-post-thumbnail","hentry","category-actualidad","category-destacadas"],"acf":[],"yoast_head":"<!-- This site is optimized with the Yoast SEO plugin v28.3 - https:\/\/yoast.com\/product\/yoast-seo-wordpress\/ -->\n<title>El sitio web &#039;Despr\u00e9s del c\u00e0ncer&#039; estrena nueva imagen - Junts contra el c\u00e0ncer - FECEC<\/title>\n<meta name=\"robots\" content=\"index, follow, max-snippet:-1, max-image-preview:large, max-video-preview:-1\" \/>\n<link rel=\"canonical\" href=\"https:\/\/juntscontraelcancer.cat\/es\/el-sitio-web-despres-del-cancer-estrena-nueva-imagen\/\" \/>\n<meta property=\"og:locale\" content=\"es_ES\" \/>\n<meta property=\"og:type\" content=\"article\" \/>\n<meta property=\"og:title\" content=\"El sitio web &#039;Despr\u00e9s del c\u00e0ncer&#039; estrena nueva imagen - Junts contra el c\u00e0ncer - FECEC\" \/>\n<meta property=\"og:description\" content=\"La FECEC Junts contra el C\u00e0ncer ha renovado el sitio web &#039;Despr\u00e9s del c\u00e0ncer&#039; con una nueva interfaz m\u00e1s moderna, pero manteniendo la esencia de este espacio para las personas que han superado o cronificado la enfermedad.\" \/>\n<meta property=\"og:url\" content=\"https:\/\/juntscontraelcancer.cat\/es\/el-sitio-web-despres-del-cancer-estrena-nueva-imagen\/\" \/>\n<meta property=\"og:site_name\" content=\"Junts contra el c\u00e0ncer - FECEC\" \/>\n<meta property=\"article:publisher\" content=\"https:\/\/www.facebook.com\/fecec.federacio\/\" \/>\n<meta property=\"article:published_time\" content=\"2026-09-02T08:23:26+00:00\" \/>\n<meta property=\"article:modified_time\" content=\"2026-09-02T09:00:07+00:00\" \/>\n<meta property=\"og:image\" content=\"https:\/\/juntscontraelcancer.cat\/wp-content\/uploads\/2026\/08\/despresdelcancer-web-nova.png\" \/>\n\t<meta property=\"og:image:width\" content=\"1600\" \/>\n\t<meta property=\"og:image:height\" content=\"900\" \/>\n\t<meta property=\"og:image:type\" content=\"image\/png\" \/>\n<meta name=\"author\" content=\"FECEC Comunicaci\u00f3\" \/>\n<meta name=\"twitter:card\" content=\"summary_large_image\" \/>\n<meta name=\"twitter:creator\" content=\"@FececFederacio\" \/>\n<meta name=\"twitter:site\" content=\"@FececFederacio\" \/>\n<meta name=\"twitter:label1\" content=\"Escrito por\" \/>\n\t<meta name=\"twitter:data1\" content=\"FECEC Comunicaci\u00f3\" \/>\n\t<meta name=\"twitter:label2\" content=\"Tiempo de lectura\" \/>\n\t<meta name=\"twitter:data2\" content=\"1 minuto\" \/>\n<script type=\"application\/ld+json\" class=\"yoast-schema-graph\">{\"@context\":\"https:\\\/\\\/schema.org\",\"@graph\":[{\"@type\":\"Article\",\"@id\":\"https:\\\/\\\/juntscontraelcancer.cat\\\/es\\\/el-sitio-web-despres-del-cancer-estrena-nueva-imagen\\\/#article\",\"isPartOf\":{\"@id\":\"https:\\\/\\\/juntscontraelcancer.cat\\\/es\\\/el-sitio-web-despres-del-cancer-estrena-nueva-imagen\\\/\"},\"author\":{\"name\":\"FECEC Comunicaci\u00f3\",\"@id\":\"https:\\\/\\\/juntscontraelcancer.cat\\\/es\\\/#\\\/schema\\\/person\\\/2bba6ee197504983c335d560850ec148\"},\"headline\":\"El sitio web &#8216;Despr\u00e9s del c\u00e0ncer&#8217; estrena nueva imagen\",\"datePublished\":\"2026-09-02T08:23:26+00:00\",\"dateModified\":\"2026-09-02T09:00:07+00:00\",\"mainEntityOfPage\":{\"@id\":\"https:\\\/\\\/juntscontraelcancer.cat\\\/es\\\/el-sitio-web-despres-del-cancer-estrena-nueva-imagen\\\/\"},\"wordCount\":196,\"publisher\":{\"@id\":\"https:\\\/\\\/juntscontraelcancer.cat\\\/es\\\/#organization\"},\"image\":{\"@id\":\"https:\\\/\\\/juntscontraelcancer.cat\\\/es\\\/el-sitio-web-despres-del-cancer-estrena-nueva-imagen\\\/#primaryimage\"},\"thumbnailUrl\":\"https:\\\/\\\/juntscontraelcancer.cat\\\/wp-content\\\/uploads\\\/2026\\\/09\\\/dc_cast.png\",\"articleSection\":[\"Actualidad\",\"Destacadas\"],\"inLanguage\":\"es\"},{\"@type\":\"WebPage\",\"@id\":\"https:\\\/\\\/juntscontraelcancer.cat\\\/es\\\/el-sitio-web-despres-del-cancer-estrena-nueva-imagen\\\/\",\"url\":\"https:\\\/\\\/juntscontraelcancer.cat\\\/es\\\/el-sitio-web-despres-del-cancer-estrena-nueva-imagen\\\/\",\"name\":\"El sitio web 'Despr\u00e9s del c\u00e0ncer' estrena nueva imagen - Junts contra el c\u00e0ncer - FECEC\",\"isPartOf\":{\"@id\":\"https:\\\/\\\/juntscontraelcancer.cat\\\/es\\\/#website\"},\"primaryImageOfPage\":{\"@id\":\"https:\\\/\\\/juntscontraelcancer.cat\\\/es\\\/el-sitio-web-despres-del-cancer-estrena-nueva-imagen\\\/#primaryimage\"},\"image\":{\"@id\":\"https:\\\/\\\/juntscontraelcancer.cat\\\/es\\\/el-sitio-web-despres-del-cancer-estrena-nueva-imagen\\\/#primaryimage\"},\"thumbnailUrl\":\"https:\\\/\\\/juntscontraelcancer.cat\\\/wp-content\\\/uploads\\\/2026\\\/09\\\/dc_cast.png\",\"datePublished\":\"2026-09-02T08:23:26+00:00\",\"dateModified\":\"2026-09-02T09:00:07+00:00\",\"breadcrumb\":{\"@id\":\"https:\\\/\\\/juntscontraelcancer.cat\\\/es\\\/el-sitio-web-despres-del-cancer-estrena-nueva-imagen\\\/#breadcrumb\"},\"inLanguage\":\"es\",\"potentialAction\":[{\"@type\":\"ReadAction\",\"target\":[\"https:\\\/\\\/juntscontraelcancer.cat\\\/es\\\/el-sitio-web-despres-del-cancer-estrena-nueva-imagen\\\/\"]}]},{\"@type\":\"ImageObject\",\"inLanguage\":\"es\",\"@id\":\"https:\\\/\\\/juntscontraelcancer.cat\\\/es\\\/el-sitio-web-despres-del-cancer-estrena-nueva-imagen\\\/#primaryimage\",\"url\":\"https:\\\/\\\/juntscontraelcancer.cat\\\/wp-content\\\/uploads\\\/2026\\\/09\\\/dc_cast.png\",\"contentUrl\":\"https:\\\/\\\/juntscontraelcancer.cat\\\/wp-content\\\/uploads\\\/2026\\\/09\\\/dc_cast.png\",\"width\":1477,\"height\":787},{\"@type\":\"BreadcrumbList\",\"@id\":\"https:\\\/\\\/juntscontraelcancer.cat\\\/es\\\/el-sitio-web-despres-del-cancer-estrena-nueva-imagen\\\/#breadcrumb\",\"itemListElement\":[{\"@type\":\"ListItem\",\"position\":1,\"name\":\"Inicio\",\"item\":\"https:\\\/\\\/juntscontraelcancer.cat\\\/es\\\/\"},{\"@type\":\"ListItem\",\"position\":2,\"name\":\"El sitio web &#8216;Despr\u00e9s del c\u00e0ncer&#8217; estrena nueva imagen\"}]},{\"@type\":\"WebSite\",\"@id\":\"https:\\\/\\\/juntscontraelcancer.cat\\\/es\\\/#website\",\"url\":\"https:\\\/\\\/juntscontraelcancer.cat\\\/es\\\/\",\"name\":\"Junts contra el c\u00e0ncer - FECEC\",\"description\":\"\",\"publisher\":{\"@id\":\"https:\\\/\\\/juntscontraelcancer.cat\\\/es\\\/#organization\"},\"potentialAction\":[{\"@type\":\"SearchAction\",\"target\":{\"@type\":\"EntryPoint\",\"urlTemplate\":\"https:\\\/\\\/juntscontraelcancer.cat\\\/es\\\/?s={search_term_string}\"},\"query-input\":{\"@type\":\"PropertyValueSpecification\",\"valueRequired\":true,\"valueName\":\"search_term_string\"}}],\"inLanguage\":\"es\"},{\"@type\":\"Organization\",\"@id\":\"https:\\\/\\\/juntscontraelcancer.cat\\\/es\\\/#organization\",\"name\":\"Junts contra el c\u00e0ncer - FECEC\",\"url\":\"https:\\\/\\\/juntscontraelcancer.cat\\\/es\\\/\",\"logo\":{\"@type\":\"ImageObject\",\"inLanguage\":\"es\",\"@id\":\"https:\\\/\\\/juntscontraelcancer.cat\\\/es\\\/#\\\/schema\\\/logo\\\/image\\\/\",\"url\":\"https:\\\/\\\/juntscontraelcancer.cat\\\/wp-content\\\/uploads\\\/2023\\\/01\\\/logo-fecec-header.png\",\"contentUrl\":\"https:\\\/\\\/juntscontraelcancer.cat\\\/wp-content\\\/uploads\\\/2023\\\/01\\\/logo-fecec-header.png\",\"width\":126,\"height\":74,\"caption\":\"Junts contra el c\u00e0ncer - FECEC\"},\"image\":{\"@id\":\"https:\\\/\\\/juntscontraelcancer.cat\\\/es\\\/#\\\/schema\\\/logo\\\/image\\\/\"},\"sameAs\":[\"https:\\\/\\\/www.facebook.com\\\/fecec.federacio\\\/\",\"https:\\\/\\\/x.com\\\/FececFederacio\",\"https:\\\/\\\/www.instagram.com\\\/fececfederacio\\\/?hl=es\",\"https:\\\/\\\/www.youtube.com\\\/channel\\\/UCgAC_6c6hmHwMQhSCQyYBdA\"]},{\"@type\":\"Person\",\"@id\":\"https:\\\/\\\/juntscontraelcancer.cat\\\/es\\\/#\\\/schema\\\/person\\\/2bba6ee197504983c335d560850ec148\",\"name\":\"FECEC Comunicaci\u00f3\",\"image\":{\"@type\":\"ImageObject\",\"inLanguage\":\"es\",\"@id\":\"https:\\\/\\\/secure.gravatar.com\\\/avatar\\\/afa7129fad37df4be85b472c53d2039388784444579f67ca35ddbc83bfae2fd0?s=96&d=mm&r=g\",\"url\":\"https:\\\/\\\/secure.gravatar.com\\\/avatar\\\/afa7129fad37df4be85b472c53d2039388784444579f67ca35ddbc83bfae2fd0?s=96&d=mm&r=g\",\"contentUrl\":\"https:\\\/\\\/secure.gravatar.com\\\/avatar\\\/afa7129fad37df4be85b472c53d2039388784444579f67ca35ddbc83bfae2fd0?s=96&d=mm&r=g\",\"caption\":\"FECEC Comunicaci\u00f3\"}}]}<\/script>\n<!-- \/ Yoast SEO plugin. -->","yoast_head_json":{"title":"El sitio web 'Despr\u00e9s del c\u00e0ncer' estrena nueva imagen - Junts contra el c\u00e0ncer - FECEC","robots":{"index":"index","follow":"follow","max-snippet":"max-snippet:-1","max-image-preview":"max-image-preview:large","max-video-preview":"max-video-preview:-1"},"canonical":"https:\/\/juntscontraelcancer.cat\/es\/el-sitio-web-despres-del-cancer-estrena-nueva-imagen\/","og_locale":"es_ES","og_type":"article","og_title":"El sitio web 'Despr\u00e9s del c\u00e0ncer' estrena nueva imagen - Junts contra el c\u00e0ncer - FECEC","og_description":"La FECEC Junts contra el C\u00e0ncer ha renovado el sitio web 'Despr\u00e9s del c\u00e0ncer' con una nueva interfaz m\u00e1s moderna, pero manteniendo la esencia de este espacio para las personas que han superado o cronificado la enfermedad.","og_url":"https:\/\/juntscontraelcancer.cat\/es\/el-sitio-web-despres-del-cancer-estrena-nueva-imagen\/","og_site_name":"Junts contra el c\u00e0ncer - FECEC","article_publisher":"https:\/\/www.facebook.com\/fecec.federacio\/","article_published_time":"2026-09-02T08:23:26+00:00","article_modified_time":"2026-09-02T09:00:07+00:00","og_image":[{"width":1600,"height":900,"url":"https:\/\/juntscontraelcancer.cat\/wp-content\/uploads\/2026\/08\/despresdelcancer-web-nova.png","type":"image\/png"}],"author":"FECEC Comunicaci\u00f3","twitter_card":"summary_large_image","twitter_creator":"@FececFederacio","twitter_site":"@FececFederacio","twitter_misc":{"Escrito por":"FECEC Comunicaci\u00f3","Tiempo de lectura":"1 minuto"},"schema":{"@context":"https:\/\/schema.org","@graph":[{"@type":"Article","@id":"https:\/\/juntscontraelcancer.cat\/es\/el-sitio-web-despres-del-cancer-estrena-nueva-imagen\/#article","isPartOf":{"@id":"https:\/\/juntscontraelcancer.cat\/es\/el-sitio-web-despres-del-cancer-estrena-nueva-imagen\/"},"author":{"name":"FECEC Comunicaci\u00f3","@id":"https:\/\/juntscontraelcancer.cat\/es\/#\/schema\/person\/2bba6ee197504983c335d560850ec148"},"headline":"El sitio web &#8216;Despr\u00e9s del c\u00e0ncer&#8217; estrena nueva imagen","datePublished":"2026-09-02T08:23:26+00:00","dateModified":"2026-09-02T09:00:07+00:00","mainEntityOfPage":{"@id":"https:\/\/juntscontraelcancer.cat\/es\/el-sitio-web-despres-del-cancer-estrena-nueva-imagen\/"},"wordCount":196,"publisher":{"@id":"https:\/\/juntscontraelcancer.cat\/es\/#organization"},"image":{"@id":"https:\/\/juntscontraelcancer.cat\/es\/el-sitio-web-despres-del-cancer-estrena-nueva-imagen\/#primaryimage"},"thumbnailUrl":"https:\/\/juntscontraelcancer.cat\/wp-content\/uploads\/2026\/09\/dc_cast.png","articleSection":["Actualidad","Destacadas"],"inLanguage":"es"},{"@type":"WebPage","@id":"https:\/\/juntscontraelcancer.cat\/es\/el-sitio-web-despres-del-cancer-estrena-nueva-imagen\/","url":"https:\/\/juntscontraelcancer.cat\/es\/el-sitio-web-despres-del-cancer-estrena-nueva-imagen\/","name":"El sitio web 'Despr\u00e9s del c\u00e0ncer' estrena nueva imagen - Junts contra el c\u00e0ncer - FECEC","isPartOf":{"@id":"https:\/\/juntscontraelcancer.cat\/es\/#website"},"primaryImageOfPage":{"@id":"https:\/\/juntscontraelcancer.cat\/es\/el-sitio-web-despres-del-cancer-estrena-nueva-imagen\/#primaryimage"},"image":{"@id":"https:\/\/juntscontraelcancer.cat\/es\/el-sitio-web-despres-del-cancer-estrena-nueva-imagen\/#primaryimage"},"thumbnailUrl":"https:\/\/juntscontraelcancer.cat\/wp-content\/uploads\/2026\/09\/dc_cast.png","datePublished":"2026-09-02T08:23:26+00:00","dateModified":"2026-09-02T09:00:07+00:00","breadcrumb":{"@id":"https:\/\/juntscontraelcancer.cat\/es\/el-sitio-web-despres-del-cancer-estrena-nueva-imagen\/#breadcrumb"},"inLanguage":"es","potentialAction":[{"@type":"ReadAction","target":["https:\/\/juntscontraelcancer.cat\/es\/el-sitio-web-despres-del-cancer-estrena-nueva-imagen\/"]}]},{"@type":"ImageObject","inLanguage":"es","@id":"https:\/\/juntscontraelcancer.cat\/es\/el-sitio-web-despres-del-cancer-estrena-nueva-imagen\/#primaryimage","url":"https:\/\/juntscontraelcancer.cat\/wp-content\/uploads\/2026\/09\/dc_cast.png","contentUrl":"https:\/\/juntscontraelcancer.cat\/wp-content\/uploads\/2026\/09\/dc_cast.png","width":1477,"height":787},{"@type":"BreadcrumbList","@id":"https:\/\/juntscontraelcancer.cat\/es\/el-sitio-web-despres-del-cancer-estrena-nueva-imagen\/#breadcrumb","itemListElement":[{"@type":"ListItem","position":1,"name":"Inicio","item":"https:\/\/juntscontraelcancer.cat\/es\/"},{"@type":"ListItem","position":2,"name":"El sitio web &#8216;Despr\u00e9s del c\u00e0ncer&#8217; estrena nueva imagen"}]},{"@type":"WebSite","@id":"https:\/\/juntscontraelcancer.cat\/es\/#website","url":"https:\/\/juntscontraelcancer.cat\/es\/","name":"Junts contra el c\u00e0ncer - FECEC","description":"","publisher":{"@id":"https:\/\/juntscontraelcancer.cat\/es\/#organization"},"potentialAction":[{"@type":"SearchAction","target":{"@type":"EntryPoint","urlTemplate":"https:\/\/juntscontraelcancer.cat\/es\/?s={search_term_string}"},"query-input":{"@type":"PropertyValueSpecification","valueRequired":true,"valueName":"search_term_string"}}],"inLanguage":"es"},{"@type":"Organization","@id":"https:\/\/juntscontraelcancer.cat\/es\/#organization","name":"Junts contra el c\u00e0ncer - FECEC","url":"https:\/\/juntscontraelcancer.cat\/es\/","logo":{"@type":"ImageObject","inLanguage":"es","@id":"https:\/\/juntscontraelcancer.cat\/es\/#\/schema\/logo\/image\/","url":"https:\/\/juntscontraelcancer.cat\/wp-content\/uploads\/2023\/01\/logo-fecec-header.png","contentUrl":"https:\/\/juntscontraelcancer.cat\/wp-content\/uploads\/2023\/01\/logo-fecec-header.png","width":126,"height":74,"caption":"Junts contra el c\u00e0ncer - FECEC"},"image":{"@id":"https:\/\/juntscontraelcancer.cat\/es\/#\/schema\/logo\/image\/"},"sameAs":["https:\/\/www.facebook.com\/fecec.federacio\/","https:\/\/x.com\/FececFederacio","https:\/\/www.instagram.com\/fececfederacio\/?hl=es","https:\/\/www.youtube.com\/channel\/UCgAC_6c6hmHwMQhSCQyYBdA"]},{"@type":"Person","@id":"https:\/\/juntscontraelcancer.cat\/es\/#\/schema\/person\/2bba6ee197504983c335d560850ec148","name":"FECEC Comunicaci\u00f3","image":{"@type":"ImageObject","inLanguage":"es","@id":"https:\/\/secure.gravatar.com\/avatar\/afa7129fad37df4be85b472c53d2039388784444579f67ca35ddbc83bfae2fd0?s=96&d=mm&r=g","url":"https:\/\/secure.gravatar.com\/avatar\/afa7129fad37df4be85b472c53d2039388784444579f67ca35ddbc83bfae2fd0?s=96&d=mm&r=g","contentUrl":"https:\/\/secure.gravatar.com\/avatar\/afa7129fad37df4be85b472c53d2039388784444579f67ca35ddbc83bfae2fd0?s=96&d=mm&r=g","caption":"FECEC Comunicaci\u00f3"}}]}},"_links":{"self":[{"href":"https:\/\/juntscontraelcancer.cat\/es\/wp-json\/wp\/v2\/posts\/44647","targetHints":{"allow":["GET"]}}],"collection":[{"href":"https:\/\/juntscontraelcancer.cat\/es\/wp-json\/wp\/v2\/posts"}],"about":[{"href":"https:\/\/juntscontraelcancer.cat\/es\/wp-json\/wp\/v2\/types\/post"}],"author":[{"embeddable":true,"href":"https:\/\/juntscontraelcancer.cat\/es\/wp-json\/wp\/v2\/users\/2"}],"replies":[{"embeddable":true,"href":"https:\/\/juntscontraelcancer.cat\/es\/wp-json\/wp\/v2\/comments?post=44647"}],"version-history":[{"count":1,"href":"https:\/\/juntscontraelcancer.cat\/es\/wp-json\/wp\/v2\/posts\/44647\/revisions"}],"predecessor-version":[{"id":44648,"href":"https:\/\/juntscontraelcancer.cat\/es\/wp-json\/wp\/v2\/posts\/44647\/revisions\/44648"}],"wp:featuredmedia":[{"embeddable":true,"href":"https:\/\/juntscontraelcancer.cat\/es\/wp-json\/wp\/v2\/media\/44646"}],"wp:attachment":[{"href":"https:\/\/juntscontraelcancer.cat\/es\/wp-json\/wp\/v2\/media?parent=44647"}],"wp:term":[{"taxonomy":"category","embeddable":true,"href":"https:\/\/juntscontraelcancer.cat\/es\/wp-json\/wp\/v2\/categories?post=44647"},{"taxonomy":"post_tag","embeddable":true,"href":"https:\/\/juntscontraelcancer.cat\/es\/wp-json\/wp\/v2\/tags?post=44647"}],"curies":[{"name":"wp","href":"https:\/\/api.w.org\/{rel}","templated":true}]}}