{"id":43942,"date":"2026-04-29T11:35:39","date_gmt":"2026-04-29T09:35:39","guid":{"rendered":"https:\/\/juntscontraelcancer.cat\/la-fecec-anima-al-gobierno-estatal-a-alcanzar-un-acuerdo-para-la-reincorporacion-progresiva-al-trabajo-de-las-personas-con-enfermedades-de-larga-duracion\/"},"modified":"2026-04-30T11:28:06","modified_gmt":"2026-04-30T09:28:06","slug":"la-fecec-anima-al-gobierno-estatal-a-alcanzar-un-acuerdo-para-la-reincorporacion-progresiva-al-trabajo-de-las-personas-con-enfermedades-de-larga-duracion","status":"publish","type":"post","link":"https:\/\/juntscontraelcancer.cat\/es\/la-fecec-anima-al-gobierno-estatal-a-alcanzar-un-acuerdo-para-la-reincorporacion-progresiva-al-trabajo-de-las-personas-con-enfermedades-de-larga-duracion\/","title":{"rendered":"La FECEC anima al Gobierno estatal a alcanzar un acuerdo para la reincorporaci\u00f3n progresiva al trabajo de las personas con enfermedades de larga duraci\u00f3n."},"content":{"rendered":"\n<p><strong>Coincidiendo con el D\u00eda Internacional de los Trabajadores, que se celebra el 1 de mayo, la FECEC Junts contra el C\u00e1ncer remarca, una vez m\u00e1s, la importancia de que las personas que se reincorporan al trabajo despu\u00e9s de un proceso oncol\u00f3gico puedan hacerlo de forma progresiva. Esta petici\u00f3n, largamente reclamada por las entidades de atenci\u00f3n a pacientes con c\u00e1ncer, sigue sin estar reflejada en una normativa a nivel estatal.<\/strong><\/p>\n\n<p>Las personas que deben reincorporarse al trabajo despu\u00e9s de una enfermedad como el c\u00e1ncer, en la que la duraci\u00f3n de la baja no se ajusta al tiempo real de recuperaci\u00f3n, afrontan este momento con mucha incertidumbre. A menudo, los efectos derivados de los tratamientos dificultan retomar el ritmo laboral previo al c\u00e1ncer. Por ello, una vuelta progresiva al puesto de trabajo supondr\u00eda un claro beneficio, tanto desde el punto de vista f\u00edsico como emocional.<\/p>\n\n<p><p data-start=\"947\" data-end=\"1384\">Seg\u00fan las conclusiones del <a href=\"https:\/\/juntscontraelcancer.cat\/wp-content\/uploads\/2024\/10\/DEFINITIU_1er_Barometro_de_cancer_y_trabajo_en_Espana_2024_es.pdf\" target=\"_blank\" rel=\"noopener\">1er Bar\u00f3metro C\u00e1ncer y Trabajo en Espa\u00f1a<\/a>, impulsado por la Federaci\u00f3n Catalana de Entidades contra el C\u00e1ncer (FECEC) y publicado en 2024, un 45% de las personas diagnosticadas de c\u00e1ncer no ha realizado un retorno progresivo a su puesto de trabajo una vez finalizado su tratamiento, a pesar de que a la mayor\u00eda le hubiera gustado hacerlo. Aquellas que han realizado un retorno progresivo lo consideran positivo.<\/p><\/p>\n\n<p>Como destaca <strong>la gerente de la FECEC, Clara Ros\u00e0s<\/strong>, <em>\u00abEspa\u00f1a todav\u00eda no dispone de un marco legal para el retorno progresivo al trabajo despu\u00e9s del c\u00e1ncer. Esta vuelta gradual al puesto de trabajo deber\u00eda estar regulada por ley para garantizar que todos los trabajadores y trabajadoras tengan las mismas oportunidades\u00bb.<\/em><\/p>\n\n<p>Asimismo, la FECEC Junts contra el C\u00e1ncer sigue considerando imprescindible dotar a las empresas de los recursos necesarios para implantar un protocolo de gesti\u00f3n del impacto del c\u00e1ncer en las organizaciones. Del mismo modo, recomienda que los convenios colectivos incluyan cl\u00e1usulas para garantizar la reincorporaci\u00f3n progresiva al trabajo de las personas que hayan superado un c\u00e1ncer. Como <strong>comenta la presidenta de la FECEC, Maria Assumpci\u00f3 Vil\u00e0<\/strong>, <em>\u00abEs esencial sensibilizar a las empresas y proporcionarles las herramientas adecuadas para una gesti\u00f3n responsable del impacto del c\u00e1ncer dentro de las organizaciones\u00bb.<\/em><\/p>\n\n<p><strong>Las negociaciones del Gobierno de Espa\u00f1a para la regulaci\u00f3n del retorno progresivo<\/strong><\/p>\n\n<p>El Ministerio de Inclusi\u00f3n, Seguridad Social y Migraciones anunci\u00f3 en 2024 el inicio de las negociaciones con la patronal y los sindicatos para la elaboraci\u00f3n de una ley que regule un modelo de reincorporaci\u00f3n progresiva para bajas laborales largas (m\u00e1s de 180 d\u00edas), permitiendo un retorno gradual al trabajo, como por ejemplo media jornada durante 30 d\u00edas, sin reducci\u00f3n del salario y con el apoyo del equipo m\u00e9dico del paciente. A finales del pasado mes de marzo se confirm\u00f3 que el c\u00e1ncer ser\u00eda una de las enfermedades incluidas en esta nueva ley. Sin embargo, las diferentes discrepancias con los agentes sociales respecto a, entre otras cuestiones, la falta de inclusi\u00f3n de la adaptaci\u00f3n del puesto de trabajo a la nueva situaci\u00f3n de los pacientes, hacen que las negociaciones avancen lentamente. Adem\u00e1s, las asociaciones de pacientes consideran que los 30 d\u00edas propuestos por el Ministerio son insuficientes para la total adaptaci\u00f3n del paciente en su retorno laboral.<\/p>\n\n<p>En este sentido, la FECEC Junts contra el C\u00e0ncer celebra que estas conversaciones se mantengan y que el retorno progresivo al trabajo se haya incluido en la agenda pol\u00edtica, tal y como lleva tiempo reclamando. Sin embargo, la entidad considera necesario y reclama al Ministerio que encabeza Elma Saiz que se concreten los detalles de la propuesta y que se avance para poder legislar el retorno progresivo al trabajo lo antes posible.<\/p>\n","protected":false},"excerpt":{"rendered":"<p>Coincidiendo con el D\u00eda Internacional de los Trabajadores, que se celebra el 1 de mayo, la FECEC Junts contra el C\u00e0ncer remarca, una vez m\u00e1s, la importancia de que las personas que se reincorporan al trabajo despu\u00e9s de un proceso oncol\u00f3gico puedan hacerlo de forma progresiva. Esta petici\u00f3n, largamente reclamada por las entidades de atenci\u00f3n a pacientes con c\u00e1ncer, sigue sin estar reflejada en una normativa a nivel estatal.<\/p>\n","protected":false},"author":2,"featured_media":43941,"comment_status":"closed","ping_status":"closed","sticky":false,"template":"","format":"standard","meta":{"_acf_changed":false,"inline_featured_image":false,"footnotes":""},"categories":[84,86],"tags":[203,186],"class_list":["post-43942","post","type-post","status-publish","format-standard","has-post-thumbnail","hentry","category-actualidad","category-destacadas","tag-dretspacients","tag-incidencia-es"],"acf":[],"yoast_head":"<!-- This site is optimized with the Yoast SEO plugin v27.3 - https:\/\/yoast.com\/product\/yoast-seo-wordpress\/ -->\n<title>La FECEC anima al Gobierno estatal a alcanzar un acuerdo para la reincorporaci\u00f3n progresiva al trabajo de las personas con enfermedades de larga duraci\u00f3n. - Junts contra el c\u00e0ncer - FECEC<\/title>\n<meta name=\"robots\" content=\"index, follow, max-snippet:-1, max-image-preview:large, max-video-preview:-1\" \/>\n<link rel=\"canonical\" href=\"https:\/\/juntscontraelcancer.cat\/es\/la-fecec-anima-al-gobierno-estatal-a-alcanzar-un-acuerdo-para-la-reincorporacion-progresiva-al-trabajo-de-las-personas-con-enfermedades-de-larga-duracion\/\" \/>\n<meta property=\"og:locale\" content=\"es_ES\" \/>\n<meta property=\"og:type\" content=\"article\" \/>\n<meta property=\"og:title\" content=\"La FECEC anima al Gobierno estatal a alcanzar un acuerdo para la reincorporaci\u00f3n progresiva al trabajo de las personas con enfermedades de larga duraci\u00f3n. - Junts contra el c\u00e0ncer - FECEC\" \/>\n<meta property=\"og:description\" content=\"Coincidiendo con el D\u00eda Internacional de los Trabajadores, que se celebra el 1 de mayo, la FECEC Junts contra el C\u00e0ncer remarca, una vez m\u00e1s, la importancia de que las personas que se reincorporan al trabajo despu\u00e9s de un proceso oncol\u00f3gico puedan hacerlo de forma progresiva. Esta petici\u00f3n, largamente reclamada por las entidades de atenci\u00f3n a pacientes con c\u00e1ncer, sigue sin estar reflejada en una normativa a nivel estatal.\" \/>\n<meta property=\"og:url\" content=\"https:\/\/juntscontraelcancer.cat\/es\/la-fecec-anima-al-gobierno-estatal-a-alcanzar-un-acuerdo-para-la-reincorporacion-progresiva-al-trabajo-de-las-personas-con-enfermedades-de-larga-duracion\/\" \/>\n<meta property=\"og:site_name\" content=\"Junts contra el c\u00e0ncer - FECEC\" \/>\n<meta property=\"article:publisher\" content=\"https:\/\/www.facebook.com\/fecec.federacio\/\" \/>\n<meta property=\"article:published_time\" content=\"2026-04-29T09:35:39+00:00\" \/>\n<meta property=\"article:modified_time\" content=\"2026-04-30T09:28:06+00:00\" \/>\n<meta property=\"og:image\" content=\"https:\/\/juntscontraelcancer.cat\/wp-content\/uploads\/2026\/04\/Dia-internacional-treballadors-2026.png\" \/>\n\t<meta property=\"og:image:width\" content=\"1600\" \/>\n\t<meta property=\"og:image:height\" content=\"900\" \/>\n\t<meta property=\"og:image:type\" content=\"image\/png\" \/>\n<meta name=\"author\" content=\"FECEC Comunicaci\u00f3\" \/>\n<meta name=\"twitter:card\" content=\"summary_large_image\" \/>\n<meta name=\"twitter:creator\" content=\"@FececFederacio\" \/>\n<meta name=\"twitter:site\" content=\"@FececFederacio\" \/>\n<meta name=\"twitter:label1\" content=\"Escrito por\" \/>\n\t<meta name=\"twitter:data1\" content=\"FECEC Comunicaci\u00f3\" \/>\n\t<meta name=\"twitter:label2\" content=\"Tiempo de lectura\" \/>\n\t<meta name=\"twitter:data2\" content=\"3 minutos\" \/>\n<script type=\"application\/ld+json\" class=\"yoast-schema-graph\">{\"@context\":\"https:\\\/\\\/schema.org\",\"@graph\":[{\"@type\":\"Article\",\"@id\":\"https:\\\/\\\/juntscontraelcancer.cat\\\/es\\\/la-fecec-anima-al-gobierno-estatal-a-alcanzar-un-acuerdo-para-la-reincorporacion-progresiva-al-trabajo-de-las-personas-con-enfermedades-de-larga-duracion\\\/#article\",\"isPartOf\":{\"@id\":\"https:\\\/\\\/juntscontraelcancer.cat\\\/es\\\/la-fecec-anima-al-gobierno-estatal-a-alcanzar-un-acuerdo-para-la-reincorporacion-progresiva-al-trabajo-de-las-personas-con-enfermedades-de-larga-duracion\\\/\"},\"author\":{\"name\":\"FECEC Comunicaci\u00f3\",\"@id\":\"https:\\\/\\\/juntscontraelcancer.cat\\\/es\\\/#\\\/schema\\\/person\\\/2bba6ee197504983c335d560850ec148\"},\"headline\":\"La FECEC anima al Gobierno estatal a alcanzar un acuerdo para la reincorporaci\u00f3n progresiva al trabajo de las personas con enfermedades de larga duraci\u00f3n.\",\"datePublished\":\"2026-04-29T09:35:39+00:00\",\"dateModified\":\"2026-04-30T09:28:06+00:00\",\"mainEntityOfPage\":{\"@id\":\"https:\\\/\\\/juntscontraelcancer.cat\\\/es\\\/la-fecec-anima-al-gobierno-estatal-a-alcanzar-un-acuerdo-para-la-reincorporacion-progresiva-al-trabajo-de-las-personas-con-enfermedades-de-larga-duracion\\\/\"},\"wordCount\":669,\"publisher\":{\"@id\":\"https:\\\/\\\/juntscontraelcancer.cat\\\/es\\\/#organization\"},\"image\":{\"@id\":\"https:\\\/\\\/juntscontraelcancer.cat\\\/es\\\/la-fecec-anima-al-gobierno-estatal-a-alcanzar-un-acuerdo-para-la-reincorporacion-progresiva-al-trabajo-de-las-personas-con-enfermedades-de-larga-duracion\\\/#primaryimage\"},\"thumbnailUrl\":\"https:\\\/\\\/juntscontraelcancer.cat\\\/wp-content\\\/uploads\\\/2026\\\/04\\\/dia-trabajadores.png\",\"keywords\":[\"dretspacients\",\"incid\u00e8ncia\"],\"articleSection\":[\"Actualidad\",\"Destacadas\"],\"inLanguage\":\"es\"},{\"@type\":\"WebPage\",\"@id\":\"https:\\\/\\\/juntscontraelcancer.cat\\\/es\\\/la-fecec-anima-al-gobierno-estatal-a-alcanzar-un-acuerdo-para-la-reincorporacion-progresiva-al-trabajo-de-las-personas-con-enfermedades-de-larga-duracion\\\/\",\"url\":\"https:\\\/\\\/juntscontraelcancer.cat\\\/es\\\/la-fecec-anima-al-gobierno-estatal-a-alcanzar-un-acuerdo-para-la-reincorporacion-progresiva-al-trabajo-de-las-personas-con-enfermedades-de-larga-duracion\\\/\",\"name\":\"La FECEC anima al Gobierno estatal a alcanzar un acuerdo para la reincorporaci\u00f3n progresiva al trabajo de las personas con enfermedades de larga duraci\u00f3n. - Junts contra el c\u00e0ncer - FECEC\",\"isPartOf\":{\"@id\":\"https:\\\/\\\/juntscontraelcancer.cat\\\/es\\\/#website\"},\"primaryImageOfPage\":{\"@id\":\"https:\\\/\\\/juntscontraelcancer.cat\\\/es\\\/la-fecec-anima-al-gobierno-estatal-a-alcanzar-un-acuerdo-para-la-reincorporacion-progresiva-al-trabajo-de-las-personas-con-enfermedades-de-larga-duracion\\\/#primaryimage\"},\"image\":{\"@id\":\"https:\\\/\\\/juntscontraelcancer.cat\\\/es\\\/la-fecec-anima-al-gobierno-estatal-a-alcanzar-un-acuerdo-para-la-reincorporacion-progresiva-al-trabajo-de-las-personas-con-enfermedades-de-larga-duracion\\\/#primaryimage\"},\"thumbnailUrl\":\"https:\\\/\\\/juntscontraelcancer.cat\\\/wp-content\\\/uploads\\\/2026\\\/04\\\/dia-trabajadores.png\",\"datePublished\":\"2026-04-29T09:35:39+00:00\",\"dateModified\":\"2026-04-30T09:28:06+00:00\",\"breadcrumb\":{\"@id\":\"https:\\\/\\\/juntscontraelcancer.cat\\\/es\\\/la-fecec-anima-al-gobierno-estatal-a-alcanzar-un-acuerdo-para-la-reincorporacion-progresiva-al-trabajo-de-las-personas-con-enfermedades-de-larga-duracion\\\/#breadcrumb\"},\"inLanguage\":\"es\",\"potentialAction\":[{\"@type\":\"ReadAction\",\"target\":[\"https:\\\/\\\/juntscontraelcancer.cat\\\/es\\\/la-fecec-anima-al-gobierno-estatal-a-alcanzar-un-acuerdo-para-la-reincorporacion-progresiva-al-trabajo-de-las-personas-con-enfermedades-de-larga-duracion\\\/\"]}]},{\"@type\":\"ImageObject\",\"inLanguage\":\"es\",\"@id\":\"https:\\\/\\\/juntscontraelcancer.cat\\\/es\\\/la-fecec-anima-al-gobierno-estatal-a-alcanzar-un-acuerdo-para-la-reincorporacion-progresiva-al-trabajo-de-las-personas-con-enfermedades-de-larga-duracion\\\/#primaryimage\",\"url\":\"https:\\\/\\\/juntscontraelcancer.cat\\\/wp-content\\\/uploads\\\/2026\\\/04\\\/dia-trabajadores.png\",\"contentUrl\":\"https:\\\/\\\/juntscontraelcancer.cat\\\/wp-content\\\/uploads\\\/2026\\\/04\\\/dia-trabajadores.png\",\"width\":1600,\"height\":900},{\"@type\":\"BreadcrumbList\",\"@id\":\"https:\\\/\\\/juntscontraelcancer.cat\\\/es\\\/la-fecec-anima-al-gobierno-estatal-a-alcanzar-un-acuerdo-para-la-reincorporacion-progresiva-al-trabajo-de-las-personas-con-enfermedades-de-larga-duracion\\\/#breadcrumb\",\"itemListElement\":[{\"@type\":\"ListItem\",\"position\":1,\"name\":\"Inicio\",\"item\":\"https:\\\/\\\/juntscontraelcancer.cat\\\/es\\\/\"},{\"@type\":\"ListItem\",\"position\":2,\"name\":\"La FECEC anima al Gobierno estatal a alcanzar un acuerdo para la reincorporaci\u00f3n progresiva al trabajo de las personas con enfermedades de larga duraci\u00f3n.\"}]},{\"@type\":\"WebSite\",\"@id\":\"https:\\\/\\\/juntscontraelcancer.cat\\\/es\\\/#website\",\"url\":\"https:\\\/\\\/juntscontraelcancer.cat\\\/es\\\/\",\"name\":\"Junts contra el c\u00e0ncer - FECEC\",\"description\":\"\",\"publisher\":{\"@id\":\"https:\\\/\\\/juntscontraelcancer.cat\\\/es\\\/#organization\"},\"potentialAction\":[{\"@type\":\"SearchAction\",\"target\":{\"@type\":\"EntryPoint\",\"urlTemplate\":\"https:\\\/\\\/juntscontraelcancer.cat\\\/es\\\/?s={search_term_string}\"},\"query-input\":{\"@type\":\"PropertyValueSpecification\",\"valueRequired\":true,\"valueName\":\"search_term_string\"}}],\"inLanguage\":\"es\"},{\"@type\":\"Organization\",\"@id\":\"https:\\\/\\\/juntscontraelcancer.cat\\\/es\\\/#organization\",\"name\":\"Junts contra el c\u00e0ncer - FECEC\",\"url\":\"https:\\\/\\\/juntscontraelcancer.cat\\\/es\\\/\",\"logo\":{\"@type\":\"ImageObject\",\"inLanguage\":\"es\",\"@id\":\"https:\\\/\\\/juntscontraelcancer.cat\\\/es\\\/#\\\/schema\\\/logo\\\/image\\\/\",\"url\":\"https:\\\/\\\/juntscontraelcancer.cat\\\/wp-content\\\/uploads\\\/2023\\\/01\\\/logo-fecec-header.png\",\"contentUrl\":\"https:\\\/\\\/juntscontraelcancer.cat\\\/wp-content\\\/uploads\\\/2023\\\/01\\\/logo-fecec-header.png\",\"width\":126,\"height\":74,\"caption\":\"Junts contra el c\u00e0ncer - FECEC\"},\"image\":{\"@id\":\"https:\\\/\\\/juntscontraelcancer.cat\\\/es\\\/#\\\/schema\\\/logo\\\/image\\\/\"},\"sameAs\":[\"https:\\\/\\\/www.facebook.com\\\/fecec.federacio\\\/\",\"https:\\\/\\\/x.com\\\/FececFederacio\",\"https:\\\/\\\/www.instagram.com\\\/fececfederacio\\\/?hl=es\",\"https:\\\/\\\/www.youtube.com\\\/channel\\\/UCgAC_6c6hmHwMQhSCQyYBdA\"]},{\"@type\":\"Person\",\"@id\":\"https:\\\/\\\/juntscontraelcancer.cat\\\/es\\\/#\\\/schema\\\/person\\\/2bba6ee197504983c335d560850ec148\",\"name\":\"FECEC Comunicaci\u00f3\",\"image\":{\"@type\":\"ImageObject\",\"inLanguage\":\"es\",\"@id\":\"https:\\\/\\\/secure.gravatar.com\\\/avatar\\\/afa7129fad37df4be85b472c53d2039388784444579f67ca35ddbc83bfae2fd0?s=96&d=mm&r=g\",\"url\":\"https:\\\/\\\/secure.gravatar.com\\\/avatar\\\/afa7129fad37df4be85b472c53d2039388784444579f67ca35ddbc83bfae2fd0?s=96&d=mm&r=g\",\"contentUrl\":\"https:\\\/\\\/secure.gravatar.com\\\/avatar\\\/afa7129fad37df4be85b472c53d2039388784444579f67ca35ddbc83bfae2fd0?s=96&d=mm&r=g\",\"caption\":\"FECEC Comunicaci\u00f3\"}}]}<\/script>\n<!-- \/ Yoast SEO plugin. -->","yoast_head_json":{"title":"La FECEC anima al Gobierno estatal a alcanzar un acuerdo para la reincorporaci\u00f3n progresiva al trabajo de las personas con enfermedades de larga duraci\u00f3n. - Junts contra el c\u00e0ncer - FECEC","robots":{"index":"index","follow":"follow","max-snippet":"max-snippet:-1","max-image-preview":"max-image-preview:large","max-video-preview":"max-video-preview:-1"},"canonical":"https:\/\/juntscontraelcancer.cat\/es\/la-fecec-anima-al-gobierno-estatal-a-alcanzar-un-acuerdo-para-la-reincorporacion-progresiva-al-trabajo-de-las-personas-con-enfermedades-de-larga-duracion\/","og_locale":"es_ES","og_type":"article","og_title":"La FECEC anima al Gobierno estatal a alcanzar un acuerdo para la reincorporaci\u00f3n progresiva al trabajo de las personas con enfermedades de larga duraci\u00f3n. - Junts contra el c\u00e0ncer - FECEC","og_description":"Coincidiendo con el D\u00eda Internacional de los Trabajadores, que se celebra el 1 de mayo, la FECEC Junts contra el C\u00e0ncer remarca, una vez m\u00e1s, la importancia de que las personas que se reincorporan al trabajo despu\u00e9s de un proceso oncol\u00f3gico puedan hacerlo de forma progresiva. Esta petici\u00f3n, largamente reclamada por las entidades de atenci\u00f3n a pacientes con c\u00e1ncer, sigue sin estar reflejada en una normativa a nivel estatal.","og_url":"https:\/\/juntscontraelcancer.cat\/es\/la-fecec-anima-al-gobierno-estatal-a-alcanzar-un-acuerdo-para-la-reincorporacion-progresiva-al-trabajo-de-las-personas-con-enfermedades-de-larga-duracion\/","og_site_name":"Junts contra el c\u00e0ncer - FECEC","article_publisher":"https:\/\/www.facebook.com\/fecec.federacio\/","article_published_time":"2026-04-29T09:35:39+00:00","article_modified_time":"2026-04-30T09:28:06+00:00","og_image":[{"width":1600,"height":900,"url":"https:\/\/juntscontraelcancer.cat\/wp-content\/uploads\/2026\/04\/Dia-internacional-treballadors-2026.png","type":"image\/png"}],"author":"FECEC Comunicaci\u00f3","twitter_card":"summary_large_image","twitter_creator":"@FececFederacio","twitter_site":"@FececFederacio","twitter_misc":{"Escrito por":"FECEC Comunicaci\u00f3","Tiempo de lectura":"3 minutos"},"schema":{"@context":"https:\/\/schema.org","@graph":[{"@type":"Article","@id":"https:\/\/juntscontraelcancer.cat\/es\/la-fecec-anima-al-gobierno-estatal-a-alcanzar-un-acuerdo-para-la-reincorporacion-progresiva-al-trabajo-de-las-personas-con-enfermedades-de-larga-duracion\/#article","isPartOf":{"@id":"https:\/\/juntscontraelcancer.cat\/es\/la-fecec-anima-al-gobierno-estatal-a-alcanzar-un-acuerdo-para-la-reincorporacion-progresiva-al-trabajo-de-las-personas-con-enfermedades-de-larga-duracion\/"},"author":{"name":"FECEC Comunicaci\u00f3","@id":"https:\/\/juntscontraelcancer.cat\/es\/#\/schema\/person\/2bba6ee197504983c335d560850ec148"},"headline":"La FECEC anima al Gobierno estatal a alcanzar un acuerdo para la reincorporaci\u00f3n progresiva al trabajo de las personas con enfermedades de larga duraci\u00f3n.","datePublished":"2026-04-29T09:35:39+00:00","dateModified":"2026-04-30T09:28:06+00:00","mainEntityOfPage":{"@id":"https:\/\/juntscontraelcancer.cat\/es\/la-fecec-anima-al-gobierno-estatal-a-alcanzar-un-acuerdo-para-la-reincorporacion-progresiva-al-trabajo-de-las-personas-con-enfermedades-de-larga-duracion\/"},"wordCount":669,"publisher":{"@id":"https:\/\/juntscontraelcancer.cat\/es\/#organization"},"image":{"@id":"https:\/\/juntscontraelcancer.cat\/es\/la-fecec-anima-al-gobierno-estatal-a-alcanzar-un-acuerdo-para-la-reincorporacion-progresiva-al-trabajo-de-las-personas-con-enfermedades-de-larga-duracion\/#primaryimage"},"thumbnailUrl":"https:\/\/juntscontraelcancer.cat\/wp-content\/uploads\/2026\/04\/dia-trabajadores.png","keywords":["dretspacients","incid\u00e8ncia"],"articleSection":["Actualidad","Destacadas"],"inLanguage":"es"},{"@type":"WebPage","@id":"https:\/\/juntscontraelcancer.cat\/es\/la-fecec-anima-al-gobierno-estatal-a-alcanzar-un-acuerdo-para-la-reincorporacion-progresiva-al-trabajo-de-las-personas-con-enfermedades-de-larga-duracion\/","url":"https:\/\/juntscontraelcancer.cat\/es\/la-fecec-anima-al-gobierno-estatal-a-alcanzar-un-acuerdo-para-la-reincorporacion-progresiva-al-trabajo-de-las-personas-con-enfermedades-de-larga-duracion\/","name":"La FECEC anima al Gobierno estatal a alcanzar un acuerdo para la reincorporaci\u00f3n progresiva al trabajo de las personas con enfermedades de larga duraci\u00f3n. - Junts contra el c\u00e0ncer - FECEC","isPartOf":{"@id":"https:\/\/juntscontraelcancer.cat\/es\/#website"},"primaryImageOfPage":{"@id":"https:\/\/juntscontraelcancer.cat\/es\/la-fecec-anima-al-gobierno-estatal-a-alcanzar-un-acuerdo-para-la-reincorporacion-progresiva-al-trabajo-de-las-personas-con-enfermedades-de-larga-duracion\/#primaryimage"},"image":{"@id":"https:\/\/juntscontraelcancer.cat\/es\/la-fecec-anima-al-gobierno-estatal-a-alcanzar-un-acuerdo-para-la-reincorporacion-progresiva-al-trabajo-de-las-personas-con-enfermedades-de-larga-duracion\/#primaryimage"},"thumbnailUrl":"https:\/\/juntscontraelcancer.cat\/wp-content\/uploads\/2026\/04\/dia-trabajadores.png","datePublished":"2026-04-29T09:35:39+00:00","dateModified":"2026-04-30T09:28:06+00:00","breadcrumb":{"@id":"https:\/\/juntscontraelcancer.cat\/es\/la-fecec-anima-al-gobierno-estatal-a-alcanzar-un-acuerdo-para-la-reincorporacion-progresiva-al-trabajo-de-las-personas-con-enfermedades-de-larga-duracion\/#breadcrumb"},"inLanguage":"es","potentialAction":[{"@type":"ReadAction","target":["https:\/\/juntscontraelcancer.cat\/es\/la-fecec-anima-al-gobierno-estatal-a-alcanzar-un-acuerdo-para-la-reincorporacion-progresiva-al-trabajo-de-las-personas-con-enfermedades-de-larga-duracion\/"]}]},{"@type":"ImageObject","inLanguage":"es","@id":"https:\/\/juntscontraelcancer.cat\/es\/la-fecec-anima-al-gobierno-estatal-a-alcanzar-un-acuerdo-para-la-reincorporacion-progresiva-al-trabajo-de-las-personas-con-enfermedades-de-larga-duracion\/#primaryimage","url":"https:\/\/juntscontraelcancer.cat\/wp-content\/uploads\/2026\/04\/dia-trabajadores.png","contentUrl":"https:\/\/juntscontraelcancer.cat\/wp-content\/uploads\/2026\/04\/dia-trabajadores.png","width":1600,"height":900},{"@type":"BreadcrumbList","@id":"https:\/\/juntscontraelcancer.cat\/es\/la-fecec-anima-al-gobierno-estatal-a-alcanzar-un-acuerdo-para-la-reincorporacion-progresiva-al-trabajo-de-las-personas-con-enfermedades-de-larga-duracion\/#breadcrumb","itemListElement":[{"@type":"ListItem","position":1,"name":"Inicio","item":"https:\/\/juntscontraelcancer.cat\/es\/"},{"@type":"ListItem","position":2,"name":"La FECEC anima al Gobierno estatal a alcanzar un acuerdo para la reincorporaci\u00f3n progresiva al trabajo de las personas con enfermedades de larga duraci\u00f3n."}]},{"@type":"WebSite","@id":"https:\/\/juntscontraelcancer.cat\/es\/#website","url":"https:\/\/juntscontraelcancer.cat\/es\/","name":"Junts contra el c\u00e0ncer - FECEC","description":"","publisher":{"@id":"https:\/\/juntscontraelcancer.cat\/es\/#organization"},"potentialAction":[{"@type":"SearchAction","target":{"@type":"EntryPoint","urlTemplate":"https:\/\/juntscontraelcancer.cat\/es\/?s={search_term_string}"},"query-input":{"@type":"PropertyValueSpecification","valueRequired":true,"valueName":"search_term_string"}}],"inLanguage":"es"},{"@type":"Organization","@id":"https:\/\/juntscontraelcancer.cat\/es\/#organization","name":"Junts contra el c\u00e0ncer - FECEC","url":"https:\/\/juntscontraelcancer.cat\/es\/","logo":{"@type":"ImageObject","inLanguage":"es","@id":"https:\/\/juntscontraelcancer.cat\/es\/#\/schema\/logo\/image\/","url":"https:\/\/juntscontraelcancer.cat\/wp-content\/uploads\/2023\/01\/logo-fecec-header.png","contentUrl":"https:\/\/juntscontraelcancer.cat\/wp-content\/uploads\/2023\/01\/logo-fecec-header.png","width":126,"height":74,"caption":"Junts contra el c\u00e0ncer - FECEC"},"image":{"@id":"https:\/\/juntscontraelcancer.cat\/es\/#\/schema\/logo\/image\/"},"sameAs":["https:\/\/www.facebook.com\/fecec.federacio\/","https:\/\/x.com\/FececFederacio","https:\/\/www.instagram.com\/fececfederacio\/?hl=es","https:\/\/www.youtube.com\/channel\/UCgAC_6c6hmHwMQhSCQyYBdA"]},{"@type":"Person","@id":"https:\/\/juntscontraelcancer.cat\/es\/#\/schema\/person\/2bba6ee197504983c335d560850ec148","name":"FECEC Comunicaci\u00f3","image":{"@type":"ImageObject","inLanguage":"es","@id":"https:\/\/secure.gravatar.com\/avatar\/afa7129fad37df4be85b472c53d2039388784444579f67ca35ddbc83bfae2fd0?s=96&d=mm&r=g","url":"https:\/\/secure.gravatar.com\/avatar\/afa7129fad37df4be85b472c53d2039388784444579f67ca35ddbc83bfae2fd0?s=96&d=mm&r=g","contentUrl":"https:\/\/secure.gravatar.com\/avatar\/afa7129fad37df4be85b472c53d2039388784444579f67ca35ddbc83bfae2fd0?s=96&d=mm&r=g","caption":"FECEC Comunicaci\u00f3"}}]}},"_links":{"self":[{"href":"https:\/\/juntscontraelcancer.cat\/es\/wp-json\/wp\/v2\/posts\/43942","targetHints":{"allow":["GET"]}}],"collection":[{"href":"https:\/\/juntscontraelcancer.cat\/es\/wp-json\/wp\/v2\/posts"}],"about":[{"href":"https:\/\/juntscontraelcancer.cat\/es\/wp-json\/wp\/v2\/types\/post"}],"author":[{"embeddable":true,"href":"https:\/\/juntscontraelcancer.cat\/es\/wp-json\/wp\/v2\/users\/2"}],"replies":[{"embeddable":true,"href":"https:\/\/juntscontraelcancer.cat\/es\/wp-json\/wp\/v2\/comments?post=43942"}],"version-history":[{"count":1,"href":"https:\/\/juntscontraelcancer.cat\/es\/wp-json\/wp\/v2\/posts\/43942\/revisions"}],"predecessor-version":[{"id":43943,"href":"https:\/\/juntscontraelcancer.cat\/es\/wp-json\/wp\/v2\/posts\/43942\/revisions\/43943"}],"wp:featuredmedia":[{"embeddable":true,"href":"https:\/\/juntscontraelcancer.cat\/es\/wp-json\/wp\/v2\/media\/43941"}],"wp:attachment":[{"href":"https:\/\/juntscontraelcancer.cat\/es\/wp-json\/wp\/v2\/media?parent=43942"}],"wp:term":[{"taxonomy":"category","embeddable":true,"href":"https:\/\/juntscontraelcancer.cat\/es\/wp-json\/wp\/v2\/categories?post=43942"},{"taxonomy":"post_tag","embeddable":true,"href":"https:\/\/juntscontraelcancer.cat\/es\/wp-json\/wp\/v2\/tags?post=43942"}],"curies":[{"name":"wp","href":"https:\/\/api.w.org\/{rel}","templated":true}]}}