{"id":43658,"date":"2026-04-08T11:17:09","date_gmt":"2026-04-08T09:17:09","guid":{"rendered":"https:\/\/juntscontraelcancer.cat\/actividades-de-las-entidades-para-el-dia-de-sant-jordi-2026\/"},"modified":"2026-04-16T16:14:12","modified_gmt":"2026-04-16T14:14:12","slug":"actividades-de-las-entidades-para-el-dia-de-sant-jordi-2026","status":"publish","type":"post","link":"https:\/\/juntscontraelcancer.cat\/es\/actividades-de-las-entidades-para-el-dia-de-sant-jordi-2026\/","title":{"rendered":"Actividades de las entidades para el D\u00eda de Sant Jordi 2026"},"content":{"rendered":"\n<p><strong>Las entidades de la FECEC Junts contra el C\u00e0ncer organizan actividades solidarias para la Diada de Sant Jordi de 2026. A continuaci\u00f3n, te dejamos el listado.<\/strong><\/p>\n\n<p><span style=\"text-decoration: underline;\"><strong>FUNDACI\u00d3 ENRIQUETA VILLAVECHIA<\/strong><\/span><\/p>\n\n<p>Un drag\u00f3n y un Sant Jordi muy especiales visitar\u00e1n este a\u00f1o la parada de Sant Jordi que la <a href=\"https:\/\/www.fevillavecchia.es\/es\"><strong>Fundaci\u00f3 Enriqueta Villavecchia<\/strong><\/a> instala cada 23 de abril en la calle Consell de Cent, esquina Rambla de Catalunya. Habr\u00e1 rosas y rosales naturales, el libro \u2018La vida fant\u00e1stica\u2019, pintacaras para los m\u00e1s peque\u00f1os y animaci\u00f3n durante toda la jornada.<br\/><br\/>Adem\u00e1s, con motivo de la jornada, la Fundaci\u00f3n publicar\u00e1 un emotivo v\u00eddeo en sus redes sociales en el que recopilar\u00e1 m\u00e1gicas historias de Sant Jordi imaginadas por ni\u00f1os y ni\u00f1as afectados por el c\u00e1ncer y otras enfermedades graves.<\/p>\n\n<figure class=\"wp-block-image size-large\"><img loading=\"lazy\" decoding=\"async\" width=\"1024\" height=\"726\" src=\"https:\/\/juntscontraelcancer.cat\/wp-content\/uploads\/2026\/04\/Parada-Sant-Jordi-1024x726.jpg\" alt=\"\" class=\"wp-image-43630\" srcset=\"https:\/\/juntscontraelcancer.cat\/wp-content\/uploads\/2026\/04\/Parada-Sant-Jordi-1024x726.jpg 1024w, https:\/\/juntscontraelcancer.cat\/wp-content\/uploads\/2026\/04\/Parada-Sant-Jordi-300x213.jpg 300w, https:\/\/juntscontraelcancer.cat\/wp-content\/uploads\/2026\/04\/Parada-Sant-Jordi-768x545.jpg 768w, https:\/\/juntscontraelcancer.cat\/wp-content\/uploads\/2026\/04\/Parada-Sant-Jordi.jpg 1344w\" sizes=\"auto, (max-width: 1024px) 100vw, 1024px\" \/><\/figure>\n\n<hr class=\"wp-block-separator has-alpha-channel-opacity\"\/>\n\n<p><strong><span style=\"text-decoration: underline;\">VILASSAR DE DALT CONTRA EL C\u00c0NCER<\/span><\/strong><\/p>\n\n<p>El pr\u00f3ximo 23 de abril, ven a la parada solidaria de <a href=\"https:\/\/vilassardedaltcontraelcancer.cat\/\"><strong>Vilassar de Dalt contra el c\u00e0ncer<\/strong><\/a>, en la plaza de la Vila. Encontrar\u00e1s rosas y libros para regalar\u2026 o regalarte, mientras colaboras con una causa que nos toca a todos y todas.<br\/><\/p>\n\n<p>Con cada compra, estar\u00e1s ayudando a mejorar la vida de muchas personas con c\u00e1ncer.<\/p>\n\n<figure class=\"wp-block-image size-large\"><img loading=\"lazy\" decoding=\"async\" width=\"724\" height=\"1024\" src=\"https:\/\/juntscontraelcancer.cat\/wp-content\/uploads\/2026\/04\/Sant-Jordi-724x1024.jpg\" alt=\"\" class=\"wp-image-43633\" srcset=\"https:\/\/juntscontraelcancer.cat\/wp-content\/uploads\/2026\/04\/Sant-Jordi-724x1024.jpg 724w, https:\/\/juntscontraelcancer.cat\/wp-content\/uploads\/2026\/04\/Sant-Jordi-212x300.jpg 212w, https:\/\/juntscontraelcancer.cat\/wp-content\/uploads\/2026\/04\/Sant-Jordi-768x1086.jpg 768w, https:\/\/juntscontraelcancer.cat\/wp-content\/uploads\/2026\/04\/Sant-Jordi-1086x1536.jpg 1086w, https:\/\/juntscontraelcancer.cat\/wp-content\/uploads\/2026\/04\/Sant-Jordi-1448x2048.jpg 1448w, https:\/\/juntscontraelcancer.cat\/wp-content\/uploads\/2026\/04\/Sant-Jordi-scaled.jpg 1810w\" sizes=\"auto, (max-width: 724px) 100vw, 724px\" \/><\/figure>\n\n<hr class=\"wp-block-separator has-alpha-channel-opacity\"\/>\n\n<p><strong><span style=\"text-decoration: underline;\"><strong><u>FUNDACI\u00d3 K\u0100LIDA<\/u><\/strong><\/span><\/strong><\/p>\n\n<figure class=\"wp-block-image size-full\"><img loading=\"lazy\" decoding=\"async\" width=\"660\" height=\"646\" src=\"https:\/\/juntscontraelcancer.cat\/wp-content\/uploads\/2026\/04\/KALIDA-STJORDI.jpg\" alt=\"\" class=\"wp-image-43634\" srcset=\"https:\/\/juntscontraelcancer.cat\/wp-content\/uploads\/2026\/04\/KALIDA-STJORDI.jpg 660w, https:\/\/juntscontraelcancer.cat\/wp-content\/uploads\/2026\/04\/KALIDA-STJORDI-300x294.jpg 300w\" sizes=\"auto, (max-width: 660px) 100vw, 660px\" \/><\/figure>\n\n<p>Y el 24 de abril, con motivo del d\u00eda de Sant Jordi, la Fundaci\u00f3 K\u0101lida te invita a participar en la charla que realizar\u00e1 con Jenny Moix, doctora en Psicolog\u00eda y profesora de la Universitat Aut\u00f2noma de Barcelona. En esta charla hablar\u00e1 de su nuevo libro \u201cOblida\u2019t de tu\u201d, donde la mayor liberaci\u00f3n, la que nos permite vivir con m\u00e1s presencia y libertad, es la liberaci\u00f3n de nosotros mismos: de nuestras inseguridades, miedos y expectativas.<br\/><br\/>En aquesta activitat es veur\u00e0 com funciona la ment, explorarem com ens limita i apuntarem cap al que hi ha m\u00e9s enll\u00e0. Un recorregut de la psicologia a la transcend\u00e8ncia. Per participar, si us plau, omple <a href=\"https:\/\/www.fundaciokalida.org\/agenda\/club-lectura-sant-jordi-amb-jenny-moix\/\">el seg\u00fcent formulari<\/a> i rebr\u00e0s un email amb els detalls.<\/p>\n\n<hr class=\"wp-block-separator has-alpha-channel-opacity\"\/>\n\n<p><strong><span style=\"text-decoration: underline;\">GRUP IRIS<\/span><\/strong><\/p>\n\n<p><strong><a href=\"https:\/\/www.grupiris.cat\/\">Grup Iris<\/a> <\/strong> tindr\u00e0 una parada a la Rambla de Figueres on vendran les roses que han elaborat les volunt\u00e0ries de l&#8217;entitat. Els guanys aniran destinats a la millora de la qualitat de vida de les dones afectades de c\u00e0ncer de mama usu\u00e0ries dels serveis de l&#8217;entitat.<\/p>\n\n<hr class=\"wp-block-separator has-alpha-channel-opacity\"\/>\n\n<p><strong><span style=\"text-decoration: underline;\">FUNDACI\u00d3 ONCOLLIGA<\/span><\/strong><\/p>\n\n<p>Como cada a\u00f1o, las voluntarias de Oncolliga Calella vender\u00e1n sus rosas solidarias los d\u00edas 22 y 23 de abril. El d\u00eda 22 la venta ser\u00e1 en la sede de Oncolliga Calella y el d\u00eda 23 en la plaza de la Iglesia, en la calle Costa i Fornaguera, 34.<\/p>\n\n<figure class=\"wp-block-image size-large\"><img loading=\"lazy\" decoding=\"async\" width=\"724\" height=\"1024\" src=\"https:\/\/juntscontraelcancer.cat\/wp-content\/uploads\/2026\/04\/PHOTO-2026-04-09-17-07-38-724x1024.jpg\" alt=\"\" class=\"wp-image-43651\" srcset=\"https:\/\/juntscontraelcancer.cat\/wp-content\/uploads\/2026\/04\/PHOTO-2026-04-09-17-07-38-724x1024.jpg 724w, https:\/\/juntscontraelcancer.cat\/wp-content\/uploads\/2026\/04\/PHOTO-2026-04-09-17-07-38-212x300.jpg 212w, https:\/\/juntscontraelcancer.cat\/wp-content\/uploads\/2026\/04\/PHOTO-2026-04-09-17-07-38-768x1086.jpg 768w, https:\/\/juntscontraelcancer.cat\/wp-content\/uploads\/2026\/04\/PHOTO-2026-04-09-17-07-38-1086x1536.jpg 1086w, https:\/\/juntscontraelcancer.cat\/wp-content\/uploads\/2026\/04\/PHOTO-2026-04-09-17-07-38.jpg 1131w\" sizes=\"auto, (max-width: 724px) 100vw, 724px\" \/><\/figure>\n\n<p>Otras paradas con merchandising de Oncolliga y rosas son:<\/p>\n\n<ul class=\"wp-block-list\">\n<li><strong>Rub\u00ed<\/strong>: parada en la Plaza Dr. Guardiet.<\/li>\n\n\n\n<li><strong>Vilassar de Mar:<\/strong> la iniciativa se adelanta para empezar a calentar motores el 19 de abril en la Plaza del Ajuntament (de 10 h a 14 h) y culminar el d\u00eda de Sant Jordi, el 23 de abril, con una jornada continuada de 10 h a 20 h, llevando la rosa solidaria al coraz\u00f3n del municipio.<\/li>\n\n\n\n<li><strong>Sabadell:<\/strong> la solidaridad llegar\u00e1 a nuevos espacios con una doble acci\u00f3n en las instalaciones de Amazon (Carrer de Ca n\u2019Alzina, 161): el 22 de abril de 18:15 a 19:45 y el 23 de abril de 12:00 a 16:09, acercando la causa a los entornos laborales y haciendo crecer la red de apoyo.<br\/><\/li>\n<\/ul>\n\n<p><\/p>\n\n<hr class=\"wp-block-separator has-alpha-channel-opacity\"\/>\n\n<p><strong><span style=\"text-decoration: underline;\">OSONA CONTRA EL C\u00c0NCER<\/span><\/strong><\/p>\n\n<p>Tona (Pla\u00e7a Major y en la Pla\u00e7a de l\u2019Hostal) y Centelles (Pla\u00e7a Major) tendr\u00e1n paradas de rosas y del libro \u201cParaules per a l\u2019\u00e0nima\u201d.<\/p>\n\n<figure class=\"wp-block-image size-large\"><img loading=\"lazy\" decoding=\"async\" width=\"1024\" height=\"573\" src=\"https:\/\/juntscontraelcancer.cat\/wp-content\/uploads\/2026\/04\/junts-contra-el-cancer-paraules-per-a-lanima-1536x860-1-1024x573.png\" alt=\"\" class=\"wp-image-43729\" srcset=\"https:\/\/juntscontraelcancer.cat\/wp-content\/uploads\/2026\/04\/junts-contra-el-cancer-paraules-per-a-lanima-1536x860-1-1024x573.png 1024w, https:\/\/juntscontraelcancer.cat\/wp-content\/uploads\/2026\/04\/junts-contra-el-cancer-paraules-per-a-lanima-1536x860-1-300x168.png 300w, https:\/\/juntscontraelcancer.cat\/wp-content\/uploads\/2026\/04\/junts-contra-el-cancer-paraules-per-a-lanima-1536x860-1-768x430.png 768w, https:\/\/juntscontraelcancer.cat\/wp-content\/uploads\/2026\/04\/junts-contra-el-cancer-paraules-per-a-lanima-1536x860-1.png 1536w\" sizes=\"auto, (max-width: 1024px) 100vw, 1024px\" \/><\/figure>\n\n<hr class=\"wp-block-separator has-alpha-channel-opacity\"\/>\n\n<p><strong><span style=\"text-decoration: underline;\">AFANOC<\/span><\/strong><\/p>\n\n<p>La <a href=\"https:\/\/afanoc.org\/blog\/e\/viu-aquest-sant-jordi-amb-lafanoc-2\/\">AFANOC<\/a> sale a la calle con stands informativos para explicar sus proyectos y, al mismo tiempo, para conseguir recursos a trav\u00e9s de la venta de <em>El Gran Libro de los Xuklis<\/em>, entre otros cuentos, merchandising y rosas solidarias. Tambi\u00e9n lo celebramos en los hospitales donde estamos presentes, con actividades para los ni\u00f1os y j\u00f3venes que est\u00e1n ingresados.<\/p>\n\n<figure class=\"wp-block-image size-large\"><img loading=\"lazy\" decoding=\"async\" width=\"1024\" height=\"295\" src=\"https:\/\/juntscontraelcancer.cat\/wp-content\/uploads\/2026\/04\/News2-Sant-Jordi-2025-1536x443-1-1024x295.jpg\" alt=\"\" class=\"wp-image-43778\" srcset=\"https:\/\/juntscontraelcancer.cat\/wp-content\/uploads\/2026\/04\/News2-Sant-Jordi-2025-1536x443-1-1024x295.jpg 1024w, https:\/\/juntscontraelcancer.cat\/wp-content\/uploads\/2026\/04\/News2-Sant-Jordi-2025-1536x443-1-300x87.jpg 300w, https:\/\/juntscontraelcancer.cat\/wp-content\/uploads\/2026\/04\/News2-Sant-Jordi-2025-1536x443-1-768x222.jpg 768w, https:\/\/juntscontraelcancer.cat\/wp-content\/uploads\/2026\/04\/News2-Sant-Jordi-2025-1536x443-1.jpg 1536w\" sizes=\"auto, (max-width: 1024px) 100vw, 1024px\" \/><\/figure>\n\n<p><br\/>Encuentra la parada m\u00e1s pr\u00f3xima:<\/p>\n\n<p><strong>BARCELONA<\/strong><\/p>\n\n<ul class=\"wp-block-list\">\n<li>Pla de la Seu (delante de la Catedral)<br\/>De 9 a 20 horas<\/li>\n\n\n\n<li>Hospital Universitari de la Vall d\u2019Hebron<br\/>Consultas externas de Pediatr\u00eda, en la planta -2 (M\u00f3n parc)<br\/>De 10 a 13 horas<\/li>\n<\/ul>\n\n<p><strong>TARRAGONA<\/strong><\/p>\n\n<ul class=\"wp-block-list\">\n<li>Rambla Nova de Tarragona<br\/>Entre las calles St. Agust\u00ed i Adri\u00e0 y el Balc\u00f3 del Mediterrani<br\/>De 9.30 a 20 horas<\/li>\n\n\n\n<li>Pla\u00e7a del Castell de Reus<br\/>De 9:30 a 20 horas<\/li>\n\n\n\n<li>Hasta el 30 de abril<br\/>Resid\u00e8ncia Ballesol de Reus<br\/>C\/ del Batan, 28<br\/>Para los familiares de los residentes y los trabajadores.<\/li>\n<\/ul>\n\n<p><strong>LLEIDA<\/strong><\/p>\n\n<p><strong>Lleida ciudad<\/strong><\/p>\n\n<ul class=\"wp-block-list\">\n<li>Dulcecrochet<br\/>Rambla Ferran<br\/>Durante todo el d\u00eda (maa\u00f1ana y tarde)<\/li>\n<\/ul>\n\n<ul class=\"wp-block-list\">\n<li>Escuela el Joc de la Bola<br\/>Para los familiares de los alumnos<br\/>De 11 a 13 horas<\/li>\n<\/ul>\n\n<p><strong>Agramunt<\/strong><\/p>\n\n<ul class=\"wp-block-list\">\n<li>A todas las AFA&#8217;S de las escuelas<\/li>\n\n\n\n<li>Pla\u00e7a del Pou. De 12 a 20 horas<\/li>\n<\/ul>\n\n<p><strong>Torrefarrera<\/strong><\/p>\n\n<ul class=\"wp-block-list\">\n<li>Associaci\u00f3 de Dones de Torrefarrera<br\/>Lugar y hora a confirmar<\/li>\n<\/ul>\n\n<p><strong>Puigverd de Lleida<\/strong><\/p>\n\n<ul class=\"wp-block-list\">\n<li>22 de abril<br\/>AFA Escola Sant Jordi de Puigverd de Lleida<br\/>Por la tarde<\/li>\n<\/ul>\n\n<p><strong>GIRONA<\/strong><\/p>\n\n<ul class=\"wp-block-list\">\n<li>Pla\u00e7a de l\u2019Hospital<br\/>De 9 a 20 horas<\/li>\n<\/ul>\n\n<hr class=\"wp-block-separator has-alpha-channel-opacity\"\/>\n\n<p><strong><span style=\"text-decoration: underline;\">LLIGA CONTRA EL C\u00c0NCER DE TARRAGONA I LES TERRES DE L&#8217;EBRE<\/span><\/strong><\/p>\n\n<p>Este Sant Jordi, la Lliga tambi\u00e9n estar\u00e1 presente. La entidad se suma a la Diada con una parada en la Rambla de Tarragona, frente al OMAC, donde podr\u00e9is encontrar sus libros solidarios.<\/p>\n\n<ul class=\"wp-block-list\">\n<li>Les Margarides Blanques \u2013 Olga Xirinacs<\/li>\n\n\n\n<li>La Deriva \u2013 Teresa Le\u00f3n<\/li>\n\n\n\n<li>Ara ja ho saps, mare \u2013 Jordi Villalb\u00ed<\/li>\n\n\n\n<li>KITO \u2013 Alfred y Ignasi Blanch<\/li>\n<\/ul>\n\n<p>La venta de los libros es un apoyo a la investigaci\u00f3n, a la prevenci\u00f3n y a las personas que conviven con el c\u00e1ncer.<\/p>\n\n<figure class=\"wp-block-image size-large\"><img loading=\"lazy\" decoding=\"async\" width=\"819\" height=\"1024\" src=\"https:\/\/juntscontraelcancer.cat\/wp-content\/uploads\/2026\/04\/669933051_18197383237350914_922939486816528423_n-819x1024.jpg\" alt=\"\" class=\"wp-image-43774\" srcset=\"https:\/\/juntscontraelcancer.cat\/wp-content\/uploads\/2026\/04\/669933051_18197383237350914_922939486816528423_n-819x1024.jpg 819w, https:\/\/juntscontraelcancer.cat\/wp-content\/uploads\/2026\/04\/669933051_18197383237350914_922939486816528423_n-240x300.jpg 240w, https:\/\/juntscontraelcancer.cat\/wp-content\/uploads\/2026\/04\/669933051_18197383237350914_922939486816528423_n-768x960.jpg 768w, https:\/\/juntscontraelcancer.cat\/wp-content\/uploads\/2026\/04\/669933051_18197383237350914_922939486816528423_n.jpg 1080w\" sizes=\"auto, (max-width: 819px) 100vw, 819px\" \/><\/figure>\n\n<hr class=\"wp-block-separator has-alpha-channel-opacity\"\/>\n\n<p><strong><span style=\"text-decoration: underline;\">FUNDACI\u00d3 JOSEP CARRERAS<\/span><\/strong><\/p>\n\n<p>La Rosa es una Imparable y promotora solidaria que colabora anualmente con diferentes iniciativas solidarias para la <a href=\"https:\/\/fcarreras.org\/\"><strong>Fundaci\u00f3n Josep Carreras<\/strong><\/a>. Una de sus acciones preferidas es el mercado ambulante solidario que organiza con motivo de la festividad de Sant Jordi. El pr\u00f3ximo 23 de abril estar\u00e1 presente en el centro de Begur con la venta de rosas y libros para celebrar este d\u00eda tan especial. Todos los fondos recaudados con esta acci\u00f3n solidaria ser\u00e1n destinados a nuestra entidad en beneficio de los pacientes onco-hematol\u00f3gicos.<\/p>\n\n<p>Celebra Sant Jordi de manera solidaria y suma tu grano de arena contra la leucemia.<\/p>\n\n<ul class=\"wp-block-list\">\n<li><strong>Data:<\/strong> 23 de abril<\/li>\n\n\n\n<li><strong>Lloc:<\/strong> Centro de Begur, Girona<\/li>\n<\/ul>\n\n<figure class=\"wp-block-image size-large\"><img loading=\"lazy\" decoding=\"async\" width=\"1024\" height=\"885\" src=\"https:\/\/juntscontraelcancer.cat\/wp-content\/uploads\/2026\/04\/IMG-20250424-WA0004-1024x885.jpg\" alt=\"\" class=\"wp-image-43782\" srcset=\"https:\/\/juntscontraelcancer.cat\/wp-content\/uploads\/2026\/04\/IMG-20250424-WA0004-1024x885.jpg 1024w, https:\/\/juntscontraelcancer.cat\/wp-content\/uploads\/2026\/04\/IMG-20250424-WA0004-300x259.jpg 300w, https:\/\/juntscontraelcancer.cat\/wp-content\/uploads\/2026\/04\/IMG-20250424-WA0004-768x664.jpg 768w, https:\/\/juntscontraelcancer.cat\/wp-content\/uploads\/2026\/04\/IMG-20250424-WA0004.jpg 1486w\" sizes=\"auto, (max-width: 1024px) 100vw, 1024px\" \/><\/figure>\n\n<hr class=\"wp-block-separator has-alpha-channel-opacity\"\/>\n\n<p><strong><span style=\"text-decoration: underline;\">FUNDACI\u00d3 ROSES CONTRA EL C\u00c0NCER<\/span><\/strong><\/p>\n\n<p>La Fundaci\u00f3 Roses contra el c\u00e0ncer tendr\u00e1 una parada en la calle C\/ Riera Ginjolers de Roses.<\/p>\n\n<hr class=\"wp-block-separator has-alpha-channel-opacity\"\/>\n\n<p><strong><span style=\"text-decoration: underline;\">FUNDACI\u00d3 ONCOVALL\u00c8S<\/span><\/strong><\/p>\n\n<figure class=\"wp-block-image size-large\"><img loading=\"lazy\" decoding=\"async\" width=\"819\" height=\"1024\" src=\"https:\/\/juntscontraelcancer.cat\/wp-content\/uploads\/2026\/04\/670744198_18336631882217778_5349368655275609194_n-819x1024.jpg\" alt=\"\" class=\"wp-image-43810\" srcset=\"https:\/\/juntscontraelcancer.cat\/wp-content\/uploads\/2026\/04\/670744198_18336631882217778_5349368655275609194_n-819x1024.jpg 819w, https:\/\/juntscontraelcancer.cat\/wp-content\/uploads\/2026\/04\/670744198_18336631882217778_5349368655275609194_n-240x300.jpg 240w, https:\/\/juntscontraelcancer.cat\/wp-content\/uploads\/2026\/04\/670744198_18336631882217778_5349368655275609194_n-768x960.jpg 768w, https:\/\/juntscontraelcancer.cat\/wp-content\/uploads\/2026\/04\/670744198_18336631882217778_5349368655275609194_n.jpg 1080w\" sizes=\"auto, (max-width: 819px) 100vw, 819px\" \/><\/figure>\n\n<p>Este Sant Jordi, la <strong><a href=\"https:\/\/www.oncovalles.cat\/\">Fundaci\u00f3 Oncovall\u00e8s<\/a><\/strong> no tendr\u00e1 parada en el centro de Granollers pero la entidad ofrece una propuesta muy especial.<br\/><\/p>\n\n<p>Las *Rosas por la vida 2026* llegan con novedades:<br\/>Hay que encargarlas (unidades limitadas y numeradas)<br\/>Son rosas con mensaje: escaneando el QR de la rosa podr\u00e1s enviar un mensaje de apoyo a los pacientes y familiares que est\u00e1n atravesando la enfermedad.<\/p>\n\n<p>Si quieres una, haz tu pedido antes del viernes 17 a las 12 h. Unidades disponibles: 100. Donativo: 8 \u20ac\/unidad<br\/>Recogida: Sede de la Fundaci\u00f3 Oncovall\u00e8s<br\/>Jueves 23 de abril, de 10 a 13 h y de 16 a 18 h<br\/><\/p>\n\n<p>Env\u00eda un correo a administracio@oncovalles.cat y te indicar\u00e1n c\u00f3mo completar la donaci\u00f3n.&#13;\n<\/p>\n\n<hr class=\"wp-block-separator has-alpha-channel-opacity\"\/>\n\n<p><span style=\"text-decoration: underline;\"><strong>ONCOLLIGA LLEIDA<\/strong><\/span><\/p>\n\n<p>Este a\u00f1o, Oncolliga Lleida colabora con la Fundaci\u00f3n Josep Carreras en la jornada Sant Jordi Agrosolidari, en Horta de Lleida \/ Granja Pifarr\u00e9. Presentaciones de libros, actividades culturales, concierto y degustaci\u00f3n de caracoles ser\u00e1n algunas de las actividades. La entrada solidaria cuesta 5 euros.<\/p>\n\n<figure class=\"wp-block-image size-large\"><img loading=\"lazy\" decoding=\"async\" width=\"1024\" height=\"1024\" src=\"https:\/\/juntscontraelcancer.cat\/wp-content\/uploads\/2026\/04\/oncolliga_lleida-1024x1024.jpg\" alt=\"\" class=\"wp-image-43813\" srcset=\"https:\/\/juntscontraelcancer.cat\/wp-content\/uploads\/2026\/04\/oncolliga_lleida-1024x1024.jpg 1024w, https:\/\/juntscontraelcancer.cat\/wp-content\/uploads\/2026\/04\/oncolliga_lleida-300x300.jpg 300w, https:\/\/juntscontraelcancer.cat\/wp-content\/uploads\/2026\/04\/oncolliga_lleida-150x150.jpg 150w, https:\/\/juntscontraelcancer.cat\/wp-content\/uploads\/2026\/04\/oncolliga_lleida-768x768.jpg 768w, https:\/\/juntscontraelcancer.cat\/wp-content\/uploads\/2026\/04\/oncolliga_lleida.jpg 1080w\" sizes=\"auto, (max-width: 1024px) 100vw, 1024px\" \/><\/figure>\n","protected":false},"excerpt":{"rendered":"<p>Las entidades de la FECEC Junts contra el C\u00e0ncer organizan actividades solidarias para la Diada de Sant Jordi de 2026. A continuaci\u00f3n, te dejamos el listado.<\/p>\n","protected":false},"author":2,"featured_media":43657,"comment_status":"closed","ping_status":"closed","sticky":false,"template":"","format":"standard","meta":{"_acf_changed":false,"inline_featured_image":false,"footnotes":""},"categories":[84,86],"tags":[192,196],"class_list":["post-43658","post","type-post","status-publish","format-standard","has-post-thumbnail","hentry","category-actualidad","category-destacadas","tag-entitatsfederades-es","tag-solidaritat"],"acf":[],"yoast_head":"<!-- This site is optimized with the Yoast SEO plugin v27.3 - https:\/\/yoast.com\/product\/yoast-seo-wordpress\/ -->\n<title>Actividades de las entidades para el D\u00eda de Sant Jordi 2026 - Junts contra el c\u00e0ncer - FECEC<\/title>\n<meta name=\"robots\" content=\"index, follow, max-snippet:-1, max-image-preview:large, max-video-preview:-1\" \/>\n<link rel=\"canonical\" href=\"https:\/\/juntscontraelcancer.cat\/es\/actividades-de-las-entidades-para-el-dia-de-sant-jordi-2026\/\" \/>\n<meta property=\"og:locale\" content=\"es_ES\" \/>\n<meta property=\"og:type\" content=\"article\" \/>\n<meta property=\"og:title\" content=\"Actividades de las entidades para el D\u00eda de Sant Jordi 2026 - Junts contra el c\u00e0ncer - FECEC\" \/>\n<meta property=\"og:description\" content=\"Las entidades de la FECEC Junts contra el C\u00e0ncer organizan actividades solidarias para la Diada de Sant Jordi de 2026. A continuaci\u00f3n, te dejamos el listado.\" \/>\n<meta property=\"og:url\" content=\"https:\/\/juntscontraelcancer.cat\/es\/actividades-de-las-entidades-para-el-dia-de-sant-jordi-2026\/\" \/>\n<meta property=\"og:site_name\" content=\"Junts contra el c\u00e0ncer - FECEC\" \/>\n<meta property=\"article:publisher\" content=\"https:\/\/www.facebook.com\/fecec.federacio\/\" \/>\n<meta property=\"article:published_time\" content=\"2026-04-08T09:17:09+00:00\" \/>\n<meta property=\"article:modified_time\" content=\"2026-04-16T14:14:12+00:00\" \/>\n<meta property=\"og:image\" content=\"https:\/\/juntscontraelcancer.cat\/wp-content\/uploads\/2026\/04\/WEB-6.png\" \/>\n\t<meta property=\"og:image:width\" content=\"1726\" \/>\n\t<meta property=\"og:image:height\" content=\"966\" \/>\n\t<meta property=\"og:image:type\" content=\"image\/png\" \/>\n<meta name=\"author\" content=\"FECEC Comunicaci\u00f3\" \/>\n<meta name=\"twitter:card\" content=\"summary_large_image\" \/>\n<meta name=\"twitter:creator\" content=\"@FececFederacio\" \/>\n<meta name=\"twitter:site\" content=\"@FececFederacio\" \/>\n<meta name=\"twitter:label1\" content=\"Escrito por\" \/>\n\t<meta name=\"twitter:data1\" content=\"FECEC Comunicaci\u00f3\" \/>\n\t<meta name=\"twitter:label2\" content=\"Tiempo de lectura\" \/>\n\t<meta name=\"twitter:data2\" content=\"6 minutos\" \/>\n<script type=\"application\/ld+json\" class=\"yoast-schema-graph\">{\"@context\":\"https:\\\/\\\/schema.org\",\"@graph\":[{\"@type\":\"Article\",\"@id\":\"https:\\\/\\\/juntscontraelcancer.cat\\\/es\\\/actividades-de-las-entidades-para-el-dia-de-sant-jordi-2026\\\/#article\",\"isPartOf\":{\"@id\":\"https:\\\/\\\/juntscontraelcancer.cat\\\/es\\\/actividades-de-las-entidades-para-el-dia-de-sant-jordi-2026\\\/\"},\"author\":{\"name\":\"FECEC Comunicaci\u00f3\",\"@id\":\"https:\\\/\\\/juntscontraelcancer.cat\\\/es\\\/#\\\/schema\\\/person\\\/2bba6ee197504983c335d560850ec148\"},\"headline\":\"Actividades de las entidades para el D\u00eda de Sant Jordi 2026\",\"datePublished\":\"2026-04-08T09:17:09+00:00\",\"dateModified\":\"2026-04-16T14:14:12+00:00\",\"mainEntityOfPage\":{\"@id\":\"https:\\\/\\\/juntscontraelcancer.cat\\\/es\\\/actividades-de-las-entidades-para-el-dia-de-sant-jordi-2026\\\/\"},\"wordCount\":1228,\"publisher\":{\"@id\":\"https:\\\/\\\/juntscontraelcancer.cat\\\/es\\\/#organization\"},\"image\":{\"@id\":\"https:\\\/\\\/juntscontraelcancer.cat\\\/es\\\/actividades-de-las-entidades-para-el-dia-de-sant-jordi-2026\\\/#primaryimage\"},\"thumbnailUrl\":\"https:\\\/\\\/juntscontraelcancer.cat\\\/wp-content\\\/uploads\\\/2026\\\/04\\\/WEB-6.png\",\"keywords\":[\"entitatsfederades\",\"solidaritat\"],\"articleSection\":[\"Actualidad\",\"Destacadas\"],\"inLanguage\":\"es\"},{\"@type\":\"WebPage\",\"@id\":\"https:\\\/\\\/juntscontraelcancer.cat\\\/es\\\/actividades-de-las-entidades-para-el-dia-de-sant-jordi-2026\\\/\",\"url\":\"https:\\\/\\\/juntscontraelcancer.cat\\\/es\\\/actividades-de-las-entidades-para-el-dia-de-sant-jordi-2026\\\/\",\"name\":\"Actividades de las entidades para el D\u00eda de Sant Jordi 2026 - Junts contra el c\u00e0ncer - FECEC\",\"isPartOf\":{\"@id\":\"https:\\\/\\\/juntscontraelcancer.cat\\\/es\\\/#website\"},\"primaryImageOfPage\":{\"@id\":\"https:\\\/\\\/juntscontraelcancer.cat\\\/es\\\/actividades-de-las-entidades-para-el-dia-de-sant-jordi-2026\\\/#primaryimage\"},\"image\":{\"@id\":\"https:\\\/\\\/juntscontraelcancer.cat\\\/es\\\/actividades-de-las-entidades-para-el-dia-de-sant-jordi-2026\\\/#primaryimage\"},\"thumbnailUrl\":\"https:\\\/\\\/juntscontraelcancer.cat\\\/wp-content\\\/uploads\\\/2026\\\/04\\\/WEB-6.png\",\"datePublished\":\"2026-04-08T09:17:09+00:00\",\"dateModified\":\"2026-04-16T14:14:12+00:00\",\"breadcrumb\":{\"@id\":\"https:\\\/\\\/juntscontraelcancer.cat\\\/es\\\/actividades-de-las-entidades-para-el-dia-de-sant-jordi-2026\\\/#breadcrumb\"},\"inLanguage\":\"es\",\"potentialAction\":[{\"@type\":\"ReadAction\",\"target\":[\"https:\\\/\\\/juntscontraelcancer.cat\\\/es\\\/actividades-de-las-entidades-para-el-dia-de-sant-jordi-2026\\\/\"]}]},{\"@type\":\"ImageObject\",\"inLanguage\":\"es\",\"@id\":\"https:\\\/\\\/juntscontraelcancer.cat\\\/es\\\/actividades-de-las-entidades-para-el-dia-de-sant-jordi-2026\\\/#primaryimage\",\"url\":\"https:\\\/\\\/juntscontraelcancer.cat\\\/wp-content\\\/uploads\\\/2026\\\/04\\\/WEB-6.png\",\"contentUrl\":\"https:\\\/\\\/juntscontraelcancer.cat\\\/wp-content\\\/uploads\\\/2026\\\/04\\\/WEB-6.png\",\"width\":1726,\"height\":966},{\"@type\":\"BreadcrumbList\",\"@id\":\"https:\\\/\\\/juntscontraelcancer.cat\\\/es\\\/actividades-de-las-entidades-para-el-dia-de-sant-jordi-2026\\\/#breadcrumb\",\"itemListElement\":[{\"@type\":\"ListItem\",\"position\":1,\"name\":\"Inicio\",\"item\":\"https:\\\/\\\/juntscontraelcancer.cat\\\/es\\\/\"},{\"@type\":\"ListItem\",\"position\":2,\"name\":\"Actividades de las entidades para el D\u00eda de Sant Jordi 2026\"}]},{\"@type\":\"WebSite\",\"@id\":\"https:\\\/\\\/juntscontraelcancer.cat\\\/es\\\/#website\",\"url\":\"https:\\\/\\\/juntscontraelcancer.cat\\\/es\\\/\",\"name\":\"Junts contra el c\u00e0ncer - FECEC\",\"description\":\"\",\"publisher\":{\"@id\":\"https:\\\/\\\/juntscontraelcancer.cat\\\/es\\\/#organization\"},\"potentialAction\":[{\"@type\":\"SearchAction\",\"target\":{\"@type\":\"EntryPoint\",\"urlTemplate\":\"https:\\\/\\\/juntscontraelcancer.cat\\\/es\\\/?s={search_term_string}\"},\"query-input\":{\"@type\":\"PropertyValueSpecification\",\"valueRequired\":true,\"valueName\":\"search_term_string\"}}],\"inLanguage\":\"es\"},{\"@type\":\"Organization\",\"@id\":\"https:\\\/\\\/juntscontraelcancer.cat\\\/es\\\/#organization\",\"name\":\"Junts contra el c\u00e0ncer - FECEC\",\"url\":\"https:\\\/\\\/juntscontraelcancer.cat\\\/es\\\/\",\"logo\":{\"@type\":\"ImageObject\",\"inLanguage\":\"es\",\"@id\":\"https:\\\/\\\/juntscontraelcancer.cat\\\/es\\\/#\\\/schema\\\/logo\\\/image\\\/\",\"url\":\"https:\\\/\\\/juntscontraelcancer.cat\\\/wp-content\\\/uploads\\\/2023\\\/01\\\/logo-fecec-header.png\",\"contentUrl\":\"https:\\\/\\\/juntscontraelcancer.cat\\\/wp-content\\\/uploads\\\/2023\\\/01\\\/logo-fecec-header.png\",\"width\":126,\"height\":74,\"caption\":\"Junts contra el c\u00e0ncer - FECEC\"},\"image\":{\"@id\":\"https:\\\/\\\/juntscontraelcancer.cat\\\/es\\\/#\\\/schema\\\/logo\\\/image\\\/\"},\"sameAs\":[\"https:\\\/\\\/www.facebook.com\\\/fecec.federacio\\\/\",\"https:\\\/\\\/x.com\\\/FececFederacio\",\"https:\\\/\\\/www.instagram.com\\\/fececfederacio\\\/?hl=es\",\"https:\\\/\\\/www.youtube.com\\\/channel\\\/UCgAC_6c6hmHwMQhSCQyYBdA\"]},{\"@type\":\"Person\",\"@id\":\"https:\\\/\\\/juntscontraelcancer.cat\\\/es\\\/#\\\/schema\\\/person\\\/2bba6ee197504983c335d560850ec148\",\"name\":\"FECEC Comunicaci\u00f3\",\"image\":{\"@type\":\"ImageObject\",\"inLanguage\":\"es\",\"@id\":\"https:\\\/\\\/secure.gravatar.com\\\/avatar\\\/afa7129fad37df4be85b472c53d2039388784444579f67ca35ddbc83bfae2fd0?s=96&d=mm&r=g\",\"url\":\"https:\\\/\\\/secure.gravatar.com\\\/avatar\\\/afa7129fad37df4be85b472c53d2039388784444579f67ca35ddbc83bfae2fd0?s=96&d=mm&r=g\",\"contentUrl\":\"https:\\\/\\\/secure.gravatar.com\\\/avatar\\\/afa7129fad37df4be85b472c53d2039388784444579f67ca35ddbc83bfae2fd0?s=96&d=mm&r=g\",\"caption\":\"FECEC Comunicaci\u00f3\"}}]}<\/script>\n<!-- \/ Yoast SEO plugin. -->","yoast_head_json":{"title":"Actividades de las entidades para el D\u00eda de Sant Jordi 2026 - Junts contra el c\u00e0ncer - FECEC","robots":{"index":"index","follow":"follow","max-snippet":"max-snippet:-1","max-image-preview":"max-image-preview:large","max-video-preview":"max-video-preview:-1"},"canonical":"https:\/\/juntscontraelcancer.cat\/es\/actividades-de-las-entidades-para-el-dia-de-sant-jordi-2026\/","og_locale":"es_ES","og_type":"article","og_title":"Actividades de las entidades para el D\u00eda de Sant Jordi 2026 - Junts contra el c\u00e0ncer - FECEC","og_description":"Las entidades de la FECEC Junts contra el C\u00e0ncer organizan actividades solidarias para la Diada de Sant Jordi de 2026. A continuaci\u00f3n, te dejamos el listado.","og_url":"https:\/\/juntscontraelcancer.cat\/es\/actividades-de-las-entidades-para-el-dia-de-sant-jordi-2026\/","og_site_name":"Junts contra el c\u00e0ncer - FECEC","article_publisher":"https:\/\/www.facebook.com\/fecec.federacio\/","article_published_time":"2026-04-08T09:17:09+00:00","article_modified_time":"2026-04-16T14:14:12+00:00","og_image":[{"width":1726,"height":966,"url":"https:\/\/juntscontraelcancer.cat\/wp-content\/uploads\/2026\/04\/WEB-6.png","type":"image\/png"}],"author":"FECEC Comunicaci\u00f3","twitter_card":"summary_large_image","twitter_creator":"@FececFederacio","twitter_site":"@FececFederacio","twitter_misc":{"Escrito por":"FECEC Comunicaci\u00f3","Tiempo de lectura":"6 minutos"},"schema":{"@context":"https:\/\/schema.org","@graph":[{"@type":"Article","@id":"https:\/\/juntscontraelcancer.cat\/es\/actividades-de-las-entidades-para-el-dia-de-sant-jordi-2026\/#article","isPartOf":{"@id":"https:\/\/juntscontraelcancer.cat\/es\/actividades-de-las-entidades-para-el-dia-de-sant-jordi-2026\/"},"author":{"name":"FECEC Comunicaci\u00f3","@id":"https:\/\/juntscontraelcancer.cat\/es\/#\/schema\/person\/2bba6ee197504983c335d560850ec148"},"headline":"Actividades de las entidades para el D\u00eda de Sant Jordi 2026","datePublished":"2026-04-08T09:17:09+00:00","dateModified":"2026-04-16T14:14:12+00:00","mainEntityOfPage":{"@id":"https:\/\/juntscontraelcancer.cat\/es\/actividades-de-las-entidades-para-el-dia-de-sant-jordi-2026\/"},"wordCount":1228,"publisher":{"@id":"https:\/\/juntscontraelcancer.cat\/es\/#organization"},"image":{"@id":"https:\/\/juntscontraelcancer.cat\/es\/actividades-de-las-entidades-para-el-dia-de-sant-jordi-2026\/#primaryimage"},"thumbnailUrl":"https:\/\/juntscontraelcancer.cat\/wp-content\/uploads\/2026\/04\/WEB-6.png","keywords":["entitatsfederades","solidaritat"],"articleSection":["Actualidad","Destacadas"],"inLanguage":"es"},{"@type":"WebPage","@id":"https:\/\/juntscontraelcancer.cat\/es\/actividades-de-las-entidades-para-el-dia-de-sant-jordi-2026\/","url":"https:\/\/juntscontraelcancer.cat\/es\/actividades-de-las-entidades-para-el-dia-de-sant-jordi-2026\/","name":"Actividades de las entidades para el D\u00eda de Sant Jordi 2026 - Junts contra el c\u00e0ncer - FECEC","isPartOf":{"@id":"https:\/\/juntscontraelcancer.cat\/es\/#website"},"primaryImageOfPage":{"@id":"https:\/\/juntscontraelcancer.cat\/es\/actividades-de-las-entidades-para-el-dia-de-sant-jordi-2026\/#primaryimage"},"image":{"@id":"https:\/\/juntscontraelcancer.cat\/es\/actividades-de-las-entidades-para-el-dia-de-sant-jordi-2026\/#primaryimage"},"thumbnailUrl":"https:\/\/juntscontraelcancer.cat\/wp-content\/uploads\/2026\/04\/WEB-6.png","datePublished":"2026-04-08T09:17:09+00:00","dateModified":"2026-04-16T14:14:12+00:00","breadcrumb":{"@id":"https:\/\/juntscontraelcancer.cat\/es\/actividades-de-las-entidades-para-el-dia-de-sant-jordi-2026\/#breadcrumb"},"inLanguage":"es","potentialAction":[{"@type":"ReadAction","target":["https:\/\/juntscontraelcancer.cat\/es\/actividades-de-las-entidades-para-el-dia-de-sant-jordi-2026\/"]}]},{"@type":"ImageObject","inLanguage":"es","@id":"https:\/\/juntscontraelcancer.cat\/es\/actividades-de-las-entidades-para-el-dia-de-sant-jordi-2026\/#primaryimage","url":"https:\/\/juntscontraelcancer.cat\/wp-content\/uploads\/2026\/04\/WEB-6.png","contentUrl":"https:\/\/juntscontraelcancer.cat\/wp-content\/uploads\/2026\/04\/WEB-6.png","width":1726,"height":966},{"@type":"BreadcrumbList","@id":"https:\/\/juntscontraelcancer.cat\/es\/actividades-de-las-entidades-para-el-dia-de-sant-jordi-2026\/#breadcrumb","itemListElement":[{"@type":"ListItem","position":1,"name":"Inicio","item":"https:\/\/juntscontraelcancer.cat\/es\/"},{"@type":"ListItem","position":2,"name":"Actividades de las entidades para el D\u00eda de Sant Jordi 2026"}]},{"@type":"WebSite","@id":"https:\/\/juntscontraelcancer.cat\/es\/#website","url":"https:\/\/juntscontraelcancer.cat\/es\/","name":"Junts contra el c\u00e0ncer - FECEC","description":"","publisher":{"@id":"https:\/\/juntscontraelcancer.cat\/es\/#organization"},"potentialAction":[{"@type":"SearchAction","target":{"@type":"EntryPoint","urlTemplate":"https:\/\/juntscontraelcancer.cat\/es\/?s={search_term_string}"},"query-input":{"@type":"PropertyValueSpecification","valueRequired":true,"valueName":"search_term_string"}}],"inLanguage":"es"},{"@type":"Organization","@id":"https:\/\/juntscontraelcancer.cat\/es\/#organization","name":"Junts contra el c\u00e0ncer - FECEC","url":"https:\/\/juntscontraelcancer.cat\/es\/","logo":{"@type":"ImageObject","inLanguage":"es","@id":"https:\/\/juntscontraelcancer.cat\/es\/#\/schema\/logo\/image\/","url":"https:\/\/juntscontraelcancer.cat\/wp-content\/uploads\/2023\/01\/logo-fecec-header.png","contentUrl":"https:\/\/juntscontraelcancer.cat\/wp-content\/uploads\/2023\/01\/logo-fecec-header.png","width":126,"height":74,"caption":"Junts contra el c\u00e0ncer - FECEC"},"image":{"@id":"https:\/\/juntscontraelcancer.cat\/es\/#\/schema\/logo\/image\/"},"sameAs":["https:\/\/www.facebook.com\/fecec.federacio\/","https:\/\/x.com\/FececFederacio","https:\/\/www.instagram.com\/fececfederacio\/?hl=es","https:\/\/www.youtube.com\/channel\/UCgAC_6c6hmHwMQhSCQyYBdA"]},{"@type":"Person","@id":"https:\/\/juntscontraelcancer.cat\/es\/#\/schema\/person\/2bba6ee197504983c335d560850ec148","name":"FECEC Comunicaci\u00f3","image":{"@type":"ImageObject","inLanguage":"es","@id":"https:\/\/secure.gravatar.com\/avatar\/afa7129fad37df4be85b472c53d2039388784444579f67ca35ddbc83bfae2fd0?s=96&d=mm&r=g","url":"https:\/\/secure.gravatar.com\/avatar\/afa7129fad37df4be85b472c53d2039388784444579f67ca35ddbc83bfae2fd0?s=96&d=mm&r=g","contentUrl":"https:\/\/secure.gravatar.com\/avatar\/afa7129fad37df4be85b472c53d2039388784444579f67ca35ddbc83bfae2fd0?s=96&d=mm&r=g","caption":"FECEC Comunicaci\u00f3"}}]}},"_links":{"self":[{"href":"https:\/\/juntscontraelcancer.cat\/es\/wp-json\/wp\/v2\/posts\/43658","targetHints":{"allow":["GET"]}}],"collection":[{"href":"https:\/\/juntscontraelcancer.cat\/es\/wp-json\/wp\/v2\/posts"}],"about":[{"href":"https:\/\/juntscontraelcancer.cat\/es\/wp-json\/wp\/v2\/types\/post"}],"author":[{"embeddable":true,"href":"https:\/\/juntscontraelcancer.cat\/es\/wp-json\/wp\/v2\/users\/2"}],"replies":[{"embeddable":true,"href":"https:\/\/juntscontraelcancer.cat\/es\/wp-json\/wp\/v2\/comments?post=43658"}],"version-history":[{"count":3,"href":"https:\/\/juntscontraelcancer.cat\/es\/wp-json\/wp\/v2\/posts\/43658\/revisions"}],"predecessor-version":[{"id":43820,"href":"https:\/\/juntscontraelcancer.cat\/es\/wp-json\/wp\/v2\/posts\/43658\/revisions\/43820"}],"wp:featuredmedia":[{"embeddable":true,"href":"https:\/\/juntscontraelcancer.cat\/es\/wp-json\/wp\/v2\/media\/43657"}],"wp:attachment":[{"href":"https:\/\/juntscontraelcancer.cat\/es\/wp-json\/wp\/v2\/media?parent=43658"}],"wp:term":[{"taxonomy":"category","embeddable":true,"href":"https:\/\/juntscontraelcancer.cat\/es\/wp-json\/wp\/v2\/categories?post=43658"},{"taxonomy":"post_tag","embeddable":true,"href":"https:\/\/juntscontraelcancer.cat\/es\/wp-json\/wp\/v2\/tags?post=43658"}],"curies":[{"name":"wp","href":"https:\/\/api.w.org\/{rel}","templated":true}]}}