{"id":41979,"date":"2025-10-16T11:05:48","date_gmt":"2025-10-16T09:05:48","guid":{"rendered":"https:\/\/juntscontraelcancer.cat\/la-relacion-entre-el-cancer-de-mama-y-la-menopausia-tema-del-segundo-dialeg-fecec-de-2025\/"},"modified":"2025-10-20T10:10:57","modified_gmt":"2025-10-20T08:10:57","slug":"la-relacion-entre-el-cancer-de-mama-y-la-menopausia-tema-del-segundo-dialeg-fecec-de-2025","status":"publish","type":"post","link":"https:\/\/juntscontraelcancer.cat\/es\/la-relacion-entre-el-cancer-de-mama-y-la-menopausia-tema-del-segundo-dialeg-fecec-de-2025\/","title":{"rendered":"La relaci\u00f3n entre el c\u00e1ncer de mama y la menopausia, tema del segundo Di\u00e0leg FECEC de 2025"},"content":{"rendered":"\n<p><strong>En el marco del D\u00eda Mundial del C\u00e1ncer de Mama, la Federaci\u00f3 Catalana d\u2019Entitats contra el C\u00e0ncer (FECEC) celebr\u00f3 el segundo de los Di\u00e0legs FECEC de 2025, en esta ocasi\u00f3n bajo el t\u00edtulo \u201cC\u00e1ncer de mama y menopausia\u201d.<\/strong><\/p>\n\n<p>Las doctoras del <a href=\"https:\/\/ebron.com\/&lt;strong&gt;Hospital Vall d'Hebron&lt;\/strong&gt;&lt;\/a&gt; Esther Zamora y N&#xFA;ria-Laia Rodr&#xED;guez Mias, onc&#xF3;loga de la Unidad de C&#xE1;ncer de Mama y ginec&#xF3;loga adjunta del Servicio de Obstetricia y Ginecolog&#xED;a, respectivamente; junto con Isabel Zafra, paciente y testimonio, hablaron sobre los diferentes aspectos que rodean la relaci&#xF3;n entre &lt;a href=\" https:=\"\">la enfermedad<\/a> y esta etapa de la vida de las mujeres.<\/p>\n\n<p>Si no pudiste asistir, te dejamos el v\u00eddeo con la retransmisi\u00f3n en directo <a href=\"https:\/\/www.youtube.com\/@fececfederacio\" target=\"_blank\" rel=\"noreferrer noopener\">en nuestro canal de YouTube<\/a> para que puedas verlo.<\/p>\n\n<figure class=\"wp-block-embed is-type-video is-provider-youtube wp-block-embed-youtube wp-embed-aspect-16-9 wp-has-aspect-ratio\"><div class=\"wp-block-embed__wrapper\">\r\n<iframe loading=\"lazy\" title=\"Di\u00e0leg FECEC: &quot;C\u00e0ncer de mama i menopausa&quot;\" width=\"1020\" height=\"574\" src=\"https:\/\/www.youtube.com\/embed\/0MYnO0th_QY?feature=oembed\" frameborder=\"0\" allow=\"accelerometer; autoplay; clipboard-write; encrypted-media; gyroscope; picture-in-picture; web-share\" referrerpolicy=\"strict-origin-when-cross-origin\" allowfullscreen><\/iframe>\r\n<\/div><\/figure><br>\n\n<p>Este Di\u00e0leg cuenta con el apoyo del <a href=\"https:\/\/salutweb.gencat.cat\/ca\/inici\/index.html\" target=\"_blanka Generalitat de Catalunya&lt;\/a&gt;, &lt;a href=\" https:=\"\" rel=\"noreferrera&gt;, la &lt;a href=\" targetcelona=\"\"> y el <\/a><a href=\"https:\/\/espailinia.cat\/\" target=\"_blank\" rel=\"noreferrer noop&lt;\/div&gt;\"><\/a><\/p>\n","protected":false},"excerpt":{"rendered":"<p>En el marco del D\u00eda Mundial del C\u00e1ncer de Mama, la Federaci\u00f3 Catalana d\u2019Entitats contra el C\u00e0ncer (FECEC) celebr\u00f3 el segundo de los Di\u00e0legs FECEC de 2025, en esta ocasi\u00f3n bajo el t\u00edtulo \u201cC\u00e1ncer de mama y menopausia\u201d.<\/p>\n","protected":false},"author":2,"featured_media":41950,"comment_status":"closed","ping_status":"closed","sticky":false,"template":"","format":"standard","meta":{"_acf_changed":false,"inline_featured_image":false,"footnotes":""},"categories":[84,86],"tags":[184,187],"class_list":["post-41979","post","type-post","status-publish","format-standard","has-post-thumbnail","hentry","category-actualidad","category-destacadas","tag-cancermama-es","tag-programa-es"],"acf":[],"yoast_head":"<!-- This site is optimized with the Yoast SEO plugin v27.3 - https:\/\/yoast.com\/product\/yoast-seo-wordpress\/ -->\n<title>La relaci\u00f3n entre el c\u00e1ncer de mama y la menopausia, tema del segundo Di\u00e0leg FECEC de 2025 - Junts contra el c\u00e0ncer - FECEC<\/title>\n<meta name=\"robots\" content=\"index, follow, max-snippet:-1, max-image-preview:large, max-video-preview:-1\" \/>\n<link rel=\"canonical\" href=\"https:\/\/juntscontraelcancer.cat\/es\/la-relacion-entre-el-cancer-de-mama-y-la-menopausia-tema-del-segundo-dialeg-fecec-de-2025\/\" \/>\n<meta property=\"og:locale\" content=\"es_ES\" \/>\n<meta property=\"og:type\" content=\"article\" \/>\n<meta property=\"og:title\" content=\"La relaci\u00f3n entre el c\u00e1ncer de mama y la menopausia, tema del segundo Di\u00e0leg FECEC de 2025 - Junts contra el c\u00e0ncer - FECEC\" \/>\n<meta property=\"og:description\" content=\"En el marco del D\u00eda Mundial del C\u00e1ncer de Mama, la Federaci\u00f3 Catalana d\u2019Entitats contra el C\u00e0ncer (FECEC) celebr\u00f3 el segundo de los Di\u00e0legs FECEC de 2025, en esta ocasi\u00f3n bajo el t\u00edtulo \u201cC\u00e1ncer de mama y menopausia\u201d.\" \/>\n<meta property=\"og:url\" content=\"https:\/\/juntscontraelcancer.cat\/es\/la-relacion-entre-el-cancer-de-mama-y-la-menopausia-tema-del-segundo-dialeg-fecec-de-2025\/\" \/>\n<meta property=\"og:site_name\" content=\"Junts contra el c\u00e0ncer - FECEC\" \/>\n<meta property=\"article:publisher\" content=\"https:\/\/www.facebook.com\/fecec.federacio\/\" \/>\n<meta property=\"article:published_time\" content=\"2025-10-16T09:05:48+00:00\" \/>\n<meta property=\"article:modified_time\" content=\"2025-10-20T08:10:57+00:00\" \/>\n<meta property=\"og:image\" content=\"https:\/\/juntscontraelcancer.cat\/wp-content\/uploads\/2025\/10\/dialeg-cancer-de-mama-i-menopausa-scaled.jpg\" \/>\n\t<meta property=\"og:image:width\" content=\"2560\" \/>\n\t<meta property=\"og:image:height\" content=\"1920\" \/>\n\t<meta property=\"og:image:type\" content=\"image\/jpeg\" \/>\n<meta name=\"author\" content=\"FECEC Comunicaci\u00f3\" \/>\n<meta name=\"twitter:card\" content=\"summary_large_image\" \/>\n<meta name=\"twitter:creator\" content=\"@FececFederacio\" \/>\n<meta name=\"twitter:site\" content=\"@FececFederacio\" \/>\n<meta name=\"twitter:label1\" content=\"Escrito por\" \/>\n\t<meta name=\"twitter:data1\" content=\"FECEC Comunicaci\u00f3\" \/>\n\t<meta name=\"twitter:label2\" content=\"Tiempo de lectura\" \/>\n\t<meta name=\"twitter:data2\" content=\"1 minuto\" \/>\n<script type=\"application\/ld+json\" class=\"yoast-schema-graph\">{\"@context\":\"https:\\\/\\\/schema.org\",\"@graph\":[{\"@type\":\"Article\",\"@id\":\"https:\\\/\\\/juntscontraelcancer.cat\\\/es\\\/la-relacion-entre-el-cancer-de-mama-y-la-menopausia-tema-del-segundo-dialeg-fecec-de-2025\\\/#article\",\"isPartOf\":{\"@id\":\"https:\\\/\\\/juntscontraelcancer.cat\\\/es\\\/la-relacion-entre-el-cancer-de-mama-y-la-menopausia-tema-del-segundo-dialeg-fecec-de-2025\\\/\"},\"author\":{\"name\":\"FECEC Comunicaci\u00f3\",\"@id\":\"https:\\\/\\\/juntscontraelcancer.cat\\\/es\\\/#\\\/schema\\\/person\\\/2bba6ee197504983c335d560850ec148\"},\"headline\":\"La relaci\u00f3n entre el c\u00e1ncer de mama y la menopausia, tema del segundo Di\u00e0leg FECEC de 2025\",\"datePublished\":\"2025-10-16T09:05:48+00:00\",\"dateModified\":\"2025-10-20T08:10:57+00:00\",\"mainEntityOfPage\":{\"@id\":\"https:\\\/\\\/juntscontraelcancer.cat\\\/es\\\/la-relacion-entre-el-cancer-de-mama-y-la-menopausia-tema-del-segundo-dialeg-fecec-de-2025\\\/\"},\"wordCount\":124,\"publisher\":{\"@id\":\"https:\\\/\\\/juntscontraelcancer.cat\\\/es\\\/#organization\"},\"image\":{\"@id\":\"https:\\\/\\\/juntscontraelcancer.cat\\\/es\\\/la-relacion-entre-el-cancer-de-mama-y-la-menopausia-tema-del-segundo-dialeg-fecec-de-2025\\\/#primaryimage\"},\"thumbnailUrl\":\"https:\\\/\\\/juntscontraelcancer.cat\\\/wp-content\\\/uploads\\\/2025\\\/10\\\/dialeg-cancer-de-mama-i-menopausa-scaled.jpg\",\"keywords\":[\"c\u00e0ncermama\",\"programa\"],\"articleSection\":[\"Actualidad\",\"Destacadas\"],\"inLanguage\":\"es\"},{\"@type\":\"WebPage\",\"@id\":\"https:\\\/\\\/juntscontraelcancer.cat\\\/es\\\/la-relacion-entre-el-cancer-de-mama-y-la-menopausia-tema-del-segundo-dialeg-fecec-de-2025\\\/\",\"url\":\"https:\\\/\\\/juntscontraelcancer.cat\\\/es\\\/la-relacion-entre-el-cancer-de-mama-y-la-menopausia-tema-del-segundo-dialeg-fecec-de-2025\\\/\",\"name\":\"La relaci\u00f3n entre el c\u00e1ncer de mama y la menopausia, tema del segundo Di\u00e0leg FECEC de 2025 - Junts contra el c\u00e0ncer - FECEC\",\"isPartOf\":{\"@id\":\"https:\\\/\\\/juntscontraelcancer.cat\\\/es\\\/#website\"},\"primaryImageOfPage\":{\"@id\":\"https:\\\/\\\/juntscontraelcancer.cat\\\/es\\\/la-relacion-entre-el-cancer-de-mama-y-la-menopausia-tema-del-segundo-dialeg-fecec-de-2025\\\/#primaryimage\"},\"image\":{\"@id\":\"https:\\\/\\\/juntscontraelcancer.cat\\\/es\\\/la-relacion-entre-el-cancer-de-mama-y-la-menopausia-tema-del-segundo-dialeg-fecec-de-2025\\\/#primaryimage\"},\"thumbnailUrl\":\"https:\\\/\\\/juntscontraelcancer.cat\\\/wp-content\\\/uploads\\\/2025\\\/10\\\/dialeg-cancer-de-mama-i-menopausa-scaled.jpg\",\"datePublished\":\"2025-10-16T09:05:48+00:00\",\"dateModified\":\"2025-10-20T08:10:57+00:00\",\"breadcrumb\":{\"@id\":\"https:\\\/\\\/juntscontraelcancer.cat\\\/es\\\/la-relacion-entre-el-cancer-de-mama-y-la-menopausia-tema-del-segundo-dialeg-fecec-de-2025\\\/#breadcrumb\"},\"inLanguage\":\"es\",\"potentialAction\":[{\"@type\":\"ReadAction\",\"target\":[\"https:\\\/\\\/juntscontraelcancer.cat\\\/es\\\/la-relacion-entre-el-cancer-de-mama-y-la-menopausia-tema-del-segundo-dialeg-fecec-de-2025\\\/\"]}]},{\"@type\":\"ImageObject\",\"inLanguage\":\"es\",\"@id\":\"https:\\\/\\\/juntscontraelcancer.cat\\\/es\\\/la-relacion-entre-el-cancer-de-mama-y-la-menopausia-tema-del-segundo-dialeg-fecec-de-2025\\\/#primaryimage\",\"url\":\"https:\\\/\\\/juntscontraelcancer.cat\\\/wp-content\\\/uploads\\\/2025\\\/10\\\/dialeg-cancer-de-mama-i-menopausa-scaled.jpg\",\"contentUrl\":\"https:\\\/\\\/juntscontraelcancer.cat\\\/wp-content\\\/uploads\\\/2025\\\/10\\\/dialeg-cancer-de-mama-i-menopausa-scaled.jpg\",\"width\":2560,\"height\":1920},{\"@type\":\"BreadcrumbList\",\"@id\":\"https:\\\/\\\/juntscontraelcancer.cat\\\/es\\\/la-relacion-entre-el-cancer-de-mama-y-la-menopausia-tema-del-segundo-dialeg-fecec-de-2025\\\/#breadcrumb\",\"itemListElement\":[{\"@type\":\"ListItem\",\"position\":1,\"name\":\"Inicio\",\"item\":\"https:\\\/\\\/juntscontraelcancer.cat\\\/es\\\/\"},{\"@type\":\"ListItem\",\"position\":2,\"name\":\"La relaci\u00f3n entre el c\u00e1ncer de mama y la menopausia, tema del segundo Di\u00e0leg FECEC de 2025\"}]},{\"@type\":\"WebSite\",\"@id\":\"https:\\\/\\\/juntscontraelcancer.cat\\\/es\\\/#website\",\"url\":\"https:\\\/\\\/juntscontraelcancer.cat\\\/es\\\/\",\"name\":\"Junts contra el c\u00e0ncer - FECEC\",\"description\":\"\",\"publisher\":{\"@id\":\"https:\\\/\\\/juntscontraelcancer.cat\\\/es\\\/#organization\"},\"potentialAction\":[{\"@type\":\"SearchAction\",\"target\":{\"@type\":\"EntryPoint\",\"urlTemplate\":\"https:\\\/\\\/juntscontraelcancer.cat\\\/es\\\/?s={search_term_string}\"},\"query-input\":{\"@type\":\"PropertyValueSpecification\",\"valueRequired\":true,\"valueName\":\"search_term_string\"}}],\"inLanguage\":\"es\"},{\"@type\":\"Organization\",\"@id\":\"https:\\\/\\\/juntscontraelcancer.cat\\\/es\\\/#organization\",\"name\":\"Junts contra el c\u00e0ncer - FECEC\",\"url\":\"https:\\\/\\\/juntscontraelcancer.cat\\\/es\\\/\",\"logo\":{\"@type\":\"ImageObject\",\"inLanguage\":\"es\",\"@id\":\"https:\\\/\\\/juntscontraelcancer.cat\\\/es\\\/#\\\/schema\\\/logo\\\/image\\\/\",\"url\":\"https:\\\/\\\/juntscontraelcancer.cat\\\/wp-content\\\/uploads\\\/2023\\\/01\\\/logo-fecec-header.png\",\"contentUrl\":\"https:\\\/\\\/juntscontraelcancer.cat\\\/wp-content\\\/uploads\\\/2023\\\/01\\\/logo-fecec-header.png\",\"width\":126,\"height\":74,\"caption\":\"Junts contra el c\u00e0ncer - FECEC\"},\"image\":{\"@id\":\"https:\\\/\\\/juntscontraelcancer.cat\\\/es\\\/#\\\/schema\\\/logo\\\/image\\\/\"},\"sameAs\":[\"https:\\\/\\\/www.facebook.com\\\/fecec.federacio\\\/\",\"https:\\\/\\\/x.com\\\/FececFederacio\",\"https:\\\/\\\/www.instagram.com\\\/fececfederacio\\\/?hl=es\",\"https:\\\/\\\/www.youtube.com\\\/channel\\\/UCgAC_6c6hmHwMQhSCQyYBdA\"]},{\"@type\":\"Person\",\"@id\":\"https:\\\/\\\/juntscontraelcancer.cat\\\/es\\\/#\\\/schema\\\/person\\\/2bba6ee197504983c335d560850ec148\",\"name\":\"FECEC Comunicaci\u00f3\",\"image\":{\"@type\":\"ImageObject\",\"inLanguage\":\"es\",\"@id\":\"https:\\\/\\\/secure.gravatar.com\\\/avatar\\\/afa7129fad37df4be85b472c53d2039388784444579f67ca35ddbc83bfae2fd0?s=96&d=mm&r=g\",\"url\":\"https:\\\/\\\/secure.gravatar.com\\\/avatar\\\/afa7129fad37df4be85b472c53d2039388784444579f67ca35ddbc83bfae2fd0?s=96&d=mm&r=g\",\"contentUrl\":\"https:\\\/\\\/secure.gravatar.com\\\/avatar\\\/afa7129fad37df4be85b472c53d2039388784444579f67ca35ddbc83bfae2fd0?s=96&d=mm&r=g\",\"caption\":\"FECEC Comunicaci\u00f3\"}}]}<\/script>\n<!-- \/ Yoast SEO plugin. -->","yoast_head_json":{"title":"La relaci\u00f3n entre el c\u00e1ncer de mama y la menopausia, tema del segundo Di\u00e0leg FECEC de 2025 - Junts contra el c\u00e0ncer - FECEC","robots":{"index":"index","follow":"follow","max-snippet":"max-snippet:-1","max-image-preview":"max-image-preview:large","max-video-preview":"max-video-preview:-1"},"canonical":"https:\/\/juntscontraelcancer.cat\/es\/la-relacion-entre-el-cancer-de-mama-y-la-menopausia-tema-del-segundo-dialeg-fecec-de-2025\/","og_locale":"es_ES","og_type":"article","og_title":"La relaci\u00f3n entre el c\u00e1ncer de mama y la menopausia, tema del segundo Di\u00e0leg FECEC de 2025 - Junts contra el c\u00e0ncer - FECEC","og_description":"En el marco del D\u00eda Mundial del C\u00e1ncer de Mama, la Federaci\u00f3 Catalana d\u2019Entitats contra el C\u00e0ncer (FECEC) celebr\u00f3 el segundo de los Di\u00e0legs FECEC de 2025, en esta ocasi\u00f3n bajo el t\u00edtulo \u201cC\u00e1ncer de mama y menopausia\u201d.","og_url":"https:\/\/juntscontraelcancer.cat\/es\/la-relacion-entre-el-cancer-de-mama-y-la-menopausia-tema-del-segundo-dialeg-fecec-de-2025\/","og_site_name":"Junts contra el c\u00e0ncer - FECEC","article_publisher":"https:\/\/www.facebook.com\/fecec.federacio\/","article_published_time":"2025-10-16T09:05:48+00:00","article_modified_time":"2025-10-20T08:10:57+00:00","og_image":[{"width":2560,"height":1920,"url":"https:\/\/juntscontraelcancer.cat\/wp-content\/uploads\/2025\/10\/dialeg-cancer-de-mama-i-menopausa-scaled.jpg","type":"image\/jpeg"}],"author":"FECEC Comunicaci\u00f3","twitter_card":"summary_large_image","twitter_creator":"@FececFederacio","twitter_site":"@FececFederacio","twitter_misc":{"Escrito por":"FECEC Comunicaci\u00f3","Tiempo de lectura":"1 minuto"},"schema":{"@context":"https:\/\/schema.org","@graph":[{"@type":"Article","@id":"https:\/\/juntscontraelcancer.cat\/es\/la-relacion-entre-el-cancer-de-mama-y-la-menopausia-tema-del-segundo-dialeg-fecec-de-2025\/#article","isPartOf":{"@id":"https:\/\/juntscontraelcancer.cat\/es\/la-relacion-entre-el-cancer-de-mama-y-la-menopausia-tema-del-segundo-dialeg-fecec-de-2025\/"},"author":{"name":"FECEC Comunicaci\u00f3","@id":"https:\/\/juntscontraelcancer.cat\/es\/#\/schema\/person\/2bba6ee197504983c335d560850ec148"},"headline":"La relaci\u00f3n entre el c\u00e1ncer de mama y la menopausia, tema del segundo Di\u00e0leg FECEC de 2025","datePublished":"2025-10-16T09:05:48+00:00","dateModified":"2025-10-20T08:10:57+00:00","mainEntityOfPage":{"@id":"https:\/\/juntscontraelcancer.cat\/es\/la-relacion-entre-el-cancer-de-mama-y-la-menopausia-tema-del-segundo-dialeg-fecec-de-2025\/"},"wordCount":124,"publisher":{"@id":"https:\/\/juntscontraelcancer.cat\/es\/#organization"},"image":{"@id":"https:\/\/juntscontraelcancer.cat\/es\/la-relacion-entre-el-cancer-de-mama-y-la-menopausia-tema-del-segundo-dialeg-fecec-de-2025\/#primaryimage"},"thumbnailUrl":"https:\/\/juntscontraelcancer.cat\/wp-content\/uploads\/2025\/10\/dialeg-cancer-de-mama-i-menopausa-scaled.jpg","keywords":["c\u00e0ncermama","programa"],"articleSection":["Actualidad","Destacadas"],"inLanguage":"es"},{"@type":"WebPage","@id":"https:\/\/juntscontraelcancer.cat\/es\/la-relacion-entre-el-cancer-de-mama-y-la-menopausia-tema-del-segundo-dialeg-fecec-de-2025\/","url":"https:\/\/juntscontraelcancer.cat\/es\/la-relacion-entre-el-cancer-de-mama-y-la-menopausia-tema-del-segundo-dialeg-fecec-de-2025\/","name":"La relaci\u00f3n entre el c\u00e1ncer de mama y la menopausia, tema del segundo Di\u00e0leg FECEC de 2025 - Junts contra el c\u00e0ncer - FECEC","isPartOf":{"@id":"https:\/\/juntscontraelcancer.cat\/es\/#website"},"primaryImageOfPage":{"@id":"https:\/\/juntscontraelcancer.cat\/es\/la-relacion-entre-el-cancer-de-mama-y-la-menopausia-tema-del-segundo-dialeg-fecec-de-2025\/#primaryimage"},"image":{"@id":"https:\/\/juntscontraelcancer.cat\/es\/la-relacion-entre-el-cancer-de-mama-y-la-menopausia-tema-del-segundo-dialeg-fecec-de-2025\/#primaryimage"},"thumbnailUrl":"https:\/\/juntscontraelcancer.cat\/wp-content\/uploads\/2025\/10\/dialeg-cancer-de-mama-i-menopausa-scaled.jpg","datePublished":"2025-10-16T09:05:48+00:00","dateModified":"2025-10-20T08:10:57+00:00","breadcrumb":{"@id":"https:\/\/juntscontraelcancer.cat\/es\/la-relacion-entre-el-cancer-de-mama-y-la-menopausia-tema-del-segundo-dialeg-fecec-de-2025\/#breadcrumb"},"inLanguage":"es","potentialAction":[{"@type":"ReadAction","target":["https:\/\/juntscontraelcancer.cat\/es\/la-relacion-entre-el-cancer-de-mama-y-la-menopausia-tema-del-segundo-dialeg-fecec-de-2025\/"]}]},{"@type":"ImageObject","inLanguage":"es","@id":"https:\/\/juntscontraelcancer.cat\/es\/la-relacion-entre-el-cancer-de-mama-y-la-menopausia-tema-del-segundo-dialeg-fecec-de-2025\/#primaryimage","url":"https:\/\/juntscontraelcancer.cat\/wp-content\/uploads\/2025\/10\/dialeg-cancer-de-mama-i-menopausa-scaled.jpg","contentUrl":"https:\/\/juntscontraelcancer.cat\/wp-content\/uploads\/2025\/10\/dialeg-cancer-de-mama-i-menopausa-scaled.jpg","width":2560,"height":1920},{"@type":"BreadcrumbList","@id":"https:\/\/juntscontraelcancer.cat\/es\/la-relacion-entre-el-cancer-de-mama-y-la-menopausia-tema-del-segundo-dialeg-fecec-de-2025\/#breadcrumb","itemListElement":[{"@type":"ListItem","position":1,"name":"Inicio","item":"https:\/\/juntscontraelcancer.cat\/es\/"},{"@type":"ListItem","position":2,"name":"La relaci\u00f3n entre el c\u00e1ncer de mama y la menopausia, tema del segundo Di\u00e0leg FECEC de 2025"}]},{"@type":"WebSite","@id":"https:\/\/juntscontraelcancer.cat\/es\/#website","url":"https:\/\/juntscontraelcancer.cat\/es\/","name":"Junts contra el c\u00e0ncer - FECEC","description":"","publisher":{"@id":"https:\/\/juntscontraelcancer.cat\/es\/#organization"},"potentialAction":[{"@type":"SearchAction","target":{"@type":"EntryPoint","urlTemplate":"https:\/\/juntscontraelcancer.cat\/es\/?s={search_term_string}"},"query-input":{"@type":"PropertyValueSpecification","valueRequired":true,"valueName":"search_term_string"}}],"inLanguage":"es"},{"@type":"Organization","@id":"https:\/\/juntscontraelcancer.cat\/es\/#organization","name":"Junts contra el c\u00e0ncer - FECEC","url":"https:\/\/juntscontraelcancer.cat\/es\/","logo":{"@type":"ImageObject","inLanguage":"es","@id":"https:\/\/juntscontraelcancer.cat\/es\/#\/schema\/logo\/image\/","url":"https:\/\/juntscontraelcancer.cat\/wp-content\/uploads\/2023\/01\/logo-fecec-header.png","contentUrl":"https:\/\/juntscontraelcancer.cat\/wp-content\/uploads\/2023\/01\/logo-fecec-header.png","width":126,"height":74,"caption":"Junts contra el c\u00e0ncer - FECEC"},"image":{"@id":"https:\/\/juntscontraelcancer.cat\/es\/#\/schema\/logo\/image\/"},"sameAs":["https:\/\/www.facebook.com\/fecec.federacio\/","https:\/\/x.com\/FececFederacio","https:\/\/www.instagram.com\/fececfederacio\/?hl=es","https:\/\/www.youtube.com\/channel\/UCgAC_6c6hmHwMQhSCQyYBdA"]},{"@type":"Person","@id":"https:\/\/juntscontraelcancer.cat\/es\/#\/schema\/person\/2bba6ee197504983c335d560850ec148","name":"FECEC Comunicaci\u00f3","image":{"@type":"ImageObject","inLanguage":"es","@id":"https:\/\/secure.gravatar.com\/avatar\/afa7129fad37df4be85b472c53d2039388784444579f67ca35ddbc83bfae2fd0?s=96&d=mm&r=g","url":"https:\/\/secure.gravatar.com\/avatar\/afa7129fad37df4be85b472c53d2039388784444579f67ca35ddbc83bfae2fd0?s=96&d=mm&r=g","contentUrl":"https:\/\/secure.gravatar.com\/avatar\/afa7129fad37df4be85b472c53d2039388784444579f67ca35ddbc83bfae2fd0?s=96&d=mm&r=g","caption":"FECEC Comunicaci\u00f3"}}]}},"_links":{"self":[{"href":"https:\/\/juntscontraelcancer.cat\/es\/wp-json\/wp\/v2\/posts\/41979","targetHints":{"allow":["GET"]}}],"collection":[{"href":"https:\/\/juntscontraelcancer.cat\/es\/wp-json\/wp\/v2\/posts"}],"about":[{"href":"https:\/\/juntscontraelcancer.cat\/es\/wp-json\/wp\/v2\/types\/post"}],"author":[{"embeddable":true,"href":"https:\/\/juntscontraelcancer.cat\/es\/wp-json\/wp\/v2\/users\/2"}],"replies":[{"embeddable":true,"href":"https:\/\/juntscontraelcancer.cat\/es\/wp-json\/wp\/v2\/comments?post=41979"}],"version-history":[{"count":1,"href":"https:\/\/juntscontraelcancer.cat\/es\/wp-json\/wp\/v2\/posts\/41979\/revisions"}],"predecessor-version":[{"id":41980,"href":"https:\/\/juntscontraelcancer.cat\/es\/wp-json\/wp\/v2\/posts\/41979\/revisions\/41980"}],"wp:featuredmedia":[{"embeddable":true,"href":"https:\/\/juntscontraelcancer.cat\/es\/wp-json\/wp\/v2\/media\/41950"}],"wp:attachment":[{"href":"https:\/\/juntscontraelcancer.cat\/es\/wp-json\/wp\/v2\/media?parent=41979"}],"wp:term":[{"taxonomy":"category","embeddable":true,"href":"https:\/\/juntscontraelcancer.cat\/es\/wp-json\/wp\/v2\/categories?post=41979"},{"taxonomy":"post_tag","embeddable":true,"href":"https:\/\/juntscontraelcancer.cat\/es\/wp-json\/wp\/v2\/tags?post=41979"}],"curies":[{"name":"wp","href":"https:\/\/api.w.org\/{rel}","templated":true}]}}