{"id":41709,"date":"2025-09-16T13:10:10","date_gmt":"2025-09-16T11:10:10","guid":{"rendered":"https:\/\/juntscontraelcancer.cat\/videotutorial-volver-al-trabajo-despues-del-cancer-que-debo-saber\/"},"modified":"2025-09-29T15:48:11","modified_gmt":"2025-09-29T13:48:11","slug":"videotutorial-volver-al-trabajo-despues-del-cancer-que-debo-saber","status":"publish","type":"post","link":"https:\/\/juntscontraelcancer.cat\/es\/videotutorial-volver-al-trabajo-despues-del-cancer-que-debo-saber\/","title":{"rendered":"Videotutorial \u2013 Volver al trabajo despu\u00e9s del c\u00e1ncer: \u00bfqu\u00e9 tengo que saber?"},"content":{"rendered":"\n<p><strong>Volver a trabajar despu\u00e9s del c\u00e1ncer es un derecho y una necesidad. En este videotutorial encontrar\u00e1s los pasos a seguir para hacerlo con garant\u00edas.<\/strong><\/p>\n\n<p>En este v\u00eddeo que hemos elaborado para la web #Despr\u00e9sdelC\u00e0ncer, te explicamos los pasos clave para un regreso a la actividad laboral con garant\u00edas.<\/p>\n\n<ul class=\"wp-block-list\">\n<li>Te explicamos c\u00f3mo conocer tu situaci\u00f3n legal<\/li>\n\n\n\n<li>Te damos las claves para preparar tu regreso al trabajo<\/li>\n\n\n\n<li>Te detallamos qu\u00e9 puedes encontrarte una vez te hayas reincorporado a tu puesto de trabajo<br\/><\/li>\n<\/ul>\n\n<figure class=\"wp-block-embed is-type-video is-provider-youtube wp-block-embed-youtube wp-embed-aspect-16-9 wp-has-aspect-ratio\"><div class=\"wp-block-embed__wrapper\">\r\n<iframe loading=\"lazy\" title=\"Volver al trabajo despu\u00e9s del c\u00e1ncer: \u00bfqu\u00e9 tengo que saber?\" width=\"1020\" height=\"574\" src=\"https:\/\/www.youtube.com\/embed\/VgOF87iLiRc?feature=oembed\" frameborder=\"0\" allow=\"accelerometer; autoplay; clipboard-write; encrypted-media; gyroscope; picture-in-picture; web-share\" referrerpolicy=\"strict-origin-when-cross-origin\" allowfullscreen><\/iframe>\r\n<\/div><\/figure><br>\n\n<p><strong><a href=\"https:\/\/despresdelcancer.cat\/wp-content\/uploads\/2025\/07\/PDF-VIDEOTUTORIAL-ESP-1.pdf\">Descarga aqu\u00ed el PDF<\/a><\/strong><\/p>\n\n<p><\/p>\n","protected":false},"excerpt":{"rendered":"<p>Volver a trabajar despu\u00e9s del c\u00e1ncer es un derecho y una necesidad. En este videotutorial encontrar\u00e1s los pasos a seguir para hacerlo con garant\u00edas.<\/p>\n","protected":false},"author":2,"featured_media":41483,"comment_status":"closed","ping_status":"closed","sticky":false,"template":"","format":"standard","meta":{"_acf_changed":false,"inline_featured_image":false,"footnotes":""},"categories":[84,86],"tags":[],"class_list":["post-41709","post","type-post","status-publish","format-standard","has-post-thumbnail","hentry","category-actualidad","category-destacadas"],"acf":[],"yoast_head":"<!-- This site is optimized with the Yoast SEO plugin v27.3 - https:\/\/yoast.com\/product\/yoast-seo-wordpress\/ -->\n<title>Videotutorial \u2013 Volver al trabajo despu\u00e9s del c\u00e1ncer: \u00bfqu\u00e9 tengo que saber? - Junts contra el c\u00e0ncer - FECEC<\/title>\n<meta name=\"robots\" content=\"index, follow, max-snippet:-1, max-image-preview:large, max-video-preview:-1\" \/>\n<link rel=\"canonical\" href=\"https:\/\/juntscontraelcancer.cat\/es\/videotutorial-volver-al-trabajo-despues-del-cancer-que-debo-saber\/\" \/>\n<meta property=\"og:locale\" content=\"es_ES\" \/>\n<meta property=\"og:type\" content=\"article\" \/>\n<meta property=\"og:title\" content=\"Videotutorial \u2013 Volver al trabajo despu\u00e9s del c\u00e1ncer: \u00bfqu\u00e9 tengo que saber? - Junts contra el c\u00e0ncer - FECEC\" \/>\n<meta property=\"og:description\" content=\"Volver a trabajar despu\u00e9s del c\u00e1ncer es un derecho y una necesidad. En este videotutorial encontrar\u00e1s los pasos a seguir para hacerlo con garant\u00edas.\" \/>\n<meta property=\"og:url\" content=\"https:\/\/juntscontraelcancer.cat\/es\/videotutorial-volver-al-trabajo-despues-del-cancer-que-debo-saber\/\" \/>\n<meta property=\"og:site_name\" content=\"Junts contra el c\u00e0ncer - FECEC\" \/>\n<meta property=\"article:publisher\" content=\"https:\/\/www.facebook.com\/fecec.federacio\/\" \/>\n<meta property=\"article:published_time\" content=\"2025-09-16T11:10:10+00:00\" \/>\n<meta property=\"article:modified_time\" content=\"2025-09-29T13:48:11+00:00\" \/>\n<meta property=\"og:image\" content=\"https:\/\/juntscontraelcancer.cat\/wp-content\/uploads\/2025\/09\/video-tutorial-tornar-a-la-feina-horitzontal-esp.png\" \/>\n\t<meta property=\"og:image:width\" content=\"1920\" \/>\n\t<meta property=\"og:image:height\" content=\"1080\" \/>\n\t<meta property=\"og:image:type\" content=\"image\/png\" \/>\n<meta name=\"author\" content=\"FECEC Comunicaci\u00f3\" \/>\n<meta name=\"twitter:card\" content=\"summary_large_image\" \/>\n<meta name=\"twitter:creator\" content=\"@FececFederacio\" \/>\n<meta name=\"twitter:site\" content=\"@FececFederacio\" \/>\n<meta name=\"twitter:label1\" content=\"Escrito por\" \/>\n\t<meta name=\"twitter:data1\" content=\"FECEC Comunicaci\u00f3\" \/>\n\t<meta name=\"twitter:label2\" content=\"Tiempo de lectura\" \/>\n\t<meta name=\"twitter:data2\" content=\"1 minuto\" \/>\n<script type=\"application\/ld+json\" class=\"yoast-schema-graph\">{\"@context\":\"https:\\\/\\\/schema.org\",\"@graph\":[{\"@type\":\"Article\",\"@id\":\"https:\\\/\\\/juntscontraelcancer.cat\\\/es\\\/videotutorial-volver-al-trabajo-despues-del-cancer-que-debo-saber\\\/#article\",\"isPartOf\":{\"@id\":\"https:\\\/\\\/juntscontraelcancer.cat\\\/es\\\/videotutorial-volver-al-trabajo-despues-del-cancer-que-debo-saber\\\/\"},\"author\":{\"name\":\"FECEC Comunicaci\u00f3\",\"@id\":\"https:\\\/\\\/juntscontraelcancer.cat\\\/es\\\/#\\\/schema\\\/person\\\/2bba6ee197504983c335d560850ec148\"},\"headline\":\"Videotutorial \u2013 Volver al trabajo despu\u00e9s del c\u00e1ncer: \u00bfqu\u00e9 tengo que saber?\",\"datePublished\":\"2025-09-16T11:10:10+00:00\",\"dateModified\":\"2025-09-29T13:48:11+00:00\",\"mainEntityOfPage\":{\"@id\":\"https:\\\/\\\/juntscontraelcancer.cat\\\/es\\\/videotutorial-volver-al-trabajo-despues-del-cancer-que-debo-saber\\\/\"},\"wordCount\":115,\"publisher\":{\"@id\":\"https:\\\/\\\/juntscontraelcancer.cat\\\/es\\\/#organization\"},\"image\":{\"@id\":\"https:\\\/\\\/juntscontraelcancer.cat\\\/es\\\/videotutorial-volver-al-trabajo-despues-del-cancer-que-debo-saber\\\/#primaryimage\"},\"thumbnailUrl\":\"https:\\\/\\\/juntscontraelcancer.cat\\\/wp-content\\\/uploads\\\/2025\\\/09\\\/video-tutorial-tornar-a-la-feina-horitzontal-esp.png\",\"articleSection\":[\"Actualidad\",\"Destacadas\"],\"inLanguage\":\"es\"},{\"@type\":\"WebPage\",\"@id\":\"https:\\\/\\\/juntscontraelcancer.cat\\\/es\\\/videotutorial-volver-al-trabajo-despues-del-cancer-que-debo-saber\\\/\",\"url\":\"https:\\\/\\\/juntscontraelcancer.cat\\\/es\\\/videotutorial-volver-al-trabajo-despues-del-cancer-que-debo-saber\\\/\",\"name\":\"Videotutorial \u2013 Volver al trabajo despu\u00e9s del c\u00e1ncer: \u00bfqu\u00e9 tengo que saber? - Junts contra el c\u00e0ncer - FECEC\",\"isPartOf\":{\"@id\":\"https:\\\/\\\/juntscontraelcancer.cat\\\/es\\\/#website\"},\"primaryImageOfPage\":{\"@id\":\"https:\\\/\\\/juntscontraelcancer.cat\\\/es\\\/videotutorial-volver-al-trabajo-despues-del-cancer-que-debo-saber\\\/#primaryimage\"},\"image\":{\"@id\":\"https:\\\/\\\/juntscontraelcancer.cat\\\/es\\\/videotutorial-volver-al-trabajo-despues-del-cancer-que-debo-saber\\\/#primaryimage\"},\"thumbnailUrl\":\"https:\\\/\\\/juntscontraelcancer.cat\\\/wp-content\\\/uploads\\\/2025\\\/09\\\/video-tutorial-tornar-a-la-feina-horitzontal-esp.png\",\"datePublished\":\"2025-09-16T11:10:10+00:00\",\"dateModified\":\"2025-09-29T13:48:11+00:00\",\"breadcrumb\":{\"@id\":\"https:\\\/\\\/juntscontraelcancer.cat\\\/es\\\/videotutorial-volver-al-trabajo-despues-del-cancer-que-debo-saber\\\/#breadcrumb\"},\"inLanguage\":\"es\",\"potentialAction\":[{\"@type\":\"ReadAction\",\"target\":[\"https:\\\/\\\/juntscontraelcancer.cat\\\/es\\\/videotutorial-volver-al-trabajo-despues-del-cancer-que-debo-saber\\\/\"]}]},{\"@type\":\"ImageObject\",\"inLanguage\":\"es\",\"@id\":\"https:\\\/\\\/juntscontraelcancer.cat\\\/es\\\/videotutorial-volver-al-trabajo-despues-del-cancer-que-debo-saber\\\/#primaryimage\",\"url\":\"https:\\\/\\\/juntscontraelcancer.cat\\\/wp-content\\\/uploads\\\/2025\\\/09\\\/video-tutorial-tornar-a-la-feina-horitzontal-esp.png\",\"contentUrl\":\"https:\\\/\\\/juntscontraelcancer.cat\\\/wp-content\\\/uploads\\\/2025\\\/09\\\/video-tutorial-tornar-a-la-feina-horitzontal-esp.png\",\"width\":1920,\"height\":1080},{\"@type\":\"BreadcrumbList\",\"@id\":\"https:\\\/\\\/juntscontraelcancer.cat\\\/es\\\/videotutorial-volver-al-trabajo-despues-del-cancer-que-debo-saber\\\/#breadcrumb\",\"itemListElement\":[{\"@type\":\"ListItem\",\"position\":1,\"name\":\"Inicio\",\"item\":\"https:\\\/\\\/juntscontraelcancer.cat\\\/es\\\/\"},{\"@type\":\"ListItem\",\"position\":2,\"name\":\"Videotutorial \u2013 Volver al trabajo despu\u00e9s del c\u00e1ncer: \u00bfqu\u00e9 tengo que saber?\"}]},{\"@type\":\"WebSite\",\"@id\":\"https:\\\/\\\/juntscontraelcancer.cat\\\/es\\\/#website\",\"url\":\"https:\\\/\\\/juntscontraelcancer.cat\\\/es\\\/\",\"name\":\"Junts contra el c\u00e0ncer - FECEC\",\"description\":\"\",\"publisher\":{\"@id\":\"https:\\\/\\\/juntscontraelcancer.cat\\\/es\\\/#organization\"},\"potentialAction\":[{\"@type\":\"SearchAction\",\"target\":{\"@type\":\"EntryPoint\",\"urlTemplate\":\"https:\\\/\\\/juntscontraelcancer.cat\\\/es\\\/?s={search_term_string}\"},\"query-input\":{\"@type\":\"PropertyValueSpecification\",\"valueRequired\":true,\"valueName\":\"search_term_string\"}}],\"inLanguage\":\"es\"},{\"@type\":\"Organization\",\"@id\":\"https:\\\/\\\/juntscontraelcancer.cat\\\/es\\\/#organization\",\"name\":\"Junts contra el c\u00e0ncer - FECEC\",\"url\":\"https:\\\/\\\/juntscontraelcancer.cat\\\/es\\\/\",\"logo\":{\"@type\":\"ImageObject\",\"inLanguage\":\"es\",\"@id\":\"https:\\\/\\\/juntscontraelcancer.cat\\\/es\\\/#\\\/schema\\\/logo\\\/image\\\/\",\"url\":\"https:\\\/\\\/juntscontraelcancer.cat\\\/wp-content\\\/uploads\\\/2023\\\/01\\\/logo-fecec-header.png\",\"contentUrl\":\"https:\\\/\\\/juntscontraelcancer.cat\\\/wp-content\\\/uploads\\\/2023\\\/01\\\/logo-fecec-header.png\",\"width\":126,\"height\":74,\"caption\":\"Junts contra el c\u00e0ncer - FECEC\"},\"image\":{\"@id\":\"https:\\\/\\\/juntscontraelcancer.cat\\\/es\\\/#\\\/schema\\\/logo\\\/image\\\/\"},\"sameAs\":[\"https:\\\/\\\/www.facebook.com\\\/fecec.federacio\\\/\",\"https:\\\/\\\/x.com\\\/FececFederacio\",\"https:\\\/\\\/www.instagram.com\\\/fececfederacio\\\/?hl=es\",\"https:\\\/\\\/www.youtube.com\\\/channel\\\/UCgAC_6c6hmHwMQhSCQyYBdA\"]},{\"@type\":\"Person\",\"@id\":\"https:\\\/\\\/juntscontraelcancer.cat\\\/es\\\/#\\\/schema\\\/person\\\/2bba6ee197504983c335d560850ec148\",\"name\":\"FECEC Comunicaci\u00f3\",\"image\":{\"@type\":\"ImageObject\",\"inLanguage\":\"es\",\"@id\":\"https:\\\/\\\/secure.gravatar.com\\\/avatar\\\/afa7129fad37df4be85b472c53d2039388784444579f67ca35ddbc83bfae2fd0?s=96&d=mm&r=g\",\"url\":\"https:\\\/\\\/secure.gravatar.com\\\/avatar\\\/afa7129fad37df4be85b472c53d2039388784444579f67ca35ddbc83bfae2fd0?s=96&d=mm&r=g\",\"contentUrl\":\"https:\\\/\\\/secure.gravatar.com\\\/avatar\\\/afa7129fad37df4be85b472c53d2039388784444579f67ca35ddbc83bfae2fd0?s=96&d=mm&r=g\",\"caption\":\"FECEC Comunicaci\u00f3\"}}]}<\/script>\n<!-- \/ Yoast SEO plugin. -->","yoast_head_json":{"title":"Videotutorial \u2013 Volver al trabajo despu\u00e9s del c\u00e1ncer: \u00bfqu\u00e9 tengo que saber? - Junts contra el c\u00e0ncer - FECEC","robots":{"index":"index","follow":"follow","max-snippet":"max-snippet:-1","max-image-preview":"max-image-preview:large","max-video-preview":"max-video-preview:-1"},"canonical":"https:\/\/juntscontraelcancer.cat\/es\/videotutorial-volver-al-trabajo-despues-del-cancer-que-debo-saber\/","og_locale":"es_ES","og_type":"article","og_title":"Videotutorial \u2013 Volver al trabajo despu\u00e9s del c\u00e1ncer: \u00bfqu\u00e9 tengo que saber? - Junts contra el c\u00e0ncer - FECEC","og_description":"Volver a trabajar despu\u00e9s del c\u00e1ncer es un derecho y una necesidad. En este videotutorial encontrar\u00e1s los pasos a seguir para hacerlo con garant\u00edas.","og_url":"https:\/\/juntscontraelcancer.cat\/es\/videotutorial-volver-al-trabajo-despues-del-cancer-que-debo-saber\/","og_site_name":"Junts contra el c\u00e0ncer - FECEC","article_publisher":"https:\/\/www.facebook.com\/fecec.federacio\/","article_published_time":"2025-09-16T11:10:10+00:00","article_modified_time":"2025-09-29T13:48:11+00:00","og_image":[{"width":1920,"height":1080,"url":"https:\/\/juntscontraelcancer.cat\/wp-content\/uploads\/2025\/09\/video-tutorial-tornar-a-la-feina-horitzontal-esp.png","type":"image\/png"}],"author":"FECEC Comunicaci\u00f3","twitter_card":"summary_large_image","twitter_creator":"@FececFederacio","twitter_site":"@FececFederacio","twitter_misc":{"Escrito por":"FECEC Comunicaci\u00f3","Tiempo de lectura":"1 minuto"},"schema":{"@context":"https:\/\/schema.org","@graph":[{"@type":"Article","@id":"https:\/\/juntscontraelcancer.cat\/es\/videotutorial-volver-al-trabajo-despues-del-cancer-que-debo-saber\/#article","isPartOf":{"@id":"https:\/\/juntscontraelcancer.cat\/es\/videotutorial-volver-al-trabajo-despues-del-cancer-que-debo-saber\/"},"author":{"name":"FECEC Comunicaci\u00f3","@id":"https:\/\/juntscontraelcancer.cat\/es\/#\/schema\/person\/2bba6ee197504983c335d560850ec148"},"headline":"Videotutorial \u2013 Volver al trabajo despu\u00e9s del c\u00e1ncer: \u00bfqu\u00e9 tengo que saber?","datePublished":"2025-09-16T11:10:10+00:00","dateModified":"2025-09-29T13:48:11+00:00","mainEntityOfPage":{"@id":"https:\/\/juntscontraelcancer.cat\/es\/videotutorial-volver-al-trabajo-despues-del-cancer-que-debo-saber\/"},"wordCount":115,"publisher":{"@id":"https:\/\/juntscontraelcancer.cat\/es\/#organization"},"image":{"@id":"https:\/\/juntscontraelcancer.cat\/es\/videotutorial-volver-al-trabajo-despues-del-cancer-que-debo-saber\/#primaryimage"},"thumbnailUrl":"https:\/\/juntscontraelcancer.cat\/wp-content\/uploads\/2025\/09\/video-tutorial-tornar-a-la-feina-horitzontal-esp.png","articleSection":["Actualidad","Destacadas"],"inLanguage":"es"},{"@type":"WebPage","@id":"https:\/\/juntscontraelcancer.cat\/es\/videotutorial-volver-al-trabajo-despues-del-cancer-que-debo-saber\/","url":"https:\/\/juntscontraelcancer.cat\/es\/videotutorial-volver-al-trabajo-despues-del-cancer-que-debo-saber\/","name":"Videotutorial \u2013 Volver al trabajo despu\u00e9s del c\u00e1ncer: \u00bfqu\u00e9 tengo que saber? - Junts contra el c\u00e0ncer - FECEC","isPartOf":{"@id":"https:\/\/juntscontraelcancer.cat\/es\/#website"},"primaryImageOfPage":{"@id":"https:\/\/juntscontraelcancer.cat\/es\/videotutorial-volver-al-trabajo-despues-del-cancer-que-debo-saber\/#primaryimage"},"image":{"@id":"https:\/\/juntscontraelcancer.cat\/es\/videotutorial-volver-al-trabajo-despues-del-cancer-que-debo-saber\/#primaryimage"},"thumbnailUrl":"https:\/\/juntscontraelcancer.cat\/wp-content\/uploads\/2025\/09\/video-tutorial-tornar-a-la-feina-horitzontal-esp.png","datePublished":"2025-09-16T11:10:10+00:00","dateModified":"2025-09-29T13:48:11+00:00","breadcrumb":{"@id":"https:\/\/juntscontraelcancer.cat\/es\/videotutorial-volver-al-trabajo-despues-del-cancer-que-debo-saber\/#breadcrumb"},"inLanguage":"es","potentialAction":[{"@type":"ReadAction","target":["https:\/\/juntscontraelcancer.cat\/es\/videotutorial-volver-al-trabajo-despues-del-cancer-que-debo-saber\/"]}]},{"@type":"ImageObject","inLanguage":"es","@id":"https:\/\/juntscontraelcancer.cat\/es\/videotutorial-volver-al-trabajo-despues-del-cancer-que-debo-saber\/#primaryimage","url":"https:\/\/juntscontraelcancer.cat\/wp-content\/uploads\/2025\/09\/video-tutorial-tornar-a-la-feina-horitzontal-esp.png","contentUrl":"https:\/\/juntscontraelcancer.cat\/wp-content\/uploads\/2025\/09\/video-tutorial-tornar-a-la-feina-horitzontal-esp.png","width":1920,"height":1080},{"@type":"BreadcrumbList","@id":"https:\/\/juntscontraelcancer.cat\/es\/videotutorial-volver-al-trabajo-despues-del-cancer-que-debo-saber\/#breadcrumb","itemListElement":[{"@type":"ListItem","position":1,"name":"Inicio","item":"https:\/\/juntscontraelcancer.cat\/es\/"},{"@type":"ListItem","position":2,"name":"Videotutorial \u2013 Volver al trabajo despu\u00e9s del c\u00e1ncer: \u00bfqu\u00e9 tengo que saber?"}]},{"@type":"WebSite","@id":"https:\/\/juntscontraelcancer.cat\/es\/#website","url":"https:\/\/juntscontraelcancer.cat\/es\/","name":"Junts contra el c\u00e0ncer - FECEC","description":"","publisher":{"@id":"https:\/\/juntscontraelcancer.cat\/es\/#organization"},"potentialAction":[{"@type":"SearchAction","target":{"@type":"EntryPoint","urlTemplate":"https:\/\/juntscontraelcancer.cat\/es\/?s={search_term_string}"},"query-input":{"@type":"PropertyValueSpecification","valueRequired":true,"valueName":"search_term_string"}}],"inLanguage":"es"},{"@type":"Organization","@id":"https:\/\/juntscontraelcancer.cat\/es\/#organization","name":"Junts contra el c\u00e0ncer - FECEC","url":"https:\/\/juntscontraelcancer.cat\/es\/","logo":{"@type":"ImageObject","inLanguage":"es","@id":"https:\/\/juntscontraelcancer.cat\/es\/#\/schema\/logo\/image\/","url":"https:\/\/juntscontraelcancer.cat\/wp-content\/uploads\/2023\/01\/logo-fecec-header.png","contentUrl":"https:\/\/juntscontraelcancer.cat\/wp-content\/uploads\/2023\/01\/logo-fecec-header.png","width":126,"height":74,"caption":"Junts contra el c\u00e0ncer - FECEC"},"image":{"@id":"https:\/\/juntscontraelcancer.cat\/es\/#\/schema\/logo\/image\/"},"sameAs":["https:\/\/www.facebook.com\/fecec.federacio\/","https:\/\/x.com\/FececFederacio","https:\/\/www.instagram.com\/fececfederacio\/?hl=es","https:\/\/www.youtube.com\/channel\/UCgAC_6c6hmHwMQhSCQyYBdA"]},{"@type":"Person","@id":"https:\/\/juntscontraelcancer.cat\/es\/#\/schema\/person\/2bba6ee197504983c335d560850ec148","name":"FECEC Comunicaci\u00f3","image":{"@type":"ImageObject","inLanguage":"es","@id":"https:\/\/secure.gravatar.com\/avatar\/afa7129fad37df4be85b472c53d2039388784444579f67ca35ddbc83bfae2fd0?s=96&d=mm&r=g","url":"https:\/\/secure.gravatar.com\/avatar\/afa7129fad37df4be85b472c53d2039388784444579f67ca35ddbc83bfae2fd0?s=96&d=mm&r=g","contentUrl":"https:\/\/secure.gravatar.com\/avatar\/afa7129fad37df4be85b472c53d2039388784444579f67ca35ddbc83bfae2fd0?s=96&d=mm&r=g","caption":"FECEC Comunicaci\u00f3"}}]}},"_links":{"self":[{"href":"https:\/\/juntscontraelcancer.cat\/es\/wp-json\/wp\/v2\/posts\/41709","targetHints":{"allow":["GET"]}}],"collection":[{"href":"https:\/\/juntscontraelcancer.cat\/es\/wp-json\/wp\/v2\/posts"}],"about":[{"href":"https:\/\/juntscontraelcancer.cat\/es\/wp-json\/wp\/v2\/types\/post"}],"author":[{"embeddable":true,"href":"https:\/\/juntscontraelcancer.cat\/es\/wp-json\/wp\/v2\/users\/2"}],"replies":[{"embeddable":true,"href":"https:\/\/juntscontraelcancer.cat\/es\/wp-json\/wp\/v2\/comments?post=41709"}],"version-history":[{"count":5,"href":"https:\/\/juntscontraelcancer.cat\/es\/wp-json\/wp\/v2\/posts\/41709\/revisions"}],"predecessor-version":[{"id":41714,"href":"https:\/\/juntscontraelcancer.cat\/es\/wp-json\/wp\/v2\/posts\/41709\/revisions\/41714"}],"wp:featuredmedia":[{"embeddable":true,"href":"https:\/\/juntscontraelcancer.cat\/es\/wp-json\/wp\/v2\/media\/41483"}],"wp:attachment":[{"href":"https:\/\/juntscontraelcancer.cat\/es\/wp-json\/wp\/v2\/media?parent=41709"}],"wp:term":[{"taxonomy":"category","embeddable":true,"href":"https:\/\/juntscontraelcancer.cat\/es\/wp-json\/wp\/v2\/categories?post=41709"},{"taxonomy":"post_tag","embeddable":true,"href":"https:\/\/juntscontraelcancer.cat\/es\/wp-json\/wp\/v2\/tags?post=41709"}],"curies":[{"name":"wp","href":"https:\/\/api.w.org\/{rel}","templated":true}]}}