{"id":40370,"date":"2025-05-03T09:30:00","date_gmt":"2025-05-03T07:30:00","guid":{"rendered":"https:\/\/juntscontraelcancer.cat\/24-de-mayo-xxi-encuentro-de-voluntariado-en-el-ambito-oncologico\/"},"modified":"2025-05-22T09:39:42","modified_gmt":"2025-05-22T07:39:42","slug":"24-de-mayo-xxi-encuentro-de-voluntariado-en-el-ambito-oncologico","status":"publish","type":"post","link":"https:\/\/juntscontraelcancer.cat\/es\/24-de-mayo-xxi-encuentro-de-voluntariado-en-el-ambito-oncologico\/","title":{"rendered":"24 de mayo: XXI Encuentro de voluntariado en el \u00e1mbito oncol\u00f3gico"},"content":{"rendered":"\n<p><strong>\u00a1El XXI Encuentro de voluntariado en el \u00e1mbito oncol\u00f3gico ya est\u00e1 aqu\u00ed! El pr\u00f3ximo 24 de mayo no te pierdas, un a\u00f1o m\u00e1s, este espacio de uni\u00f3n y cohesi\u00f3n para reconocer la labor de las personas voluntarias de las entidades federadas. Este a\u00f1o, el lema es \u00abEl voluntariado, fuente de agradecimiento\u00bb.<\/strong> <strong>\u00a1INSCRIPCIONES CERRADAS!<\/strong><\/p>\n\n<p>El <strong>encuentro anual<\/strong> sirve para <strong>agradecer la labor<\/strong> de las cerca de <strong>5.200 personas voluntarias<\/strong> de las entidades federadas que dedican su tiempo de manera altruista a <strong>mejorar la calidad de vida de las personas con c\u00e1ncer y sus familiares<\/strong>; para <strong>reconocer su importancia como pilar fundamental en la atenci\u00f3n psicosocial<\/strong> de las personas con c\u00e1ncer, sus familiares y cuidadores, junto con los profesionales de las entidades; y como un <strong>espacio para fortalecer el v\u00ednculo de uni\u00f3n y el sentimiento de pertenencia del voluntariado<\/strong> en el \u00e1mbito oncol\u00f3gico.<\/p>\n\n<p>El lema del XXI Encuentro, \u201cEl voluntariado, fuente de agradecimiento\u201d, tiene como objetivo reflexionar sobre este sentimiento entendido como un hecho bidireccional, no solo del paciente hacia la persona voluntaria. En este sentido, se compartir\u00e1n diferentes experiencias de personas que actualmente dedican su tiempo al voluntariado oncol\u00f3gico por un sentimiento de agradecimiento. Adem\u00e1s, se profundizar\u00e1 en qu\u00e9 explicaci\u00f3n da la ciencia a este impulso, es decir, cu\u00e1l es el impacto positivo que recibe el cerebro y el cuerpo cuando se dedica tiempo de manera desinteresada a mejorar la calidad de vida de los pacientes oncol\u00f3gicos y sus familias.<\/p>\n\n<p>El a\u00f1o pasado, la FECEC Junts contra el C\u00e0ncer celebr\u00f3 el 20\u00ba aniversario de un evento que re\u00fane cada a\u00f1o a cerca de 200 personas voluntarias que comparten sus experiencias y solidaridad. El Encuentro de voluntariado se ha celebrado ininterrumpidamente, incluso durante los dos a\u00f1os en que la pandemia no permiti\u00f3 que fuera presencial.<\/p>\n\n<p>El encuentro se celebrar\u00e1 el s\u00e1bado, 24 de mayo, a partir de las 9:45 h en el <a href=\"https:\/\/www.upf.edu\/web\/campus\/campus-ciutadella\" target=\"_blank\" rel=\"noreferrer noopener\">Campus de la Ciutadella de la Universitat Pompeu Fabra de Barcelona<\/a> (calle de Ramon Trias Fargas 25-27, Barcelona).<\/p>\n\n<p><strong>PROGRAMA XXI ENCUENTRO DE VOLUNTARIADO EN EN \u00c1MBITO ONCOL\u00d3GICO: &#8216;EL VOLUNTARIADO, FUENTE DE AGRADECIMIENTO&#8217;<\/strong><\/p>\n\n<ul class=\"wp-block-list\">\n<li>9:30 h\u00a0<strong>Apertura de puertas<\/strong><\/li>\n\n\n\n<li>9:45 h <strong>Bienvenida<\/strong> a cargo de las autoridades:<br\/><strong>Sra. M. Assumpci\u00f3 Vil\u00e0<\/strong>, presidenta de la Federaci\u00f3 Catalana d\u2019Entitats contra el C\u00e0ncer (FECEC).<br\/><strong>Sra. Marta Belmonte Serra,<\/strong> subdirectora general de Coordinaci\u00f3 i Participaci\u00f3 en Salut de la Generalitat de Catalunya.<br\/><strong>Ilmo. Sr. Samuel N\u00fa\u00f1ez i Amela<\/strong>, diputado adjunto del \u00c0rea de Comer\u00e7, Consum i Salut P\u00fablica de la Diputaci\u00f3 de Barcelona.<\/li>\n\n\n\n<li>10:00-11:00 h <strong>Charlas inspiradoras del voluntariado:<\/strong><br\/>\u201cEl relevo\u201d &#8211; D\u00fania Falgueras Mart\u00ednez, voluntaria asistencial y presidenta de la Junta de Sabadell de la Fundaci\u00f3 Oncolliga.<br\/>\u201cLa semilla del voluntariado\u201d &#8211; Gl\u00f2ria Gonzalez y Olga Pau, voluntarias de la Fundaci\u00f3 Enriqueta Villavecchia<br\/>\u201cGesti\u00f3n humana y profesional de un equipo de voluntariado\u201d &#8211; Imma Bellatriu, presidenta de la delegaci\u00f3n de Blanes y miembro del Patronato de la Fundaci\u00f3 Oncolliga Girona<br\/>\u201cRecibo m\u00e1s de lo que doy: el cerebro altruista\u201d &#8211; Maria Garau, experta en neuropsicolog\u00eda y psicoterapeuta<\/li>\n\n\n\n<li>11:00-11:30 h\u00a0<strong>Pausa Caf\u00e9<\/strong><\/li>\n\n\n\n<li>11:30-13:30\u00a0<strong>Talleres \u201c<\/strong>El valor de mi tarea\u00bb \/ \u00abLos valores y en sentido que mueven mi tarea\u00bb<\/li>\n\n\n\n<li>13:30 -13:45 h\u00a0<strong>Clausura<\/strong>: <strong>Gospel Soul<\/strong><\/li>\n\n\n\n<li>14:00 h<strong>\u00a0Comida:\u00a0<\/strong>Moncho\u2019s Marina Bay<\/li>\n<\/ul>\n\n<p>El acto ser\u00e1 conducido por el periodista\u00a0<strong>Ignasi Gaya<\/strong>.<\/p>\n\n<p><strong>Precio inscripci\u00f3n*: <\/strong><br\/>20 euros voluntarios\/as de entidades de la FECEC<br\/>30 euros voluntarios\/as de entidades no federadas.<br\/><br\/>*Precio por persona. Incluye asistencia al Encuentro, caf\u00e9 y comida. <strong>\u00a1INSCRIPCIONES CERRADAS!<\/strong><\/p>\n\n<p>Este Encuentro cuenta con el apoyo de los Departamentos de <a href=\"https:\/\/web.gencat.cat\/ca\/temes\/salut\/index.html\"><strong>Salut<\/strong><\/a> y <a href=\"https:\/\/dretssocials.gencat.cat\/ca\/inici\/index.html\"><strong>Drets Socials e Inclusi\u00f3<\/strong><\/a> de la Generalitat de Catalunya, la <a href=\"https:\/\/www.diba.cat\/ca\/\"><strong>Diputaci\u00f3 de Barcelona<\/strong><\/a> y el <a href=\"https:\/\/www.barcelona.cat\/ca\"><strong>Ajuntament de Barcelona<\/strong><\/a>.<\/p>\n\n<p><\/p>\n","protected":false},"excerpt":{"rendered":"<p>\u00a1El XXI Encuentro de voluntariado en el \u00e1mbito oncol\u00f3gico ya est\u00e1 aqu\u00ed! El pr\u00f3ximo 24 de mayo no te pierdas, un a\u00f1o m\u00e1s, este espacio de uni\u00f3n y cohesi\u00f3n para reconocer la labor de las personas voluntarias de las entidades federadas. Este a\u00f1o, el lema es \u00abEl voluntariado, fuente de agradecimiento\u00bb. \u00a1INSCRIPCIONES CERRADAS!<\/p>\n","protected":false},"author":2,"featured_media":40335,"comment_status":"closed","ping_status":"closed","sticky":false,"template":"","format":"standard","meta":{"_acf_changed":false,"inline_featured_image":false,"footnotes":""},"categories":[84,86],"tags":[182],"class_list":["post-40370","post","type-post","status-publish","format-standard","has-post-thumbnail","hentry","category-actualidad","category-destacadas","tag-voluntariado"],"acf":[],"yoast_head":"<!-- This site is optimized with the Yoast SEO plugin v27.3 - https:\/\/yoast.com\/product\/yoast-seo-wordpress\/ -->\n<title>24 de mayo: XXI Encuentro de voluntariado en el \u00e1mbito oncol\u00f3gico - Junts contra el c\u00e0ncer - FECEC<\/title>\n<meta name=\"robots\" content=\"index, follow, max-snippet:-1, max-image-preview:large, max-video-preview:-1\" \/>\n<link rel=\"canonical\" href=\"https:\/\/juntscontraelcancer.cat\/es\/24-de-mayo-xxi-encuentro-de-voluntariado-en-el-ambito-oncologico\/\" \/>\n<meta property=\"og:locale\" content=\"es_ES\" \/>\n<meta property=\"og:type\" content=\"article\" \/>\n<meta property=\"og:title\" content=\"24 de mayo: XXI Encuentro de voluntariado en el \u00e1mbito oncol\u00f3gico - Junts contra el c\u00e0ncer - FECEC\" \/>\n<meta property=\"og:description\" content=\"\u00a1El XXI Encuentro de voluntariado en el \u00e1mbito oncol\u00f3gico ya est\u00e1 aqu\u00ed! El pr\u00f3ximo 24 de mayo no te pierdas, un a\u00f1o m\u00e1s, este espacio de uni\u00f3n y cohesi\u00f3n para reconocer la labor de las personas voluntarias de las entidades federadas. Este a\u00f1o, el lema es &quot;El voluntariado, fuente de agradecimiento&quot;. \u00a1INSCRIPCIONES CERRADAS!\" \/>\n<meta property=\"og:url\" content=\"https:\/\/juntscontraelcancer.cat\/es\/24-de-mayo-xxi-encuentro-de-voluntariado-en-el-ambito-oncologico\/\" \/>\n<meta property=\"og:site_name\" content=\"Junts contra el c\u00e0ncer - FECEC\" \/>\n<meta property=\"article:publisher\" content=\"https:\/\/www.facebook.com\/fecec.federacio\/\" \/>\n<meta property=\"article:published_time\" content=\"2025-05-03T07:30:00+00:00\" \/>\n<meta property=\"article:modified_time\" content=\"2025-05-22T07:39:42+00:00\" \/>\n<meta property=\"og:image\" content=\"https:\/\/juntscontraelcancer.cat\/wp-content\/uploads\/2025\/04\/junts-contra-el-cancer-xxi-trobada-voluntariat-ambit-oncologic.png\" \/>\n\t<meta property=\"og:image:width\" content=\"1726\" \/>\n\t<meta property=\"og:image:height\" content=\"966\" \/>\n\t<meta property=\"og:image:type\" content=\"image\/png\" \/>\n<meta name=\"author\" content=\"FECEC Comunicaci\u00f3\" \/>\n<meta name=\"twitter:card\" content=\"summary_large_image\" \/>\n<meta name=\"twitter:creator\" content=\"@FececFederacio\" \/>\n<meta name=\"twitter:site\" content=\"@FececFederacio\" \/>\n<meta name=\"twitter:label1\" content=\"Escrito por\" \/>\n\t<meta name=\"twitter:data1\" content=\"FECEC Comunicaci\u00f3\" \/>\n\t<meta name=\"twitter:label2\" content=\"Tiempo de lectura\" \/>\n\t<meta name=\"twitter:data2\" content=\"3 minutos\" \/>\n<script type=\"application\/ld+json\" class=\"yoast-schema-graph\">{\"@context\":\"https:\\\/\\\/schema.org\",\"@graph\":[{\"@type\":\"Article\",\"@id\":\"https:\\\/\\\/juntscontraelcancer.cat\\\/es\\\/24-de-mayo-xxi-encuentro-de-voluntariado-en-el-ambito-oncologico\\\/#article\",\"isPartOf\":{\"@id\":\"https:\\\/\\\/juntscontraelcancer.cat\\\/es\\\/24-de-mayo-xxi-encuentro-de-voluntariado-en-el-ambito-oncologico\\\/\"},\"author\":{\"name\":\"FECEC Comunicaci\u00f3\",\"@id\":\"https:\\\/\\\/juntscontraelcancer.cat\\\/es\\\/#\\\/schema\\\/person\\\/2bba6ee197504983c335d560850ec148\"},\"headline\":\"24 de mayo: XXI Encuentro de voluntariado en el \u00e1mbito oncol\u00f3gico\",\"datePublished\":\"2025-05-03T07:30:00+00:00\",\"dateModified\":\"2025-05-22T07:39:42+00:00\",\"mainEntityOfPage\":{\"@id\":\"https:\\\/\\\/juntscontraelcancer.cat\\\/es\\\/24-de-mayo-xxi-encuentro-de-voluntariado-en-el-ambito-oncologico\\\/\"},\"wordCount\":632,\"publisher\":{\"@id\":\"https:\\\/\\\/juntscontraelcancer.cat\\\/es\\\/#organization\"},\"image\":{\"@id\":\"https:\\\/\\\/juntscontraelcancer.cat\\\/es\\\/24-de-mayo-xxi-encuentro-de-voluntariado-en-el-ambito-oncologico\\\/#primaryimage\"},\"thumbnailUrl\":\"https:\\\/\\\/juntscontraelcancer.cat\\\/wp-content\\\/uploads\\\/2025\\\/04\\\/junts-contra-el-cancer-xxi-trobada-voluntariat-ambit-oncologic.png\",\"keywords\":[\"voluntariado\"],\"articleSection\":[\"Actualidad\",\"Destacadas\"],\"inLanguage\":\"es\"},{\"@type\":\"WebPage\",\"@id\":\"https:\\\/\\\/juntscontraelcancer.cat\\\/es\\\/24-de-mayo-xxi-encuentro-de-voluntariado-en-el-ambito-oncologico\\\/\",\"url\":\"https:\\\/\\\/juntscontraelcancer.cat\\\/es\\\/24-de-mayo-xxi-encuentro-de-voluntariado-en-el-ambito-oncologico\\\/\",\"name\":\"24 de mayo: XXI Encuentro de voluntariado en el \u00e1mbito oncol\u00f3gico - Junts contra el c\u00e0ncer - FECEC\",\"isPartOf\":{\"@id\":\"https:\\\/\\\/juntscontraelcancer.cat\\\/es\\\/#website\"},\"primaryImageOfPage\":{\"@id\":\"https:\\\/\\\/juntscontraelcancer.cat\\\/es\\\/24-de-mayo-xxi-encuentro-de-voluntariado-en-el-ambito-oncologico\\\/#primaryimage\"},\"image\":{\"@id\":\"https:\\\/\\\/juntscontraelcancer.cat\\\/es\\\/24-de-mayo-xxi-encuentro-de-voluntariado-en-el-ambito-oncologico\\\/#primaryimage\"},\"thumbnailUrl\":\"https:\\\/\\\/juntscontraelcancer.cat\\\/wp-content\\\/uploads\\\/2025\\\/04\\\/junts-contra-el-cancer-xxi-trobada-voluntariat-ambit-oncologic.png\",\"datePublished\":\"2025-05-03T07:30:00+00:00\",\"dateModified\":\"2025-05-22T07:39:42+00:00\",\"breadcrumb\":{\"@id\":\"https:\\\/\\\/juntscontraelcancer.cat\\\/es\\\/24-de-mayo-xxi-encuentro-de-voluntariado-en-el-ambito-oncologico\\\/#breadcrumb\"},\"inLanguage\":\"es\",\"potentialAction\":[{\"@type\":\"ReadAction\",\"target\":[\"https:\\\/\\\/juntscontraelcancer.cat\\\/es\\\/24-de-mayo-xxi-encuentro-de-voluntariado-en-el-ambito-oncologico\\\/\"]}]},{\"@type\":\"ImageObject\",\"inLanguage\":\"es\",\"@id\":\"https:\\\/\\\/juntscontraelcancer.cat\\\/es\\\/24-de-mayo-xxi-encuentro-de-voluntariado-en-el-ambito-oncologico\\\/#primaryimage\",\"url\":\"https:\\\/\\\/juntscontraelcancer.cat\\\/wp-content\\\/uploads\\\/2025\\\/04\\\/junts-contra-el-cancer-xxi-trobada-voluntariat-ambit-oncologic.png\",\"contentUrl\":\"https:\\\/\\\/juntscontraelcancer.cat\\\/wp-content\\\/uploads\\\/2025\\\/04\\\/junts-contra-el-cancer-xxi-trobada-voluntariat-ambit-oncologic.png\",\"width\":1726,\"height\":966},{\"@type\":\"BreadcrumbList\",\"@id\":\"https:\\\/\\\/juntscontraelcancer.cat\\\/es\\\/24-de-mayo-xxi-encuentro-de-voluntariado-en-el-ambito-oncologico\\\/#breadcrumb\",\"itemListElement\":[{\"@type\":\"ListItem\",\"position\":1,\"name\":\"Inicio\",\"item\":\"https:\\\/\\\/juntscontraelcancer.cat\\\/es\\\/\"},{\"@type\":\"ListItem\",\"position\":2,\"name\":\"24 de mayo: XXI Encuentro de voluntariado en el \u00e1mbito oncol\u00f3gico\"}]},{\"@type\":\"WebSite\",\"@id\":\"https:\\\/\\\/juntscontraelcancer.cat\\\/es\\\/#website\",\"url\":\"https:\\\/\\\/juntscontraelcancer.cat\\\/es\\\/\",\"name\":\"Junts contra el c\u00e0ncer - FECEC\",\"description\":\"\",\"publisher\":{\"@id\":\"https:\\\/\\\/juntscontraelcancer.cat\\\/es\\\/#organization\"},\"potentialAction\":[{\"@type\":\"SearchAction\",\"target\":{\"@type\":\"EntryPoint\",\"urlTemplate\":\"https:\\\/\\\/juntscontraelcancer.cat\\\/es\\\/?s={search_term_string}\"},\"query-input\":{\"@type\":\"PropertyValueSpecification\",\"valueRequired\":true,\"valueName\":\"search_term_string\"}}],\"inLanguage\":\"es\"},{\"@type\":\"Organization\",\"@id\":\"https:\\\/\\\/juntscontraelcancer.cat\\\/es\\\/#organization\",\"name\":\"Junts contra el c\u00e0ncer - FECEC\",\"url\":\"https:\\\/\\\/juntscontraelcancer.cat\\\/es\\\/\",\"logo\":{\"@type\":\"ImageObject\",\"inLanguage\":\"es\",\"@id\":\"https:\\\/\\\/juntscontraelcancer.cat\\\/es\\\/#\\\/schema\\\/logo\\\/image\\\/\",\"url\":\"https:\\\/\\\/juntscontraelcancer.cat\\\/wp-content\\\/uploads\\\/2023\\\/01\\\/logo-fecec-header.png\",\"contentUrl\":\"https:\\\/\\\/juntscontraelcancer.cat\\\/wp-content\\\/uploads\\\/2023\\\/01\\\/logo-fecec-header.png\",\"width\":126,\"height\":74,\"caption\":\"Junts contra el c\u00e0ncer - FECEC\"},\"image\":{\"@id\":\"https:\\\/\\\/juntscontraelcancer.cat\\\/es\\\/#\\\/schema\\\/logo\\\/image\\\/\"},\"sameAs\":[\"https:\\\/\\\/www.facebook.com\\\/fecec.federacio\\\/\",\"https:\\\/\\\/x.com\\\/FececFederacio\",\"https:\\\/\\\/www.instagram.com\\\/fececfederacio\\\/?hl=es\",\"https:\\\/\\\/www.youtube.com\\\/channel\\\/UCgAC_6c6hmHwMQhSCQyYBdA\"]},{\"@type\":\"Person\",\"@id\":\"https:\\\/\\\/juntscontraelcancer.cat\\\/es\\\/#\\\/schema\\\/person\\\/2bba6ee197504983c335d560850ec148\",\"name\":\"FECEC Comunicaci\u00f3\",\"image\":{\"@type\":\"ImageObject\",\"inLanguage\":\"es\",\"@id\":\"https:\\\/\\\/secure.gravatar.com\\\/avatar\\\/afa7129fad37df4be85b472c53d2039388784444579f67ca35ddbc83bfae2fd0?s=96&d=mm&r=g\",\"url\":\"https:\\\/\\\/secure.gravatar.com\\\/avatar\\\/afa7129fad37df4be85b472c53d2039388784444579f67ca35ddbc83bfae2fd0?s=96&d=mm&r=g\",\"contentUrl\":\"https:\\\/\\\/secure.gravatar.com\\\/avatar\\\/afa7129fad37df4be85b472c53d2039388784444579f67ca35ddbc83bfae2fd0?s=96&d=mm&r=g\",\"caption\":\"FECEC Comunicaci\u00f3\"}}]}<\/script>\n<!-- \/ Yoast SEO plugin. -->","yoast_head_json":{"title":"24 de mayo: XXI Encuentro de voluntariado en el \u00e1mbito oncol\u00f3gico - Junts contra el c\u00e0ncer - FECEC","robots":{"index":"index","follow":"follow","max-snippet":"max-snippet:-1","max-image-preview":"max-image-preview:large","max-video-preview":"max-video-preview:-1"},"canonical":"https:\/\/juntscontraelcancer.cat\/es\/24-de-mayo-xxi-encuentro-de-voluntariado-en-el-ambito-oncologico\/","og_locale":"es_ES","og_type":"article","og_title":"24 de mayo: XXI Encuentro de voluntariado en el \u00e1mbito oncol\u00f3gico - Junts contra el c\u00e0ncer - FECEC","og_description":"\u00a1El XXI Encuentro de voluntariado en el \u00e1mbito oncol\u00f3gico ya est\u00e1 aqu\u00ed! El pr\u00f3ximo 24 de mayo no te pierdas, un a\u00f1o m\u00e1s, este espacio de uni\u00f3n y cohesi\u00f3n para reconocer la labor de las personas voluntarias de las entidades federadas. Este a\u00f1o, el lema es \"El voluntariado, fuente de agradecimiento\". \u00a1INSCRIPCIONES CERRADAS!","og_url":"https:\/\/juntscontraelcancer.cat\/es\/24-de-mayo-xxi-encuentro-de-voluntariado-en-el-ambito-oncologico\/","og_site_name":"Junts contra el c\u00e0ncer - FECEC","article_publisher":"https:\/\/www.facebook.com\/fecec.federacio\/","article_published_time":"2025-05-03T07:30:00+00:00","article_modified_time":"2025-05-22T07:39:42+00:00","og_image":[{"width":1726,"height":966,"url":"https:\/\/juntscontraelcancer.cat\/wp-content\/uploads\/2025\/04\/junts-contra-el-cancer-xxi-trobada-voluntariat-ambit-oncologic.png","type":"image\/png"}],"author":"FECEC Comunicaci\u00f3","twitter_card":"summary_large_image","twitter_creator":"@FececFederacio","twitter_site":"@FececFederacio","twitter_misc":{"Escrito por":"FECEC Comunicaci\u00f3","Tiempo de lectura":"3 minutos"},"schema":{"@context":"https:\/\/schema.org","@graph":[{"@type":"Article","@id":"https:\/\/juntscontraelcancer.cat\/es\/24-de-mayo-xxi-encuentro-de-voluntariado-en-el-ambito-oncologico\/#article","isPartOf":{"@id":"https:\/\/juntscontraelcancer.cat\/es\/24-de-mayo-xxi-encuentro-de-voluntariado-en-el-ambito-oncologico\/"},"author":{"name":"FECEC Comunicaci\u00f3","@id":"https:\/\/juntscontraelcancer.cat\/es\/#\/schema\/person\/2bba6ee197504983c335d560850ec148"},"headline":"24 de mayo: XXI Encuentro de voluntariado en el \u00e1mbito oncol\u00f3gico","datePublished":"2025-05-03T07:30:00+00:00","dateModified":"2025-05-22T07:39:42+00:00","mainEntityOfPage":{"@id":"https:\/\/juntscontraelcancer.cat\/es\/24-de-mayo-xxi-encuentro-de-voluntariado-en-el-ambito-oncologico\/"},"wordCount":632,"publisher":{"@id":"https:\/\/juntscontraelcancer.cat\/es\/#organization"},"image":{"@id":"https:\/\/juntscontraelcancer.cat\/es\/24-de-mayo-xxi-encuentro-de-voluntariado-en-el-ambito-oncologico\/#primaryimage"},"thumbnailUrl":"https:\/\/juntscontraelcancer.cat\/wp-content\/uploads\/2025\/04\/junts-contra-el-cancer-xxi-trobada-voluntariat-ambit-oncologic.png","keywords":["voluntariado"],"articleSection":["Actualidad","Destacadas"],"inLanguage":"es"},{"@type":"WebPage","@id":"https:\/\/juntscontraelcancer.cat\/es\/24-de-mayo-xxi-encuentro-de-voluntariado-en-el-ambito-oncologico\/","url":"https:\/\/juntscontraelcancer.cat\/es\/24-de-mayo-xxi-encuentro-de-voluntariado-en-el-ambito-oncologico\/","name":"24 de mayo: XXI Encuentro de voluntariado en el \u00e1mbito oncol\u00f3gico - Junts contra el c\u00e0ncer - FECEC","isPartOf":{"@id":"https:\/\/juntscontraelcancer.cat\/es\/#website"},"primaryImageOfPage":{"@id":"https:\/\/juntscontraelcancer.cat\/es\/24-de-mayo-xxi-encuentro-de-voluntariado-en-el-ambito-oncologico\/#primaryimage"},"image":{"@id":"https:\/\/juntscontraelcancer.cat\/es\/24-de-mayo-xxi-encuentro-de-voluntariado-en-el-ambito-oncologico\/#primaryimage"},"thumbnailUrl":"https:\/\/juntscontraelcancer.cat\/wp-content\/uploads\/2025\/04\/junts-contra-el-cancer-xxi-trobada-voluntariat-ambit-oncologic.png","datePublished":"2025-05-03T07:30:00+00:00","dateModified":"2025-05-22T07:39:42+00:00","breadcrumb":{"@id":"https:\/\/juntscontraelcancer.cat\/es\/24-de-mayo-xxi-encuentro-de-voluntariado-en-el-ambito-oncologico\/#breadcrumb"},"inLanguage":"es","potentialAction":[{"@type":"ReadAction","target":["https:\/\/juntscontraelcancer.cat\/es\/24-de-mayo-xxi-encuentro-de-voluntariado-en-el-ambito-oncologico\/"]}]},{"@type":"ImageObject","inLanguage":"es","@id":"https:\/\/juntscontraelcancer.cat\/es\/24-de-mayo-xxi-encuentro-de-voluntariado-en-el-ambito-oncologico\/#primaryimage","url":"https:\/\/juntscontraelcancer.cat\/wp-content\/uploads\/2025\/04\/junts-contra-el-cancer-xxi-trobada-voluntariat-ambit-oncologic.png","contentUrl":"https:\/\/juntscontraelcancer.cat\/wp-content\/uploads\/2025\/04\/junts-contra-el-cancer-xxi-trobada-voluntariat-ambit-oncologic.png","width":1726,"height":966},{"@type":"BreadcrumbList","@id":"https:\/\/juntscontraelcancer.cat\/es\/24-de-mayo-xxi-encuentro-de-voluntariado-en-el-ambito-oncologico\/#breadcrumb","itemListElement":[{"@type":"ListItem","position":1,"name":"Inicio","item":"https:\/\/juntscontraelcancer.cat\/es\/"},{"@type":"ListItem","position":2,"name":"24 de mayo: XXI Encuentro de voluntariado en el \u00e1mbito oncol\u00f3gico"}]},{"@type":"WebSite","@id":"https:\/\/juntscontraelcancer.cat\/es\/#website","url":"https:\/\/juntscontraelcancer.cat\/es\/","name":"Junts contra el c\u00e0ncer - FECEC","description":"","publisher":{"@id":"https:\/\/juntscontraelcancer.cat\/es\/#organization"},"potentialAction":[{"@type":"SearchAction","target":{"@type":"EntryPoint","urlTemplate":"https:\/\/juntscontraelcancer.cat\/es\/?s={search_term_string}"},"query-input":{"@type":"PropertyValueSpecification","valueRequired":true,"valueName":"search_term_string"}}],"inLanguage":"es"},{"@type":"Organization","@id":"https:\/\/juntscontraelcancer.cat\/es\/#organization","name":"Junts contra el c\u00e0ncer - FECEC","url":"https:\/\/juntscontraelcancer.cat\/es\/","logo":{"@type":"ImageObject","inLanguage":"es","@id":"https:\/\/juntscontraelcancer.cat\/es\/#\/schema\/logo\/image\/","url":"https:\/\/juntscontraelcancer.cat\/wp-content\/uploads\/2023\/01\/logo-fecec-header.png","contentUrl":"https:\/\/juntscontraelcancer.cat\/wp-content\/uploads\/2023\/01\/logo-fecec-header.png","width":126,"height":74,"caption":"Junts contra el c\u00e0ncer - FECEC"},"image":{"@id":"https:\/\/juntscontraelcancer.cat\/es\/#\/schema\/logo\/image\/"},"sameAs":["https:\/\/www.facebook.com\/fecec.federacio\/","https:\/\/x.com\/FececFederacio","https:\/\/www.instagram.com\/fececfederacio\/?hl=es","https:\/\/www.youtube.com\/channel\/UCgAC_6c6hmHwMQhSCQyYBdA"]},{"@type":"Person","@id":"https:\/\/juntscontraelcancer.cat\/es\/#\/schema\/person\/2bba6ee197504983c335d560850ec148","name":"FECEC Comunicaci\u00f3","image":{"@type":"ImageObject","inLanguage":"es","@id":"https:\/\/secure.gravatar.com\/avatar\/afa7129fad37df4be85b472c53d2039388784444579f67ca35ddbc83bfae2fd0?s=96&d=mm&r=g","url":"https:\/\/secure.gravatar.com\/avatar\/afa7129fad37df4be85b472c53d2039388784444579f67ca35ddbc83bfae2fd0?s=96&d=mm&r=g","contentUrl":"https:\/\/secure.gravatar.com\/avatar\/afa7129fad37df4be85b472c53d2039388784444579f67ca35ddbc83bfae2fd0?s=96&d=mm&r=g","caption":"FECEC Comunicaci\u00f3"}}]}},"_links":{"self":[{"href":"https:\/\/juntscontraelcancer.cat\/es\/wp-json\/wp\/v2\/posts\/40370","targetHints":{"allow":["GET"]}}],"collection":[{"href":"https:\/\/juntscontraelcancer.cat\/es\/wp-json\/wp\/v2\/posts"}],"about":[{"href":"https:\/\/juntscontraelcancer.cat\/es\/wp-json\/wp\/v2\/types\/post"}],"author":[{"embeddable":true,"href":"https:\/\/juntscontraelcancer.cat\/es\/wp-json\/wp\/v2\/users\/2"}],"replies":[{"embeddable":true,"href":"https:\/\/juntscontraelcancer.cat\/es\/wp-json\/wp\/v2\/comments?post=40370"}],"version-history":[{"count":7,"href":"https:\/\/juntscontraelcancer.cat\/es\/wp-json\/wp\/v2\/posts\/40370\/revisions"}],"predecessor-version":[{"id":40627,"href":"https:\/\/juntscontraelcancer.cat\/es\/wp-json\/wp\/v2\/posts\/40370\/revisions\/40627"}],"wp:featuredmedia":[{"embeddable":true,"href":"https:\/\/juntscontraelcancer.cat\/es\/wp-json\/wp\/v2\/media\/40335"}],"wp:attachment":[{"href":"https:\/\/juntscontraelcancer.cat\/es\/wp-json\/wp\/v2\/media?parent=40370"}],"wp:term":[{"taxonomy":"category","embeddable":true,"href":"https:\/\/juntscontraelcancer.cat\/es\/wp-json\/wp\/v2\/categories?post=40370"},{"taxonomy":"post_tag","embeddable":true,"href":"https:\/\/juntscontraelcancer.cat\/es\/wp-json\/wp\/v2\/tags?post=40370"}],"curies":[{"name":"wp","href":"https:\/\/api.w.org\/{rel}","templated":true}]}}