{"id":39938,"date":"2025-03-10T09:12:53","date_gmt":"2025-03-10T07:12:53","guid":{"rendered":"https:\/\/juntscontraelcancer.cat\/20-21-y-22-de-marzo-11a-edicion-de-la-campana-pebrots-pel-cancer\/"},"modified":"2025-03-18T11:47:17","modified_gmt":"2025-03-18T10:47:17","slug":"20-21-y-22-de-marzo-11a-edicion-de-la-campana-pebrots-pel-cancer","status":"publish","type":"post","link":"https:\/\/juntscontraelcancer.cat\/es\/20-21-y-22-de-marzo-11a-edicion-de-la-campana-pebrots-pel-cancer\/","title":{"rendered":"20, 21 y 22 de marzo: 11\u00aa edici\u00f3n de la campa\u00f1a &#8216;Pebrots pel c\u00e0ncer&#8217;"},"content":{"rendered":"\n<p><strong>\u00abPebrots pel c\u00e0ncer\u00bb, la campa\u00f1a solidaria de la Federaci\u00f3 Catalana d&#8217;Entitats contra el C\u00e0ncer (FECEC) que organiza cada a\u00f1o en colaboraci\u00f3n con los <a href=\"https:\/\/www.condis.es\/\" target=\"_blank\" rel=\"noreferrer noopener\">supermercados Condis<\/a>, celebra este a\u00f1o su und\u00e9cima edici\u00f3n. Este a\u00f1o, podr\u00e1s llevarte los pimientos solidarios los d\u00edas 20, 21 y 22 de marzo. \u00a1Colabora con nosotros para ayudar a las personas afectadas por el c\u00e1ncer y a sus familias!&#13;\n<\/strong><\/p>\n\n<p>La iniciativa \u00abPebrots pel c\u00e0ncer\u00bb, organizada por la FECEC Junts contra el C\u00e0ncer y los supermercados Condis, consiste en la venta de bolsas de pimientos solidarios a los clientes a <strong>un precio simb\u00f3lico<\/strong> de dos euros. El objetivo principal es <strong>promover la solidaridad con las personas afectadas por la enfermedad<\/strong>, difundir la tarea de apoyo de las entidades de la FECEC Junts contra el C\u00e0ncer y, al mismo tiempo, recaudar fondos para seguir desarrollando programas de atenci\u00f3n psicosocial para las personas afectadas por el c\u00e1ncer, as\u00ed como para sus familiares y cuidadores.&#13;\n&#13;\n&#13;\n<\/p>\n\n<p>La Federaci\u00f3 Catalana d\u2019Entitats contra el C\u00e0ncer (FECEC) y Condis <strong>colaboran en esta campa\u00f1a desde hace 11 a\u00f1os<\/strong> y, gracias a la solidaridad de los clientes de la cadena de supermercados, la FECEC Junts contra el C\u00e0ncer ha podido seguir ayudando a las personas que atraviesan o han atravesado un proceso oncol\u00f3gico, as\u00ed como a las personas que las acompa\u00f1an.&#13;\n&#13;\n<\/p>\n\n<p>Este a\u00f1o, se distribuir\u00e1n un total de 66.000 bolsas de pimientos en los m\u00e1s de 700 establecimientos Condis de toda Catalunya.&#13;\n&#13;\n<\/p>\n\n<div>&#13;\n<div class=\"css-146c3p1 r-bcqeeo r-1ttztb7 r-qvutc0 r-37j5jr r-a023e6 r-16dba41 r-1adg3ll r-1b5gpbm r-a8ghvy\" dir=\"ltr\"><strong><span class=\"css-1jxf684 r-bcqeeo r-1ttztb7 r-qvutc0 r-poiln3\"><span class=\"css-1jxf684 r-bcqeeo r-1ttztb7 r-qvutc0 r-poiln3 r-a8ghvy\">1.481 personas voluntarias<\/span><\/span><\/strong><\/div>&#13;\n<div class=\"css-146c3p1 r-bcqeeo r-1ttztb7 r-qvutc0 r-37j5jr r-a023e6 r-16dba41 r-1adg3ll r-1b5gpbm r-a8ghvy\" dir=\"ltr\"><\/div>&#13;\n<\/div>\n\n<p>Para poder dar a conocer la campa\u00f1a solidaria y hacer un llamamiento a la ciudadan\u00eda para que colabore, 1.481 personas voluntarias participar\u00e1n repartidas en los diferentes establecimientos de Condis. El a\u00f1o pasado se bati\u00f3 la cifra r\u00e9cord de voluntariado en la campa\u00f1a, con 1.200 personas que colaboraron en todo el territorio catal\u00e1n. Estas personas voluntarias se encargaron de difundir los objetivos de la iniciativa y de dar a conocer a la ciudadan\u00eda la tarea de acompa\u00f1amiento que realizan las entidades adheridas a la FECEC.&#13;\n&#13;\n<\/p>\n\n<p>470 son estudiantes de ESO que cursan la asignatura de Servei Comunitari, y que quieren dar soporte a la iniciativa sensibilizando a la sociedad sobre la importancia de la tarea de acompa\u00f1amiento que realizan las entidades de la FECEC para fomentar la m\u00e1xima participaci\u00f3n posible.&#13;\n&#13;\n<\/p>\n\n<div>&#13;\n<div class=\"css-146c3p1 r-bcqeeo r-1ttztb7 r-qvutc0 r-37j5jr r-a023e6 r-16dba41 r-1adg3ll r-1b5gpbm r-a8ghvy\" dir=\"ltr\"><strong><span class=\"css-1jxf684 r-bcqeeo r-1ttztb7 r-qvutc0 r-poiln3\"><span class=\"css-1jxf684 r-bcqeeo r-1ttztb7 r-qvutc0 r-poiln3 r-a8ghvy\">M\u00e1s de 772.000 euros recaudados en 10 a\u00f1os<\/span><\/span><\/strong><\/div>&#13;\n<div class=\"css-146c3p1 r-bcqeeo r-1ttztb7 r-qvutc0 r-37j5jr r-a023e6 r-16dba41 r-1adg3ll r-a8ghvy r-p1pxzi\" dir=\"ltr\"><\/div>&#13;\n<\/div>\n\n<div>&#13;\n<div class=\"css-175oi2r r-16y2uox\">&#13;\n<div class=\"css-175oi2r\">&#13;\n<div class=\"css-175oi2r r-13qz1uu\">&#13;\n<div class=\"css-175oi2r r-1awozwy r-13qz1uu\">&#13;\n<div class=\"css-175oi2r r-1awozwy r-16lk18l r-13qz1uu\">&#13;\n<div class=\"css-175oi2r r-1wbh5a2 r-sbsetp r-13qz1uu\">&#13;\n<div class=\"css-175oi2r r-3pj75a\">&#13;\n<div class=\"css-175oi2r\">&#13;\n<div class=\"css-146c3p1 r-bcqeeo r-1ttztb7 r-qvutc0 r-37j5jr r-a023e6 r-16dba41 r-1adg3ll r-a8ghvy r-p1pxzi\" dir=\"ltr\"><span class=\"css-1jxf684 r-bcqeeo r-1ttztb7 r-qvutc0 r-poiln3\"><span class=\"css-1jxf684 r-bcqeeo r-1ttztb7 r-qvutc0 r-poiln3 r-a8ghvy\">En la pasada edici\u00f3n, la primera de tres d\u00edas de duraci\u00f3n, se recaudaron <strong>63.114 euros<\/strong> que sirvieron para ayudar a las personas con enfermedad oncol\u00f3gica. En total, en los 10 a\u00f1os de campa\u00f1a, se han conseguido m\u00e1s de <strong>772.000 euros.<\/strong><\/span><\/span><\/div>&#13;\n<\/div>&#13;\n<\/div>&#13;\n<\/div>&#13;\n<\/div>&#13;\n<\/div>&#13;\n<\/div>&#13;\n<\/div>&#13;\n<\/div>&#13;\n<div class=\"css-175oi2r r-1p0dtai r-gtdqiz r-13qz1uu\">&#13;\n<div class=\"css-175oi2r r-1awozwy r-1e5uvyk r-6026j r-1777fci r-kzbkwu r-3pj75a r-1h8ys4a\">&#13;\n<div class=\"css-175oi2r r-d4thhg r-13qz1uu\">&#13;\n<div class=\"css-175oi2r r-x572qd r-42olwf r-1fuqb1j r-1phboty r-rs99b7 r-xbdcod r-13qz1uu\">&#13;\n<div class=\"css-175oi2r r-1yadl64 r-eqz5dr r-16y2uox r-1wbh5a2 r-1niwhzg r-13awgt0 r-ubezar r-erd55g r-1wtj0ep r-1noe1sz r-13qz1uu\">&#13;\n<div class=\"css-175oi2r\">&#13;\n<div class=\"css-175oi2r r-1awozwy r-18u37iz\">&#13;\n<div class=\"css-175oi2r r-1dqbpge r-13awgt0 r-18u37iz\">&#13;\n<div class=\"css-175oi2r r-1wbh5a2 r-16y2uox\">&#13;\n<div class=\"css-146c3p1 r-bcqeeo r-1ttztb7 r-qvutc0 r-37j5jr r-a023e6 r-rjixqe r-16dba41 r-6koalj\" dir=\"ltr\"><\/div>&#13;\n<\/div>&#13;\n<\/div>&#13;\n<\/div>&#13;\n<\/div>&#13;\n<\/div>&#13;\n<\/div>&#13;\n<\/div>&#13;\n<\/div>&#13;\n<\/div>&#13;\n<\/div>\n\n<figure class=\"wp-block-embed is-type-video is-provider-youtube wp-block-embed-youtube wp-embed-aspect-16-9 wp-has-aspect-ratio\">\r\n<div class=\"wp-block-embed__wrapper\">https:\/\/www.youtube.com\/watch?v=yqQNYeNWK-I<\/div><\/figure>\n\n<p>Asimismo, se batieron todos los r\u00e9cords de personas voluntarias, con cerca de 1.200 personas que quisieron aportar su tiempo solidariamente a la campa\u00f1a.&#13;\n&#13;\n<\/p>\n\n<p><strong>Tom\u00e0s Molina, &#8216;padrino&#8217; de la campa\u00f1a<\/strong><\/p>\n\n<p>El meteor\u00f3logo y presentador Tom\u00e0s Molina es el \u00abpadrino\u00bb de la und\u00e9cima edici\u00f3n de \u201cPebrots pel c\u00e0ncer\u201d. El popular meteor\u00f3logo de 3Cat es un colaborador habitual en la campa\u00f1a y, este a\u00f1o, ha querido aportar su granito de arena con un v\u00eddeo en redes sociales para animar a todos a participar y llevarse una bolsa de pimientos solidarios.&#13;\n&#13;\n<\/p>\n\n<figure class=\"wp-block-embed is-type-video is-provider-youtube wp-block-embed-youtube wp-embed-aspect-16-9 wp-has-aspect-ratio\"><div class=\"wp-block-embed__wrapper\">\r\n<iframe loading=\"lazy\" title=\"Tom\u00e0s Molina t&#039;anima a col\u00b7laborar amb la campanya &#039;Pebrots pel c\u00e0ncer&#039;\" width=\"1020\" height=\"574\" src=\"https:\/\/www.youtube.com\/embed\/q3mwfxj6Z0M?feature=oembed\" frameborder=\"0\" allow=\"accelerometer; autoplay; clipboard-write; encrypted-media; gyroscope; picture-in-picture; web-share\" referrerpolicy=\"strict-origin-when-cross-origin\" allowfullscreen><\/iframe>\r\n<\/div><\/figure>\r\n\n<p><br\/><br\/><br\/><strong><br\/><\/strong><br\/><br\/><br\/><\/p>\n","protected":false},"excerpt":{"rendered":"<p>\u00abPebrots pel c\u00e0ncer\u00bb, la campa\u00f1a solidaria de la Federaci\u00f3 Catalana d&#8217;Entitats contra el C\u00e0ncer (FECEC) que organiza cada a\u00f1o en colaboraci\u00f3n con los supermercados Condis, celebra este a\u00f1o su und\u00e9cima edici\u00f3n. Este a\u00f1o, podr\u00e1s adquirir los pimientos solidarios los d\u00edas 20, 21 y 22 de marzo. \u00a1Colabora con nosotros para ayudar a las personas afectadas por el c\u00e1ncer y a sus familias!<\/p>\n","protected":false},"author":2,"featured_media":39806,"comment_status":"closed","ping_status":"closed","sticky":false,"template":"","format":"standard","meta":{"_acf_changed":false,"inline_featured_image":false,"footnotes":""},"categories":[84,86],"tags":[],"class_list":["post-39938","post","type-post","status-publish","format-standard","has-post-thumbnail","hentry","category-actualidad","category-destacadas"],"acf":[],"yoast_head":"<!-- This site is optimized with the Yoast SEO plugin v27.3 - https:\/\/yoast.com\/product\/yoast-seo-wordpress\/ -->\n<title>20, 21 y 22 de marzo: 11\u00aa edici\u00f3n de la campa\u00f1a &#039;Pebrots pel c\u00e0ncer&#039; - Junts contra el c\u00e0ncer - FECEC<\/title>\n<meta name=\"robots\" content=\"index, follow, max-snippet:-1, max-image-preview:large, max-video-preview:-1\" \/>\n<link rel=\"canonical\" href=\"https:\/\/juntscontraelcancer.cat\/es\/20-21-y-22-de-marzo-11a-edicion-de-la-campana-pebrots-pel-cancer\/\" \/>\n<meta property=\"og:locale\" content=\"es_ES\" \/>\n<meta property=\"og:type\" content=\"article\" \/>\n<meta property=\"og:title\" content=\"20, 21 y 22 de marzo: 11\u00aa edici\u00f3n de la campa\u00f1a &#039;Pebrots pel c\u00e0ncer&#039; - Junts contra el c\u00e0ncer - FECEC\" \/>\n<meta property=\"og:description\" content=\"&quot;Pebrots pel c\u00e0ncer&quot;, la campa\u00f1a solidaria de la Federaci\u00f3 Catalana d&#039;Entitats contra el C\u00e0ncer (FECEC) que organiza cada a\u00f1o en colaboraci\u00f3n con los supermercados Condis, celebra este a\u00f1o su und\u00e9cima edici\u00f3n. Este a\u00f1o, podr\u00e1s adquirir los pimientos solidarios los d\u00edas 20, 21 y 22 de marzo. \u00a1Colabora con nosotros para ayudar a las personas afectadas por el c\u00e1ncer y a sus familias!\" \/>\n<meta property=\"og:url\" content=\"https:\/\/juntscontraelcancer.cat\/es\/20-21-y-22-de-marzo-11a-edicion-de-la-campana-pebrots-pel-cancer\/\" \/>\n<meta property=\"og:site_name\" content=\"Junts contra el c\u00e0ncer - FECEC\" \/>\n<meta property=\"article:publisher\" content=\"https:\/\/www.facebook.com\/fecec.federacio\/\" \/>\n<meta property=\"article:published_time\" content=\"2025-03-10T07:12:53+00:00\" \/>\n<meta property=\"article:modified_time\" content=\"2025-03-18T10:47:17+00:00\" \/>\n<meta property=\"og:image\" content=\"https:\/\/juntscontraelcancer.cat\/wp-content\/uploads\/2025\/03\/logo-fecha.png\" \/>\n\t<meta property=\"og:image:width\" content=\"3508\" \/>\n\t<meta property=\"og:image:height\" content=\"2480\" \/>\n\t<meta property=\"og:image:type\" content=\"image\/png\" \/>\n<meta name=\"author\" content=\"FECEC Comunicaci\u00f3\" \/>\n<meta name=\"twitter:card\" content=\"summary_large_image\" \/>\n<meta name=\"twitter:creator\" content=\"@FececFederacio\" \/>\n<meta name=\"twitter:site\" content=\"@FececFederacio\" \/>\n<meta name=\"twitter:label1\" content=\"Escrito por\" \/>\n\t<meta name=\"twitter:data1\" content=\"FECEC Comunicaci\u00f3\" \/>\n\t<meta name=\"twitter:label2\" content=\"Tiempo de lectura\" \/>\n\t<meta name=\"twitter:data2\" content=\"3 minutos\" \/>\n<script type=\"application\/ld+json\" class=\"yoast-schema-graph\">{\"@context\":\"https:\\\/\\\/schema.org\",\"@graph\":[{\"@type\":\"Article\",\"@id\":\"https:\\\/\\\/juntscontraelcancer.cat\\\/es\\\/20-21-y-22-de-marzo-11a-edicion-de-la-campana-pebrots-pel-cancer\\\/#article\",\"isPartOf\":{\"@id\":\"https:\\\/\\\/juntscontraelcancer.cat\\\/es\\\/20-21-y-22-de-marzo-11a-edicion-de-la-campana-pebrots-pel-cancer\\\/\"},\"author\":{\"name\":\"FECEC Comunicaci\u00f3\",\"@id\":\"https:\\\/\\\/juntscontraelcancer.cat\\\/es\\\/#\\\/schema\\\/person\\\/2bba6ee197504983c335d560850ec148\"},\"headline\":\"20, 21 y 22 de marzo: 11\u00aa edici\u00f3n de la campa\u00f1a &#8216;Pebrots pel c\u00e0ncer&#8217;\",\"datePublished\":\"2025-03-10T07:12:53+00:00\",\"dateModified\":\"2025-03-18T10:47:17+00:00\",\"mainEntityOfPage\":{\"@id\":\"https:\\\/\\\/juntscontraelcancer.cat\\\/es\\\/20-21-y-22-de-marzo-11a-edicion-de-la-campana-pebrots-pel-cancer\\\/\"},\"wordCount\":581,\"publisher\":{\"@id\":\"https:\\\/\\\/juntscontraelcancer.cat\\\/es\\\/#organization\"},\"image\":{\"@id\":\"https:\\\/\\\/juntscontraelcancer.cat\\\/es\\\/20-21-y-22-de-marzo-11a-edicion-de-la-campana-pebrots-pel-cancer\\\/#primaryimage\"},\"thumbnailUrl\":\"https:\\\/\\\/juntscontraelcancer.cat\\\/wp-content\\\/uploads\\\/2025\\\/03\\\/logo-fecha.png\",\"articleSection\":[\"Actualidad\",\"Destacadas\"],\"inLanguage\":\"es\"},{\"@type\":\"WebPage\",\"@id\":\"https:\\\/\\\/juntscontraelcancer.cat\\\/es\\\/20-21-y-22-de-marzo-11a-edicion-de-la-campana-pebrots-pel-cancer\\\/\",\"url\":\"https:\\\/\\\/juntscontraelcancer.cat\\\/es\\\/20-21-y-22-de-marzo-11a-edicion-de-la-campana-pebrots-pel-cancer\\\/\",\"name\":\"20, 21 y 22 de marzo: 11\u00aa edici\u00f3n de la campa\u00f1a 'Pebrots pel c\u00e0ncer' - Junts contra el c\u00e0ncer - FECEC\",\"isPartOf\":{\"@id\":\"https:\\\/\\\/juntscontraelcancer.cat\\\/es\\\/#website\"},\"primaryImageOfPage\":{\"@id\":\"https:\\\/\\\/juntscontraelcancer.cat\\\/es\\\/20-21-y-22-de-marzo-11a-edicion-de-la-campana-pebrots-pel-cancer\\\/#primaryimage\"},\"image\":{\"@id\":\"https:\\\/\\\/juntscontraelcancer.cat\\\/es\\\/20-21-y-22-de-marzo-11a-edicion-de-la-campana-pebrots-pel-cancer\\\/#primaryimage\"},\"thumbnailUrl\":\"https:\\\/\\\/juntscontraelcancer.cat\\\/wp-content\\\/uploads\\\/2025\\\/03\\\/logo-fecha.png\",\"datePublished\":\"2025-03-10T07:12:53+00:00\",\"dateModified\":\"2025-03-18T10:47:17+00:00\",\"breadcrumb\":{\"@id\":\"https:\\\/\\\/juntscontraelcancer.cat\\\/es\\\/20-21-y-22-de-marzo-11a-edicion-de-la-campana-pebrots-pel-cancer\\\/#breadcrumb\"},\"inLanguage\":\"es\",\"potentialAction\":[{\"@type\":\"ReadAction\",\"target\":[\"https:\\\/\\\/juntscontraelcancer.cat\\\/es\\\/20-21-y-22-de-marzo-11a-edicion-de-la-campana-pebrots-pel-cancer\\\/\"]}]},{\"@type\":\"ImageObject\",\"inLanguage\":\"es\",\"@id\":\"https:\\\/\\\/juntscontraelcancer.cat\\\/es\\\/20-21-y-22-de-marzo-11a-edicion-de-la-campana-pebrots-pel-cancer\\\/#primaryimage\",\"url\":\"https:\\\/\\\/juntscontraelcancer.cat\\\/wp-content\\\/uploads\\\/2025\\\/03\\\/logo-fecha.png\",\"contentUrl\":\"https:\\\/\\\/juntscontraelcancer.cat\\\/wp-content\\\/uploads\\\/2025\\\/03\\\/logo-fecha.png\",\"width\":3508,\"height\":2480},{\"@type\":\"BreadcrumbList\",\"@id\":\"https:\\\/\\\/juntscontraelcancer.cat\\\/es\\\/20-21-y-22-de-marzo-11a-edicion-de-la-campana-pebrots-pel-cancer\\\/#breadcrumb\",\"itemListElement\":[{\"@type\":\"ListItem\",\"position\":1,\"name\":\"Inicio\",\"item\":\"https:\\\/\\\/juntscontraelcancer.cat\\\/es\\\/\"},{\"@type\":\"ListItem\",\"position\":2,\"name\":\"20, 21 y 22 de marzo: 11\u00aa edici\u00f3n de la campa\u00f1a &#8216;Pebrots pel c\u00e0ncer&#8217;\"}]},{\"@type\":\"WebSite\",\"@id\":\"https:\\\/\\\/juntscontraelcancer.cat\\\/es\\\/#website\",\"url\":\"https:\\\/\\\/juntscontraelcancer.cat\\\/es\\\/\",\"name\":\"Junts contra el c\u00e0ncer - FECEC\",\"description\":\"\",\"publisher\":{\"@id\":\"https:\\\/\\\/juntscontraelcancer.cat\\\/es\\\/#organization\"},\"potentialAction\":[{\"@type\":\"SearchAction\",\"target\":{\"@type\":\"EntryPoint\",\"urlTemplate\":\"https:\\\/\\\/juntscontraelcancer.cat\\\/es\\\/?s={search_term_string}\"},\"query-input\":{\"@type\":\"PropertyValueSpecification\",\"valueRequired\":true,\"valueName\":\"search_term_string\"}}],\"inLanguage\":\"es\"},{\"@type\":\"Organization\",\"@id\":\"https:\\\/\\\/juntscontraelcancer.cat\\\/es\\\/#organization\",\"name\":\"Junts contra el c\u00e0ncer - FECEC\",\"url\":\"https:\\\/\\\/juntscontraelcancer.cat\\\/es\\\/\",\"logo\":{\"@type\":\"ImageObject\",\"inLanguage\":\"es\",\"@id\":\"https:\\\/\\\/juntscontraelcancer.cat\\\/es\\\/#\\\/schema\\\/logo\\\/image\\\/\",\"url\":\"https:\\\/\\\/juntscontraelcancer.cat\\\/wp-content\\\/uploads\\\/2023\\\/01\\\/logo-fecec-header.png\",\"contentUrl\":\"https:\\\/\\\/juntscontraelcancer.cat\\\/wp-content\\\/uploads\\\/2023\\\/01\\\/logo-fecec-header.png\",\"width\":126,\"height\":74,\"caption\":\"Junts contra el c\u00e0ncer - FECEC\"},\"image\":{\"@id\":\"https:\\\/\\\/juntscontraelcancer.cat\\\/es\\\/#\\\/schema\\\/logo\\\/image\\\/\"},\"sameAs\":[\"https:\\\/\\\/www.facebook.com\\\/fecec.federacio\\\/\",\"https:\\\/\\\/x.com\\\/FececFederacio\",\"https:\\\/\\\/www.instagram.com\\\/fececfederacio\\\/?hl=es\",\"https:\\\/\\\/www.youtube.com\\\/channel\\\/UCgAC_6c6hmHwMQhSCQyYBdA\"]},{\"@type\":\"Person\",\"@id\":\"https:\\\/\\\/juntscontraelcancer.cat\\\/es\\\/#\\\/schema\\\/person\\\/2bba6ee197504983c335d560850ec148\",\"name\":\"FECEC Comunicaci\u00f3\",\"image\":{\"@type\":\"ImageObject\",\"inLanguage\":\"es\",\"@id\":\"https:\\\/\\\/secure.gravatar.com\\\/avatar\\\/afa7129fad37df4be85b472c53d2039388784444579f67ca35ddbc83bfae2fd0?s=96&d=mm&r=g\",\"url\":\"https:\\\/\\\/secure.gravatar.com\\\/avatar\\\/afa7129fad37df4be85b472c53d2039388784444579f67ca35ddbc83bfae2fd0?s=96&d=mm&r=g\",\"contentUrl\":\"https:\\\/\\\/secure.gravatar.com\\\/avatar\\\/afa7129fad37df4be85b472c53d2039388784444579f67ca35ddbc83bfae2fd0?s=96&d=mm&r=g\",\"caption\":\"FECEC Comunicaci\u00f3\"}}]}<\/script>\n<!-- \/ Yoast SEO plugin. -->","yoast_head_json":{"title":"20, 21 y 22 de marzo: 11\u00aa edici\u00f3n de la campa\u00f1a 'Pebrots pel c\u00e0ncer' - Junts contra el c\u00e0ncer - FECEC","robots":{"index":"index","follow":"follow","max-snippet":"max-snippet:-1","max-image-preview":"max-image-preview:large","max-video-preview":"max-video-preview:-1"},"canonical":"https:\/\/juntscontraelcancer.cat\/es\/20-21-y-22-de-marzo-11a-edicion-de-la-campana-pebrots-pel-cancer\/","og_locale":"es_ES","og_type":"article","og_title":"20, 21 y 22 de marzo: 11\u00aa edici\u00f3n de la campa\u00f1a 'Pebrots pel c\u00e0ncer' - Junts contra el c\u00e0ncer - FECEC","og_description":"\"Pebrots pel c\u00e0ncer\", la campa\u00f1a solidaria de la Federaci\u00f3 Catalana d'Entitats contra el C\u00e0ncer (FECEC) que organiza cada a\u00f1o en colaboraci\u00f3n con los supermercados Condis, celebra este a\u00f1o su und\u00e9cima edici\u00f3n. Este a\u00f1o, podr\u00e1s adquirir los pimientos solidarios los d\u00edas 20, 21 y 22 de marzo. \u00a1Colabora con nosotros para ayudar a las personas afectadas por el c\u00e1ncer y a sus familias!","og_url":"https:\/\/juntscontraelcancer.cat\/es\/20-21-y-22-de-marzo-11a-edicion-de-la-campana-pebrots-pel-cancer\/","og_site_name":"Junts contra el c\u00e0ncer - FECEC","article_publisher":"https:\/\/www.facebook.com\/fecec.federacio\/","article_published_time":"2025-03-10T07:12:53+00:00","article_modified_time":"2025-03-18T10:47:17+00:00","og_image":[{"width":3508,"height":2480,"url":"https:\/\/juntscontraelcancer.cat\/wp-content\/uploads\/2025\/03\/logo-fecha.png","type":"image\/png"}],"author":"FECEC Comunicaci\u00f3","twitter_card":"summary_large_image","twitter_creator":"@FececFederacio","twitter_site":"@FececFederacio","twitter_misc":{"Escrito por":"FECEC Comunicaci\u00f3","Tiempo de lectura":"3 minutos"},"schema":{"@context":"https:\/\/schema.org","@graph":[{"@type":"Article","@id":"https:\/\/juntscontraelcancer.cat\/es\/20-21-y-22-de-marzo-11a-edicion-de-la-campana-pebrots-pel-cancer\/#article","isPartOf":{"@id":"https:\/\/juntscontraelcancer.cat\/es\/20-21-y-22-de-marzo-11a-edicion-de-la-campana-pebrots-pel-cancer\/"},"author":{"name":"FECEC Comunicaci\u00f3","@id":"https:\/\/juntscontraelcancer.cat\/es\/#\/schema\/person\/2bba6ee197504983c335d560850ec148"},"headline":"20, 21 y 22 de marzo: 11\u00aa edici\u00f3n de la campa\u00f1a &#8216;Pebrots pel c\u00e0ncer&#8217;","datePublished":"2025-03-10T07:12:53+00:00","dateModified":"2025-03-18T10:47:17+00:00","mainEntityOfPage":{"@id":"https:\/\/juntscontraelcancer.cat\/es\/20-21-y-22-de-marzo-11a-edicion-de-la-campana-pebrots-pel-cancer\/"},"wordCount":581,"publisher":{"@id":"https:\/\/juntscontraelcancer.cat\/es\/#organization"},"image":{"@id":"https:\/\/juntscontraelcancer.cat\/es\/20-21-y-22-de-marzo-11a-edicion-de-la-campana-pebrots-pel-cancer\/#primaryimage"},"thumbnailUrl":"https:\/\/juntscontraelcancer.cat\/wp-content\/uploads\/2025\/03\/logo-fecha.png","articleSection":["Actualidad","Destacadas"],"inLanguage":"es"},{"@type":"WebPage","@id":"https:\/\/juntscontraelcancer.cat\/es\/20-21-y-22-de-marzo-11a-edicion-de-la-campana-pebrots-pel-cancer\/","url":"https:\/\/juntscontraelcancer.cat\/es\/20-21-y-22-de-marzo-11a-edicion-de-la-campana-pebrots-pel-cancer\/","name":"20, 21 y 22 de marzo: 11\u00aa edici\u00f3n de la campa\u00f1a 'Pebrots pel c\u00e0ncer' - Junts contra el c\u00e0ncer - FECEC","isPartOf":{"@id":"https:\/\/juntscontraelcancer.cat\/es\/#website"},"primaryImageOfPage":{"@id":"https:\/\/juntscontraelcancer.cat\/es\/20-21-y-22-de-marzo-11a-edicion-de-la-campana-pebrots-pel-cancer\/#primaryimage"},"image":{"@id":"https:\/\/juntscontraelcancer.cat\/es\/20-21-y-22-de-marzo-11a-edicion-de-la-campana-pebrots-pel-cancer\/#primaryimage"},"thumbnailUrl":"https:\/\/juntscontraelcancer.cat\/wp-content\/uploads\/2025\/03\/logo-fecha.png","datePublished":"2025-03-10T07:12:53+00:00","dateModified":"2025-03-18T10:47:17+00:00","breadcrumb":{"@id":"https:\/\/juntscontraelcancer.cat\/es\/20-21-y-22-de-marzo-11a-edicion-de-la-campana-pebrots-pel-cancer\/#breadcrumb"},"inLanguage":"es","potentialAction":[{"@type":"ReadAction","target":["https:\/\/juntscontraelcancer.cat\/es\/20-21-y-22-de-marzo-11a-edicion-de-la-campana-pebrots-pel-cancer\/"]}]},{"@type":"ImageObject","inLanguage":"es","@id":"https:\/\/juntscontraelcancer.cat\/es\/20-21-y-22-de-marzo-11a-edicion-de-la-campana-pebrots-pel-cancer\/#primaryimage","url":"https:\/\/juntscontraelcancer.cat\/wp-content\/uploads\/2025\/03\/logo-fecha.png","contentUrl":"https:\/\/juntscontraelcancer.cat\/wp-content\/uploads\/2025\/03\/logo-fecha.png","width":3508,"height":2480},{"@type":"BreadcrumbList","@id":"https:\/\/juntscontraelcancer.cat\/es\/20-21-y-22-de-marzo-11a-edicion-de-la-campana-pebrots-pel-cancer\/#breadcrumb","itemListElement":[{"@type":"ListItem","position":1,"name":"Inicio","item":"https:\/\/juntscontraelcancer.cat\/es\/"},{"@type":"ListItem","position":2,"name":"20, 21 y 22 de marzo: 11\u00aa edici\u00f3n de la campa\u00f1a &#8216;Pebrots pel c\u00e0ncer&#8217;"}]},{"@type":"WebSite","@id":"https:\/\/juntscontraelcancer.cat\/es\/#website","url":"https:\/\/juntscontraelcancer.cat\/es\/","name":"Junts contra el c\u00e0ncer - FECEC","description":"","publisher":{"@id":"https:\/\/juntscontraelcancer.cat\/es\/#organization"},"potentialAction":[{"@type":"SearchAction","target":{"@type":"EntryPoint","urlTemplate":"https:\/\/juntscontraelcancer.cat\/es\/?s={search_term_string}"},"query-input":{"@type":"PropertyValueSpecification","valueRequired":true,"valueName":"search_term_string"}}],"inLanguage":"es"},{"@type":"Organization","@id":"https:\/\/juntscontraelcancer.cat\/es\/#organization","name":"Junts contra el c\u00e0ncer - FECEC","url":"https:\/\/juntscontraelcancer.cat\/es\/","logo":{"@type":"ImageObject","inLanguage":"es","@id":"https:\/\/juntscontraelcancer.cat\/es\/#\/schema\/logo\/image\/","url":"https:\/\/juntscontraelcancer.cat\/wp-content\/uploads\/2023\/01\/logo-fecec-header.png","contentUrl":"https:\/\/juntscontraelcancer.cat\/wp-content\/uploads\/2023\/01\/logo-fecec-header.png","width":126,"height":74,"caption":"Junts contra el c\u00e0ncer - FECEC"},"image":{"@id":"https:\/\/juntscontraelcancer.cat\/es\/#\/schema\/logo\/image\/"},"sameAs":["https:\/\/www.facebook.com\/fecec.federacio\/","https:\/\/x.com\/FececFederacio","https:\/\/www.instagram.com\/fececfederacio\/?hl=es","https:\/\/www.youtube.com\/channel\/UCgAC_6c6hmHwMQhSCQyYBdA"]},{"@type":"Person","@id":"https:\/\/juntscontraelcancer.cat\/es\/#\/schema\/person\/2bba6ee197504983c335d560850ec148","name":"FECEC Comunicaci\u00f3","image":{"@type":"ImageObject","inLanguage":"es","@id":"https:\/\/secure.gravatar.com\/avatar\/afa7129fad37df4be85b472c53d2039388784444579f67ca35ddbc83bfae2fd0?s=96&d=mm&r=g","url":"https:\/\/secure.gravatar.com\/avatar\/afa7129fad37df4be85b472c53d2039388784444579f67ca35ddbc83bfae2fd0?s=96&d=mm&r=g","contentUrl":"https:\/\/secure.gravatar.com\/avatar\/afa7129fad37df4be85b472c53d2039388784444579f67ca35ddbc83bfae2fd0?s=96&d=mm&r=g","caption":"FECEC Comunicaci\u00f3"}}]}},"_links":{"self":[{"href":"https:\/\/juntscontraelcancer.cat\/es\/wp-json\/wp\/v2\/posts\/39938","targetHints":{"allow":["GET"]}}],"collection":[{"href":"https:\/\/juntscontraelcancer.cat\/es\/wp-json\/wp\/v2\/posts"}],"about":[{"href":"https:\/\/juntscontraelcancer.cat\/es\/wp-json\/wp\/v2\/types\/post"}],"author":[{"embeddable":true,"href":"https:\/\/juntscontraelcancer.cat\/es\/wp-json\/wp\/v2\/users\/2"}],"replies":[{"embeddable":true,"href":"https:\/\/juntscontraelcancer.cat\/es\/wp-json\/wp\/v2\/comments?post=39938"}],"version-history":[{"count":1,"href":"https:\/\/juntscontraelcancer.cat\/es\/wp-json\/wp\/v2\/posts\/39938\/revisions"}],"predecessor-version":[{"id":39939,"href":"https:\/\/juntscontraelcancer.cat\/es\/wp-json\/wp\/v2\/posts\/39938\/revisions\/39939"}],"wp:featuredmedia":[{"embeddable":true,"href":"https:\/\/juntscontraelcancer.cat\/es\/wp-json\/wp\/v2\/media\/39806"}],"wp:attachment":[{"href":"https:\/\/juntscontraelcancer.cat\/es\/wp-json\/wp\/v2\/media?parent=39938"}],"wp:term":[{"taxonomy":"category","embeddable":true,"href":"https:\/\/juntscontraelcancer.cat\/es\/wp-json\/wp\/v2\/categories?post=39938"},{"taxonomy":"post_tag","embeddable":true,"href":"https:\/\/juntscontraelcancer.cat\/es\/wp-json\/wp\/v2\/tags?post=39938"}],"curies":[{"name":"wp","href":"https:\/\/api.w.org\/{rel}","templated":true}]}}