{"id":39345,"date":"2025-02-06T09:17:45","date_gmt":"2025-02-06T07:17:45","guid":{"rendered":"https:\/\/juntscontraelcancer.cat\/1-de-marzo-3a-edicion-de-la-jornada-celebra-la-vida-despres-del-cancer\/"},"modified":"2025-02-25T10:55:51","modified_gmt":"2025-02-25T09:55:51","slug":"1-de-marzo-3a-edicion-de-la-jornada-celebra-la-vida-despres-del-cancer","status":"publish","type":"post","link":"https:\/\/juntscontraelcancer.cat\/es\/1-de-marzo-3a-edicion-de-la-jornada-celebra-la-vida-despres-del-cancer\/","title":{"rendered":"1 de marzo, 3\u00aa edici\u00f3n de la jornada &#8216;Celebra la vida despr\u00e9s del c\u00e0ncer&#8217;"},"content":{"rendered":"\n<p><strong>La Federaci\u00f3 Catalana d\u2019Entitats contra el C\u00e0ncer (FECEC) organiza el 1 de marzo en el <a href=\"https:\/\/hubsocialbcn.cat\/\">Hub Social de Barcelona <\/a>la 3.\u00aa edici\u00f3n de <a href=\"https:\/\/celebralavida.despresdelcancer.cat\/\" target=\"_blank\" rel=\"noreferrer noopener\">\u201cCelebra la vida despr\u00e9s del c\u00e0ncer\u201d<\/a>, jornada para sensibilizar y visibilizar las dificultades que se pueden encontrar las personas que superan o cronifican un c\u00e1ncer. \u00a1INSCRIPCIONES CERRADAS!<\/strong>&#13;\n<\/p>\n\n<p>El objetivo de esta jornada es sensibilizar a la sociedad sobre las dificultades y necesidades que tienen las personas que han superado o cronificado un c\u00e1ncer, y ofrecerles informaci\u00f3n actualizada y \u00fatil sobre esta nueva etapa. <strong>\u201cCelebra la vida despr\u00e9s del c\u00e0ncer\u201d<\/strong> est\u00e1 dirigida, principalmente, a adultos, j\u00f3venes y adolescentes que est\u00e1n acabando el tratamiento; personas que hace m\u00e1s de un a\u00f1o que han terminado el tratamiento del c\u00e1ncer; personas que han cronificado la enfermedad y cuidadoras.<\/p>\n\n<p>La jornada contar\u00e1 con\u00a0<strong>grupos de experiencias, charlas con expertos y m\u00fasica en directo<\/strong>\u00a0para celebrar la vida despu\u00e9s del c\u00e1ncer.&#13;\n&#13;\n<\/p>\n\n<p><strong><a href=\"https:\/\/celebralavida.despresdelcancer.cat\/programa\" target=\"_blank\" rel=\"noreferrer noopener\">Clica aqu\u00ed para conocer tot el programa<\/a><\/strong><\/p>\n\n<p>Esta jornada est\u00e1 abierta al p\u00fablico en general y te invitamos a que asistas en el <strong>Hub Social de Barcelona<\/strong>.<\/p>\n\n<ul class=\"wp-block-list\">\n<li><strong>D\u00eda:<\/strong>\u00a0s\u00e1bado, 1 de marzo de 2025<\/li>\n\n\n\n<li><strong>Hora:<\/strong>\u00a0de 9:30 a 14 h.<\/li>\n\n\n\n<li><strong>Lugar:\u00a0<\/strong>Hub Social Barcelona (C\/ Girona, 34 interior. Barcelona)<\/li>\n<\/ul>\n\n<p><strong>\u00a1INSCRIPCIONES CERRADAS!<\/strong><\/p>\n\n<p>Esta jornada cuenta con el apoyo de los <a href=\"https:\/\/dretssocials.gencat.cat\/ca\/inici\/index.html\" target=\"_blank\" rel=\"noreferrer noopener\">Departamentos de Drets Socials i Inclusi\u00f3<\/a> y\u00a0<a href=\"https:\/\/salutweb.gencat.cat\/ca\/inici\" target=\"_blank\" rel=\"noreferrer noopener\">Salut<\/a>\u00a0de la Generalitat de Catalunya, la <a href=\"https:\/\/fundacionlacaixa.org\/es\/investigacion-salud?utm_source=sc&amp;utm_medium=cpc&amp;utm_campaign=plan-editorial&amp;utm_content=convo-innovaci%C3%B3n&amp;utm_term=664613&amp;gad_source=1&amp;gclid=CjwKCAiA2JG9BhAuEiwAH_zf3jMP9yJjgZ5hWZ4G3iWdIEkWRcNcjO8FrSDkdh2h_uGHP8imF03qyxoCsk0QAvD_BwE\">Fundaci\u00f3 \u00abla Caixa\u00bb<\/a> y laboratorios <a href=\"https:\/\/www.pierre-fabre.com\/es-es\">Pierre Fabre<\/a>; y con la colaboraci\u00f3n del <a href=\"https:\/\/ajuntament.barcelona.cat\/ca\/\" target=\"_blank\" rel=\"noreferrer noopener\">Ajuntament de Barcelona<\/a>, el <a href=\"https:\/\/www.cofb.org\/ca\/\" target=\"_blank\" rel=\"noreferrer noopener\">Col\u00b7legi de Farmac\u00e8utics de Barcelona<\/a>, <a href=\"https:\/\/www.rac1.cat\/\" target=\"_blank\" rel=\"noreferrer noopener\">RAC1<\/a> y <a href=\"https:\/\/florsnoe.com\/\" target=\"_blank\" rel=\"noreferrer noopener\">No\u00e8 Germans<\/a>.<\/p>\n\n<p><\/p>\n","protected":false},"excerpt":{"rendered":"<p>La Federaci\u00f3 Catalana d\u2019Entitats contra el C\u00e0ncer (FECEC) organiza el 25 de noviembre en el Hub Social de Barcelona la 3\u00aa edici\u00f3n de \u201cCelebra la vida despr\u00e9s del c\u00e0ncer\u201d, una jornada para sensibilizar y visibilizar las dificultades que pueden encontrar las personas que superan o cronifican un c\u00e1ncer. \u00a1INSCRIPCIONES ABIERTAS!<\/p>\n","protected":false},"author":2,"featured_media":39340,"comment_status":"closed","ping_status":"closed","sticky":false,"template":"","format":"standard","meta":{"_acf_changed":false,"inline_featured_image":false,"footnotes":""},"categories":[84,86],"tags":[],"class_list":["post-39345","post","type-post","status-publish","format-standard","has-post-thumbnail","hentry","category-actualidad","category-destacadas"],"acf":[],"yoast_head":"<!-- This site is optimized with the Yoast SEO plugin v27.3 - https:\/\/yoast.com\/product\/yoast-seo-wordpress\/ -->\n<title>1 de marzo, 3\u00aa edici\u00f3n de la jornada &#039;Celebra la vida despr\u00e9s del c\u00e0ncer&#039; - Junts contra el c\u00e0ncer - FECEC<\/title>\n<meta name=\"robots\" content=\"index, follow, max-snippet:-1, max-image-preview:large, max-video-preview:-1\" \/>\n<link rel=\"canonical\" href=\"https:\/\/juntscontraelcancer.cat\/es\/1-de-marzo-3a-edicion-de-la-jornada-celebra-la-vida-despres-del-cancer\/\" \/>\n<meta property=\"og:locale\" content=\"es_ES\" \/>\n<meta property=\"og:type\" content=\"article\" \/>\n<meta property=\"og:title\" content=\"1 de marzo, 3\u00aa edici\u00f3n de la jornada &#039;Celebra la vida despr\u00e9s del c\u00e0ncer&#039; - Junts contra el c\u00e0ncer - FECEC\" \/>\n<meta property=\"og:description\" content=\"La Federaci\u00f3 Catalana d\u2019Entitats contra el C\u00e0ncer (FECEC) organiza el 25 de noviembre en el Hub Social de Barcelona la 3\u00aa edici\u00f3n de \u201cCelebra la vida despr\u00e9s del c\u00e0ncer\u201d, una jornada para sensibilizar y visibilizar las dificultades que pueden encontrar las personas que superan o cronifican un c\u00e1ncer. \u00a1INSCRIPCIONES ABIERTAS!\" \/>\n<meta property=\"og:url\" content=\"https:\/\/juntscontraelcancer.cat\/es\/1-de-marzo-3a-edicion-de-la-jornada-celebra-la-vida-despres-del-cancer\/\" \/>\n<meta property=\"og:site_name\" content=\"Junts contra el c\u00e0ncer - FECEC\" \/>\n<meta property=\"article:publisher\" content=\"https:\/\/www.facebook.com\/fecec.federacio\/\" \/>\n<meta property=\"article:published_time\" content=\"2025-02-06T07:17:45+00:00\" \/>\n<meta property=\"article:modified_time\" content=\"2025-02-25T09:55:51+00:00\" \/>\n<meta property=\"og:image\" content=\"https:\/\/juntscontraelcancer.cat\/wp-content\/uploads\/2025\/02\/junts-contra-el-cancer-3a-jornada-celebra-la-vida-despres-del-cancer.png\" \/>\n\t<meta property=\"og:image:width\" content=\"1726\" \/>\n\t<meta property=\"og:image:height\" content=\"966\" \/>\n\t<meta property=\"og:image:type\" content=\"image\/png\" \/>\n<meta name=\"author\" content=\"FECEC Comunicaci\u00f3\" \/>\n<meta name=\"twitter:card\" content=\"summary_large_image\" \/>\n<meta name=\"twitter:creator\" content=\"@FececFederacio\" \/>\n<meta name=\"twitter:site\" content=\"@FececFederacio\" \/>\n<meta name=\"twitter:label1\" content=\"Escrito por\" \/>\n\t<meta name=\"twitter:data1\" content=\"FECEC Comunicaci\u00f3\" \/>\n\t<meta name=\"twitter:label2\" content=\"Tiempo de lectura\" \/>\n\t<meta name=\"twitter:data2\" content=\"1 minuto\" \/>\n<script type=\"application\/ld+json\" class=\"yoast-schema-graph\">{\"@context\":\"https:\\\/\\\/schema.org\",\"@graph\":[{\"@type\":\"Article\",\"@id\":\"https:\\\/\\\/juntscontraelcancer.cat\\\/es\\\/1-de-marzo-3a-edicion-de-la-jornada-celebra-la-vida-despres-del-cancer\\\/#article\",\"isPartOf\":{\"@id\":\"https:\\\/\\\/juntscontraelcancer.cat\\\/es\\\/1-de-marzo-3a-edicion-de-la-jornada-celebra-la-vida-despres-del-cancer\\\/\"},\"author\":{\"name\":\"FECEC Comunicaci\u00f3\",\"@id\":\"https:\\\/\\\/juntscontraelcancer.cat\\\/es\\\/#\\\/schema\\\/person\\\/2bba6ee197504983c335d560850ec148\"},\"headline\":\"1 de marzo, 3\u00aa edici\u00f3n de la jornada &#8216;Celebra la vida despr\u00e9s del c\u00e0ncer&#8217;\",\"datePublished\":\"2025-02-06T07:17:45+00:00\",\"dateModified\":\"2025-02-25T09:55:51+00:00\",\"mainEntityOfPage\":{\"@id\":\"https:\\\/\\\/juntscontraelcancer.cat\\\/es\\\/1-de-marzo-3a-edicion-de-la-jornada-celebra-la-vida-despres-del-cancer\\\/\"},\"wordCount\":278,\"publisher\":{\"@id\":\"https:\\\/\\\/juntscontraelcancer.cat\\\/es\\\/#organization\"},\"image\":{\"@id\":\"https:\\\/\\\/juntscontraelcancer.cat\\\/es\\\/1-de-marzo-3a-edicion-de-la-jornada-celebra-la-vida-despres-del-cancer\\\/#primaryimage\"},\"thumbnailUrl\":\"https:\\\/\\\/juntscontraelcancer.cat\\\/wp-content\\\/uploads\\\/2025\\\/02\\\/junts-contra-el-cancer-3a-jornada-celebra-la-vida-despres-del-cancer.png\",\"articleSection\":[\"Actualidad\",\"Destacadas\"],\"inLanguage\":\"es\"},{\"@type\":\"WebPage\",\"@id\":\"https:\\\/\\\/juntscontraelcancer.cat\\\/es\\\/1-de-marzo-3a-edicion-de-la-jornada-celebra-la-vida-despres-del-cancer\\\/\",\"url\":\"https:\\\/\\\/juntscontraelcancer.cat\\\/es\\\/1-de-marzo-3a-edicion-de-la-jornada-celebra-la-vida-despres-del-cancer\\\/\",\"name\":\"1 de marzo, 3\u00aa edici\u00f3n de la jornada 'Celebra la vida despr\u00e9s del c\u00e0ncer' - Junts contra el c\u00e0ncer - FECEC\",\"isPartOf\":{\"@id\":\"https:\\\/\\\/juntscontraelcancer.cat\\\/es\\\/#website\"},\"primaryImageOfPage\":{\"@id\":\"https:\\\/\\\/juntscontraelcancer.cat\\\/es\\\/1-de-marzo-3a-edicion-de-la-jornada-celebra-la-vida-despres-del-cancer\\\/#primaryimage\"},\"image\":{\"@id\":\"https:\\\/\\\/juntscontraelcancer.cat\\\/es\\\/1-de-marzo-3a-edicion-de-la-jornada-celebra-la-vida-despres-del-cancer\\\/#primaryimage\"},\"thumbnailUrl\":\"https:\\\/\\\/juntscontraelcancer.cat\\\/wp-content\\\/uploads\\\/2025\\\/02\\\/junts-contra-el-cancer-3a-jornada-celebra-la-vida-despres-del-cancer.png\",\"datePublished\":\"2025-02-06T07:17:45+00:00\",\"dateModified\":\"2025-02-25T09:55:51+00:00\",\"breadcrumb\":{\"@id\":\"https:\\\/\\\/juntscontraelcancer.cat\\\/es\\\/1-de-marzo-3a-edicion-de-la-jornada-celebra-la-vida-despres-del-cancer\\\/#breadcrumb\"},\"inLanguage\":\"es\",\"potentialAction\":[{\"@type\":\"ReadAction\",\"target\":[\"https:\\\/\\\/juntscontraelcancer.cat\\\/es\\\/1-de-marzo-3a-edicion-de-la-jornada-celebra-la-vida-despres-del-cancer\\\/\"]}]},{\"@type\":\"ImageObject\",\"inLanguage\":\"es\",\"@id\":\"https:\\\/\\\/juntscontraelcancer.cat\\\/es\\\/1-de-marzo-3a-edicion-de-la-jornada-celebra-la-vida-despres-del-cancer\\\/#primaryimage\",\"url\":\"https:\\\/\\\/juntscontraelcancer.cat\\\/wp-content\\\/uploads\\\/2025\\\/02\\\/junts-contra-el-cancer-3a-jornada-celebra-la-vida-despres-del-cancer.png\",\"contentUrl\":\"https:\\\/\\\/juntscontraelcancer.cat\\\/wp-content\\\/uploads\\\/2025\\\/02\\\/junts-contra-el-cancer-3a-jornada-celebra-la-vida-despres-del-cancer.png\",\"width\":1726,\"height\":966},{\"@type\":\"BreadcrumbList\",\"@id\":\"https:\\\/\\\/juntscontraelcancer.cat\\\/es\\\/1-de-marzo-3a-edicion-de-la-jornada-celebra-la-vida-despres-del-cancer\\\/#breadcrumb\",\"itemListElement\":[{\"@type\":\"ListItem\",\"position\":1,\"name\":\"Inicio\",\"item\":\"https:\\\/\\\/juntscontraelcancer.cat\\\/es\\\/\"},{\"@type\":\"ListItem\",\"position\":2,\"name\":\"1 de marzo, 3\u00aa edici\u00f3n de la jornada &#8216;Celebra la vida despr\u00e9s del c\u00e0ncer&#8217;\"}]},{\"@type\":\"WebSite\",\"@id\":\"https:\\\/\\\/juntscontraelcancer.cat\\\/es\\\/#website\",\"url\":\"https:\\\/\\\/juntscontraelcancer.cat\\\/es\\\/\",\"name\":\"Junts contra el c\u00e0ncer - FECEC\",\"description\":\"\",\"publisher\":{\"@id\":\"https:\\\/\\\/juntscontraelcancer.cat\\\/es\\\/#organization\"},\"potentialAction\":[{\"@type\":\"SearchAction\",\"target\":{\"@type\":\"EntryPoint\",\"urlTemplate\":\"https:\\\/\\\/juntscontraelcancer.cat\\\/es\\\/?s={search_term_string}\"},\"query-input\":{\"@type\":\"PropertyValueSpecification\",\"valueRequired\":true,\"valueName\":\"search_term_string\"}}],\"inLanguage\":\"es\"},{\"@type\":\"Organization\",\"@id\":\"https:\\\/\\\/juntscontraelcancer.cat\\\/es\\\/#organization\",\"name\":\"Junts contra el c\u00e0ncer - FECEC\",\"url\":\"https:\\\/\\\/juntscontraelcancer.cat\\\/es\\\/\",\"logo\":{\"@type\":\"ImageObject\",\"inLanguage\":\"es\",\"@id\":\"https:\\\/\\\/juntscontraelcancer.cat\\\/es\\\/#\\\/schema\\\/logo\\\/image\\\/\",\"url\":\"https:\\\/\\\/juntscontraelcancer.cat\\\/wp-content\\\/uploads\\\/2023\\\/01\\\/logo-fecec-header.png\",\"contentUrl\":\"https:\\\/\\\/juntscontraelcancer.cat\\\/wp-content\\\/uploads\\\/2023\\\/01\\\/logo-fecec-header.png\",\"width\":126,\"height\":74,\"caption\":\"Junts contra el c\u00e0ncer - FECEC\"},\"image\":{\"@id\":\"https:\\\/\\\/juntscontraelcancer.cat\\\/es\\\/#\\\/schema\\\/logo\\\/image\\\/\"},\"sameAs\":[\"https:\\\/\\\/www.facebook.com\\\/fecec.federacio\\\/\",\"https:\\\/\\\/x.com\\\/FececFederacio\",\"https:\\\/\\\/www.instagram.com\\\/fececfederacio\\\/?hl=es\",\"https:\\\/\\\/www.youtube.com\\\/channel\\\/UCgAC_6c6hmHwMQhSCQyYBdA\"]},{\"@type\":\"Person\",\"@id\":\"https:\\\/\\\/juntscontraelcancer.cat\\\/es\\\/#\\\/schema\\\/person\\\/2bba6ee197504983c335d560850ec148\",\"name\":\"FECEC Comunicaci\u00f3\",\"image\":{\"@type\":\"ImageObject\",\"inLanguage\":\"es\",\"@id\":\"https:\\\/\\\/secure.gravatar.com\\\/avatar\\\/afa7129fad37df4be85b472c53d2039388784444579f67ca35ddbc83bfae2fd0?s=96&d=mm&r=g\",\"url\":\"https:\\\/\\\/secure.gravatar.com\\\/avatar\\\/afa7129fad37df4be85b472c53d2039388784444579f67ca35ddbc83bfae2fd0?s=96&d=mm&r=g\",\"contentUrl\":\"https:\\\/\\\/secure.gravatar.com\\\/avatar\\\/afa7129fad37df4be85b472c53d2039388784444579f67ca35ddbc83bfae2fd0?s=96&d=mm&r=g\",\"caption\":\"FECEC Comunicaci\u00f3\"}}]}<\/script>\n<!-- \/ Yoast SEO plugin. -->","yoast_head_json":{"title":"1 de marzo, 3\u00aa edici\u00f3n de la jornada 'Celebra la vida despr\u00e9s del c\u00e0ncer' - Junts contra el c\u00e0ncer - FECEC","robots":{"index":"index","follow":"follow","max-snippet":"max-snippet:-1","max-image-preview":"max-image-preview:large","max-video-preview":"max-video-preview:-1"},"canonical":"https:\/\/juntscontraelcancer.cat\/es\/1-de-marzo-3a-edicion-de-la-jornada-celebra-la-vida-despres-del-cancer\/","og_locale":"es_ES","og_type":"article","og_title":"1 de marzo, 3\u00aa edici\u00f3n de la jornada 'Celebra la vida despr\u00e9s del c\u00e0ncer' - Junts contra el c\u00e0ncer - FECEC","og_description":"La Federaci\u00f3 Catalana d\u2019Entitats contra el C\u00e0ncer (FECEC) organiza el 25 de noviembre en el Hub Social de Barcelona la 3\u00aa edici\u00f3n de \u201cCelebra la vida despr\u00e9s del c\u00e0ncer\u201d, una jornada para sensibilizar y visibilizar las dificultades que pueden encontrar las personas que superan o cronifican un c\u00e1ncer. \u00a1INSCRIPCIONES ABIERTAS!","og_url":"https:\/\/juntscontraelcancer.cat\/es\/1-de-marzo-3a-edicion-de-la-jornada-celebra-la-vida-despres-del-cancer\/","og_site_name":"Junts contra el c\u00e0ncer - FECEC","article_publisher":"https:\/\/www.facebook.com\/fecec.federacio\/","article_published_time":"2025-02-06T07:17:45+00:00","article_modified_time":"2025-02-25T09:55:51+00:00","og_image":[{"width":1726,"height":966,"url":"https:\/\/juntscontraelcancer.cat\/wp-content\/uploads\/2025\/02\/junts-contra-el-cancer-3a-jornada-celebra-la-vida-despres-del-cancer.png","type":"image\/png"}],"author":"FECEC Comunicaci\u00f3","twitter_card":"summary_large_image","twitter_creator":"@FececFederacio","twitter_site":"@FececFederacio","twitter_misc":{"Escrito por":"FECEC Comunicaci\u00f3","Tiempo de lectura":"1 minuto"},"schema":{"@context":"https:\/\/schema.org","@graph":[{"@type":"Article","@id":"https:\/\/juntscontraelcancer.cat\/es\/1-de-marzo-3a-edicion-de-la-jornada-celebra-la-vida-despres-del-cancer\/#article","isPartOf":{"@id":"https:\/\/juntscontraelcancer.cat\/es\/1-de-marzo-3a-edicion-de-la-jornada-celebra-la-vida-despres-del-cancer\/"},"author":{"name":"FECEC Comunicaci\u00f3","@id":"https:\/\/juntscontraelcancer.cat\/es\/#\/schema\/person\/2bba6ee197504983c335d560850ec148"},"headline":"1 de marzo, 3\u00aa edici\u00f3n de la jornada &#8216;Celebra la vida despr\u00e9s del c\u00e0ncer&#8217;","datePublished":"2025-02-06T07:17:45+00:00","dateModified":"2025-02-25T09:55:51+00:00","mainEntityOfPage":{"@id":"https:\/\/juntscontraelcancer.cat\/es\/1-de-marzo-3a-edicion-de-la-jornada-celebra-la-vida-despres-del-cancer\/"},"wordCount":278,"publisher":{"@id":"https:\/\/juntscontraelcancer.cat\/es\/#organization"},"image":{"@id":"https:\/\/juntscontraelcancer.cat\/es\/1-de-marzo-3a-edicion-de-la-jornada-celebra-la-vida-despres-del-cancer\/#primaryimage"},"thumbnailUrl":"https:\/\/juntscontraelcancer.cat\/wp-content\/uploads\/2025\/02\/junts-contra-el-cancer-3a-jornada-celebra-la-vida-despres-del-cancer.png","articleSection":["Actualidad","Destacadas"],"inLanguage":"es"},{"@type":"WebPage","@id":"https:\/\/juntscontraelcancer.cat\/es\/1-de-marzo-3a-edicion-de-la-jornada-celebra-la-vida-despres-del-cancer\/","url":"https:\/\/juntscontraelcancer.cat\/es\/1-de-marzo-3a-edicion-de-la-jornada-celebra-la-vida-despres-del-cancer\/","name":"1 de marzo, 3\u00aa edici\u00f3n de la jornada 'Celebra la vida despr\u00e9s del c\u00e0ncer' - Junts contra el c\u00e0ncer - FECEC","isPartOf":{"@id":"https:\/\/juntscontraelcancer.cat\/es\/#website"},"primaryImageOfPage":{"@id":"https:\/\/juntscontraelcancer.cat\/es\/1-de-marzo-3a-edicion-de-la-jornada-celebra-la-vida-despres-del-cancer\/#primaryimage"},"image":{"@id":"https:\/\/juntscontraelcancer.cat\/es\/1-de-marzo-3a-edicion-de-la-jornada-celebra-la-vida-despres-del-cancer\/#primaryimage"},"thumbnailUrl":"https:\/\/juntscontraelcancer.cat\/wp-content\/uploads\/2025\/02\/junts-contra-el-cancer-3a-jornada-celebra-la-vida-despres-del-cancer.png","datePublished":"2025-02-06T07:17:45+00:00","dateModified":"2025-02-25T09:55:51+00:00","breadcrumb":{"@id":"https:\/\/juntscontraelcancer.cat\/es\/1-de-marzo-3a-edicion-de-la-jornada-celebra-la-vida-despres-del-cancer\/#breadcrumb"},"inLanguage":"es","potentialAction":[{"@type":"ReadAction","target":["https:\/\/juntscontraelcancer.cat\/es\/1-de-marzo-3a-edicion-de-la-jornada-celebra-la-vida-despres-del-cancer\/"]}]},{"@type":"ImageObject","inLanguage":"es","@id":"https:\/\/juntscontraelcancer.cat\/es\/1-de-marzo-3a-edicion-de-la-jornada-celebra-la-vida-despres-del-cancer\/#primaryimage","url":"https:\/\/juntscontraelcancer.cat\/wp-content\/uploads\/2025\/02\/junts-contra-el-cancer-3a-jornada-celebra-la-vida-despres-del-cancer.png","contentUrl":"https:\/\/juntscontraelcancer.cat\/wp-content\/uploads\/2025\/02\/junts-contra-el-cancer-3a-jornada-celebra-la-vida-despres-del-cancer.png","width":1726,"height":966},{"@type":"BreadcrumbList","@id":"https:\/\/juntscontraelcancer.cat\/es\/1-de-marzo-3a-edicion-de-la-jornada-celebra-la-vida-despres-del-cancer\/#breadcrumb","itemListElement":[{"@type":"ListItem","position":1,"name":"Inicio","item":"https:\/\/juntscontraelcancer.cat\/es\/"},{"@type":"ListItem","position":2,"name":"1 de marzo, 3\u00aa edici\u00f3n de la jornada &#8216;Celebra la vida despr\u00e9s del c\u00e0ncer&#8217;"}]},{"@type":"WebSite","@id":"https:\/\/juntscontraelcancer.cat\/es\/#website","url":"https:\/\/juntscontraelcancer.cat\/es\/","name":"Junts contra el c\u00e0ncer - FECEC","description":"","publisher":{"@id":"https:\/\/juntscontraelcancer.cat\/es\/#organization"},"potentialAction":[{"@type":"SearchAction","target":{"@type":"EntryPoint","urlTemplate":"https:\/\/juntscontraelcancer.cat\/es\/?s={search_term_string}"},"query-input":{"@type":"PropertyValueSpecification","valueRequired":true,"valueName":"search_term_string"}}],"inLanguage":"es"},{"@type":"Organization","@id":"https:\/\/juntscontraelcancer.cat\/es\/#organization","name":"Junts contra el c\u00e0ncer - FECEC","url":"https:\/\/juntscontraelcancer.cat\/es\/","logo":{"@type":"ImageObject","inLanguage":"es","@id":"https:\/\/juntscontraelcancer.cat\/es\/#\/schema\/logo\/image\/","url":"https:\/\/juntscontraelcancer.cat\/wp-content\/uploads\/2023\/01\/logo-fecec-header.png","contentUrl":"https:\/\/juntscontraelcancer.cat\/wp-content\/uploads\/2023\/01\/logo-fecec-header.png","width":126,"height":74,"caption":"Junts contra el c\u00e0ncer - FECEC"},"image":{"@id":"https:\/\/juntscontraelcancer.cat\/es\/#\/schema\/logo\/image\/"},"sameAs":["https:\/\/www.facebook.com\/fecec.federacio\/","https:\/\/x.com\/FececFederacio","https:\/\/www.instagram.com\/fececfederacio\/?hl=es","https:\/\/www.youtube.com\/channel\/UCgAC_6c6hmHwMQhSCQyYBdA"]},{"@type":"Person","@id":"https:\/\/juntscontraelcancer.cat\/es\/#\/schema\/person\/2bba6ee197504983c335d560850ec148","name":"FECEC Comunicaci\u00f3","image":{"@type":"ImageObject","inLanguage":"es","@id":"https:\/\/secure.gravatar.com\/avatar\/afa7129fad37df4be85b472c53d2039388784444579f67ca35ddbc83bfae2fd0?s=96&d=mm&r=g","url":"https:\/\/secure.gravatar.com\/avatar\/afa7129fad37df4be85b472c53d2039388784444579f67ca35ddbc83bfae2fd0?s=96&d=mm&r=g","contentUrl":"https:\/\/secure.gravatar.com\/avatar\/afa7129fad37df4be85b472c53d2039388784444579f67ca35ddbc83bfae2fd0?s=96&d=mm&r=g","caption":"FECEC Comunicaci\u00f3"}}]}},"_links":{"self":[{"href":"https:\/\/juntscontraelcancer.cat\/es\/wp-json\/wp\/v2\/posts\/39345","targetHints":{"allow":["GET"]}}],"collection":[{"href":"https:\/\/juntscontraelcancer.cat\/es\/wp-json\/wp\/v2\/posts"}],"about":[{"href":"https:\/\/juntscontraelcancer.cat\/es\/wp-json\/wp\/v2\/types\/post"}],"author":[{"embeddable":true,"href":"https:\/\/juntscontraelcancer.cat\/es\/wp-json\/wp\/v2\/users\/2"}],"replies":[{"embeddable":true,"href":"https:\/\/juntscontraelcancer.cat\/es\/wp-json\/wp\/v2\/comments?post=39345"}],"version-history":[{"count":5,"href":"https:\/\/juntscontraelcancer.cat\/es\/wp-json\/wp\/v2\/posts\/39345\/revisions"}],"predecessor-version":[{"id":39638,"href":"https:\/\/juntscontraelcancer.cat\/es\/wp-json\/wp\/v2\/posts\/39345\/revisions\/39638"}],"wp:featuredmedia":[{"embeddable":true,"href":"https:\/\/juntscontraelcancer.cat\/es\/wp-json\/wp\/v2\/media\/39340"}],"wp:attachment":[{"href":"https:\/\/juntscontraelcancer.cat\/es\/wp-json\/wp\/v2\/media?parent=39345"}],"wp:term":[{"taxonomy":"category","embeddable":true,"href":"https:\/\/juntscontraelcancer.cat\/es\/wp-json\/wp\/v2\/categories?post=39345"},{"taxonomy":"post_tag","embeddable":true,"href":"https:\/\/juntscontraelcancer.cat\/es\/wp-json\/wp\/v2\/tags?post=39345"}],"curies":[{"name":"wp","href":"https:\/\/api.w.org\/{rel}","templated":true}]}}