{"id":39053,"date":"2025-01-14T16:38:39","date_gmt":"2025-01-14T14:38:39","guid":{"rendered":"https:\/\/juntscontraelcancer.cat\/inscribete-al-curso-de-voluntariado-en-el-ambito-de-la-oncologia\/"},"modified":"2025-01-15T09:26:56","modified_gmt":"2025-01-15T08:26:56","slug":"inscribete-al-curso-de-voluntariado-en-el-ambito-de-la-oncologia","status":"publish","type":"post","link":"https:\/\/juntscontraelcancer.cat\/es\/inscribete-al-curso-de-voluntariado-en-el-ambito-de-la-oncologia\/","title":{"rendered":"Inscr\u00edbete al Curso de voluntariado en el \u00e1mbito de la oncolog\u00eda"},"content":{"rendered":"\n<p>&#13;\n<strong>Los pr\u00f3ximos 13, 14 y 20 de febrero tendr\u00e1 lugar en Barcelona una nueva edici\u00f3n del Curso de voluntariado en el \u00e1mbito de la oncolog\u00eda, formaci\u00f3n b\u00e1sica organizada por la FECEC y la FCVS para aquellas personas que realizan voluntariado en el \u00e1mbito de la atenci\u00f3n a pacientes oncol\u00f3gicos. <a href=\"https:\/\/docs.google.com\/forms\/d\/e\/1FAIpQLSds0IU4KTTQ7Maj7UDUL7Rc2zMKrfSrX9fM3U5EriJJdh3WDA\/viewform?pli=1\">\u00a1Ap\u00fantate aqu\u00ed!<\/a><\/strong><\/p>\n\n<p><strong>\u00bfQu\u00e9 aprender\u00e1s en este curso?<\/strong><\/p>\n\n<p>Aproximaci\u00f3n al conjunto del colectivo que trabaja en el \u00e1mbito oncol\u00f3gico. Conocimientos sobre las dimensiones que entran en juego al convivir con el c\u00e1ncer. Herramientas y recursos para enmarcar correctamente tu actuaci\u00f3n como voluntario con pacientes oncol\u00f3gicos.<\/p>\n\n<p><strong>Acreditaci\u00f3n<\/strong><\/p>\n\n<p>Curso reconocido por el Pla de Formaci\u00f3 del Voluntariat de Catalunya. Para tener derecho al t\u00edtulo, se debe asistir a un m\u00ednimo del 80% del curso.<\/p>\n\n<p><strong>Docentes<\/strong><\/p>\n\n<ul class=\"wp-block-list\">\n<li><strong>Patricia Miss\u00e9<\/strong>, psicoonc\u00f3loga Institut Catal\u00e0 d\u2019Oncologia (ICO) <\/li>\n\n\n\n<li><strong>Dra. Clara Rodrigo<\/strong>, onc\u00f3loga residente del Hospital Cl\u00ednic de Barcelona <\/li>\n\n\n\n<li><strong>Jordi Abad<\/strong>, trabajador social y coordinador de voluntariado<\/li>\n\n\n\n<li><strong>Irene Costa,<\/strong> psicopedagoga y coordinadora de voluntariado<\/li>\n<\/ul>\n\n<p><a href=\"https:\/\/juntscontraelcancer.cat\/wp-content\/uploads\/2025\/01\/Curs-voluntariat-ambit-oncologia-gener-2025.pdf\"><strong>Descarga el programa aqu\u00ed<\/strong><\/a><\/p>\n\n<ul class=\"wp-block-list\">\n<li><strong>D\u00edas:<\/strong> jueves 13, viernes 14 y jueves 20 de febrero de 2025&#13;\n<\/li>\n\n\n\n<li><strong>Hora: <\/strong>de 16 a 20 h.<\/li>\n\n\n\n<li><strong>Lugar: <\/strong>Sede FECEC. Centre C\u00edvic i Comunitari Barcelona &#8211; La Pau (C\/. Pere Verg\u00e9s, 1 6a planta &#8211; Sala Catalunya. Barcelona)<\/li>\n\n\n\n<li><strong>Precio: <\/strong>15 euros miembros FECEC \/ 25 \u20ac miembros no FECEC<\/li>\n<\/ul>\n\n<p><strong><a href=\"https:\/\/docs.google.com\/forms\/d\/e\/1FAIpQLSds0IU4KTTQ7Maj7UDUL7Rc2zMKrfSrX9fM3U5EriJJdh3WDA\/viewform?pli=1\">Inscr\u00edbete en este <\/a><a>enlace<\/a> antes del 6 de febrero. \u00a1Plazas limitadas!<\/strong><\/p>\n\n<p>Organizan: FECEC y <a href=\"https:\/\/voluntaris.cat\/\" target=\"_blank\" rel=\"noreferrer noopener\">Federaci\u00f3 Catalana del Voluntariat Social<\/a> (FCVS)<\/p>\n","protected":false},"excerpt":{"rendered":"<p>Los pr\u00f3ximos 13, 14 y 20 de febrero tendr\u00e1 lugar en Barcelona una nueva edici\u00f3n del Curso de voluntariado en el \u00e1mbito de la oncolog\u00eda, formaci\u00f3n b\u00e1sica para aquellas personas que realizan voluntariado en el \u00e1mbito de la atenci\u00f3n a pacientes oncol\u00f3gicos.<\/p>\n","protected":false},"author":2,"featured_media":38566,"comment_status":"closed","ping_status":"closed","sticky":false,"template":"","format":"standard","meta":{"_acf_changed":false,"inline_featured_image":false,"footnotes":""},"categories":[84,86],"tags":[],"class_list":["post-39053","post","type-post","status-publish","format-standard","has-post-thumbnail","hentry","category-actualidad","category-destacadas"],"acf":[],"yoast_head":"<!-- This site is optimized with the Yoast SEO plugin v27.3 - https:\/\/yoast.com\/product\/yoast-seo-wordpress\/ -->\n<title>Inscr\u00edbete al Curso de voluntariado en el \u00e1mbito de la oncolog\u00eda - Junts contra el c\u00e0ncer - FECEC<\/title>\n<meta name=\"description\" content=\"Los pr\u00f3ximos 13, 14 y 20 de febrero tendr\u00e1 lugar en Barcelona una nueva edici\u00f3n del Curso de voluntariado en el \u00e1mbito de la oncolog\u00eda.\" \/>\n<meta name=\"robots\" content=\"index, follow, max-snippet:-1, max-image-preview:large, max-video-preview:-1\" \/>\n<link rel=\"canonical\" href=\"https:\/\/juntscontraelcancer.cat\/es\/inscribete-al-curso-de-voluntariado-en-el-ambito-de-la-oncologia\/\" \/>\n<meta property=\"og:locale\" content=\"es_ES\" \/>\n<meta property=\"og:type\" content=\"article\" \/>\n<meta property=\"og:title\" content=\"Inscr\u00edbete al Curso de voluntariado en el \u00e1mbito de la oncolog\u00eda - Junts contra el c\u00e0ncer - FECEC\" \/>\n<meta property=\"og:description\" content=\"Los pr\u00f3ximos 13, 14 y 20 de febrero tendr\u00e1 lugar en Barcelona una nueva edici\u00f3n del Curso de voluntariado en el \u00e1mbito de la oncolog\u00eda.\" \/>\n<meta property=\"og:url\" content=\"https:\/\/juntscontraelcancer.cat\/es\/inscribete-al-curso-de-voluntariado-en-el-ambito-de-la-oncologia\/\" \/>\n<meta property=\"og:site_name\" content=\"Junts contra el c\u00e0ncer - FECEC\" \/>\n<meta property=\"article:publisher\" content=\"https:\/\/www.facebook.com\/fecec.federacio\/\" \/>\n<meta property=\"article:published_time\" content=\"2025-01-14T14:38:39+00:00\" \/>\n<meta property=\"article:modified_time\" content=\"2025-01-15T08:26:56+00:00\" \/>\n<meta property=\"og:image\" content=\"https:\/\/juntscontraelcancer.cat\/wp-content\/uploads\/2024\/12\/1.png\" \/>\n\t<meta property=\"og:image:width\" content=\"1726\" \/>\n\t<meta property=\"og:image:height\" content=\"966\" \/>\n\t<meta property=\"og:image:type\" content=\"image\/png\" \/>\n<meta name=\"author\" content=\"FECEC Comunicaci\u00f3\" \/>\n<meta name=\"twitter:card\" content=\"summary_large_image\" \/>\n<meta name=\"twitter:creator\" content=\"@FececFederacio\" \/>\n<meta name=\"twitter:site\" content=\"@FececFederacio\" \/>\n<meta name=\"twitter:label1\" content=\"Escrito por\" \/>\n\t<meta name=\"twitter:data1\" content=\"FECEC Comunicaci\u00f3\" \/>\n\t<meta name=\"twitter:label2\" content=\"Tiempo de lectura\" \/>\n\t<meta name=\"twitter:data2\" content=\"1 minuto\" \/>\n<script type=\"application\/ld+json\" class=\"yoast-schema-graph\">{\"@context\":\"https:\\\/\\\/schema.org\",\"@graph\":[{\"@type\":\"Article\",\"@id\":\"https:\\\/\\\/juntscontraelcancer.cat\\\/es\\\/inscribete-al-curso-de-voluntariado-en-el-ambito-de-la-oncologia\\\/#article\",\"isPartOf\":{\"@id\":\"https:\\\/\\\/juntscontraelcancer.cat\\\/es\\\/inscribete-al-curso-de-voluntariado-en-el-ambito-de-la-oncologia\\\/\"},\"author\":{\"name\":\"FECEC Comunicaci\u00f3\",\"@id\":\"https:\\\/\\\/juntscontraelcancer.cat\\\/es\\\/#\\\/schema\\\/person\\\/2bba6ee197504983c335d560850ec148\"},\"headline\":\"Inscr\u00edbete al Curso de voluntariado en el \u00e1mbito de la oncolog\u00eda\",\"datePublished\":\"2025-01-14T14:38:39+00:00\",\"dateModified\":\"2025-01-15T08:26:56+00:00\",\"mainEntityOfPage\":{\"@id\":\"https:\\\/\\\/juntscontraelcancer.cat\\\/es\\\/inscribete-al-curso-de-voluntariado-en-el-ambito-de-la-oncologia\\\/\"},\"wordCount\":249,\"publisher\":{\"@id\":\"https:\\\/\\\/juntscontraelcancer.cat\\\/es\\\/#organization\"},\"image\":{\"@id\":\"https:\\\/\\\/juntscontraelcancer.cat\\\/es\\\/inscribete-al-curso-de-voluntariado-en-el-ambito-de-la-oncologia\\\/#primaryimage\"},\"thumbnailUrl\":\"https:\\\/\\\/juntscontraelcancer.cat\\\/wp-content\\\/uploads\\\/2024\\\/12\\\/1.png\",\"articleSection\":[\"Actualidad\",\"Destacadas\"],\"inLanguage\":\"es\"},{\"@type\":\"WebPage\",\"@id\":\"https:\\\/\\\/juntscontraelcancer.cat\\\/es\\\/inscribete-al-curso-de-voluntariado-en-el-ambito-de-la-oncologia\\\/\",\"url\":\"https:\\\/\\\/juntscontraelcancer.cat\\\/es\\\/inscribete-al-curso-de-voluntariado-en-el-ambito-de-la-oncologia\\\/\",\"name\":\"Inscr\u00edbete al Curso de voluntariado en el \u00e1mbito de la oncolog\u00eda - Junts contra el c\u00e0ncer - FECEC\",\"isPartOf\":{\"@id\":\"https:\\\/\\\/juntscontraelcancer.cat\\\/es\\\/#website\"},\"primaryImageOfPage\":{\"@id\":\"https:\\\/\\\/juntscontraelcancer.cat\\\/es\\\/inscribete-al-curso-de-voluntariado-en-el-ambito-de-la-oncologia\\\/#primaryimage\"},\"image\":{\"@id\":\"https:\\\/\\\/juntscontraelcancer.cat\\\/es\\\/inscribete-al-curso-de-voluntariado-en-el-ambito-de-la-oncologia\\\/#primaryimage\"},\"thumbnailUrl\":\"https:\\\/\\\/juntscontraelcancer.cat\\\/wp-content\\\/uploads\\\/2024\\\/12\\\/1.png\",\"datePublished\":\"2025-01-14T14:38:39+00:00\",\"dateModified\":\"2025-01-15T08:26:56+00:00\",\"description\":\"Los pr\u00f3ximos 13, 14 y 20 de febrero tendr\u00e1 lugar en Barcelona una nueva edici\u00f3n del Curso de voluntariado en el \u00e1mbito de la oncolog\u00eda.\",\"breadcrumb\":{\"@id\":\"https:\\\/\\\/juntscontraelcancer.cat\\\/es\\\/inscribete-al-curso-de-voluntariado-en-el-ambito-de-la-oncologia\\\/#breadcrumb\"},\"inLanguage\":\"es\",\"potentialAction\":[{\"@type\":\"ReadAction\",\"target\":[\"https:\\\/\\\/juntscontraelcancer.cat\\\/es\\\/inscribete-al-curso-de-voluntariado-en-el-ambito-de-la-oncologia\\\/\"]}]},{\"@type\":\"ImageObject\",\"inLanguage\":\"es\",\"@id\":\"https:\\\/\\\/juntscontraelcancer.cat\\\/es\\\/inscribete-al-curso-de-voluntariado-en-el-ambito-de-la-oncologia\\\/#primaryimage\",\"url\":\"https:\\\/\\\/juntscontraelcancer.cat\\\/wp-content\\\/uploads\\\/2024\\\/12\\\/1.png\",\"contentUrl\":\"https:\\\/\\\/juntscontraelcancer.cat\\\/wp-content\\\/uploads\\\/2024\\\/12\\\/1.png\",\"width\":1726,\"height\":966,\"caption\":\"curs-voluntariat-en-l-ambit-de-l-oncologia\"},{\"@type\":\"BreadcrumbList\",\"@id\":\"https:\\\/\\\/juntscontraelcancer.cat\\\/es\\\/inscribete-al-curso-de-voluntariado-en-el-ambito-de-la-oncologia\\\/#breadcrumb\",\"itemListElement\":[{\"@type\":\"ListItem\",\"position\":1,\"name\":\"Inicio\",\"item\":\"https:\\\/\\\/juntscontraelcancer.cat\\\/es\\\/\"},{\"@type\":\"ListItem\",\"position\":2,\"name\":\"Inscr\u00edbete al Curso de voluntariado en el \u00e1mbito de la oncolog\u00eda\"}]},{\"@type\":\"WebSite\",\"@id\":\"https:\\\/\\\/juntscontraelcancer.cat\\\/es\\\/#website\",\"url\":\"https:\\\/\\\/juntscontraelcancer.cat\\\/es\\\/\",\"name\":\"Junts contra el c\u00e0ncer - FECEC\",\"description\":\"\",\"publisher\":{\"@id\":\"https:\\\/\\\/juntscontraelcancer.cat\\\/es\\\/#organization\"},\"potentialAction\":[{\"@type\":\"SearchAction\",\"target\":{\"@type\":\"EntryPoint\",\"urlTemplate\":\"https:\\\/\\\/juntscontraelcancer.cat\\\/es\\\/?s={search_term_string}\"},\"query-input\":{\"@type\":\"PropertyValueSpecification\",\"valueRequired\":true,\"valueName\":\"search_term_string\"}}],\"inLanguage\":\"es\"},{\"@type\":\"Organization\",\"@id\":\"https:\\\/\\\/juntscontraelcancer.cat\\\/es\\\/#organization\",\"name\":\"Junts contra el c\u00e0ncer - FECEC\",\"url\":\"https:\\\/\\\/juntscontraelcancer.cat\\\/es\\\/\",\"logo\":{\"@type\":\"ImageObject\",\"inLanguage\":\"es\",\"@id\":\"https:\\\/\\\/juntscontraelcancer.cat\\\/es\\\/#\\\/schema\\\/logo\\\/image\\\/\",\"url\":\"https:\\\/\\\/juntscontraelcancer.cat\\\/wp-content\\\/uploads\\\/2023\\\/01\\\/logo-fecec-header.png\",\"contentUrl\":\"https:\\\/\\\/juntscontraelcancer.cat\\\/wp-content\\\/uploads\\\/2023\\\/01\\\/logo-fecec-header.png\",\"width\":126,\"height\":74,\"caption\":\"Junts contra el c\u00e0ncer - FECEC\"},\"image\":{\"@id\":\"https:\\\/\\\/juntscontraelcancer.cat\\\/es\\\/#\\\/schema\\\/logo\\\/image\\\/\"},\"sameAs\":[\"https:\\\/\\\/www.facebook.com\\\/fecec.federacio\\\/\",\"https:\\\/\\\/x.com\\\/FececFederacio\",\"https:\\\/\\\/www.instagram.com\\\/fececfederacio\\\/?hl=es\",\"https:\\\/\\\/www.youtube.com\\\/channel\\\/UCgAC_6c6hmHwMQhSCQyYBdA\"]},{\"@type\":\"Person\",\"@id\":\"https:\\\/\\\/juntscontraelcancer.cat\\\/es\\\/#\\\/schema\\\/person\\\/2bba6ee197504983c335d560850ec148\",\"name\":\"FECEC Comunicaci\u00f3\",\"image\":{\"@type\":\"ImageObject\",\"inLanguage\":\"es\",\"@id\":\"https:\\\/\\\/secure.gravatar.com\\\/avatar\\\/afa7129fad37df4be85b472c53d2039388784444579f67ca35ddbc83bfae2fd0?s=96&d=mm&r=g\",\"url\":\"https:\\\/\\\/secure.gravatar.com\\\/avatar\\\/afa7129fad37df4be85b472c53d2039388784444579f67ca35ddbc83bfae2fd0?s=96&d=mm&r=g\",\"contentUrl\":\"https:\\\/\\\/secure.gravatar.com\\\/avatar\\\/afa7129fad37df4be85b472c53d2039388784444579f67ca35ddbc83bfae2fd0?s=96&d=mm&r=g\",\"caption\":\"FECEC Comunicaci\u00f3\"}}]}<\/script>\n<!-- \/ Yoast SEO plugin. -->","yoast_head_json":{"title":"Inscr\u00edbete al Curso de voluntariado en el \u00e1mbito de la oncolog\u00eda - Junts contra el c\u00e0ncer - FECEC","description":"Los pr\u00f3ximos 13, 14 y 20 de febrero tendr\u00e1 lugar en Barcelona una nueva edici\u00f3n del Curso de voluntariado en el \u00e1mbito de la oncolog\u00eda.","robots":{"index":"index","follow":"follow","max-snippet":"max-snippet:-1","max-image-preview":"max-image-preview:large","max-video-preview":"max-video-preview:-1"},"canonical":"https:\/\/juntscontraelcancer.cat\/es\/inscribete-al-curso-de-voluntariado-en-el-ambito-de-la-oncologia\/","og_locale":"es_ES","og_type":"article","og_title":"Inscr\u00edbete al Curso de voluntariado en el \u00e1mbito de la oncolog\u00eda - Junts contra el c\u00e0ncer - FECEC","og_description":"Los pr\u00f3ximos 13, 14 y 20 de febrero tendr\u00e1 lugar en Barcelona una nueva edici\u00f3n del Curso de voluntariado en el \u00e1mbito de la oncolog\u00eda.","og_url":"https:\/\/juntscontraelcancer.cat\/es\/inscribete-al-curso-de-voluntariado-en-el-ambito-de-la-oncologia\/","og_site_name":"Junts contra el c\u00e0ncer - FECEC","article_publisher":"https:\/\/www.facebook.com\/fecec.federacio\/","article_published_time":"2025-01-14T14:38:39+00:00","article_modified_time":"2025-01-15T08:26:56+00:00","og_image":[{"width":1726,"height":966,"url":"https:\/\/juntscontraelcancer.cat\/wp-content\/uploads\/2024\/12\/1.png","type":"image\/png"}],"author":"FECEC Comunicaci\u00f3","twitter_card":"summary_large_image","twitter_creator":"@FececFederacio","twitter_site":"@FececFederacio","twitter_misc":{"Escrito por":"FECEC Comunicaci\u00f3","Tiempo de lectura":"1 minuto"},"schema":{"@context":"https:\/\/schema.org","@graph":[{"@type":"Article","@id":"https:\/\/juntscontraelcancer.cat\/es\/inscribete-al-curso-de-voluntariado-en-el-ambito-de-la-oncologia\/#article","isPartOf":{"@id":"https:\/\/juntscontraelcancer.cat\/es\/inscribete-al-curso-de-voluntariado-en-el-ambito-de-la-oncologia\/"},"author":{"name":"FECEC Comunicaci\u00f3","@id":"https:\/\/juntscontraelcancer.cat\/es\/#\/schema\/person\/2bba6ee197504983c335d560850ec148"},"headline":"Inscr\u00edbete al Curso de voluntariado en el \u00e1mbito de la oncolog\u00eda","datePublished":"2025-01-14T14:38:39+00:00","dateModified":"2025-01-15T08:26:56+00:00","mainEntityOfPage":{"@id":"https:\/\/juntscontraelcancer.cat\/es\/inscribete-al-curso-de-voluntariado-en-el-ambito-de-la-oncologia\/"},"wordCount":249,"publisher":{"@id":"https:\/\/juntscontraelcancer.cat\/es\/#organization"},"image":{"@id":"https:\/\/juntscontraelcancer.cat\/es\/inscribete-al-curso-de-voluntariado-en-el-ambito-de-la-oncologia\/#primaryimage"},"thumbnailUrl":"https:\/\/juntscontraelcancer.cat\/wp-content\/uploads\/2024\/12\/1.png","articleSection":["Actualidad","Destacadas"],"inLanguage":"es"},{"@type":"WebPage","@id":"https:\/\/juntscontraelcancer.cat\/es\/inscribete-al-curso-de-voluntariado-en-el-ambito-de-la-oncologia\/","url":"https:\/\/juntscontraelcancer.cat\/es\/inscribete-al-curso-de-voluntariado-en-el-ambito-de-la-oncologia\/","name":"Inscr\u00edbete al Curso de voluntariado en el \u00e1mbito de la oncolog\u00eda - Junts contra el c\u00e0ncer - FECEC","isPartOf":{"@id":"https:\/\/juntscontraelcancer.cat\/es\/#website"},"primaryImageOfPage":{"@id":"https:\/\/juntscontraelcancer.cat\/es\/inscribete-al-curso-de-voluntariado-en-el-ambito-de-la-oncologia\/#primaryimage"},"image":{"@id":"https:\/\/juntscontraelcancer.cat\/es\/inscribete-al-curso-de-voluntariado-en-el-ambito-de-la-oncologia\/#primaryimage"},"thumbnailUrl":"https:\/\/juntscontraelcancer.cat\/wp-content\/uploads\/2024\/12\/1.png","datePublished":"2025-01-14T14:38:39+00:00","dateModified":"2025-01-15T08:26:56+00:00","description":"Los pr\u00f3ximos 13, 14 y 20 de febrero tendr\u00e1 lugar en Barcelona una nueva edici\u00f3n del Curso de voluntariado en el \u00e1mbito de la oncolog\u00eda.","breadcrumb":{"@id":"https:\/\/juntscontraelcancer.cat\/es\/inscribete-al-curso-de-voluntariado-en-el-ambito-de-la-oncologia\/#breadcrumb"},"inLanguage":"es","potentialAction":[{"@type":"ReadAction","target":["https:\/\/juntscontraelcancer.cat\/es\/inscribete-al-curso-de-voluntariado-en-el-ambito-de-la-oncologia\/"]}]},{"@type":"ImageObject","inLanguage":"es","@id":"https:\/\/juntscontraelcancer.cat\/es\/inscribete-al-curso-de-voluntariado-en-el-ambito-de-la-oncologia\/#primaryimage","url":"https:\/\/juntscontraelcancer.cat\/wp-content\/uploads\/2024\/12\/1.png","contentUrl":"https:\/\/juntscontraelcancer.cat\/wp-content\/uploads\/2024\/12\/1.png","width":1726,"height":966,"caption":"curs-voluntariat-en-l-ambit-de-l-oncologia"},{"@type":"BreadcrumbList","@id":"https:\/\/juntscontraelcancer.cat\/es\/inscribete-al-curso-de-voluntariado-en-el-ambito-de-la-oncologia\/#breadcrumb","itemListElement":[{"@type":"ListItem","position":1,"name":"Inicio","item":"https:\/\/juntscontraelcancer.cat\/es\/"},{"@type":"ListItem","position":2,"name":"Inscr\u00edbete al Curso de voluntariado en el \u00e1mbito de la oncolog\u00eda"}]},{"@type":"WebSite","@id":"https:\/\/juntscontraelcancer.cat\/es\/#website","url":"https:\/\/juntscontraelcancer.cat\/es\/","name":"Junts contra el c\u00e0ncer - FECEC","description":"","publisher":{"@id":"https:\/\/juntscontraelcancer.cat\/es\/#organization"},"potentialAction":[{"@type":"SearchAction","target":{"@type":"EntryPoint","urlTemplate":"https:\/\/juntscontraelcancer.cat\/es\/?s={search_term_string}"},"query-input":{"@type":"PropertyValueSpecification","valueRequired":true,"valueName":"search_term_string"}}],"inLanguage":"es"},{"@type":"Organization","@id":"https:\/\/juntscontraelcancer.cat\/es\/#organization","name":"Junts contra el c\u00e0ncer - FECEC","url":"https:\/\/juntscontraelcancer.cat\/es\/","logo":{"@type":"ImageObject","inLanguage":"es","@id":"https:\/\/juntscontraelcancer.cat\/es\/#\/schema\/logo\/image\/","url":"https:\/\/juntscontraelcancer.cat\/wp-content\/uploads\/2023\/01\/logo-fecec-header.png","contentUrl":"https:\/\/juntscontraelcancer.cat\/wp-content\/uploads\/2023\/01\/logo-fecec-header.png","width":126,"height":74,"caption":"Junts contra el c\u00e0ncer - FECEC"},"image":{"@id":"https:\/\/juntscontraelcancer.cat\/es\/#\/schema\/logo\/image\/"},"sameAs":["https:\/\/www.facebook.com\/fecec.federacio\/","https:\/\/x.com\/FececFederacio","https:\/\/www.instagram.com\/fececfederacio\/?hl=es","https:\/\/www.youtube.com\/channel\/UCgAC_6c6hmHwMQhSCQyYBdA"]},{"@type":"Person","@id":"https:\/\/juntscontraelcancer.cat\/es\/#\/schema\/person\/2bba6ee197504983c335d560850ec148","name":"FECEC Comunicaci\u00f3","image":{"@type":"ImageObject","inLanguage":"es","@id":"https:\/\/secure.gravatar.com\/avatar\/afa7129fad37df4be85b472c53d2039388784444579f67ca35ddbc83bfae2fd0?s=96&d=mm&r=g","url":"https:\/\/secure.gravatar.com\/avatar\/afa7129fad37df4be85b472c53d2039388784444579f67ca35ddbc83bfae2fd0?s=96&d=mm&r=g","contentUrl":"https:\/\/secure.gravatar.com\/avatar\/afa7129fad37df4be85b472c53d2039388784444579f67ca35ddbc83bfae2fd0?s=96&d=mm&r=g","caption":"FECEC Comunicaci\u00f3"}}]}},"_links":{"self":[{"href":"https:\/\/juntscontraelcancer.cat\/es\/wp-json\/wp\/v2\/posts\/39053","targetHints":{"allow":["GET"]}}],"collection":[{"href":"https:\/\/juntscontraelcancer.cat\/es\/wp-json\/wp\/v2\/posts"}],"about":[{"href":"https:\/\/juntscontraelcancer.cat\/es\/wp-json\/wp\/v2\/types\/post"}],"author":[{"embeddable":true,"href":"https:\/\/juntscontraelcancer.cat\/es\/wp-json\/wp\/v2\/users\/2"}],"replies":[{"embeddable":true,"href":"https:\/\/juntscontraelcancer.cat\/es\/wp-json\/wp\/v2\/comments?post=39053"}],"version-history":[{"count":1,"href":"https:\/\/juntscontraelcancer.cat\/es\/wp-json\/wp\/v2\/posts\/39053\/revisions"}],"predecessor-version":[{"id":39054,"href":"https:\/\/juntscontraelcancer.cat\/es\/wp-json\/wp\/v2\/posts\/39053\/revisions\/39054"}],"wp:featuredmedia":[{"embeddable":true,"href":"https:\/\/juntscontraelcancer.cat\/es\/wp-json\/wp\/v2\/media\/38566"}],"wp:attachment":[{"href":"https:\/\/juntscontraelcancer.cat\/es\/wp-json\/wp\/v2\/media?parent=39053"}],"wp:term":[{"taxonomy":"category","embeddable":true,"href":"https:\/\/juntscontraelcancer.cat\/es\/wp-json\/wp\/v2\/categories?post=39053"},{"taxonomy":"post_tag","embeddable":true,"href":"https:\/\/juntscontraelcancer.cat\/es\/wp-json\/wp\/v2\/tags?post=39053"}],"curies":[{"name":"wp","href":"https:\/\/api.w.org\/{rel}","templated":true}]}}