{"id":38932,"date":"2024-12-31T09:00:00","date_gmt":"2024-12-31T07:00:00","guid":{"rendered":"https:\/\/juntscontraelcancer.cat\/exito-de-participacion-en-la-cursa-dels-nassos-de-oliana\/"},"modified":"2025-01-13T13:25:55","modified_gmt":"2025-01-13T12:25:55","slug":"exito-de-participacion-en-la-cursa-dels-nassos-de-oliana","status":"publish","type":"post","link":"https:\/\/juntscontraelcancer.cat\/es\/exito-de-participacion-en-la-cursa-dels-nassos-de-oliana\/","title":{"rendered":"\u00c9xito de participaci\u00f3n en la Cursa dels Nassos de Oliana."},"content":{"rendered":"\n<p><strong>Oliana celebr\u00f3 el 28 de diciembre su tradicional Cursa dels Nassos que, un a\u00f1o m\u00e1s, destina una parte de la recaudaci\u00f3n a la Federaci\u00f3 Catalana d&#8217;Entitats contra el C\u00e0ncer (FECEC) para mejorar la calidad de vida de las personas con c\u00e1ncer y sus familias.<\/strong><\/p>\n\n<p>La recaudaci\u00f3n destinada a la FECEC Junts contra el C\u00e1ncer, este a\u00f1o, ha sido de 448 euros que ir\u00e1n destinados a los diferentes proyectos incluidos en el programa de prevenci\u00f3n y divulgaci\u00f3n de la enfermedad.&#13;\n<\/p>\n\n<p>Esta d\u00e9cimotercera edici\u00f3n fue especial y emotiva, ya que se dedic\u00f3 a la memoria de Josep Piqu\u00e9 <em>Palau<\/em>, un vecino de la localidad que falleci\u00f3 durante la prueba del a\u00f1o pasado debido a una parada cardiorrespiratoria a los 64 a\u00f1os. La prueba incluy\u00f3 un emotivo homenaje a su familia.&#13;\n<\/p>\n\n<p>Por lo que respecta a los resultados, Amadeu March y Rosamari Carulla fueron los vencedores de la carrera de 10 kil\u00f3metros, repitiendo ambos la victoria que ya consiguieron en la edici\u00f3n de 2025. March complet\u00f3 el recorrido en 47:23 minutos y Carulla hizo una marca de 55:46. La carrera de 5 kil\u00f3metros tuvo como ganadores a Albert Marsol, con un tiempo de 17:50, y \u00c9ricka \u00c1valos, con una marca de 20:44.&#13;\n<\/p>\n\n<figure class=\"wp-block-gallery has-nested-images columns-default is-cropped wp-block-gallery-1 is-layout-flex wp-block-gallery-is-layout-flex\">\n<figure class=\"wp-block-image size-large\"><img loading=\"lazy\" decoding=\"async\" width=\"1024\" height=\"768\" data-id=\"38891\" src=\"https:\/\/juntscontraelcancer.cat\/wp-content\/uploads\/2024\/12\/PC281227-1024x768.jpg\" alt=\"\" class=\"wp-image-38891\" srcset=\"https:\/\/juntscontraelcancer.cat\/wp-content\/uploads\/2024\/12\/PC281227-1024x768.jpg 1024w, https:\/\/juntscontraelcancer.cat\/wp-content\/uploads\/2024\/12\/PC281227-300x225.jpg 300w, https:\/\/juntscontraelcancer.cat\/wp-content\/uploads\/2024\/12\/PC281227-768x576.jpg 768w, https:\/\/juntscontraelcancer.cat\/wp-content\/uploads\/2024\/12\/PC281227.jpg 1103w\" sizes=\"auto, (max-width: 1024px) 100vw, 1024px\" \/><\/figure>\n\n\n\n<figure class=\"wp-block-image size-large\"><img loading=\"lazy\" decoding=\"async\" width=\"1024\" height=\"768\" data-id=\"38885\" src=\"https:\/\/juntscontraelcancer.cat\/wp-content\/uploads\/2024\/12\/PC281316-1024x768.jpg\" alt=\"\" class=\"wp-image-38885\" srcset=\"https:\/\/juntscontraelcancer.cat\/wp-content\/uploads\/2024\/12\/PC281316-1024x768.jpg 1024w, https:\/\/juntscontraelcancer.cat\/wp-content\/uploads\/2024\/12\/PC281316-300x225.jpg 300w, https:\/\/juntscontraelcancer.cat\/wp-content\/uploads\/2024\/12\/PC281316-768x576.jpg 768w, https:\/\/juntscontraelcancer.cat\/wp-content\/uploads\/2024\/12\/PC281316.jpg 1103w\" sizes=\"auto, (max-width: 1024px) 100vw, 1024px\" \/><\/figure>\n\n\n\n<figure class=\"wp-block-image size-large\"><img loading=\"lazy\" decoding=\"async\" width=\"1024\" height=\"768\" data-id=\"38888\" src=\"https:\/\/juntscontraelcancer.cat\/wp-content\/uploads\/2024\/12\/PC281398-1024x768.jpg\" alt=\"\" class=\"wp-image-38888\" srcset=\"https:\/\/juntscontraelcancer.cat\/wp-content\/uploads\/2024\/12\/PC281398-1024x768.jpg 1024w, https:\/\/juntscontraelcancer.cat\/wp-content\/uploads\/2024\/12\/PC281398-300x225.jpg 300w, https:\/\/juntscontraelcancer.cat\/wp-content\/uploads\/2024\/12\/PC281398-768x576.jpg 768w, https:\/\/juntscontraelcancer.cat\/wp-content\/uploads\/2024\/12\/PC281398.jpg 1103w\" sizes=\"auto, (max-width: 1024px) 100vw, 1024px\" \/><\/figure>\n<\/figure>\n\n<p><\/p>\n","protected":false},"excerpt":{"rendered":"<p>Oliana celebr\u00f3 el 28 de diciembre su tradicional Cursa dels Nassos que, un a\u00f1o m\u00e1s, destina una parte de la recaudaci\u00f3n a la FFederaci\u00f3 Catalana d&#8217;Entitats contra el C\u00e0ncer (FECEC) para mejorar la calidad de vida de las personas con c\u00e1ncer y sus familias.<\/p>\n","protected":false},"author":2,"featured_media":38884,"comment_status":"closed","ping_status":"closed","sticky":false,"template":"","format":"standard","meta":{"_acf_changed":false,"inline_featured_image":false,"footnotes":""},"categories":[84,86,85],"tags":[],"class_list":["post-38932","post","type-post","status-publish","format-standard","has-post-thumbnail","hentry","category-actualidad","category-destacadas","category-noticias"],"acf":[],"yoast_head":"<!-- This site is optimized with the Yoast SEO plugin v27.3 - https:\/\/yoast.com\/product\/yoast-seo-wordpress\/ -->\n<title>\u00c9xito de participaci\u00f3n en la Cursa dels Nassos de Oliana. - Junts contra el c\u00e0ncer - FECEC<\/title>\n<meta name=\"robots\" content=\"index, follow, max-snippet:-1, max-image-preview:large, max-video-preview:-1\" \/>\n<link rel=\"canonical\" href=\"https:\/\/juntscontraelcancer.cat\/es\/exito-de-participacion-en-la-cursa-dels-nassos-de-oliana\/\" \/>\n<meta property=\"og:locale\" content=\"es_ES\" \/>\n<meta property=\"og:type\" content=\"article\" \/>\n<meta property=\"og:title\" content=\"\u00c9xito de participaci\u00f3n en la Cursa dels Nassos de Oliana. - Junts contra el c\u00e0ncer - FECEC\" \/>\n<meta property=\"og:description\" content=\"Oliana celebr\u00f3 el 28 de diciembre su tradicional Cursa dels Nassos que, un a\u00f1o m\u00e1s, destina una parte de la recaudaci\u00f3n a la FFederaci\u00f3 Catalana d&#039;Entitats contra el C\u00e0ncer (FECEC) para mejorar la calidad de vida de las personas con c\u00e1ncer y sus familias.\" \/>\n<meta property=\"og:url\" content=\"https:\/\/juntscontraelcancer.cat\/es\/exito-de-participacion-en-la-cursa-dels-nassos-de-oliana\/\" \/>\n<meta property=\"og:site_name\" content=\"Junts contra el c\u00e0ncer - FECEC\" \/>\n<meta property=\"article:publisher\" content=\"https:\/\/www.facebook.com\/fecec.federacio\/\" \/>\n<meta property=\"article:published_time\" content=\"2024-12-31T07:00:00+00:00\" \/>\n<meta property=\"article:modified_time\" content=\"2025-01-13T12:25:55+00:00\" \/>\n<meta property=\"og:image\" content=\"https:\/\/juntscontraelcancer.cat\/wp-content\/uploads\/2024\/12\/junts-contra-el-cancer-cursa-nassos-oliana.png\" \/>\n\t<meta property=\"og:image:width\" content=\"1726\" \/>\n\t<meta property=\"og:image:height\" content=\"966\" \/>\n\t<meta property=\"og:image:type\" content=\"image\/png\" \/>\n<meta name=\"author\" content=\"FECEC Comunicaci\u00f3\" \/>\n<meta name=\"twitter:card\" content=\"summary_large_image\" \/>\n<meta name=\"twitter:creator\" content=\"@FececFederacio\" \/>\n<meta name=\"twitter:site\" content=\"@FececFederacio\" \/>\n<meta name=\"twitter:label1\" content=\"Escrito por\" \/>\n\t<meta name=\"twitter:data1\" content=\"FECEC Comunicaci\u00f3\" \/>\n\t<meta name=\"twitter:label2\" content=\"Tiempo de lectura\" \/>\n\t<meta name=\"twitter:data2\" content=\"1 minuto\" \/>\n<script type=\"application\/ld+json\" class=\"yoast-schema-graph\">{\"@context\":\"https:\\\/\\\/schema.org\",\"@graph\":[{\"@type\":\"Article\",\"@id\":\"https:\\\/\\\/juntscontraelcancer.cat\\\/es\\\/exito-de-participacion-en-la-cursa-dels-nassos-de-oliana\\\/#article\",\"isPartOf\":{\"@id\":\"https:\\\/\\\/juntscontraelcancer.cat\\\/es\\\/exito-de-participacion-en-la-cursa-dels-nassos-de-oliana\\\/\"},\"author\":{\"name\":\"FECEC Comunicaci\u00f3\",\"@id\":\"https:\\\/\\\/juntscontraelcancer.cat\\\/es\\\/#\\\/schema\\\/person\\\/2bba6ee197504983c335d560850ec148\"},\"headline\":\"\u00c9xito de participaci\u00f3n en la Cursa dels Nassos de Oliana.\",\"datePublished\":\"2024-12-31T07:00:00+00:00\",\"dateModified\":\"2025-01-13T12:25:55+00:00\",\"mainEntityOfPage\":{\"@id\":\"https:\\\/\\\/juntscontraelcancer.cat\\\/es\\\/exito-de-participacion-en-la-cursa-dels-nassos-de-oliana\\\/\"},\"wordCount\":219,\"publisher\":{\"@id\":\"https:\\\/\\\/juntscontraelcancer.cat\\\/es\\\/#organization\"},\"image\":{\"@id\":\"https:\\\/\\\/juntscontraelcancer.cat\\\/es\\\/exito-de-participacion-en-la-cursa-dels-nassos-de-oliana\\\/#primaryimage\"},\"thumbnailUrl\":\"https:\\\/\\\/juntscontraelcancer.cat\\\/wp-content\\\/uploads\\\/2024\\\/12\\\/junts-contra-el-cancer-cursa-nassos-oliana.png\",\"articleSection\":[\"Actualidad\",\"Destacadas\",\"Noticias\"],\"inLanguage\":\"es\"},{\"@type\":\"WebPage\",\"@id\":\"https:\\\/\\\/juntscontraelcancer.cat\\\/es\\\/exito-de-participacion-en-la-cursa-dels-nassos-de-oliana\\\/\",\"url\":\"https:\\\/\\\/juntscontraelcancer.cat\\\/es\\\/exito-de-participacion-en-la-cursa-dels-nassos-de-oliana\\\/\",\"name\":\"\u00c9xito de participaci\u00f3n en la Cursa dels Nassos de Oliana. - Junts contra el c\u00e0ncer - FECEC\",\"isPartOf\":{\"@id\":\"https:\\\/\\\/juntscontraelcancer.cat\\\/es\\\/#website\"},\"primaryImageOfPage\":{\"@id\":\"https:\\\/\\\/juntscontraelcancer.cat\\\/es\\\/exito-de-participacion-en-la-cursa-dels-nassos-de-oliana\\\/#primaryimage\"},\"image\":{\"@id\":\"https:\\\/\\\/juntscontraelcancer.cat\\\/es\\\/exito-de-participacion-en-la-cursa-dels-nassos-de-oliana\\\/#primaryimage\"},\"thumbnailUrl\":\"https:\\\/\\\/juntscontraelcancer.cat\\\/wp-content\\\/uploads\\\/2024\\\/12\\\/junts-contra-el-cancer-cursa-nassos-oliana.png\",\"datePublished\":\"2024-12-31T07:00:00+00:00\",\"dateModified\":\"2025-01-13T12:25:55+00:00\",\"breadcrumb\":{\"@id\":\"https:\\\/\\\/juntscontraelcancer.cat\\\/es\\\/exito-de-participacion-en-la-cursa-dels-nassos-de-oliana\\\/#breadcrumb\"},\"inLanguage\":\"es\",\"potentialAction\":[{\"@type\":\"ReadAction\",\"target\":[\"https:\\\/\\\/juntscontraelcancer.cat\\\/es\\\/exito-de-participacion-en-la-cursa-dels-nassos-de-oliana\\\/\"]}]},{\"@type\":\"ImageObject\",\"inLanguage\":\"es\",\"@id\":\"https:\\\/\\\/juntscontraelcancer.cat\\\/es\\\/exito-de-participacion-en-la-cursa-dels-nassos-de-oliana\\\/#primaryimage\",\"url\":\"https:\\\/\\\/juntscontraelcancer.cat\\\/wp-content\\\/uploads\\\/2024\\\/12\\\/junts-contra-el-cancer-cursa-nassos-oliana.png\",\"contentUrl\":\"https:\\\/\\\/juntscontraelcancer.cat\\\/wp-content\\\/uploads\\\/2024\\\/12\\\/junts-contra-el-cancer-cursa-nassos-oliana.png\",\"width\":1726,\"height\":966},{\"@type\":\"BreadcrumbList\",\"@id\":\"https:\\\/\\\/juntscontraelcancer.cat\\\/es\\\/exito-de-participacion-en-la-cursa-dels-nassos-de-oliana\\\/#breadcrumb\",\"itemListElement\":[{\"@type\":\"ListItem\",\"position\":1,\"name\":\"Inicio\",\"item\":\"https:\\\/\\\/juntscontraelcancer.cat\\\/es\\\/\"},{\"@type\":\"ListItem\",\"position\":2,\"name\":\"\u00c9xito de participaci\u00f3n en la Cursa dels Nassos de Oliana.\"}]},{\"@type\":\"WebSite\",\"@id\":\"https:\\\/\\\/juntscontraelcancer.cat\\\/es\\\/#website\",\"url\":\"https:\\\/\\\/juntscontraelcancer.cat\\\/es\\\/\",\"name\":\"Junts contra el c\u00e0ncer - FECEC\",\"description\":\"\",\"publisher\":{\"@id\":\"https:\\\/\\\/juntscontraelcancer.cat\\\/es\\\/#organization\"},\"potentialAction\":[{\"@type\":\"SearchAction\",\"target\":{\"@type\":\"EntryPoint\",\"urlTemplate\":\"https:\\\/\\\/juntscontraelcancer.cat\\\/es\\\/?s={search_term_string}\"},\"query-input\":{\"@type\":\"PropertyValueSpecification\",\"valueRequired\":true,\"valueName\":\"search_term_string\"}}],\"inLanguage\":\"es\"},{\"@type\":\"Organization\",\"@id\":\"https:\\\/\\\/juntscontraelcancer.cat\\\/es\\\/#organization\",\"name\":\"Junts contra el c\u00e0ncer - FECEC\",\"url\":\"https:\\\/\\\/juntscontraelcancer.cat\\\/es\\\/\",\"logo\":{\"@type\":\"ImageObject\",\"inLanguage\":\"es\",\"@id\":\"https:\\\/\\\/juntscontraelcancer.cat\\\/es\\\/#\\\/schema\\\/logo\\\/image\\\/\",\"url\":\"https:\\\/\\\/juntscontraelcancer.cat\\\/wp-content\\\/uploads\\\/2023\\\/01\\\/logo-fecec-header.png\",\"contentUrl\":\"https:\\\/\\\/juntscontraelcancer.cat\\\/wp-content\\\/uploads\\\/2023\\\/01\\\/logo-fecec-header.png\",\"width\":126,\"height\":74,\"caption\":\"Junts contra el c\u00e0ncer - FECEC\"},\"image\":{\"@id\":\"https:\\\/\\\/juntscontraelcancer.cat\\\/es\\\/#\\\/schema\\\/logo\\\/image\\\/\"},\"sameAs\":[\"https:\\\/\\\/www.facebook.com\\\/fecec.federacio\\\/\",\"https:\\\/\\\/x.com\\\/FececFederacio\",\"https:\\\/\\\/www.instagram.com\\\/fececfederacio\\\/?hl=es\",\"https:\\\/\\\/www.youtube.com\\\/channel\\\/UCgAC_6c6hmHwMQhSCQyYBdA\"]},{\"@type\":\"Person\",\"@id\":\"https:\\\/\\\/juntscontraelcancer.cat\\\/es\\\/#\\\/schema\\\/person\\\/2bba6ee197504983c335d560850ec148\",\"name\":\"FECEC Comunicaci\u00f3\",\"image\":{\"@type\":\"ImageObject\",\"inLanguage\":\"es\",\"@id\":\"https:\\\/\\\/secure.gravatar.com\\\/avatar\\\/afa7129fad37df4be85b472c53d2039388784444579f67ca35ddbc83bfae2fd0?s=96&d=mm&r=g\",\"url\":\"https:\\\/\\\/secure.gravatar.com\\\/avatar\\\/afa7129fad37df4be85b472c53d2039388784444579f67ca35ddbc83bfae2fd0?s=96&d=mm&r=g\",\"contentUrl\":\"https:\\\/\\\/secure.gravatar.com\\\/avatar\\\/afa7129fad37df4be85b472c53d2039388784444579f67ca35ddbc83bfae2fd0?s=96&d=mm&r=g\",\"caption\":\"FECEC Comunicaci\u00f3\"}}]}<\/script>\n<!-- \/ Yoast SEO plugin. -->","yoast_head_json":{"title":"\u00c9xito de participaci\u00f3n en la Cursa dels Nassos de Oliana. - Junts contra el c\u00e0ncer - FECEC","robots":{"index":"index","follow":"follow","max-snippet":"max-snippet:-1","max-image-preview":"max-image-preview:large","max-video-preview":"max-video-preview:-1"},"canonical":"https:\/\/juntscontraelcancer.cat\/es\/exito-de-participacion-en-la-cursa-dels-nassos-de-oliana\/","og_locale":"es_ES","og_type":"article","og_title":"\u00c9xito de participaci\u00f3n en la Cursa dels Nassos de Oliana. - Junts contra el c\u00e0ncer - FECEC","og_description":"Oliana celebr\u00f3 el 28 de diciembre su tradicional Cursa dels Nassos que, un a\u00f1o m\u00e1s, destina una parte de la recaudaci\u00f3n a la FFederaci\u00f3 Catalana d'Entitats contra el C\u00e0ncer (FECEC) para mejorar la calidad de vida de las personas con c\u00e1ncer y sus familias.","og_url":"https:\/\/juntscontraelcancer.cat\/es\/exito-de-participacion-en-la-cursa-dels-nassos-de-oliana\/","og_site_name":"Junts contra el c\u00e0ncer - FECEC","article_publisher":"https:\/\/www.facebook.com\/fecec.federacio\/","article_published_time":"2024-12-31T07:00:00+00:00","article_modified_time":"2025-01-13T12:25:55+00:00","og_image":[{"width":1726,"height":966,"url":"https:\/\/juntscontraelcancer.cat\/wp-content\/uploads\/2024\/12\/junts-contra-el-cancer-cursa-nassos-oliana.png","type":"image\/png"}],"author":"FECEC Comunicaci\u00f3","twitter_card":"summary_large_image","twitter_creator":"@FececFederacio","twitter_site":"@FececFederacio","twitter_misc":{"Escrito por":"FECEC Comunicaci\u00f3","Tiempo de lectura":"1 minuto"},"schema":{"@context":"https:\/\/schema.org","@graph":[{"@type":"Article","@id":"https:\/\/juntscontraelcancer.cat\/es\/exito-de-participacion-en-la-cursa-dels-nassos-de-oliana\/#article","isPartOf":{"@id":"https:\/\/juntscontraelcancer.cat\/es\/exito-de-participacion-en-la-cursa-dels-nassos-de-oliana\/"},"author":{"name":"FECEC Comunicaci\u00f3","@id":"https:\/\/juntscontraelcancer.cat\/es\/#\/schema\/person\/2bba6ee197504983c335d560850ec148"},"headline":"\u00c9xito de participaci\u00f3n en la Cursa dels Nassos de Oliana.","datePublished":"2024-12-31T07:00:00+00:00","dateModified":"2025-01-13T12:25:55+00:00","mainEntityOfPage":{"@id":"https:\/\/juntscontraelcancer.cat\/es\/exito-de-participacion-en-la-cursa-dels-nassos-de-oliana\/"},"wordCount":219,"publisher":{"@id":"https:\/\/juntscontraelcancer.cat\/es\/#organization"},"image":{"@id":"https:\/\/juntscontraelcancer.cat\/es\/exito-de-participacion-en-la-cursa-dels-nassos-de-oliana\/#primaryimage"},"thumbnailUrl":"https:\/\/juntscontraelcancer.cat\/wp-content\/uploads\/2024\/12\/junts-contra-el-cancer-cursa-nassos-oliana.png","articleSection":["Actualidad","Destacadas","Noticias"],"inLanguage":"es"},{"@type":"WebPage","@id":"https:\/\/juntscontraelcancer.cat\/es\/exito-de-participacion-en-la-cursa-dels-nassos-de-oliana\/","url":"https:\/\/juntscontraelcancer.cat\/es\/exito-de-participacion-en-la-cursa-dels-nassos-de-oliana\/","name":"\u00c9xito de participaci\u00f3n en la Cursa dels Nassos de Oliana. - Junts contra el c\u00e0ncer - FECEC","isPartOf":{"@id":"https:\/\/juntscontraelcancer.cat\/es\/#website"},"primaryImageOfPage":{"@id":"https:\/\/juntscontraelcancer.cat\/es\/exito-de-participacion-en-la-cursa-dels-nassos-de-oliana\/#primaryimage"},"image":{"@id":"https:\/\/juntscontraelcancer.cat\/es\/exito-de-participacion-en-la-cursa-dels-nassos-de-oliana\/#primaryimage"},"thumbnailUrl":"https:\/\/juntscontraelcancer.cat\/wp-content\/uploads\/2024\/12\/junts-contra-el-cancer-cursa-nassos-oliana.png","datePublished":"2024-12-31T07:00:00+00:00","dateModified":"2025-01-13T12:25:55+00:00","breadcrumb":{"@id":"https:\/\/juntscontraelcancer.cat\/es\/exito-de-participacion-en-la-cursa-dels-nassos-de-oliana\/#breadcrumb"},"inLanguage":"es","potentialAction":[{"@type":"ReadAction","target":["https:\/\/juntscontraelcancer.cat\/es\/exito-de-participacion-en-la-cursa-dels-nassos-de-oliana\/"]}]},{"@type":"ImageObject","inLanguage":"es","@id":"https:\/\/juntscontraelcancer.cat\/es\/exito-de-participacion-en-la-cursa-dels-nassos-de-oliana\/#primaryimage","url":"https:\/\/juntscontraelcancer.cat\/wp-content\/uploads\/2024\/12\/junts-contra-el-cancer-cursa-nassos-oliana.png","contentUrl":"https:\/\/juntscontraelcancer.cat\/wp-content\/uploads\/2024\/12\/junts-contra-el-cancer-cursa-nassos-oliana.png","width":1726,"height":966},{"@type":"BreadcrumbList","@id":"https:\/\/juntscontraelcancer.cat\/es\/exito-de-participacion-en-la-cursa-dels-nassos-de-oliana\/#breadcrumb","itemListElement":[{"@type":"ListItem","position":1,"name":"Inicio","item":"https:\/\/juntscontraelcancer.cat\/es\/"},{"@type":"ListItem","position":2,"name":"\u00c9xito de participaci\u00f3n en la Cursa dels Nassos de Oliana."}]},{"@type":"WebSite","@id":"https:\/\/juntscontraelcancer.cat\/es\/#website","url":"https:\/\/juntscontraelcancer.cat\/es\/","name":"Junts contra el c\u00e0ncer - FECEC","description":"","publisher":{"@id":"https:\/\/juntscontraelcancer.cat\/es\/#organization"},"potentialAction":[{"@type":"SearchAction","target":{"@type":"EntryPoint","urlTemplate":"https:\/\/juntscontraelcancer.cat\/es\/?s={search_term_string}"},"query-input":{"@type":"PropertyValueSpecification","valueRequired":true,"valueName":"search_term_string"}}],"inLanguage":"es"},{"@type":"Organization","@id":"https:\/\/juntscontraelcancer.cat\/es\/#organization","name":"Junts contra el c\u00e0ncer - FECEC","url":"https:\/\/juntscontraelcancer.cat\/es\/","logo":{"@type":"ImageObject","inLanguage":"es","@id":"https:\/\/juntscontraelcancer.cat\/es\/#\/schema\/logo\/image\/","url":"https:\/\/juntscontraelcancer.cat\/wp-content\/uploads\/2023\/01\/logo-fecec-header.png","contentUrl":"https:\/\/juntscontraelcancer.cat\/wp-content\/uploads\/2023\/01\/logo-fecec-header.png","width":126,"height":74,"caption":"Junts contra el c\u00e0ncer - FECEC"},"image":{"@id":"https:\/\/juntscontraelcancer.cat\/es\/#\/schema\/logo\/image\/"},"sameAs":["https:\/\/www.facebook.com\/fecec.federacio\/","https:\/\/x.com\/FececFederacio","https:\/\/www.instagram.com\/fececfederacio\/?hl=es","https:\/\/www.youtube.com\/channel\/UCgAC_6c6hmHwMQhSCQyYBdA"]},{"@type":"Person","@id":"https:\/\/juntscontraelcancer.cat\/es\/#\/schema\/person\/2bba6ee197504983c335d560850ec148","name":"FECEC Comunicaci\u00f3","image":{"@type":"ImageObject","inLanguage":"es","@id":"https:\/\/secure.gravatar.com\/avatar\/afa7129fad37df4be85b472c53d2039388784444579f67ca35ddbc83bfae2fd0?s=96&d=mm&r=g","url":"https:\/\/secure.gravatar.com\/avatar\/afa7129fad37df4be85b472c53d2039388784444579f67ca35ddbc83bfae2fd0?s=96&d=mm&r=g","contentUrl":"https:\/\/secure.gravatar.com\/avatar\/afa7129fad37df4be85b472c53d2039388784444579f67ca35ddbc83bfae2fd0?s=96&d=mm&r=g","caption":"FECEC Comunicaci\u00f3"}}]}},"_links":{"self":[{"href":"https:\/\/juntscontraelcancer.cat\/es\/wp-json\/wp\/v2\/posts\/38932","targetHints":{"allow":["GET"]}}],"collection":[{"href":"https:\/\/juntscontraelcancer.cat\/es\/wp-json\/wp\/v2\/posts"}],"about":[{"href":"https:\/\/juntscontraelcancer.cat\/es\/wp-json\/wp\/v2\/types\/post"}],"author":[{"embeddable":true,"href":"https:\/\/juntscontraelcancer.cat\/es\/wp-json\/wp\/v2\/users\/2"}],"replies":[{"embeddable":true,"href":"https:\/\/juntscontraelcancer.cat\/es\/wp-json\/wp\/v2\/comments?post=38932"}],"version-history":[{"count":6,"href":"https:\/\/juntscontraelcancer.cat\/es\/wp-json\/wp\/v2\/posts\/38932\/revisions"}],"predecessor-version":[{"id":38981,"href":"https:\/\/juntscontraelcancer.cat\/es\/wp-json\/wp\/v2\/posts\/38932\/revisions\/38981"}],"wp:featuredmedia":[{"embeddable":true,"href":"https:\/\/juntscontraelcancer.cat\/es\/wp-json\/wp\/v2\/media\/38884"}],"wp:attachment":[{"href":"https:\/\/juntscontraelcancer.cat\/es\/wp-json\/wp\/v2\/media?parent=38932"}],"wp:term":[{"taxonomy":"category","embeddable":true,"href":"https:\/\/juntscontraelcancer.cat\/es\/wp-json\/wp\/v2\/categories?post=38932"},{"taxonomy":"post_tag","embeddable":true,"href":"https:\/\/juntscontraelcancer.cat\/es\/wp-json\/wp\/v2\/tags?post=38932"}],"curies":[{"name":"wp","href":"https:\/\/api.w.org\/{rel}","templated":true}]}}