{"id":38590,"date":"2024-12-02T10:28:49","date_gmt":"2024-12-02T08:28:49","guid":{"rendered":"https:\/\/juntscontraelcancer.cat\/finalizada-una-nueva-edicion-del-curso-de-profundizacion-en-el-ambito-oncologico\/"},"modified":"2024-12-03T17:01:56","modified_gmt":"2024-12-03T15:01:56","slug":"finalizada-una-nueva-edicion-del-curso-de-profundizacion-en-el-ambito-oncologico","status":"publish","type":"post","link":"https:\/\/juntscontraelcancer.cat\/es\/finalizada-una-nueva-edicion-del-curso-de-profundizacion-en-el-ambito-oncologico\/","title":{"rendered":"Finalizada una nueva edici\u00f3n del Curso de Profundizaci\u00f3n en el Voluntariado de \u00c1mbito Oncol\u00f3gico"},"content":{"rendered":"\n<p><strong>Voluntarios y voluntarias en el \u00e1mbito de la oncolog\u00eda de entidades contra el c\u00e1ncer de Catalu\u00f1a se han formado en Barcelona en una nueva edici\u00f3n del Curso de Profundizaci\u00f3n en el Voluntariado de \u00c1mbito Oncol\u00f3gico que organiza la FECEC Junts contra el C\u00e0ncer.<\/strong><\/p>\n\n<p>La formaci\u00f3n, coorganizada por la <a href=\"https:\/\/voluntaris.cat\/\">Federaci\u00f3 Catalana del Voluntariat Social (FCVS)<\/a> profundiza en esta tarea importante y valiosa de acompa\u00f1amiento a las personas que sufren la enfermedad y a sus familiares.&#13;\n<\/p>\n\n<figure class=\"wp-block-image size-large\"><img loading=\"lazy\" decoding=\"async\" width=\"1024\" height=\"573\" src=\"https:\/\/juntscontraelcancer.cat\/wp-content\/uploads\/2024\/12\/1-1024x573.png\" alt=\"\" class=\"wp-image-38564\" srcset=\"https:\/\/juntscontraelcancer.cat\/wp-content\/uploads\/2024\/12\/1-1024x573.png 1024w, https:\/\/juntscontraelcancer.cat\/wp-content\/uploads\/2024\/12\/1-300x168.png 300w, https:\/\/juntscontraelcancer.cat\/wp-content\/uploads\/2024\/12\/1-768x430.png 768w, https:\/\/juntscontraelcancer.cat\/wp-content\/uploads\/2024\/12\/1-1536x860.png 1536w, https:\/\/juntscontraelcancer.cat\/wp-content\/uploads\/2024\/12\/1.png 1726w\" sizes=\"auto, (max-width: 1024px) 100vw, 1024px\" \/><\/figure>\n\n<p>Durante tres sesiones, las persones asistentes han aprendido a contactar con las emociones que se generan en la ejecuci\u00f3n de la tarea voluntaria; reflexionar sobre las propias acciones, sus causas y consecuencias; generar recursos mediante el conocimiento de la comunicaci\u00f3n no verbal; y a compartir conocimientos sobre los tratamientos oncol\u00f3gicos.&#13;\n<\/p>\n\n<p>Los docentes han sido <strong>Patricia Miss\u00e9,<\/strong> psicoonc\u00f3loga del ICO de Badalona; el <strong>Dr. Eduard Batiste-Alentorn<\/strong>, licenciado en Medicina, especialista en oncolog\u00eda m\u00e9dica; y <strong>Laura Fern\u00e1ndez<\/strong>, psicopedagoga y coordinadora de voluntariado del Hospital Sant Joan de D\u00e9u.&#13;\n<\/p>\n\n<figure class=\"wp-block-image size-large\"><img loading=\"lazy\" decoding=\"async\" width=\"1024\" height=\"573\" src=\"https:\/\/juntscontraelcancer.cat\/wp-content\/uploads\/2024\/12\/2-1024x573.png\" alt=\"\" class=\"wp-image-38567\" srcset=\"https:\/\/juntscontraelcancer.cat\/wp-content\/uploads\/2024\/12\/2-1024x573.png 1024w, https:\/\/juntscontraelcancer.cat\/wp-content\/uploads\/2024\/12\/2-300x168.png 300w, https:\/\/juntscontraelcancer.cat\/wp-content\/uploads\/2024\/12\/2-768x430.png 768w, https:\/\/juntscontraelcancer.cat\/wp-content\/uploads\/2024\/12\/2-1536x860.png 1536w, https:\/\/juntscontraelcancer.cat\/wp-content\/uploads\/2024\/12\/2.png 1726w\" sizes=\"auto, (max-width: 1024px) 100vw, 1024px\" \/><\/figure>\n\n<figure class=\"wp-block-image size-large\"><img loading=\"lazy\" decoding=\"async\" width=\"1726\" height=\"966\" src=\"https:\/\/juntscontraelcancer.cat\/wp-content\/uploads\/2024\/12\/3-1024x573.png\" alt=\"\" class=\"wp-image-38570\" srcset=\"https:\/\/juntscontraelcancer.cat\/wp-content\/uploads\/2024\/12\/3-1024x573.png 1024w, https:\/\/juntscontraelcancer.cat\/wp-content\/uploads\/2024\/12\/3-300x168.png 300w, https:\/\/juntscontraelcancer.cat\/wp-content\/uploads\/2024\/12\/3-768x430.png 768w, https:\/\/juntscontraelcancer.cat\/wp-content\/uploads\/2024\/12\/3-1536x860.png 1536w, https:\/\/juntscontraelcancer.cat\/wp-content\/uploads\/2024\/12\/3.png 1726w\" sizes=\"auto, (max-width: 1726px) 100vw, 1726px\" \/><\/figure>\n","protected":false},"excerpt":{"rendered":"<p>Voluntarios y voluntarias en el \u00e1mbito de la oncolog\u00eda de entidades contra el c\u00e1ncer de Catalu\u00f1a se han formado en Barcelona en una nueva edici\u00f3n del Curso de Profundizaci\u00f3n en el Voluntariado de \u00c1mbito Oncol\u00f3gico que organiza la FECEC Junts contra el C\u00e0ncer.<\/p>\n","protected":false},"author":2,"featured_media":38572,"comment_status":"closed","ping_status":"closed","sticky":false,"template":"","format":"standard","meta":{"_acf_changed":false,"inline_featured_image":false,"footnotes":""},"categories":[84,86],"tags":[],"class_list":["post-38590","post","type-post","status-publish","format-standard","has-post-thumbnail","hentry","category-actualidad","category-destacadas"],"acf":[],"yoast_head":"<!-- This site is optimized with the Yoast SEO plugin v27.3 - https:\/\/yoast.com\/product\/yoast-seo-wordpress\/ -->\n<title>Finalizada una nueva edici\u00f3n del Curso de Profundizaci\u00f3n en el Voluntariado de \u00c1mbito Oncol\u00f3gico - Junts contra el c\u00e0ncer - FECEC<\/title>\n<meta name=\"robots\" content=\"index, follow, max-snippet:-1, max-image-preview:large, max-video-preview:-1\" \/>\n<link rel=\"canonical\" href=\"https:\/\/juntscontraelcancer.cat\/es\/finalizada-una-nueva-edicion-del-curso-de-profundizacion-en-el-ambito-oncologico\/\" \/>\n<meta property=\"og:locale\" content=\"es_ES\" \/>\n<meta property=\"og:type\" content=\"article\" \/>\n<meta property=\"og:title\" content=\"Finalizada una nueva edici\u00f3n del Curso de Profundizaci\u00f3n en el Voluntariado de \u00c1mbito Oncol\u00f3gico - Junts contra el c\u00e0ncer - FECEC\" \/>\n<meta property=\"og:description\" content=\"Voluntarios y voluntarias en el \u00e1mbito de la oncolog\u00eda de entidades contra el c\u00e1ncer de Catalu\u00f1a se han formado en Barcelona en una nueva edici\u00f3n del Curso de Profundizaci\u00f3n en el Voluntariado de \u00c1mbito Oncol\u00f3gico que organiza la FECEC Junts contra el C\u00e0ncer.\" \/>\n<meta property=\"og:url\" content=\"https:\/\/juntscontraelcancer.cat\/es\/finalizada-una-nueva-edicion-del-curso-de-profundizacion-en-el-ambito-oncologico\/\" \/>\n<meta property=\"og:site_name\" content=\"Junts contra el c\u00e0ncer - FECEC\" \/>\n<meta property=\"article:publisher\" content=\"https:\/\/www.facebook.com\/fecec.federacio\/\" \/>\n<meta property=\"article:published_time\" content=\"2024-12-02T08:28:49+00:00\" \/>\n<meta property=\"article:modified_time\" content=\"2024-12-03T15:01:56+00:00\" \/>\n<meta property=\"og:image\" content=\"https:\/\/juntscontraelcancer.cat\/wp-content\/uploads\/2024\/12\/3.png\" \/>\n\t<meta property=\"og:image:width\" content=\"1726\" \/>\n\t<meta property=\"og:image:height\" content=\"966\" \/>\n\t<meta property=\"og:image:type\" content=\"image\/png\" \/>\n<meta name=\"author\" content=\"FECEC Comunicaci\u00f3\" \/>\n<meta name=\"twitter:card\" content=\"summary_large_image\" \/>\n<meta name=\"twitter:creator\" content=\"@FececFederacio\" \/>\n<meta name=\"twitter:site\" content=\"@FececFederacio\" \/>\n<meta name=\"twitter:label1\" content=\"Escrito por\" \/>\n\t<meta name=\"twitter:data1\" content=\"FECEC Comunicaci\u00f3\" \/>\n\t<meta name=\"twitter:label2\" content=\"Tiempo de lectura\" \/>\n\t<meta name=\"twitter:data2\" content=\"1 minuto\" \/>\n<script type=\"application\/ld+json\" class=\"yoast-schema-graph\">{\"@context\":\"https:\\\/\\\/schema.org\",\"@graph\":[{\"@type\":\"Article\",\"@id\":\"https:\\\/\\\/juntscontraelcancer.cat\\\/es\\\/finalizada-una-nueva-edicion-del-curso-de-profundizacion-en-el-ambito-oncologico\\\/#article\",\"isPartOf\":{\"@id\":\"https:\\\/\\\/juntscontraelcancer.cat\\\/es\\\/finalizada-una-nueva-edicion-del-curso-de-profundizacion-en-el-ambito-oncologico\\\/\"},\"author\":{\"name\":\"FECEC Comunicaci\u00f3\",\"@id\":\"https:\\\/\\\/juntscontraelcancer.cat\\\/es\\\/#\\\/schema\\\/person\\\/2bba6ee197504983c335d560850ec148\"},\"headline\":\"Finalizada una nueva edici\u00f3n del Curso de Profundizaci\u00f3n en el Voluntariado de \u00c1mbito Oncol\u00f3gico\",\"datePublished\":\"2024-12-02T08:28:49+00:00\",\"dateModified\":\"2024-12-03T15:01:56+00:00\",\"mainEntityOfPage\":{\"@id\":\"https:\\\/\\\/juntscontraelcancer.cat\\\/es\\\/finalizada-una-nueva-edicion-del-curso-de-profundizacion-en-el-ambito-oncologico\\\/\"},\"wordCount\":194,\"publisher\":{\"@id\":\"https:\\\/\\\/juntscontraelcancer.cat\\\/es\\\/#organization\"},\"image\":{\"@id\":\"https:\\\/\\\/juntscontraelcancer.cat\\\/es\\\/finalizada-una-nueva-edicion-del-curso-de-profundizacion-en-el-ambito-oncologico\\\/#primaryimage\"},\"thumbnailUrl\":\"https:\\\/\\\/juntscontraelcancer.cat\\\/wp-content\\\/uploads\\\/2024\\\/12\\\/3.png\",\"articleSection\":[\"Actualidad\",\"Destacadas\"],\"inLanguage\":\"es\"},{\"@type\":\"WebPage\",\"@id\":\"https:\\\/\\\/juntscontraelcancer.cat\\\/es\\\/finalizada-una-nueva-edicion-del-curso-de-profundizacion-en-el-ambito-oncologico\\\/\",\"url\":\"https:\\\/\\\/juntscontraelcancer.cat\\\/es\\\/finalizada-una-nueva-edicion-del-curso-de-profundizacion-en-el-ambito-oncologico\\\/\",\"name\":\"Finalizada una nueva edici\u00f3n del Curso de Profundizaci\u00f3n en el Voluntariado de \u00c1mbito Oncol\u00f3gico - Junts contra el c\u00e0ncer - FECEC\",\"isPartOf\":{\"@id\":\"https:\\\/\\\/juntscontraelcancer.cat\\\/es\\\/#website\"},\"primaryImageOfPage\":{\"@id\":\"https:\\\/\\\/juntscontraelcancer.cat\\\/es\\\/finalizada-una-nueva-edicion-del-curso-de-profundizacion-en-el-ambito-oncologico\\\/#primaryimage\"},\"image\":{\"@id\":\"https:\\\/\\\/juntscontraelcancer.cat\\\/es\\\/finalizada-una-nueva-edicion-del-curso-de-profundizacion-en-el-ambito-oncologico\\\/#primaryimage\"},\"thumbnailUrl\":\"https:\\\/\\\/juntscontraelcancer.cat\\\/wp-content\\\/uploads\\\/2024\\\/12\\\/3.png\",\"datePublished\":\"2024-12-02T08:28:49+00:00\",\"dateModified\":\"2024-12-03T15:01:56+00:00\",\"breadcrumb\":{\"@id\":\"https:\\\/\\\/juntscontraelcancer.cat\\\/es\\\/finalizada-una-nueva-edicion-del-curso-de-profundizacion-en-el-ambito-oncologico\\\/#breadcrumb\"},\"inLanguage\":\"es\",\"potentialAction\":[{\"@type\":\"ReadAction\",\"target\":[\"https:\\\/\\\/juntscontraelcancer.cat\\\/es\\\/finalizada-una-nueva-edicion-del-curso-de-profundizacion-en-el-ambito-oncologico\\\/\"]}]},{\"@type\":\"ImageObject\",\"inLanguage\":\"es\",\"@id\":\"https:\\\/\\\/juntscontraelcancer.cat\\\/es\\\/finalizada-una-nueva-edicion-del-curso-de-profundizacion-en-el-ambito-oncologico\\\/#primaryimage\",\"url\":\"https:\\\/\\\/juntscontraelcancer.cat\\\/wp-content\\\/uploads\\\/2024\\\/12\\\/3.png\",\"contentUrl\":\"https:\\\/\\\/juntscontraelcancer.cat\\\/wp-content\\\/uploads\\\/2024\\\/12\\\/3.png\",\"width\":1726,\"height\":966},{\"@type\":\"BreadcrumbList\",\"@id\":\"https:\\\/\\\/juntscontraelcancer.cat\\\/es\\\/finalizada-una-nueva-edicion-del-curso-de-profundizacion-en-el-ambito-oncologico\\\/#breadcrumb\",\"itemListElement\":[{\"@type\":\"ListItem\",\"position\":1,\"name\":\"Inicio\",\"item\":\"https:\\\/\\\/juntscontraelcancer.cat\\\/es\\\/\"},{\"@type\":\"ListItem\",\"position\":2,\"name\":\"Finalizada una nueva edici\u00f3n del Curso de Profundizaci\u00f3n en el Voluntariado de \u00c1mbito Oncol\u00f3gico\"}]},{\"@type\":\"WebSite\",\"@id\":\"https:\\\/\\\/juntscontraelcancer.cat\\\/es\\\/#website\",\"url\":\"https:\\\/\\\/juntscontraelcancer.cat\\\/es\\\/\",\"name\":\"Junts contra el c\u00e0ncer - FECEC\",\"description\":\"\",\"publisher\":{\"@id\":\"https:\\\/\\\/juntscontraelcancer.cat\\\/es\\\/#organization\"},\"potentialAction\":[{\"@type\":\"SearchAction\",\"target\":{\"@type\":\"EntryPoint\",\"urlTemplate\":\"https:\\\/\\\/juntscontraelcancer.cat\\\/es\\\/?s={search_term_string}\"},\"query-input\":{\"@type\":\"PropertyValueSpecification\",\"valueRequired\":true,\"valueName\":\"search_term_string\"}}],\"inLanguage\":\"es\"},{\"@type\":\"Organization\",\"@id\":\"https:\\\/\\\/juntscontraelcancer.cat\\\/es\\\/#organization\",\"name\":\"Junts contra el c\u00e0ncer - FECEC\",\"url\":\"https:\\\/\\\/juntscontraelcancer.cat\\\/es\\\/\",\"logo\":{\"@type\":\"ImageObject\",\"inLanguage\":\"es\",\"@id\":\"https:\\\/\\\/juntscontraelcancer.cat\\\/es\\\/#\\\/schema\\\/logo\\\/image\\\/\",\"url\":\"https:\\\/\\\/juntscontraelcancer.cat\\\/wp-content\\\/uploads\\\/2023\\\/01\\\/logo-fecec-header.png\",\"contentUrl\":\"https:\\\/\\\/juntscontraelcancer.cat\\\/wp-content\\\/uploads\\\/2023\\\/01\\\/logo-fecec-header.png\",\"width\":126,\"height\":74,\"caption\":\"Junts contra el c\u00e0ncer - FECEC\"},\"image\":{\"@id\":\"https:\\\/\\\/juntscontraelcancer.cat\\\/es\\\/#\\\/schema\\\/logo\\\/image\\\/\"},\"sameAs\":[\"https:\\\/\\\/www.facebook.com\\\/fecec.federacio\\\/\",\"https:\\\/\\\/x.com\\\/FececFederacio\",\"https:\\\/\\\/www.instagram.com\\\/fececfederacio\\\/?hl=es\",\"https:\\\/\\\/www.youtube.com\\\/channel\\\/UCgAC_6c6hmHwMQhSCQyYBdA\"]},{\"@type\":\"Person\",\"@id\":\"https:\\\/\\\/juntscontraelcancer.cat\\\/es\\\/#\\\/schema\\\/person\\\/2bba6ee197504983c335d560850ec148\",\"name\":\"FECEC Comunicaci\u00f3\",\"image\":{\"@type\":\"ImageObject\",\"inLanguage\":\"es\",\"@id\":\"https:\\\/\\\/secure.gravatar.com\\\/avatar\\\/afa7129fad37df4be85b472c53d2039388784444579f67ca35ddbc83bfae2fd0?s=96&d=mm&r=g\",\"url\":\"https:\\\/\\\/secure.gravatar.com\\\/avatar\\\/afa7129fad37df4be85b472c53d2039388784444579f67ca35ddbc83bfae2fd0?s=96&d=mm&r=g\",\"contentUrl\":\"https:\\\/\\\/secure.gravatar.com\\\/avatar\\\/afa7129fad37df4be85b472c53d2039388784444579f67ca35ddbc83bfae2fd0?s=96&d=mm&r=g\",\"caption\":\"FECEC Comunicaci\u00f3\"}}]}<\/script>\n<!-- \/ Yoast SEO plugin. -->","yoast_head_json":{"title":"Finalizada una nueva edici\u00f3n del Curso de Profundizaci\u00f3n en el Voluntariado de \u00c1mbito Oncol\u00f3gico - Junts contra el c\u00e0ncer - FECEC","robots":{"index":"index","follow":"follow","max-snippet":"max-snippet:-1","max-image-preview":"max-image-preview:large","max-video-preview":"max-video-preview:-1"},"canonical":"https:\/\/juntscontraelcancer.cat\/es\/finalizada-una-nueva-edicion-del-curso-de-profundizacion-en-el-ambito-oncologico\/","og_locale":"es_ES","og_type":"article","og_title":"Finalizada una nueva edici\u00f3n del Curso de Profundizaci\u00f3n en el Voluntariado de \u00c1mbito Oncol\u00f3gico - Junts contra el c\u00e0ncer - FECEC","og_description":"Voluntarios y voluntarias en el \u00e1mbito de la oncolog\u00eda de entidades contra el c\u00e1ncer de Catalu\u00f1a se han formado en Barcelona en una nueva edici\u00f3n del Curso de Profundizaci\u00f3n en el Voluntariado de \u00c1mbito Oncol\u00f3gico que organiza la FECEC Junts contra el C\u00e0ncer.","og_url":"https:\/\/juntscontraelcancer.cat\/es\/finalizada-una-nueva-edicion-del-curso-de-profundizacion-en-el-ambito-oncologico\/","og_site_name":"Junts contra el c\u00e0ncer - FECEC","article_publisher":"https:\/\/www.facebook.com\/fecec.federacio\/","article_published_time":"2024-12-02T08:28:49+00:00","article_modified_time":"2024-12-03T15:01:56+00:00","og_image":[{"width":1726,"height":966,"url":"https:\/\/juntscontraelcancer.cat\/wp-content\/uploads\/2024\/12\/3.png","type":"image\/png"}],"author":"FECEC Comunicaci\u00f3","twitter_card":"summary_large_image","twitter_creator":"@FececFederacio","twitter_site":"@FececFederacio","twitter_misc":{"Escrito por":"FECEC Comunicaci\u00f3","Tiempo de lectura":"1 minuto"},"schema":{"@context":"https:\/\/schema.org","@graph":[{"@type":"Article","@id":"https:\/\/juntscontraelcancer.cat\/es\/finalizada-una-nueva-edicion-del-curso-de-profundizacion-en-el-ambito-oncologico\/#article","isPartOf":{"@id":"https:\/\/juntscontraelcancer.cat\/es\/finalizada-una-nueva-edicion-del-curso-de-profundizacion-en-el-ambito-oncologico\/"},"author":{"name":"FECEC Comunicaci\u00f3","@id":"https:\/\/juntscontraelcancer.cat\/es\/#\/schema\/person\/2bba6ee197504983c335d560850ec148"},"headline":"Finalizada una nueva edici\u00f3n del Curso de Profundizaci\u00f3n en el Voluntariado de \u00c1mbito Oncol\u00f3gico","datePublished":"2024-12-02T08:28:49+00:00","dateModified":"2024-12-03T15:01:56+00:00","mainEntityOfPage":{"@id":"https:\/\/juntscontraelcancer.cat\/es\/finalizada-una-nueva-edicion-del-curso-de-profundizacion-en-el-ambito-oncologico\/"},"wordCount":194,"publisher":{"@id":"https:\/\/juntscontraelcancer.cat\/es\/#organization"},"image":{"@id":"https:\/\/juntscontraelcancer.cat\/es\/finalizada-una-nueva-edicion-del-curso-de-profundizacion-en-el-ambito-oncologico\/#primaryimage"},"thumbnailUrl":"https:\/\/juntscontraelcancer.cat\/wp-content\/uploads\/2024\/12\/3.png","articleSection":["Actualidad","Destacadas"],"inLanguage":"es"},{"@type":"WebPage","@id":"https:\/\/juntscontraelcancer.cat\/es\/finalizada-una-nueva-edicion-del-curso-de-profundizacion-en-el-ambito-oncologico\/","url":"https:\/\/juntscontraelcancer.cat\/es\/finalizada-una-nueva-edicion-del-curso-de-profundizacion-en-el-ambito-oncologico\/","name":"Finalizada una nueva edici\u00f3n del Curso de Profundizaci\u00f3n en el Voluntariado de \u00c1mbito Oncol\u00f3gico - Junts contra el c\u00e0ncer - FECEC","isPartOf":{"@id":"https:\/\/juntscontraelcancer.cat\/es\/#website"},"primaryImageOfPage":{"@id":"https:\/\/juntscontraelcancer.cat\/es\/finalizada-una-nueva-edicion-del-curso-de-profundizacion-en-el-ambito-oncologico\/#primaryimage"},"image":{"@id":"https:\/\/juntscontraelcancer.cat\/es\/finalizada-una-nueva-edicion-del-curso-de-profundizacion-en-el-ambito-oncologico\/#primaryimage"},"thumbnailUrl":"https:\/\/juntscontraelcancer.cat\/wp-content\/uploads\/2024\/12\/3.png","datePublished":"2024-12-02T08:28:49+00:00","dateModified":"2024-12-03T15:01:56+00:00","breadcrumb":{"@id":"https:\/\/juntscontraelcancer.cat\/es\/finalizada-una-nueva-edicion-del-curso-de-profundizacion-en-el-ambito-oncologico\/#breadcrumb"},"inLanguage":"es","potentialAction":[{"@type":"ReadAction","target":["https:\/\/juntscontraelcancer.cat\/es\/finalizada-una-nueva-edicion-del-curso-de-profundizacion-en-el-ambito-oncologico\/"]}]},{"@type":"ImageObject","inLanguage":"es","@id":"https:\/\/juntscontraelcancer.cat\/es\/finalizada-una-nueva-edicion-del-curso-de-profundizacion-en-el-ambito-oncologico\/#primaryimage","url":"https:\/\/juntscontraelcancer.cat\/wp-content\/uploads\/2024\/12\/3.png","contentUrl":"https:\/\/juntscontraelcancer.cat\/wp-content\/uploads\/2024\/12\/3.png","width":1726,"height":966},{"@type":"BreadcrumbList","@id":"https:\/\/juntscontraelcancer.cat\/es\/finalizada-una-nueva-edicion-del-curso-de-profundizacion-en-el-ambito-oncologico\/#breadcrumb","itemListElement":[{"@type":"ListItem","position":1,"name":"Inicio","item":"https:\/\/juntscontraelcancer.cat\/es\/"},{"@type":"ListItem","position":2,"name":"Finalizada una nueva edici\u00f3n del Curso de Profundizaci\u00f3n en el Voluntariado de \u00c1mbito Oncol\u00f3gico"}]},{"@type":"WebSite","@id":"https:\/\/juntscontraelcancer.cat\/es\/#website","url":"https:\/\/juntscontraelcancer.cat\/es\/","name":"Junts contra el c\u00e0ncer - FECEC","description":"","publisher":{"@id":"https:\/\/juntscontraelcancer.cat\/es\/#organization"},"potentialAction":[{"@type":"SearchAction","target":{"@type":"EntryPoint","urlTemplate":"https:\/\/juntscontraelcancer.cat\/es\/?s={search_term_string}"},"query-input":{"@type":"PropertyValueSpecification","valueRequired":true,"valueName":"search_term_string"}}],"inLanguage":"es"},{"@type":"Organization","@id":"https:\/\/juntscontraelcancer.cat\/es\/#organization","name":"Junts contra el c\u00e0ncer - FECEC","url":"https:\/\/juntscontraelcancer.cat\/es\/","logo":{"@type":"ImageObject","inLanguage":"es","@id":"https:\/\/juntscontraelcancer.cat\/es\/#\/schema\/logo\/image\/","url":"https:\/\/juntscontraelcancer.cat\/wp-content\/uploads\/2023\/01\/logo-fecec-header.png","contentUrl":"https:\/\/juntscontraelcancer.cat\/wp-content\/uploads\/2023\/01\/logo-fecec-header.png","width":126,"height":74,"caption":"Junts contra el c\u00e0ncer - FECEC"},"image":{"@id":"https:\/\/juntscontraelcancer.cat\/es\/#\/schema\/logo\/image\/"},"sameAs":["https:\/\/www.facebook.com\/fecec.federacio\/","https:\/\/x.com\/FececFederacio","https:\/\/www.instagram.com\/fececfederacio\/?hl=es","https:\/\/www.youtube.com\/channel\/UCgAC_6c6hmHwMQhSCQyYBdA"]},{"@type":"Person","@id":"https:\/\/juntscontraelcancer.cat\/es\/#\/schema\/person\/2bba6ee197504983c335d560850ec148","name":"FECEC Comunicaci\u00f3","image":{"@type":"ImageObject","inLanguage":"es","@id":"https:\/\/secure.gravatar.com\/avatar\/afa7129fad37df4be85b472c53d2039388784444579f67ca35ddbc83bfae2fd0?s=96&d=mm&r=g","url":"https:\/\/secure.gravatar.com\/avatar\/afa7129fad37df4be85b472c53d2039388784444579f67ca35ddbc83bfae2fd0?s=96&d=mm&r=g","contentUrl":"https:\/\/secure.gravatar.com\/avatar\/afa7129fad37df4be85b472c53d2039388784444579f67ca35ddbc83bfae2fd0?s=96&d=mm&r=g","caption":"FECEC Comunicaci\u00f3"}}]}},"_links":{"self":[{"href":"https:\/\/juntscontraelcancer.cat\/es\/wp-json\/wp\/v2\/posts\/38590","targetHints":{"allow":["GET"]}}],"collection":[{"href":"https:\/\/juntscontraelcancer.cat\/es\/wp-json\/wp\/v2\/posts"}],"about":[{"href":"https:\/\/juntscontraelcancer.cat\/es\/wp-json\/wp\/v2\/types\/post"}],"author":[{"embeddable":true,"href":"https:\/\/juntscontraelcancer.cat\/es\/wp-json\/wp\/v2\/users\/2"}],"replies":[{"embeddable":true,"href":"https:\/\/juntscontraelcancer.cat\/es\/wp-json\/wp\/v2\/comments?post=38590"}],"version-history":[{"count":3,"href":"https:\/\/juntscontraelcancer.cat\/es\/wp-json\/wp\/v2\/posts\/38590\/revisions"}],"predecessor-version":[{"id":38666,"href":"https:\/\/juntscontraelcancer.cat\/es\/wp-json\/wp\/v2\/posts\/38590\/revisions\/38666"}],"wp:featuredmedia":[{"embeddable":true,"href":"https:\/\/juntscontraelcancer.cat\/es\/wp-json\/wp\/v2\/media\/38572"}],"wp:attachment":[{"href":"https:\/\/juntscontraelcancer.cat\/es\/wp-json\/wp\/v2\/media?parent=38590"}],"wp:term":[{"taxonomy":"category","embeddable":true,"href":"https:\/\/juntscontraelcancer.cat\/es\/wp-json\/wp\/v2\/categories?post=38590"},{"taxonomy":"post_tag","embeddable":true,"href":"https:\/\/juntscontraelcancer.cat\/es\/wp-json\/wp\/v2\/tags?post=38590"}],"curies":[{"name":"wp","href":"https:\/\/api.w.org\/{rel}","templated":true}]}}