{"id":38585,"date":"2024-12-02T11:52:00","date_gmt":"2024-12-02T09:52:00","guid":{"rendered":"https:\/\/juntscontraelcancer.cat\/la-cursa-dels-nassos-de-oliana-recaudara-fondos-para-la-junts-contra-el-cancer\/"},"modified":"2024-12-02T13:30:45","modified_gmt":"2024-12-02T11:30:45","slug":"la-cursa-dels-nassos-de-oliana-recaudara-fondos-para-la-junts-contra-el-cancer","status":"publish","type":"post","link":"https:\/\/juntscontraelcancer.cat\/es\/la-cursa-dels-nassos-de-oliana-recaudara-fondos-para-la-junts-contra-el-cancer\/","title":{"rendered":"La  Cursa dels Nassos de Oliana recaudar\u00e1 fondos para la Junts contra el C\u00e0ncer"},"content":{"rendered":"\n<p><strong><strong>Un a\u00f1o m\u00e1s, el Ayuntamiento de Oliana se suma a la campa\u00f1a \u00abNassos contra el c\u00e0ncer\u00bb de la FECEC Junts contra el C\u00e0ncer con su <a href=\"https:\/\/cursadelsnassos.blogspot.com\/2024\/11\/cursa-dels-nassos-2024.html\" target=\"_blank\" rel=\"noreferrer noopener\">Cursa dels Nassos Memorial Josep Piqu\u00e9 \u00abPalau\u00bb<\/a> que tendr\u00e1 lugar el s\u00e1bado 28 de diciembre.Esta prueba solidaria destinar\u00e1 1 euro de cada inscripci\u00f3n a la mejora de la calidad de vida de las personas con c\u00e1ncer y de sus familiares.&#13;\n<\/strong><\/strong><\/p>\n\n<p>La  Cursa dels Nassos se inici\u00f3 en 2011, donde est\u00e1 formada por dos recorridos: uno de 5 km que, transcurrir por las calles de la poblaci\u00f3n, y uno de 11 km, que llevar\u00e1 todos los corredores hasta el Castell de Oliana, pasando por las veredas.<\/p>\n\n<ul class=\"wp-block-list\">\n<li><strong>Salida: <\/strong>Pabell\u00f3n Francesc Betriu<\/li>\n\n\n\n<li><strong>Horarios:<\/strong> <br\/>Apertura del pabell\u00f3n: 8.30h. <br\/>Salida carrera 11km: 10:00h. <br\/>Salida carrera 5km: 10:30h&#13;\n<\/li>\n<\/ul>\n\n<p>Avituallamientos durante la carrera y a la llegada.<br\/>Adem\u00e1s, se librar\u00e1 una bolsa del corredor por los 400 primeros inscritos, servicio de guardarropa y duchas.&#13;\n<\/p>\n\n<p><strong>Precio de inscripci\u00f3n:<\/strong><br\/>Carrera de 5 km: 7 euros<br\/>Carrera de 11km: 12 euros<br\/>A partir del d\u00eda 23 de diciembre el precio se incrementar\u00e1 3\u20ac.&#13;\n<\/p>\n\n<p>Pod\u00e9is hacer la inscripci\u00f3n a cualquier de las dos carreras <strong><a href=\"https:\/\/www.iter5.cat\/inscripcions\/formCursa.php?id=2152\">en este enlace<\/a><\/strong> o tambi\u00e9n presencialmente en el \u00e1rea de deportes y en la oficina de turismo de Oliana.<\/p>\n\n<p>Las dos carreras forman parte de la Lliga de Ponent.<\/p>\n\n<p>Fuente: Ayuntamiento de Oliana<\/p>\n","protected":false},"excerpt":{"rendered":"<p>Un a\u00f1o m\u00e1s, el Ayuntamiento de Oliana se suma a la campa\u00f1a \u00abNassos contra el c\u00e0ncer\u00bb de la FECEC Junts contra el C\u00e0ncer con su Cursa dels Nassos Memorial Josep Piqu\u00e9 \u00abPalau\u00bb que tendr\u00e1 lugar el 28 de diciembre. <\/p>\n","protected":false},"author":2,"featured_media":38607,"comment_status":"closed","ping_status":"closed","sticky":false,"template":"","format":"standard","meta":{"_acf_changed":false,"inline_featured_image":false,"footnotes":""},"categories":[84,86],"tags":[],"class_list":["post-38585","post","type-post","status-publish","format-standard","has-post-thumbnail","hentry","category-actualidad","category-destacadas"],"acf":[],"yoast_head":"<!-- This site is optimized with the Yoast SEO plugin v27.3 - https:\/\/yoast.com\/product\/yoast-seo-wordpress\/ -->\n<title>La Cursa dels Nassos de Oliana recaudar\u00e1 fondos para la Junts contra el C\u00e0ncer - Junts contra el c\u00e0ncer - FECEC<\/title>\n<meta name=\"robots\" content=\"index, follow, max-snippet:-1, max-image-preview:large, max-video-preview:-1\" \/>\n<link rel=\"canonical\" href=\"https:\/\/juntscontraelcancer.cat\/es\/la-cursa-dels-nassos-de-oliana-recaudara-fondos-para-la-junts-contra-el-cancer\/\" \/>\n<meta property=\"og:locale\" content=\"es_ES\" \/>\n<meta property=\"og:type\" content=\"article\" \/>\n<meta property=\"og:title\" content=\"La Cursa dels Nassos de Oliana recaudar\u00e1 fondos para la Junts contra el C\u00e0ncer - Junts contra el c\u00e0ncer - FECEC\" \/>\n<meta property=\"og:description\" content=\"Un a\u00f1o m\u00e1s, el Ayuntamiento de Oliana se suma a la campa\u00f1a &quot;Nassos contra el c\u00e0ncer&quot; de la FECEC Junts contra el C\u00e0ncer con su Cursa dels Nassos Memorial Josep Piqu\u00e9 &quot;Palau&quot; que tendr\u00e1 lugar el 28 de diciembre.\" \/>\n<meta property=\"og:url\" content=\"https:\/\/juntscontraelcancer.cat\/es\/la-cursa-dels-nassos-de-oliana-recaudara-fondos-para-la-junts-contra-el-cancer\/\" \/>\n<meta property=\"og:site_name\" content=\"Junts contra el c\u00e0ncer - FECEC\" \/>\n<meta property=\"article:publisher\" content=\"https:\/\/www.facebook.com\/fecec.federacio\/\" \/>\n<meta property=\"article:published_time\" content=\"2024-12-02T09:52:00+00:00\" \/>\n<meta property=\"article:modified_time\" content=\"2024-12-02T11:30:45+00:00\" \/>\n<meta property=\"og:image\" content=\"https:\/\/juntscontraelcancer.cat\/wp-content\/uploads\/2024\/12\/junts-contra-el-cancer-cursa-dels-nassos-oliana-1.png\" \/>\n\t<meta property=\"og:image:width\" content=\"1726\" \/>\n\t<meta property=\"og:image:height\" content=\"966\" \/>\n\t<meta property=\"og:image:type\" content=\"image\/png\" \/>\n<meta name=\"author\" content=\"FECEC Comunicaci\u00f3\" \/>\n<meta name=\"twitter:card\" content=\"summary_large_image\" \/>\n<meta name=\"twitter:creator\" content=\"@FececFederacio\" \/>\n<meta name=\"twitter:site\" content=\"@FececFederacio\" \/>\n<meta name=\"twitter:label1\" content=\"Escrito por\" \/>\n\t<meta name=\"twitter:data1\" content=\"FECEC Comunicaci\u00f3\" \/>\n\t<meta name=\"twitter:label2\" content=\"Tiempo de lectura\" \/>\n\t<meta name=\"twitter:data2\" content=\"1 minuto\" \/>\n<script type=\"application\/ld+json\" class=\"yoast-schema-graph\">{\"@context\":\"https:\\\/\\\/schema.org\",\"@graph\":[{\"@type\":\"Article\",\"@id\":\"https:\\\/\\\/juntscontraelcancer.cat\\\/es\\\/la-cursa-dels-nassos-de-oliana-recaudara-fondos-para-la-junts-contra-el-cancer\\\/#article\",\"isPartOf\":{\"@id\":\"https:\\\/\\\/juntscontraelcancer.cat\\\/es\\\/la-cursa-dels-nassos-de-oliana-recaudara-fondos-para-la-junts-contra-el-cancer\\\/\"},\"author\":{\"name\":\"FECEC Comunicaci\u00f3\",\"@id\":\"https:\\\/\\\/juntscontraelcancer.cat\\\/es\\\/#\\\/schema\\\/person\\\/2bba6ee197504983c335d560850ec148\"},\"headline\":\"La Cursa dels Nassos de Oliana recaudar\u00e1 fondos para la Junts contra el C\u00e0ncer\",\"datePublished\":\"2024-12-02T09:52:00+00:00\",\"dateModified\":\"2024-12-02T11:30:45+00:00\",\"mainEntityOfPage\":{\"@id\":\"https:\\\/\\\/juntscontraelcancer.cat\\\/es\\\/la-cursa-dels-nassos-de-oliana-recaudara-fondos-para-la-junts-contra-el-cancer\\\/\"},\"wordCount\":241,\"publisher\":{\"@id\":\"https:\\\/\\\/juntscontraelcancer.cat\\\/es\\\/#organization\"},\"image\":{\"@id\":\"https:\\\/\\\/juntscontraelcancer.cat\\\/es\\\/la-cursa-dels-nassos-de-oliana-recaudara-fondos-para-la-junts-contra-el-cancer\\\/#primaryimage\"},\"thumbnailUrl\":\"https:\\\/\\\/juntscontraelcancer.cat\\\/wp-content\\\/uploads\\\/2024\\\/12\\\/junts-contra-el-cancer-cursa-dels-nassos-oliana-1.png\",\"articleSection\":[\"Actualidad\",\"Destacadas\"],\"inLanguage\":\"es\"},{\"@type\":\"WebPage\",\"@id\":\"https:\\\/\\\/juntscontraelcancer.cat\\\/es\\\/la-cursa-dels-nassos-de-oliana-recaudara-fondos-para-la-junts-contra-el-cancer\\\/\",\"url\":\"https:\\\/\\\/juntscontraelcancer.cat\\\/es\\\/la-cursa-dels-nassos-de-oliana-recaudara-fondos-para-la-junts-contra-el-cancer\\\/\",\"name\":\"La Cursa dels Nassos de Oliana recaudar\u00e1 fondos para la Junts contra el C\u00e0ncer - Junts contra el c\u00e0ncer - FECEC\",\"isPartOf\":{\"@id\":\"https:\\\/\\\/juntscontraelcancer.cat\\\/es\\\/#website\"},\"primaryImageOfPage\":{\"@id\":\"https:\\\/\\\/juntscontraelcancer.cat\\\/es\\\/la-cursa-dels-nassos-de-oliana-recaudara-fondos-para-la-junts-contra-el-cancer\\\/#primaryimage\"},\"image\":{\"@id\":\"https:\\\/\\\/juntscontraelcancer.cat\\\/es\\\/la-cursa-dels-nassos-de-oliana-recaudara-fondos-para-la-junts-contra-el-cancer\\\/#primaryimage\"},\"thumbnailUrl\":\"https:\\\/\\\/juntscontraelcancer.cat\\\/wp-content\\\/uploads\\\/2024\\\/12\\\/junts-contra-el-cancer-cursa-dels-nassos-oliana-1.png\",\"datePublished\":\"2024-12-02T09:52:00+00:00\",\"dateModified\":\"2024-12-02T11:30:45+00:00\",\"breadcrumb\":{\"@id\":\"https:\\\/\\\/juntscontraelcancer.cat\\\/es\\\/la-cursa-dels-nassos-de-oliana-recaudara-fondos-para-la-junts-contra-el-cancer\\\/#breadcrumb\"},\"inLanguage\":\"es\",\"potentialAction\":[{\"@type\":\"ReadAction\",\"target\":[\"https:\\\/\\\/juntscontraelcancer.cat\\\/es\\\/la-cursa-dels-nassos-de-oliana-recaudara-fondos-para-la-junts-contra-el-cancer\\\/\"]}]},{\"@type\":\"ImageObject\",\"inLanguage\":\"es\",\"@id\":\"https:\\\/\\\/juntscontraelcancer.cat\\\/es\\\/la-cursa-dels-nassos-de-oliana-recaudara-fondos-para-la-junts-contra-el-cancer\\\/#primaryimage\",\"url\":\"https:\\\/\\\/juntscontraelcancer.cat\\\/wp-content\\\/uploads\\\/2024\\\/12\\\/junts-contra-el-cancer-cursa-dels-nassos-oliana-1.png\",\"contentUrl\":\"https:\\\/\\\/juntscontraelcancer.cat\\\/wp-content\\\/uploads\\\/2024\\\/12\\\/junts-contra-el-cancer-cursa-dels-nassos-oliana-1.png\",\"width\":1726,\"height\":966},{\"@type\":\"BreadcrumbList\",\"@id\":\"https:\\\/\\\/juntscontraelcancer.cat\\\/es\\\/la-cursa-dels-nassos-de-oliana-recaudara-fondos-para-la-junts-contra-el-cancer\\\/#breadcrumb\",\"itemListElement\":[{\"@type\":\"ListItem\",\"position\":1,\"name\":\"Inicio\",\"item\":\"https:\\\/\\\/juntscontraelcancer.cat\\\/es\\\/\"},{\"@type\":\"ListItem\",\"position\":2,\"name\":\"La Cursa dels Nassos de Oliana recaudar\u00e1 fondos para la Junts contra el C\u00e0ncer\"}]},{\"@type\":\"WebSite\",\"@id\":\"https:\\\/\\\/juntscontraelcancer.cat\\\/es\\\/#website\",\"url\":\"https:\\\/\\\/juntscontraelcancer.cat\\\/es\\\/\",\"name\":\"Junts contra el c\u00e0ncer - FECEC\",\"description\":\"\",\"publisher\":{\"@id\":\"https:\\\/\\\/juntscontraelcancer.cat\\\/es\\\/#organization\"},\"potentialAction\":[{\"@type\":\"SearchAction\",\"target\":{\"@type\":\"EntryPoint\",\"urlTemplate\":\"https:\\\/\\\/juntscontraelcancer.cat\\\/es\\\/?s={search_term_string}\"},\"query-input\":{\"@type\":\"PropertyValueSpecification\",\"valueRequired\":true,\"valueName\":\"search_term_string\"}}],\"inLanguage\":\"es\"},{\"@type\":\"Organization\",\"@id\":\"https:\\\/\\\/juntscontraelcancer.cat\\\/es\\\/#organization\",\"name\":\"Junts contra el c\u00e0ncer - FECEC\",\"url\":\"https:\\\/\\\/juntscontraelcancer.cat\\\/es\\\/\",\"logo\":{\"@type\":\"ImageObject\",\"inLanguage\":\"es\",\"@id\":\"https:\\\/\\\/juntscontraelcancer.cat\\\/es\\\/#\\\/schema\\\/logo\\\/image\\\/\",\"url\":\"https:\\\/\\\/juntscontraelcancer.cat\\\/wp-content\\\/uploads\\\/2023\\\/01\\\/logo-fecec-header.png\",\"contentUrl\":\"https:\\\/\\\/juntscontraelcancer.cat\\\/wp-content\\\/uploads\\\/2023\\\/01\\\/logo-fecec-header.png\",\"width\":126,\"height\":74,\"caption\":\"Junts contra el c\u00e0ncer - FECEC\"},\"image\":{\"@id\":\"https:\\\/\\\/juntscontraelcancer.cat\\\/es\\\/#\\\/schema\\\/logo\\\/image\\\/\"},\"sameAs\":[\"https:\\\/\\\/www.facebook.com\\\/fecec.federacio\\\/\",\"https:\\\/\\\/x.com\\\/FececFederacio\",\"https:\\\/\\\/www.instagram.com\\\/fececfederacio\\\/?hl=es\",\"https:\\\/\\\/www.youtube.com\\\/channel\\\/UCgAC_6c6hmHwMQhSCQyYBdA\"]},{\"@type\":\"Person\",\"@id\":\"https:\\\/\\\/juntscontraelcancer.cat\\\/es\\\/#\\\/schema\\\/person\\\/2bba6ee197504983c335d560850ec148\",\"name\":\"FECEC Comunicaci\u00f3\",\"image\":{\"@type\":\"ImageObject\",\"inLanguage\":\"es\",\"@id\":\"https:\\\/\\\/secure.gravatar.com\\\/avatar\\\/afa7129fad37df4be85b472c53d2039388784444579f67ca35ddbc83bfae2fd0?s=96&d=mm&r=g\",\"url\":\"https:\\\/\\\/secure.gravatar.com\\\/avatar\\\/afa7129fad37df4be85b472c53d2039388784444579f67ca35ddbc83bfae2fd0?s=96&d=mm&r=g\",\"contentUrl\":\"https:\\\/\\\/secure.gravatar.com\\\/avatar\\\/afa7129fad37df4be85b472c53d2039388784444579f67ca35ddbc83bfae2fd0?s=96&d=mm&r=g\",\"caption\":\"FECEC Comunicaci\u00f3\"}}]}<\/script>\n<!-- \/ Yoast SEO plugin. -->","yoast_head_json":{"title":"La Cursa dels Nassos de Oliana recaudar\u00e1 fondos para la Junts contra el C\u00e0ncer - Junts contra el c\u00e0ncer - FECEC","robots":{"index":"index","follow":"follow","max-snippet":"max-snippet:-1","max-image-preview":"max-image-preview:large","max-video-preview":"max-video-preview:-1"},"canonical":"https:\/\/juntscontraelcancer.cat\/es\/la-cursa-dels-nassos-de-oliana-recaudara-fondos-para-la-junts-contra-el-cancer\/","og_locale":"es_ES","og_type":"article","og_title":"La Cursa dels Nassos de Oliana recaudar\u00e1 fondos para la Junts contra el C\u00e0ncer - Junts contra el c\u00e0ncer - FECEC","og_description":"Un a\u00f1o m\u00e1s, el Ayuntamiento de Oliana se suma a la campa\u00f1a \"Nassos contra el c\u00e0ncer\" de la FECEC Junts contra el C\u00e0ncer con su Cursa dels Nassos Memorial Josep Piqu\u00e9 \"Palau\" que tendr\u00e1 lugar el 28 de diciembre.","og_url":"https:\/\/juntscontraelcancer.cat\/es\/la-cursa-dels-nassos-de-oliana-recaudara-fondos-para-la-junts-contra-el-cancer\/","og_site_name":"Junts contra el c\u00e0ncer - FECEC","article_publisher":"https:\/\/www.facebook.com\/fecec.federacio\/","article_published_time":"2024-12-02T09:52:00+00:00","article_modified_time":"2024-12-02T11:30:45+00:00","og_image":[{"width":1726,"height":966,"url":"https:\/\/juntscontraelcancer.cat\/wp-content\/uploads\/2024\/12\/junts-contra-el-cancer-cursa-dels-nassos-oliana-1.png","type":"image\/png"}],"author":"FECEC Comunicaci\u00f3","twitter_card":"summary_large_image","twitter_creator":"@FececFederacio","twitter_site":"@FececFederacio","twitter_misc":{"Escrito por":"FECEC Comunicaci\u00f3","Tiempo de lectura":"1 minuto"},"schema":{"@context":"https:\/\/schema.org","@graph":[{"@type":"Article","@id":"https:\/\/juntscontraelcancer.cat\/es\/la-cursa-dels-nassos-de-oliana-recaudara-fondos-para-la-junts-contra-el-cancer\/#article","isPartOf":{"@id":"https:\/\/juntscontraelcancer.cat\/es\/la-cursa-dels-nassos-de-oliana-recaudara-fondos-para-la-junts-contra-el-cancer\/"},"author":{"name":"FECEC Comunicaci\u00f3","@id":"https:\/\/juntscontraelcancer.cat\/es\/#\/schema\/person\/2bba6ee197504983c335d560850ec148"},"headline":"La Cursa dels Nassos de Oliana recaudar\u00e1 fondos para la Junts contra el C\u00e0ncer","datePublished":"2024-12-02T09:52:00+00:00","dateModified":"2024-12-02T11:30:45+00:00","mainEntityOfPage":{"@id":"https:\/\/juntscontraelcancer.cat\/es\/la-cursa-dels-nassos-de-oliana-recaudara-fondos-para-la-junts-contra-el-cancer\/"},"wordCount":241,"publisher":{"@id":"https:\/\/juntscontraelcancer.cat\/es\/#organization"},"image":{"@id":"https:\/\/juntscontraelcancer.cat\/es\/la-cursa-dels-nassos-de-oliana-recaudara-fondos-para-la-junts-contra-el-cancer\/#primaryimage"},"thumbnailUrl":"https:\/\/juntscontraelcancer.cat\/wp-content\/uploads\/2024\/12\/junts-contra-el-cancer-cursa-dels-nassos-oliana-1.png","articleSection":["Actualidad","Destacadas"],"inLanguage":"es"},{"@type":"WebPage","@id":"https:\/\/juntscontraelcancer.cat\/es\/la-cursa-dels-nassos-de-oliana-recaudara-fondos-para-la-junts-contra-el-cancer\/","url":"https:\/\/juntscontraelcancer.cat\/es\/la-cursa-dels-nassos-de-oliana-recaudara-fondos-para-la-junts-contra-el-cancer\/","name":"La Cursa dels Nassos de Oliana recaudar\u00e1 fondos para la Junts contra el C\u00e0ncer - Junts contra el c\u00e0ncer - FECEC","isPartOf":{"@id":"https:\/\/juntscontraelcancer.cat\/es\/#website"},"primaryImageOfPage":{"@id":"https:\/\/juntscontraelcancer.cat\/es\/la-cursa-dels-nassos-de-oliana-recaudara-fondos-para-la-junts-contra-el-cancer\/#primaryimage"},"image":{"@id":"https:\/\/juntscontraelcancer.cat\/es\/la-cursa-dels-nassos-de-oliana-recaudara-fondos-para-la-junts-contra-el-cancer\/#primaryimage"},"thumbnailUrl":"https:\/\/juntscontraelcancer.cat\/wp-content\/uploads\/2024\/12\/junts-contra-el-cancer-cursa-dels-nassos-oliana-1.png","datePublished":"2024-12-02T09:52:00+00:00","dateModified":"2024-12-02T11:30:45+00:00","breadcrumb":{"@id":"https:\/\/juntscontraelcancer.cat\/es\/la-cursa-dels-nassos-de-oliana-recaudara-fondos-para-la-junts-contra-el-cancer\/#breadcrumb"},"inLanguage":"es","potentialAction":[{"@type":"ReadAction","target":["https:\/\/juntscontraelcancer.cat\/es\/la-cursa-dels-nassos-de-oliana-recaudara-fondos-para-la-junts-contra-el-cancer\/"]}]},{"@type":"ImageObject","inLanguage":"es","@id":"https:\/\/juntscontraelcancer.cat\/es\/la-cursa-dels-nassos-de-oliana-recaudara-fondos-para-la-junts-contra-el-cancer\/#primaryimage","url":"https:\/\/juntscontraelcancer.cat\/wp-content\/uploads\/2024\/12\/junts-contra-el-cancer-cursa-dels-nassos-oliana-1.png","contentUrl":"https:\/\/juntscontraelcancer.cat\/wp-content\/uploads\/2024\/12\/junts-contra-el-cancer-cursa-dels-nassos-oliana-1.png","width":1726,"height":966},{"@type":"BreadcrumbList","@id":"https:\/\/juntscontraelcancer.cat\/es\/la-cursa-dels-nassos-de-oliana-recaudara-fondos-para-la-junts-contra-el-cancer\/#breadcrumb","itemListElement":[{"@type":"ListItem","position":1,"name":"Inicio","item":"https:\/\/juntscontraelcancer.cat\/es\/"},{"@type":"ListItem","position":2,"name":"La Cursa dels Nassos de Oliana recaudar\u00e1 fondos para la Junts contra el C\u00e0ncer"}]},{"@type":"WebSite","@id":"https:\/\/juntscontraelcancer.cat\/es\/#website","url":"https:\/\/juntscontraelcancer.cat\/es\/","name":"Junts contra el c\u00e0ncer - FECEC","description":"","publisher":{"@id":"https:\/\/juntscontraelcancer.cat\/es\/#organization"},"potentialAction":[{"@type":"SearchAction","target":{"@type":"EntryPoint","urlTemplate":"https:\/\/juntscontraelcancer.cat\/es\/?s={search_term_string}"},"query-input":{"@type":"PropertyValueSpecification","valueRequired":true,"valueName":"search_term_string"}}],"inLanguage":"es"},{"@type":"Organization","@id":"https:\/\/juntscontraelcancer.cat\/es\/#organization","name":"Junts contra el c\u00e0ncer - FECEC","url":"https:\/\/juntscontraelcancer.cat\/es\/","logo":{"@type":"ImageObject","inLanguage":"es","@id":"https:\/\/juntscontraelcancer.cat\/es\/#\/schema\/logo\/image\/","url":"https:\/\/juntscontraelcancer.cat\/wp-content\/uploads\/2023\/01\/logo-fecec-header.png","contentUrl":"https:\/\/juntscontraelcancer.cat\/wp-content\/uploads\/2023\/01\/logo-fecec-header.png","width":126,"height":74,"caption":"Junts contra el c\u00e0ncer - FECEC"},"image":{"@id":"https:\/\/juntscontraelcancer.cat\/es\/#\/schema\/logo\/image\/"},"sameAs":["https:\/\/www.facebook.com\/fecec.federacio\/","https:\/\/x.com\/FececFederacio","https:\/\/www.instagram.com\/fececfederacio\/?hl=es","https:\/\/www.youtube.com\/channel\/UCgAC_6c6hmHwMQhSCQyYBdA"]},{"@type":"Person","@id":"https:\/\/juntscontraelcancer.cat\/es\/#\/schema\/person\/2bba6ee197504983c335d560850ec148","name":"FECEC Comunicaci\u00f3","image":{"@type":"ImageObject","inLanguage":"es","@id":"https:\/\/secure.gravatar.com\/avatar\/afa7129fad37df4be85b472c53d2039388784444579f67ca35ddbc83bfae2fd0?s=96&d=mm&r=g","url":"https:\/\/secure.gravatar.com\/avatar\/afa7129fad37df4be85b472c53d2039388784444579f67ca35ddbc83bfae2fd0?s=96&d=mm&r=g","contentUrl":"https:\/\/secure.gravatar.com\/avatar\/afa7129fad37df4be85b472c53d2039388784444579f67ca35ddbc83bfae2fd0?s=96&d=mm&r=g","caption":"FECEC Comunicaci\u00f3"}}]}},"_links":{"self":[{"href":"https:\/\/juntscontraelcancer.cat\/es\/wp-json\/wp\/v2\/posts\/38585","targetHints":{"allow":["GET"]}}],"collection":[{"href":"https:\/\/juntscontraelcancer.cat\/es\/wp-json\/wp\/v2\/posts"}],"about":[{"href":"https:\/\/juntscontraelcancer.cat\/es\/wp-json\/wp\/v2\/types\/post"}],"author":[{"embeddable":true,"href":"https:\/\/juntscontraelcancer.cat\/es\/wp-json\/wp\/v2\/users\/2"}],"replies":[{"embeddable":true,"href":"https:\/\/juntscontraelcancer.cat\/es\/wp-json\/wp\/v2\/comments?post=38585"}],"version-history":[{"count":9,"href":"https:\/\/juntscontraelcancer.cat\/es\/wp-json\/wp\/v2\/posts\/38585\/revisions"}],"predecessor-version":[{"id":38612,"href":"https:\/\/juntscontraelcancer.cat\/es\/wp-json\/wp\/v2\/posts\/38585\/revisions\/38612"}],"wp:featuredmedia":[{"embeddable":true,"href":"https:\/\/juntscontraelcancer.cat\/es\/wp-json\/wp\/v2\/media\/38607"}],"wp:attachment":[{"href":"https:\/\/juntscontraelcancer.cat\/es\/wp-json\/wp\/v2\/media?parent=38585"}],"wp:term":[{"taxonomy":"category","embeddable":true,"href":"https:\/\/juntscontraelcancer.cat\/es\/wp-json\/wp\/v2\/categories?post=38585"},{"taxonomy":"post_tag","embeddable":true,"href":"https:\/\/juntscontraelcancer.cat\/es\/wp-json\/wp\/v2\/tags?post=38585"}],"curies":[{"name":"wp","href":"https:\/\/api.w.org\/{rel}","templated":true}]}}