{"id":38224,"date":"2024-11-11T10:40:21","date_gmt":"2024-11-11T08:40:21","guid":{"rendered":"https:\/\/juntscontraelcancer.cat\/apuntate-al-dialeg-fecec-hablamos-de-cancer-de-prostata\/"},"modified":"2024-11-20T14:14:40","modified_gmt":"2024-11-20T12:14:40","slug":"apuntate-al-dialeg-fecec-hablamos-de-cancer-de-prostata","status":"publish","type":"post","link":"https:\/\/juntscontraelcancer.cat\/es\/apuntate-al-dialeg-fecec-hablamos-de-cancer-de-prostata\/","title":{"rendered":"Ap\u00fantate al Di\u00e0leg FECEC &#8216;Hablamos de c\u00e1ncer de pr\u00f3stata&#8217;"},"content":{"rendered":"\n<p><strong>La FECEC Junts contra el C\u00e0ncer organiza el pr\u00f3ximo 20 de noviembre el \u00faltimo de los Di\u00e0legs FECEC de 2024, con el t\u00edtulo \u00abHablamos de c\u00e1ncer de pr\u00f3stata\u00bb. Este acto est\u00e1 enmarcado en el <a href=\"https:\/\/ex.movember.com\/es\/\">Movember<\/a>, campa\u00f1a de alcance internacional que se celebra cada mes de noviembre para la concienciaci\u00f3n sobre el c\u00e1ncer de pr\u00f3stata. INSCRIPCIONES CERRADAS.<\/strong><\/p>\n\n<p>En el acto, trataremos las particularidades de esta enfermedad, desde la \u00f3ptica del onc\u00f3logo y de un paciente. As\u00ed mismo, hablaremos sobre las innovaciones terap\u00e9uticas, la calidad del vida del enfermo y la gesti\u00f3n de la cronicidad.<\/p>\n\n<p>El acto contar\u00e1 con la participaci\u00f3n de:<\/p>\n\n<ul class=\"wp-block-list\">\n<li><strong>Dr. Josep M. Piulats<\/strong>, onc\u00f3logo del Institut Catal\u00e0 d&#8217;Oncologia (ICO) y jefedel programa ProCuRe.<\/li>\n\n\n\n<li><strong>Sr. Josep Martin Comin, <\/strong>testimonio.<\/li>\n\n\n\n<li>Modera y dinamiza <strong>Laura F\u00edguls,<\/strong> redactora de Salud y Ciencia de l&#8217;Ag\u00e8ncia Catalana de Not\u00edcies (ACN)<\/li>\n<\/ul>\n\n<p><strong>Di\u00e0leg FECEC \u00abParlem del c\u00e0ncer de pr\u00f2stata\u00bb&#13;\nD\u00eda: <\/strong>Mi\u00e9rcoles 20 de noviembre&#13;\n<strong>Hora: <\/strong>18 horas&#13;\n<strong>Lugar: <\/strong>Espai L\u00ednia (c. Girona, 52 de Barcelona)&#13;\nInscripciones cerradas.<\/p>\n\n<p>Si no puedes asistir en persona, tambi\u00e9n podr\u00e1s seguir el Di\u00e1logo a trav\u00e9s de nuestro canal de YouTube en este enlace.<\/p>\n\n<figure class=\"wp-block-embed is-type-video is-provider-youtube wp-block-embed-youtube wp-embed-aspect-16-9 wp-has-aspect-ratio\"><div class=\"wp-block-embed__wrapper\">\r\n<iframe loading=\"lazy\" title=\"Parlem de cancer de prostata - #Di\u00e0legsFECEC2024\" width=\"1020\" height=\"574\" src=\"https:\/\/www.youtube.com\/embed\/BB7A6XyX6Ao?feature=oembed\" frameborder=\"0\" allow=\"accelerometer; autoplay; clipboard-write; encrypted-media; gyroscope; picture-in-picture; web-share\" referrerpolicy=\"strict-origin-when-cross-origin\" allowfullscreen><\/iframe>\r\n<\/div><\/figure>\r\n\n<p>El \u00faltimo de los Di\u00e0legs FECEC 2024 cuenta con el apoyo del Departament de Salut de la Generalitat de Catalunya y la Diputaci\u00f3 de Barcelona.<\/p>\n","protected":false},"excerpt":{"rendered":"<p>La FECEC Junts contra el C\u00e0ncer organiza el pr\u00f3ximo 20 de noviembre el \u00faltimo de los Di\u00e0legs FECEC de 2024, con el t\u00edtulo \u00abHablamos de c\u00e1ncer de pr\u00f3stata\u00bb. Este acto est\u00e1 enmarcado en el Movember, campa\u00f1a de alcance internacional que se celebra cada mes de noviembre para la concienciaci\u00f3n sobre el c\u00e1ncer de pr\u00f3stata. <\/p>\n","protected":false},"author":2,"featured_media":38221,"comment_status":"closed","ping_status":"closed","sticky":false,"template":"","format":"standard","meta":{"_acf_changed":false,"inline_featured_image":false,"footnotes":""},"categories":[84,86],"tags":[],"class_list":["post-38224","post","type-post","status-publish","format-standard","has-post-thumbnail","hentry","category-actualidad","category-destacadas"],"acf":[],"yoast_head":"<!-- This site is optimized with the Yoast SEO plugin v27.3 - https:\/\/yoast.com\/product\/yoast-seo-wordpress\/ -->\n<title>Ap\u00fantate al Di\u00e0leg FECEC &#039;Hablamos de c\u00e1ncer de pr\u00f3stata&#039; - Junts contra el c\u00e0ncer - FECEC<\/title>\n<meta name=\"robots\" content=\"index, follow, max-snippet:-1, max-image-preview:large, max-video-preview:-1\" \/>\n<link rel=\"canonical\" href=\"https:\/\/juntscontraelcancer.cat\/es\/apuntate-al-dialeg-fecec-hablamos-de-cancer-de-prostata\/\" \/>\n<meta property=\"og:locale\" content=\"es_ES\" \/>\n<meta property=\"og:type\" content=\"article\" \/>\n<meta property=\"og:title\" content=\"Ap\u00fantate al Di\u00e0leg FECEC &#039;Hablamos de c\u00e1ncer de pr\u00f3stata&#039; - Junts contra el c\u00e0ncer - FECEC\" \/>\n<meta property=\"og:description\" content=\"La FECEC Junts contra el C\u00e0ncer organiza el pr\u00f3ximo 20 de noviembre el \u00faltimo de los Di\u00e0legs FECEC de 2024, con el t\u00edtulo &quot;Hablamos de c\u00e1ncer de pr\u00f3stata&quot;. Este acto est\u00e1 enmarcado en el Movember, campa\u00f1a de alcance internacional que se celebra cada mes de noviembre para la concienciaci\u00f3n sobre el c\u00e1ncer de pr\u00f3stata.\" \/>\n<meta property=\"og:url\" content=\"https:\/\/juntscontraelcancer.cat\/es\/apuntate-al-dialeg-fecec-hablamos-de-cancer-de-prostata\/\" \/>\n<meta property=\"og:site_name\" content=\"Junts contra el c\u00e0ncer - FECEC\" \/>\n<meta property=\"article:publisher\" content=\"https:\/\/www.facebook.com\/fecec.federacio\/\" \/>\n<meta property=\"article:published_time\" content=\"2024-11-11T08:40:21+00:00\" \/>\n<meta property=\"article:modified_time\" content=\"2024-11-20T12:14:40+00:00\" \/>\n<meta property=\"og:image\" content=\"https:\/\/juntscontraelcancer.cat\/wp-content\/uploads\/2024\/11\/Horitzontal.png\" \/>\n\t<meta property=\"og:image:width\" content=\"1600\" \/>\n\t<meta property=\"og:image:height\" content=\"900\" \/>\n\t<meta property=\"og:image:type\" content=\"image\/png\" \/>\n<meta name=\"author\" content=\"FECEC Comunicaci\u00f3\" \/>\n<meta name=\"twitter:card\" content=\"summary_large_image\" \/>\n<meta name=\"twitter:creator\" content=\"@FececFederacio\" \/>\n<meta name=\"twitter:site\" content=\"@FececFederacio\" \/>\n<meta name=\"twitter:label1\" content=\"Escrito por\" \/>\n\t<meta name=\"twitter:data1\" content=\"FECEC Comunicaci\u00f3\" \/>\n\t<meta name=\"twitter:label2\" content=\"Tiempo de lectura\" \/>\n\t<meta name=\"twitter:data2\" content=\"1 minuto\" \/>\n<script type=\"application\/ld+json\" class=\"yoast-schema-graph\">{\"@context\":\"https:\\\/\\\/schema.org\",\"@graph\":[{\"@type\":\"Article\",\"@id\":\"https:\\\/\\\/juntscontraelcancer.cat\\\/es\\\/apuntate-al-dialeg-fecec-hablamos-de-cancer-de-prostata\\\/#article\",\"isPartOf\":{\"@id\":\"https:\\\/\\\/juntscontraelcancer.cat\\\/es\\\/apuntate-al-dialeg-fecec-hablamos-de-cancer-de-prostata\\\/\"},\"author\":{\"name\":\"FECEC Comunicaci\u00f3\",\"@id\":\"https:\\\/\\\/juntscontraelcancer.cat\\\/es\\\/#\\\/schema\\\/person\\\/2bba6ee197504983c335d560850ec148\"},\"headline\":\"Ap\u00fantate al Di\u00e0leg FECEC &#8216;Hablamos de c\u00e1ncer de pr\u00f3stata&#8217;\",\"datePublished\":\"2024-11-11T08:40:21+00:00\",\"dateModified\":\"2024-11-20T12:14:40+00:00\",\"mainEntityOfPage\":{\"@id\":\"https:\\\/\\\/juntscontraelcancer.cat\\\/es\\\/apuntate-al-dialeg-fecec-hablamos-de-cancer-de-prostata\\\/\"},\"wordCount\":254,\"publisher\":{\"@id\":\"https:\\\/\\\/juntscontraelcancer.cat\\\/es\\\/#organization\"},\"image\":{\"@id\":\"https:\\\/\\\/juntscontraelcancer.cat\\\/es\\\/apuntate-al-dialeg-fecec-hablamos-de-cancer-de-prostata\\\/#primaryimage\"},\"thumbnailUrl\":\"https:\\\/\\\/juntscontraelcancer.cat\\\/wp-content\\\/uploads\\\/2024\\\/11\\\/Horitzontal.png\",\"articleSection\":[\"Actualidad\",\"Destacadas\"],\"inLanguage\":\"es\"},{\"@type\":\"WebPage\",\"@id\":\"https:\\\/\\\/juntscontraelcancer.cat\\\/es\\\/apuntate-al-dialeg-fecec-hablamos-de-cancer-de-prostata\\\/\",\"url\":\"https:\\\/\\\/juntscontraelcancer.cat\\\/es\\\/apuntate-al-dialeg-fecec-hablamos-de-cancer-de-prostata\\\/\",\"name\":\"Ap\u00fantate al Di\u00e0leg FECEC 'Hablamos de c\u00e1ncer de pr\u00f3stata' - Junts contra el c\u00e0ncer - FECEC\",\"isPartOf\":{\"@id\":\"https:\\\/\\\/juntscontraelcancer.cat\\\/es\\\/#website\"},\"primaryImageOfPage\":{\"@id\":\"https:\\\/\\\/juntscontraelcancer.cat\\\/es\\\/apuntate-al-dialeg-fecec-hablamos-de-cancer-de-prostata\\\/#primaryimage\"},\"image\":{\"@id\":\"https:\\\/\\\/juntscontraelcancer.cat\\\/es\\\/apuntate-al-dialeg-fecec-hablamos-de-cancer-de-prostata\\\/#primaryimage\"},\"thumbnailUrl\":\"https:\\\/\\\/juntscontraelcancer.cat\\\/wp-content\\\/uploads\\\/2024\\\/11\\\/Horitzontal.png\",\"datePublished\":\"2024-11-11T08:40:21+00:00\",\"dateModified\":\"2024-11-20T12:14:40+00:00\",\"breadcrumb\":{\"@id\":\"https:\\\/\\\/juntscontraelcancer.cat\\\/es\\\/apuntate-al-dialeg-fecec-hablamos-de-cancer-de-prostata\\\/#breadcrumb\"},\"inLanguage\":\"es\",\"potentialAction\":[{\"@type\":\"ReadAction\",\"target\":[\"https:\\\/\\\/juntscontraelcancer.cat\\\/es\\\/apuntate-al-dialeg-fecec-hablamos-de-cancer-de-prostata\\\/\"]}]},{\"@type\":\"ImageObject\",\"inLanguage\":\"es\",\"@id\":\"https:\\\/\\\/juntscontraelcancer.cat\\\/es\\\/apuntate-al-dialeg-fecec-hablamos-de-cancer-de-prostata\\\/#primaryimage\",\"url\":\"https:\\\/\\\/juntscontraelcancer.cat\\\/wp-content\\\/uploads\\\/2024\\\/11\\\/Horitzontal.png\",\"contentUrl\":\"https:\\\/\\\/juntscontraelcancer.cat\\\/wp-content\\\/uploads\\\/2024\\\/11\\\/Horitzontal.png\",\"width\":1600,\"height\":900},{\"@type\":\"BreadcrumbList\",\"@id\":\"https:\\\/\\\/juntscontraelcancer.cat\\\/es\\\/apuntate-al-dialeg-fecec-hablamos-de-cancer-de-prostata\\\/#breadcrumb\",\"itemListElement\":[{\"@type\":\"ListItem\",\"position\":1,\"name\":\"Inicio\",\"item\":\"https:\\\/\\\/juntscontraelcancer.cat\\\/es\\\/\"},{\"@type\":\"ListItem\",\"position\":2,\"name\":\"Ap\u00fantate al Di\u00e0leg FECEC &#8216;Hablamos de c\u00e1ncer de pr\u00f3stata&#8217;\"}]},{\"@type\":\"WebSite\",\"@id\":\"https:\\\/\\\/juntscontraelcancer.cat\\\/es\\\/#website\",\"url\":\"https:\\\/\\\/juntscontraelcancer.cat\\\/es\\\/\",\"name\":\"Junts contra el c\u00e0ncer - FECEC\",\"description\":\"\",\"publisher\":{\"@id\":\"https:\\\/\\\/juntscontraelcancer.cat\\\/es\\\/#organization\"},\"potentialAction\":[{\"@type\":\"SearchAction\",\"target\":{\"@type\":\"EntryPoint\",\"urlTemplate\":\"https:\\\/\\\/juntscontraelcancer.cat\\\/es\\\/?s={search_term_string}\"},\"query-input\":{\"@type\":\"PropertyValueSpecification\",\"valueRequired\":true,\"valueName\":\"search_term_string\"}}],\"inLanguage\":\"es\"},{\"@type\":\"Organization\",\"@id\":\"https:\\\/\\\/juntscontraelcancer.cat\\\/es\\\/#organization\",\"name\":\"Junts contra el c\u00e0ncer - FECEC\",\"url\":\"https:\\\/\\\/juntscontraelcancer.cat\\\/es\\\/\",\"logo\":{\"@type\":\"ImageObject\",\"inLanguage\":\"es\",\"@id\":\"https:\\\/\\\/juntscontraelcancer.cat\\\/es\\\/#\\\/schema\\\/logo\\\/image\\\/\",\"url\":\"https:\\\/\\\/juntscontraelcancer.cat\\\/wp-content\\\/uploads\\\/2023\\\/01\\\/logo-fecec-header.png\",\"contentUrl\":\"https:\\\/\\\/juntscontraelcancer.cat\\\/wp-content\\\/uploads\\\/2023\\\/01\\\/logo-fecec-header.png\",\"width\":126,\"height\":74,\"caption\":\"Junts contra el c\u00e0ncer - FECEC\"},\"image\":{\"@id\":\"https:\\\/\\\/juntscontraelcancer.cat\\\/es\\\/#\\\/schema\\\/logo\\\/image\\\/\"},\"sameAs\":[\"https:\\\/\\\/www.facebook.com\\\/fecec.federacio\\\/\",\"https:\\\/\\\/x.com\\\/FececFederacio\",\"https:\\\/\\\/www.instagram.com\\\/fececfederacio\\\/?hl=es\",\"https:\\\/\\\/www.youtube.com\\\/channel\\\/UCgAC_6c6hmHwMQhSCQyYBdA\"]},{\"@type\":\"Person\",\"@id\":\"https:\\\/\\\/juntscontraelcancer.cat\\\/es\\\/#\\\/schema\\\/person\\\/2bba6ee197504983c335d560850ec148\",\"name\":\"FECEC Comunicaci\u00f3\",\"image\":{\"@type\":\"ImageObject\",\"inLanguage\":\"es\",\"@id\":\"https:\\\/\\\/secure.gravatar.com\\\/avatar\\\/afa7129fad37df4be85b472c53d2039388784444579f67ca35ddbc83bfae2fd0?s=96&d=mm&r=g\",\"url\":\"https:\\\/\\\/secure.gravatar.com\\\/avatar\\\/afa7129fad37df4be85b472c53d2039388784444579f67ca35ddbc83bfae2fd0?s=96&d=mm&r=g\",\"contentUrl\":\"https:\\\/\\\/secure.gravatar.com\\\/avatar\\\/afa7129fad37df4be85b472c53d2039388784444579f67ca35ddbc83bfae2fd0?s=96&d=mm&r=g\",\"caption\":\"FECEC Comunicaci\u00f3\"}}]}<\/script>\n<!-- \/ Yoast SEO plugin. -->","yoast_head_json":{"title":"Ap\u00fantate al Di\u00e0leg FECEC 'Hablamos de c\u00e1ncer de pr\u00f3stata' - Junts contra el c\u00e0ncer - FECEC","robots":{"index":"index","follow":"follow","max-snippet":"max-snippet:-1","max-image-preview":"max-image-preview:large","max-video-preview":"max-video-preview:-1"},"canonical":"https:\/\/juntscontraelcancer.cat\/es\/apuntate-al-dialeg-fecec-hablamos-de-cancer-de-prostata\/","og_locale":"es_ES","og_type":"article","og_title":"Ap\u00fantate al Di\u00e0leg FECEC 'Hablamos de c\u00e1ncer de pr\u00f3stata' - Junts contra el c\u00e0ncer - FECEC","og_description":"La FECEC Junts contra el C\u00e0ncer organiza el pr\u00f3ximo 20 de noviembre el \u00faltimo de los Di\u00e0legs FECEC de 2024, con el t\u00edtulo \"Hablamos de c\u00e1ncer de pr\u00f3stata\". Este acto est\u00e1 enmarcado en el Movember, campa\u00f1a de alcance internacional que se celebra cada mes de noviembre para la concienciaci\u00f3n sobre el c\u00e1ncer de pr\u00f3stata.","og_url":"https:\/\/juntscontraelcancer.cat\/es\/apuntate-al-dialeg-fecec-hablamos-de-cancer-de-prostata\/","og_site_name":"Junts contra el c\u00e0ncer - FECEC","article_publisher":"https:\/\/www.facebook.com\/fecec.federacio\/","article_published_time":"2024-11-11T08:40:21+00:00","article_modified_time":"2024-11-20T12:14:40+00:00","og_image":[{"width":1600,"height":900,"url":"https:\/\/juntscontraelcancer.cat\/wp-content\/uploads\/2024\/11\/Horitzontal.png","type":"image\/png"}],"author":"FECEC Comunicaci\u00f3","twitter_card":"summary_large_image","twitter_creator":"@FececFederacio","twitter_site":"@FececFederacio","twitter_misc":{"Escrito por":"FECEC Comunicaci\u00f3","Tiempo de lectura":"1 minuto"},"schema":{"@context":"https:\/\/schema.org","@graph":[{"@type":"Article","@id":"https:\/\/juntscontraelcancer.cat\/es\/apuntate-al-dialeg-fecec-hablamos-de-cancer-de-prostata\/#article","isPartOf":{"@id":"https:\/\/juntscontraelcancer.cat\/es\/apuntate-al-dialeg-fecec-hablamos-de-cancer-de-prostata\/"},"author":{"name":"FECEC Comunicaci\u00f3","@id":"https:\/\/juntscontraelcancer.cat\/es\/#\/schema\/person\/2bba6ee197504983c335d560850ec148"},"headline":"Ap\u00fantate al Di\u00e0leg FECEC &#8216;Hablamos de c\u00e1ncer de pr\u00f3stata&#8217;","datePublished":"2024-11-11T08:40:21+00:00","dateModified":"2024-11-20T12:14:40+00:00","mainEntityOfPage":{"@id":"https:\/\/juntscontraelcancer.cat\/es\/apuntate-al-dialeg-fecec-hablamos-de-cancer-de-prostata\/"},"wordCount":254,"publisher":{"@id":"https:\/\/juntscontraelcancer.cat\/es\/#organization"},"image":{"@id":"https:\/\/juntscontraelcancer.cat\/es\/apuntate-al-dialeg-fecec-hablamos-de-cancer-de-prostata\/#primaryimage"},"thumbnailUrl":"https:\/\/juntscontraelcancer.cat\/wp-content\/uploads\/2024\/11\/Horitzontal.png","articleSection":["Actualidad","Destacadas"],"inLanguage":"es"},{"@type":"WebPage","@id":"https:\/\/juntscontraelcancer.cat\/es\/apuntate-al-dialeg-fecec-hablamos-de-cancer-de-prostata\/","url":"https:\/\/juntscontraelcancer.cat\/es\/apuntate-al-dialeg-fecec-hablamos-de-cancer-de-prostata\/","name":"Ap\u00fantate al Di\u00e0leg FECEC 'Hablamos de c\u00e1ncer de pr\u00f3stata' - Junts contra el c\u00e0ncer - FECEC","isPartOf":{"@id":"https:\/\/juntscontraelcancer.cat\/es\/#website"},"primaryImageOfPage":{"@id":"https:\/\/juntscontraelcancer.cat\/es\/apuntate-al-dialeg-fecec-hablamos-de-cancer-de-prostata\/#primaryimage"},"image":{"@id":"https:\/\/juntscontraelcancer.cat\/es\/apuntate-al-dialeg-fecec-hablamos-de-cancer-de-prostata\/#primaryimage"},"thumbnailUrl":"https:\/\/juntscontraelcancer.cat\/wp-content\/uploads\/2024\/11\/Horitzontal.png","datePublished":"2024-11-11T08:40:21+00:00","dateModified":"2024-11-20T12:14:40+00:00","breadcrumb":{"@id":"https:\/\/juntscontraelcancer.cat\/es\/apuntate-al-dialeg-fecec-hablamos-de-cancer-de-prostata\/#breadcrumb"},"inLanguage":"es","potentialAction":[{"@type":"ReadAction","target":["https:\/\/juntscontraelcancer.cat\/es\/apuntate-al-dialeg-fecec-hablamos-de-cancer-de-prostata\/"]}]},{"@type":"ImageObject","inLanguage":"es","@id":"https:\/\/juntscontraelcancer.cat\/es\/apuntate-al-dialeg-fecec-hablamos-de-cancer-de-prostata\/#primaryimage","url":"https:\/\/juntscontraelcancer.cat\/wp-content\/uploads\/2024\/11\/Horitzontal.png","contentUrl":"https:\/\/juntscontraelcancer.cat\/wp-content\/uploads\/2024\/11\/Horitzontal.png","width":1600,"height":900},{"@type":"BreadcrumbList","@id":"https:\/\/juntscontraelcancer.cat\/es\/apuntate-al-dialeg-fecec-hablamos-de-cancer-de-prostata\/#breadcrumb","itemListElement":[{"@type":"ListItem","position":1,"name":"Inicio","item":"https:\/\/juntscontraelcancer.cat\/es\/"},{"@type":"ListItem","position":2,"name":"Ap\u00fantate al Di\u00e0leg FECEC &#8216;Hablamos de c\u00e1ncer de pr\u00f3stata&#8217;"}]},{"@type":"WebSite","@id":"https:\/\/juntscontraelcancer.cat\/es\/#website","url":"https:\/\/juntscontraelcancer.cat\/es\/","name":"Junts contra el c\u00e0ncer - FECEC","description":"","publisher":{"@id":"https:\/\/juntscontraelcancer.cat\/es\/#organization"},"potentialAction":[{"@type":"SearchAction","target":{"@type":"EntryPoint","urlTemplate":"https:\/\/juntscontraelcancer.cat\/es\/?s={search_term_string}"},"query-input":{"@type":"PropertyValueSpecification","valueRequired":true,"valueName":"search_term_string"}}],"inLanguage":"es"},{"@type":"Organization","@id":"https:\/\/juntscontraelcancer.cat\/es\/#organization","name":"Junts contra el c\u00e0ncer - FECEC","url":"https:\/\/juntscontraelcancer.cat\/es\/","logo":{"@type":"ImageObject","inLanguage":"es","@id":"https:\/\/juntscontraelcancer.cat\/es\/#\/schema\/logo\/image\/","url":"https:\/\/juntscontraelcancer.cat\/wp-content\/uploads\/2023\/01\/logo-fecec-header.png","contentUrl":"https:\/\/juntscontraelcancer.cat\/wp-content\/uploads\/2023\/01\/logo-fecec-header.png","width":126,"height":74,"caption":"Junts contra el c\u00e0ncer - FECEC"},"image":{"@id":"https:\/\/juntscontraelcancer.cat\/es\/#\/schema\/logo\/image\/"},"sameAs":["https:\/\/www.facebook.com\/fecec.federacio\/","https:\/\/x.com\/FececFederacio","https:\/\/www.instagram.com\/fececfederacio\/?hl=es","https:\/\/www.youtube.com\/channel\/UCgAC_6c6hmHwMQhSCQyYBdA"]},{"@type":"Person","@id":"https:\/\/juntscontraelcancer.cat\/es\/#\/schema\/person\/2bba6ee197504983c335d560850ec148","name":"FECEC Comunicaci\u00f3","image":{"@type":"ImageObject","inLanguage":"es","@id":"https:\/\/secure.gravatar.com\/avatar\/afa7129fad37df4be85b472c53d2039388784444579f67ca35ddbc83bfae2fd0?s=96&d=mm&r=g","url":"https:\/\/secure.gravatar.com\/avatar\/afa7129fad37df4be85b472c53d2039388784444579f67ca35ddbc83bfae2fd0?s=96&d=mm&r=g","contentUrl":"https:\/\/secure.gravatar.com\/avatar\/afa7129fad37df4be85b472c53d2039388784444579f67ca35ddbc83bfae2fd0?s=96&d=mm&r=g","caption":"FECEC Comunicaci\u00f3"}}]}},"_links":{"self":[{"href":"https:\/\/juntscontraelcancer.cat\/es\/wp-json\/wp\/v2\/posts\/38224","targetHints":{"allow":["GET"]}}],"collection":[{"href":"https:\/\/juntscontraelcancer.cat\/es\/wp-json\/wp\/v2\/posts"}],"about":[{"href":"https:\/\/juntscontraelcancer.cat\/es\/wp-json\/wp\/v2\/types\/post"}],"author":[{"embeddable":true,"href":"https:\/\/juntscontraelcancer.cat\/es\/wp-json\/wp\/v2\/users\/2"}],"replies":[{"embeddable":true,"href":"https:\/\/juntscontraelcancer.cat\/es\/wp-json\/wp\/v2\/comments?post=38224"}],"version-history":[{"count":8,"href":"https:\/\/juntscontraelcancer.cat\/es\/wp-json\/wp\/v2\/posts\/38224\/revisions"}],"predecessor-version":[{"id":38428,"href":"https:\/\/juntscontraelcancer.cat\/es\/wp-json\/wp\/v2\/posts\/38224\/revisions\/38428"}],"wp:featuredmedia":[{"embeddable":true,"href":"https:\/\/juntscontraelcancer.cat\/es\/wp-json\/wp\/v2\/media\/38221"}],"wp:attachment":[{"href":"https:\/\/juntscontraelcancer.cat\/es\/wp-json\/wp\/v2\/media?parent=38224"}],"wp:term":[{"taxonomy":"category","embeddable":true,"href":"https:\/\/juntscontraelcancer.cat\/es\/wp-json\/wp\/v2\/categories?post=38224"},{"taxonomy":"post_tag","embeddable":true,"href":"https:\/\/juntscontraelcancer.cat\/es\/wp-json\/wp\/v2\/tags?post=38224"}],"curies":[{"name":"wp","href":"https:\/\/api.w.org\/{rel}","templated":true}]}}