{"id":38067,"date":"2024-10-28T09:00:00","date_gmt":"2024-10-28T07:00:00","guid":{"rendered":"https:\/\/juntscontraelcancer.cat\/girona-acoge-una-nueva-edicion-del-curso-basico-de-voluntariado-oncologico-en-girona\/"},"modified":"2024-11-18T13:49:12","modified_gmt":"2024-11-18T11:49:12","slug":"girona-acoge-una-nueva-edicion-del-curso-basico-de-voluntariado-oncologico-en-girona","status":"publish","type":"post","link":"https:\/\/juntscontraelcancer.cat\/es\/girona-acoge-una-nueva-edicion-del-curso-basico-de-voluntariado-oncologico-en-girona\/","title":{"rendered":"Girona acoge una nueva edici\u00f3n del curso b\u00e1sico de voluntariado oncol\u00f3gico"},"content":{"rendered":"\n<div class=\"traductor-textarea form-group\">&#13;\n<div class=\"textarea-desti col-xs-12 col-sm-6\">&#13;\n<div class=\"form-control second-textarea\"><strong>La sede de <a href=\"https:\/\/oncolligagirona.cat\/\" target=\"_blank\" rel=\"noopener\">Oncolliga Girona<\/a> acogi\u00f3 esta pasada semana una nueva edici\u00f3n del Curso de voluntariado en el \u00e1mbito de la oncolog\u00eda que la FECEC Junts contra el C\u00e0ncer ha organizado con la Federaci\u00f3n Catalana de Voluntariado Social (FCVS).<\/strong><\/div>&#13;\n<\/div>&#13;\n<\/div>&#13;\n<div class=\"traductor-checkbox form-group\">&#13;\n<div class=\"row\">&#13;\n<div class=\"col-sm-offset-2 col-sm-5\"><\/div>&#13;\n<\/div>&#13;\n<\/div>\n\n<p>La quincena de personas voluntarias que asistieron aprendieron a aproximarse al conjunto del colectivo que trabaja en el \u00e1mbito oncol\u00f3gico; conocimientos sobre las dimensiones que entran en juego al convivir con el c\u00e1ncer; y herramientas y recursos para enmarcar correctamente su actuaci\u00f3n voluntaria con enfermos oncol\u00f3gicos.<\/p>\n\n<figure class=\"wp-block-image size-large\"><img loading=\"lazy\" decoding=\"async\" width=\"1024\" height=\"573\" src=\"https:\/\/juntscontraelcancer.cat\/wp-content\/uploads\/2024\/10\/junts-contra-el-cancer-curs-voluntariat-girona1-1024x573.png\" alt=\"\" class=\"wp-image-38057\" srcset=\"https:\/\/juntscontraelcancer.cat\/wp-content\/uploads\/2024\/10\/junts-contra-el-cancer-curs-voluntariat-girona1-1024x573.png 1024w, https:\/\/juntscontraelcancer.cat\/wp-content\/uploads\/2024\/10\/junts-contra-el-cancer-curs-voluntariat-girona1-300x168.png 300w, https:\/\/juntscontraelcancer.cat\/wp-content\/uploads\/2024\/10\/junts-contra-el-cancer-curs-voluntariat-girona1-768x430.png 768w, https:\/\/juntscontraelcancer.cat\/wp-content\/uploads\/2024\/10\/junts-contra-el-cancer-curs-voluntariat-girona1-1536x860.png 1536w, https:\/\/juntscontraelcancer.cat\/wp-content\/uploads\/2024\/10\/junts-contra-el-cancer-curs-voluntariat-girona1.png 1726w\" sizes=\"auto, (max-width: 1024px) 100vw, 1024px\" \/><\/figure>\n\n<p>Los docentes del curso fueron <strong>Patr\u00edcia Miss\u00e9<\/strong>, psicoonc\u00f3loga del Institut Catal\u00e0 d&#8217;Oncologia, quien habl\u00f3 sobre el hecho de vivir con c\u00e1ncer; la <strong>Dra. Gemma Vi\u00f1as<\/strong>, onc\u00f3loga de la Unidad de C\u00e1ncer de Mama del ICO de Girona, quien explic\u00f3 qu\u00e9 es la enfermedad oncol\u00f3gica; <strong>Laura Fern\u00e0ndez<\/strong>, psicopedagoga y coordinadora de voluntariado del Hospital Sant Joan de D\u00e9u, encargada de hablar del hecho voluntario; y <strong>Jordi Abad<\/strong>, trabajador social y coordinador de voluntariado asistencial a la Fundaci\u00f3 Oncolliga, qui\u00e9n habl\u00f3 de la relaci\u00f3n interpersonal entre paciente y persona voluntaria.&#13;\n<\/p>\n\n<p><\/p>\n","protected":false},"excerpt":{"rendered":"<p>&#13; &#13; La sede de Oncolliga Girona acogi\u00f3 esta pasada semana una nueva edici\u00f3n del Curso de voluntariado en el \u00e1mbito de la oncolog\u00eda que la FECEC Junts contra el C\u00e0ncer ha organizado con la Federaci\u00f3n Catalana de Voluntariado Social (FCVS). &#13; &#13; &#13; &#13; &#13; &#13; &#13; La quincena de personas voluntarias que asistieron [&#8230;]\n","protected":false},"author":2,"featured_media":38051,"comment_status":"closed","ping_status":"closed","sticky":false,"template":"","format":"standard","meta":{"_acf_changed":false,"inline_featured_image":false,"footnotes":""},"categories":[84,86],"tags":[],"class_list":["post-38067","post","type-post","status-publish","format-standard","has-post-thumbnail","hentry","category-actualidad","category-destacadas"],"acf":[],"yoast_head":"<!-- This site is optimized with the Yoast SEO plugin v27.3 - https:\/\/yoast.com\/product\/yoast-seo-wordpress\/ -->\n<title>Girona acoge una nueva edici\u00f3n del curso b\u00e1sico de voluntariado oncol\u00f3gico - Junts contra el c\u00e0ncer - FECEC<\/title>\n<meta name=\"robots\" content=\"index, follow, max-snippet:-1, max-image-preview:large, max-video-preview:-1\" \/>\n<link rel=\"canonical\" href=\"https:\/\/juntscontraelcancer.cat\/es\/girona-acoge-una-nueva-edicion-del-curso-basico-de-voluntariado-oncologico-en-girona\/\" \/>\n<meta property=\"og:locale\" content=\"es_ES\" \/>\n<meta property=\"og:type\" content=\"article\" \/>\n<meta property=\"og:title\" content=\"Girona acoge una nueva edici\u00f3n del curso b\u00e1sico de voluntariado oncol\u00f3gico - Junts contra el c\u00e0ncer - FECEC\" \/>\n<meta property=\"og:description\" content=\"&#013; &#013; La sede de Oncolliga Girona acogi\u00f3 esta pasada semana una nueva edici\u00f3n del Curso de voluntariado en el \u00e1mbito de la oncolog\u00eda que la FECEC Junts contra el C\u00e0ncer ha organizado con la Federaci\u00f3n Catalana de Voluntariado Social (FCVS). &#013; &#013; &#013; &#013; &#013; &#013; &#013; La quincena de personas voluntarias que asistieron [...]\" \/>\n<meta property=\"og:url\" content=\"https:\/\/juntscontraelcancer.cat\/es\/girona-acoge-una-nueva-edicion-del-curso-basico-de-voluntariado-oncologico-en-girona\/\" \/>\n<meta property=\"og:site_name\" content=\"Junts contra el c\u00e0ncer - FECEC\" \/>\n<meta property=\"article:publisher\" content=\"https:\/\/www.facebook.com\/fecec.federacio\/\" \/>\n<meta property=\"article:published_time\" content=\"2024-10-28T07:00:00+00:00\" \/>\n<meta property=\"article:modified_time\" content=\"2024-11-18T11:49:12+00:00\" \/>\n<meta property=\"og:image\" content=\"https:\/\/juntscontraelcancer.cat\/wp-content\/uploads\/2024\/10\/junts-contra-el-cancer-curs-voluntariat-girona.png\" \/>\n\t<meta property=\"og:image:width\" content=\"1726\" \/>\n\t<meta property=\"og:image:height\" content=\"966\" \/>\n\t<meta property=\"og:image:type\" content=\"image\/png\" \/>\n<meta name=\"author\" content=\"FECEC Comunicaci\u00f3\" \/>\n<meta name=\"twitter:card\" content=\"summary_large_image\" \/>\n<meta name=\"twitter:creator\" content=\"@FececFederacio\" \/>\n<meta name=\"twitter:site\" content=\"@FececFederacio\" \/>\n<meta name=\"twitter:label1\" content=\"Escrito por\" \/>\n\t<meta name=\"twitter:data1\" content=\"FECEC Comunicaci\u00f3\" \/>\n\t<meta name=\"twitter:label2\" content=\"Tiempo de lectura\" \/>\n\t<meta name=\"twitter:data2\" content=\"1 minuto\" \/>\n<script type=\"application\/ld+json\" class=\"yoast-schema-graph\">{\"@context\":\"https:\\\/\\\/schema.org\",\"@graph\":[{\"@type\":\"Article\",\"@id\":\"https:\\\/\\\/juntscontraelcancer.cat\\\/es\\\/girona-acoge-una-nueva-edicion-del-curso-basico-de-voluntariado-oncologico-en-girona\\\/#article\",\"isPartOf\":{\"@id\":\"https:\\\/\\\/juntscontraelcancer.cat\\\/es\\\/girona-acoge-una-nueva-edicion-del-curso-basico-de-voluntariado-oncologico-en-girona\\\/\"},\"author\":{\"name\":\"FECEC Comunicaci\u00f3\",\"@id\":\"https:\\\/\\\/juntscontraelcancer.cat\\\/es\\\/#\\\/schema\\\/person\\\/2bba6ee197504983c335d560850ec148\"},\"headline\":\"Girona acoge una nueva edici\u00f3n del curso b\u00e1sico de voluntariado oncol\u00f3gico\",\"datePublished\":\"2024-10-28T07:00:00+00:00\",\"dateModified\":\"2024-11-18T11:49:12+00:00\",\"mainEntityOfPage\":{\"@id\":\"https:\\\/\\\/juntscontraelcancer.cat\\\/es\\\/girona-acoge-una-nueva-edicion-del-curso-basico-de-voluntariado-oncologico-en-girona\\\/\"},\"wordCount\":207,\"publisher\":{\"@id\":\"https:\\\/\\\/juntscontraelcancer.cat\\\/es\\\/#organization\"},\"image\":{\"@id\":\"https:\\\/\\\/juntscontraelcancer.cat\\\/es\\\/girona-acoge-una-nueva-edicion-del-curso-basico-de-voluntariado-oncologico-en-girona\\\/#primaryimage\"},\"thumbnailUrl\":\"https:\\\/\\\/juntscontraelcancer.cat\\\/wp-content\\\/uploads\\\/2024\\\/10\\\/junts-contra-el-cancer-curs-voluntariat-girona.png\",\"articleSection\":[\"Actualidad\",\"Destacadas\"],\"inLanguage\":\"es\"},{\"@type\":\"WebPage\",\"@id\":\"https:\\\/\\\/juntscontraelcancer.cat\\\/es\\\/girona-acoge-una-nueva-edicion-del-curso-basico-de-voluntariado-oncologico-en-girona\\\/\",\"url\":\"https:\\\/\\\/juntscontraelcancer.cat\\\/es\\\/girona-acoge-una-nueva-edicion-del-curso-basico-de-voluntariado-oncologico-en-girona\\\/\",\"name\":\"Girona acoge una nueva edici\u00f3n del curso b\u00e1sico de voluntariado oncol\u00f3gico - Junts contra el c\u00e0ncer - FECEC\",\"isPartOf\":{\"@id\":\"https:\\\/\\\/juntscontraelcancer.cat\\\/es\\\/#website\"},\"primaryImageOfPage\":{\"@id\":\"https:\\\/\\\/juntscontraelcancer.cat\\\/es\\\/girona-acoge-una-nueva-edicion-del-curso-basico-de-voluntariado-oncologico-en-girona\\\/#primaryimage\"},\"image\":{\"@id\":\"https:\\\/\\\/juntscontraelcancer.cat\\\/es\\\/girona-acoge-una-nueva-edicion-del-curso-basico-de-voluntariado-oncologico-en-girona\\\/#primaryimage\"},\"thumbnailUrl\":\"https:\\\/\\\/juntscontraelcancer.cat\\\/wp-content\\\/uploads\\\/2024\\\/10\\\/junts-contra-el-cancer-curs-voluntariat-girona.png\",\"datePublished\":\"2024-10-28T07:00:00+00:00\",\"dateModified\":\"2024-11-18T11:49:12+00:00\",\"breadcrumb\":{\"@id\":\"https:\\\/\\\/juntscontraelcancer.cat\\\/es\\\/girona-acoge-una-nueva-edicion-del-curso-basico-de-voluntariado-oncologico-en-girona\\\/#breadcrumb\"},\"inLanguage\":\"es\",\"potentialAction\":[{\"@type\":\"ReadAction\",\"target\":[\"https:\\\/\\\/juntscontraelcancer.cat\\\/es\\\/girona-acoge-una-nueva-edicion-del-curso-basico-de-voluntariado-oncologico-en-girona\\\/\"]}]},{\"@type\":\"ImageObject\",\"inLanguage\":\"es\",\"@id\":\"https:\\\/\\\/juntscontraelcancer.cat\\\/es\\\/girona-acoge-una-nueva-edicion-del-curso-basico-de-voluntariado-oncologico-en-girona\\\/#primaryimage\",\"url\":\"https:\\\/\\\/juntscontraelcancer.cat\\\/wp-content\\\/uploads\\\/2024\\\/10\\\/junts-contra-el-cancer-curs-voluntariat-girona.png\",\"contentUrl\":\"https:\\\/\\\/juntscontraelcancer.cat\\\/wp-content\\\/uploads\\\/2024\\\/10\\\/junts-contra-el-cancer-curs-voluntariat-girona.png\",\"width\":1726,\"height\":966},{\"@type\":\"BreadcrumbList\",\"@id\":\"https:\\\/\\\/juntscontraelcancer.cat\\\/es\\\/girona-acoge-una-nueva-edicion-del-curso-basico-de-voluntariado-oncologico-en-girona\\\/#breadcrumb\",\"itemListElement\":[{\"@type\":\"ListItem\",\"position\":1,\"name\":\"Inicio\",\"item\":\"https:\\\/\\\/juntscontraelcancer.cat\\\/es\\\/\"},{\"@type\":\"ListItem\",\"position\":2,\"name\":\"Girona acoge una nueva edici\u00f3n del curso b\u00e1sico de voluntariado oncol\u00f3gico\"}]},{\"@type\":\"WebSite\",\"@id\":\"https:\\\/\\\/juntscontraelcancer.cat\\\/es\\\/#website\",\"url\":\"https:\\\/\\\/juntscontraelcancer.cat\\\/es\\\/\",\"name\":\"Junts contra el c\u00e0ncer - FECEC\",\"description\":\"\",\"publisher\":{\"@id\":\"https:\\\/\\\/juntscontraelcancer.cat\\\/es\\\/#organization\"},\"potentialAction\":[{\"@type\":\"SearchAction\",\"target\":{\"@type\":\"EntryPoint\",\"urlTemplate\":\"https:\\\/\\\/juntscontraelcancer.cat\\\/es\\\/?s={search_term_string}\"},\"query-input\":{\"@type\":\"PropertyValueSpecification\",\"valueRequired\":true,\"valueName\":\"search_term_string\"}}],\"inLanguage\":\"es\"},{\"@type\":\"Organization\",\"@id\":\"https:\\\/\\\/juntscontraelcancer.cat\\\/es\\\/#organization\",\"name\":\"Junts contra el c\u00e0ncer - FECEC\",\"url\":\"https:\\\/\\\/juntscontraelcancer.cat\\\/es\\\/\",\"logo\":{\"@type\":\"ImageObject\",\"inLanguage\":\"es\",\"@id\":\"https:\\\/\\\/juntscontraelcancer.cat\\\/es\\\/#\\\/schema\\\/logo\\\/image\\\/\",\"url\":\"https:\\\/\\\/juntscontraelcancer.cat\\\/wp-content\\\/uploads\\\/2023\\\/01\\\/logo-fecec-header.png\",\"contentUrl\":\"https:\\\/\\\/juntscontraelcancer.cat\\\/wp-content\\\/uploads\\\/2023\\\/01\\\/logo-fecec-header.png\",\"width\":126,\"height\":74,\"caption\":\"Junts contra el c\u00e0ncer - FECEC\"},\"image\":{\"@id\":\"https:\\\/\\\/juntscontraelcancer.cat\\\/es\\\/#\\\/schema\\\/logo\\\/image\\\/\"},\"sameAs\":[\"https:\\\/\\\/www.facebook.com\\\/fecec.federacio\\\/\",\"https:\\\/\\\/x.com\\\/FececFederacio\",\"https:\\\/\\\/www.instagram.com\\\/fececfederacio\\\/?hl=es\",\"https:\\\/\\\/www.youtube.com\\\/channel\\\/UCgAC_6c6hmHwMQhSCQyYBdA\"]},{\"@type\":\"Person\",\"@id\":\"https:\\\/\\\/juntscontraelcancer.cat\\\/es\\\/#\\\/schema\\\/person\\\/2bba6ee197504983c335d560850ec148\",\"name\":\"FECEC Comunicaci\u00f3\",\"image\":{\"@type\":\"ImageObject\",\"inLanguage\":\"es\",\"@id\":\"https:\\\/\\\/secure.gravatar.com\\\/avatar\\\/afa7129fad37df4be85b472c53d2039388784444579f67ca35ddbc83bfae2fd0?s=96&d=mm&r=g\",\"url\":\"https:\\\/\\\/secure.gravatar.com\\\/avatar\\\/afa7129fad37df4be85b472c53d2039388784444579f67ca35ddbc83bfae2fd0?s=96&d=mm&r=g\",\"contentUrl\":\"https:\\\/\\\/secure.gravatar.com\\\/avatar\\\/afa7129fad37df4be85b472c53d2039388784444579f67ca35ddbc83bfae2fd0?s=96&d=mm&r=g\",\"caption\":\"FECEC Comunicaci\u00f3\"}}]}<\/script>\n<!-- \/ Yoast SEO plugin. -->","yoast_head_json":{"title":"Girona acoge una nueva edici\u00f3n del curso b\u00e1sico de voluntariado oncol\u00f3gico - Junts contra el c\u00e0ncer - FECEC","robots":{"index":"index","follow":"follow","max-snippet":"max-snippet:-1","max-image-preview":"max-image-preview:large","max-video-preview":"max-video-preview:-1"},"canonical":"https:\/\/juntscontraelcancer.cat\/es\/girona-acoge-una-nueva-edicion-del-curso-basico-de-voluntariado-oncologico-en-girona\/","og_locale":"es_ES","og_type":"article","og_title":"Girona acoge una nueva edici\u00f3n del curso b\u00e1sico de voluntariado oncol\u00f3gico - Junts contra el c\u00e0ncer - FECEC","og_description":"&#13; &#13; La sede de Oncolliga Girona acogi\u00f3 esta pasada semana una nueva edici\u00f3n del Curso de voluntariado en el \u00e1mbito de la oncolog\u00eda que la FECEC Junts contra el C\u00e0ncer ha organizado con la Federaci\u00f3n Catalana de Voluntariado Social (FCVS). &#13; &#13; &#13; &#13; &#13; &#13; &#13; La quincena de personas voluntarias que asistieron [...]","og_url":"https:\/\/juntscontraelcancer.cat\/es\/girona-acoge-una-nueva-edicion-del-curso-basico-de-voluntariado-oncologico-en-girona\/","og_site_name":"Junts contra el c\u00e0ncer - FECEC","article_publisher":"https:\/\/www.facebook.com\/fecec.federacio\/","article_published_time":"2024-10-28T07:00:00+00:00","article_modified_time":"2024-11-18T11:49:12+00:00","og_image":[{"width":1726,"height":966,"url":"https:\/\/juntscontraelcancer.cat\/wp-content\/uploads\/2024\/10\/junts-contra-el-cancer-curs-voluntariat-girona.png","type":"image\/png"}],"author":"FECEC Comunicaci\u00f3","twitter_card":"summary_large_image","twitter_creator":"@FececFederacio","twitter_site":"@FececFederacio","twitter_misc":{"Escrito por":"FECEC Comunicaci\u00f3","Tiempo de lectura":"1 minuto"},"schema":{"@context":"https:\/\/schema.org","@graph":[{"@type":"Article","@id":"https:\/\/juntscontraelcancer.cat\/es\/girona-acoge-una-nueva-edicion-del-curso-basico-de-voluntariado-oncologico-en-girona\/#article","isPartOf":{"@id":"https:\/\/juntscontraelcancer.cat\/es\/girona-acoge-una-nueva-edicion-del-curso-basico-de-voluntariado-oncologico-en-girona\/"},"author":{"name":"FECEC Comunicaci\u00f3","@id":"https:\/\/juntscontraelcancer.cat\/es\/#\/schema\/person\/2bba6ee197504983c335d560850ec148"},"headline":"Girona acoge una nueva edici\u00f3n del curso b\u00e1sico de voluntariado oncol\u00f3gico","datePublished":"2024-10-28T07:00:00+00:00","dateModified":"2024-11-18T11:49:12+00:00","mainEntityOfPage":{"@id":"https:\/\/juntscontraelcancer.cat\/es\/girona-acoge-una-nueva-edicion-del-curso-basico-de-voluntariado-oncologico-en-girona\/"},"wordCount":207,"publisher":{"@id":"https:\/\/juntscontraelcancer.cat\/es\/#organization"},"image":{"@id":"https:\/\/juntscontraelcancer.cat\/es\/girona-acoge-una-nueva-edicion-del-curso-basico-de-voluntariado-oncologico-en-girona\/#primaryimage"},"thumbnailUrl":"https:\/\/juntscontraelcancer.cat\/wp-content\/uploads\/2024\/10\/junts-contra-el-cancer-curs-voluntariat-girona.png","articleSection":["Actualidad","Destacadas"],"inLanguage":"es"},{"@type":"WebPage","@id":"https:\/\/juntscontraelcancer.cat\/es\/girona-acoge-una-nueva-edicion-del-curso-basico-de-voluntariado-oncologico-en-girona\/","url":"https:\/\/juntscontraelcancer.cat\/es\/girona-acoge-una-nueva-edicion-del-curso-basico-de-voluntariado-oncologico-en-girona\/","name":"Girona acoge una nueva edici\u00f3n del curso b\u00e1sico de voluntariado oncol\u00f3gico - Junts contra el c\u00e0ncer - FECEC","isPartOf":{"@id":"https:\/\/juntscontraelcancer.cat\/es\/#website"},"primaryImageOfPage":{"@id":"https:\/\/juntscontraelcancer.cat\/es\/girona-acoge-una-nueva-edicion-del-curso-basico-de-voluntariado-oncologico-en-girona\/#primaryimage"},"image":{"@id":"https:\/\/juntscontraelcancer.cat\/es\/girona-acoge-una-nueva-edicion-del-curso-basico-de-voluntariado-oncologico-en-girona\/#primaryimage"},"thumbnailUrl":"https:\/\/juntscontraelcancer.cat\/wp-content\/uploads\/2024\/10\/junts-contra-el-cancer-curs-voluntariat-girona.png","datePublished":"2024-10-28T07:00:00+00:00","dateModified":"2024-11-18T11:49:12+00:00","breadcrumb":{"@id":"https:\/\/juntscontraelcancer.cat\/es\/girona-acoge-una-nueva-edicion-del-curso-basico-de-voluntariado-oncologico-en-girona\/#breadcrumb"},"inLanguage":"es","potentialAction":[{"@type":"ReadAction","target":["https:\/\/juntscontraelcancer.cat\/es\/girona-acoge-una-nueva-edicion-del-curso-basico-de-voluntariado-oncologico-en-girona\/"]}]},{"@type":"ImageObject","inLanguage":"es","@id":"https:\/\/juntscontraelcancer.cat\/es\/girona-acoge-una-nueva-edicion-del-curso-basico-de-voluntariado-oncologico-en-girona\/#primaryimage","url":"https:\/\/juntscontraelcancer.cat\/wp-content\/uploads\/2024\/10\/junts-contra-el-cancer-curs-voluntariat-girona.png","contentUrl":"https:\/\/juntscontraelcancer.cat\/wp-content\/uploads\/2024\/10\/junts-contra-el-cancer-curs-voluntariat-girona.png","width":1726,"height":966},{"@type":"BreadcrumbList","@id":"https:\/\/juntscontraelcancer.cat\/es\/girona-acoge-una-nueva-edicion-del-curso-basico-de-voluntariado-oncologico-en-girona\/#breadcrumb","itemListElement":[{"@type":"ListItem","position":1,"name":"Inicio","item":"https:\/\/juntscontraelcancer.cat\/es\/"},{"@type":"ListItem","position":2,"name":"Girona acoge una nueva edici\u00f3n del curso b\u00e1sico de voluntariado oncol\u00f3gico"}]},{"@type":"WebSite","@id":"https:\/\/juntscontraelcancer.cat\/es\/#website","url":"https:\/\/juntscontraelcancer.cat\/es\/","name":"Junts contra el c\u00e0ncer - FECEC","description":"","publisher":{"@id":"https:\/\/juntscontraelcancer.cat\/es\/#organization"},"potentialAction":[{"@type":"SearchAction","target":{"@type":"EntryPoint","urlTemplate":"https:\/\/juntscontraelcancer.cat\/es\/?s={search_term_string}"},"query-input":{"@type":"PropertyValueSpecification","valueRequired":true,"valueName":"search_term_string"}}],"inLanguage":"es"},{"@type":"Organization","@id":"https:\/\/juntscontraelcancer.cat\/es\/#organization","name":"Junts contra el c\u00e0ncer - FECEC","url":"https:\/\/juntscontraelcancer.cat\/es\/","logo":{"@type":"ImageObject","inLanguage":"es","@id":"https:\/\/juntscontraelcancer.cat\/es\/#\/schema\/logo\/image\/","url":"https:\/\/juntscontraelcancer.cat\/wp-content\/uploads\/2023\/01\/logo-fecec-header.png","contentUrl":"https:\/\/juntscontraelcancer.cat\/wp-content\/uploads\/2023\/01\/logo-fecec-header.png","width":126,"height":74,"caption":"Junts contra el c\u00e0ncer - FECEC"},"image":{"@id":"https:\/\/juntscontraelcancer.cat\/es\/#\/schema\/logo\/image\/"},"sameAs":["https:\/\/www.facebook.com\/fecec.federacio\/","https:\/\/x.com\/FececFederacio","https:\/\/www.instagram.com\/fececfederacio\/?hl=es","https:\/\/www.youtube.com\/channel\/UCgAC_6c6hmHwMQhSCQyYBdA"]},{"@type":"Person","@id":"https:\/\/juntscontraelcancer.cat\/es\/#\/schema\/person\/2bba6ee197504983c335d560850ec148","name":"FECEC Comunicaci\u00f3","image":{"@type":"ImageObject","inLanguage":"es","@id":"https:\/\/secure.gravatar.com\/avatar\/afa7129fad37df4be85b472c53d2039388784444579f67ca35ddbc83bfae2fd0?s=96&d=mm&r=g","url":"https:\/\/secure.gravatar.com\/avatar\/afa7129fad37df4be85b472c53d2039388784444579f67ca35ddbc83bfae2fd0?s=96&d=mm&r=g","contentUrl":"https:\/\/secure.gravatar.com\/avatar\/afa7129fad37df4be85b472c53d2039388784444579f67ca35ddbc83bfae2fd0?s=96&d=mm&r=g","caption":"FECEC Comunicaci\u00f3"}}]}},"_links":{"self":[{"href":"https:\/\/juntscontraelcancer.cat\/es\/wp-json\/wp\/v2\/posts\/38067","targetHints":{"allow":["GET"]}}],"collection":[{"href":"https:\/\/juntscontraelcancer.cat\/es\/wp-json\/wp\/v2\/posts"}],"about":[{"href":"https:\/\/juntscontraelcancer.cat\/es\/wp-json\/wp\/v2\/types\/post"}],"author":[{"embeddable":true,"href":"https:\/\/juntscontraelcancer.cat\/es\/wp-json\/wp\/v2\/users\/2"}],"replies":[{"embeddable":true,"href":"https:\/\/juntscontraelcancer.cat\/es\/wp-json\/wp\/v2\/comments?post=38067"}],"version-history":[{"count":3,"href":"https:\/\/juntscontraelcancer.cat\/es\/wp-json\/wp\/v2\/posts\/38067\/revisions"}],"predecessor-version":[{"id":38389,"href":"https:\/\/juntscontraelcancer.cat\/es\/wp-json\/wp\/v2\/posts\/38067\/revisions\/38389"}],"wp:featuredmedia":[{"embeddable":true,"href":"https:\/\/juntscontraelcancer.cat\/es\/wp-json\/wp\/v2\/media\/38051"}],"wp:attachment":[{"href":"https:\/\/juntscontraelcancer.cat\/es\/wp-json\/wp\/v2\/media?parent=38067"}],"wp:term":[{"taxonomy":"category","embeddable":true,"href":"https:\/\/juntscontraelcancer.cat\/es\/wp-json\/wp\/v2\/categories?post=38067"},{"taxonomy":"post_tag","embeddable":true,"href":"https:\/\/juntscontraelcancer.cat\/es\/wp-json\/wp\/v2\/tags?post=38067"}],"curies":[{"name":"wp","href":"https:\/\/api.w.org\/{rel}","templated":true}]}}