{"id":37967,"date":"2024-10-21T12:21:00","date_gmt":"2024-10-21T10:21:00","guid":{"rendered":"https:\/\/juntscontraelcancer.cat\/inscribete-en-el-curso-de-profundizacion-en-el-voluntariado-de-ambito-oncologico-en-barcelona\/"},"modified":"2024-11-25T12:32:47","modified_gmt":"2024-11-25T10:32:47","slug":"inscribete-en-el-curso-de-profundizacion-en-el-voluntariado-de-ambito-oncologico-en-barcelona","status":"publish","type":"post","link":"https:\/\/juntscontraelcancer.cat\/es\/inscribete-en-el-curso-de-profundizacion-en-el-voluntariado-de-ambito-oncologico-en-barcelona\/","title":{"rendered":"Inscr\u00edbete en el Curso de profundizaci\u00f3n en el voluntariado de \u00e1mbito oncol\u00f3gico en Barcelona"},"content":{"rendered":"\n<p><strong>Los pr\u00f3ximos 21, 28 y 29 de noviembre tendr\u00e1 lugar en Barcelona una nueva edici\u00f3n del Curso de profundizaci\u00f3n en el voluntariado de \u00e1mbito oncol\u00f3gico, formaci\u00f3n erigida a personas voluntarias que ya tienen experiencia desarrollando su actuaci\u00f3n en el campo de la oncolog\u00eda y del acompa\u00f1amiento a personas con c\u00e1ncer. \u00a1Inscripciones cerradas!&#13;\n<\/strong><\/p>\n\n<p>Los asistentes en el curso aprender\u00e1n:<\/p>\n\n<ul class=\"wp-block-list\">\n<li>Contactar con las emociones que se generan en la ejecuci\u00f3n de la tarea voluntaria.<\/li>\n\n\n\n<li>Reflexionar sobre las propias acciones, sus causas y consecuencias.<\/li>\n\n\n\n<li>Generar recursos mediante el conocimiento de la comunicaci\u00f3n no verbal.<\/li>\n\n\n\n<li>Conocimientos sobre los tratamientos oncol\u00f3gicos.<\/li>\n<\/ul>\n\n<p>El curso est\u00e1 impartido por:<\/p>\n\n<ul class=\"wp-block-list\">\n<li><strong>Patricia Miss\u00e9<\/strong>, psicoonc\u00f3loga del ICO de Badalona.<\/li>\n\n\n\n<li><strong>Dr. Eduard Batiste-Alentorn<\/strong>, licenciado en Medicina, especialista en oncolog\u00eda m\u00e9dica.&#13;\n<\/li>\n\n\n\n<li><strong>Laura Fern\u00e1ndez<\/strong>, psicopedagoga y coordinadora de voluntariado del Hospital Sant Joan de D\u00e9u.&#13;\n<\/li>\n<\/ul>\n\n<p>La formaci\u00f3n est\u00e1 organizada con la <a href=\"https:\/\/voluntaris.cat\/\"><strong>Federaci\u00f3 Catalana de Voluntariat Social (FCVS)<\/strong><\/a>. Curso reconocido por el Plan de Formaci\u00f3n del Voluntariado de Catalu\u00f1a. Para tener derecho en el t\u00edtulo se tiene que asistir a un m\u00ednimo del 80% del curso.&#13;\n<\/p>\n\n<ul class=\"wp-block-list\">\n<li><strong>D\u00edas: <\/strong>jueves, 21; jueves 28 y 29 de noviembre de 2024&#13;\n<\/li>\n\n\n\n<li><strong>Hora: <\/strong>de 16 a 20 h<\/li>\n\n\n\n<li><strong>Lugar: <\/strong>Seu FECEC &#8211; Hotel d&#8217;Entitats La Pau (C\/ Pere Verg\u00e9s, 1 6.\u00aa planta. Barcelona)&#13;\n<\/li>\n\n\n\n<li><strong>Precio: <\/strong>15 euros (entidades miembros FECEC o FCVS) \/ 25 euros otros.<br\/><a href=\"https:\/\/juntscontraelcancer.cat\/wp-content\/uploads\/2024\/10\/Curs_aprofundiment_voluntariat_Barcelona_2024.pdf\"><strong>Desc\u00e1rgate el programa entero aqu\u00ed<\/strong><\/a>&#13;\n<\/li>\n<\/ul>\n\n<p><strong>Inscripciones cerradas.<\/strong><\/p>\n\n<p><\/p>\n","protected":false},"excerpt":{"rendered":"<p>Los pr\u00f3ximos 21, 28 y 29 de noviembre tendr\u00e1 lugar en Barcelona una nueva edici\u00f3n del Curso de profundizaci\u00f3n en el voluntariado de \u00e1mbito oncol\u00f3gico, formaci\u00f3n erigida a personas voluntarias que ya tienen experiencia desarrollando su actuaci\u00f3n en el campo de la oncolog\u00eda y del acompa\u00f1amiento a personas con c\u00e1ncer. \u00a1Inscripciones cerradas!&#13; Los asistentes en [&#8230;]\n","protected":false},"author":2,"featured_media":37933,"comment_status":"closed","ping_status":"closed","sticky":false,"template":"","format":"standard","meta":{"_acf_changed":false,"inline_featured_image":false,"footnotes":""},"categories":[84,86],"tags":[],"class_list":["post-37967","post","type-post","status-publish","format-standard","has-post-thumbnail","hentry","category-actualidad","category-destacadas"],"acf":[],"yoast_head":"<!-- This site is optimized with the Yoast SEO plugin v27.3 - https:\/\/yoast.com\/product\/yoast-seo-wordpress\/ -->\n<title>Inscr\u00edbete en el Curso de profundizaci\u00f3n en el voluntariado de \u00e1mbito oncol\u00f3gico en Barcelona - Junts contra el c\u00e0ncer - FECEC<\/title>\n<meta name=\"robots\" content=\"index, follow, max-snippet:-1, max-image-preview:large, max-video-preview:-1\" \/>\n<link rel=\"canonical\" href=\"https:\/\/juntscontraelcancer.cat\/es\/inscribete-en-el-curso-de-profundizacion-en-el-voluntariado-de-ambito-oncologico-en-barcelona\/\" \/>\n<meta property=\"og:locale\" content=\"es_ES\" \/>\n<meta property=\"og:type\" content=\"article\" \/>\n<meta property=\"og:title\" content=\"Inscr\u00edbete en el Curso de profundizaci\u00f3n en el voluntariado de \u00e1mbito oncol\u00f3gico en Barcelona - Junts contra el c\u00e0ncer - FECEC\" \/>\n<meta property=\"og:description\" content=\"Los pr\u00f3ximos 21, 28 y 29 de noviembre tendr\u00e1 lugar en Barcelona una nueva edici\u00f3n del Curso de profundizaci\u00f3n en el voluntariado de \u00e1mbito oncol\u00f3gico, formaci\u00f3n erigida a personas voluntarias que ya tienen experiencia desarrollando su actuaci\u00f3n en el campo de la oncolog\u00eda y del acompa\u00f1amiento a personas con c\u00e1ncer. \u00a1Inscripciones cerradas!&#013; Los asistentes en [...]\" \/>\n<meta property=\"og:url\" content=\"https:\/\/juntscontraelcancer.cat\/es\/inscribete-en-el-curso-de-profundizacion-en-el-voluntariado-de-ambito-oncologico-en-barcelona\/\" \/>\n<meta property=\"og:site_name\" content=\"Junts contra el c\u00e0ncer - FECEC\" \/>\n<meta property=\"article:publisher\" content=\"https:\/\/www.facebook.com\/fecec.federacio\/\" \/>\n<meta property=\"article:published_time\" content=\"2024-10-21T10:21:00+00:00\" \/>\n<meta property=\"article:modified_time\" content=\"2024-11-25T10:32:47+00:00\" \/>\n<meta property=\"og:image\" content=\"https:\/\/juntscontraelcancer.cat\/wp-content\/uploads\/2024\/10\/Portada-curs-voluntariat-Barcelona-h.png\" \/>\n\t<meta property=\"og:image:width\" content=\"1600\" \/>\n\t<meta property=\"og:image:height\" content=\"900\" \/>\n\t<meta property=\"og:image:type\" content=\"image\/png\" \/>\n<meta name=\"author\" content=\"FECEC Comunicaci\u00f3\" \/>\n<meta name=\"twitter:card\" content=\"summary_large_image\" \/>\n<meta name=\"twitter:creator\" content=\"@FececFederacio\" \/>\n<meta name=\"twitter:site\" content=\"@FececFederacio\" \/>\n<meta name=\"twitter:label1\" content=\"Escrito por\" \/>\n\t<meta name=\"twitter:data1\" content=\"FECEC Comunicaci\u00f3\" \/>\n\t<meta name=\"twitter:label2\" content=\"Tiempo de lectura\" \/>\n\t<meta name=\"twitter:data2\" content=\"1 minuto\" \/>\n<script type=\"application\/ld+json\" class=\"yoast-schema-graph\">{\"@context\":\"https:\\\/\\\/schema.org\",\"@graph\":[{\"@type\":\"Article\",\"@id\":\"https:\\\/\\\/juntscontraelcancer.cat\\\/es\\\/inscribete-en-el-curso-de-profundizacion-en-el-voluntariado-de-ambito-oncologico-en-barcelona\\\/#article\",\"isPartOf\":{\"@id\":\"https:\\\/\\\/juntscontraelcancer.cat\\\/es\\\/inscribete-en-el-curso-de-profundizacion-en-el-voluntariado-de-ambito-oncologico-en-barcelona\\\/\"},\"author\":{\"name\":\"FECEC Comunicaci\u00f3\",\"@id\":\"https:\\\/\\\/juntscontraelcancer.cat\\\/es\\\/#\\\/schema\\\/person\\\/2bba6ee197504983c335d560850ec148\"},\"headline\":\"Inscr\u00edbete en el Curso de profundizaci\u00f3n en el voluntariado de \u00e1mbito oncol\u00f3gico en Barcelona\",\"datePublished\":\"2024-10-21T10:21:00+00:00\",\"dateModified\":\"2024-11-25T10:32:47+00:00\",\"mainEntityOfPage\":{\"@id\":\"https:\\\/\\\/juntscontraelcancer.cat\\\/es\\\/inscribete-en-el-curso-de-profundizacion-en-el-voluntariado-de-ambito-oncologico-en-barcelona\\\/\"},\"wordCount\":251,\"publisher\":{\"@id\":\"https:\\\/\\\/juntscontraelcancer.cat\\\/es\\\/#organization\"},\"image\":{\"@id\":\"https:\\\/\\\/juntscontraelcancer.cat\\\/es\\\/inscribete-en-el-curso-de-profundizacion-en-el-voluntariado-de-ambito-oncologico-en-barcelona\\\/#primaryimage\"},\"thumbnailUrl\":\"https:\\\/\\\/juntscontraelcancer.cat\\\/wp-content\\\/uploads\\\/2024\\\/10\\\/Portada-curs-voluntariat-Barcelona-h.png\",\"articleSection\":[\"Actualidad\",\"Destacadas\"],\"inLanguage\":\"es\"},{\"@type\":\"WebPage\",\"@id\":\"https:\\\/\\\/juntscontraelcancer.cat\\\/es\\\/inscribete-en-el-curso-de-profundizacion-en-el-voluntariado-de-ambito-oncologico-en-barcelona\\\/\",\"url\":\"https:\\\/\\\/juntscontraelcancer.cat\\\/es\\\/inscribete-en-el-curso-de-profundizacion-en-el-voluntariado-de-ambito-oncologico-en-barcelona\\\/\",\"name\":\"Inscr\u00edbete en el Curso de profundizaci\u00f3n en el voluntariado de \u00e1mbito oncol\u00f3gico en Barcelona - Junts contra el c\u00e0ncer - FECEC\",\"isPartOf\":{\"@id\":\"https:\\\/\\\/juntscontraelcancer.cat\\\/es\\\/#website\"},\"primaryImageOfPage\":{\"@id\":\"https:\\\/\\\/juntscontraelcancer.cat\\\/es\\\/inscribete-en-el-curso-de-profundizacion-en-el-voluntariado-de-ambito-oncologico-en-barcelona\\\/#primaryimage\"},\"image\":{\"@id\":\"https:\\\/\\\/juntscontraelcancer.cat\\\/es\\\/inscribete-en-el-curso-de-profundizacion-en-el-voluntariado-de-ambito-oncologico-en-barcelona\\\/#primaryimage\"},\"thumbnailUrl\":\"https:\\\/\\\/juntscontraelcancer.cat\\\/wp-content\\\/uploads\\\/2024\\\/10\\\/Portada-curs-voluntariat-Barcelona-h.png\",\"datePublished\":\"2024-10-21T10:21:00+00:00\",\"dateModified\":\"2024-11-25T10:32:47+00:00\",\"breadcrumb\":{\"@id\":\"https:\\\/\\\/juntscontraelcancer.cat\\\/es\\\/inscribete-en-el-curso-de-profundizacion-en-el-voluntariado-de-ambito-oncologico-en-barcelona\\\/#breadcrumb\"},\"inLanguage\":\"es\",\"potentialAction\":[{\"@type\":\"ReadAction\",\"target\":[\"https:\\\/\\\/juntscontraelcancer.cat\\\/es\\\/inscribete-en-el-curso-de-profundizacion-en-el-voluntariado-de-ambito-oncologico-en-barcelona\\\/\"]}]},{\"@type\":\"ImageObject\",\"inLanguage\":\"es\",\"@id\":\"https:\\\/\\\/juntscontraelcancer.cat\\\/es\\\/inscribete-en-el-curso-de-profundizacion-en-el-voluntariado-de-ambito-oncologico-en-barcelona\\\/#primaryimage\",\"url\":\"https:\\\/\\\/juntscontraelcancer.cat\\\/wp-content\\\/uploads\\\/2024\\\/10\\\/Portada-curs-voluntariat-Barcelona-h.png\",\"contentUrl\":\"https:\\\/\\\/juntscontraelcancer.cat\\\/wp-content\\\/uploads\\\/2024\\\/10\\\/Portada-curs-voluntariat-Barcelona-h.png\",\"width\":1600,\"height\":900},{\"@type\":\"BreadcrumbList\",\"@id\":\"https:\\\/\\\/juntscontraelcancer.cat\\\/es\\\/inscribete-en-el-curso-de-profundizacion-en-el-voluntariado-de-ambito-oncologico-en-barcelona\\\/#breadcrumb\",\"itemListElement\":[{\"@type\":\"ListItem\",\"position\":1,\"name\":\"Inicio\",\"item\":\"https:\\\/\\\/juntscontraelcancer.cat\\\/es\\\/\"},{\"@type\":\"ListItem\",\"position\":2,\"name\":\"Inscr\u00edbete en el Curso de profundizaci\u00f3n en el voluntariado de \u00e1mbito oncol\u00f3gico en Barcelona\"}]},{\"@type\":\"WebSite\",\"@id\":\"https:\\\/\\\/juntscontraelcancer.cat\\\/es\\\/#website\",\"url\":\"https:\\\/\\\/juntscontraelcancer.cat\\\/es\\\/\",\"name\":\"Junts contra el c\u00e0ncer - FECEC\",\"description\":\"\",\"publisher\":{\"@id\":\"https:\\\/\\\/juntscontraelcancer.cat\\\/es\\\/#organization\"},\"potentialAction\":[{\"@type\":\"SearchAction\",\"target\":{\"@type\":\"EntryPoint\",\"urlTemplate\":\"https:\\\/\\\/juntscontraelcancer.cat\\\/es\\\/?s={search_term_string}\"},\"query-input\":{\"@type\":\"PropertyValueSpecification\",\"valueRequired\":true,\"valueName\":\"search_term_string\"}}],\"inLanguage\":\"es\"},{\"@type\":\"Organization\",\"@id\":\"https:\\\/\\\/juntscontraelcancer.cat\\\/es\\\/#organization\",\"name\":\"Junts contra el c\u00e0ncer - FECEC\",\"url\":\"https:\\\/\\\/juntscontraelcancer.cat\\\/es\\\/\",\"logo\":{\"@type\":\"ImageObject\",\"inLanguage\":\"es\",\"@id\":\"https:\\\/\\\/juntscontraelcancer.cat\\\/es\\\/#\\\/schema\\\/logo\\\/image\\\/\",\"url\":\"https:\\\/\\\/juntscontraelcancer.cat\\\/wp-content\\\/uploads\\\/2023\\\/01\\\/logo-fecec-header.png\",\"contentUrl\":\"https:\\\/\\\/juntscontraelcancer.cat\\\/wp-content\\\/uploads\\\/2023\\\/01\\\/logo-fecec-header.png\",\"width\":126,\"height\":74,\"caption\":\"Junts contra el c\u00e0ncer - FECEC\"},\"image\":{\"@id\":\"https:\\\/\\\/juntscontraelcancer.cat\\\/es\\\/#\\\/schema\\\/logo\\\/image\\\/\"},\"sameAs\":[\"https:\\\/\\\/www.facebook.com\\\/fecec.federacio\\\/\",\"https:\\\/\\\/x.com\\\/FececFederacio\",\"https:\\\/\\\/www.instagram.com\\\/fececfederacio\\\/?hl=es\",\"https:\\\/\\\/www.youtube.com\\\/channel\\\/UCgAC_6c6hmHwMQhSCQyYBdA\"]},{\"@type\":\"Person\",\"@id\":\"https:\\\/\\\/juntscontraelcancer.cat\\\/es\\\/#\\\/schema\\\/person\\\/2bba6ee197504983c335d560850ec148\",\"name\":\"FECEC Comunicaci\u00f3\",\"image\":{\"@type\":\"ImageObject\",\"inLanguage\":\"es\",\"@id\":\"https:\\\/\\\/secure.gravatar.com\\\/avatar\\\/afa7129fad37df4be85b472c53d2039388784444579f67ca35ddbc83bfae2fd0?s=96&d=mm&r=g\",\"url\":\"https:\\\/\\\/secure.gravatar.com\\\/avatar\\\/afa7129fad37df4be85b472c53d2039388784444579f67ca35ddbc83bfae2fd0?s=96&d=mm&r=g\",\"contentUrl\":\"https:\\\/\\\/secure.gravatar.com\\\/avatar\\\/afa7129fad37df4be85b472c53d2039388784444579f67ca35ddbc83bfae2fd0?s=96&d=mm&r=g\",\"caption\":\"FECEC Comunicaci\u00f3\"}}]}<\/script>\n<!-- \/ Yoast SEO plugin. -->","yoast_head_json":{"title":"Inscr\u00edbete en el Curso de profundizaci\u00f3n en el voluntariado de \u00e1mbito oncol\u00f3gico en Barcelona - Junts contra el c\u00e0ncer - FECEC","robots":{"index":"index","follow":"follow","max-snippet":"max-snippet:-1","max-image-preview":"max-image-preview:large","max-video-preview":"max-video-preview:-1"},"canonical":"https:\/\/juntscontraelcancer.cat\/es\/inscribete-en-el-curso-de-profundizacion-en-el-voluntariado-de-ambito-oncologico-en-barcelona\/","og_locale":"es_ES","og_type":"article","og_title":"Inscr\u00edbete en el Curso de profundizaci\u00f3n en el voluntariado de \u00e1mbito oncol\u00f3gico en Barcelona - Junts contra el c\u00e0ncer - FECEC","og_description":"Los pr\u00f3ximos 21, 28 y 29 de noviembre tendr\u00e1 lugar en Barcelona una nueva edici\u00f3n del Curso de profundizaci\u00f3n en el voluntariado de \u00e1mbito oncol\u00f3gico, formaci\u00f3n erigida a personas voluntarias que ya tienen experiencia desarrollando su actuaci\u00f3n en el campo de la oncolog\u00eda y del acompa\u00f1amiento a personas con c\u00e1ncer. \u00a1Inscripciones cerradas!&#13; Los asistentes en [...]","og_url":"https:\/\/juntscontraelcancer.cat\/es\/inscribete-en-el-curso-de-profundizacion-en-el-voluntariado-de-ambito-oncologico-en-barcelona\/","og_site_name":"Junts contra el c\u00e0ncer - FECEC","article_publisher":"https:\/\/www.facebook.com\/fecec.federacio\/","article_published_time":"2024-10-21T10:21:00+00:00","article_modified_time":"2024-11-25T10:32:47+00:00","og_image":[{"width":1600,"height":900,"url":"https:\/\/juntscontraelcancer.cat\/wp-content\/uploads\/2024\/10\/Portada-curs-voluntariat-Barcelona-h.png","type":"image\/png"}],"author":"FECEC Comunicaci\u00f3","twitter_card":"summary_large_image","twitter_creator":"@FececFederacio","twitter_site":"@FececFederacio","twitter_misc":{"Escrito por":"FECEC Comunicaci\u00f3","Tiempo de lectura":"1 minuto"},"schema":{"@context":"https:\/\/schema.org","@graph":[{"@type":"Article","@id":"https:\/\/juntscontraelcancer.cat\/es\/inscribete-en-el-curso-de-profundizacion-en-el-voluntariado-de-ambito-oncologico-en-barcelona\/#article","isPartOf":{"@id":"https:\/\/juntscontraelcancer.cat\/es\/inscribete-en-el-curso-de-profundizacion-en-el-voluntariado-de-ambito-oncologico-en-barcelona\/"},"author":{"name":"FECEC Comunicaci\u00f3","@id":"https:\/\/juntscontraelcancer.cat\/es\/#\/schema\/person\/2bba6ee197504983c335d560850ec148"},"headline":"Inscr\u00edbete en el Curso de profundizaci\u00f3n en el voluntariado de \u00e1mbito oncol\u00f3gico en Barcelona","datePublished":"2024-10-21T10:21:00+00:00","dateModified":"2024-11-25T10:32:47+00:00","mainEntityOfPage":{"@id":"https:\/\/juntscontraelcancer.cat\/es\/inscribete-en-el-curso-de-profundizacion-en-el-voluntariado-de-ambito-oncologico-en-barcelona\/"},"wordCount":251,"publisher":{"@id":"https:\/\/juntscontraelcancer.cat\/es\/#organization"},"image":{"@id":"https:\/\/juntscontraelcancer.cat\/es\/inscribete-en-el-curso-de-profundizacion-en-el-voluntariado-de-ambito-oncologico-en-barcelona\/#primaryimage"},"thumbnailUrl":"https:\/\/juntscontraelcancer.cat\/wp-content\/uploads\/2024\/10\/Portada-curs-voluntariat-Barcelona-h.png","articleSection":["Actualidad","Destacadas"],"inLanguage":"es"},{"@type":"WebPage","@id":"https:\/\/juntscontraelcancer.cat\/es\/inscribete-en-el-curso-de-profundizacion-en-el-voluntariado-de-ambito-oncologico-en-barcelona\/","url":"https:\/\/juntscontraelcancer.cat\/es\/inscribete-en-el-curso-de-profundizacion-en-el-voluntariado-de-ambito-oncologico-en-barcelona\/","name":"Inscr\u00edbete en el Curso de profundizaci\u00f3n en el voluntariado de \u00e1mbito oncol\u00f3gico en Barcelona - Junts contra el c\u00e0ncer - FECEC","isPartOf":{"@id":"https:\/\/juntscontraelcancer.cat\/es\/#website"},"primaryImageOfPage":{"@id":"https:\/\/juntscontraelcancer.cat\/es\/inscribete-en-el-curso-de-profundizacion-en-el-voluntariado-de-ambito-oncologico-en-barcelona\/#primaryimage"},"image":{"@id":"https:\/\/juntscontraelcancer.cat\/es\/inscribete-en-el-curso-de-profundizacion-en-el-voluntariado-de-ambito-oncologico-en-barcelona\/#primaryimage"},"thumbnailUrl":"https:\/\/juntscontraelcancer.cat\/wp-content\/uploads\/2024\/10\/Portada-curs-voluntariat-Barcelona-h.png","datePublished":"2024-10-21T10:21:00+00:00","dateModified":"2024-11-25T10:32:47+00:00","breadcrumb":{"@id":"https:\/\/juntscontraelcancer.cat\/es\/inscribete-en-el-curso-de-profundizacion-en-el-voluntariado-de-ambito-oncologico-en-barcelona\/#breadcrumb"},"inLanguage":"es","potentialAction":[{"@type":"ReadAction","target":["https:\/\/juntscontraelcancer.cat\/es\/inscribete-en-el-curso-de-profundizacion-en-el-voluntariado-de-ambito-oncologico-en-barcelona\/"]}]},{"@type":"ImageObject","inLanguage":"es","@id":"https:\/\/juntscontraelcancer.cat\/es\/inscribete-en-el-curso-de-profundizacion-en-el-voluntariado-de-ambito-oncologico-en-barcelona\/#primaryimage","url":"https:\/\/juntscontraelcancer.cat\/wp-content\/uploads\/2024\/10\/Portada-curs-voluntariat-Barcelona-h.png","contentUrl":"https:\/\/juntscontraelcancer.cat\/wp-content\/uploads\/2024\/10\/Portada-curs-voluntariat-Barcelona-h.png","width":1600,"height":900},{"@type":"BreadcrumbList","@id":"https:\/\/juntscontraelcancer.cat\/es\/inscribete-en-el-curso-de-profundizacion-en-el-voluntariado-de-ambito-oncologico-en-barcelona\/#breadcrumb","itemListElement":[{"@type":"ListItem","position":1,"name":"Inicio","item":"https:\/\/juntscontraelcancer.cat\/es\/"},{"@type":"ListItem","position":2,"name":"Inscr\u00edbete en el Curso de profundizaci\u00f3n en el voluntariado de \u00e1mbito oncol\u00f3gico en Barcelona"}]},{"@type":"WebSite","@id":"https:\/\/juntscontraelcancer.cat\/es\/#website","url":"https:\/\/juntscontraelcancer.cat\/es\/","name":"Junts contra el c\u00e0ncer - FECEC","description":"","publisher":{"@id":"https:\/\/juntscontraelcancer.cat\/es\/#organization"},"potentialAction":[{"@type":"SearchAction","target":{"@type":"EntryPoint","urlTemplate":"https:\/\/juntscontraelcancer.cat\/es\/?s={search_term_string}"},"query-input":{"@type":"PropertyValueSpecification","valueRequired":true,"valueName":"search_term_string"}}],"inLanguage":"es"},{"@type":"Organization","@id":"https:\/\/juntscontraelcancer.cat\/es\/#organization","name":"Junts contra el c\u00e0ncer - FECEC","url":"https:\/\/juntscontraelcancer.cat\/es\/","logo":{"@type":"ImageObject","inLanguage":"es","@id":"https:\/\/juntscontraelcancer.cat\/es\/#\/schema\/logo\/image\/","url":"https:\/\/juntscontraelcancer.cat\/wp-content\/uploads\/2023\/01\/logo-fecec-header.png","contentUrl":"https:\/\/juntscontraelcancer.cat\/wp-content\/uploads\/2023\/01\/logo-fecec-header.png","width":126,"height":74,"caption":"Junts contra el c\u00e0ncer - FECEC"},"image":{"@id":"https:\/\/juntscontraelcancer.cat\/es\/#\/schema\/logo\/image\/"},"sameAs":["https:\/\/www.facebook.com\/fecec.federacio\/","https:\/\/x.com\/FececFederacio","https:\/\/www.instagram.com\/fececfederacio\/?hl=es","https:\/\/www.youtube.com\/channel\/UCgAC_6c6hmHwMQhSCQyYBdA"]},{"@type":"Person","@id":"https:\/\/juntscontraelcancer.cat\/es\/#\/schema\/person\/2bba6ee197504983c335d560850ec148","name":"FECEC Comunicaci\u00f3","image":{"@type":"ImageObject","inLanguage":"es","@id":"https:\/\/secure.gravatar.com\/avatar\/afa7129fad37df4be85b472c53d2039388784444579f67ca35ddbc83bfae2fd0?s=96&d=mm&r=g","url":"https:\/\/secure.gravatar.com\/avatar\/afa7129fad37df4be85b472c53d2039388784444579f67ca35ddbc83bfae2fd0?s=96&d=mm&r=g","contentUrl":"https:\/\/secure.gravatar.com\/avatar\/afa7129fad37df4be85b472c53d2039388784444579f67ca35ddbc83bfae2fd0?s=96&d=mm&r=g","caption":"FECEC Comunicaci\u00f3"}}]}},"_links":{"self":[{"href":"https:\/\/juntscontraelcancer.cat\/es\/wp-json\/wp\/v2\/posts\/37967","targetHints":{"allow":["GET"]}}],"collection":[{"href":"https:\/\/juntscontraelcancer.cat\/es\/wp-json\/wp\/v2\/posts"}],"about":[{"href":"https:\/\/juntscontraelcancer.cat\/es\/wp-json\/wp\/v2\/types\/post"}],"author":[{"embeddable":true,"href":"https:\/\/juntscontraelcancer.cat\/es\/wp-json\/wp\/v2\/users\/2"}],"replies":[{"embeddable":true,"href":"https:\/\/juntscontraelcancer.cat\/es\/wp-json\/wp\/v2\/comments?post=37967"}],"version-history":[{"count":7,"href":"https:\/\/juntscontraelcancer.cat\/es\/wp-json\/wp\/v2\/posts\/37967\/revisions"}],"predecessor-version":[{"id":38430,"href":"https:\/\/juntscontraelcancer.cat\/es\/wp-json\/wp\/v2\/posts\/37967\/revisions\/38430"}],"wp:featuredmedia":[{"embeddable":true,"href":"https:\/\/juntscontraelcancer.cat\/es\/wp-json\/wp\/v2\/media\/37933"}],"wp:attachment":[{"href":"https:\/\/juntscontraelcancer.cat\/es\/wp-json\/wp\/v2\/media?parent=37967"}],"wp:term":[{"taxonomy":"category","embeddable":true,"href":"https:\/\/juntscontraelcancer.cat\/es\/wp-json\/wp\/v2\/categories?post=37967"},{"taxonomy":"post_tag","embeddable":true,"href":"https:\/\/juntscontraelcancer.cat\/es\/wp-json\/wp\/v2\/tags?post=37967"}],"curies":[{"name":"wp","href":"https:\/\/api.w.org\/{rel}","templated":true}]}}