{"id":36643,"date":"2024-07-05T09:11:34","date_gmt":"2024-07-05T07:11:34","guid":{"rendered":"https:\/\/juntscontraelcancer.cat\/pacientes-de-tarragona-aprenden-como-protegerse-bien-del-sol-con-el-taller-mitos-y-realidades-de-la-fotoproteccio-en-pacientes-oncologicos\/"},"modified":"2024-07-05T11:49:56","modified_gmt":"2024-07-05T09:49:56","slug":"pacientes-de-tarragona-aprenden-como-protegerse-bien-del-sol-con-el-taller-mitos-y-realidades-de-la-fotoproteccio-en-pacientes-oncologicos","status":"publish","type":"post","link":"https:\/\/juntscontraelcancer.cat\/es\/pacientes-de-tarragona-aprenden-como-protegerse-bien-del-sol-con-el-taller-mitos-y-realidades-de-la-fotoproteccio-en-pacientes-oncologicos\/","title":{"rendered":"Pacientes de Tarragona aprenden c\u00f3mo protegerse bien del sol con el taller &#8216;Mitos y realidades de la fotoprotecci\u00f3 en pacientes oncol\u00f3gicos&#8217;"},"content":{"rendered":"\n\r\n\n<p><strong>La FECECJunts contra el C\u00e0ncer y la <a href=\"https:\/\/www.lligacontraelcancer.cat\/\">Lliga de Tarragona i les Terres de l&#8217;Ebre<\/a> organizaron ayer el segundo de los talleres \u00abMitos y realidades de la fotoprotecci\u00f3 en pacientes oncol\u00f3gicos\u00bb, charla dirigida a personas con c\u00e1ncer que quieren saber c\u00f3mo protegerse correctamente del sol.<\/strong><\/p>\n\n<p>Con la sala llena, Jes\u00fas P\u00e9rez Fierro, director del departamento de Oncolog\u00eda de <a href=\"https:\/\/www.laroche-posay.es\/?gad_source=1&amp;gclid=Cj0KCQjws560BhCuARIsAHMqE0G63KBz_JUN9LpXhKkK2Yt-dOVQfCaMBEeIUCN-v93zHERnbNMli34aApn3EALw_wcB&amp;gclsrc=aw.ds\">La Roche Posay<\/a>, laboratorio que apoya a la actividad, explic\u00f3 los asistentes c\u00f3mo afectan las radiaciones solares a la piel (en especial, a la de los pacientes oncol\u00f3gicos durante y despu\u00e9s del tratamiento), como se tienen que proteger correctamente para no sufrir quemaduras solares, cu\u00e1les son los protectores solares m\u00e1s adecuados y cu\u00e1les son los mitos a desmentir sobre las radiaciones solares.&#13;\n<\/p>\n\n<figure class=\"wp-block-image size-large\"><img loading=\"lazy\" decoding=\"async\" width=\"1024\" height=\"573\" src=\"https:\/\/juntscontraelcancer.cat\/wp-content\/uploads\/2024\/07\/junts-contra-el-cancer-mites-i-realitats-de-la-fotoproteccio-pacients-oncologics1-1024x573.png\" alt=\"\" class=\"wp-image-36619\" srcset=\"https:\/\/juntscontraelcancer.cat\/wp-content\/uploads\/2024\/07\/junts-contra-el-cancer-mites-i-realitats-de-la-fotoproteccio-pacients-oncologics1-1024x573.png 1024w, https:\/\/juntscontraelcancer.cat\/wp-content\/uploads\/2024\/07\/junts-contra-el-cancer-mites-i-realitats-de-la-fotoproteccio-pacients-oncologics1-300x168.png 300w, https:\/\/juntscontraelcancer.cat\/wp-content\/uploads\/2024\/07\/junts-contra-el-cancer-mites-i-realitats-de-la-fotoproteccio-pacients-oncologics1-768x430.png 768w, https:\/\/juntscontraelcancer.cat\/wp-content\/uploads\/2024\/07\/junts-contra-el-cancer-mites-i-realitats-de-la-fotoproteccio-pacients-oncologics1-1536x860.png 1536w, https:\/\/juntscontraelcancer.cat\/wp-content\/uploads\/2024\/07\/junts-contra-el-cancer-mites-i-realitats-de-la-fotoproteccio-pacients-oncologics1.png 1726w\" sizes=\"auto, (max-width: 1024px) 100vw, 1024px\" \/><\/figure>\n\n<p>Adem\u00e1s, las personas que asistieron obtuvieron una muestra de protecci\u00f3n solar SPF 50+ gratuita, cortes\u00eda de los laboratorios La Roche Posay, y pudieron conocer la web <a href=\"https:\/\/www.cancer-support.com\/es\"><strong>Cancer-*support<\/strong><\/a> de este laboratorio, un espacio en l\u00ednea gratuito con recursos para pacientes oncol\u00f3gicos.&#13;\n<\/p>\n\n<p>Esta es una de les actividades de la campa\u00f1a de protecci\u00f3n solar <a href=\"https:\/\/juntscontraelcancer.cat\/es\/con-el-sol-no-te-la-juegues-campana-para-la-proteccion-solar-2024\/\"><strong>\u00abAmb el sol, no te la juguis!\u00bb (\u00ab\u00a1Con el sol, no te la juegues!\u00bb)<\/strong> <\/a>de la FECEC Junts contra el C\u00e0ncer.<\/p>\n","protected":false},"excerpt":{"rendered":"<p>La FECECJunts contra el C\u00e0ncer y la Lliga de Tarragona i les Terres de l&#8217;Ebre organizaron ayer el segundo de los talleres \u00abMitos y realidades de la fotoprotecci\u00f3 en pacientes oncol\u00f3gicos\u00bb, charla dirigida a personas con c\u00e1ncer que quieren saber c\u00f3mo protegerse correctamente del sol.<\/p>\n","protected":false},"author":2,"featured_media":36618,"comment_status":"closed","ping_status":"closed","sticky":false,"template":"","format":"standard","meta":{"_acf_changed":false,"inline_featured_image":false,"footnotes":""},"categories":[84,86],"tags":[],"class_list":["post-36643","post","type-post","status-publish","format-standard","has-post-thumbnail","hentry","category-actualidad","category-destacadas"],"acf":[],"yoast_head":"<!-- This site is optimized with the Yoast SEO plugin v27.3 - https:\/\/yoast.com\/product\/yoast-seo-wordpress\/ -->\n<title>Pacientes de Tarragona aprenden c\u00f3mo protegerse bien del sol con el taller &#039;Mitos y realidades de la fotoprotecci\u00f3 en pacientes oncol\u00f3gicos&#039; - Junts contra el c\u00e0ncer - FECEC<\/title>\n<meta name=\"robots\" content=\"index, follow, max-snippet:-1, max-image-preview:large, max-video-preview:-1\" \/>\n<link rel=\"canonical\" href=\"https:\/\/juntscontraelcancer.cat\/es\/pacientes-de-tarragona-aprenden-como-protegerse-bien-del-sol-con-el-taller-mitos-y-realidades-de-la-fotoproteccio-en-pacientes-oncologicos\/\" \/>\n<meta property=\"og:locale\" content=\"es_ES\" \/>\n<meta property=\"og:type\" content=\"article\" \/>\n<meta property=\"og:title\" content=\"Pacientes de Tarragona aprenden c\u00f3mo protegerse bien del sol con el taller &#039;Mitos y realidades de la fotoprotecci\u00f3 en pacientes oncol\u00f3gicos&#039; - Junts contra el c\u00e0ncer - FECEC\" \/>\n<meta property=\"og:description\" content=\"La FECECJunts contra el C\u00e0ncer y la Lliga de Tarragona i les Terres de l&#039;Ebre organizaron ayer el segundo de los talleres &quot;Mitos y realidades de la fotoprotecci\u00f3 en pacientes oncol\u00f3gicos&quot;, charla dirigida a personas con c\u00e1ncer que quieren saber c\u00f3mo protegerse correctamente del sol.\" \/>\n<meta property=\"og:url\" content=\"https:\/\/juntscontraelcancer.cat\/es\/pacientes-de-tarragona-aprenden-como-protegerse-bien-del-sol-con-el-taller-mitos-y-realidades-de-la-fotoproteccio-en-pacientes-oncologicos\/\" \/>\n<meta property=\"og:site_name\" content=\"Junts contra el c\u00e0ncer - FECEC\" \/>\n<meta property=\"article:publisher\" content=\"https:\/\/www.facebook.com\/fecec.federacio\/\" \/>\n<meta property=\"article:published_time\" content=\"2024-07-05T07:11:34+00:00\" \/>\n<meta property=\"article:modified_time\" content=\"2024-07-05T09:49:56+00:00\" \/>\n<meta property=\"og:image\" content=\"https:\/\/juntscontraelcancer.cat\/wp-content\/uploads\/2024\/07\/junts-contra-el-cancer-mites-i-realitats-de-la-fotoproteccio-pacients-oncologics.png\" \/>\n\t<meta property=\"og:image:width\" content=\"1726\" \/>\n\t<meta property=\"og:image:height\" content=\"966\" \/>\n\t<meta property=\"og:image:type\" content=\"image\/png\" \/>\n<meta name=\"author\" content=\"FECEC Comunicaci\u00f3\" \/>\n<meta name=\"twitter:card\" content=\"summary_large_image\" \/>\n<meta name=\"twitter:creator\" content=\"@FececFederacio\" \/>\n<meta name=\"twitter:site\" content=\"@FececFederacio\" \/>\n<meta name=\"twitter:label1\" content=\"Escrito por\" \/>\n\t<meta name=\"twitter:data1\" content=\"FECEC Comunicaci\u00f3\" \/>\n\t<meta name=\"twitter:label2\" content=\"Tiempo de lectura\" \/>\n\t<meta name=\"twitter:data2\" content=\"1 minuto\" \/>\n<script type=\"application\/ld+json\" class=\"yoast-schema-graph\">{\"@context\":\"https:\\\/\\\/schema.org\",\"@graph\":[{\"@type\":\"Article\",\"@id\":\"https:\\\/\\\/juntscontraelcancer.cat\\\/es\\\/pacientes-de-tarragona-aprenden-como-protegerse-bien-del-sol-con-el-taller-mitos-y-realidades-de-la-fotoproteccio-en-pacientes-oncologicos\\\/#article\",\"isPartOf\":{\"@id\":\"https:\\\/\\\/juntscontraelcancer.cat\\\/es\\\/pacientes-de-tarragona-aprenden-como-protegerse-bien-del-sol-con-el-taller-mitos-y-realidades-de-la-fotoproteccio-en-pacientes-oncologicos\\\/\"},\"author\":{\"name\":\"FECEC Comunicaci\u00f3\",\"@id\":\"https:\\\/\\\/juntscontraelcancer.cat\\\/es\\\/#\\\/schema\\\/person\\\/2bba6ee197504983c335d560850ec148\"},\"headline\":\"Pacientes de Tarragona aprenden c\u00f3mo protegerse bien del sol con el taller &#8216;Mitos y realidades de la fotoprotecci\u00f3 en pacientes oncol\u00f3gicos&#8217;\",\"datePublished\":\"2024-07-05T07:11:34+00:00\",\"dateModified\":\"2024-07-05T09:49:56+00:00\",\"mainEntityOfPage\":{\"@id\":\"https:\\\/\\\/juntscontraelcancer.cat\\\/es\\\/pacientes-de-tarragona-aprenden-como-protegerse-bien-del-sol-con-el-taller-mitos-y-realidades-de-la-fotoproteccio-en-pacientes-oncologicos\\\/\"},\"wordCount\":238,\"publisher\":{\"@id\":\"https:\\\/\\\/juntscontraelcancer.cat\\\/es\\\/#organization\"},\"image\":{\"@id\":\"https:\\\/\\\/juntscontraelcancer.cat\\\/es\\\/pacientes-de-tarragona-aprenden-como-protegerse-bien-del-sol-con-el-taller-mitos-y-realidades-de-la-fotoproteccio-en-pacientes-oncologicos\\\/#primaryimage\"},\"thumbnailUrl\":\"https:\\\/\\\/juntscontraelcancer.cat\\\/wp-content\\\/uploads\\\/2024\\\/07\\\/junts-contra-el-cancer-mites-i-realitats-de-la-fotoproteccio-pacients-oncologics.png\",\"articleSection\":[\"Actualidad\",\"Destacadas\"],\"inLanguage\":\"es\"},{\"@type\":\"WebPage\",\"@id\":\"https:\\\/\\\/juntscontraelcancer.cat\\\/es\\\/pacientes-de-tarragona-aprenden-como-protegerse-bien-del-sol-con-el-taller-mitos-y-realidades-de-la-fotoproteccio-en-pacientes-oncologicos\\\/\",\"url\":\"https:\\\/\\\/juntscontraelcancer.cat\\\/es\\\/pacientes-de-tarragona-aprenden-como-protegerse-bien-del-sol-con-el-taller-mitos-y-realidades-de-la-fotoproteccio-en-pacientes-oncologicos\\\/\",\"name\":\"Pacientes de Tarragona aprenden c\u00f3mo protegerse bien del sol con el taller 'Mitos y realidades de la fotoprotecci\u00f3 en pacientes oncol\u00f3gicos' - Junts contra el c\u00e0ncer - FECEC\",\"isPartOf\":{\"@id\":\"https:\\\/\\\/juntscontraelcancer.cat\\\/es\\\/#website\"},\"primaryImageOfPage\":{\"@id\":\"https:\\\/\\\/juntscontraelcancer.cat\\\/es\\\/pacientes-de-tarragona-aprenden-como-protegerse-bien-del-sol-con-el-taller-mitos-y-realidades-de-la-fotoproteccio-en-pacientes-oncologicos\\\/#primaryimage\"},\"image\":{\"@id\":\"https:\\\/\\\/juntscontraelcancer.cat\\\/es\\\/pacientes-de-tarragona-aprenden-como-protegerse-bien-del-sol-con-el-taller-mitos-y-realidades-de-la-fotoproteccio-en-pacientes-oncologicos\\\/#primaryimage\"},\"thumbnailUrl\":\"https:\\\/\\\/juntscontraelcancer.cat\\\/wp-content\\\/uploads\\\/2024\\\/07\\\/junts-contra-el-cancer-mites-i-realitats-de-la-fotoproteccio-pacients-oncologics.png\",\"datePublished\":\"2024-07-05T07:11:34+00:00\",\"dateModified\":\"2024-07-05T09:49:56+00:00\",\"breadcrumb\":{\"@id\":\"https:\\\/\\\/juntscontraelcancer.cat\\\/es\\\/pacientes-de-tarragona-aprenden-como-protegerse-bien-del-sol-con-el-taller-mitos-y-realidades-de-la-fotoproteccio-en-pacientes-oncologicos\\\/#breadcrumb\"},\"inLanguage\":\"es\",\"potentialAction\":[{\"@type\":\"ReadAction\",\"target\":[\"https:\\\/\\\/juntscontraelcancer.cat\\\/es\\\/pacientes-de-tarragona-aprenden-como-protegerse-bien-del-sol-con-el-taller-mitos-y-realidades-de-la-fotoproteccio-en-pacientes-oncologicos\\\/\"]}]},{\"@type\":\"ImageObject\",\"inLanguage\":\"es\",\"@id\":\"https:\\\/\\\/juntscontraelcancer.cat\\\/es\\\/pacientes-de-tarragona-aprenden-como-protegerse-bien-del-sol-con-el-taller-mitos-y-realidades-de-la-fotoproteccio-en-pacientes-oncologicos\\\/#primaryimage\",\"url\":\"https:\\\/\\\/juntscontraelcancer.cat\\\/wp-content\\\/uploads\\\/2024\\\/07\\\/junts-contra-el-cancer-mites-i-realitats-de-la-fotoproteccio-pacients-oncologics.png\",\"contentUrl\":\"https:\\\/\\\/juntscontraelcancer.cat\\\/wp-content\\\/uploads\\\/2024\\\/07\\\/junts-contra-el-cancer-mites-i-realitats-de-la-fotoproteccio-pacients-oncologics.png\",\"width\":1726,\"height\":966},{\"@type\":\"BreadcrumbList\",\"@id\":\"https:\\\/\\\/juntscontraelcancer.cat\\\/es\\\/pacientes-de-tarragona-aprenden-como-protegerse-bien-del-sol-con-el-taller-mitos-y-realidades-de-la-fotoproteccio-en-pacientes-oncologicos\\\/#breadcrumb\",\"itemListElement\":[{\"@type\":\"ListItem\",\"position\":1,\"name\":\"Inicio\",\"item\":\"https:\\\/\\\/juntscontraelcancer.cat\\\/es\\\/\"},{\"@type\":\"ListItem\",\"position\":2,\"name\":\"Pacientes de Tarragona aprenden c\u00f3mo protegerse bien del sol con el taller &#8216;Mitos y realidades de la fotoprotecci\u00f3 en pacientes oncol\u00f3gicos&#8217;\"}]},{\"@type\":\"WebSite\",\"@id\":\"https:\\\/\\\/juntscontraelcancer.cat\\\/es\\\/#website\",\"url\":\"https:\\\/\\\/juntscontraelcancer.cat\\\/es\\\/\",\"name\":\"Junts contra el c\u00e0ncer - FECEC\",\"description\":\"\",\"publisher\":{\"@id\":\"https:\\\/\\\/juntscontraelcancer.cat\\\/es\\\/#organization\"},\"potentialAction\":[{\"@type\":\"SearchAction\",\"target\":{\"@type\":\"EntryPoint\",\"urlTemplate\":\"https:\\\/\\\/juntscontraelcancer.cat\\\/es\\\/?s={search_term_string}\"},\"query-input\":{\"@type\":\"PropertyValueSpecification\",\"valueRequired\":true,\"valueName\":\"search_term_string\"}}],\"inLanguage\":\"es\"},{\"@type\":\"Organization\",\"@id\":\"https:\\\/\\\/juntscontraelcancer.cat\\\/es\\\/#organization\",\"name\":\"Junts contra el c\u00e0ncer - FECEC\",\"url\":\"https:\\\/\\\/juntscontraelcancer.cat\\\/es\\\/\",\"logo\":{\"@type\":\"ImageObject\",\"inLanguage\":\"es\",\"@id\":\"https:\\\/\\\/juntscontraelcancer.cat\\\/es\\\/#\\\/schema\\\/logo\\\/image\\\/\",\"url\":\"https:\\\/\\\/juntscontraelcancer.cat\\\/wp-content\\\/uploads\\\/2023\\\/01\\\/logo-fecec-header.png\",\"contentUrl\":\"https:\\\/\\\/juntscontraelcancer.cat\\\/wp-content\\\/uploads\\\/2023\\\/01\\\/logo-fecec-header.png\",\"width\":126,\"height\":74,\"caption\":\"Junts contra el c\u00e0ncer - FECEC\"},\"image\":{\"@id\":\"https:\\\/\\\/juntscontraelcancer.cat\\\/es\\\/#\\\/schema\\\/logo\\\/image\\\/\"},\"sameAs\":[\"https:\\\/\\\/www.facebook.com\\\/fecec.federacio\\\/\",\"https:\\\/\\\/x.com\\\/FececFederacio\",\"https:\\\/\\\/www.instagram.com\\\/fececfederacio\\\/?hl=es\",\"https:\\\/\\\/www.youtube.com\\\/channel\\\/UCgAC_6c6hmHwMQhSCQyYBdA\"]},{\"@type\":\"Person\",\"@id\":\"https:\\\/\\\/juntscontraelcancer.cat\\\/es\\\/#\\\/schema\\\/person\\\/2bba6ee197504983c335d560850ec148\",\"name\":\"FECEC Comunicaci\u00f3\",\"image\":{\"@type\":\"ImageObject\",\"inLanguage\":\"es\",\"@id\":\"https:\\\/\\\/secure.gravatar.com\\\/avatar\\\/afa7129fad37df4be85b472c53d2039388784444579f67ca35ddbc83bfae2fd0?s=96&d=mm&r=g\",\"url\":\"https:\\\/\\\/secure.gravatar.com\\\/avatar\\\/afa7129fad37df4be85b472c53d2039388784444579f67ca35ddbc83bfae2fd0?s=96&d=mm&r=g\",\"contentUrl\":\"https:\\\/\\\/secure.gravatar.com\\\/avatar\\\/afa7129fad37df4be85b472c53d2039388784444579f67ca35ddbc83bfae2fd0?s=96&d=mm&r=g\",\"caption\":\"FECEC Comunicaci\u00f3\"}}]}<\/script>\n<!-- \/ Yoast SEO plugin. -->","yoast_head_json":{"title":"Pacientes de Tarragona aprenden c\u00f3mo protegerse bien del sol con el taller 'Mitos y realidades de la fotoprotecci\u00f3 en pacientes oncol\u00f3gicos' - Junts contra el c\u00e0ncer - FECEC","robots":{"index":"index","follow":"follow","max-snippet":"max-snippet:-1","max-image-preview":"max-image-preview:large","max-video-preview":"max-video-preview:-1"},"canonical":"https:\/\/juntscontraelcancer.cat\/es\/pacientes-de-tarragona-aprenden-como-protegerse-bien-del-sol-con-el-taller-mitos-y-realidades-de-la-fotoproteccio-en-pacientes-oncologicos\/","og_locale":"es_ES","og_type":"article","og_title":"Pacientes de Tarragona aprenden c\u00f3mo protegerse bien del sol con el taller 'Mitos y realidades de la fotoprotecci\u00f3 en pacientes oncol\u00f3gicos' - Junts contra el c\u00e0ncer - FECEC","og_description":"La FECECJunts contra el C\u00e0ncer y la Lliga de Tarragona i les Terres de l'Ebre organizaron ayer el segundo de los talleres \"Mitos y realidades de la fotoprotecci\u00f3 en pacientes oncol\u00f3gicos\", charla dirigida a personas con c\u00e1ncer que quieren saber c\u00f3mo protegerse correctamente del sol.","og_url":"https:\/\/juntscontraelcancer.cat\/es\/pacientes-de-tarragona-aprenden-como-protegerse-bien-del-sol-con-el-taller-mitos-y-realidades-de-la-fotoproteccio-en-pacientes-oncologicos\/","og_site_name":"Junts contra el c\u00e0ncer - FECEC","article_publisher":"https:\/\/www.facebook.com\/fecec.federacio\/","article_published_time":"2024-07-05T07:11:34+00:00","article_modified_time":"2024-07-05T09:49:56+00:00","og_image":[{"width":1726,"height":966,"url":"https:\/\/juntscontraelcancer.cat\/wp-content\/uploads\/2024\/07\/junts-contra-el-cancer-mites-i-realitats-de-la-fotoproteccio-pacients-oncologics.png","type":"image\/png"}],"author":"FECEC Comunicaci\u00f3","twitter_card":"summary_large_image","twitter_creator":"@FececFederacio","twitter_site":"@FececFederacio","twitter_misc":{"Escrito por":"FECEC Comunicaci\u00f3","Tiempo de lectura":"1 minuto"},"schema":{"@context":"https:\/\/schema.org","@graph":[{"@type":"Article","@id":"https:\/\/juntscontraelcancer.cat\/es\/pacientes-de-tarragona-aprenden-como-protegerse-bien-del-sol-con-el-taller-mitos-y-realidades-de-la-fotoproteccio-en-pacientes-oncologicos\/#article","isPartOf":{"@id":"https:\/\/juntscontraelcancer.cat\/es\/pacientes-de-tarragona-aprenden-como-protegerse-bien-del-sol-con-el-taller-mitos-y-realidades-de-la-fotoproteccio-en-pacientes-oncologicos\/"},"author":{"name":"FECEC Comunicaci\u00f3","@id":"https:\/\/juntscontraelcancer.cat\/es\/#\/schema\/person\/2bba6ee197504983c335d560850ec148"},"headline":"Pacientes de Tarragona aprenden c\u00f3mo protegerse bien del sol con el taller &#8216;Mitos y realidades de la fotoprotecci\u00f3 en pacientes oncol\u00f3gicos&#8217;","datePublished":"2024-07-05T07:11:34+00:00","dateModified":"2024-07-05T09:49:56+00:00","mainEntityOfPage":{"@id":"https:\/\/juntscontraelcancer.cat\/es\/pacientes-de-tarragona-aprenden-como-protegerse-bien-del-sol-con-el-taller-mitos-y-realidades-de-la-fotoproteccio-en-pacientes-oncologicos\/"},"wordCount":238,"publisher":{"@id":"https:\/\/juntscontraelcancer.cat\/es\/#organization"},"image":{"@id":"https:\/\/juntscontraelcancer.cat\/es\/pacientes-de-tarragona-aprenden-como-protegerse-bien-del-sol-con-el-taller-mitos-y-realidades-de-la-fotoproteccio-en-pacientes-oncologicos\/#primaryimage"},"thumbnailUrl":"https:\/\/juntscontraelcancer.cat\/wp-content\/uploads\/2024\/07\/junts-contra-el-cancer-mites-i-realitats-de-la-fotoproteccio-pacients-oncologics.png","articleSection":["Actualidad","Destacadas"],"inLanguage":"es"},{"@type":"WebPage","@id":"https:\/\/juntscontraelcancer.cat\/es\/pacientes-de-tarragona-aprenden-como-protegerse-bien-del-sol-con-el-taller-mitos-y-realidades-de-la-fotoproteccio-en-pacientes-oncologicos\/","url":"https:\/\/juntscontraelcancer.cat\/es\/pacientes-de-tarragona-aprenden-como-protegerse-bien-del-sol-con-el-taller-mitos-y-realidades-de-la-fotoproteccio-en-pacientes-oncologicos\/","name":"Pacientes de Tarragona aprenden c\u00f3mo protegerse bien del sol con el taller 'Mitos y realidades de la fotoprotecci\u00f3 en pacientes oncol\u00f3gicos' - Junts contra el c\u00e0ncer - FECEC","isPartOf":{"@id":"https:\/\/juntscontraelcancer.cat\/es\/#website"},"primaryImageOfPage":{"@id":"https:\/\/juntscontraelcancer.cat\/es\/pacientes-de-tarragona-aprenden-como-protegerse-bien-del-sol-con-el-taller-mitos-y-realidades-de-la-fotoproteccio-en-pacientes-oncologicos\/#primaryimage"},"image":{"@id":"https:\/\/juntscontraelcancer.cat\/es\/pacientes-de-tarragona-aprenden-como-protegerse-bien-del-sol-con-el-taller-mitos-y-realidades-de-la-fotoproteccio-en-pacientes-oncologicos\/#primaryimage"},"thumbnailUrl":"https:\/\/juntscontraelcancer.cat\/wp-content\/uploads\/2024\/07\/junts-contra-el-cancer-mites-i-realitats-de-la-fotoproteccio-pacients-oncologics.png","datePublished":"2024-07-05T07:11:34+00:00","dateModified":"2024-07-05T09:49:56+00:00","breadcrumb":{"@id":"https:\/\/juntscontraelcancer.cat\/es\/pacientes-de-tarragona-aprenden-como-protegerse-bien-del-sol-con-el-taller-mitos-y-realidades-de-la-fotoproteccio-en-pacientes-oncologicos\/#breadcrumb"},"inLanguage":"es","potentialAction":[{"@type":"ReadAction","target":["https:\/\/juntscontraelcancer.cat\/es\/pacientes-de-tarragona-aprenden-como-protegerse-bien-del-sol-con-el-taller-mitos-y-realidades-de-la-fotoproteccio-en-pacientes-oncologicos\/"]}]},{"@type":"ImageObject","inLanguage":"es","@id":"https:\/\/juntscontraelcancer.cat\/es\/pacientes-de-tarragona-aprenden-como-protegerse-bien-del-sol-con-el-taller-mitos-y-realidades-de-la-fotoproteccio-en-pacientes-oncologicos\/#primaryimage","url":"https:\/\/juntscontraelcancer.cat\/wp-content\/uploads\/2024\/07\/junts-contra-el-cancer-mites-i-realitats-de-la-fotoproteccio-pacients-oncologics.png","contentUrl":"https:\/\/juntscontraelcancer.cat\/wp-content\/uploads\/2024\/07\/junts-contra-el-cancer-mites-i-realitats-de-la-fotoproteccio-pacients-oncologics.png","width":1726,"height":966},{"@type":"BreadcrumbList","@id":"https:\/\/juntscontraelcancer.cat\/es\/pacientes-de-tarragona-aprenden-como-protegerse-bien-del-sol-con-el-taller-mitos-y-realidades-de-la-fotoproteccio-en-pacientes-oncologicos\/#breadcrumb","itemListElement":[{"@type":"ListItem","position":1,"name":"Inicio","item":"https:\/\/juntscontraelcancer.cat\/es\/"},{"@type":"ListItem","position":2,"name":"Pacientes de Tarragona aprenden c\u00f3mo protegerse bien del sol con el taller &#8216;Mitos y realidades de la fotoprotecci\u00f3 en pacientes oncol\u00f3gicos&#8217;"}]},{"@type":"WebSite","@id":"https:\/\/juntscontraelcancer.cat\/es\/#website","url":"https:\/\/juntscontraelcancer.cat\/es\/","name":"Junts contra el c\u00e0ncer - FECEC","description":"","publisher":{"@id":"https:\/\/juntscontraelcancer.cat\/es\/#organization"},"potentialAction":[{"@type":"SearchAction","target":{"@type":"EntryPoint","urlTemplate":"https:\/\/juntscontraelcancer.cat\/es\/?s={search_term_string}"},"query-input":{"@type":"PropertyValueSpecification","valueRequired":true,"valueName":"search_term_string"}}],"inLanguage":"es"},{"@type":"Organization","@id":"https:\/\/juntscontraelcancer.cat\/es\/#organization","name":"Junts contra el c\u00e0ncer - FECEC","url":"https:\/\/juntscontraelcancer.cat\/es\/","logo":{"@type":"ImageObject","inLanguage":"es","@id":"https:\/\/juntscontraelcancer.cat\/es\/#\/schema\/logo\/image\/","url":"https:\/\/juntscontraelcancer.cat\/wp-content\/uploads\/2023\/01\/logo-fecec-header.png","contentUrl":"https:\/\/juntscontraelcancer.cat\/wp-content\/uploads\/2023\/01\/logo-fecec-header.png","width":126,"height":74,"caption":"Junts contra el c\u00e0ncer - FECEC"},"image":{"@id":"https:\/\/juntscontraelcancer.cat\/es\/#\/schema\/logo\/image\/"},"sameAs":["https:\/\/www.facebook.com\/fecec.federacio\/","https:\/\/x.com\/FececFederacio","https:\/\/www.instagram.com\/fececfederacio\/?hl=es","https:\/\/www.youtube.com\/channel\/UCgAC_6c6hmHwMQhSCQyYBdA"]},{"@type":"Person","@id":"https:\/\/juntscontraelcancer.cat\/es\/#\/schema\/person\/2bba6ee197504983c335d560850ec148","name":"FECEC Comunicaci\u00f3","image":{"@type":"ImageObject","inLanguage":"es","@id":"https:\/\/secure.gravatar.com\/avatar\/afa7129fad37df4be85b472c53d2039388784444579f67ca35ddbc83bfae2fd0?s=96&d=mm&r=g","url":"https:\/\/secure.gravatar.com\/avatar\/afa7129fad37df4be85b472c53d2039388784444579f67ca35ddbc83bfae2fd0?s=96&d=mm&r=g","contentUrl":"https:\/\/secure.gravatar.com\/avatar\/afa7129fad37df4be85b472c53d2039388784444579f67ca35ddbc83bfae2fd0?s=96&d=mm&r=g","caption":"FECEC Comunicaci\u00f3"}}]}},"_links":{"self":[{"href":"https:\/\/juntscontraelcancer.cat\/es\/wp-json\/wp\/v2\/posts\/36643","targetHints":{"allow":["GET"]}}],"collection":[{"href":"https:\/\/juntscontraelcancer.cat\/es\/wp-json\/wp\/v2\/posts"}],"about":[{"href":"https:\/\/juntscontraelcancer.cat\/es\/wp-json\/wp\/v2\/types\/post"}],"author":[{"embeddable":true,"href":"https:\/\/juntscontraelcancer.cat\/es\/wp-json\/wp\/v2\/users\/2"}],"replies":[{"embeddable":true,"href":"https:\/\/juntscontraelcancer.cat\/es\/wp-json\/wp\/v2\/comments?post=36643"}],"version-history":[{"count":3,"href":"https:\/\/juntscontraelcancer.cat\/es\/wp-json\/wp\/v2\/posts\/36643\/revisions"}],"predecessor-version":[{"id":36646,"href":"https:\/\/juntscontraelcancer.cat\/es\/wp-json\/wp\/v2\/posts\/36643\/revisions\/36646"}],"wp:featuredmedia":[{"embeddable":true,"href":"https:\/\/juntscontraelcancer.cat\/es\/wp-json\/wp\/v2\/media\/36618"}],"wp:attachment":[{"href":"https:\/\/juntscontraelcancer.cat\/es\/wp-json\/wp\/v2\/media?parent=36643"}],"wp:term":[{"taxonomy":"category","embeddable":true,"href":"https:\/\/juntscontraelcancer.cat\/es\/wp-json\/wp\/v2\/categories?post=36643"},{"taxonomy":"post_tag","embeddable":true,"href":"https:\/\/juntscontraelcancer.cat\/es\/wp-json\/wp\/v2\/tags?post=36643"}],"curies":[{"name":"wp","href":"https:\/\/api.w.org\/{rel}","templated":true}]}}