{"id":35255,"date":"2024-04-25T08:29:00","date_gmt":"2024-04-25T06:29:00","guid":{"rendered":"https:\/\/juntscontraelcancer.cat\/25-de-mayo-celebra-con-la-fecec-junts-contra-el-cancer-los-20-anos-del-encuentro-de-voluntariado-en-el-ambito-oncologico\/"},"modified":"2024-05-17T12:39:52","modified_gmt":"2024-05-17T10:39:52","slug":"25-de-mayo-celebra-con-la-fecec-junts-contra-el-cancer-los-20-anos-del-encuentro-de-voluntariado-en-el-ambito-oncologico","status":"publish","type":"post","link":"https:\/\/juntscontraelcancer.cat\/es\/25-de-mayo-celebra-con-la-fecec-junts-contra-el-cancer-los-20-anos-del-encuentro-de-voluntariado-en-el-ambito-oncologico\/","title":{"rendered":"25 de mayo: celebra con la FECEC Junts contra el C\u00e0ncer los 20 a\u00f1os del Encuentro de voluntariado en el \u00e1mbito oncol\u00f3gico"},"content":{"rendered":"\n<p><strong>\u00a1INSCRIPCIONES CERRADAS!<\/strong><\/p>\n\n<p>Este a\u00f1o, el <strong>XX Encuentro de voluntariado en el \u00e1mbito oncol\u00f3gico<\/strong> lleva por lema <strong>\u00ab20 a\u00f1os juntos\u00bb<\/strong> e incluir\u00e1, como es tradicional, charlas y talleres para todos los voluntarios y voluntarias de las entidades, sorpresas y una comida para los asistentes. El objetivo del encuentro de voluntariado es, como en cada edici\u00f3n, crear un espacio para fortalecer el nexo de uni\u00f3n del voluntariado oncol\u00f3gico y reconocer su valiosa e imprescindible tarea solidaria para mejorar la calidad de vida de las personas con c\u00e1ncer y sus familiares y cuidadores.&#13;\n<\/p>\n\n<p>En estos 20 a\u00f1os que la FECEC Junts contra el C\u00e0ncer lleva realizando el encuentro, se han reunido m\u00e1s de 200 personas cada a\u00f1o para compartir sus experiencias y solidaridad. El Encuentro de voluntariado se ha celebrado de manera ininterrumpida, incluso en los dos a\u00f1os donde la pandemia no permiti\u00f3 que el encuentro fuera presencial.&#13;\n<\/p>\n\n<p>El encuentro se celebrar\u00e1 el s\u00e1bado, 25 de mayo, a partir de las 9:45 h en el  <a href=\"https:\/\/www.upf.edu\/web\/campus\/campus-ciutadella\" target=\"_blank\" rel=\"noreferrer noopener\">Campus de la Ciutadella de la Universitat Pompeu Fabra de Barcelona<\/a> (calle de Ramon Trias Fargas 25-27 Barcelona)&#13;\n<\/p>\n\n<figure class=\"wp-block-embed is-type-video is-provider-youtube wp-block-embed-youtube wp-embed-aspect-16-9 wp-has-aspect-ratio\"><div class=\"wp-block-embed__wrapper\">\r\n<iframe loading=\"lazy\" title=\"XX Trobada de voluntariat en l&#039;\u00e0mbit oncol\u00f2gic\" width=\"1020\" height=\"574\" src=\"https:\/\/www.youtube.com\/embed\/Y8trRBlbHw8?feature=oembed\" frameborder=\"0\" allow=\"accelerometer; autoplay; clipboard-write; encrypted-media; gyroscope; picture-in-picture; web-share\" referrerpolicy=\"strict-origin-when-cross-origin\" allowfullscreen><\/iframe>\r\n<\/div><\/figure>\r\n\n<p><strong>PROGRAMA XX ENCUENTRO DE VOLUNTARIADO EN El \u00c1MBITO ONCOL\u00d3GICO: 20 A\u00d1OS JUNTOS<\/strong>&#13;\n<\/p>\n\n<ul class=\"wp-block-list\">\n<li>9:30 h <strong>Apertura de puertas<\/strong><\/li>\n\n\n\n<li>9:45 h <strong>Benvinguda<\/strong> a c\u00e0rrec de les autoritats:&#13;\n<strong>Sra. M. Assumpci\u00f3 Vil\u00e0<\/strong>, presidenta de la Federaci\u00f3 Catalana d&#8217;Entitats contra el C\u00e0ncer (FECEC).&#13;\n<strong>Ilma. Sra. Marta Villanueva, <\/strong>regidora de Salud, Personas amb Discapacidad y Estrategia contra la Soledad del Ajuntament de Barcelona.<strong>&#13;\nIlmo. Sr. Samuel N\u00fa\u00f1ez i Amela, <\/strong>diputado adjunto del \u00c1rea de Comercio, Consumo y Salud P\u00fablica de la Diputaci\u00f3 de Barcelona.<strong>&#13;\n<\/strong><strong>Hble. Sr. Manel Balcells<\/strong>, conseller de Salud de la Generalitat de Catalunya.<\/li>\n\n\n\n<li>10:00-11:00 h <strong>Charlas inspiradoras del voluntariado:<\/strong><br\/>&#13;\n&#13;\n<strong>Pasado y presente del voluntariado<\/strong>, por Anna Varderi, gerente Fundaci\u00f3n Enriqueta Villavecchia y vicepresidenta FECEC;<br\/>&#13;\n<strong>Del renacimiento en el voluntariado:<\/strong> <strong>una metamorfosis personal<\/strong>, por Xavier Puig, voluntario Fundaci\u00f3n Oncolliga Barcelona;<br\/>&#13;\n<strong>Experiencias del voluntariado<\/strong>, por Anna Puigpiqu\u00e9, voluntaria Fundaci\u00f3n Enriqueta Villavecchia y Anton Vila voluntario Lliga contra el C\u00e0ncer de Tarragona i les Terres de l&#8217;Ebre;<br\/>&#13;\n<strong>M\u00e1s all\u00e1 del compromiso: despertando la pasi\u00f3n por el voluntariado<\/strong>, por Miquel Antonijuan, experto en orientaci\u00f3 vocacional y director de Norte Ikigai.<\/li>\n\n\n\n<li>11:00-11:30 h <strong>Pausa Caf\u00e9<\/strong><\/li>\n\n\n\n<li>11:30-13:15 <strong>Taller \u201cLos pilares del voluntariado: altruismo, cohesi\u00f3n, compromiso y motivaci\u00f3n\u00bb<\/strong>, a cargo de Grefart Arteterapia <\/li>\n\n\n\n<li>13:15 -13:30 h <strong>Puesta en com\u00fan de las obras del taller<\/strong> <\/li>\n\n\n\n<li>13:30 -13:45 h <strong>Clausura<\/strong><\/li>\n\n\n\n<li>14:00 h<strong> Comida: <\/strong>Moncho&#8217;s Marina Bay<\/li>\n<\/ul>\n\n<p>El acto ser\u00e1 conducido por el periodista Ignasi Gaya.<\/p>\n\n<p><strong>Precio inscripci\u00f3n*: <\/strong>18 euros voluntarios\/as entidades de la FECEC | 25 euros voluntarios\/as de entidades no federadas. Precio por persona. Incluye asistencia al Encuentro, caf\u00e9 y comida.&#13;\n<\/p>\n\n<p><strong>\u00a1INSCRIPCIONES CERRADAS!<\/strong><\/p>\n\n<p>El XX Encuentro de voluntariado en el \u00e1mbito oncol\u00f3gico cuenta con el apoyo del <a href=\"https:\/\/dretssocials.gencat.cat\/ca\/inici\" target=\"_blank\" rel=\"noreferrer noopener\">Departament de Drets Socials de la Generalitat de Catalunya<\/a>, la <a href=\"https:\/\/www.diba.cat\/\" target=\"_blank\" rel=\"noreferrer noopener\">Diputaci\u00f3 de Barcelona<\/a> y <a href=\"https:\/\/www.jnj.com\/\" target=\"_blank\" rel=\"noreferrer noopener\">Johnson &amp; Johnson<\/a>.&#13;\n<\/p>\n","protected":false},"excerpt":{"rendered":"<p>Este 25 de mayo, no te pierdas la gran celebraci\u00f3n los 20 a\u00f1os del Encuentro de voluntariado en el \u00e1mbito oncol\u00f3gico. La FECEC, Junts contra el C\u00e0ncer ha preparado una gran fiesta para conmemorar el cumplea\u00f1os de este espacio de uni\u00f3n y cohesi\u00f3n y para reconocer la tarea de las personas voluntarias de las entidades federadas.<\/p>\n","protected":false},"author":2,"featured_media":35250,"comment_status":"closed","ping_status":"closed","sticky":false,"template":"","format":"standard","meta":{"_acf_changed":false,"inline_featured_image":false,"footnotes":""},"categories":[84,86],"tags":[],"class_list":["post-35255","post","type-post","status-publish","format-standard","has-post-thumbnail","hentry","category-actualidad","category-destacadas"],"acf":[],"yoast_head":"<!-- This site is optimized with the Yoast SEO plugin v27.3 - https:\/\/yoast.com\/product\/yoast-seo-wordpress\/ -->\n<title>25 de mayo: celebra con la FECEC Junts contra el C\u00e0ncer los 20 a\u00f1os del Encuentro de voluntariado en el \u00e1mbito oncol\u00f3gico - Junts contra el c\u00e0ncer - FECEC<\/title>\n<meta name=\"robots\" content=\"index, follow, max-snippet:-1, max-image-preview:large, max-video-preview:-1\" \/>\n<link rel=\"canonical\" href=\"https:\/\/juntscontraelcancer.cat\/es\/25-de-mayo-celebra-con-la-fecec-junts-contra-el-cancer-los-20-anos-del-encuentro-de-voluntariado-en-el-ambito-oncologico\/\" \/>\n<meta property=\"og:locale\" content=\"es_ES\" \/>\n<meta property=\"og:type\" content=\"article\" \/>\n<meta property=\"og:title\" content=\"25 de mayo: celebra con la FECEC Junts contra el C\u00e0ncer los 20 a\u00f1os del Encuentro de voluntariado en el \u00e1mbito oncol\u00f3gico - Junts contra el c\u00e0ncer - FECEC\" \/>\n<meta property=\"og:description\" content=\"Este 25 de mayo, no te pierdas la gran celebraci\u00f3n los 20 a\u00f1os del Encuentro de voluntariado en el \u00e1mbito oncol\u00f3gico. La FECEC, Junts contra el C\u00e0ncer ha preparado una gran fiesta para conmemorar el cumplea\u00f1os de este espacio de uni\u00f3n y cohesi\u00f3n y para reconocer la tarea de las personas voluntarias de las entidades federadas.\" \/>\n<meta property=\"og:url\" content=\"https:\/\/juntscontraelcancer.cat\/es\/25-de-mayo-celebra-con-la-fecec-junts-contra-el-cancer-los-20-anos-del-encuentro-de-voluntariado-en-el-ambito-oncologico\/\" \/>\n<meta property=\"og:site_name\" content=\"Junts contra el c\u00e0ncer - FECEC\" \/>\n<meta property=\"article:publisher\" content=\"https:\/\/www.facebook.com\/fecec.federacio\/\" \/>\n<meta property=\"article:published_time\" content=\"2024-04-25T06:29:00+00:00\" \/>\n<meta property=\"article:modified_time\" content=\"2024-05-17T10:39:52+00:00\" \/>\n<meta property=\"og:image\" content=\"https:\/\/juntscontraelcancer.cat\/wp-content\/uploads\/2024\/04\/Copia-de-Copia-de-Copia-de-Copia-de-Web.png\" \/>\n\t<meta property=\"og:image:width\" content=\"1726\" \/>\n\t<meta property=\"og:image:height\" content=\"966\" \/>\n\t<meta property=\"og:image:type\" content=\"image\/png\" \/>\n<meta name=\"author\" content=\"FECEC Comunicaci\u00f3\" \/>\n<meta name=\"twitter:card\" content=\"summary_large_image\" \/>\n<meta name=\"twitter:creator\" content=\"@FececFederacio\" \/>\n<meta name=\"twitter:site\" content=\"@FececFederacio\" \/>\n<meta name=\"twitter:label1\" content=\"Escrito por\" \/>\n\t<meta name=\"twitter:data1\" content=\"FECEC Comunicaci\u00f3\" \/>\n\t<meta name=\"twitter:label2\" content=\"Tiempo de lectura\" \/>\n\t<meta name=\"twitter:data2\" content=\"2 minutos\" \/>\n<script type=\"application\/ld+json\" class=\"yoast-schema-graph\">{\"@context\":\"https:\\\/\\\/schema.org\",\"@graph\":[{\"@type\":\"Article\",\"@id\":\"https:\\\/\\\/juntscontraelcancer.cat\\\/es\\\/25-de-mayo-celebra-con-la-fecec-junts-contra-el-cancer-los-20-anos-del-encuentro-de-voluntariado-en-el-ambito-oncologico\\\/#article\",\"isPartOf\":{\"@id\":\"https:\\\/\\\/juntscontraelcancer.cat\\\/es\\\/25-de-mayo-celebra-con-la-fecec-junts-contra-el-cancer-los-20-anos-del-encuentro-de-voluntariado-en-el-ambito-oncologico\\\/\"},\"author\":{\"name\":\"FECEC Comunicaci\u00f3\",\"@id\":\"https:\\\/\\\/juntscontraelcancer.cat\\\/es\\\/#\\\/schema\\\/person\\\/2bba6ee197504983c335d560850ec148\"},\"headline\":\"25 de mayo: celebra con la FECEC Junts contra el C\u00e0ncer los 20 a\u00f1os del Encuentro de voluntariado en el \u00e1mbito oncol\u00f3gico\",\"datePublished\":\"2024-04-25T06:29:00+00:00\",\"dateModified\":\"2024-05-17T10:39:52+00:00\",\"mainEntityOfPage\":{\"@id\":\"https:\\\/\\\/juntscontraelcancer.cat\\\/es\\\/25-de-mayo-celebra-con-la-fecec-junts-contra-el-cancer-los-20-anos-del-encuentro-de-voluntariado-en-el-ambito-oncologico\\\/\"},\"wordCount\":513,\"publisher\":{\"@id\":\"https:\\\/\\\/juntscontraelcancer.cat\\\/es\\\/#organization\"},\"image\":{\"@id\":\"https:\\\/\\\/juntscontraelcancer.cat\\\/es\\\/25-de-mayo-celebra-con-la-fecec-junts-contra-el-cancer-los-20-anos-del-encuentro-de-voluntariado-en-el-ambito-oncologico\\\/#primaryimage\"},\"thumbnailUrl\":\"https:\\\/\\\/juntscontraelcancer.cat\\\/wp-content\\\/uploads\\\/2024\\\/04\\\/Copia-de-Copia-de-Copia-de-Copia-de-Web.png\",\"articleSection\":[\"Actualidad\",\"Destacadas\"],\"inLanguage\":\"es\"},{\"@type\":\"WebPage\",\"@id\":\"https:\\\/\\\/juntscontraelcancer.cat\\\/es\\\/25-de-mayo-celebra-con-la-fecec-junts-contra-el-cancer-los-20-anos-del-encuentro-de-voluntariado-en-el-ambito-oncologico\\\/\",\"url\":\"https:\\\/\\\/juntscontraelcancer.cat\\\/es\\\/25-de-mayo-celebra-con-la-fecec-junts-contra-el-cancer-los-20-anos-del-encuentro-de-voluntariado-en-el-ambito-oncologico\\\/\",\"name\":\"25 de mayo: celebra con la FECEC Junts contra el C\u00e0ncer los 20 a\u00f1os del Encuentro de voluntariado en el \u00e1mbito oncol\u00f3gico - Junts contra el c\u00e0ncer - FECEC\",\"isPartOf\":{\"@id\":\"https:\\\/\\\/juntscontraelcancer.cat\\\/es\\\/#website\"},\"primaryImageOfPage\":{\"@id\":\"https:\\\/\\\/juntscontraelcancer.cat\\\/es\\\/25-de-mayo-celebra-con-la-fecec-junts-contra-el-cancer-los-20-anos-del-encuentro-de-voluntariado-en-el-ambito-oncologico\\\/#primaryimage\"},\"image\":{\"@id\":\"https:\\\/\\\/juntscontraelcancer.cat\\\/es\\\/25-de-mayo-celebra-con-la-fecec-junts-contra-el-cancer-los-20-anos-del-encuentro-de-voluntariado-en-el-ambito-oncologico\\\/#primaryimage\"},\"thumbnailUrl\":\"https:\\\/\\\/juntscontraelcancer.cat\\\/wp-content\\\/uploads\\\/2024\\\/04\\\/Copia-de-Copia-de-Copia-de-Copia-de-Web.png\",\"datePublished\":\"2024-04-25T06:29:00+00:00\",\"dateModified\":\"2024-05-17T10:39:52+00:00\",\"breadcrumb\":{\"@id\":\"https:\\\/\\\/juntscontraelcancer.cat\\\/es\\\/25-de-mayo-celebra-con-la-fecec-junts-contra-el-cancer-los-20-anos-del-encuentro-de-voluntariado-en-el-ambito-oncologico\\\/#breadcrumb\"},\"inLanguage\":\"es\",\"potentialAction\":[{\"@type\":\"ReadAction\",\"target\":[\"https:\\\/\\\/juntscontraelcancer.cat\\\/es\\\/25-de-mayo-celebra-con-la-fecec-junts-contra-el-cancer-los-20-anos-del-encuentro-de-voluntariado-en-el-ambito-oncologico\\\/\"]}]},{\"@type\":\"ImageObject\",\"inLanguage\":\"es\",\"@id\":\"https:\\\/\\\/juntscontraelcancer.cat\\\/es\\\/25-de-mayo-celebra-con-la-fecec-junts-contra-el-cancer-los-20-anos-del-encuentro-de-voluntariado-en-el-ambito-oncologico\\\/#primaryimage\",\"url\":\"https:\\\/\\\/juntscontraelcancer.cat\\\/wp-content\\\/uploads\\\/2024\\\/04\\\/Copia-de-Copia-de-Copia-de-Copia-de-Web.png\",\"contentUrl\":\"https:\\\/\\\/juntscontraelcancer.cat\\\/wp-content\\\/uploads\\\/2024\\\/04\\\/Copia-de-Copia-de-Copia-de-Copia-de-Web.png\",\"width\":1726,\"height\":966},{\"@type\":\"BreadcrumbList\",\"@id\":\"https:\\\/\\\/juntscontraelcancer.cat\\\/es\\\/25-de-mayo-celebra-con-la-fecec-junts-contra-el-cancer-los-20-anos-del-encuentro-de-voluntariado-en-el-ambito-oncologico\\\/#breadcrumb\",\"itemListElement\":[{\"@type\":\"ListItem\",\"position\":1,\"name\":\"Inicio\",\"item\":\"https:\\\/\\\/juntscontraelcancer.cat\\\/es\\\/\"},{\"@type\":\"ListItem\",\"position\":2,\"name\":\"25 de mayo: celebra con la FECEC Junts contra el C\u00e0ncer los 20 a\u00f1os del Encuentro de voluntariado en el \u00e1mbito oncol\u00f3gico\"}]},{\"@type\":\"WebSite\",\"@id\":\"https:\\\/\\\/juntscontraelcancer.cat\\\/es\\\/#website\",\"url\":\"https:\\\/\\\/juntscontraelcancer.cat\\\/es\\\/\",\"name\":\"Junts contra el c\u00e0ncer - FECEC\",\"description\":\"\",\"publisher\":{\"@id\":\"https:\\\/\\\/juntscontraelcancer.cat\\\/es\\\/#organization\"},\"potentialAction\":[{\"@type\":\"SearchAction\",\"target\":{\"@type\":\"EntryPoint\",\"urlTemplate\":\"https:\\\/\\\/juntscontraelcancer.cat\\\/es\\\/?s={search_term_string}\"},\"query-input\":{\"@type\":\"PropertyValueSpecification\",\"valueRequired\":true,\"valueName\":\"search_term_string\"}}],\"inLanguage\":\"es\"},{\"@type\":\"Organization\",\"@id\":\"https:\\\/\\\/juntscontraelcancer.cat\\\/es\\\/#organization\",\"name\":\"Junts contra el c\u00e0ncer - FECEC\",\"url\":\"https:\\\/\\\/juntscontraelcancer.cat\\\/es\\\/\",\"logo\":{\"@type\":\"ImageObject\",\"inLanguage\":\"es\",\"@id\":\"https:\\\/\\\/juntscontraelcancer.cat\\\/es\\\/#\\\/schema\\\/logo\\\/image\\\/\",\"url\":\"https:\\\/\\\/juntscontraelcancer.cat\\\/wp-content\\\/uploads\\\/2023\\\/01\\\/logo-fecec-header.png\",\"contentUrl\":\"https:\\\/\\\/juntscontraelcancer.cat\\\/wp-content\\\/uploads\\\/2023\\\/01\\\/logo-fecec-header.png\",\"width\":126,\"height\":74,\"caption\":\"Junts contra el c\u00e0ncer - FECEC\"},\"image\":{\"@id\":\"https:\\\/\\\/juntscontraelcancer.cat\\\/es\\\/#\\\/schema\\\/logo\\\/image\\\/\"},\"sameAs\":[\"https:\\\/\\\/www.facebook.com\\\/fecec.federacio\\\/\",\"https:\\\/\\\/x.com\\\/FececFederacio\",\"https:\\\/\\\/www.instagram.com\\\/fececfederacio\\\/?hl=es\",\"https:\\\/\\\/www.youtube.com\\\/channel\\\/UCgAC_6c6hmHwMQhSCQyYBdA\"]},{\"@type\":\"Person\",\"@id\":\"https:\\\/\\\/juntscontraelcancer.cat\\\/es\\\/#\\\/schema\\\/person\\\/2bba6ee197504983c335d560850ec148\",\"name\":\"FECEC Comunicaci\u00f3\",\"image\":{\"@type\":\"ImageObject\",\"inLanguage\":\"es\",\"@id\":\"https:\\\/\\\/secure.gravatar.com\\\/avatar\\\/afa7129fad37df4be85b472c53d2039388784444579f67ca35ddbc83bfae2fd0?s=96&d=mm&r=g\",\"url\":\"https:\\\/\\\/secure.gravatar.com\\\/avatar\\\/afa7129fad37df4be85b472c53d2039388784444579f67ca35ddbc83bfae2fd0?s=96&d=mm&r=g\",\"contentUrl\":\"https:\\\/\\\/secure.gravatar.com\\\/avatar\\\/afa7129fad37df4be85b472c53d2039388784444579f67ca35ddbc83bfae2fd0?s=96&d=mm&r=g\",\"caption\":\"FECEC Comunicaci\u00f3\"}}]}<\/script>\n<!-- \/ Yoast SEO plugin. -->","yoast_head_json":{"title":"25 de mayo: celebra con la FECEC Junts contra el C\u00e0ncer los 20 a\u00f1os del Encuentro de voluntariado en el \u00e1mbito oncol\u00f3gico - Junts contra el c\u00e0ncer - FECEC","robots":{"index":"index","follow":"follow","max-snippet":"max-snippet:-1","max-image-preview":"max-image-preview:large","max-video-preview":"max-video-preview:-1"},"canonical":"https:\/\/juntscontraelcancer.cat\/es\/25-de-mayo-celebra-con-la-fecec-junts-contra-el-cancer-los-20-anos-del-encuentro-de-voluntariado-en-el-ambito-oncologico\/","og_locale":"es_ES","og_type":"article","og_title":"25 de mayo: celebra con la FECEC Junts contra el C\u00e0ncer los 20 a\u00f1os del Encuentro de voluntariado en el \u00e1mbito oncol\u00f3gico - Junts contra el c\u00e0ncer - FECEC","og_description":"Este 25 de mayo, no te pierdas la gran celebraci\u00f3n los 20 a\u00f1os del Encuentro de voluntariado en el \u00e1mbito oncol\u00f3gico. La FECEC, Junts contra el C\u00e0ncer ha preparado una gran fiesta para conmemorar el cumplea\u00f1os de este espacio de uni\u00f3n y cohesi\u00f3n y para reconocer la tarea de las personas voluntarias de las entidades federadas.","og_url":"https:\/\/juntscontraelcancer.cat\/es\/25-de-mayo-celebra-con-la-fecec-junts-contra-el-cancer-los-20-anos-del-encuentro-de-voluntariado-en-el-ambito-oncologico\/","og_site_name":"Junts contra el c\u00e0ncer - FECEC","article_publisher":"https:\/\/www.facebook.com\/fecec.federacio\/","article_published_time":"2024-04-25T06:29:00+00:00","article_modified_time":"2024-05-17T10:39:52+00:00","og_image":[{"width":1726,"height":966,"url":"https:\/\/juntscontraelcancer.cat\/wp-content\/uploads\/2024\/04\/Copia-de-Copia-de-Copia-de-Copia-de-Web.png","type":"image\/png"}],"author":"FECEC Comunicaci\u00f3","twitter_card":"summary_large_image","twitter_creator":"@FececFederacio","twitter_site":"@FececFederacio","twitter_misc":{"Escrito por":"FECEC Comunicaci\u00f3","Tiempo de lectura":"2 minutos"},"schema":{"@context":"https:\/\/schema.org","@graph":[{"@type":"Article","@id":"https:\/\/juntscontraelcancer.cat\/es\/25-de-mayo-celebra-con-la-fecec-junts-contra-el-cancer-los-20-anos-del-encuentro-de-voluntariado-en-el-ambito-oncologico\/#article","isPartOf":{"@id":"https:\/\/juntscontraelcancer.cat\/es\/25-de-mayo-celebra-con-la-fecec-junts-contra-el-cancer-los-20-anos-del-encuentro-de-voluntariado-en-el-ambito-oncologico\/"},"author":{"name":"FECEC Comunicaci\u00f3","@id":"https:\/\/juntscontraelcancer.cat\/es\/#\/schema\/person\/2bba6ee197504983c335d560850ec148"},"headline":"25 de mayo: celebra con la FECEC Junts contra el C\u00e0ncer los 20 a\u00f1os del Encuentro de voluntariado en el \u00e1mbito oncol\u00f3gico","datePublished":"2024-04-25T06:29:00+00:00","dateModified":"2024-05-17T10:39:52+00:00","mainEntityOfPage":{"@id":"https:\/\/juntscontraelcancer.cat\/es\/25-de-mayo-celebra-con-la-fecec-junts-contra-el-cancer-los-20-anos-del-encuentro-de-voluntariado-en-el-ambito-oncologico\/"},"wordCount":513,"publisher":{"@id":"https:\/\/juntscontraelcancer.cat\/es\/#organization"},"image":{"@id":"https:\/\/juntscontraelcancer.cat\/es\/25-de-mayo-celebra-con-la-fecec-junts-contra-el-cancer-los-20-anos-del-encuentro-de-voluntariado-en-el-ambito-oncologico\/#primaryimage"},"thumbnailUrl":"https:\/\/juntscontraelcancer.cat\/wp-content\/uploads\/2024\/04\/Copia-de-Copia-de-Copia-de-Copia-de-Web.png","articleSection":["Actualidad","Destacadas"],"inLanguage":"es"},{"@type":"WebPage","@id":"https:\/\/juntscontraelcancer.cat\/es\/25-de-mayo-celebra-con-la-fecec-junts-contra-el-cancer-los-20-anos-del-encuentro-de-voluntariado-en-el-ambito-oncologico\/","url":"https:\/\/juntscontraelcancer.cat\/es\/25-de-mayo-celebra-con-la-fecec-junts-contra-el-cancer-los-20-anos-del-encuentro-de-voluntariado-en-el-ambito-oncologico\/","name":"25 de mayo: celebra con la FECEC Junts contra el C\u00e0ncer los 20 a\u00f1os del Encuentro de voluntariado en el \u00e1mbito oncol\u00f3gico - Junts contra el c\u00e0ncer - FECEC","isPartOf":{"@id":"https:\/\/juntscontraelcancer.cat\/es\/#website"},"primaryImageOfPage":{"@id":"https:\/\/juntscontraelcancer.cat\/es\/25-de-mayo-celebra-con-la-fecec-junts-contra-el-cancer-los-20-anos-del-encuentro-de-voluntariado-en-el-ambito-oncologico\/#primaryimage"},"image":{"@id":"https:\/\/juntscontraelcancer.cat\/es\/25-de-mayo-celebra-con-la-fecec-junts-contra-el-cancer-los-20-anos-del-encuentro-de-voluntariado-en-el-ambito-oncologico\/#primaryimage"},"thumbnailUrl":"https:\/\/juntscontraelcancer.cat\/wp-content\/uploads\/2024\/04\/Copia-de-Copia-de-Copia-de-Copia-de-Web.png","datePublished":"2024-04-25T06:29:00+00:00","dateModified":"2024-05-17T10:39:52+00:00","breadcrumb":{"@id":"https:\/\/juntscontraelcancer.cat\/es\/25-de-mayo-celebra-con-la-fecec-junts-contra-el-cancer-los-20-anos-del-encuentro-de-voluntariado-en-el-ambito-oncologico\/#breadcrumb"},"inLanguage":"es","potentialAction":[{"@type":"ReadAction","target":["https:\/\/juntscontraelcancer.cat\/es\/25-de-mayo-celebra-con-la-fecec-junts-contra-el-cancer-los-20-anos-del-encuentro-de-voluntariado-en-el-ambito-oncologico\/"]}]},{"@type":"ImageObject","inLanguage":"es","@id":"https:\/\/juntscontraelcancer.cat\/es\/25-de-mayo-celebra-con-la-fecec-junts-contra-el-cancer-los-20-anos-del-encuentro-de-voluntariado-en-el-ambito-oncologico\/#primaryimage","url":"https:\/\/juntscontraelcancer.cat\/wp-content\/uploads\/2024\/04\/Copia-de-Copia-de-Copia-de-Copia-de-Web.png","contentUrl":"https:\/\/juntscontraelcancer.cat\/wp-content\/uploads\/2024\/04\/Copia-de-Copia-de-Copia-de-Copia-de-Web.png","width":1726,"height":966},{"@type":"BreadcrumbList","@id":"https:\/\/juntscontraelcancer.cat\/es\/25-de-mayo-celebra-con-la-fecec-junts-contra-el-cancer-los-20-anos-del-encuentro-de-voluntariado-en-el-ambito-oncologico\/#breadcrumb","itemListElement":[{"@type":"ListItem","position":1,"name":"Inicio","item":"https:\/\/juntscontraelcancer.cat\/es\/"},{"@type":"ListItem","position":2,"name":"25 de mayo: celebra con la FECEC Junts contra el C\u00e0ncer los 20 a\u00f1os del Encuentro de voluntariado en el \u00e1mbito oncol\u00f3gico"}]},{"@type":"WebSite","@id":"https:\/\/juntscontraelcancer.cat\/es\/#website","url":"https:\/\/juntscontraelcancer.cat\/es\/","name":"Junts contra el c\u00e0ncer - FECEC","description":"","publisher":{"@id":"https:\/\/juntscontraelcancer.cat\/es\/#organization"},"potentialAction":[{"@type":"SearchAction","target":{"@type":"EntryPoint","urlTemplate":"https:\/\/juntscontraelcancer.cat\/es\/?s={search_term_string}"},"query-input":{"@type":"PropertyValueSpecification","valueRequired":true,"valueName":"search_term_string"}}],"inLanguage":"es"},{"@type":"Organization","@id":"https:\/\/juntscontraelcancer.cat\/es\/#organization","name":"Junts contra el c\u00e0ncer - FECEC","url":"https:\/\/juntscontraelcancer.cat\/es\/","logo":{"@type":"ImageObject","inLanguage":"es","@id":"https:\/\/juntscontraelcancer.cat\/es\/#\/schema\/logo\/image\/","url":"https:\/\/juntscontraelcancer.cat\/wp-content\/uploads\/2023\/01\/logo-fecec-header.png","contentUrl":"https:\/\/juntscontraelcancer.cat\/wp-content\/uploads\/2023\/01\/logo-fecec-header.png","width":126,"height":74,"caption":"Junts contra el c\u00e0ncer - FECEC"},"image":{"@id":"https:\/\/juntscontraelcancer.cat\/es\/#\/schema\/logo\/image\/"},"sameAs":["https:\/\/www.facebook.com\/fecec.federacio\/","https:\/\/x.com\/FececFederacio","https:\/\/www.instagram.com\/fececfederacio\/?hl=es","https:\/\/www.youtube.com\/channel\/UCgAC_6c6hmHwMQhSCQyYBdA"]},{"@type":"Person","@id":"https:\/\/juntscontraelcancer.cat\/es\/#\/schema\/person\/2bba6ee197504983c335d560850ec148","name":"FECEC Comunicaci\u00f3","image":{"@type":"ImageObject","inLanguage":"es","@id":"https:\/\/secure.gravatar.com\/avatar\/afa7129fad37df4be85b472c53d2039388784444579f67ca35ddbc83bfae2fd0?s=96&d=mm&r=g","url":"https:\/\/secure.gravatar.com\/avatar\/afa7129fad37df4be85b472c53d2039388784444579f67ca35ddbc83bfae2fd0?s=96&d=mm&r=g","contentUrl":"https:\/\/secure.gravatar.com\/avatar\/afa7129fad37df4be85b472c53d2039388784444579f67ca35ddbc83bfae2fd0?s=96&d=mm&r=g","caption":"FECEC Comunicaci\u00f3"}}]}},"_links":{"self":[{"href":"https:\/\/juntscontraelcancer.cat\/es\/wp-json\/wp\/v2\/posts\/35255","targetHints":{"allow":["GET"]}}],"collection":[{"href":"https:\/\/juntscontraelcancer.cat\/es\/wp-json\/wp\/v2\/posts"}],"about":[{"href":"https:\/\/juntscontraelcancer.cat\/es\/wp-json\/wp\/v2\/types\/post"}],"author":[{"embeddable":true,"href":"https:\/\/juntscontraelcancer.cat\/es\/wp-json\/wp\/v2\/users\/2"}],"replies":[{"embeddable":true,"href":"https:\/\/juntscontraelcancer.cat\/es\/wp-json\/wp\/v2\/comments?post=35255"}],"version-history":[{"count":19,"href":"https:\/\/juntscontraelcancer.cat\/es\/wp-json\/wp\/v2\/posts\/35255\/revisions"}],"predecessor-version":[{"id":35691,"href":"https:\/\/juntscontraelcancer.cat\/es\/wp-json\/wp\/v2\/posts\/35255\/revisions\/35691"}],"wp:featuredmedia":[{"embeddable":true,"href":"https:\/\/juntscontraelcancer.cat\/es\/wp-json\/wp\/v2\/media\/35250"}],"wp:attachment":[{"href":"https:\/\/juntscontraelcancer.cat\/es\/wp-json\/wp\/v2\/media?parent=35255"}],"wp:term":[{"taxonomy":"category","embeddable":true,"href":"https:\/\/juntscontraelcancer.cat\/es\/wp-json\/wp\/v2\/categories?post=35255"},{"taxonomy":"post_tag","embeddable":true,"href":"https:\/\/juntscontraelcancer.cat\/es\/wp-json\/wp\/v2\/tags?post=35255"}],"curies":[{"name":"wp","href":"https:\/\/api.w.org\/{rel}","templated":true}]}}