{"id":34492,"date":"2024-03-18T17:53:44","date_gmt":"2024-03-18T15:53:44","guid":{"rendered":"https:\/\/juntscontraelcancer.cat\/31-de-marzo-dia-mundial-del-cancer-de-colon\/"},"modified":"2024-03-28T14:31:16","modified_gmt":"2024-03-28T12:31:16","slug":"31-de-marzo-dia-mundial-del-cancer-de-colon","status":"publish","type":"post","link":"https:\/\/juntscontraelcancer.cat\/es\/31-de-marzo-dia-mundial-del-cancer-de-colon\/","title":{"rendered":"D\u00eda Mundial del C\u00e1ncer de Colon: el Ministerio de Sanidad ampliar\u00e1 el cribado hasta los 74 a\u00f1os"},"content":{"rendered":"\n<p><strong>Coincidiendo con la celebraci\u00f3n el 31 de marzo del D\u00eda del C\u00e1ncer de Colon, el Ministerio de Sanidad ha decidido ampliar hasta los 74 a\u00f1os el cribado de c\u00e1ncer colorrectal para detectar sangre oculta a las heces, siguiendo las recomendaciones europeas. Actualmente, se ofrece a todos los hombres y mujeres de entre 50 y 69 a\u00f1os. <\/strong><\/p>\n\n<p>La ampliaci\u00f3n de la edad m\u00e1xima del cribado se tendr\u00e1 que aprobar en la Comisi\u00f3n de Salud P\u00fablica del Consejo Interterritorial del Sistema Nacional de Salud, seg\u00fan ha anunciado el director general de Salud P\u00fablica, Pedro Gull\u00f3n, durante un acto esta semana para conmemorar los diez a\u00f1os del programa.&#13;\n<\/p>\n\n<p>Gull\u00f3n tambi\u00e9n ha explicado que se est\u00e1 trabajando en <strong>un protocolo de consenso con todas las comunidades aut\u00f3nomas<\/strong> para mejorar la calidad de todas las etapas del programa de criba de c\u00e1ncer colorrectal.<\/p>\n\n<p><strong>31 de marzo, Dia Mundial del C\u00e1ncer de Colon<\/strong><\/p>\n\n<p>El D\u00eda Mundial del C\u00e1ncer de Colon es una jornada para sensibilizar sobre este tipo de c\u00e1ncer, el de m\u00e1s incidencia en Catalu\u00f1a sumando los casos en ambos sexos. Seguir una alimentaci\u00f3n saludable, realizar actividad f\u00edsica y participar en el Programa de Detecci\u00f3n Precoz pueden prevenir la aparici\u00f3n de estos tumores.<\/p>\n\n<p>El colon y el recto forman parte del intestino grueso, una parte del sistema digestivo encargada de absorber el agua y los minerales. El <a href=\"https:\/\/juntscontraelcancer.cat\/es\/tipos-de-cancer\/cancer-de-colon-y-recto\/\" target=\"_blank\" rel=\"noreferrer noopener\">c\u00e1ncer colorrectal<\/a> empieza a la mucosa del colon o recto y puede afectar solo a esta capa o al resto de capas de la pared de la tripa. Se trata de un tipo c\u00e1ncer de desarrollo lento y los s\u00edntomas suelen aparecer en estadios avanzados de la enfermedad. Algunos de los s\u00edntomas pueden incluir cambios en los h\u00e1bitos intestinales (diarrea, estrechamiento o sensaci\u00f3n que la evacuaci\u00f3n no es total), sangre a las heces, p\u00e9rdida de peso sin motivo aparente, anemia y fatiga, entre otros.&#13;\n<\/p>\n\n<h3 class=\"wp-block-heading\"><strong>\u00bfC\u00f3mo prevenirlo?<\/strong>&#13;\n<\/h3>\n\n<p>Una alimentaci\u00f3n sana y equilibrada miedo reducir el riesgo de aparici\u00f3n de estos tumores, as\u00ed como la realizaci\u00f3n de ejercicio f\u00edsico de manera constante. El tabaco y el alcohol tambi\u00e9n son dos claros factores de riesgo por la aparici\u00f3n de este c\u00e1ncer.<\/p>\n\n<p>El <a href=\"https:\/\/juntscontraelcancer.cat\/es\/deteccion-precoz\/\" target=\"_blank\" rel=\"noreferrer noopener\">Programa de Detecci\u00f3n precoz del C\u00e1ncer de Colon<\/a> en Catalu\u00f1a est\u00e1 dirigido a personas a partir de los 50 a\u00f1os que son invitadas, mediante una carta, a hacerse una prueba de sangre en heces. Esta anal\u00edtica sencilla, que se puede hacer en casa, es capaz de detectar la enfermedad en fases iniciales.<\/p>\n\n<p>Se estima que<strong>\u00a0<\/strong>entre <strong>el 30% i el 50% de los casos de c\u00e1ncer de colon pueden ser evitados<\/strong>\u00a0siguiendo m\u00e9todos de prevenci\u00f3n.\u00a0<\/p>\n\n<h3 class=\"wp-block-heading\"><strong>Las cifras en Catalu\u00f1a y en Espa\u00f1a<\/strong><\/h3>\n\n<p>Se estima que este a\u00f1o <strong>44.294 personas ser\u00e1n diagnosticadas<\/strong> de c\u00e1ncer colorrectal en Espa\u00f1a (27.009 hombres y 17.285 mujeres). La <strong>supervivencia <\/strong>a 5 a\u00f1os en cuanto al c\u00e1ncer de colon masculino se sit\u00faa 63,1% y en mujeres en el 63,9%. Este tipo de tumores suponen la segunda causa de muerte en Espa\u00f1a. Seg\u00fan la Agencia Internacional de Investigaci\u00f3n en C\u00e1ncer (IARC, seg\u00fan las siglas en ingl\u00e9s), el 2030 se prev\u00e9 que sea la primera causa de muerte en todo el mundo.&#13;\n<\/p>\n\n<p>En Catalu\u00f1a, la <strong>incidencia<\/strong> ha sido de 6.921 diagn\u00f3sticos en 2023 y la supervivencia a 5 a\u00f1os se sit\u00faa alrededor del 65% tanto en hombres como en mujeres.<\/p>\n\n<figure class=\"wp-block-image size-large\"><img loading=\"lazy\" decoding=\"async\" width=\"1024\" height=\"573\" src=\"https:\/\/juntscontraelcancer.cat\/wp-content\/uploads\/2024\/03\/Copia-de-Web-5-1024x573.png\" alt=\"\" class=\"wp-image-34502\" srcset=\"https:\/\/juntscontraelcancer.cat\/wp-content\/uploads\/2024\/03\/Copia-de-Web-5-1024x573.png 1024w, https:\/\/juntscontraelcancer.cat\/wp-content\/uploads\/2024\/03\/Copia-de-Web-5-300x168.png 300w, https:\/\/juntscontraelcancer.cat\/wp-content\/uploads\/2024\/03\/Copia-de-Web-5-768x430.png 768w, https:\/\/juntscontraelcancer.cat\/wp-content\/uploads\/2024\/03\/Copia-de-Web-5-1536x860.png 1536w, https:\/\/juntscontraelcancer.cat\/wp-content\/uploads\/2024\/03\/Copia-de-Web-5.png 1726w\" sizes=\"auto, (max-width: 1024px) 100vw, 1024px\" \/><\/figure>\n\n<p> <\/p>\n\n<h3 class=\"wp-block-heading\">Campa\u00f1a de concienciaci\u00f3n de la FECEC Junts contra el C\u00e0ncer<\/h3>\n\n<p>La FECEC Junts contra el C\u00e0ncer realiza del 22 al 31 de marzo una campa\u00f1a de concienciaci\u00f3n sobre el c\u00e1ncer colorrectal en redes sociales, compartiendo informaci\u00f3n sobre la enfermedad, cifras de incidencia y supervivencia en Catalu\u00f1a, prevenci\u00f3n, tratamientos y testigos de pacientes y expertos.&#13;\n<\/p>\n\n<p>Esta campa\u00f1a cuenta con el apoyo y la colaboraci\u00f3n del <a href=\"https:\/\/ico.gencat.cat\/ca\/inici\/index.html\" target=\"_blank\" rel=\"noreferrer noopener\">Institut Catal\u00e0 d&#8217;Oncologia (ICO)<\/a> y laboratorios <a href=\"https:\/\/www.sigmaaldrich.com\/ES\/es\" target=\"_blank\" rel=\"noreferrer noopener\">Merck<\/a>.&#13;\n<\/p>\n","protected":false},"excerpt":{"rendered":"<p>Coincidiendo con la celebraci\u00f3n el 31 de marzo del D\u00eda del C\u00e1ncer de Colon, el Ministerio de Sanidad ha decidido ampliar hasta los 74 a\u00f1os el cribado de c\u00e1ncer colorrectal para detectar sangre oculta a las heces, siguiendo las recomendaciones europeas. Actualmente, se ofrece a todos los hombres y mujeres de entre 50 y 69 a\u00f1os.<\/p>\n","protected":false},"author":2,"featured_media":36371,"comment_status":"closed","ping_status":"closed","sticky":false,"template":"","format":"standard","meta":{"_acf_changed":false,"inline_featured_image":false,"footnotes":""},"categories":[84,86],"tags":[],"class_list":["post-34492","post","type-post","status-publish","format-standard","has-post-thumbnail","hentry","category-actualidad","category-destacadas"],"acf":[],"yoast_head":"<!-- This site is optimized with the Yoast SEO plugin v27.3 - https:\/\/yoast.com\/product\/yoast-seo-wordpress\/ -->\n<title>D\u00eda Mundial del C\u00e1ncer de Colon: el Ministerio de Sanidad ampliar\u00e1 el cribado hasta los 74 a\u00f1os - Junts contra el c\u00e0ncer - FECEC<\/title>\n<meta name=\"robots\" content=\"index, follow, max-snippet:-1, max-image-preview:large, max-video-preview:-1\" \/>\n<link rel=\"canonical\" href=\"https:\/\/juntscontraelcancer.cat\/es\/31-de-marzo-dia-mundial-del-cancer-de-colon\/\" \/>\n<meta property=\"og:locale\" content=\"es_ES\" \/>\n<meta property=\"og:type\" content=\"article\" \/>\n<meta property=\"og:title\" content=\"D\u00eda Mundial del C\u00e1ncer de Colon: el Ministerio de Sanidad ampliar\u00e1 el cribado hasta los 74 a\u00f1os - Junts contra el c\u00e0ncer - FECEC\" \/>\n<meta property=\"og:description\" content=\"Coincidiendo con la celebraci\u00f3n el 31 de marzo del D\u00eda del C\u00e1ncer de Colon, el Ministerio de Sanidad ha decidido ampliar hasta los 74 a\u00f1os el cribado de c\u00e1ncer colorrectal para detectar sangre oculta a las heces, siguiendo las recomendaciones europeas. Actualmente, se ofrece a todos los hombres y mujeres de entre 50 y 69 a\u00f1os.\" \/>\n<meta property=\"og:url\" content=\"https:\/\/juntscontraelcancer.cat\/es\/31-de-marzo-dia-mundial-del-cancer-de-colon\/\" \/>\n<meta property=\"og:site_name\" content=\"Junts contra el c\u00e0ncer - FECEC\" \/>\n<meta property=\"article:publisher\" content=\"https:\/\/www.facebook.com\/fecec.federacio\/\" \/>\n<meta property=\"article:published_time\" content=\"2024-03-18T15:53:44+00:00\" \/>\n<meta property=\"article:modified_time\" content=\"2024-03-28T12:31:16+00:00\" \/>\n<meta property=\"og:image\" content=\"https:\/\/juntscontraelcancer.cat\/wp-content\/uploads\/2024\/03\/junts-contra-el-cancer-dia-mundial-cancer-colon.png\" \/>\n\t<meta property=\"og:image:width\" content=\"1600\" \/>\n\t<meta property=\"og:image:height\" content=\"900\" \/>\n\t<meta property=\"og:image:type\" content=\"image\/png\" \/>\n<meta name=\"author\" content=\"FECEC Comunicaci\u00f3\" \/>\n<meta name=\"twitter:card\" content=\"summary_large_image\" \/>\n<meta name=\"twitter:creator\" content=\"@FececFederacio\" \/>\n<meta name=\"twitter:site\" content=\"@FececFederacio\" \/>\n<meta name=\"twitter:label1\" content=\"Escrito por\" \/>\n\t<meta name=\"twitter:data1\" content=\"FECEC Comunicaci\u00f3\" \/>\n\t<meta name=\"twitter:label2\" content=\"Tiempo de lectura\" \/>\n\t<meta name=\"twitter:data2\" content=\"3 minutos\" \/>\n<script type=\"application\/ld+json\" class=\"yoast-schema-graph\">{\"@context\":\"https:\\\/\\\/schema.org\",\"@graph\":[{\"@type\":\"Article\",\"@id\":\"https:\\\/\\\/juntscontraelcancer.cat\\\/es\\\/31-de-marzo-dia-mundial-del-cancer-de-colon\\\/#article\",\"isPartOf\":{\"@id\":\"https:\\\/\\\/juntscontraelcancer.cat\\\/es\\\/31-de-marzo-dia-mundial-del-cancer-de-colon\\\/\"},\"author\":{\"name\":\"FECEC Comunicaci\u00f3\",\"@id\":\"https:\\\/\\\/juntscontraelcancer.cat\\\/es\\\/#\\\/schema\\\/person\\\/2bba6ee197504983c335d560850ec148\"},\"headline\":\"D\u00eda Mundial del C\u00e1ncer de Colon: el Ministerio de Sanidad ampliar\u00e1 el cribado hasta los 74 a\u00f1os\",\"datePublished\":\"2024-03-18T15:53:44+00:00\",\"dateModified\":\"2024-03-28T12:31:16+00:00\",\"mainEntityOfPage\":{\"@id\":\"https:\\\/\\\/juntscontraelcancer.cat\\\/es\\\/31-de-marzo-dia-mundial-del-cancer-de-colon\\\/\"},\"wordCount\":695,\"publisher\":{\"@id\":\"https:\\\/\\\/juntscontraelcancer.cat\\\/es\\\/#organization\"},\"image\":{\"@id\":\"https:\\\/\\\/juntscontraelcancer.cat\\\/es\\\/31-de-marzo-dia-mundial-del-cancer-de-colon\\\/#primaryimage\"},\"thumbnailUrl\":\"https:\\\/\\\/juntscontraelcancer.cat\\\/wp-content\\\/uploads\\\/2024\\\/03\\\/junts-contra-el-cancer-dia-mundial-cancer-colon.png\",\"articleSection\":[\"Actualidad\",\"Destacadas\"],\"inLanguage\":\"es\"},{\"@type\":\"WebPage\",\"@id\":\"https:\\\/\\\/juntscontraelcancer.cat\\\/es\\\/31-de-marzo-dia-mundial-del-cancer-de-colon\\\/\",\"url\":\"https:\\\/\\\/juntscontraelcancer.cat\\\/es\\\/31-de-marzo-dia-mundial-del-cancer-de-colon\\\/\",\"name\":\"D\u00eda Mundial del C\u00e1ncer de Colon: el Ministerio de Sanidad ampliar\u00e1 el cribado hasta los 74 a\u00f1os - Junts contra el c\u00e0ncer - FECEC\",\"isPartOf\":{\"@id\":\"https:\\\/\\\/juntscontraelcancer.cat\\\/es\\\/#website\"},\"primaryImageOfPage\":{\"@id\":\"https:\\\/\\\/juntscontraelcancer.cat\\\/es\\\/31-de-marzo-dia-mundial-del-cancer-de-colon\\\/#primaryimage\"},\"image\":{\"@id\":\"https:\\\/\\\/juntscontraelcancer.cat\\\/es\\\/31-de-marzo-dia-mundial-del-cancer-de-colon\\\/#primaryimage\"},\"thumbnailUrl\":\"https:\\\/\\\/juntscontraelcancer.cat\\\/wp-content\\\/uploads\\\/2024\\\/03\\\/junts-contra-el-cancer-dia-mundial-cancer-colon.png\",\"datePublished\":\"2024-03-18T15:53:44+00:00\",\"dateModified\":\"2024-03-28T12:31:16+00:00\",\"breadcrumb\":{\"@id\":\"https:\\\/\\\/juntscontraelcancer.cat\\\/es\\\/31-de-marzo-dia-mundial-del-cancer-de-colon\\\/#breadcrumb\"},\"inLanguage\":\"es\",\"potentialAction\":[{\"@type\":\"ReadAction\",\"target\":[\"https:\\\/\\\/juntscontraelcancer.cat\\\/es\\\/31-de-marzo-dia-mundial-del-cancer-de-colon\\\/\"]}]},{\"@type\":\"ImageObject\",\"inLanguage\":\"es\",\"@id\":\"https:\\\/\\\/juntscontraelcancer.cat\\\/es\\\/31-de-marzo-dia-mundial-del-cancer-de-colon\\\/#primaryimage\",\"url\":\"https:\\\/\\\/juntscontraelcancer.cat\\\/wp-content\\\/uploads\\\/2024\\\/03\\\/junts-contra-el-cancer-dia-mundial-cancer-colon.png\",\"contentUrl\":\"https:\\\/\\\/juntscontraelcancer.cat\\\/wp-content\\\/uploads\\\/2024\\\/03\\\/junts-contra-el-cancer-dia-mundial-cancer-colon.png\",\"width\":1600,\"height\":900},{\"@type\":\"BreadcrumbList\",\"@id\":\"https:\\\/\\\/juntscontraelcancer.cat\\\/es\\\/31-de-marzo-dia-mundial-del-cancer-de-colon\\\/#breadcrumb\",\"itemListElement\":[{\"@type\":\"ListItem\",\"position\":1,\"name\":\"Inicio\",\"item\":\"https:\\\/\\\/juntscontraelcancer.cat\\\/es\\\/\"},{\"@type\":\"ListItem\",\"position\":2,\"name\":\"D\u00eda Mundial del C\u00e1ncer de Colon: el Ministerio de Sanidad ampliar\u00e1 el cribado hasta los 74 a\u00f1os\"}]},{\"@type\":\"WebSite\",\"@id\":\"https:\\\/\\\/juntscontraelcancer.cat\\\/es\\\/#website\",\"url\":\"https:\\\/\\\/juntscontraelcancer.cat\\\/es\\\/\",\"name\":\"Junts contra el c\u00e0ncer - FECEC\",\"description\":\"\",\"publisher\":{\"@id\":\"https:\\\/\\\/juntscontraelcancer.cat\\\/es\\\/#organization\"},\"potentialAction\":[{\"@type\":\"SearchAction\",\"target\":{\"@type\":\"EntryPoint\",\"urlTemplate\":\"https:\\\/\\\/juntscontraelcancer.cat\\\/es\\\/?s={search_term_string}\"},\"query-input\":{\"@type\":\"PropertyValueSpecification\",\"valueRequired\":true,\"valueName\":\"search_term_string\"}}],\"inLanguage\":\"es\"},{\"@type\":\"Organization\",\"@id\":\"https:\\\/\\\/juntscontraelcancer.cat\\\/es\\\/#organization\",\"name\":\"Junts contra el c\u00e0ncer - FECEC\",\"url\":\"https:\\\/\\\/juntscontraelcancer.cat\\\/es\\\/\",\"logo\":{\"@type\":\"ImageObject\",\"inLanguage\":\"es\",\"@id\":\"https:\\\/\\\/juntscontraelcancer.cat\\\/es\\\/#\\\/schema\\\/logo\\\/image\\\/\",\"url\":\"https:\\\/\\\/juntscontraelcancer.cat\\\/wp-content\\\/uploads\\\/2023\\\/01\\\/logo-fecec-header.png\",\"contentUrl\":\"https:\\\/\\\/juntscontraelcancer.cat\\\/wp-content\\\/uploads\\\/2023\\\/01\\\/logo-fecec-header.png\",\"width\":126,\"height\":74,\"caption\":\"Junts contra el c\u00e0ncer - FECEC\"},\"image\":{\"@id\":\"https:\\\/\\\/juntscontraelcancer.cat\\\/es\\\/#\\\/schema\\\/logo\\\/image\\\/\"},\"sameAs\":[\"https:\\\/\\\/www.facebook.com\\\/fecec.federacio\\\/\",\"https:\\\/\\\/x.com\\\/FececFederacio\",\"https:\\\/\\\/www.instagram.com\\\/fececfederacio\\\/?hl=es\",\"https:\\\/\\\/www.youtube.com\\\/channel\\\/UCgAC_6c6hmHwMQhSCQyYBdA\"]},{\"@type\":\"Person\",\"@id\":\"https:\\\/\\\/juntscontraelcancer.cat\\\/es\\\/#\\\/schema\\\/person\\\/2bba6ee197504983c335d560850ec148\",\"name\":\"FECEC Comunicaci\u00f3\",\"image\":{\"@type\":\"ImageObject\",\"inLanguage\":\"es\",\"@id\":\"https:\\\/\\\/secure.gravatar.com\\\/avatar\\\/afa7129fad37df4be85b472c53d2039388784444579f67ca35ddbc83bfae2fd0?s=96&d=mm&r=g\",\"url\":\"https:\\\/\\\/secure.gravatar.com\\\/avatar\\\/afa7129fad37df4be85b472c53d2039388784444579f67ca35ddbc83bfae2fd0?s=96&d=mm&r=g\",\"contentUrl\":\"https:\\\/\\\/secure.gravatar.com\\\/avatar\\\/afa7129fad37df4be85b472c53d2039388784444579f67ca35ddbc83bfae2fd0?s=96&d=mm&r=g\",\"caption\":\"FECEC Comunicaci\u00f3\"}}]}<\/script>\n<!-- \/ Yoast SEO plugin. -->","yoast_head_json":{"title":"D\u00eda Mundial del C\u00e1ncer de Colon: el Ministerio de Sanidad ampliar\u00e1 el cribado hasta los 74 a\u00f1os - Junts contra el c\u00e0ncer - FECEC","robots":{"index":"index","follow":"follow","max-snippet":"max-snippet:-1","max-image-preview":"max-image-preview:large","max-video-preview":"max-video-preview:-1"},"canonical":"https:\/\/juntscontraelcancer.cat\/es\/31-de-marzo-dia-mundial-del-cancer-de-colon\/","og_locale":"es_ES","og_type":"article","og_title":"D\u00eda Mundial del C\u00e1ncer de Colon: el Ministerio de Sanidad ampliar\u00e1 el cribado hasta los 74 a\u00f1os - Junts contra el c\u00e0ncer - FECEC","og_description":"Coincidiendo con la celebraci\u00f3n el 31 de marzo del D\u00eda del C\u00e1ncer de Colon, el Ministerio de Sanidad ha decidido ampliar hasta los 74 a\u00f1os el cribado de c\u00e1ncer colorrectal para detectar sangre oculta a las heces, siguiendo las recomendaciones europeas. Actualmente, se ofrece a todos los hombres y mujeres de entre 50 y 69 a\u00f1os.","og_url":"https:\/\/juntscontraelcancer.cat\/es\/31-de-marzo-dia-mundial-del-cancer-de-colon\/","og_site_name":"Junts contra el c\u00e0ncer - FECEC","article_publisher":"https:\/\/www.facebook.com\/fecec.federacio\/","article_published_time":"2024-03-18T15:53:44+00:00","article_modified_time":"2024-03-28T12:31:16+00:00","og_image":[{"width":1600,"height":900,"url":"https:\/\/juntscontraelcancer.cat\/wp-content\/uploads\/2024\/03\/junts-contra-el-cancer-dia-mundial-cancer-colon.png","type":"image\/png"}],"author":"FECEC Comunicaci\u00f3","twitter_card":"summary_large_image","twitter_creator":"@FececFederacio","twitter_site":"@FececFederacio","twitter_misc":{"Escrito por":"FECEC Comunicaci\u00f3","Tiempo de lectura":"3 minutos"},"schema":{"@context":"https:\/\/schema.org","@graph":[{"@type":"Article","@id":"https:\/\/juntscontraelcancer.cat\/es\/31-de-marzo-dia-mundial-del-cancer-de-colon\/#article","isPartOf":{"@id":"https:\/\/juntscontraelcancer.cat\/es\/31-de-marzo-dia-mundial-del-cancer-de-colon\/"},"author":{"name":"FECEC Comunicaci\u00f3","@id":"https:\/\/juntscontraelcancer.cat\/es\/#\/schema\/person\/2bba6ee197504983c335d560850ec148"},"headline":"D\u00eda Mundial del C\u00e1ncer de Colon: el Ministerio de Sanidad ampliar\u00e1 el cribado hasta los 74 a\u00f1os","datePublished":"2024-03-18T15:53:44+00:00","dateModified":"2024-03-28T12:31:16+00:00","mainEntityOfPage":{"@id":"https:\/\/juntscontraelcancer.cat\/es\/31-de-marzo-dia-mundial-del-cancer-de-colon\/"},"wordCount":695,"publisher":{"@id":"https:\/\/juntscontraelcancer.cat\/es\/#organization"},"image":{"@id":"https:\/\/juntscontraelcancer.cat\/es\/31-de-marzo-dia-mundial-del-cancer-de-colon\/#primaryimage"},"thumbnailUrl":"https:\/\/juntscontraelcancer.cat\/wp-content\/uploads\/2024\/03\/junts-contra-el-cancer-dia-mundial-cancer-colon.png","articleSection":["Actualidad","Destacadas"],"inLanguage":"es"},{"@type":"WebPage","@id":"https:\/\/juntscontraelcancer.cat\/es\/31-de-marzo-dia-mundial-del-cancer-de-colon\/","url":"https:\/\/juntscontraelcancer.cat\/es\/31-de-marzo-dia-mundial-del-cancer-de-colon\/","name":"D\u00eda Mundial del C\u00e1ncer de Colon: el Ministerio de Sanidad ampliar\u00e1 el cribado hasta los 74 a\u00f1os - Junts contra el c\u00e0ncer - FECEC","isPartOf":{"@id":"https:\/\/juntscontraelcancer.cat\/es\/#website"},"primaryImageOfPage":{"@id":"https:\/\/juntscontraelcancer.cat\/es\/31-de-marzo-dia-mundial-del-cancer-de-colon\/#primaryimage"},"image":{"@id":"https:\/\/juntscontraelcancer.cat\/es\/31-de-marzo-dia-mundial-del-cancer-de-colon\/#primaryimage"},"thumbnailUrl":"https:\/\/juntscontraelcancer.cat\/wp-content\/uploads\/2024\/03\/junts-contra-el-cancer-dia-mundial-cancer-colon.png","datePublished":"2024-03-18T15:53:44+00:00","dateModified":"2024-03-28T12:31:16+00:00","breadcrumb":{"@id":"https:\/\/juntscontraelcancer.cat\/es\/31-de-marzo-dia-mundial-del-cancer-de-colon\/#breadcrumb"},"inLanguage":"es","potentialAction":[{"@type":"ReadAction","target":["https:\/\/juntscontraelcancer.cat\/es\/31-de-marzo-dia-mundial-del-cancer-de-colon\/"]}]},{"@type":"ImageObject","inLanguage":"es","@id":"https:\/\/juntscontraelcancer.cat\/es\/31-de-marzo-dia-mundial-del-cancer-de-colon\/#primaryimage","url":"https:\/\/juntscontraelcancer.cat\/wp-content\/uploads\/2024\/03\/junts-contra-el-cancer-dia-mundial-cancer-colon.png","contentUrl":"https:\/\/juntscontraelcancer.cat\/wp-content\/uploads\/2024\/03\/junts-contra-el-cancer-dia-mundial-cancer-colon.png","width":1600,"height":900},{"@type":"BreadcrumbList","@id":"https:\/\/juntscontraelcancer.cat\/es\/31-de-marzo-dia-mundial-del-cancer-de-colon\/#breadcrumb","itemListElement":[{"@type":"ListItem","position":1,"name":"Inicio","item":"https:\/\/juntscontraelcancer.cat\/es\/"},{"@type":"ListItem","position":2,"name":"D\u00eda Mundial del C\u00e1ncer de Colon: el Ministerio de Sanidad ampliar\u00e1 el cribado hasta los 74 a\u00f1os"}]},{"@type":"WebSite","@id":"https:\/\/juntscontraelcancer.cat\/es\/#website","url":"https:\/\/juntscontraelcancer.cat\/es\/","name":"Junts contra el c\u00e0ncer - FECEC","description":"","publisher":{"@id":"https:\/\/juntscontraelcancer.cat\/es\/#organization"},"potentialAction":[{"@type":"SearchAction","target":{"@type":"EntryPoint","urlTemplate":"https:\/\/juntscontraelcancer.cat\/es\/?s={search_term_string}"},"query-input":{"@type":"PropertyValueSpecification","valueRequired":true,"valueName":"search_term_string"}}],"inLanguage":"es"},{"@type":"Organization","@id":"https:\/\/juntscontraelcancer.cat\/es\/#organization","name":"Junts contra el c\u00e0ncer - FECEC","url":"https:\/\/juntscontraelcancer.cat\/es\/","logo":{"@type":"ImageObject","inLanguage":"es","@id":"https:\/\/juntscontraelcancer.cat\/es\/#\/schema\/logo\/image\/","url":"https:\/\/juntscontraelcancer.cat\/wp-content\/uploads\/2023\/01\/logo-fecec-header.png","contentUrl":"https:\/\/juntscontraelcancer.cat\/wp-content\/uploads\/2023\/01\/logo-fecec-header.png","width":126,"height":74,"caption":"Junts contra el c\u00e0ncer - FECEC"},"image":{"@id":"https:\/\/juntscontraelcancer.cat\/es\/#\/schema\/logo\/image\/"},"sameAs":["https:\/\/www.facebook.com\/fecec.federacio\/","https:\/\/x.com\/FececFederacio","https:\/\/www.instagram.com\/fececfederacio\/?hl=es","https:\/\/www.youtube.com\/channel\/UCgAC_6c6hmHwMQhSCQyYBdA"]},{"@type":"Person","@id":"https:\/\/juntscontraelcancer.cat\/es\/#\/schema\/person\/2bba6ee197504983c335d560850ec148","name":"FECEC Comunicaci\u00f3","image":{"@type":"ImageObject","inLanguage":"es","@id":"https:\/\/secure.gravatar.com\/avatar\/afa7129fad37df4be85b472c53d2039388784444579f67ca35ddbc83bfae2fd0?s=96&d=mm&r=g","url":"https:\/\/secure.gravatar.com\/avatar\/afa7129fad37df4be85b472c53d2039388784444579f67ca35ddbc83bfae2fd0?s=96&d=mm&r=g","contentUrl":"https:\/\/secure.gravatar.com\/avatar\/afa7129fad37df4be85b472c53d2039388784444579f67ca35ddbc83bfae2fd0?s=96&d=mm&r=g","caption":"FECEC Comunicaci\u00f3"}}]}},"_links":{"self":[{"href":"https:\/\/juntscontraelcancer.cat\/es\/wp-json\/wp\/v2\/posts\/34492","targetHints":{"allow":["GET"]}}],"collection":[{"href":"https:\/\/juntscontraelcancer.cat\/es\/wp-json\/wp\/v2\/posts"}],"about":[{"href":"https:\/\/juntscontraelcancer.cat\/es\/wp-json\/wp\/v2\/types\/post"}],"author":[{"embeddable":true,"href":"https:\/\/juntscontraelcancer.cat\/es\/wp-json\/wp\/v2\/users\/2"}],"replies":[{"embeddable":true,"href":"https:\/\/juntscontraelcancer.cat\/es\/wp-json\/wp\/v2\/comments?post=34492"}],"version-history":[{"count":7,"href":"https:\/\/juntscontraelcancer.cat\/es\/wp-json\/wp\/v2\/posts\/34492\/revisions"}],"predecessor-version":[{"id":34641,"href":"https:\/\/juntscontraelcancer.cat\/es\/wp-json\/wp\/v2\/posts\/34492\/revisions\/34641"}],"wp:featuredmedia":[{"embeddable":true,"href":"https:\/\/juntscontraelcancer.cat\/es\/wp-json\/wp\/v2\/media\/36371"}],"wp:attachment":[{"href":"https:\/\/juntscontraelcancer.cat\/es\/wp-json\/wp\/v2\/media?parent=34492"}],"wp:term":[{"taxonomy":"category","embeddable":true,"href":"https:\/\/juntscontraelcancer.cat\/es\/wp-json\/wp\/v2\/categories?post=34492"},{"taxonomy":"post_tag","embeddable":true,"href":"https:\/\/juntscontraelcancer.cat\/es\/wp-json\/wp\/v2\/tags?post=34492"}],"curies":[{"name":"wp","href":"https:\/\/api.w.org\/{rel}","templated":true}]}}