{"id":34125,"date":"2024-02-19T10:00:00","date_gmt":"2024-02-19T08:00:00","guid":{"rendered":"https:\/\/juntscontraelcancer.cat\/buscamos-personas-voluntarias-para-la-10-a-edicion-de-la-campana-posem-li-pebrots-al-cancer\/"},"modified":"2024-03-04T17:28:59","modified_gmt":"2024-03-04T15:28:59","slug":"buscamos-personas-voluntarias-para-la-10-a-edicion-de-la-campana-posem-li-pebrots-al-cancer","status":"publish","type":"post","link":"https:\/\/juntscontraelcancer.cat\/es\/buscamos-personas-voluntarias-para-la-10-a-edicion-de-la-campana-posem-li-pebrots-al-cancer\/","title":{"rendered":"Buscamos personas voluntarias para la 10.\u00aa edici\u00f3n de la campa\u00f1a \u00abPosem-li pebrots al c\u00e0ncer\u00bb"},"content":{"rendered":"\n<p><strong>Por d\u00e9cimo a\u00f1o consecutivo, la Federaci\u00f3 Catalana d\u2019Entitats Contra el C\u00e0ncer (FECEC) y supermercados Condis impulsan la campa\u00f1a solidaria \u201cPosem-li Pebrots al C\u00e0ncer\u201d, con el objetivo de ayudar las personas con c\u00e1ncer y sus familias. Si quieres participar como voluntario\/a a la campa\u00f1a el 14, 15 y 16 de marzo, p\u00fantate en este enlace.<\/strong><\/p>\n\n<p>La campa\u00f1a <strong>\u201cPosem-li pebrots al c\u00e0ncer\u201d <\/strong>de la FECEC Junts contra el C\u00e0ncer y supermercados <a href=\"https:\/\/www.condis.es\/\" target=\"_blank\" rel=\"noreferrer noopener\"><strong>Condis<\/strong><\/a> consiste en la venta de bolsas de pimientos solidarios entre los clientes a un precio simb\u00f3lico de un euro y medio. El objetivo de la campa\u00f1a es fomentar la solidaridad con las personas que sufren la enfermedad, hacer difusi\u00f3n de la tarea de acompa\u00f1amiento que hacen las entidades vinculadas a la <strong>FECEC Juntos contra el C\u00e1ncer<\/strong> y tambi\u00e9n conseguir fondos para continuar desarrollando los programas de atenci\u00f3n psicosocial a las personas enfermas y sus familiares y cuidadores y cuidadoras.<\/p>\n\n<p>Hay que destacar que la Federaci\u00f3 Catalana d&#8217;Entitats contra el C\u00e0ncer (FECEC) y Condis<strong> colaboran en esta campa\u00f1a desde hace 10 a\u00f1os<\/strong> y que con la solidaridad de los clientes de la cadena de supermercados, la FECEC Junts contra el C\u00e0ncer ha podido continuar ayudando las personas que atraviesan o han atravesado un proceso oncol\u00f3gico, as\u00ed como a las personas que las acompa\u00f1an.<\/p>\n\n<p>Para que la campa\u00f1a llegue a los m\u00e1s de 520 supermercados que Condis tiene distribuidos por Catalu\u00f1a, la FECEC Junts contra el C\u00e0ncer <strong>hace un llamamiento al voluntariado<\/strong>. Se trata que las personas voluntarias ayuden a vender las bolsas de pimientos e informen a los clientes sobre los objetivos de la campa\u00f1a.&#13;\n<\/p>\n\n<p>Qui\u00e9n lo desee, puede apuntarse como voluntario\/a en cualquier franja horaria del 14, 15 y 16 de marzo a trav\u00e9s de este formulario donde tambi\u00e9n tiene que escoger el supermercado donde quiere colaborar con la campa\u00f1a. Pod\u00e9is consultar aqu\u00ed el listado de supermercados Condis donde se vender\u00e1n las bolsas de pimientos.&#13;\n<\/p>\n","protected":false},"excerpt":{"rendered":"<p>Por d\u00e9cimo a\u00f1o consecutivo, la Federaci\u00f3 Catalana d\u2019Entitats Contra el C\u00e0ncer (FECEC) y supermercados Condis impulsan la campa\u00f1a solidaria \u201cPosem-li Pebrots al C\u00e0ncer\u201d, con el objetivo de ayudar las personas con c\u00e1ncer y sus familias y difundir. Si quieres participar como voluntario\/a a la campa\u00f1a el 14, 15 y 16 de marzo, ap\u00fantate en este enlace.<\/p>\n","protected":false},"author":2,"featured_media":34096,"comment_status":"closed","ping_status":"closed","sticky":false,"template":"","format":"standard","meta":{"_acf_changed":false,"inline_featured_image":false,"footnotes":""},"categories":[84,86],"tags":[],"class_list":["post-34125","post","type-post","status-publish","format-standard","has-post-thumbnail","hentry","category-actualidad","category-destacadas"],"acf":[],"yoast_head":"<!-- This site is optimized with the Yoast SEO plugin v27.3 - https:\/\/yoast.com\/product\/yoast-seo-wordpress\/ -->\n<title>Buscamos personas voluntarias para la 10.\u00aa edici\u00f3n de la campa\u00f1a &quot;Posem-li pebrots al c\u00e0ncer&quot; - Junts contra el c\u00e0ncer - FECEC<\/title>\n<meta name=\"robots\" content=\"index, follow, max-snippet:-1, max-image-preview:large, max-video-preview:-1\" \/>\n<link rel=\"canonical\" href=\"https:\/\/juntscontraelcancer.cat\/es\/buscamos-personas-voluntarias-para-la-10-a-edicion-de-la-campana-posem-li-pebrots-al-cancer\/\" \/>\n<meta property=\"og:locale\" content=\"es_ES\" \/>\n<meta property=\"og:type\" content=\"article\" \/>\n<meta property=\"og:title\" content=\"Buscamos personas voluntarias para la 10.\u00aa edici\u00f3n de la campa\u00f1a &quot;Posem-li pebrots al c\u00e0ncer&quot; - Junts contra el c\u00e0ncer - FECEC\" \/>\n<meta property=\"og:description\" content=\"Por d\u00e9cimo a\u00f1o consecutivo, la Federaci\u00f3 Catalana d\u2019Entitats Contra el C\u00e0ncer (FECEC) y supermercados Condis impulsan la campa\u00f1a solidaria \u201cPosem-li Pebrots al C\u00e0ncer\u201d, con el objetivo de ayudar las personas con c\u00e1ncer y sus familias y difundir. Si quieres participar como voluntario\/a a la campa\u00f1a el 14, 15 y 16 de marzo, ap\u00fantate en este enlace.\" \/>\n<meta property=\"og:url\" content=\"https:\/\/juntscontraelcancer.cat\/es\/buscamos-personas-voluntarias-para-la-10-a-edicion-de-la-campana-posem-li-pebrots-al-cancer\/\" \/>\n<meta property=\"og:site_name\" content=\"Junts contra el c\u00e0ncer - FECEC\" \/>\n<meta property=\"article:publisher\" content=\"https:\/\/www.facebook.com\/fecec.federacio\/\" \/>\n<meta property=\"article:published_time\" content=\"2024-02-19T08:00:00+00:00\" \/>\n<meta property=\"article:modified_time\" content=\"2024-03-04T15:28:59+00:00\" \/>\n<meta property=\"og:image\" content=\"https:\/\/juntscontraelcancer.cat\/wp-content\/uploads\/2024\/02\/junts-contra-el-cancer-posem-li-pebrots-al-cancer-2024.png\" \/>\n\t<meta property=\"og:image:width\" content=\"1726\" \/>\n\t<meta property=\"og:image:height\" content=\"966\" \/>\n\t<meta property=\"og:image:type\" content=\"image\/png\" \/>\n<meta name=\"author\" content=\"FECEC Comunicaci\u00f3\" \/>\n<meta name=\"twitter:card\" content=\"summary_large_image\" \/>\n<meta name=\"twitter:creator\" content=\"@FececFederacio\" \/>\n<meta name=\"twitter:site\" content=\"@FececFederacio\" \/>\n<meta name=\"twitter:label1\" content=\"Escrito por\" \/>\n\t<meta name=\"twitter:data1\" content=\"FECEC Comunicaci\u00f3\" \/>\n\t<meta name=\"twitter:label2\" content=\"Tiempo de lectura\" \/>\n\t<meta name=\"twitter:data2\" content=\"2 minutos\" \/>\n<script type=\"application\/ld+json\" class=\"yoast-schema-graph\">{\"@context\":\"https:\\\/\\\/schema.org\",\"@graph\":[{\"@type\":\"Article\",\"@id\":\"https:\\\/\\\/juntscontraelcancer.cat\\\/es\\\/buscamos-personas-voluntarias-para-la-10-a-edicion-de-la-campana-posem-li-pebrots-al-cancer\\\/#article\",\"isPartOf\":{\"@id\":\"https:\\\/\\\/juntscontraelcancer.cat\\\/es\\\/buscamos-personas-voluntarias-para-la-10-a-edicion-de-la-campana-posem-li-pebrots-al-cancer\\\/\"},\"author\":{\"name\":\"FECEC Comunicaci\u00f3\",\"@id\":\"https:\\\/\\\/juntscontraelcancer.cat\\\/es\\\/#\\\/schema\\\/person\\\/2bba6ee197504983c335d560850ec148\"},\"headline\":\"Buscamos personas voluntarias para la 10.\u00aa edici\u00f3n de la campa\u00f1a \u00abPosem-li pebrots al c\u00e0ncer\u00bb\",\"datePublished\":\"2024-02-19T08:00:00+00:00\",\"dateModified\":\"2024-03-04T15:28:59+00:00\",\"mainEntityOfPage\":{\"@id\":\"https:\\\/\\\/juntscontraelcancer.cat\\\/es\\\/buscamos-personas-voluntarias-para-la-10-a-edicion-de-la-campana-posem-li-pebrots-al-cancer\\\/\"},\"wordCount\":362,\"publisher\":{\"@id\":\"https:\\\/\\\/juntscontraelcancer.cat\\\/es\\\/#organization\"},\"image\":{\"@id\":\"https:\\\/\\\/juntscontraelcancer.cat\\\/es\\\/buscamos-personas-voluntarias-para-la-10-a-edicion-de-la-campana-posem-li-pebrots-al-cancer\\\/#primaryimage\"},\"thumbnailUrl\":\"https:\\\/\\\/juntscontraelcancer.cat\\\/wp-content\\\/uploads\\\/2024\\\/02\\\/junts-contra-el-cancer-posem-li-pebrots-al-cancer-2024.png\",\"articleSection\":[\"Actualidad\",\"Destacadas\"],\"inLanguage\":\"es\"},{\"@type\":\"WebPage\",\"@id\":\"https:\\\/\\\/juntscontraelcancer.cat\\\/es\\\/buscamos-personas-voluntarias-para-la-10-a-edicion-de-la-campana-posem-li-pebrots-al-cancer\\\/\",\"url\":\"https:\\\/\\\/juntscontraelcancer.cat\\\/es\\\/buscamos-personas-voluntarias-para-la-10-a-edicion-de-la-campana-posem-li-pebrots-al-cancer\\\/\",\"name\":\"Buscamos personas voluntarias para la 10.\u00aa edici\u00f3n de la campa\u00f1a \\\"Posem-li pebrots al c\u00e0ncer\\\" - Junts contra el c\u00e0ncer - FECEC\",\"isPartOf\":{\"@id\":\"https:\\\/\\\/juntscontraelcancer.cat\\\/es\\\/#website\"},\"primaryImageOfPage\":{\"@id\":\"https:\\\/\\\/juntscontraelcancer.cat\\\/es\\\/buscamos-personas-voluntarias-para-la-10-a-edicion-de-la-campana-posem-li-pebrots-al-cancer\\\/#primaryimage\"},\"image\":{\"@id\":\"https:\\\/\\\/juntscontraelcancer.cat\\\/es\\\/buscamos-personas-voluntarias-para-la-10-a-edicion-de-la-campana-posem-li-pebrots-al-cancer\\\/#primaryimage\"},\"thumbnailUrl\":\"https:\\\/\\\/juntscontraelcancer.cat\\\/wp-content\\\/uploads\\\/2024\\\/02\\\/junts-contra-el-cancer-posem-li-pebrots-al-cancer-2024.png\",\"datePublished\":\"2024-02-19T08:00:00+00:00\",\"dateModified\":\"2024-03-04T15:28:59+00:00\",\"breadcrumb\":{\"@id\":\"https:\\\/\\\/juntscontraelcancer.cat\\\/es\\\/buscamos-personas-voluntarias-para-la-10-a-edicion-de-la-campana-posem-li-pebrots-al-cancer\\\/#breadcrumb\"},\"inLanguage\":\"es\",\"potentialAction\":[{\"@type\":\"ReadAction\",\"target\":[\"https:\\\/\\\/juntscontraelcancer.cat\\\/es\\\/buscamos-personas-voluntarias-para-la-10-a-edicion-de-la-campana-posem-li-pebrots-al-cancer\\\/\"]}]},{\"@type\":\"ImageObject\",\"inLanguage\":\"es\",\"@id\":\"https:\\\/\\\/juntscontraelcancer.cat\\\/es\\\/buscamos-personas-voluntarias-para-la-10-a-edicion-de-la-campana-posem-li-pebrots-al-cancer\\\/#primaryimage\",\"url\":\"https:\\\/\\\/juntscontraelcancer.cat\\\/wp-content\\\/uploads\\\/2024\\\/02\\\/junts-contra-el-cancer-posem-li-pebrots-al-cancer-2024.png\",\"contentUrl\":\"https:\\\/\\\/juntscontraelcancer.cat\\\/wp-content\\\/uploads\\\/2024\\\/02\\\/junts-contra-el-cancer-posem-li-pebrots-al-cancer-2024.png\",\"width\":1726,\"height\":966},{\"@type\":\"BreadcrumbList\",\"@id\":\"https:\\\/\\\/juntscontraelcancer.cat\\\/es\\\/buscamos-personas-voluntarias-para-la-10-a-edicion-de-la-campana-posem-li-pebrots-al-cancer\\\/#breadcrumb\",\"itemListElement\":[{\"@type\":\"ListItem\",\"position\":1,\"name\":\"Inicio\",\"item\":\"https:\\\/\\\/juntscontraelcancer.cat\\\/es\\\/\"},{\"@type\":\"ListItem\",\"position\":2,\"name\":\"Buscamos personas voluntarias para la 10.\u00aa edici\u00f3n de la campa\u00f1a \u00abPosem-li pebrots al c\u00e0ncer\u00bb\"}]},{\"@type\":\"WebSite\",\"@id\":\"https:\\\/\\\/juntscontraelcancer.cat\\\/es\\\/#website\",\"url\":\"https:\\\/\\\/juntscontraelcancer.cat\\\/es\\\/\",\"name\":\"Junts contra el c\u00e0ncer - FECEC\",\"description\":\"\",\"publisher\":{\"@id\":\"https:\\\/\\\/juntscontraelcancer.cat\\\/es\\\/#organization\"},\"potentialAction\":[{\"@type\":\"SearchAction\",\"target\":{\"@type\":\"EntryPoint\",\"urlTemplate\":\"https:\\\/\\\/juntscontraelcancer.cat\\\/es\\\/?s={search_term_string}\"},\"query-input\":{\"@type\":\"PropertyValueSpecification\",\"valueRequired\":true,\"valueName\":\"search_term_string\"}}],\"inLanguage\":\"es\"},{\"@type\":\"Organization\",\"@id\":\"https:\\\/\\\/juntscontraelcancer.cat\\\/es\\\/#organization\",\"name\":\"Junts contra el c\u00e0ncer - FECEC\",\"url\":\"https:\\\/\\\/juntscontraelcancer.cat\\\/es\\\/\",\"logo\":{\"@type\":\"ImageObject\",\"inLanguage\":\"es\",\"@id\":\"https:\\\/\\\/juntscontraelcancer.cat\\\/es\\\/#\\\/schema\\\/logo\\\/image\\\/\",\"url\":\"https:\\\/\\\/juntscontraelcancer.cat\\\/wp-content\\\/uploads\\\/2023\\\/01\\\/logo-fecec-header.png\",\"contentUrl\":\"https:\\\/\\\/juntscontraelcancer.cat\\\/wp-content\\\/uploads\\\/2023\\\/01\\\/logo-fecec-header.png\",\"width\":126,\"height\":74,\"caption\":\"Junts contra el c\u00e0ncer - FECEC\"},\"image\":{\"@id\":\"https:\\\/\\\/juntscontraelcancer.cat\\\/es\\\/#\\\/schema\\\/logo\\\/image\\\/\"},\"sameAs\":[\"https:\\\/\\\/www.facebook.com\\\/fecec.federacio\\\/\",\"https:\\\/\\\/x.com\\\/FececFederacio\",\"https:\\\/\\\/www.instagram.com\\\/fececfederacio\\\/?hl=es\",\"https:\\\/\\\/www.youtube.com\\\/channel\\\/UCgAC_6c6hmHwMQhSCQyYBdA\"]},{\"@type\":\"Person\",\"@id\":\"https:\\\/\\\/juntscontraelcancer.cat\\\/es\\\/#\\\/schema\\\/person\\\/2bba6ee197504983c335d560850ec148\",\"name\":\"FECEC Comunicaci\u00f3\",\"image\":{\"@type\":\"ImageObject\",\"inLanguage\":\"es\",\"@id\":\"https:\\\/\\\/secure.gravatar.com\\\/avatar\\\/afa7129fad37df4be85b472c53d2039388784444579f67ca35ddbc83bfae2fd0?s=96&d=mm&r=g\",\"url\":\"https:\\\/\\\/secure.gravatar.com\\\/avatar\\\/afa7129fad37df4be85b472c53d2039388784444579f67ca35ddbc83bfae2fd0?s=96&d=mm&r=g\",\"contentUrl\":\"https:\\\/\\\/secure.gravatar.com\\\/avatar\\\/afa7129fad37df4be85b472c53d2039388784444579f67ca35ddbc83bfae2fd0?s=96&d=mm&r=g\",\"caption\":\"FECEC Comunicaci\u00f3\"}}]}<\/script>\n<!-- \/ Yoast SEO plugin. -->","yoast_head_json":{"title":"Buscamos personas voluntarias para la 10.\u00aa edici\u00f3n de la campa\u00f1a \"Posem-li pebrots al c\u00e0ncer\" - Junts contra el c\u00e0ncer - FECEC","robots":{"index":"index","follow":"follow","max-snippet":"max-snippet:-1","max-image-preview":"max-image-preview:large","max-video-preview":"max-video-preview:-1"},"canonical":"https:\/\/juntscontraelcancer.cat\/es\/buscamos-personas-voluntarias-para-la-10-a-edicion-de-la-campana-posem-li-pebrots-al-cancer\/","og_locale":"es_ES","og_type":"article","og_title":"Buscamos personas voluntarias para la 10.\u00aa edici\u00f3n de la campa\u00f1a \"Posem-li pebrots al c\u00e0ncer\" - Junts contra el c\u00e0ncer - FECEC","og_description":"Por d\u00e9cimo a\u00f1o consecutivo, la Federaci\u00f3 Catalana d\u2019Entitats Contra el C\u00e0ncer (FECEC) y supermercados Condis impulsan la campa\u00f1a solidaria \u201cPosem-li Pebrots al C\u00e0ncer\u201d, con el objetivo de ayudar las personas con c\u00e1ncer y sus familias y difundir. Si quieres participar como voluntario\/a a la campa\u00f1a el 14, 15 y 16 de marzo, ap\u00fantate en este enlace.","og_url":"https:\/\/juntscontraelcancer.cat\/es\/buscamos-personas-voluntarias-para-la-10-a-edicion-de-la-campana-posem-li-pebrots-al-cancer\/","og_site_name":"Junts contra el c\u00e0ncer - FECEC","article_publisher":"https:\/\/www.facebook.com\/fecec.federacio\/","article_published_time":"2024-02-19T08:00:00+00:00","article_modified_time":"2024-03-04T15:28:59+00:00","og_image":[{"width":1726,"height":966,"url":"https:\/\/juntscontraelcancer.cat\/wp-content\/uploads\/2024\/02\/junts-contra-el-cancer-posem-li-pebrots-al-cancer-2024.png","type":"image\/png"}],"author":"FECEC Comunicaci\u00f3","twitter_card":"summary_large_image","twitter_creator":"@FececFederacio","twitter_site":"@FececFederacio","twitter_misc":{"Escrito por":"FECEC Comunicaci\u00f3","Tiempo de lectura":"2 minutos"},"schema":{"@context":"https:\/\/schema.org","@graph":[{"@type":"Article","@id":"https:\/\/juntscontraelcancer.cat\/es\/buscamos-personas-voluntarias-para-la-10-a-edicion-de-la-campana-posem-li-pebrots-al-cancer\/#article","isPartOf":{"@id":"https:\/\/juntscontraelcancer.cat\/es\/buscamos-personas-voluntarias-para-la-10-a-edicion-de-la-campana-posem-li-pebrots-al-cancer\/"},"author":{"name":"FECEC Comunicaci\u00f3","@id":"https:\/\/juntscontraelcancer.cat\/es\/#\/schema\/person\/2bba6ee197504983c335d560850ec148"},"headline":"Buscamos personas voluntarias para la 10.\u00aa edici\u00f3n de la campa\u00f1a \u00abPosem-li pebrots al c\u00e0ncer\u00bb","datePublished":"2024-02-19T08:00:00+00:00","dateModified":"2024-03-04T15:28:59+00:00","mainEntityOfPage":{"@id":"https:\/\/juntscontraelcancer.cat\/es\/buscamos-personas-voluntarias-para-la-10-a-edicion-de-la-campana-posem-li-pebrots-al-cancer\/"},"wordCount":362,"publisher":{"@id":"https:\/\/juntscontraelcancer.cat\/es\/#organization"},"image":{"@id":"https:\/\/juntscontraelcancer.cat\/es\/buscamos-personas-voluntarias-para-la-10-a-edicion-de-la-campana-posem-li-pebrots-al-cancer\/#primaryimage"},"thumbnailUrl":"https:\/\/juntscontraelcancer.cat\/wp-content\/uploads\/2024\/02\/junts-contra-el-cancer-posem-li-pebrots-al-cancer-2024.png","articleSection":["Actualidad","Destacadas"],"inLanguage":"es"},{"@type":"WebPage","@id":"https:\/\/juntscontraelcancer.cat\/es\/buscamos-personas-voluntarias-para-la-10-a-edicion-de-la-campana-posem-li-pebrots-al-cancer\/","url":"https:\/\/juntscontraelcancer.cat\/es\/buscamos-personas-voluntarias-para-la-10-a-edicion-de-la-campana-posem-li-pebrots-al-cancer\/","name":"Buscamos personas voluntarias para la 10.\u00aa edici\u00f3n de la campa\u00f1a \"Posem-li pebrots al c\u00e0ncer\" - Junts contra el c\u00e0ncer - FECEC","isPartOf":{"@id":"https:\/\/juntscontraelcancer.cat\/es\/#website"},"primaryImageOfPage":{"@id":"https:\/\/juntscontraelcancer.cat\/es\/buscamos-personas-voluntarias-para-la-10-a-edicion-de-la-campana-posem-li-pebrots-al-cancer\/#primaryimage"},"image":{"@id":"https:\/\/juntscontraelcancer.cat\/es\/buscamos-personas-voluntarias-para-la-10-a-edicion-de-la-campana-posem-li-pebrots-al-cancer\/#primaryimage"},"thumbnailUrl":"https:\/\/juntscontraelcancer.cat\/wp-content\/uploads\/2024\/02\/junts-contra-el-cancer-posem-li-pebrots-al-cancer-2024.png","datePublished":"2024-02-19T08:00:00+00:00","dateModified":"2024-03-04T15:28:59+00:00","breadcrumb":{"@id":"https:\/\/juntscontraelcancer.cat\/es\/buscamos-personas-voluntarias-para-la-10-a-edicion-de-la-campana-posem-li-pebrots-al-cancer\/#breadcrumb"},"inLanguage":"es","potentialAction":[{"@type":"ReadAction","target":["https:\/\/juntscontraelcancer.cat\/es\/buscamos-personas-voluntarias-para-la-10-a-edicion-de-la-campana-posem-li-pebrots-al-cancer\/"]}]},{"@type":"ImageObject","inLanguage":"es","@id":"https:\/\/juntscontraelcancer.cat\/es\/buscamos-personas-voluntarias-para-la-10-a-edicion-de-la-campana-posem-li-pebrots-al-cancer\/#primaryimage","url":"https:\/\/juntscontraelcancer.cat\/wp-content\/uploads\/2024\/02\/junts-contra-el-cancer-posem-li-pebrots-al-cancer-2024.png","contentUrl":"https:\/\/juntscontraelcancer.cat\/wp-content\/uploads\/2024\/02\/junts-contra-el-cancer-posem-li-pebrots-al-cancer-2024.png","width":1726,"height":966},{"@type":"BreadcrumbList","@id":"https:\/\/juntscontraelcancer.cat\/es\/buscamos-personas-voluntarias-para-la-10-a-edicion-de-la-campana-posem-li-pebrots-al-cancer\/#breadcrumb","itemListElement":[{"@type":"ListItem","position":1,"name":"Inicio","item":"https:\/\/juntscontraelcancer.cat\/es\/"},{"@type":"ListItem","position":2,"name":"Buscamos personas voluntarias para la 10.\u00aa edici\u00f3n de la campa\u00f1a \u00abPosem-li pebrots al c\u00e0ncer\u00bb"}]},{"@type":"WebSite","@id":"https:\/\/juntscontraelcancer.cat\/es\/#website","url":"https:\/\/juntscontraelcancer.cat\/es\/","name":"Junts contra el c\u00e0ncer - FECEC","description":"","publisher":{"@id":"https:\/\/juntscontraelcancer.cat\/es\/#organization"},"potentialAction":[{"@type":"SearchAction","target":{"@type":"EntryPoint","urlTemplate":"https:\/\/juntscontraelcancer.cat\/es\/?s={search_term_string}"},"query-input":{"@type":"PropertyValueSpecification","valueRequired":true,"valueName":"search_term_string"}}],"inLanguage":"es"},{"@type":"Organization","@id":"https:\/\/juntscontraelcancer.cat\/es\/#organization","name":"Junts contra el c\u00e0ncer - FECEC","url":"https:\/\/juntscontraelcancer.cat\/es\/","logo":{"@type":"ImageObject","inLanguage":"es","@id":"https:\/\/juntscontraelcancer.cat\/es\/#\/schema\/logo\/image\/","url":"https:\/\/juntscontraelcancer.cat\/wp-content\/uploads\/2023\/01\/logo-fecec-header.png","contentUrl":"https:\/\/juntscontraelcancer.cat\/wp-content\/uploads\/2023\/01\/logo-fecec-header.png","width":126,"height":74,"caption":"Junts contra el c\u00e0ncer - FECEC"},"image":{"@id":"https:\/\/juntscontraelcancer.cat\/es\/#\/schema\/logo\/image\/"},"sameAs":["https:\/\/www.facebook.com\/fecec.federacio\/","https:\/\/x.com\/FececFederacio","https:\/\/www.instagram.com\/fececfederacio\/?hl=es","https:\/\/www.youtube.com\/channel\/UCgAC_6c6hmHwMQhSCQyYBdA"]},{"@type":"Person","@id":"https:\/\/juntscontraelcancer.cat\/es\/#\/schema\/person\/2bba6ee197504983c335d560850ec148","name":"FECEC Comunicaci\u00f3","image":{"@type":"ImageObject","inLanguage":"es","@id":"https:\/\/secure.gravatar.com\/avatar\/afa7129fad37df4be85b472c53d2039388784444579f67ca35ddbc83bfae2fd0?s=96&d=mm&r=g","url":"https:\/\/secure.gravatar.com\/avatar\/afa7129fad37df4be85b472c53d2039388784444579f67ca35ddbc83bfae2fd0?s=96&d=mm&r=g","contentUrl":"https:\/\/secure.gravatar.com\/avatar\/afa7129fad37df4be85b472c53d2039388784444579f67ca35ddbc83bfae2fd0?s=96&d=mm&r=g","caption":"FECEC Comunicaci\u00f3"}}]}},"_links":{"self":[{"href":"https:\/\/juntscontraelcancer.cat\/es\/wp-json\/wp\/v2\/posts\/34125","targetHints":{"allow":["GET"]}}],"collection":[{"href":"https:\/\/juntscontraelcancer.cat\/es\/wp-json\/wp\/v2\/posts"}],"about":[{"href":"https:\/\/juntscontraelcancer.cat\/es\/wp-json\/wp\/v2\/types\/post"}],"author":[{"embeddable":true,"href":"https:\/\/juntscontraelcancer.cat\/es\/wp-json\/wp\/v2\/users\/2"}],"replies":[{"embeddable":true,"href":"https:\/\/juntscontraelcancer.cat\/es\/wp-json\/wp\/v2\/comments?post=34125"}],"version-history":[{"count":3,"href":"https:\/\/juntscontraelcancer.cat\/es\/wp-json\/wp\/v2\/posts\/34125\/revisions"}],"predecessor-version":[{"id":34324,"href":"https:\/\/juntscontraelcancer.cat\/es\/wp-json\/wp\/v2\/posts\/34125\/revisions\/34324"}],"wp:featuredmedia":[{"embeddable":true,"href":"https:\/\/juntscontraelcancer.cat\/es\/wp-json\/wp\/v2\/media\/34096"}],"wp:attachment":[{"href":"https:\/\/juntscontraelcancer.cat\/es\/wp-json\/wp\/v2\/media?parent=34125"}],"wp:term":[{"taxonomy":"category","embeddable":true,"href":"https:\/\/juntscontraelcancer.cat\/es\/wp-json\/wp\/v2\/categories?post=34125"},{"taxonomy":"post_tag","embeddable":true,"href":"https:\/\/juntscontraelcancer.cat\/es\/wp-json\/wp\/v2\/tags?post=34125"}],"curies":[{"name":"wp","href":"https:\/\/api.w.org\/{rel}","templated":true}]}}