{"id":33412,"date":"2024-02-28T15:00:00","date_gmt":"2024-02-28T13:00:00","guid":{"rendered":"https:\/\/juntscontraelcancer.cat\/wala-inicia-la-campana-de-redondeo-solidario-en-favor-de-la-fecec-juntos-contra-el-cancer\/"},"modified":"2024-01-16T10:07:27","modified_gmt":"2024-01-16T08:07:27","slug":"wala-inicia-la-campana-de-redondeo-solidario-en-favor-de-la-fecec-juntos-contra-el-cancer","status":"publish","type":"post","link":"https:\/\/juntscontraelcancer.cat\/es\/wala-inicia-la-campana-de-redondeo-solidario-en-favor-de-la-fecec-juntos-contra-el-cancer\/","title":{"rendered":"Wala inicia la campa\u00f1a de Redondeo Solidario en favor de la FECEC, Junts contra C\u00e0ncer"},"content":{"rendered":"\n<p><strong>Wala, cadena de tiendas de moda y complementos deportivos, ha iniciado la campa\u00f1a de Redondeo Solidario en favor de la Federaci\u00f3 Catalana d&#8217;Entitats contra el C\u00e0ncer (FECEC). Durante 4 meses, los clientes de <a href=\"https:\/\/www.walashop.com\/ca\" target=\"_blank\" rel=\"noreferrer noopener\">Wala<\/a> podr\u00e1n destinar unos c\u00e9ntimos, cuando hagan pagos con tarjeta, para ayudar en la vuelta a la cotidianidad de las personas que han superado la enfermedad.<\/strong><\/p>\n\n<p>Los <strong>objetivos <\/strong>de la campa\u00f1a son:<\/p>\n\n<ul class=\"wp-block-list\">\n<li>Dar respuesta a las necesidades de las personas que han superado el c\u00e1ncer y su entorno para resolver las cuestiones que se los plantean al empezar una nueva etapa: el despu\u00e9s del c\u00e1ncer.&#13;\n<\/li>\n\n\n\n<li>Acompa\u00f1ar y apoyar a las personas que han sufrido un c\u00e1ncer y buscan un trabajo adaptado en sus necesidades f\u00edsicas y emocionales.<\/li>\n<\/ul>\n\n<p>En concreto, la recaudaci\u00f3n ir\u00e1 destinada en el programa <a href=\"https:\/\/juntscontraelcancer.cat\/es\/despues-del-cancer\/\" target=\"_blank\" rel=\"noreferrer noopener\">Despu\u00e9s del c\u00e0<\/a><a href=\"https:\/\/juntscontraelcancer.cat\/es\/despues-del-cancer\/\">ncer<\/a> de la FECEC, Junts contra el C\u00e0ncer, que incluye, entre otros, el espacio digital <a href=\"https:\/\/despresdelcancer.cat\/?lang=es\" target=\"_blank\" rel=\"noreferrer noopener\">Despu\u00e9s del c\u00e1ncer<\/a>, que ofrece informaci\u00f3n y recursos para las personas en esta nueva etapa de su vida; el <strong>Repr\u00e8n, servicio de orientaci\u00f3n laboral despu\u00e9s del c\u00e1ncer<\/strong>, que facilita la reinserci\u00f3n laboral de las personas que vuelven al mercado laboral una vez finalizan sus tratamientos oncol\u00f3gicos y, por las secuelas derivadas de la enfermedad, no pueden continuar desarrollando el trabajo que hac\u00edan hasta entonces.&#13;\n<\/p>\n\n<figure class=\"wp-block-image size-large is-resized is-style-default\"><img loading=\"lazy\" decoding=\"async\" src=\"https:\/\/juntscontraelcancer.cat\/wp-content\/uploads\/2024\/01\/Captura-de-pantalla-2023-12-12-a-les-15.42.25-723x1024.png\" alt=\"\" class=\"wp-image-33392\" width=\"542\" height=\"768\" srcset=\"https:\/\/juntscontraelcancer.cat\/wp-content\/uploads\/2024\/01\/Captura-de-pantalla-2023-12-12-a-les-15.42.25-723x1024.png 723w, https:\/\/juntscontraelcancer.cat\/wp-content\/uploads\/2024\/01\/Captura-de-pantalla-2023-12-12-a-les-15.42.25-212x300.png 212w, https:\/\/juntscontraelcancer.cat\/wp-content\/uploads\/2024\/01\/Captura-de-pantalla-2023-12-12-a-les-15.42.25-768x1088.png 768w, https:\/\/juntscontraelcancer.cat\/wp-content\/uploads\/2024\/01\/Captura-de-pantalla-2023-12-12-a-les-15.42.25-1084x1536.png 1084w, https:\/\/juntscontraelcancer.cat\/wp-content\/uploads\/2024\/01\/Captura-de-pantalla-2023-12-12-a-les-15.42.25.png 1262w\" sizes=\"auto, (max-width: 542px) 100vw, 542px\" \/><\/figure>\n\n<h3 class=\"wp-block-heading\"><strong>La importancia de ayudar despu\u00e9s del c\u00e1ncer<\/strong>&#13;\n<\/h3>\n\n<p>En Catalu\u00f1a hay m\u00e1s de 110.000 personas que han superado o cronificado un c\u00e1ncer. Esta cifra aumentar\u00e1 anualmente un 1,7% en mujeres y un 1,6% en hombres. La impronta del c\u00e1ncer deja sensaci\u00f3n de soledad y abandono y, en muchos casos, secuelas f\u00edsicas o emocionales y, adem\u00e1s, se traduce en una dificultad para acceder a puestos de trabajo as\u00ed como a muchos servicios: seguros, productos bancarios o mutuas son algunos ejemplos. Con este escenario, las personas afectadas tienen que retomar la vida diaria y laboral y es aqu\u00ed donde la FECEC, Junts contra el C\u00e0ncer trabaja para ayudarlas.&#13;\n<\/p>\n\n<p><\/p>\n","protected":false},"excerpt":{"rendered":"<p>Wala, la cadena de tiendas de moda y complementos deportivos, ha iniciado la campa\u00f1a de Redondeo Solidario en favor de la Federaci\u00f3 Catalana d&#8217;Entitats contra el C\u00e0ncer (FECEC). Durante 4 meses, los clientes de Wala podr\u00e1n destinar unos c\u00e9ntimos, cuando hagan pagos con tarjeta, para ayudar en la vuelta a la cotidianidad de las personas que han superado la enfermedad.<\/p>\n","protected":false},"author":2,"featured_media":33389,"comment_status":"closed","ping_status":"closed","sticky":false,"template":"","format":"standard","meta":{"_acf_changed":false,"inline_featured_image":false,"footnotes":""},"categories":[84,86],"tags":[],"class_list":["post-33412","post","type-post","status-publish","format-standard","has-post-thumbnail","hentry","category-actualidad","category-destacadas"],"acf":[],"yoast_head":"<!-- This site is optimized with the Yoast SEO plugin v27.3 - https:\/\/yoast.com\/product\/yoast-seo-wordpress\/ -->\n<title>Wala inicia la campa\u00f1a de Redondeo Solidario en favor de la FECEC, Junts contra C\u00e0ncer - Junts contra el c\u00e0ncer - FECEC<\/title>\n<meta name=\"robots\" content=\"index, follow, max-snippet:-1, max-image-preview:large, max-video-preview:-1\" \/>\n<link rel=\"canonical\" href=\"https:\/\/juntscontraelcancer.cat\/es\/wala-inicia-la-campana-de-redondeo-solidario-en-favor-de-la-fecec-juntos-contra-el-cancer\/\" \/>\n<meta property=\"og:locale\" content=\"es_ES\" \/>\n<meta property=\"og:type\" content=\"article\" \/>\n<meta property=\"og:title\" content=\"Wala inicia la campa\u00f1a de Redondeo Solidario en favor de la FECEC, Junts contra C\u00e0ncer - Junts contra el c\u00e0ncer - FECEC\" \/>\n<meta property=\"og:description\" content=\"Wala, la cadena de tiendas de moda y complementos deportivos, ha iniciado la campa\u00f1a de Redondeo Solidario en favor de la Federaci\u00f3 Catalana d&#039;Entitats contra el C\u00e0ncer (FECEC). Durante 4 meses, los clientes de Wala podr\u00e1n destinar unos c\u00e9ntimos, cuando hagan pagos con tarjeta, para ayudar en la vuelta a la cotidianidad de las personas que han superado la enfermedad.\" \/>\n<meta property=\"og:url\" content=\"https:\/\/juntscontraelcancer.cat\/es\/wala-inicia-la-campana-de-redondeo-solidario-en-favor-de-la-fecec-juntos-contra-el-cancer\/\" \/>\n<meta property=\"og:site_name\" content=\"Junts contra el c\u00e0ncer - FECEC\" \/>\n<meta property=\"article:publisher\" content=\"https:\/\/www.facebook.com\/fecec.federacio\/\" \/>\n<meta property=\"article:published_time\" content=\"2024-02-28T13:00:00+00:00\" \/>\n<meta property=\"og:image\" content=\"https:\/\/juntscontraelcancer.cat\/wp-content\/uploads\/2024\/01\/Copia-de-Copia-de-Copia-de-Foto-web-gran-4.png\" \/>\n\t<meta property=\"og:image:width\" content=\"1726\" \/>\n\t<meta property=\"og:image:height\" content=\"966\" \/>\n\t<meta property=\"og:image:type\" content=\"image\/png\" \/>\n<meta name=\"author\" content=\"FECEC Comunicaci\u00f3\" \/>\n<meta name=\"twitter:card\" content=\"summary_large_image\" \/>\n<meta name=\"twitter:creator\" content=\"@FececFederacio\" \/>\n<meta name=\"twitter:site\" content=\"@FececFederacio\" \/>\n<meta name=\"twitter:label1\" content=\"Escrito por\" \/>\n\t<meta name=\"twitter:data1\" content=\"FECEC Comunicaci\u00f3\" \/>\n\t<meta name=\"twitter:label2\" content=\"Tiempo de lectura\" \/>\n\t<meta name=\"twitter:data2\" content=\"2 minutos\" \/>\n<script type=\"application\/ld+json\" class=\"yoast-schema-graph\">{\"@context\":\"https:\\\/\\\/schema.org\",\"@graph\":[{\"@type\":\"Article\",\"@id\":\"https:\\\/\\\/juntscontraelcancer.cat\\\/es\\\/wala-inicia-la-campana-de-redondeo-solidario-en-favor-de-la-fecec-juntos-contra-el-cancer\\\/#article\",\"isPartOf\":{\"@id\":\"https:\\\/\\\/juntscontraelcancer.cat\\\/es\\\/wala-inicia-la-campana-de-redondeo-solidario-en-favor-de-la-fecec-juntos-contra-el-cancer\\\/\"},\"author\":{\"name\":\"FECEC Comunicaci\u00f3\",\"@id\":\"https:\\\/\\\/juntscontraelcancer.cat\\\/es\\\/#\\\/schema\\\/person\\\/2bba6ee197504983c335d560850ec148\"},\"headline\":\"Wala inicia la campa\u00f1a de Redondeo Solidario en favor de la FECEC, Junts contra C\u00e0ncer\",\"datePublished\":\"2024-02-28T13:00:00+00:00\",\"mainEntityOfPage\":{\"@id\":\"https:\\\/\\\/juntscontraelcancer.cat\\\/es\\\/wala-inicia-la-campana-de-redondeo-solidario-en-favor-de-la-fecec-juntos-contra-el-cancer\\\/\"},\"wordCount\":364,\"publisher\":{\"@id\":\"https:\\\/\\\/juntscontraelcancer.cat\\\/es\\\/#organization\"},\"image\":{\"@id\":\"https:\\\/\\\/juntscontraelcancer.cat\\\/es\\\/wala-inicia-la-campana-de-redondeo-solidario-en-favor-de-la-fecec-juntos-contra-el-cancer\\\/#primaryimage\"},\"thumbnailUrl\":\"https:\\\/\\\/juntscontraelcancer.cat\\\/wp-content\\\/uploads\\\/2024\\\/01\\\/Copia-de-Copia-de-Copia-de-Foto-web-gran-4.png\",\"articleSection\":[\"Actualidad\",\"Destacadas\"],\"inLanguage\":\"es\"},{\"@type\":\"WebPage\",\"@id\":\"https:\\\/\\\/juntscontraelcancer.cat\\\/es\\\/wala-inicia-la-campana-de-redondeo-solidario-en-favor-de-la-fecec-juntos-contra-el-cancer\\\/\",\"url\":\"https:\\\/\\\/juntscontraelcancer.cat\\\/es\\\/wala-inicia-la-campana-de-redondeo-solidario-en-favor-de-la-fecec-juntos-contra-el-cancer\\\/\",\"name\":\"Wala inicia la campa\u00f1a de Redondeo Solidario en favor de la FECEC, Junts contra C\u00e0ncer - Junts contra el c\u00e0ncer - FECEC\",\"isPartOf\":{\"@id\":\"https:\\\/\\\/juntscontraelcancer.cat\\\/es\\\/#website\"},\"primaryImageOfPage\":{\"@id\":\"https:\\\/\\\/juntscontraelcancer.cat\\\/es\\\/wala-inicia-la-campana-de-redondeo-solidario-en-favor-de-la-fecec-juntos-contra-el-cancer\\\/#primaryimage\"},\"image\":{\"@id\":\"https:\\\/\\\/juntscontraelcancer.cat\\\/es\\\/wala-inicia-la-campana-de-redondeo-solidario-en-favor-de-la-fecec-juntos-contra-el-cancer\\\/#primaryimage\"},\"thumbnailUrl\":\"https:\\\/\\\/juntscontraelcancer.cat\\\/wp-content\\\/uploads\\\/2024\\\/01\\\/Copia-de-Copia-de-Copia-de-Foto-web-gran-4.png\",\"datePublished\":\"2024-02-28T13:00:00+00:00\",\"breadcrumb\":{\"@id\":\"https:\\\/\\\/juntscontraelcancer.cat\\\/es\\\/wala-inicia-la-campana-de-redondeo-solidario-en-favor-de-la-fecec-juntos-contra-el-cancer\\\/#breadcrumb\"},\"inLanguage\":\"es\",\"potentialAction\":[{\"@type\":\"ReadAction\",\"target\":[\"https:\\\/\\\/juntscontraelcancer.cat\\\/es\\\/wala-inicia-la-campana-de-redondeo-solidario-en-favor-de-la-fecec-juntos-contra-el-cancer\\\/\"]}]},{\"@type\":\"ImageObject\",\"inLanguage\":\"es\",\"@id\":\"https:\\\/\\\/juntscontraelcancer.cat\\\/es\\\/wala-inicia-la-campana-de-redondeo-solidario-en-favor-de-la-fecec-juntos-contra-el-cancer\\\/#primaryimage\",\"url\":\"https:\\\/\\\/juntscontraelcancer.cat\\\/wp-content\\\/uploads\\\/2024\\\/01\\\/Copia-de-Copia-de-Copia-de-Foto-web-gran-4.png\",\"contentUrl\":\"https:\\\/\\\/juntscontraelcancer.cat\\\/wp-content\\\/uploads\\\/2024\\\/01\\\/Copia-de-Copia-de-Copia-de-Foto-web-gran-4.png\",\"width\":1726,\"height\":966},{\"@type\":\"BreadcrumbList\",\"@id\":\"https:\\\/\\\/juntscontraelcancer.cat\\\/es\\\/wala-inicia-la-campana-de-redondeo-solidario-en-favor-de-la-fecec-juntos-contra-el-cancer\\\/#breadcrumb\",\"itemListElement\":[{\"@type\":\"ListItem\",\"position\":1,\"name\":\"Inicio\",\"item\":\"https:\\\/\\\/juntscontraelcancer.cat\\\/es\\\/\"},{\"@type\":\"ListItem\",\"position\":2,\"name\":\"Wala inicia la campa\u00f1a de Redondeo Solidario en favor de la FECEC, Junts contra C\u00e0ncer\"}]},{\"@type\":\"WebSite\",\"@id\":\"https:\\\/\\\/juntscontraelcancer.cat\\\/es\\\/#website\",\"url\":\"https:\\\/\\\/juntscontraelcancer.cat\\\/es\\\/\",\"name\":\"Junts contra el c\u00e0ncer - FECEC\",\"description\":\"\",\"publisher\":{\"@id\":\"https:\\\/\\\/juntscontraelcancer.cat\\\/es\\\/#organization\"},\"potentialAction\":[{\"@type\":\"SearchAction\",\"target\":{\"@type\":\"EntryPoint\",\"urlTemplate\":\"https:\\\/\\\/juntscontraelcancer.cat\\\/es\\\/?s={search_term_string}\"},\"query-input\":{\"@type\":\"PropertyValueSpecification\",\"valueRequired\":true,\"valueName\":\"search_term_string\"}}],\"inLanguage\":\"es\"},{\"@type\":\"Organization\",\"@id\":\"https:\\\/\\\/juntscontraelcancer.cat\\\/es\\\/#organization\",\"name\":\"Junts contra el c\u00e0ncer - FECEC\",\"url\":\"https:\\\/\\\/juntscontraelcancer.cat\\\/es\\\/\",\"logo\":{\"@type\":\"ImageObject\",\"inLanguage\":\"es\",\"@id\":\"https:\\\/\\\/juntscontraelcancer.cat\\\/es\\\/#\\\/schema\\\/logo\\\/image\\\/\",\"url\":\"https:\\\/\\\/juntscontraelcancer.cat\\\/wp-content\\\/uploads\\\/2023\\\/01\\\/logo-fecec-header.png\",\"contentUrl\":\"https:\\\/\\\/juntscontraelcancer.cat\\\/wp-content\\\/uploads\\\/2023\\\/01\\\/logo-fecec-header.png\",\"width\":126,\"height\":74,\"caption\":\"Junts contra el c\u00e0ncer - FECEC\"},\"image\":{\"@id\":\"https:\\\/\\\/juntscontraelcancer.cat\\\/es\\\/#\\\/schema\\\/logo\\\/image\\\/\"},\"sameAs\":[\"https:\\\/\\\/www.facebook.com\\\/fecec.federacio\\\/\",\"https:\\\/\\\/x.com\\\/FececFederacio\",\"https:\\\/\\\/www.instagram.com\\\/fececfederacio\\\/?hl=es\",\"https:\\\/\\\/www.youtube.com\\\/channel\\\/UCgAC_6c6hmHwMQhSCQyYBdA\"]},{\"@type\":\"Person\",\"@id\":\"https:\\\/\\\/juntscontraelcancer.cat\\\/es\\\/#\\\/schema\\\/person\\\/2bba6ee197504983c335d560850ec148\",\"name\":\"FECEC Comunicaci\u00f3\",\"image\":{\"@type\":\"ImageObject\",\"inLanguage\":\"es\",\"@id\":\"https:\\\/\\\/secure.gravatar.com\\\/avatar\\\/afa7129fad37df4be85b472c53d2039388784444579f67ca35ddbc83bfae2fd0?s=96&d=mm&r=g\",\"url\":\"https:\\\/\\\/secure.gravatar.com\\\/avatar\\\/afa7129fad37df4be85b472c53d2039388784444579f67ca35ddbc83bfae2fd0?s=96&d=mm&r=g\",\"contentUrl\":\"https:\\\/\\\/secure.gravatar.com\\\/avatar\\\/afa7129fad37df4be85b472c53d2039388784444579f67ca35ddbc83bfae2fd0?s=96&d=mm&r=g\",\"caption\":\"FECEC Comunicaci\u00f3\"}}]}<\/script>\n<!-- \/ Yoast SEO plugin. -->","yoast_head_json":{"title":"Wala inicia la campa\u00f1a de Redondeo Solidario en favor de la FECEC, Junts contra C\u00e0ncer - Junts contra el c\u00e0ncer - FECEC","robots":{"index":"index","follow":"follow","max-snippet":"max-snippet:-1","max-image-preview":"max-image-preview:large","max-video-preview":"max-video-preview:-1"},"canonical":"https:\/\/juntscontraelcancer.cat\/es\/wala-inicia-la-campana-de-redondeo-solidario-en-favor-de-la-fecec-juntos-contra-el-cancer\/","og_locale":"es_ES","og_type":"article","og_title":"Wala inicia la campa\u00f1a de Redondeo Solidario en favor de la FECEC, Junts contra C\u00e0ncer - Junts contra el c\u00e0ncer - FECEC","og_description":"Wala, la cadena de tiendas de moda y complementos deportivos, ha iniciado la campa\u00f1a de Redondeo Solidario en favor de la Federaci\u00f3 Catalana d'Entitats contra el C\u00e0ncer (FECEC). Durante 4 meses, los clientes de Wala podr\u00e1n destinar unos c\u00e9ntimos, cuando hagan pagos con tarjeta, para ayudar en la vuelta a la cotidianidad de las personas que han superado la enfermedad.","og_url":"https:\/\/juntscontraelcancer.cat\/es\/wala-inicia-la-campana-de-redondeo-solidario-en-favor-de-la-fecec-juntos-contra-el-cancer\/","og_site_name":"Junts contra el c\u00e0ncer - FECEC","article_publisher":"https:\/\/www.facebook.com\/fecec.federacio\/","article_published_time":"2024-02-28T13:00:00+00:00","og_image":[{"width":1726,"height":966,"url":"https:\/\/juntscontraelcancer.cat\/wp-content\/uploads\/2024\/01\/Copia-de-Copia-de-Copia-de-Foto-web-gran-4.png","type":"image\/png"}],"author":"FECEC Comunicaci\u00f3","twitter_card":"summary_large_image","twitter_creator":"@FececFederacio","twitter_site":"@FececFederacio","twitter_misc":{"Escrito por":"FECEC Comunicaci\u00f3","Tiempo de lectura":"2 minutos"},"schema":{"@context":"https:\/\/schema.org","@graph":[{"@type":"Article","@id":"https:\/\/juntscontraelcancer.cat\/es\/wala-inicia-la-campana-de-redondeo-solidario-en-favor-de-la-fecec-juntos-contra-el-cancer\/#article","isPartOf":{"@id":"https:\/\/juntscontraelcancer.cat\/es\/wala-inicia-la-campana-de-redondeo-solidario-en-favor-de-la-fecec-juntos-contra-el-cancer\/"},"author":{"name":"FECEC Comunicaci\u00f3","@id":"https:\/\/juntscontraelcancer.cat\/es\/#\/schema\/person\/2bba6ee197504983c335d560850ec148"},"headline":"Wala inicia la campa\u00f1a de Redondeo Solidario en favor de la FECEC, Junts contra C\u00e0ncer","datePublished":"2024-02-28T13:00:00+00:00","mainEntityOfPage":{"@id":"https:\/\/juntscontraelcancer.cat\/es\/wala-inicia-la-campana-de-redondeo-solidario-en-favor-de-la-fecec-juntos-contra-el-cancer\/"},"wordCount":364,"publisher":{"@id":"https:\/\/juntscontraelcancer.cat\/es\/#organization"},"image":{"@id":"https:\/\/juntscontraelcancer.cat\/es\/wala-inicia-la-campana-de-redondeo-solidario-en-favor-de-la-fecec-juntos-contra-el-cancer\/#primaryimage"},"thumbnailUrl":"https:\/\/juntscontraelcancer.cat\/wp-content\/uploads\/2024\/01\/Copia-de-Copia-de-Copia-de-Foto-web-gran-4.png","articleSection":["Actualidad","Destacadas"],"inLanguage":"es"},{"@type":"WebPage","@id":"https:\/\/juntscontraelcancer.cat\/es\/wala-inicia-la-campana-de-redondeo-solidario-en-favor-de-la-fecec-juntos-contra-el-cancer\/","url":"https:\/\/juntscontraelcancer.cat\/es\/wala-inicia-la-campana-de-redondeo-solidario-en-favor-de-la-fecec-juntos-contra-el-cancer\/","name":"Wala inicia la campa\u00f1a de Redondeo Solidario en favor de la FECEC, Junts contra C\u00e0ncer - Junts contra el c\u00e0ncer - FECEC","isPartOf":{"@id":"https:\/\/juntscontraelcancer.cat\/es\/#website"},"primaryImageOfPage":{"@id":"https:\/\/juntscontraelcancer.cat\/es\/wala-inicia-la-campana-de-redondeo-solidario-en-favor-de-la-fecec-juntos-contra-el-cancer\/#primaryimage"},"image":{"@id":"https:\/\/juntscontraelcancer.cat\/es\/wala-inicia-la-campana-de-redondeo-solidario-en-favor-de-la-fecec-juntos-contra-el-cancer\/#primaryimage"},"thumbnailUrl":"https:\/\/juntscontraelcancer.cat\/wp-content\/uploads\/2024\/01\/Copia-de-Copia-de-Copia-de-Foto-web-gran-4.png","datePublished":"2024-02-28T13:00:00+00:00","breadcrumb":{"@id":"https:\/\/juntscontraelcancer.cat\/es\/wala-inicia-la-campana-de-redondeo-solidario-en-favor-de-la-fecec-juntos-contra-el-cancer\/#breadcrumb"},"inLanguage":"es","potentialAction":[{"@type":"ReadAction","target":["https:\/\/juntscontraelcancer.cat\/es\/wala-inicia-la-campana-de-redondeo-solidario-en-favor-de-la-fecec-juntos-contra-el-cancer\/"]}]},{"@type":"ImageObject","inLanguage":"es","@id":"https:\/\/juntscontraelcancer.cat\/es\/wala-inicia-la-campana-de-redondeo-solidario-en-favor-de-la-fecec-juntos-contra-el-cancer\/#primaryimage","url":"https:\/\/juntscontraelcancer.cat\/wp-content\/uploads\/2024\/01\/Copia-de-Copia-de-Copia-de-Foto-web-gran-4.png","contentUrl":"https:\/\/juntscontraelcancer.cat\/wp-content\/uploads\/2024\/01\/Copia-de-Copia-de-Copia-de-Foto-web-gran-4.png","width":1726,"height":966},{"@type":"BreadcrumbList","@id":"https:\/\/juntscontraelcancer.cat\/es\/wala-inicia-la-campana-de-redondeo-solidario-en-favor-de-la-fecec-juntos-contra-el-cancer\/#breadcrumb","itemListElement":[{"@type":"ListItem","position":1,"name":"Inicio","item":"https:\/\/juntscontraelcancer.cat\/es\/"},{"@type":"ListItem","position":2,"name":"Wala inicia la campa\u00f1a de Redondeo Solidario en favor de la FECEC, Junts contra C\u00e0ncer"}]},{"@type":"WebSite","@id":"https:\/\/juntscontraelcancer.cat\/es\/#website","url":"https:\/\/juntscontraelcancer.cat\/es\/","name":"Junts contra el c\u00e0ncer - FECEC","description":"","publisher":{"@id":"https:\/\/juntscontraelcancer.cat\/es\/#organization"},"potentialAction":[{"@type":"SearchAction","target":{"@type":"EntryPoint","urlTemplate":"https:\/\/juntscontraelcancer.cat\/es\/?s={search_term_string}"},"query-input":{"@type":"PropertyValueSpecification","valueRequired":true,"valueName":"search_term_string"}}],"inLanguage":"es"},{"@type":"Organization","@id":"https:\/\/juntscontraelcancer.cat\/es\/#organization","name":"Junts contra el c\u00e0ncer - FECEC","url":"https:\/\/juntscontraelcancer.cat\/es\/","logo":{"@type":"ImageObject","inLanguage":"es","@id":"https:\/\/juntscontraelcancer.cat\/es\/#\/schema\/logo\/image\/","url":"https:\/\/juntscontraelcancer.cat\/wp-content\/uploads\/2023\/01\/logo-fecec-header.png","contentUrl":"https:\/\/juntscontraelcancer.cat\/wp-content\/uploads\/2023\/01\/logo-fecec-header.png","width":126,"height":74,"caption":"Junts contra el c\u00e0ncer - FECEC"},"image":{"@id":"https:\/\/juntscontraelcancer.cat\/es\/#\/schema\/logo\/image\/"},"sameAs":["https:\/\/www.facebook.com\/fecec.federacio\/","https:\/\/x.com\/FececFederacio","https:\/\/www.instagram.com\/fececfederacio\/?hl=es","https:\/\/www.youtube.com\/channel\/UCgAC_6c6hmHwMQhSCQyYBdA"]},{"@type":"Person","@id":"https:\/\/juntscontraelcancer.cat\/es\/#\/schema\/person\/2bba6ee197504983c335d560850ec148","name":"FECEC Comunicaci\u00f3","image":{"@type":"ImageObject","inLanguage":"es","@id":"https:\/\/secure.gravatar.com\/avatar\/afa7129fad37df4be85b472c53d2039388784444579f67ca35ddbc83bfae2fd0?s=96&d=mm&r=g","url":"https:\/\/secure.gravatar.com\/avatar\/afa7129fad37df4be85b472c53d2039388784444579f67ca35ddbc83bfae2fd0?s=96&d=mm&r=g","contentUrl":"https:\/\/secure.gravatar.com\/avatar\/afa7129fad37df4be85b472c53d2039388784444579f67ca35ddbc83bfae2fd0?s=96&d=mm&r=g","caption":"FECEC Comunicaci\u00f3"}}]}},"_links":{"self":[{"href":"https:\/\/juntscontraelcancer.cat\/es\/wp-json\/wp\/v2\/posts\/33412","targetHints":{"allow":["GET"]}}],"collection":[{"href":"https:\/\/juntscontraelcancer.cat\/es\/wp-json\/wp\/v2\/posts"}],"about":[{"href":"https:\/\/juntscontraelcancer.cat\/es\/wp-json\/wp\/v2\/types\/post"}],"author":[{"embeddable":true,"href":"https:\/\/juntscontraelcancer.cat\/es\/wp-json\/wp\/v2\/users\/2"}],"replies":[{"embeddable":true,"href":"https:\/\/juntscontraelcancer.cat\/es\/wp-json\/wp\/v2\/comments?post=33412"}],"version-history":[{"count":4,"href":"https:\/\/juntscontraelcancer.cat\/es\/wp-json\/wp\/v2\/posts\/33412\/revisions"}],"predecessor-version":[{"id":33417,"href":"https:\/\/juntscontraelcancer.cat\/es\/wp-json\/wp\/v2\/posts\/33412\/revisions\/33417"}],"wp:featuredmedia":[{"embeddable":true,"href":"https:\/\/juntscontraelcancer.cat\/es\/wp-json\/wp\/v2\/media\/33389"}],"wp:attachment":[{"href":"https:\/\/juntscontraelcancer.cat\/es\/wp-json\/wp\/v2\/media?parent=33412"}],"wp:term":[{"taxonomy":"category","embeddable":true,"href":"https:\/\/juntscontraelcancer.cat\/es\/wp-json\/wp\/v2\/categories?post=33412"},{"taxonomy":"post_tag","embeddable":true,"href":"https:\/\/juntscontraelcancer.cat\/es\/wp-json\/wp\/v2\/tags?post=33412"}],"curies":[{"name":"wp","href":"https:\/\/api.w.org\/{rel}","templated":true}]}}