{"id":33202,"date":"2024-01-02T10:00:00","date_gmt":"2024-01-02T08:00:00","guid":{"rendered":"https:\/\/juntscontraelcancer.cat\/retos-de-la-fecec-junts-contra-el-cancer-para-2024\/"},"modified":"2024-01-03T09:23:33","modified_gmt":"2024-01-03T07:23:33","slug":"retos-de-la-fecec-junts-contra-el-cancer-para-2024","status":"publish","type":"post","link":"https:\/\/juntscontraelcancer.cat\/es\/retos-de-la-fecec-junts-contra-el-cancer-para-2024\/","title":{"rendered":"Retos de la FECEC, Junts contra el C\u00e0ncer para 2024"},"content":{"rendered":"\n<p><strong>La Federaci\u00f3 Catalana d&#8217;Entitats contra el C\u00e0ncer (FECEC) este nuevo a\u00f1o 2024 con mucha ilusi\u00f3n y con el firme compromiso de continuar trabajando para la mejora de la calidad de vida de las personas con c\u00e1ncer y sus familias, la prevenci\u00f3n y la divulgaci\u00f3n de la enfermedad, el fomento del voluntariado y el apoyo a las entidades federadas.<\/strong>&#13;\n<\/p>\n\n<p><strong>MEJORA DE LA CALIDAD DE VIDA DE LAS PERSONAS CON C\u00c1NCER Y SUS FAMILIARES<\/strong> <strong>Y DESPU\u00c9S DEL C\u00c1NCER<\/strong><\/p>\n\n<p>La FECEC trabajar\u00e1 este a\u00f1o intensamente al continuar siendo fuente de informaci\u00f3n sobre la enfermedad, ofreciendo informaci\u00f3n de utilidad a las personas que han sido diagnosticadas de c\u00e1ncer, as\u00ed como ofreci\u00e9ndoles informaci\u00f3n y servicios para la etapa que se abre una vez han superado la enfermedad.<\/p>\n\n<p>En concreto, la FECEC tiene el reto de continuar haciendo incidencia porque se apruebe la ley del retorno al trabajo para las personas que han pasado una enfermedad grave o carcinoma que garantice los derechos y la protecci\u00f3n del colectivo con un retorno progresivo al puesto de trabajo. Tambi\u00e9n continuar\u00e1 trabajando para la correcta implementaci\u00f3n del <a href=\"https:\/\/juntscontraelcancer.cat\/es\/el-consejo-de-ministros-aprueba-in-extremis-la-ley-del-derecho-al-olvido-oncologico\/\" target=\"_blank\" rel=\"noreferrer noopener\"><strong>Real decreto ley para el Derecho al Olvido Oncol\u00f3gico<\/strong><\/a>, aprobado en Espa\u00f1a el pasado verano.<\/p>\n\n<p>Tambi\u00e9n se est\u00e1 trabajando en una <a href=\"https:\/\/juntscontraelcancer.cat\/wp-content\/uploads\/2023\/04\/1362_barometre_cancer_i_treball_a_catalunya_2022_final.pdf\" target=\"_blank\" rel=\"noreferrer noopener\"><strong>2.\u00aa edici\u00f3n del Bar\u00f3metro C\u00e1ncer y Trabajo en Catalu\u00f1a<\/strong><\/a>, con el cual se podr\u00e1 coger y valorar el estado actual de las personas diagnosticadas del c\u00e1ncer en su entorno laboral.<\/p>\n\n<p><strong>PREVENCI\u00d3N Y DIVULGACI\u00d3N DE LA ENFERMEDAD<\/strong>&#13;\n<\/p>\n\n<p>El <strong><a href=\"https:\/\/juntscontraelcancer.cat\/es\/codigo-europeo-contra-el-cancer\/\" target=\"_blank\" rel=\"noreferrer noopener\">C\u00f3digo Europeo contra el C\u00e1ncer<\/a><\/strong> marca los 12 puntos clave para la prevenci\u00f3n de la enfermedad. La FECEC, Junts contra el C\u00e0ncer, seguir\u00e1 con todas sus acciones y campa\u00f1as para informar y recordar la poblaci\u00f3n la necesidad de seguirlos para evitar el riesgo de sufrir c\u00e1ncer. La evidencia cient\u00edfica ha demostrado que una buena alimentaci\u00f3n, realizar actividad f\u00edsica regular, no fumar y protegerse correctamente de las radiaciones solares son 4 de las formas m\u00e1s importantes de prevenir la enfermedad. En estas cuestiones continuar\u00e1 la FECEC haciendo incidencia con diferentes acciones a lo largo del a\u00f1o.<\/p>\n\n<p><strong>FOMENTO DEL VOLUNTARIADO<\/strong><\/p>\n\n<p>Uno de los retos por 2024 respecto al voluntariado en el \u00e1mbito oncol\u00f3gico es el necesario relevo generacional de las personas voluntarias, puesto que el perfil actual de los voluntarios y voluntarias se sit\u00faa en mujer mayor de 65 a\u00f1os.<\/p>\n\n<p>Adem\u00e1s de continuar con las formaciones para personas voluntarias, en el mes de mayo se celebrar\u00e1 el <strong><a href=\"https:\/\/juntscontraelcancer.cat\/es\/voluntariado\/\" target=\"_blank\" rel=\"noreferrer noopener\">20.\u00ba Encuentro de Voluntariado en el \u00e1mbito oncol\u00f3gico<\/a><\/strong>, acto que tiene como objetivo reconocer la tarea valiosa de estas personas y que servicio de espacio de encuentro de los diferentes voluntarios y voluntarias de las entidades miembros de la FECEC.<\/p>\n\n<p><strong>APOYO A LAS ENTIDADES<\/strong><\/p>\n\n<p>La Federaci\u00f3 Catalana d&#8217;Entitats contra el C\u00e0ncer tambi\u00e9n continuar\u00e1 <strong><a href=\"https:\/\/juntscontraelcancer.cat\/es\/servicios-a-entidades\/\" target=\"_blank\" rel=\"noreferrer noopener\">apoyando a sus 16 entidades federadas<\/a>,<\/strong> ofreci\u00e9ndolas representaci\u00f3n en diferentes \u00f3rganos e instituciones para desarrollar el rol de interlocuci\u00f3n con las administraciones p\u00fablicas; formaci\u00f3n a los profesionales; difusi\u00f3n de sus actividades; ayud\u00e1ndolas en su transformaci\u00f3n digital; y apoy\u00e1ndolas en la captaci\u00f3n de fondo.&#13;\n<\/p>\n","protected":false},"excerpt":{"rendered":"<p>La Federaci\u00f3 Catalana d&#8217;Entitats contra el C\u00e0ncer (FECEC) este nuevo a\u00f1o 2024 con mucha ilusi\u00f3n y con el firme compromiso de continuar trabajando para la mejora de la calidad de vida de las personas con c\u00e1ncer y sus familias, la prevenci\u00f3n y la divulgaci\u00f3n de la enfermedad, el fomento del voluntariado y el apoyo a las entidades federadas.<\/p>\n","protected":false},"author":2,"featured_media":33185,"comment_status":"closed","ping_status":"closed","sticky":false,"template":"","format":"standard","meta":{"_acf_changed":false,"inline_featured_image":false,"footnotes":""},"categories":[86,85],"tags":[],"class_list":["post-33202","post","type-post","status-publish","format-standard","has-post-thumbnail","hentry","category-destacadas","category-noticias"],"acf":[],"yoast_head":"<!-- This site is optimized with the Yoast SEO plugin v27.3 - https:\/\/yoast.com\/product\/yoast-seo-wordpress\/ -->\n<title>Retos de la FECEC, Junts contra el C\u00e0ncer para 2024 - Junts contra el c\u00e0ncer - FECEC<\/title>\n<meta name=\"robots\" content=\"index, follow, max-snippet:-1, max-image-preview:large, max-video-preview:-1\" \/>\n<link rel=\"canonical\" href=\"https:\/\/juntscontraelcancer.cat\/es\/retos-de-la-fecec-junts-contra-el-cancer-para-2024\/\" \/>\n<meta property=\"og:locale\" content=\"es_ES\" \/>\n<meta property=\"og:type\" content=\"article\" \/>\n<meta property=\"og:title\" content=\"Retos de la FECEC, Junts contra el C\u00e0ncer para 2024 - Junts contra el c\u00e0ncer - FECEC\" \/>\n<meta property=\"og:description\" content=\"La Federaci\u00f3 Catalana d&#039;Entitats contra el C\u00e0ncer (FECEC) este nuevo a\u00f1o 2024 con mucha ilusi\u00f3n y con el firme compromiso de continuar trabajando para la mejora de la calidad de vida de las personas con c\u00e1ncer y sus familias, la prevenci\u00f3n y la divulgaci\u00f3n de la enfermedad, el fomento del voluntariado y el apoyo a las entidades federadas.\" \/>\n<meta property=\"og:url\" content=\"https:\/\/juntscontraelcancer.cat\/es\/retos-de-la-fecec-junts-contra-el-cancer-para-2024\/\" \/>\n<meta property=\"og:site_name\" content=\"Junts contra el c\u00e0ncer - FECEC\" \/>\n<meta property=\"article:publisher\" content=\"https:\/\/www.facebook.com\/fecec.federacio\/\" \/>\n<meta property=\"article:published_time\" content=\"2024-01-02T08:00:00+00:00\" \/>\n<meta property=\"article:modified_time\" content=\"2024-01-03T07:23:33+00:00\" \/>\n<meta property=\"og:image\" content=\"https:\/\/juntscontraelcancer.cat\/wp-content\/uploads\/2023\/12\/junts-contra-el-cancer-reptes-fecec-2024.png\" \/>\n\t<meta property=\"og:image:width\" content=\"1726\" \/>\n\t<meta property=\"og:image:height\" content=\"966\" \/>\n\t<meta property=\"og:image:type\" content=\"image\/png\" \/>\n<meta name=\"author\" content=\"FECEC Comunicaci\u00f3\" \/>\n<meta name=\"twitter:card\" content=\"summary_large_image\" \/>\n<meta name=\"twitter:creator\" content=\"@FececFederacio\" \/>\n<meta name=\"twitter:site\" content=\"@FececFederacio\" \/>\n<meta name=\"twitter:label1\" content=\"Escrito por\" \/>\n\t<meta name=\"twitter:data1\" content=\"FECEC Comunicaci\u00f3\" \/>\n\t<meta name=\"twitter:label2\" content=\"Tiempo de lectura\" \/>\n\t<meta name=\"twitter:data2\" content=\"3 minutos\" \/>\n<script type=\"application\/ld+json\" class=\"yoast-schema-graph\">{\"@context\":\"https:\\\/\\\/schema.org\",\"@graph\":[{\"@type\":\"Article\",\"@id\":\"https:\\\/\\\/juntscontraelcancer.cat\\\/es\\\/retos-de-la-fecec-junts-contra-el-cancer-para-2024\\\/#article\",\"isPartOf\":{\"@id\":\"https:\\\/\\\/juntscontraelcancer.cat\\\/es\\\/retos-de-la-fecec-junts-contra-el-cancer-para-2024\\\/\"},\"author\":{\"name\":\"FECEC Comunicaci\u00f3\",\"@id\":\"https:\\\/\\\/juntscontraelcancer.cat\\\/es\\\/#\\\/schema\\\/person\\\/2bba6ee197504983c335d560850ec148\"},\"headline\":\"Retos de la FECEC, Junts contra el C\u00e0ncer para 2024\",\"datePublished\":\"2024-01-02T08:00:00+00:00\",\"dateModified\":\"2024-01-03T07:23:33+00:00\",\"mainEntityOfPage\":{\"@id\":\"https:\\\/\\\/juntscontraelcancer.cat\\\/es\\\/retos-de-la-fecec-junts-contra-el-cancer-para-2024\\\/\"},\"wordCount\":548,\"publisher\":{\"@id\":\"https:\\\/\\\/juntscontraelcancer.cat\\\/es\\\/#organization\"},\"image\":{\"@id\":\"https:\\\/\\\/juntscontraelcancer.cat\\\/es\\\/retos-de-la-fecec-junts-contra-el-cancer-para-2024\\\/#primaryimage\"},\"thumbnailUrl\":\"https:\\\/\\\/juntscontraelcancer.cat\\\/wp-content\\\/uploads\\\/2023\\\/12\\\/junts-contra-el-cancer-reptes-fecec-2024.png\",\"articleSection\":[\"Destacadas\",\"Noticias\"],\"inLanguage\":\"es\"},{\"@type\":\"WebPage\",\"@id\":\"https:\\\/\\\/juntscontraelcancer.cat\\\/es\\\/retos-de-la-fecec-junts-contra-el-cancer-para-2024\\\/\",\"url\":\"https:\\\/\\\/juntscontraelcancer.cat\\\/es\\\/retos-de-la-fecec-junts-contra-el-cancer-para-2024\\\/\",\"name\":\"Retos de la FECEC, Junts contra el C\u00e0ncer para 2024 - Junts contra el c\u00e0ncer - FECEC\",\"isPartOf\":{\"@id\":\"https:\\\/\\\/juntscontraelcancer.cat\\\/es\\\/#website\"},\"primaryImageOfPage\":{\"@id\":\"https:\\\/\\\/juntscontraelcancer.cat\\\/es\\\/retos-de-la-fecec-junts-contra-el-cancer-para-2024\\\/#primaryimage\"},\"image\":{\"@id\":\"https:\\\/\\\/juntscontraelcancer.cat\\\/es\\\/retos-de-la-fecec-junts-contra-el-cancer-para-2024\\\/#primaryimage\"},\"thumbnailUrl\":\"https:\\\/\\\/juntscontraelcancer.cat\\\/wp-content\\\/uploads\\\/2023\\\/12\\\/junts-contra-el-cancer-reptes-fecec-2024.png\",\"datePublished\":\"2024-01-02T08:00:00+00:00\",\"dateModified\":\"2024-01-03T07:23:33+00:00\",\"breadcrumb\":{\"@id\":\"https:\\\/\\\/juntscontraelcancer.cat\\\/es\\\/retos-de-la-fecec-junts-contra-el-cancer-para-2024\\\/#breadcrumb\"},\"inLanguage\":\"es\",\"potentialAction\":[{\"@type\":\"ReadAction\",\"target\":[\"https:\\\/\\\/juntscontraelcancer.cat\\\/es\\\/retos-de-la-fecec-junts-contra-el-cancer-para-2024\\\/\"]}]},{\"@type\":\"ImageObject\",\"inLanguage\":\"es\",\"@id\":\"https:\\\/\\\/juntscontraelcancer.cat\\\/es\\\/retos-de-la-fecec-junts-contra-el-cancer-para-2024\\\/#primaryimage\",\"url\":\"https:\\\/\\\/juntscontraelcancer.cat\\\/wp-content\\\/uploads\\\/2023\\\/12\\\/junts-contra-el-cancer-reptes-fecec-2024.png\",\"contentUrl\":\"https:\\\/\\\/juntscontraelcancer.cat\\\/wp-content\\\/uploads\\\/2023\\\/12\\\/junts-contra-el-cancer-reptes-fecec-2024.png\",\"width\":1726,\"height\":966},{\"@type\":\"BreadcrumbList\",\"@id\":\"https:\\\/\\\/juntscontraelcancer.cat\\\/es\\\/retos-de-la-fecec-junts-contra-el-cancer-para-2024\\\/#breadcrumb\",\"itemListElement\":[{\"@type\":\"ListItem\",\"position\":1,\"name\":\"Inicio\",\"item\":\"https:\\\/\\\/juntscontraelcancer.cat\\\/es\\\/\"},{\"@type\":\"ListItem\",\"position\":2,\"name\":\"Retos de la FECEC, Junts contra el C\u00e0ncer para 2024\"}]},{\"@type\":\"WebSite\",\"@id\":\"https:\\\/\\\/juntscontraelcancer.cat\\\/es\\\/#website\",\"url\":\"https:\\\/\\\/juntscontraelcancer.cat\\\/es\\\/\",\"name\":\"Junts contra el c\u00e0ncer - FECEC\",\"description\":\"\",\"publisher\":{\"@id\":\"https:\\\/\\\/juntscontraelcancer.cat\\\/es\\\/#organization\"},\"potentialAction\":[{\"@type\":\"SearchAction\",\"target\":{\"@type\":\"EntryPoint\",\"urlTemplate\":\"https:\\\/\\\/juntscontraelcancer.cat\\\/es\\\/?s={search_term_string}\"},\"query-input\":{\"@type\":\"PropertyValueSpecification\",\"valueRequired\":true,\"valueName\":\"search_term_string\"}}],\"inLanguage\":\"es\"},{\"@type\":\"Organization\",\"@id\":\"https:\\\/\\\/juntscontraelcancer.cat\\\/es\\\/#organization\",\"name\":\"Junts contra el c\u00e0ncer - FECEC\",\"url\":\"https:\\\/\\\/juntscontraelcancer.cat\\\/es\\\/\",\"logo\":{\"@type\":\"ImageObject\",\"inLanguage\":\"es\",\"@id\":\"https:\\\/\\\/juntscontraelcancer.cat\\\/es\\\/#\\\/schema\\\/logo\\\/image\\\/\",\"url\":\"https:\\\/\\\/juntscontraelcancer.cat\\\/wp-content\\\/uploads\\\/2023\\\/01\\\/logo-fecec-header.png\",\"contentUrl\":\"https:\\\/\\\/juntscontraelcancer.cat\\\/wp-content\\\/uploads\\\/2023\\\/01\\\/logo-fecec-header.png\",\"width\":126,\"height\":74,\"caption\":\"Junts contra el c\u00e0ncer - FECEC\"},\"image\":{\"@id\":\"https:\\\/\\\/juntscontraelcancer.cat\\\/es\\\/#\\\/schema\\\/logo\\\/image\\\/\"},\"sameAs\":[\"https:\\\/\\\/www.facebook.com\\\/fecec.federacio\\\/\",\"https:\\\/\\\/x.com\\\/FececFederacio\",\"https:\\\/\\\/www.instagram.com\\\/fececfederacio\\\/?hl=es\",\"https:\\\/\\\/www.youtube.com\\\/channel\\\/UCgAC_6c6hmHwMQhSCQyYBdA\"]},{\"@type\":\"Person\",\"@id\":\"https:\\\/\\\/juntscontraelcancer.cat\\\/es\\\/#\\\/schema\\\/person\\\/2bba6ee197504983c335d560850ec148\",\"name\":\"FECEC Comunicaci\u00f3\",\"image\":{\"@type\":\"ImageObject\",\"inLanguage\":\"es\",\"@id\":\"https:\\\/\\\/secure.gravatar.com\\\/avatar\\\/afa7129fad37df4be85b472c53d2039388784444579f67ca35ddbc83bfae2fd0?s=96&d=mm&r=g\",\"url\":\"https:\\\/\\\/secure.gravatar.com\\\/avatar\\\/afa7129fad37df4be85b472c53d2039388784444579f67ca35ddbc83bfae2fd0?s=96&d=mm&r=g\",\"contentUrl\":\"https:\\\/\\\/secure.gravatar.com\\\/avatar\\\/afa7129fad37df4be85b472c53d2039388784444579f67ca35ddbc83bfae2fd0?s=96&d=mm&r=g\",\"caption\":\"FECEC Comunicaci\u00f3\"}}]}<\/script>\n<!-- \/ Yoast SEO plugin. -->","yoast_head_json":{"title":"Retos de la FECEC, Junts contra el C\u00e0ncer para 2024 - Junts contra el c\u00e0ncer - FECEC","robots":{"index":"index","follow":"follow","max-snippet":"max-snippet:-1","max-image-preview":"max-image-preview:large","max-video-preview":"max-video-preview:-1"},"canonical":"https:\/\/juntscontraelcancer.cat\/es\/retos-de-la-fecec-junts-contra-el-cancer-para-2024\/","og_locale":"es_ES","og_type":"article","og_title":"Retos de la FECEC, Junts contra el C\u00e0ncer para 2024 - Junts contra el c\u00e0ncer - FECEC","og_description":"La Federaci\u00f3 Catalana d'Entitats contra el C\u00e0ncer (FECEC) este nuevo a\u00f1o 2024 con mucha ilusi\u00f3n y con el firme compromiso de continuar trabajando para la mejora de la calidad de vida de las personas con c\u00e1ncer y sus familias, la prevenci\u00f3n y la divulgaci\u00f3n de la enfermedad, el fomento del voluntariado y el apoyo a las entidades federadas.","og_url":"https:\/\/juntscontraelcancer.cat\/es\/retos-de-la-fecec-junts-contra-el-cancer-para-2024\/","og_site_name":"Junts contra el c\u00e0ncer - FECEC","article_publisher":"https:\/\/www.facebook.com\/fecec.federacio\/","article_published_time":"2024-01-02T08:00:00+00:00","article_modified_time":"2024-01-03T07:23:33+00:00","og_image":[{"width":1726,"height":966,"url":"https:\/\/juntscontraelcancer.cat\/wp-content\/uploads\/2023\/12\/junts-contra-el-cancer-reptes-fecec-2024.png","type":"image\/png"}],"author":"FECEC Comunicaci\u00f3","twitter_card":"summary_large_image","twitter_creator":"@FececFederacio","twitter_site":"@FececFederacio","twitter_misc":{"Escrito por":"FECEC Comunicaci\u00f3","Tiempo de lectura":"3 minutos"},"schema":{"@context":"https:\/\/schema.org","@graph":[{"@type":"Article","@id":"https:\/\/juntscontraelcancer.cat\/es\/retos-de-la-fecec-junts-contra-el-cancer-para-2024\/#article","isPartOf":{"@id":"https:\/\/juntscontraelcancer.cat\/es\/retos-de-la-fecec-junts-contra-el-cancer-para-2024\/"},"author":{"name":"FECEC Comunicaci\u00f3","@id":"https:\/\/juntscontraelcancer.cat\/es\/#\/schema\/person\/2bba6ee197504983c335d560850ec148"},"headline":"Retos de la FECEC, Junts contra el C\u00e0ncer para 2024","datePublished":"2024-01-02T08:00:00+00:00","dateModified":"2024-01-03T07:23:33+00:00","mainEntityOfPage":{"@id":"https:\/\/juntscontraelcancer.cat\/es\/retos-de-la-fecec-junts-contra-el-cancer-para-2024\/"},"wordCount":548,"publisher":{"@id":"https:\/\/juntscontraelcancer.cat\/es\/#organization"},"image":{"@id":"https:\/\/juntscontraelcancer.cat\/es\/retos-de-la-fecec-junts-contra-el-cancer-para-2024\/#primaryimage"},"thumbnailUrl":"https:\/\/juntscontraelcancer.cat\/wp-content\/uploads\/2023\/12\/junts-contra-el-cancer-reptes-fecec-2024.png","articleSection":["Destacadas","Noticias"],"inLanguage":"es"},{"@type":"WebPage","@id":"https:\/\/juntscontraelcancer.cat\/es\/retos-de-la-fecec-junts-contra-el-cancer-para-2024\/","url":"https:\/\/juntscontraelcancer.cat\/es\/retos-de-la-fecec-junts-contra-el-cancer-para-2024\/","name":"Retos de la FECEC, Junts contra el C\u00e0ncer para 2024 - Junts contra el c\u00e0ncer - FECEC","isPartOf":{"@id":"https:\/\/juntscontraelcancer.cat\/es\/#website"},"primaryImageOfPage":{"@id":"https:\/\/juntscontraelcancer.cat\/es\/retos-de-la-fecec-junts-contra-el-cancer-para-2024\/#primaryimage"},"image":{"@id":"https:\/\/juntscontraelcancer.cat\/es\/retos-de-la-fecec-junts-contra-el-cancer-para-2024\/#primaryimage"},"thumbnailUrl":"https:\/\/juntscontraelcancer.cat\/wp-content\/uploads\/2023\/12\/junts-contra-el-cancer-reptes-fecec-2024.png","datePublished":"2024-01-02T08:00:00+00:00","dateModified":"2024-01-03T07:23:33+00:00","breadcrumb":{"@id":"https:\/\/juntscontraelcancer.cat\/es\/retos-de-la-fecec-junts-contra-el-cancer-para-2024\/#breadcrumb"},"inLanguage":"es","potentialAction":[{"@type":"ReadAction","target":["https:\/\/juntscontraelcancer.cat\/es\/retos-de-la-fecec-junts-contra-el-cancer-para-2024\/"]}]},{"@type":"ImageObject","inLanguage":"es","@id":"https:\/\/juntscontraelcancer.cat\/es\/retos-de-la-fecec-junts-contra-el-cancer-para-2024\/#primaryimage","url":"https:\/\/juntscontraelcancer.cat\/wp-content\/uploads\/2023\/12\/junts-contra-el-cancer-reptes-fecec-2024.png","contentUrl":"https:\/\/juntscontraelcancer.cat\/wp-content\/uploads\/2023\/12\/junts-contra-el-cancer-reptes-fecec-2024.png","width":1726,"height":966},{"@type":"BreadcrumbList","@id":"https:\/\/juntscontraelcancer.cat\/es\/retos-de-la-fecec-junts-contra-el-cancer-para-2024\/#breadcrumb","itemListElement":[{"@type":"ListItem","position":1,"name":"Inicio","item":"https:\/\/juntscontraelcancer.cat\/es\/"},{"@type":"ListItem","position":2,"name":"Retos de la FECEC, Junts contra el C\u00e0ncer para 2024"}]},{"@type":"WebSite","@id":"https:\/\/juntscontraelcancer.cat\/es\/#website","url":"https:\/\/juntscontraelcancer.cat\/es\/","name":"Junts contra el c\u00e0ncer - FECEC","description":"","publisher":{"@id":"https:\/\/juntscontraelcancer.cat\/es\/#organization"},"potentialAction":[{"@type":"SearchAction","target":{"@type":"EntryPoint","urlTemplate":"https:\/\/juntscontraelcancer.cat\/es\/?s={search_term_string}"},"query-input":{"@type":"PropertyValueSpecification","valueRequired":true,"valueName":"search_term_string"}}],"inLanguage":"es"},{"@type":"Organization","@id":"https:\/\/juntscontraelcancer.cat\/es\/#organization","name":"Junts contra el c\u00e0ncer - FECEC","url":"https:\/\/juntscontraelcancer.cat\/es\/","logo":{"@type":"ImageObject","inLanguage":"es","@id":"https:\/\/juntscontraelcancer.cat\/es\/#\/schema\/logo\/image\/","url":"https:\/\/juntscontraelcancer.cat\/wp-content\/uploads\/2023\/01\/logo-fecec-header.png","contentUrl":"https:\/\/juntscontraelcancer.cat\/wp-content\/uploads\/2023\/01\/logo-fecec-header.png","width":126,"height":74,"caption":"Junts contra el c\u00e0ncer - FECEC"},"image":{"@id":"https:\/\/juntscontraelcancer.cat\/es\/#\/schema\/logo\/image\/"},"sameAs":["https:\/\/www.facebook.com\/fecec.federacio\/","https:\/\/x.com\/FececFederacio","https:\/\/www.instagram.com\/fececfederacio\/?hl=es","https:\/\/www.youtube.com\/channel\/UCgAC_6c6hmHwMQhSCQyYBdA"]},{"@type":"Person","@id":"https:\/\/juntscontraelcancer.cat\/es\/#\/schema\/person\/2bba6ee197504983c335d560850ec148","name":"FECEC Comunicaci\u00f3","image":{"@type":"ImageObject","inLanguage":"es","@id":"https:\/\/secure.gravatar.com\/avatar\/afa7129fad37df4be85b472c53d2039388784444579f67ca35ddbc83bfae2fd0?s=96&d=mm&r=g","url":"https:\/\/secure.gravatar.com\/avatar\/afa7129fad37df4be85b472c53d2039388784444579f67ca35ddbc83bfae2fd0?s=96&d=mm&r=g","contentUrl":"https:\/\/secure.gravatar.com\/avatar\/afa7129fad37df4be85b472c53d2039388784444579f67ca35ddbc83bfae2fd0?s=96&d=mm&r=g","caption":"FECEC Comunicaci\u00f3"}}]}},"_links":{"self":[{"href":"https:\/\/juntscontraelcancer.cat\/es\/wp-json\/wp\/v2\/posts\/33202","targetHints":{"allow":["GET"]}}],"collection":[{"href":"https:\/\/juntscontraelcancer.cat\/es\/wp-json\/wp\/v2\/posts"}],"about":[{"href":"https:\/\/juntscontraelcancer.cat\/es\/wp-json\/wp\/v2\/types\/post"}],"author":[{"embeddable":true,"href":"https:\/\/juntscontraelcancer.cat\/es\/wp-json\/wp\/v2\/users\/2"}],"replies":[{"embeddable":true,"href":"https:\/\/juntscontraelcancer.cat\/es\/wp-json\/wp\/v2\/comments?post=33202"}],"version-history":[{"count":1,"href":"https:\/\/juntscontraelcancer.cat\/es\/wp-json\/wp\/v2\/posts\/33202\/revisions"}],"predecessor-version":[{"id":33203,"href":"https:\/\/juntscontraelcancer.cat\/es\/wp-json\/wp\/v2\/posts\/33202\/revisions\/33203"}],"wp:featuredmedia":[{"embeddable":true,"href":"https:\/\/juntscontraelcancer.cat\/es\/wp-json\/wp\/v2\/media\/33185"}],"wp:attachment":[{"href":"https:\/\/juntscontraelcancer.cat\/es\/wp-json\/wp\/v2\/media?parent=33202"}],"wp:term":[{"taxonomy":"category","embeddable":true,"href":"https:\/\/juntscontraelcancer.cat\/es\/wp-json\/wp\/v2\/categories?post=33202"},{"taxonomy":"post_tag","embeddable":true,"href":"https:\/\/juntscontraelcancer.cat\/es\/wp-json\/wp\/v2\/tags?post=33202"}],"curies":[{"name":"wp","href":"https:\/\/api.w.org\/{rel}","templated":true}]}}