{"id":31639,"date":"2023-10-02T10:00:00","date_gmt":"2023-10-02T08:00:00","guid":{"rendered":"https:\/\/juntscontraelcancer.cat\/despues-del-cancer-de-mama-y-ahora-que-proximo-dialogo-fecec-2023\/"},"modified":"2023-10-19T13:07:43","modified_gmt":"2023-10-19T11:07:43","slug":"despues-del-cancer-de-mama-y-ahora-que-proximo-dialogo-fecec-2023","status":"publish","type":"post","link":"https:\/\/juntscontraelcancer.cat\/es\/despues-del-cancer-de-mama-y-ahora-que-proximo-dialogo-fecec-2023\/","title":{"rendered":"&#8216;Despu\u00e9s del c\u00e1ncer de mama: \u00bfy ahora qu\u00e9?&#8217;, pr\u00f3ximo Di\u00e1logo FECEC 2023"},"content":{"rendered":"\n\n\n<p><strong>En motivo del D\u00eda Mundial del C\u00e1ncer de Mama, la FECEC, Junts contra el C\u00e0ncer organiza el Di\u00e1logo FECEC 2023 \u00abDespu\u00e9s del c\u00e1ncer de mama: \u00bfy ahora qu\u00e9?\u00bb, una charla presencial que tendr\u00e1 lugar el pr\u00f3ximo 18 de octubre. <a href=\"https:\/\/juntscontraelcancer.cat\/cancer-mama-i-ara-que\/\" target=\"_blank\" rel=\"noreferrer noopener\">\u00a1AP\u00daNTATE AQU\u00cd!<\/a><\/strong><\/p>\n\n\n\n<p>En este di\u00e1logo, trataremos temas que afectan las pacientes de c\u00e1ncer de mama una vez han finalizado el tratamiento, como sue\u00f1o las secuelas f\u00edsicas que se derivan, las dificultades sociales m\u00e1s habituales (el retorno al trabajo, la toxicidad financiera, el certificado de discapacidad\u2026) y lo haremos de la mano de tres personas expertas en el tema: por un lado, la <strong>Dra. Meritxell Bellet<\/strong>, onc\u00f3loga del <a href=\"https:\/\/www.vallhebron.com\/es\" target=\"_blank\" rel=\"noreferrer noopener\"><strong>Hospital Vall de Hebr\u00f3n<\/strong><\/a> y del <a href=\"https:\/\/vhio.net\/es\/inicio\/\" target=\"_blank\" rel=\"noreferrer noopener\"><strong>VHIO<\/strong><\/a> y miembro de junta directiva de <a href=\"https:\/\/www.gruposolti.org\/\" target=\"_blank\" rel=\"noreferrer noopener\"><strong>SOLTI<\/strong><\/a>; y <strong>Eva Frechilla<\/strong>, trabajadora social de la <a href=\"https:\/\/www.fundaciokalida.org\/\" target=\"_blank\" rel=\"noreferrer noopener\"><strong>Fundaci\u00f3n K\u00e0lida<\/strong><\/a>, assesora de recursos y prestaciones sociales, as\u00ed como coordinadora de voluntariado. De la otra, <strong>Rosa Maria Fern\u00e1ndez Cerezo<\/strong>, superviviente de c\u00e1ncer de mama, coach de autoestima y vida positiva, nos dar\u00e1 su testimonio.<\/p>\n\n\n\n<p>La periodista <strong>Cristina Puig<\/strong> ser\u00e1 la moderadora y dinamizadora de la charla.<\/p>\n\n\n\n<p>En este <strong>Di\u00e1logo FECEC<\/strong> retomamos la presencialidad, a pesar de que tambi\u00e9n podr\u00e1 seguirse por streaming (en YouTube) para aquellas personas que no puedan asistir en persona.<\/p>\n\n\n\n<p><strong>D\u00eda: <\/strong>mi\u00e9rcoles, 18 de octubre<br><strong>Hora: <\/strong>19 h<br><strong>Lugar:<\/strong> EspaI L\u00ednia. C\/ de Girona, 52. Barcelona<br>Es necesario confirmar asistencia <a href=\"https:\/\/juntscontraelcancer.cat\/cancer-mama-i-ara-que\/\" target=\"_blank\" rel=\"noreferrer noopener\">EN ESTE ENLACE<\/a>.<\/p>\n\n\n\n<p>Este Di\u00e1logo FECEC 2023 cuenta con el apoyo del <a href=\"https:\/\/salutweb.gencat.cat\/ca\/inici\" target=\"_blank\" rel=\"noreferrer noopener\"><strong>Departament de Salut de la Generalitat de Catalunya<\/strong><\/a> y de la <a href=\"https:\/\/www.diba.cat\/es\/\" target=\"_blank\" rel=\"noreferrer noopener\"><strong>Diputaci\u00f3 de Barcelona<\/strong><\/a>.\n<\/p>\n\n\n\n<figure class=\"wp-block-embed is-type-video is-provider-youtube wp-block-embed-youtube wp-embed-aspect-16-9 wp-has-aspect-ratio\"><div class=\"wp-block-embed__wrapper\">\n<iframe loading=\"lazy\" title=\"Di\u00e0legs FECEC 2023: \u201cDespr\u00e8s del c\u00e0ncer: i ara qu\u00e8?\u201d\" width=\"1020\" height=\"574\" src=\"https:\/\/www.youtube.com\/embed\/dUGOw0cGgEw?feature=oembed\" frameborder=\"0\" allow=\"accelerometer; autoplay; clipboard-write; encrypted-media; gyroscope; picture-in-picture; web-share\" allowfullscreen><\/iframe>\n<\/div><\/figure>\n","protected":false},"excerpt":{"rendered":"<p>En motivo del D\u00eda Mundial del C\u00e1ncer de Mama, la FECEC, Junts contra el C\u00e0ncer organiza el Di\u00e1logo FECEC 2023 \u00abDespu\u00e9s del c\u00e1ncer de mama: \u00bfy ahora qu\u00e9?\u00bb, una charla presencial que tendr\u00e1 lugar el pr\u00f3ximo 18 de octubre.<\/p>\n","protected":false},"author":2,"featured_media":31675,"comment_status":"closed","ping_status":"closed","sticky":false,"template":"","format":"standard","meta":{"_acf_changed":false,"inline_featured_image":false,"footnotes":""},"categories":[84,86],"tags":[],"class_list":["post-31639","post","type-post","status-publish","format-standard","has-post-thumbnail","hentry","category-actualidad","category-destacadas"],"acf":[],"yoast_head":"<!-- This site is optimized with the Yoast SEO plugin v27.3 - https:\/\/yoast.com\/product\/yoast-seo-wordpress\/ -->\n<title>&#039;Despu\u00e9s del c\u00e1ncer de mama: \u00bfy ahora qu\u00e9?&#039;, pr\u00f3ximo Di\u00e1logo FECEC 2023 - Junts contra el c\u00e0ncer - FECEC<\/title>\n<meta name=\"description\" content=\"En motivo del D\u00eda Mundial del C\u00e1ncer de Mama, la FECEC, Junts contra el C\u00e0ncer organiza el Di\u00e1logo FECEC 2023 &quot;Despu\u00e9s del c\u00e1ncer de mama: \u00bfy ahora qu\u00e9?&quot;.\" \/>\n<meta name=\"robots\" content=\"index, follow, max-snippet:-1, max-image-preview:large, max-video-preview:-1\" \/>\n<link rel=\"canonical\" href=\"https:\/\/juntscontraelcancer.cat\/es\/despues-del-cancer-de-mama-y-ahora-que-proximo-dialogo-fecec-2023\/\" \/>\n<meta property=\"og:locale\" content=\"es_ES\" \/>\n<meta property=\"og:type\" content=\"article\" \/>\n<meta property=\"og:title\" content=\"&#039;Despu\u00e9s del c\u00e1ncer de mama: \u00bfy ahora qu\u00e9?&#039;, pr\u00f3ximo Di\u00e1logo FECEC 2023 - Junts contra el c\u00e0ncer - FECEC\" \/>\n<meta property=\"og:description\" content=\"En motivo del D\u00eda Mundial del C\u00e1ncer de Mama, la FECEC, Junts contra el C\u00e0ncer organiza el Di\u00e1logo FECEC 2023 &quot;Despu\u00e9s del c\u00e1ncer de mama: \u00bfy ahora qu\u00e9?&quot;.\" \/>\n<meta property=\"og:url\" content=\"https:\/\/juntscontraelcancer.cat\/es\/despues-del-cancer-de-mama-y-ahora-que-proximo-dialogo-fecec-2023\/\" \/>\n<meta property=\"og:site_name\" content=\"Junts contra el c\u00e0ncer - FECEC\" \/>\n<meta property=\"article:publisher\" content=\"https:\/\/www.facebook.com\/fecec.federacio\/\" \/>\n<meta property=\"article:published_time\" content=\"2023-10-02T08:00:00+00:00\" \/>\n<meta property=\"article:modified_time\" content=\"2023-10-19T11:07:43+00:00\" \/>\n<meta property=\"og:image\" content=\"https:\/\/juntscontraelcancer.cat\/wp-content\/uploads\/2023\/10\/Copia-de-Copia-de-Fotografia-web-2.png\" \/>\n\t<meta property=\"og:image:width\" content=\"863\" \/>\n\t<meta property=\"og:image:height\" content=\"575\" \/>\n\t<meta property=\"og:image:type\" content=\"image\/png\" \/>\n<meta name=\"author\" content=\"FECEC Comunicaci\u00f3\" \/>\n<meta name=\"twitter:card\" content=\"summary_large_image\" \/>\n<meta name=\"twitter:creator\" content=\"@FececFederacio\" \/>\n<meta name=\"twitter:site\" content=\"@FececFederacio\" \/>\n<meta name=\"twitter:label1\" content=\"Escrito por\" \/>\n\t<meta name=\"twitter:data1\" content=\"FECEC Comunicaci\u00f3\" \/>\n<script type=\"application\/ld+json\" class=\"yoast-schema-graph\">{\"@context\":\"https:\\\/\\\/schema.org\",\"@graph\":[{\"@type\":\"Article\",\"@id\":\"https:\\\/\\\/juntscontraelcancer.cat\\\/es\\\/despues-del-cancer-de-mama-y-ahora-que-proximo-dialogo-fecec-2023\\\/#article\",\"isPartOf\":{\"@id\":\"https:\\\/\\\/juntscontraelcancer.cat\\\/es\\\/despues-del-cancer-de-mama-y-ahora-que-proximo-dialogo-fecec-2023\\\/\"},\"author\":{\"name\":\"FECEC Comunicaci\u00f3\",\"@id\":\"https:\\\/\\\/juntscontraelcancer.cat\\\/es\\\/#\\\/schema\\\/person\\\/2bba6ee197504983c335d560850ec148\"},\"headline\":\"&#8216;Despu\u00e9s del c\u00e1ncer de mama: \u00bfy ahora qu\u00e9?&#8217;, pr\u00f3ximo Di\u00e1logo FECEC 2023\",\"datePublished\":\"2023-10-02T08:00:00+00:00\",\"dateModified\":\"2023-10-19T11:07:43+00:00\",\"mainEntityOfPage\":{\"@id\":\"https:\\\/\\\/juntscontraelcancer.cat\\\/es\\\/despues-del-cancer-de-mama-y-ahora-que-proximo-dialogo-fecec-2023\\\/\"},\"wordCount\":288,\"publisher\":{\"@id\":\"https:\\\/\\\/juntscontraelcancer.cat\\\/es\\\/#organization\"},\"image\":{\"@id\":\"https:\\\/\\\/juntscontraelcancer.cat\\\/es\\\/despues-del-cancer-de-mama-y-ahora-que-proximo-dialogo-fecec-2023\\\/#primaryimage\"},\"thumbnailUrl\":\"https:\\\/\\\/juntscontraelcancer.cat\\\/wp-content\\\/uploads\\\/2023\\\/10\\\/Copia-de-Copia-de-Fotografia-web-2.png\",\"articleSection\":[\"Actualidad\",\"Destacadas\"],\"inLanguage\":\"es\"},{\"@type\":\"WebPage\",\"@id\":\"https:\\\/\\\/juntscontraelcancer.cat\\\/es\\\/despues-del-cancer-de-mama-y-ahora-que-proximo-dialogo-fecec-2023\\\/\",\"url\":\"https:\\\/\\\/juntscontraelcancer.cat\\\/es\\\/despues-del-cancer-de-mama-y-ahora-que-proximo-dialogo-fecec-2023\\\/\",\"name\":\"'Despu\u00e9s del c\u00e1ncer de mama: \u00bfy ahora qu\u00e9?', pr\u00f3ximo Di\u00e1logo FECEC 2023 - Junts contra el c\u00e0ncer - FECEC\",\"isPartOf\":{\"@id\":\"https:\\\/\\\/juntscontraelcancer.cat\\\/es\\\/#website\"},\"primaryImageOfPage\":{\"@id\":\"https:\\\/\\\/juntscontraelcancer.cat\\\/es\\\/despues-del-cancer-de-mama-y-ahora-que-proximo-dialogo-fecec-2023\\\/#primaryimage\"},\"image\":{\"@id\":\"https:\\\/\\\/juntscontraelcancer.cat\\\/es\\\/despues-del-cancer-de-mama-y-ahora-que-proximo-dialogo-fecec-2023\\\/#primaryimage\"},\"thumbnailUrl\":\"https:\\\/\\\/juntscontraelcancer.cat\\\/wp-content\\\/uploads\\\/2023\\\/10\\\/Copia-de-Copia-de-Fotografia-web-2.png\",\"datePublished\":\"2023-10-02T08:00:00+00:00\",\"dateModified\":\"2023-10-19T11:07:43+00:00\",\"description\":\"En motivo del D\u00eda Mundial del C\u00e1ncer de Mama, la FECEC, Junts contra el C\u00e0ncer organiza el Di\u00e1logo FECEC 2023 \\\"Despu\u00e9s del c\u00e1ncer de mama: \u00bfy ahora qu\u00e9?\\\".\",\"breadcrumb\":{\"@id\":\"https:\\\/\\\/juntscontraelcancer.cat\\\/es\\\/despues-del-cancer-de-mama-y-ahora-que-proximo-dialogo-fecec-2023\\\/#breadcrumb\"},\"inLanguage\":\"es\",\"potentialAction\":[{\"@type\":\"ReadAction\",\"target\":[\"https:\\\/\\\/juntscontraelcancer.cat\\\/es\\\/despues-del-cancer-de-mama-y-ahora-que-proximo-dialogo-fecec-2023\\\/\"]}]},{\"@type\":\"ImageObject\",\"inLanguage\":\"es\",\"@id\":\"https:\\\/\\\/juntscontraelcancer.cat\\\/es\\\/despues-del-cancer-de-mama-y-ahora-que-proximo-dialogo-fecec-2023\\\/#primaryimage\",\"url\":\"https:\\\/\\\/juntscontraelcancer.cat\\\/wp-content\\\/uploads\\\/2023\\\/10\\\/Copia-de-Copia-de-Fotografia-web-2.png\",\"contentUrl\":\"https:\\\/\\\/juntscontraelcancer.cat\\\/wp-content\\\/uploads\\\/2023\\\/10\\\/Copia-de-Copia-de-Fotografia-web-2.png\",\"width\":863,\"height\":575},{\"@type\":\"BreadcrumbList\",\"@id\":\"https:\\\/\\\/juntscontraelcancer.cat\\\/es\\\/despues-del-cancer-de-mama-y-ahora-que-proximo-dialogo-fecec-2023\\\/#breadcrumb\",\"itemListElement\":[{\"@type\":\"ListItem\",\"position\":1,\"name\":\"Inicio\",\"item\":\"https:\\\/\\\/juntscontraelcancer.cat\\\/es\\\/\"},{\"@type\":\"ListItem\",\"position\":2,\"name\":\"&#8216;Despu\u00e9s del c\u00e1ncer de mama: \u00bfy ahora qu\u00e9?&#8217;, pr\u00f3ximo Di\u00e1logo FECEC 2023\"}]},{\"@type\":\"WebSite\",\"@id\":\"https:\\\/\\\/juntscontraelcancer.cat\\\/es\\\/#website\",\"url\":\"https:\\\/\\\/juntscontraelcancer.cat\\\/es\\\/\",\"name\":\"Junts contra el c\u00e0ncer - FECEC\",\"description\":\"\",\"publisher\":{\"@id\":\"https:\\\/\\\/juntscontraelcancer.cat\\\/es\\\/#organization\"},\"potentialAction\":[{\"@type\":\"SearchAction\",\"target\":{\"@type\":\"EntryPoint\",\"urlTemplate\":\"https:\\\/\\\/juntscontraelcancer.cat\\\/es\\\/?s={search_term_string}\"},\"query-input\":{\"@type\":\"PropertyValueSpecification\",\"valueRequired\":true,\"valueName\":\"search_term_string\"}}],\"inLanguage\":\"es\"},{\"@type\":\"Organization\",\"@id\":\"https:\\\/\\\/juntscontraelcancer.cat\\\/es\\\/#organization\",\"name\":\"Junts contra el c\u00e0ncer - FECEC\",\"url\":\"https:\\\/\\\/juntscontraelcancer.cat\\\/es\\\/\",\"logo\":{\"@type\":\"ImageObject\",\"inLanguage\":\"es\",\"@id\":\"https:\\\/\\\/juntscontraelcancer.cat\\\/es\\\/#\\\/schema\\\/logo\\\/image\\\/\",\"url\":\"https:\\\/\\\/juntscontraelcancer.cat\\\/wp-content\\\/uploads\\\/2023\\\/01\\\/logo-fecec-header.png\",\"contentUrl\":\"https:\\\/\\\/juntscontraelcancer.cat\\\/wp-content\\\/uploads\\\/2023\\\/01\\\/logo-fecec-header.png\",\"width\":126,\"height\":74,\"caption\":\"Junts contra el c\u00e0ncer - FECEC\"},\"image\":{\"@id\":\"https:\\\/\\\/juntscontraelcancer.cat\\\/es\\\/#\\\/schema\\\/logo\\\/image\\\/\"},\"sameAs\":[\"https:\\\/\\\/www.facebook.com\\\/fecec.federacio\\\/\",\"https:\\\/\\\/x.com\\\/FececFederacio\",\"https:\\\/\\\/www.instagram.com\\\/fececfederacio\\\/?hl=es\",\"https:\\\/\\\/www.youtube.com\\\/channel\\\/UCgAC_6c6hmHwMQhSCQyYBdA\"]},{\"@type\":\"Person\",\"@id\":\"https:\\\/\\\/juntscontraelcancer.cat\\\/es\\\/#\\\/schema\\\/person\\\/2bba6ee197504983c335d560850ec148\",\"name\":\"FECEC Comunicaci\u00f3\",\"image\":{\"@type\":\"ImageObject\",\"inLanguage\":\"es\",\"@id\":\"https:\\\/\\\/secure.gravatar.com\\\/avatar\\\/afa7129fad37df4be85b472c53d2039388784444579f67ca35ddbc83bfae2fd0?s=96&d=mm&r=g\",\"url\":\"https:\\\/\\\/secure.gravatar.com\\\/avatar\\\/afa7129fad37df4be85b472c53d2039388784444579f67ca35ddbc83bfae2fd0?s=96&d=mm&r=g\",\"contentUrl\":\"https:\\\/\\\/secure.gravatar.com\\\/avatar\\\/afa7129fad37df4be85b472c53d2039388784444579f67ca35ddbc83bfae2fd0?s=96&d=mm&r=g\",\"caption\":\"FECEC Comunicaci\u00f3\"}}]}<\/script>\n<!-- \/ Yoast SEO plugin. -->","yoast_head_json":{"title":"'Despu\u00e9s del c\u00e1ncer de mama: \u00bfy ahora qu\u00e9?', pr\u00f3ximo Di\u00e1logo FECEC 2023 - Junts contra el c\u00e0ncer - FECEC","description":"En motivo del D\u00eda Mundial del C\u00e1ncer de Mama, la FECEC, Junts contra el C\u00e0ncer organiza el Di\u00e1logo FECEC 2023 \"Despu\u00e9s del c\u00e1ncer de mama: \u00bfy ahora qu\u00e9?\".","robots":{"index":"index","follow":"follow","max-snippet":"max-snippet:-1","max-image-preview":"max-image-preview:large","max-video-preview":"max-video-preview:-1"},"canonical":"https:\/\/juntscontraelcancer.cat\/es\/despues-del-cancer-de-mama-y-ahora-que-proximo-dialogo-fecec-2023\/","og_locale":"es_ES","og_type":"article","og_title":"'Despu\u00e9s del c\u00e1ncer de mama: \u00bfy ahora qu\u00e9?', pr\u00f3ximo Di\u00e1logo FECEC 2023 - Junts contra el c\u00e0ncer - FECEC","og_description":"En motivo del D\u00eda Mundial del C\u00e1ncer de Mama, la FECEC, Junts contra el C\u00e0ncer organiza el Di\u00e1logo FECEC 2023 \"Despu\u00e9s del c\u00e1ncer de mama: \u00bfy ahora qu\u00e9?\".","og_url":"https:\/\/juntscontraelcancer.cat\/es\/despues-del-cancer-de-mama-y-ahora-que-proximo-dialogo-fecec-2023\/","og_site_name":"Junts contra el c\u00e0ncer - FECEC","article_publisher":"https:\/\/www.facebook.com\/fecec.federacio\/","article_published_time":"2023-10-02T08:00:00+00:00","article_modified_time":"2023-10-19T11:07:43+00:00","og_image":[{"width":863,"height":575,"url":"https:\/\/juntscontraelcancer.cat\/wp-content\/uploads\/2023\/10\/Copia-de-Copia-de-Fotografia-web-2.png","type":"image\/png"}],"author":"FECEC Comunicaci\u00f3","twitter_card":"summary_large_image","twitter_creator":"@FececFederacio","twitter_site":"@FececFederacio","twitter_misc":{"Escrito por":"FECEC Comunicaci\u00f3"},"schema":{"@context":"https:\/\/schema.org","@graph":[{"@type":"Article","@id":"https:\/\/juntscontraelcancer.cat\/es\/despues-del-cancer-de-mama-y-ahora-que-proximo-dialogo-fecec-2023\/#article","isPartOf":{"@id":"https:\/\/juntscontraelcancer.cat\/es\/despues-del-cancer-de-mama-y-ahora-que-proximo-dialogo-fecec-2023\/"},"author":{"name":"FECEC Comunicaci\u00f3","@id":"https:\/\/juntscontraelcancer.cat\/es\/#\/schema\/person\/2bba6ee197504983c335d560850ec148"},"headline":"&#8216;Despu\u00e9s del c\u00e1ncer de mama: \u00bfy ahora qu\u00e9?&#8217;, pr\u00f3ximo Di\u00e1logo FECEC 2023","datePublished":"2023-10-02T08:00:00+00:00","dateModified":"2023-10-19T11:07:43+00:00","mainEntityOfPage":{"@id":"https:\/\/juntscontraelcancer.cat\/es\/despues-del-cancer-de-mama-y-ahora-que-proximo-dialogo-fecec-2023\/"},"wordCount":288,"publisher":{"@id":"https:\/\/juntscontraelcancer.cat\/es\/#organization"},"image":{"@id":"https:\/\/juntscontraelcancer.cat\/es\/despues-del-cancer-de-mama-y-ahora-que-proximo-dialogo-fecec-2023\/#primaryimage"},"thumbnailUrl":"https:\/\/juntscontraelcancer.cat\/wp-content\/uploads\/2023\/10\/Copia-de-Copia-de-Fotografia-web-2.png","articleSection":["Actualidad","Destacadas"],"inLanguage":"es"},{"@type":"WebPage","@id":"https:\/\/juntscontraelcancer.cat\/es\/despues-del-cancer-de-mama-y-ahora-que-proximo-dialogo-fecec-2023\/","url":"https:\/\/juntscontraelcancer.cat\/es\/despues-del-cancer-de-mama-y-ahora-que-proximo-dialogo-fecec-2023\/","name":"'Despu\u00e9s del c\u00e1ncer de mama: \u00bfy ahora qu\u00e9?', pr\u00f3ximo Di\u00e1logo FECEC 2023 - Junts contra el c\u00e0ncer - FECEC","isPartOf":{"@id":"https:\/\/juntscontraelcancer.cat\/es\/#website"},"primaryImageOfPage":{"@id":"https:\/\/juntscontraelcancer.cat\/es\/despues-del-cancer-de-mama-y-ahora-que-proximo-dialogo-fecec-2023\/#primaryimage"},"image":{"@id":"https:\/\/juntscontraelcancer.cat\/es\/despues-del-cancer-de-mama-y-ahora-que-proximo-dialogo-fecec-2023\/#primaryimage"},"thumbnailUrl":"https:\/\/juntscontraelcancer.cat\/wp-content\/uploads\/2023\/10\/Copia-de-Copia-de-Fotografia-web-2.png","datePublished":"2023-10-02T08:00:00+00:00","dateModified":"2023-10-19T11:07:43+00:00","description":"En motivo del D\u00eda Mundial del C\u00e1ncer de Mama, la FECEC, Junts contra el C\u00e0ncer organiza el Di\u00e1logo FECEC 2023 \"Despu\u00e9s del c\u00e1ncer de mama: \u00bfy ahora qu\u00e9?\".","breadcrumb":{"@id":"https:\/\/juntscontraelcancer.cat\/es\/despues-del-cancer-de-mama-y-ahora-que-proximo-dialogo-fecec-2023\/#breadcrumb"},"inLanguage":"es","potentialAction":[{"@type":"ReadAction","target":["https:\/\/juntscontraelcancer.cat\/es\/despues-del-cancer-de-mama-y-ahora-que-proximo-dialogo-fecec-2023\/"]}]},{"@type":"ImageObject","inLanguage":"es","@id":"https:\/\/juntscontraelcancer.cat\/es\/despues-del-cancer-de-mama-y-ahora-que-proximo-dialogo-fecec-2023\/#primaryimage","url":"https:\/\/juntscontraelcancer.cat\/wp-content\/uploads\/2023\/10\/Copia-de-Copia-de-Fotografia-web-2.png","contentUrl":"https:\/\/juntscontraelcancer.cat\/wp-content\/uploads\/2023\/10\/Copia-de-Copia-de-Fotografia-web-2.png","width":863,"height":575},{"@type":"BreadcrumbList","@id":"https:\/\/juntscontraelcancer.cat\/es\/despues-del-cancer-de-mama-y-ahora-que-proximo-dialogo-fecec-2023\/#breadcrumb","itemListElement":[{"@type":"ListItem","position":1,"name":"Inicio","item":"https:\/\/juntscontraelcancer.cat\/es\/"},{"@type":"ListItem","position":2,"name":"&#8216;Despu\u00e9s del c\u00e1ncer de mama: \u00bfy ahora qu\u00e9?&#8217;, pr\u00f3ximo Di\u00e1logo FECEC 2023"}]},{"@type":"WebSite","@id":"https:\/\/juntscontraelcancer.cat\/es\/#website","url":"https:\/\/juntscontraelcancer.cat\/es\/","name":"Junts contra el c\u00e0ncer - FECEC","description":"","publisher":{"@id":"https:\/\/juntscontraelcancer.cat\/es\/#organization"},"potentialAction":[{"@type":"SearchAction","target":{"@type":"EntryPoint","urlTemplate":"https:\/\/juntscontraelcancer.cat\/es\/?s={search_term_string}"},"query-input":{"@type":"PropertyValueSpecification","valueRequired":true,"valueName":"search_term_string"}}],"inLanguage":"es"},{"@type":"Organization","@id":"https:\/\/juntscontraelcancer.cat\/es\/#organization","name":"Junts contra el c\u00e0ncer - FECEC","url":"https:\/\/juntscontraelcancer.cat\/es\/","logo":{"@type":"ImageObject","inLanguage":"es","@id":"https:\/\/juntscontraelcancer.cat\/es\/#\/schema\/logo\/image\/","url":"https:\/\/juntscontraelcancer.cat\/wp-content\/uploads\/2023\/01\/logo-fecec-header.png","contentUrl":"https:\/\/juntscontraelcancer.cat\/wp-content\/uploads\/2023\/01\/logo-fecec-header.png","width":126,"height":74,"caption":"Junts contra el c\u00e0ncer - FECEC"},"image":{"@id":"https:\/\/juntscontraelcancer.cat\/es\/#\/schema\/logo\/image\/"},"sameAs":["https:\/\/www.facebook.com\/fecec.federacio\/","https:\/\/x.com\/FececFederacio","https:\/\/www.instagram.com\/fececfederacio\/?hl=es","https:\/\/www.youtube.com\/channel\/UCgAC_6c6hmHwMQhSCQyYBdA"]},{"@type":"Person","@id":"https:\/\/juntscontraelcancer.cat\/es\/#\/schema\/person\/2bba6ee197504983c335d560850ec148","name":"FECEC Comunicaci\u00f3","image":{"@type":"ImageObject","inLanguage":"es","@id":"https:\/\/secure.gravatar.com\/avatar\/afa7129fad37df4be85b472c53d2039388784444579f67ca35ddbc83bfae2fd0?s=96&d=mm&r=g","url":"https:\/\/secure.gravatar.com\/avatar\/afa7129fad37df4be85b472c53d2039388784444579f67ca35ddbc83bfae2fd0?s=96&d=mm&r=g","contentUrl":"https:\/\/secure.gravatar.com\/avatar\/afa7129fad37df4be85b472c53d2039388784444579f67ca35ddbc83bfae2fd0?s=96&d=mm&r=g","caption":"FECEC Comunicaci\u00f3"}}]}},"_links":{"self":[{"href":"https:\/\/juntscontraelcancer.cat\/es\/wp-json\/wp\/v2\/posts\/31639","targetHints":{"allow":["GET"]}}],"collection":[{"href":"https:\/\/juntscontraelcancer.cat\/es\/wp-json\/wp\/v2\/posts"}],"about":[{"href":"https:\/\/juntscontraelcancer.cat\/es\/wp-json\/wp\/v2\/types\/post"}],"author":[{"embeddable":true,"href":"https:\/\/juntscontraelcancer.cat\/es\/wp-json\/wp\/v2\/users\/2"}],"replies":[{"embeddable":true,"href":"https:\/\/juntscontraelcancer.cat\/es\/wp-json\/wp\/v2\/comments?post=31639"}],"version-history":[{"count":6,"href":"https:\/\/juntscontraelcancer.cat\/es\/wp-json\/wp\/v2\/posts\/31639\/revisions"}],"predecessor-version":[{"id":31968,"href":"https:\/\/juntscontraelcancer.cat\/es\/wp-json\/wp\/v2\/posts\/31639\/revisions\/31968"}],"wp:featuredmedia":[{"embeddable":true,"href":"https:\/\/juntscontraelcancer.cat\/es\/wp-json\/wp\/v2\/media\/31675"}],"wp:attachment":[{"href":"https:\/\/juntscontraelcancer.cat\/es\/wp-json\/wp\/v2\/media?parent=31639"}],"wp:term":[{"taxonomy":"category","embeddable":true,"href":"https:\/\/juntscontraelcancer.cat\/es\/wp-json\/wp\/v2\/categories?post=31639"},{"taxonomy":"post_tag","embeddable":true,"href":"https:\/\/juntscontraelcancer.cat\/es\/wp-json\/wp\/v2\/tags?post=31639"}],"curies":[{"name":"wp","href":"https:\/\/api.w.org\/{rel}","templated":true}]}}