{"id":30672,"date":"2023-07-28T09:43:29","date_gmt":"2023-07-28T07:43:29","guid":{"rendered":"https:\/\/juntscontraelcancer.cat\/?p=30672"},"modified":"2023-07-28T09:51:44","modified_gmt":"2023-07-28T07:51:44","slug":"felices-vacaciones","status":"publish","type":"post","link":"https:\/\/juntscontraelcancer.cat\/es\/felices-vacaciones\/","title":{"rendered":"\u00a1Felices vacaciones!"},"content":{"rendered":"\n\n\n<p>\u00a1Os deseamos que pas\u00e9is un buen verano! \u00a1Recordad! Tanto si vais a la playa, como a la monta\u00f1a o, incluso, si os qued\u00e1is en la ciudad, no os olvid\u00e9is de protegeos del sol para evitar el riesgo de sufrir c\u00e1ncer de piel, siguiendo los consejos de nuestra campa\u00f1a <strong><a href=\"https:\/\/juntscontraelcancer.cat\/es\/toma-el-sol-con-cuidado-tu-piel-tiene-memoria\/\" target=\"_blank\" rel=\"noopener\">\u00abTu piel tiene memoria\u00bb<\/a><\/strong>. Disfrutad mucho y nos reencontramos en septiembre.<\/p>\n\n\n\n<p><\/p>\n","protected":false},"excerpt":{"rendered":"<p>\u00a1Os deseamos que pas\u00e9is un buen verano! \u00a1Recordad! Tanto si vais a la playa, como a la monta\u00f1a o, incluso, si os qued\u00e1is en la ciudad, no os olvid\u00e9is de protegeos del sol para evitar el riesgo de sufrir c\u00e1ncer de piel, siguiendo los consejos de nuestra campa\u00f1a \u00abTu piel tiene memoria\u00bb. Disfrutad mucho y nos reencontramos en septiembre.<\/p>\n","protected":false},"author":2,"featured_media":30561,"comment_status":"closed","ping_status":"closed","sticky":false,"template":"","format":"standard","meta":{"_acf_changed":false,"inline_featured_image":false,"footnotes":""},"categories":[84,86],"tags":[],"class_list":["post-30672","post","type-post","status-publish","format-standard","has-post-thumbnail","hentry","category-actualidad","category-destacadas"],"acf":[],"yoast_head":"<!-- This site is optimized with the Yoast SEO plugin v27.3 - https:\/\/yoast.com\/product\/yoast-seo-wordpress\/ -->\n<title>\u00a1Felices vacaciones! - Junts contra el c\u00e0ncer - FECEC<\/title>\n<meta name=\"robots\" content=\"index, follow, max-snippet:-1, max-image-preview:large, max-video-preview:-1\" \/>\n<link rel=\"canonical\" href=\"https:\/\/juntscontraelcancer.cat\/es\/felices-vacaciones\/\" \/>\n<meta property=\"og:locale\" content=\"es_ES\" \/>\n<meta property=\"og:type\" content=\"article\" \/>\n<meta property=\"og:title\" content=\"\u00a1Felices vacaciones! - Junts contra el c\u00e0ncer - FECEC\" \/>\n<meta property=\"og:description\" content=\"\u00a1Os deseamos que pas\u00e9is un buen verano! \u00a1Recordad! Tanto si vais a la playa, como a la monta\u00f1a o, incluso, si os qued\u00e1is en la ciudad, no os olvid\u00e9is de protegeos del sol para evitar el riesgo de sufrir c\u00e1ncer de piel, siguiendo los consejos de nuestra campa\u00f1a &quot;Tu piel tiene memoria&quot;. Disfrutad mucho y nos reencontramos en septiembre.\" \/>\n<meta property=\"og:url\" content=\"https:\/\/juntscontraelcancer.cat\/es\/felices-vacaciones\/\" \/>\n<meta property=\"og:site_name\" content=\"Junts contra el c\u00e0ncer - FECEC\" \/>\n<meta property=\"article:publisher\" content=\"https:\/\/www.facebook.com\/fecec.federacio\/\" \/>\n<meta property=\"article:published_time\" content=\"2023-07-28T07:43:29+00:00\" \/>\n<meta property=\"article:modified_time\" content=\"2023-07-28T07:51:44+00:00\" \/>\n<meta property=\"og:image\" content=\"https:\/\/juntscontraelcancer.cat\/wp-content\/uploads\/2023\/07\/Copia-de-Bon-Estiu-1-2.png\" \/>\n\t<meta property=\"og:image:width\" content=\"863\" \/>\n\t<meta property=\"og:image:height\" content=\"575\" \/>\n\t<meta property=\"og:image:type\" content=\"image\/png\" \/>\n<meta name=\"author\" content=\"FECEC Comunicaci\u00f3\" \/>\n<meta name=\"twitter:card\" content=\"summary_large_image\" \/>\n<meta name=\"twitter:creator\" content=\"@FececFederacio\" \/>\n<meta name=\"twitter:site\" content=\"@FececFederacio\" \/>\n<meta name=\"twitter:label1\" content=\"Escrito por\" \/>\n\t<meta name=\"twitter:data1\" content=\"FECEC Comunicaci\u00f3\" \/>\n\t<meta name=\"twitter:label2\" content=\"Tiempo de lectura\" \/>\n\t<meta name=\"twitter:data2\" content=\"1 minuto\" \/>\n<script type=\"application\/ld+json\" class=\"yoast-schema-graph\">{\"@context\":\"https:\\\/\\\/schema.org\",\"@graph\":[{\"@type\":\"Article\",\"@id\":\"https:\\\/\\\/juntscontraelcancer.cat\\\/es\\\/felices-vacaciones\\\/#article\",\"isPartOf\":{\"@id\":\"https:\\\/\\\/juntscontraelcancer.cat\\\/es\\\/felices-vacaciones\\\/\"},\"author\":{\"name\":\"FECEC Comunicaci\u00f3\",\"@id\":\"https:\\\/\\\/juntscontraelcancer.cat\\\/es\\\/#\\\/schema\\\/person\\\/2bba6ee197504983c335d560850ec148\"},\"headline\":\"\u00a1Felices vacaciones!\",\"datePublished\":\"2023-07-28T07:43:29+00:00\",\"dateModified\":\"2023-07-28T07:51:44+00:00\",\"mainEntityOfPage\":{\"@id\":\"https:\\\/\\\/juntscontraelcancer.cat\\\/es\\\/felices-vacaciones\\\/\"},\"wordCount\":67,\"publisher\":{\"@id\":\"https:\\\/\\\/juntscontraelcancer.cat\\\/es\\\/#organization\"},\"image\":{\"@id\":\"https:\\\/\\\/juntscontraelcancer.cat\\\/es\\\/felices-vacaciones\\\/#primaryimage\"},\"thumbnailUrl\":\"https:\\\/\\\/juntscontraelcancer.cat\\\/wp-content\\\/uploads\\\/2023\\\/07\\\/Copia-de-Bon-Estiu-1-2.png\",\"articleSection\":[\"Actualidad\",\"Destacadas\"],\"inLanguage\":\"es\"},{\"@type\":\"WebPage\",\"@id\":\"https:\\\/\\\/juntscontraelcancer.cat\\\/es\\\/felices-vacaciones\\\/\",\"url\":\"https:\\\/\\\/juntscontraelcancer.cat\\\/es\\\/felices-vacaciones\\\/\",\"name\":\"\u00a1Felices vacaciones! - Junts contra el c\u00e0ncer - FECEC\",\"isPartOf\":{\"@id\":\"https:\\\/\\\/juntscontraelcancer.cat\\\/es\\\/#website\"},\"primaryImageOfPage\":{\"@id\":\"https:\\\/\\\/juntscontraelcancer.cat\\\/es\\\/felices-vacaciones\\\/#primaryimage\"},\"image\":{\"@id\":\"https:\\\/\\\/juntscontraelcancer.cat\\\/es\\\/felices-vacaciones\\\/#primaryimage\"},\"thumbnailUrl\":\"https:\\\/\\\/juntscontraelcancer.cat\\\/wp-content\\\/uploads\\\/2023\\\/07\\\/Copia-de-Bon-Estiu-1-2.png\",\"datePublished\":\"2023-07-28T07:43:29+00:00\",\"dateModified\":\"2023-07-28T07:51:44+00:00\",\"breadcrumb\":{\"@id\":\"https:\\\/\\\/juntscontraelcancer.cat\\\/es\\\/felices-vacaciones\\\/#breadcrumb\"},\"inLanguage\":\"es\",\"potentialAction\":[{\"@type\":\"ReadAction\",\"target\":[\"https:\\\/\\\/juntscontraelcancer.cat\\\/es\\\/felices-vacaciones\\\/\"]}]},{\"@type\":\"ImageObject\",\"inLanguage\":\"es\",\"@id\":\"https:\\\/\\\/juntscontraelcancer.cat\\\/es\\\/felices-vacaciones\\\/#primaryimage\",\"url\":\"https:\\\/\\\/juntscontraelcancer.cat\\\/wp-content\\\/uploads\\\/2023\\\/07\\\/Copia-de-Bon-Estiu-1-2.png\",\"contentUrl\":\"https:\\\/\\\/juntscontraelcancer.cat\\\/wp-content\\\/uploads\\\/2023\\\/07\\\/Copia-de-Bon-Estiu-1-2.png\",\"width\":863,\"height\":575,\"caption\":\"Felices vacaciones de parte de la FECEC\"},{\"@type\":\"BreadcrumbList\",\"@id\":\"https:\\\/\\\/juntscontraelcancer.cat\\\/es\\\/felices-vacaciones\\\/#breadcrumb\",\"itemListElement\":[{\"@type\":\"ListItem\",\"position\":1,\"name\":\"Inicio\",\"item\":\"https:\\\/\\\/juntscontraelcancer.cat\\\/es\\\/\"},{\"@type\":\"ListItem\",\"position\":2,\"name\":\"\u00a1Felices vacaciones!\"}]},{\"@type\":\"WebSite\",\"@id\":\"https:\\\/\\\/juntscontraelcancer.cat\\\/es\\\/#website\",\"url\":\"https:\\\/\\\/juntscontraelcancer.cat\\\/es\\\/\",\"name\":\"Junts contra el c\u00e0ncer - FECEC\",\"description\":\"\",\"publisher\":{\"@id\":\"https:\\\/\\\/juntscontraelcancer.cat\\\/es\\\/#organization\"},\"potentialAction\":[{\"@type\":\"SearchAction\",\"target\":{\"@type\":\"EntryPoint\",\"urlTemplate\":\"https:\\\/\\\/juntscontraelcancer.cat\\\/es\\\/?s={search_term_string}\"},\"query-input\":{\"@type\":\"PropertyValueSpecification\",\"valueRequired\":true,\"valueName\":\"search_term_string\"}}],\"inLanguage\":\"es\"},{\"@type\":\"Organization\",\"@id\":\"https:\\\/\\\/juntscontraelcancer.cat\\\/es\\\/#organization\",\"name\":\"Junts contra el c\u00e0ncer - FECEC\",\"url\":\"https:\\\/\\\/juntscontraelcancer.cat\\\/es\\\/\",\"logo\":{\"@type\":\"ImageObject\",\"inLanguage\":\"es\",\"@id\":\"https:\\\/\\\/juntscontraelcancer.cat\\\/es\\\/#\\\/schema\\\/logo\\\/image\\\/\",\"url\":\"https:\\\/\\\/juntscontraelcancer.cat\\\/wp-content\\\/uploads\\\/2023\\\/01\\\/logo-fecec-header.png\",\"contentUrl\":\"https:\\\/\\\/juntscontraelcancer.cat\\\/wp-content\\\/uploads\\\/2023\\\/01\\\/logo-fecec-header.png\",\"width\":126,\"height\":74,\"caption\":\"Junts contra el c\u00e0ncer - FECEC\"},\"image\":{\"@id\":\"https:\\\/\\\/juntscontraelcancer.cat\\\/es\\\/#\\\/schema\\\/logo\\\/image\\\/\"},\"sameAs\":[\"https:\\\/\\\/www.facebook.com\\\/fecec.federacio\\\/\",\"https:\\\/\\\/x.com\\\/FececFederacio\",\"https:\\\/\\\/www.instagram.com\\\/fececfederacio\\\/?hl=es\",\"https:\\\/\\\/www.youtube.com\\\/channel\\\/UCgAC_6c6hmHwMQhSCQyYBdA\"]},{\"@type\":\"Person\",\"@id\":\"https:\\\/\\\/juntscontraelcancer.cat\\\/es\\\/#\\\/schema\\\/person\\\/2bba6ee197504983c335d560850ec148\",\"name\":\"FECEC Comunicaci\u00f3\",\"image\":{\"@type\":\"ImageObject\",\"inLanguage\":\"es\",\"@id\":\"https:\\\/\\\/secure.gravatar.com\\\/avatar\\\/afa7129fad37df4be85b472c53d2039388784444579f67ca35ddbc83bfae2fd0?s=96&d=mm&r=g\",\"url\":\"https:\\\/\\\/secure.gravatar.com\\\/avatar\\\/afa7129fad37df4be85b472c53d2039388784444579f67ca35ddbc83bfae2fd0?s=96&d=mm&r=g\",\"contentUrl\":\"https:\\\/\\\/secure.gravatar.com\\\/avatar\\\/afa7129fad37df4be85b472c53d2039388784444579f67ca35ddbc83bfae2fd0?s=96&d=mm&r=g\",\"caption\":\"FECEC Comunicaci\u00f3\"}}]}<\/script>\n<!-- \/ Yoast SEO plugin. -->","yoast_head_json":{"title":"\u00a1Felices vacaciones! - Junts contra el c\u00e0ncer - FECEC","robots":{"index":"index","follow":"follow","max-snippet":"max-snippet:-1","max-image-preview":"max-image-preview:large","max-video-preview":"max-video-preview:-1"},"canonical":"https:\/\/juntscontraelcancer.cat\/es\/felices-vacaciones\/","og_locale":"es_ES","og_type":"article","og_title":"\u00a1Felices vacaciones! - Junts contra el c\u00e0ncer - FECEC","og_description":"\u00a1Os deseamos que pas\u00e9is un buen verano! \u00a1Recordad! Tanto si vais a la playa, como a la monta\u00f1a o, incluso, si os qued\u00e1is en la ciudad, no os olvid\u00e9is de protegeos del sol para evitar el riesgo de sufrir c\u00e1ncer de piel, siguiendo los consejos de nuestra campa\u00f1a \"Tu piel tiene memoria\". Disfrutad mucho y nos reencontramos en septiembre.","og_url":"https:\/\/juntscontraelcancer.cat\/es\/felices-vacaciones\/","og_site_name":"Junts contra el c\u00e0ncer - FECEC","article_publisher":"https:\/\/www.facebook.com\/fecec.federacio\/","article_published_time":"2023-07-28T07:43:29+00:00","article_modified_time":"2023-07-28T07:51:44+00:00","og_image":[{"width":863,"height":575,"url":"https:\/\/juntscontraelcancer.cat\/wp-content\/uploads\/2023\/07\/Copia-de-Bon-Estiu-1-2.png","type":"image\/png"}],"author":"FECEC Comunicaci\u00f3","twitter_card":"summary_large_image","twitter_creator":"@FececFederacio","twitter_site":"@FececFederacio","twitter_misc":{"Escrito por":"FECEC Comunicaci\u00f3","Tiempo de lectura":"1 minuto"},"schema":{"@context":"https:\/\/schema.org","@graph":[{"@type":"Article","@id":"https:\/\/juntscontraelcancer.cat\/es\/felices-vacaciones\/#article","isPartOf":{"@id":"https:\/\/juntscontraelcancer.cat\/es\/felices-vacaciones\/"},"author":{"name":"FECEC Comunicaci\u00f3","@id":"https:\/\/juntscontraelcancer.cat\/es\/#\/schema\/person\/2bba6ee197504983c335d560850ec148"},"headline":"\u00a1Felices vacaciones!","datePublished":"2023-07-28T07:43:29+00:00","dateModified":"2023-07-28T07:51:44+00:00","mainEntityOfPage":{"@id":"https:\/\/juntscontraelcancer.cat\/es\/felices-vacaciones\/"},"wordCount":67,"publisher":{"@id":"https:\/\/juntscontraelcancer.cat\/es\/#organization"},"image":{"@id":"https:\/\/juntscontraelcancer.cat\/es\/felices-vacaciones\/#primaryimage"},"thumbnailUrl":"https:\/\/juntscontraelcancer.cat\/wp-content\/uploads\/2023\/07\/Copia-de-Bon-Estiu-1-2.png","articleSection":["Actualidad","Destacadas"],"inLanguage":"es"},{"@type":"WebPage","@id":"https:\/\/juntscontraelcancer.cat\/es\/felices-vacaciones\/","url":"https:\/\/juntscontraelcancer.cat\/es\/felices-vacaciones\/","name":"\u00a1Felices vacaciones! - Junts contra el c\u00e0ncer - FECEC","isPartOf":{"@id":"https:\/\/juntscontraelcancer.cat\/es\/#website"},"primaryImageOfPage":{"@id":"https:\/\/juntscontraelcancer.cat\/es\/felices-vacaciones\/#primaryimage"},"image":{"@id":"https:\/\/juntscontraelcancer.cat\/es\/felices-vacaciones\/#primaryimage"},"thumbnailUrl":"https:\/\/juntscontraelcancer.cat\/wp-content\/uploads\/2023\/07\/Copia-de-Bon-Estiu-1-2.png","datePublished":"2023-07-28T07:43:29+00:00","dateModified":"2023-07-28T07:51:44+00:00","breadcrumb":{"@id":"https:\/\/juntscontraelcancer.cat\/es\/felices-vacaciones\/#breadcrumb"},"inLanguage":"es","potentialAction":[{"@type":"ReadAction","target":["https:\/\/juntscontraelcancer.cat\/es\/felices-vacaciones\/"]}]},{"@type":"ImageObject","inLanguage":"es","@id":"https:\/\/juntscontraelcancer.cat\/es\/felices-vacaciones\/#primaryimage","url":"https:\/\/juntscontraelcancer.cat\/wp-content\/uploads\/2023\/07\/Copia-de-Bon-Estiu-1-2.png","contentUrl":"https:\/\/juntscontraelcancer.cat\/wp-content\/uploads\/2023\/07\/Copia-de-Bon-Estiu-1-2.png","width":863,"height":575,"caption":"Felices vacaciones de parte de la FECEC"},{"@type":"BreadcrumbList","@id":"https:\/\/juntscontraelcancer.cat\/es\/felices-vacaciones\/#breadcrumb","itemListElement":[{"@type":"ListItem","position":1,"name":"Inicio","item":"https:\/\/juntscontraelcancer.cat\/es\/"},{"@type":"ListItem","position":2,"name":"\u00a1Felices vacaciones!"}]},{"@type":"WebSite","@id":"https:\/\/juntscontraelcancer.cat\/es\/#website","url":"https:\/\/juntscontraelcancer.cat\/es\/","name":"Junts contra el c\u00e0ncer - FECEC","description":"","publisher":{"@id":"https:\/\/juntscontraelcancer.cat\/es\/#organization"},"potentialAction":[{"@type":"SearchAction","target":{"@type":"EntryPoint","urlTemplate":"https:\/\/juntscontraelcancer.cat\/es\/?s={search_term_string}"},"query-input":{"@type":"PropertyValueSpecification","valueRequired":true,"valueName":"search_term_string"}}],"inLanguage":"es"},{"@type":"Organization","@id":"https:\/\/juntscontraelcancer.cat\/es\/#organization","name":"Junts contra el c\u00e0ncer - FECEC","url":"https:\/\/juntscontraelcancer.cat\/es\/","logo":{"@type":"ImageObject","inLanguage":"es","@id":"https:\/\/juntscontraelcancer.cat\/es\/#\/schema\/logo\/image\/","url":"https:\/\/juntscontraelcancer.cat\/wp-content\/uploads\/2023\/01\/logo-fecec-header.png","contentUrl":"https:\/\/juntscontraelcancer.cat\/wp-content\/uploads\/2023\/01\/logo-fecec-header.png","width":126,"height":74,"caption":"Junts contra el c\u00e0ncer - FECEC"},"image":{"@id":"https:\/\/juntscontraelcancer.cat\/es\/#\/schema\/logo\/image\/"},"sameAs":["https:\/\/www.facebook.com\/fecec.federacio\/","https:\/\/x.com\/FececFederacio","https:\/\/www.instagram.com\/fececfederacio\/?hl=es","https:\/\/www.youtube.com\/channel\/UCgAC_6c6hmHwMQhSCQyYBdA"]},{"@type":"Person","@id":"https:\/\/juntscontraelcancer.cat\/es\/#\/schema\/person\/2bba6ee197504983c335d560850ec148","name":"FECEC Comunicaci\u00f3","image":{"@type":"ImageObject","inLanguage":"es","@id":"https:\/\/secure.gravatar.com\/avatar\/afa7129fad37df4be85b472c53d2039388784444579f67ca35ddbc83bfae2fd0?s=96&d=mm&r=g","url":"https:\/\/secure.gravatar.com\/avatar\/afa7129fad37df4be85b472c53d2039388784444579f67ca35ddbc83bfae2fd0?s=96&d=mm&r=g","contentUrl":"https:\/\/secure.gravatar.com\/avatar\/afa7129fad37df4be85b472c53d2039388784444579f67ca35ddbc83bfae2fd0?s=96&d=mm&r=g","caption":"FECEC Comunicaci\u00f3"}}]}},"_links":{"self":[{"href":"https:\/\/juntscontraelcancer.cat\/es\/wp-json\/wp\/v2\/posts\/30672","targetHints":{"allow":["GET"]}}],"collection":[{"href":"https:\/\/juntscontraelcancer.cat\/es\/wp-json\/wp\/v2\/posts"}],"about":[{"href":"https:\/\/juntscontraelcancer.cat\/es\/wp-json\/wp\/v2\/types\/post"}],"author":[{"embeddable":true,"href":"https:\/\/juntscontraelcancer.cat\/es\/wp-json\/wp\/v2\/users\/2"}],"replies":[{"embeddable":true,"href":"https:\/\/juntscontraelcancer.cat\/es\/wp-json\/wp\/v2\/comments?post=30672"}],"version-history":[{"count":4,"href":"https:\/\/juntscontraelcancer.cat\/es\/wp-json\/wp\/v2\/posts\/30672\/revisions"}],"predecessor-version":[{"id":30677,"href":"https:\/\/juntscontraelcancer.cat\/es\/wp-json\/wp\/v2\/posts\/30672\/revisions\/30677"}],"wp:featuredmedia":[{"embeddable":true,"href":"https:\/\/juntscontraelcancer.cat\/es\/wp-json\/wp\/v2\/media\/30561"}],"wp:attachment":[{"href":"https:\/\/juntscontraelcancer.cat\/es\/wp-json\/wp\/v2\/media?parent=30672"}],"wp:term":[{"taxonomy":"category","embeddable":true,"href":"https:\/\/juntscontraelcancer.cat\/es\/wp-json\/wp\/v2\/categories?post=30672"},{"taxonomy":"post_tag","embeddable":true,"href":"https:\/\/juntscontraelcancer.cat\/es\/wp-json\/wp\/v2\/tags?post=30672"}],"curies":[{"name":"wp","href":"https:\/\/api.w.org\/{rel}","templated":true}]}}