{"id":25711,"date":"2023-06-02T00:00:00","date_gmt":"2023-06-01T22:00:00","guid":{"rendered":"https:\/\/junts.enproceso.es\/aprobada-la-memoria-de-actividades-de-la-fecec-2022\/"},"modified":"2023-06-29T09:55:18","modified_gmt":"2023-06-29T07:55:18","slug":"aprobada-la-memoria-de-actividades-de-la-fecec-2022","status":"publish","type":"post","link":"https:\/\/juntscontraelcancer.cat\/es\/aprobada-la-memoria-de-actividades-de-la-fecec-2022\/","title":{"rendered":"Aprobada la Memoria de Actividades de la FECEC 2022"},"content":{"rendered":"\n<p><strong>La Asamblea General de la Federaci\u00f3 Catalana d&#8217;Entitats contra el C\u00e0ncer (FECEC), reunidas el 15 de mayo, han aprobado la Memoria de Actividades de la FECEC, Junts contra el C\u00e0ncer. Este documento pone de manifiesto el trabajo de la entidad en el \u00e1mbito de la divulgaci\u00f3n y la prevenci\u00f3n, fomento del voluntariado, despu\u00e9s del c\u00e1ncer, incidencia y los servicios a las entidades federadas.<\/strong><\/p>\n<p><img loading=\"lazy\" decoding=\"async\" src=\"https:\/\/juntscontraelcancer.cat\/wp-content\/uploads\/2023\/06\/Captura-de-pantalla-2023-05-30-084620.png\" alt=\"Captura de pantalla 2023-05-30 084620\" width=\"1087\" height=\"814\" class=\"alignnone size-full wp-image-40295\"><\/p>\n<p><strong>Lo m\u00e1s destacado del 2022:<br>\n<\/strong><\/p>\n<p><strong>SERVICIOS A LAS ENTIDADES.<\/strong> Durante el a\u00f1o 2022, la FECEC Ha asistido a 21 jornadas y actas en representaci\u00f3n de las entidades federadas y a 51 reuniones en m\u00e1s de 17 \u00f3rganos y\/o entidades.<\/p>\n<p>La FECEC, Junts contra el C\u00e0ncer ha atendido y derivado 116 peticiones externas hacia las entidades federadas.<\/p>\n<p>La FECEC, Junts contra el C\u00e0ncer ha enviado 30 boletines, 42 clippings de prensa semanal.<\/p>\n<p>La FECEC, Junts contra el C\u00e0ncer ha participado en 8 jornadas de divulgaci\u00f3n y sensibilizaci\u00f3n.<\/p>\n<p>Ha organizado las 17 reuniones de los 3 grupos de trabajo.<\/p>\n<p>La FECEC, Junts contra el C\u00e0ncer ha iniciado un proyecto de digitalizaci\u00f3n para las entidades federadas que finalizar\u00e1 junio 2022.<\/p>\n<p>    <strong>FUENTE DE CONOCIMIENTO.<\/strong> Tambi\u00e9n ha editado el informe La FECEC en Cifras 2021, donde se detallan los diferentes servicios y actuaciones que se han realizado durante el a\u00f1o en el conjunto de las entidades para atender el total de 15.200 pacientes y familias.<\/p>\n<p>    <strong>PROGRAMA DE PREVENCI\u00d3N Y DIVULGACI\u00d3N.<\/strong> La FECEC, Junts contra el C\u00e0ncer ha organizado 5 campa\u00f1as de prevenci\u00f3n y divulgaci\u00f3n de la enfermedad, con 11 webinars y 4 campa\u00f1as en l\u00ednea. Adem\u00e1s, se han organizado 109 actividades con 41.336 participantes y un impacto adem\u00e1s de 60.500 personas.<\/p>\n<p>  <strong>PROGRAMA DE FOMENTo DEL VOLUNTARIADO EN EL \u00c1MBITO ONCOL\u00d3GICO.<\/strong> La FECEC, Junts contra el C\u00e0ncer ha organizado 4 cursos de formaci\u00f3n b\u00e1sica y una c\u00e1psula de formaci\u00f3n. Los cursos han estado presenciales, con 73 voluntarios formados, m\u00e1s la jornada XVIII Encuentro de Voluntariado en el \u00e1mbito oncol\u00f3gico con 120 inscritos.<\/p>\n<p><strong>PROGRAMA DESPU\u00c9S DEL C\u00c1NCER.<\/strong> El programa \u00abEl c\u00e1ncer en el trabajo\u00bb ha sumado 6 empresas oncocomprometidas, 9 intervenciones realizadas, 3 empresas y 6 trabajadores.<\/p>\n<p><strong>Repr\u00e8n, servicio de orientaci\u00f3n laboral despu\u00e9s del c\u00e1ncer:<\/strong> iniciado el abril 2017. Ha atendido 74 peticiones.<\/p>\n<p>El Ciclo de charlas \u00abDespu\u00e9s del c\u00e1ncer\u00bb ha contado con 170 personas inscritas.<\/p>\n<p>Consolidaci\u00f3n del espacio digital www.despresdelcancer.cat con 72.020 visitas y 155.315 p\u00e1ginas vistas.<\/p>\n<p><a href=\"https:\/\/www.juntscontraelcancer.cat\/wp-content\/uploads\/2023\/05\/690_MEMORIA_CAT_def_compressed.pdf\" rel=\"noopener\" target=\"_blank\"><strong>Desc\u00e1rgate la memoria completa aqu\u00ed<\/strong><\/a> <\/p>\n","protected":false},"excerpt":{"rendered":"<p>La Asamblea General de la Federaci\u00f3 Catalana d&#8217;Entitats contra el C\u00e0ncer (FECEC), reunidas el 15 de mayo, han aprobado la Memoria de Actividades de la FECEC, Junts contra el C\u00e0ncer. Este documento pone de manifiesto el trabajo de la entidad en el \u00e1mbito de la divulgaci\u00f3n y la prevenci\u00f3n, fomento del voluntariado, despu\u00e9s del c\u00e1ncer, incidencia y los servicios a las entidades federadas.<\/p>\n","protected":false},"author":1,"featured_media":26157,"comment_status":"closed","ping_status":"open","sticky":false,"template":"","format":"standard","meta":{"_acf_changed":false,"inline_featured_image":false,"footnotes":""},"categories":[84,86],"tags":[],"class_list":["post-25711","post","type-post","status-publish","format-standard","has-post-thumbnail","hentry","category-actualidad","category-destacadas"],"acf":[],"yoast_head":"<!-- This site is optimized with the Yoast SEO plugin v27.3 - https:\/\/yoast.com\/product\/yoast-seo-wordpress\/ -->\n<title>Aprobada la Memoria de Actividades de la FECEC 2022 - Junts contra el c\u00e0ncer - FECEC<\/title>\n<meta name=\"robots\" content=\"index, follow, max-snippet:-1, max-image-preview:large, max-video-preview:-1\" \/>\n<link rel=\"canonical\" href=\"https:\/\/juntscontraelcancer.cat\/es\/aprobada-la-memoria-de-actividades-de-la-fecec-2022\/\" \/>\n<meta property=\"og:locale\" content=\"es_ES\" \/>\n<meta property=\"og:type\" content=\"article\" \/>\n<meta property=\"og:title\" content=\"Aprobada la Memoria de Actividades de la FECEC 2022 - Junts contra el c\u00e0ncer - FECEC\" \/>\n<meta property=\"og:description\" content=\"La Asamblea General de la Federaci\u00f3 Catalana d&#039;Entitats contra el C\u00e0ncer (FECEC), reunidas el 15 de mayo, han aprobado la Memoria de Actividades de la FECEC, Junts contra el C\u00e0ncer. Este documento pone de manifiesto el trabajo de la entidad en el \u00e1mbito de la divulgaci\u00f3n y la prevenci\u00f3n, fomento del voluntariado, despu\u00e9s del c\u00e1ncer, incidencia y los servicios a las entidades federadas.\" \/>\n<meta property=\"og:url\" content=\"https:\/\/juntscontraelcancer.cat\/es\/aprobada-la-memoria-de-actividades-de-la-fecec-2022\/\" \/>\n<meta property=\"og:site_name\" content=\"Junts contra el c\u00e0ncer - FECEC\" \/>\n<meta property=\"article:publisher\" content=\"https:\/\/www.facebook.com\/fecec.federacio\/\" \/>\n<meta property=\"article:published_time\" content=\"2023-06-01T22:00:00+00:00\" \/>\n<meta property=\"article:modified_time\" content=\"2023-06-29T07:55:18+00:00\" \/>\n<meta property=\"og:image\" content=\"https:\/\/juntscontraelcancer.cat\/wp-content\/uploads\/2023\/06\/Captura-de-pantalla-2023-06-12-155639.png\" \/>\n\t<meta property=\"og:image:width\" content=\"862\" \/>\n\t<meta property=\"og:image:height\" content=\"653\" \/>\n\t<meta property=\"og:image:type\" content=\"image\/png\" \/>\n<meta name=\"author\" content=\"Pukkas\" \/>\n<meta name=\"twitter:card\" content=\"summary_large_image\" \/>\n<meta name=\"twitter:creator\" content=\"@FececFederacio\" \/>\n<meta name=\"twitter:site\" content=\"@FececFederacio\" \/>\n<meta name=\"twitter:label1\" content=\"Escrito por\" \/>\n\t<meta name=\"twitter:data1\" content=\"Pukkas\" \/>\n\t<meta name=\"twitter:label2\" content=\"Tiempo de lectura\" \/>\n\t<meta name=\"twitter:data2\" content=\"3 minutos\" \/>\n<script type=\"application\/ld+json\" class=\"yoast-schema-graph\">{\"@context\":\"https:\\\/\\\/schema.org\",\"@graph\":[{\"@type\":\"Article\",\"@id\":\"https:\\\/\\\/juntscontraelcancer.cat\\\/es\\\/aprobada-la-memoria-de-actividades-de-la-fecec-2022\\\/#article\",\"isPartOf\":{\"@id\":\"https:\\\/\\\/juntscontraelcancer.cat\\\/es\\\/aprobada-la-memoria-de-actividades-de-la-fecec-2022\\\/\"},\"author\":{\"name\":\"Pukkas\",\"@id\":\"https:\\\/\\\/juntscontraelcancer.cat\\\/es\\\/#\\\/schema\\\/person\\\/14c85cb9b3aeddea8f9087bea375813f\"},\"headline\":\"Aprobada la Memoria de Actividades de la FECEC 2022\",\"datePublished\":\"2023-06-01T22:00:00+00:00\",\"dateModified\":\"2023-06-29T07:55:18+00:00\",\"mainEntityOfPage\":{\"@id\":\"https:\\\/\\\/juntscontraelcancer.cat\\\/es\\\/aprobada-la-memoria-de-actividades-de-la-fecec-2022\\\/\"},\"wordCount\":417,\"publisher\":{\"@id\":\"https:\\\/\\\/juntscontraelcancer.cat\\\/es\\\/#organization\"},\"image\":{\"@id\":\"https:\\\/\\\/juntscontraelcancer.cat\\\/es\\\/aprobada-la-memoria-de-actividades-de-la-fecec-2022\\\/#primaryimage\"},\"thumbnailUrl\":\"https:\\\/\\\/juntscontraelcancer.cat\\\/wp-content\\\/uploads\\\/2023\\\/06\\\/Captura-de-pantalla-2023-06-12-155639.png\",\"articleSection\":[\"Actualidad\",\"Destacadas\"],\"inLanguage\":\"es\"},{\"@type\":\"WebPage\",\"@id\":\"https:\\\/\\\/juntscontraelcancer.cat\\\/es\\\/aprobada-la-memoria-de-actividades-de-la-fecec-2022\\\/\",\"url\":\"https:\\\/\\\/juntscontraelcancer.cat\\\/es\\\/aprobada-la-memoria-de-actividades-de-la-fecec-2022\\\/\",\"name\":\"Aprobada la Memoria de Actividades de la FECEC 2022 - Junts contra el c\u00e0ncer - FECEC\",\"isPartOf\":{\"@id\":\"https:\\\/\\\/juntscontraelcancer.cat\\\/es\\\/#website\"},\"primaryImageOfPage\":{\"@id\":\"https:\\\/\\\/juntscontraelcancer.cat\\\/es\\\/aprobada-la-memoria-de-actividades-de-la-fecec-2022\\\/#primaryimage\"},\"image\":{\"@id\":\"https:\\\/\\\/juntscontraelcancer.cat\\\/es\\\/aprobada-la-memoria-de-actividades-de-la-fecec-2022\\\/#primaryimage\"},\"thumbnailUrl\":\"https:\\\/\\\/juntscontraelcancer.cat\\\/wp-content\\\/uploads\\\/2023\\\/06\\\/Captura-de-pantalla-2023-06-12-155639.png\",\"datePublished\":\"2023-06-01T22:00:00+00:00\",\"dateModified\":\"2023-06-29T07:55:18+00:00\",\"breadcrumb\":{\"@id\":\"https:\\\/\\\/juntscontraelcancer.cat\\\/es\\\/aprobada-la-memoria-de-actividades-de-la-fecec-2022\\\/#breadcrumb\"},\"inLanguage\":\"es\",\"potentialAction\":[{\"@type\":\"ReadAction\",\"target\":[\"https:\\\/\\\/juntscontraelcancer.cat\\\/es\\\/aprobada-la-memoria-de-actividades-de-la-fecec-2022\\\/\"]}]},{\"@type\":\"ImageObject\",\"inLanguage\":\"es\",\"@id\":\"https:\\\/\\\/juntscontraelcancer.cat\\\/es\\\/aprobada-la-memoria-de-actividades-de-la-fecec-2022\\\/#primaryimage\",\"url\":\"https:\\\/\\\/juntscontraelcancer.cat\\\/wp-content\\\/uploads\\\/2023\\\/06\\\/Captura-de-pantalla-2023-06-12-155639.png\",\"contentUrl\":\"https:\\\/\\\/juntscontraelcancer.cat\\\/wp-content\\\/uploads\\\/2023\\\/06\\\/Captura-de-pantalla-2023-06-12-155639.png\",\"width\":862,\"height\":653,\"caption\":\"Entrades en aquest enlla\u00e7 Autor: FECEC \\\/ AFANOC \\\/ Amics Joan Petit\"},{\"@type\":\"BreadcrumbList\",\"@id\":\"https:\\\/\\\/juntscontraelcancer.cat\\\/es\\\/aprobada-la-memoria-de-actividades-de-la-fecec-2022\\\/#breadcrumb\",\"itemListElement\":[{\"@type\":\"ListItem\",\"position\":1,\"name\":\"Inicio\",\"item\":\"https:\\\/\\\/juntscontraelcancer.cat\\\/es\\\/\"},{\"@type\":\"ListItem\",\"position\":2,\"name\":\"Aprobada la Memoria de Actividades de la FECEC 2022\"}]},{\"@type\":\"WebSite\",\"@id\":\"https:\\\/\\\/juntscontraelcancer.cat\\\/es\\\/#website\",\"url\":\"https:\\\/\\\/juntscontraelcancer.cat\\\/es\\\/\",\"name\":\"Junts contra el c\u00e0ncer - FECEC\",\"description\":\"\",\"publisher\":{\"@id\":\"https:\\\/\\\/juntscontraelcancer.cat\\\/es\\\/#organization\"},\"potentialAction\":[{\"@type\":\"SearchAction\",\"target\":{\"@type\":\"EntryPoint\",\"urlTemplate\":\"https:\\\/\\\/juntscontraelcancer.cat\\\/es\\\/?s={search_term_string}\"},\"query-input\":{\"@type\":\"PropertyValueSpecification\",\"valueRequired\":true,\"valueName\":\"search_term_string\"}}],\"inLanguage\":\"es\"},{\"@type\":\"Organization\",\"@id\":\"https:\\\/\\\/juntscontraelcancer.cat\\\/es\\\/#organization\",\"name\":\"Junts contra el c\u00e0ncer - FECEC\",\"url\":\"https:\\\/\\\/juntscontraelcancer.cat\\\/es\\\/\",\"logo\":{\"@type\":\"ImageObject\",\"inLanguage\":\"es\",\"@id\":\"https:\\\/\\\/juntscontraelcancer.cat\\\/es\\\/#\\\/schema\\\/logo\\\/image\\\/\",\"url\":\"https:\\\/\\\/juntscontraelcancer.cat\\\/wp-content\\\/uploads\\\/2023\\\/01\\\/logo-fecec-header.png\",\"contentUrl\":\"https:\\\/\\\/juntscontraelcancer.cat\\\/wp-content\\\/uploads\\\/2023\\\/01\\\/logo-fecec-header.png\",\"width\":126,\"height\":74,\"caption\":\"Junts contra el c\u00e0ncer - FECEC\"},\"image\":{\"@id\":\"https:\\\/\\\/juntscontraelcancer.cat\\\/es\\\/#\\\/schema\\\/logo\\\/image\\\/\"},\"sameAs\":[\"https:\\\/\\\/www.facebook.com\\\/fecec.federacio\\\/\",\"https:\\\/\\\/x.com\\\/FececFederacio\",\"https:\\\/\\\/www.instagram.com\\\/fececfederacio\\\/?hl=es\",\"https:\\\/\\\/www.youtube.com\\\/channel\\\/UCgAC_6c6hmHwMQhSCQyYBdA\"]},{\"@type\":\"Person\",\"@id\":\"https:\\\/\\\/juntscontraelcancer.cat\\\/es\\\/#\\\/schema\\\/person\\\/14c85cb9b3aeddea8f9087bea375813f\",\"name\":\"Pukkas\",\"image\":{\"@type\":\"ImageObject\",\"inLanguage\":\"es\",\"@id\":\"https:\\\/\\\/secure.gravatar.com\\\/avatar\\\/7433209641beafe57dbfd32b83f1c28fb7da2f23c98b47d02c7623ce350a0e9f?s=96&d=mm&r=g\",\"url\":\"https:\\\/\\\/secure.gravatar.com\\\/avatar\\\/7433209641beafe57dbfd32b83f1c28fb7da2f23c98b47d02c7623ce350a0e9f?s=96&d=mm&r=g\",\"contentUrl\":\"https:\\\/\\\/secure.gravatar.com\\\/avatar\\\/7433209641beafe57dbfd32b83f1c28fb7da2f23c98b47d02c7623ce350a0e9f?s=96&d=mm&r=g\",\"caption\":\"Pukkas\"},\"sameAs\":[\"https:\\\/\\\/juntscontraelcancer.cat\"]}]}<\/script>\n<!-- \/ Yoast SEO plugin. -->","yoast_head_json":{"title":"Aprobada la Memoria de Actividades de la FECEC 2022 - Junts contra el c\u00e0ncer - FECEC","robots":{"index":"index","follow":"follow","max-snippet":"max-snippet:-1","max-image-preview":"max-image-preview:large","max-video-preview":"max-video-preview:-1"},"canonical":"https:\/\/juntscontraelcancer.cat\/es\/aprobada-la-memoria-de-actividades-de-la-fecec-2022\/","og_locale":"es_ES","og_type":"article","og_title":"Aprobada la Memoria de Actividades de la FECEC 2022 - Junts contra el c\u00e0ncer - FECEC","og_description":"La Asamblea General de la Federaci\u00f3 Catalana d'Entitats contra el C\u00e0ncer (FECEC), reunidas el 15 de mayo, han aprobado la Memoria de Actividades de la FECEC, Junts contra el C\u00e0ncer. Este documento pone de manifiesto el trabajo de la entidad en el \u00e1mbito de la divulgaci\u00f3n y la prevenci\u00f3n, fomento del voluntariado, despu\u00e9s del c\u00e1ncer, incidencia y los servicios a las entidades federadas.","og_url":"https:\/\/juntscontraelcancer.cat\/es\/aprobada-la-memoria-de-actividades-de-la-fecec-2022\/","og_site_name":"Junts contra el c\u00e0ncer - FECEC","article_publisher":"https:\/\/www.facebook.com\/fecec.federacio\/","article_published_time":"2023-06-01T22:00:00+00:00","article_modified_time":"2023-06-29T07:55:18+00:00","og_image":[{"width":862,"height":653,"url":"https:\/\/juntscontraelcancer.cat\/wp-content\/uploads\/2023\/06\/Captura-de-pantalla-2023-06-12-155639.png","type":"image\/png"}],"author":"Pukkas","twitter_card":"summary_large_image","twitter_creator":"@FececFederacio","twitter_site":"@FececFederacio","twitter_misc":{"Escrito por":"Pukkas","Tiempo de lectura":"3 minutos"},"schema":{"@context":"https:\/\/schema.org","@graph":[{"@type":"Article","@id":"https:\/\/juntscontraelcancer.cat\/es\/aprobada-la-memoria-de-actividades-de-la-fecec-2022\/#article","isPartOf":{"@id":"https:\/\/juntscontraelcancer.cat\/es\/aprobada-la-memoria-de-actividades-de-la-fecec-2022\/"},"author":{"name":"Pukkas","@id":"https:\/\/juntscontraelcancer.cat\/es\/#\/schema\/person\/14c85cb9b3aeddea8f9087bea375813f"},"headline":"Aprobada la Memoria de Actividades de la FECEC 2022","datePublished":"2023-06-01T22:00:00+00:00","dateModified":"2023-06-29T07:55:18+00:00","mainEntityOfPage":{"@id":"https:\/\/juntscontraelcancer.cat\/es\/aprobada-la-memoria-de-actividades-de-la-fecec-2022\/"},"wordCount":417,"publisher":{"@id":"https:\/\/juntscontraelcancer.cat\/es\/#organization"},"image":{"@id":"https:\/\/juntscontraelcancer.cat\/es\/aprobada-la-memoria-de-actividades-de-la-fecec-2022\/#primaryimage"},"thumbnailUrl":"https:\/\/juntscontraelcancer.cat\/wp-content\/uploads\/2023\/06\/Captura-de-pantalla-2023-06-12-155639.png","articleSection":["Actualidad","Destacadas"],"inLanguage":"es"},{"@type":"WebPage","@id":"https:\/\/juntscontraelcancer.cat\/es\/aprobada-la-memoria-de-actividades-de-la-fecec-2022\/","url":"https:\/\/juntscontraelcancer.cat\/es\/aprobada-la-memoria-de-actividades-de-la-fecec-2022\/","name":"Aprobada la Memoria de Actividades de la FECEC 2022 - Junts contra el c\u00e0ncer - FECEC","isPartOf":{"@id":"https:\/\/juntscontraelcancer.cat\/es\/#website"},"primaryImageOfPage":{"@id":"https:\/\/juntscontraelcancer.cat\/es\/aprobada-la-memoria-de-actividades-de-la-fecec-2022\/#primaryimage"},"image":{"@id":"https:\/\/juntscontraelcancer.cat\/es\/aprobada-la-memoria-de-actividades-de-la-fecec-2022\/#primaryimage"},"thumbnailUrl":"https:\/\/juntscontraelcancer.cat\/wp-content\/uploads\/2023\/06\/Captura-de-pantalla-2023-06-12-155639.png","datePublished":"2023-06-01T22:00:00+00:00","dateModified":"2023-06-29T07:55:18+00:00","breadcrumb":{"@id":"https:\/\/juntscontraelcancer.cat\/es\/aprobada-la-memoria-de-actividades-de-la-fecec-2022\/#breadcrumb"},"inLanguage":"es","potentialAction":[{"@type":"ReadAction","target":["https:\/\/juntscontraelcancer.cat\/es\/aprobada-la-memoria-de-actividades-de-la-fecec-2022\/"]}]},{"@type":"ImageObject","inLanguage":"es","@id":"https:\/\/juntscontraelcancer.cat\/es\/aprobada-la-memoria-de-actividades-de-la-fecec-2022\/#primaryimage","url":"https:\/\/juntscontraelcancer.cat\/wp-content\/uploads\/2023\/06\/Captura-de-pantalla-2023-06-12-155639.png","contentUrl":"https:\/\/juntscontraelcancer.cat\/wp-content\/uploads\/2023\/06\/Captura-de-pantalla-2023-06-12-155639.png","width":862,"height":653,"caption":"Entrades en aquest enlla\u00e7 Autor: FECEC \/ AFANOC \/ Amics Joan Petit"},{"@type":"BreadcrumbList","@id":"https:\/\/juntscontraelcancer.cat\/es\/aprobada-la-memoria-de-actividades-de-la-fecec-2022\/#breadcrumb","itemListElement":[{"@type":"ListItem","position":1,"name":"Inicio","item":"https:\/\/juntscontraelcancer.cat\/es\/"},{"@type":"ListItem","position":2,"name":"Aprobada la Memoria de Actividades de la FECEC 2022"}]},{"@type":"WebSite","@id":"https:\/\/juntscontraelcancer.cat\/es\/#website","url":"https:\/\/juntscontraelcancer.cat\/es\/","name":"Junts contra el c\u00e0ncer - FECEC","description":"","publisher":{"@id":"https:\/\/juntscontraelcancer.cat\/es\/#organization"},"potentialAction":[{"@type":"SearchAction","target":{"@type":"EntryPoint","urlTemplate":"https:\/\/juntscontraelcancer.cat\/es\/?s={search_term_string}"},"query-input":{"@type":"PropertyValueSpecification","valueRequired":true,"valueName":"search_term_string"}}],"inLanguage":"es"},{"@type":"Organization","@id":"https:\/\/juntscontraelcancer.cat\/es\/#organization","name":"Junts contra el c\u00e0ncer - FECEC","url":"https:\/\/juntscontraelcancer.cat\/es\/","logo":{"@type":"ImageObject","inLanguage":"es","@id":"https:\/\/juntscontraelcancer.cat\/es\/#\/schema\/logo\/image\/","url":"https:\/\/juntscontraelcancer.cat\/wp-content\/uploads\/2023\/01\/logo-fecec-header.png","contentUrl":"https:\/\/juntscontraelcancer.cat\/wp-content\/uploads\/2023\/01\/logo-fecec-header.png","width":126,"height":74,"caption":"Junts contra el c\u00e0ncer - FECEC"},"image":{"@id":"https:\/\/juntscontraelcancer.cat\/es\/#\/schema\/logo\/image\/"},"sameAs":["https:\/\/www.facebook.com\/fecec.federacio\/","https:\/\/x.com\/FececFederacio","https:\/\/www.instagram.com\/fececfederacio\/?hl=es","https:\/\/www.youtube.com\/channel\/UCgAC_6c6hmHwMQhSCQyYBdA"]},{"@type":"Person","@id":"https:\/\/juntscontraelcancer.cat\/es\/#\/schema\/person\/14c85cb9b3aeddea8f9087bea375813f","name":"Pukkas","image":{"@type":"ImageObject","inLanguage":"es","@id":"https:\/\/secure.gravatar.com\/avatar\/7433209641beafe57dbfd32b83f1c28fb7da2f23c98b47d02c7623ce350a0e9f?s=96&d=mm&r=g","url":"https:\/\/secure.gravatar.com\/avatar\/7433209641beafe57dbfd32b83f1c28fb7da2f23c98b47d02c7623ce350a0e9f?s=96&d=mm&r=g","contentUrl":"https:\/\/secure.gravatar.com\/avatar\/7433209641beafe57dbfd32b83f1c28fb7da2f23c98b47d02c7623ce350a0e9f?s=96&d=mm&r=g","caption":"Pukkas"},"sameAs":["https:\/\/juntscontraelcancer.cat"]}]}},"_links":{"self":[{"href":"https:\/\/juntscontraelcancer.cat\/es\/wp-json\/wp\/v2\/posts\/25711","targetHints":{"allow":["GET"]}}],"collection":[{"href":"https:\/\/juntscontraelcancer.cat\/es\/wp-json\/wp\/v2\/posts"}],"about":[{"href":"https:\/\/juntscontraelcancer.cat\/es\/wp-json\/wp\/v2\/types\/post"}],"author":[{"embeddable":true,"href":"https:\/\/juntscontraelcancer.cat\/es\/wp-json\/wp\/v2\/users\/1"}],"replies":[{"embeddable":true,"href":"https:\/\/juntscontraelcancer.cat\/es\/wp-json\/wp\/v2\/comments?post=25711"}],"version-history":[{"count":4,"href":"https:\/\/juntscontraelcancer.cat\/es\/wp-json\/wp\/v2\/posts\/25711\/revisions"}],"predecessor-version":[{"id":26160,"href":"https:\/\/juntscontraelcancer.cat\/es\/wp-json\/wp\/v2\/posts\/25711\/revisions\/26160"}],"wp:featuredmedia":[{"embeddable":true,"href":"https:\/\/juntscontraelcancer.cat\/es\/wp-json\/wp\/v2\/media\/26157"}],"wp:attachment":[{"href":"https:\/\/juntscontraelcancer.cat\/es\/wp-json\/wp\/v2\/media?parent=25711"}],"wp:term":[{"taxonomy":"category","embeddable":true,"href":"https:\/\/juntscontraelcancer.cat\/es\/wp-json\/wp\/v2\/categories?post=25711"},{"taxonomy":"post_tag","embeddable":true,"href":"https:\/\/juntscontraelcancer.cat\/es\/wp-json\/wp\/v2\/tags?post=25711"}],"curies":[{"name":"wp","href":"https:\/\/api.w.org\/{rel}","templated":true}]}}