{"id":25703,"date":"2023-05-11T00:00:00","date_gmt":"2023-05-10T22:00:00","guid":{"rendered":"https:\/\/junts.enproceso.es\/9-15-y-16-de-junio-nueva-edicion-del-curso-de-profundizacion-en-el-voluntariado-de-ambito-oncologico\/"},"modified":"2023-06-12T11:51:13","modified_gmt":"2023-06-12T09:51:13","slug":"9-15-y-16-de-junio-nueva-edicion-del-curso-de-profundizacion-en-el-voluntariado-de-ambito-oncologico","status":"publish","type":"post","link":"https:\/\/juntscontraelcancer.cat\/es\/9-15-y-16-de-junio-nueva-edicion-del-curso-de-profundizacion-en-el-voluntariado-de-ambito-oncologico\/","title":{"rendered":"9, 15 y 16 de junio, nueva edici\u00f3n del Curso de profundizaci\u00f3n en el voluntariado de \u00e1mbito oncol\u00f3gico"},"content":{"rendered":"<p><strong><strong>La Federaci\u00f3 Catalana d&#8217;Entitates contra el C\u00e0ncer (FECEC) <\/strong>organiza los pr\u00f3ximos<strong> 9, 15 y 16 de junio un nuevo Curso de profundizaci\u00f3n en el voluntariado de \u00e1mbito oncol\u00f3gico en Barcelona, <\/strong>para personas que quieran ampliar su conocimiento en la actuaci\u00f3n en el campo de la oncolog\u00eda y del acompa\u00f1amiento a enfermos.<\/strong><\/p>\n<p><img loading=\"lazy\" decoding=\"async\" src=\"https:\/\/juntscontraelcancer.cat\/wp-content\/uploads\/2023\/06\/Programa_Aprofundiment_Onco_Bcn_23-scaled.jpg\" alt=\"Presentaci\u00f3n de PowerPoint\" width=\"3000\" height=\"2250\" class=\"alignnone size-full wp-image-40211\" \/><\/p>\n<p>El curso, que tiene una duraci\u00f3n de <strong>12 horas presenciales<\/strong>, consta de dos bloques. El primer d\u00eda se abordar\u00e1 el bloque de \u2018<strong>La enfermedad\u2019 <\/strong>con el <strong>Dr. Eduard Batiste-Alertorn<\/strong>, <strong>onc\u00f3logo; y Patricia Miss\u00e9, psic\u00f3loga y m\u00e1ster en psicooncolog\u00eda<\/strong>.<\/p>\n<p>En este bloque se abordar\u00e1 los tratamientos oncol\u00f3gicos centrados sobre todo en los \u00faltimos adelantos de la enfermedad, desde una perspectiva entendedora que puede ayudar al voluntario a comprender mejor el contexto del enfermo. Adem\u00e1s tambi\u00e9n incorpora la dimensi\u00f3n emocional para comprender como se vive con un c\u00e1ncer.<\/p>\n<p>El segundo d\u00eda est\u00e1 dedicado a las \u2018<strong>Habilidades comunicativas\u2019<\/strong>. Ir\u00e1 a cargo de <strong>Laura Fern\u00e1ndez<\/strong>, <strong>psicopedagoga y coordinadora de voluntariado en el hospital Sant Joan de D\u00e9u de Barcelona<\/strong>. Se tratar\u00e1n cuestiones como la relevancia de la comunicaci\u00f3n no verbal, las t\u00e9cnicas de comunicaci\u00f3n en el \u00e1mbito de las habilidades (sentido del humor, positivismo, vitalidad\u2026), la expresi\u00f3n de las emociones, la resoluci\u00f3n de conflictos y la escucha activa (actitudes y creaci\u00f3n del contexto).<\/p>\n<p>El curso, con un m\u00e1ximo de diez plazas, tiene un coste de 15 euros para las entidades federadas a la FECEC o a la Federaci\u00f3 Catalana de Voluntariat Social (FCVS) y de 25 euros para las asociaciones no federadas.<\/p>\n<p><strong><a href=\"https:\/\/docs.google.com\/forms\/d\/e\/1FAIpQLSd8odX_2qILVf6-3JlEz-S5xPY_YqbZiHk5LeHqNyqCav3dCg\/viewform\" rel=\"noopener\" target=\"_blank\">S\u00cd, ME APUNTO<\/a><\/strong><\/p>\n<p>FECHA L\u00cdMITE: 2 de junio de 2023<\/p>\n<p><strong>M\u00e1s informacio\u0301n:<\/strong><\/p>\n<p>formacio@voluntaris.cat<br \/>\nfederacio@juntscontraelcancer.cat<\/p>\n<p><em>*Curso subvencionado por el Pla de Formacio\u0301 de Voluntariat de Catalunya de la Generalitat de Catalunya.<br \/>\n<\/em><em>*Para tener derecho al t\u00edtulo se debe asistir a un mi\u0301nimo del 80% del curso.<\/em><\/p>\n","protected":false},"excerpt":{"rendered":"<p>La Federaci\u00f3 Catalana d&#8217;Entitates contra el C\u00e0ncer (FECEC) organiza los pr\u00f3ximos 9, 15 y 16 de junio un nuevo Curso de profundizaci\u00f3n en el voluntariado de \u00e1mbito oncol\u00f3gico en Barcelona, para personas que quieran ampliar su conocimiento en la actuaci\u00f3n en el campo de la oncolog\u00eda y del acompa\u00f1amiento a enfermos.<\/p>\n","protected":false},"author":1,"featured_media":25706,"comment_status":"closed","ping_status":"open","sticky":false,"template":"","format":"standard","meta":{"_acf_changed":false,"inline_featured_image":false,"footnotes":""},"categories":[84,3,86,68],"tags":[],"class_list":["post-25703","post","type-post","status-publish","format-standard","has-post-thumbnail","hentry","category-actualidad","category-actualitat","category-destacadas","category-destaquem"],"acf":[],"yoast_head":"<!-- This site is optimized with the Yoast SEO plugin v27.3 - https:\/\/yoast.com\/product\/yoast-seo-wordpress\/ -->\n<title>9, 15 y 16 de junio, nueva edici\u00f3n del Curso de profundizaci\u00f3n en el voluntariado de \u00e1mbito oncol\u00f3gico - Junts contra el c\u00e0ncer - FECEC<\/title>\n<meta name=\"robots\" content=\"index, follow, max-snippet:-1, max-image-preview:large, max-video-preview:-1\" \/>\n<link rel=\"canonical\" href=\"https:\/\/juntscontraelcancer.cat\/es\/9-15-y-16-de-junio-nueva-edicion-del-curso-de-profundizacion-en-el-voluntariado-de-ambito-oncologico\/\" \/>\n<meta property=\"og:locale\" content=\"es_ES\" \/>\n<meta property=\"og:type\" content=\"article\" \/>\n<meta property=\"og:title\" content=\"9, 15 y 16 de junio, nueva edici\u00f3n del Curso de profundizaci\u00f3n en el voluntariado de \u00e1mbito oncol\u00f3gico - Junts contra el c\u00e0ncer - FECEC\" \/>\n<meta property=\"og:description\" content=\"La Federaci\u00f3 Catalana d&#039;Entitates contra el C\u00e0ncer (FECEC) organiza los pr\u00f3ximos 9, 15 y 16 de junio un nuevo Curso de profundizaci\u00f3n en el voluntariado de \u00e1mbito oncol\u00f3gico en Barcelona, para personas que quieran ampliar su conocimiento en la actuaci\u00f3n en el campo de la oncolog\u00eda y del acompa\u00f1amiento a enfermos.\" \/>\n<meta property=\"og:url\" content=\"https:\/\/juntscontraelcancer.cat\/es\/9-15-y-16-de-junio-nueva-edicion-del-curso-de-profundizacion-en-el-voluntariado-de-ambito-oncologico\/\" \/>\n<meta property=\"og:site_name\" content=\"Junts contra el c\u00e0ncer - FECEC\" \/>\n<meta property=\"article:publisher\" content=\"https:\/\/www.facebook.com\/fecec.federacio\/\" \/>\n<meta property=\"article:published_time\" content=\"2023-05-10T22:00:00+00:00\" \/>\n<meta property=\"article:modified_time\" content=\"2023-06-12T09:51:13+00:00\" \/>\n<meta property=\"og:image\" content=\"https:\/\/juntscontraelcancer.cat\/wp-content\/uploads\/2023\/06\/DSCN2551-copia.jpg\" \/>\n\t<meta property=\"og:image:width\" content=\"2048\" \/>\n\t<meta property=\"og:image:height\" content=\"976\" \/>\n\t<meta property=\"og:image:type\" content=\"image\/jpeg\" \/>\n<meta name=\"author\" content=\"Pukkas\" \/>\n<meta name=\"twitter:card\" content=\"summary_large_image\" \/>\n<meta name=\"twitter:creator\" content=\"@FececFederacio\" \/>\n<meta name=\"twitter:site\" content=\"@FececFederacio\" \/>\n<meta name=\"twitter:label1\" content=\"Escrito por\" \/>\n\t<meta name=\"twitter:data1\" content=\"Pukkas\" \/>\n\t<meta name=\"twitter:label2\" content=\"Tiempo de lectura\" \/>\n\t<meta name=\"twitter:data2\" content=\"2 minutos\" \/>\n<script type=\"application\/ld+json\" class=\"yoast-schema-graph\">{\"@context\":\"https:\\\/\\\/schema.org\",\"@graph\":[{\"@type\":\"Article\",\"@id\":\"https:\\\/\\\/juntscontraelcancer.cat\\\/es\\\/9-15-y-16-de-junio-nueva-edicion-del-curso-de-profundizacion-en-el-voluntariado-de-ambito-oncologico\\\/#article\",\"isPartOf\":{\"@id\":\"https:\\\/\\\/juntscontraelcancer.cat\\\/es\\\/9-15-y-16-de-junio-nueva-edicion-del-curso-de-profundizacion-en-el-voluntariado-de-ambito-oncologico\\\/\"},\"author\":{\"name\":\"Pukkas\",\"@id\":\"https:\\\/\\\/juntscontraelcancer.cat\\\/es\\\/#\\\/schema\\\/person\\\/14c85cb9b3aeddea8f9087bea375813f\"},\"headline\":\"9, 15 y 16 de junio, nueva edici\u00f3n del Curso de profundizaci\u00f3n en el voluntariado de \u00e1mbito oncol\u00f3gico\",\"datePublished\":\"2023-05-10T22:00:00+00:00\",\"dateModified\":\"2023-06-12T09:51:13+00:00\",\"mainEntityOfPage\":{\"@id\":\"https:\\\/\\\/juntscontraelcancer.cat\\\/es\\\/9-15-y-16-de-junio-nueva-edicion-del-curso-de-profundizacion-en-el-voluntariado-de-ambito-oncologico\\\/\"},\"wordCount\":342,\"publisher\":{\"@id\":\"https:\\\/\\\/juntscontraelcancer.cat\\\/es\\\/#organization\"},\"image\":{\"@id\":\"https:\\\/\\\/juntscontraelcancer.cat\\\/es\\\/9-15-y-16-de-junio-nueva-edicion-del-curso-de-profundizacion-en-el-voluntariado-de-ambito-oncologico\\\/#primaryimage\"},\"thumbnailUrl\":\"https:\\\/\\\/juntscontraelcancer.cat\\\/wp-content\\\/uploads\\\/2023\\\/06\\\/DSCN2551-copia.jpg\",\"articleSection\":[\"Actualidad\",\"Actualitat\",\"Destacadas\",\"Destacats\"],\"inLanguage\":\"es\"},{\"@type\":\"WebPage\",\"@id\":\"https:\\\/\\\/juntscontraelcancer.cat\\\/es\\\/9-15-y-16-de-junio-nueva-edicion-del-curso-de-profundizacion-en-el-voluntariado-de-ambito-oncologico\\\/\",\"url\":\"https:\\\/\\\/juntscontraelcancer.cat\\\/es\\\/9-15-y-16-de-junio-nueva-edicion-del-curso-de-profundizacion-en-el-voluntariado-de-ambito-oncologico\\\/\",\"name\":\"9, 15 y 16 de junio, nueva edici\u00f3n del Curso de profundizaci\u00f3n en el voluntariado de \u00e1mbito oncol\u00f3gico - Junts contra el c\u00e0ncer - FECEC\",\"isPartOf\":{\"@id\":\"https:\\\/\\\/juntscontraelcancer.cat\\\/es\\\/#website\"},\"primaryImageOfPage\":{\"@id\":\"https:\\\/\\\/juntscontraelcancer.cat\\\/es\\\/9-15-y-16-de-junio-nueva-edicion-del-curso-de-profundizacion-en-el-voluntariado-de-ambito-oncologico\\\/#primaryimage\"},\"image\":{\"@id\":\"https:\\\/\\\/juntscontraelcancer.cat\\\/es\\\/9-15-y-16-de-junio-nueva-edicion-del-curso-de-profundizacion-en-el-voluntariado-de-ambito-oncologico\\\/#primaryimage\"},\"thumbnailUrl\":\"https:\\\/\\\/juntscontraelcancer.cat\\\/wp-content\\\/uploads\\\/2023\\\/06\\\/DSCN2551-copia.jpg\",\"datePublished\":\"2023-05-10T22:00:00+00:00\",\"dateModified\":\"2023-06-12T09:51:13+00:00\",\"breadcrumb\":{\"@id\":\"https:\\\/\\\/juntscontraelcancer.cat\\\/es\\\/9-15-y-16-de-junio-nueva-edicion-del-curso-de-profundizacion-en-el-voluntariado-de-ambito-oncologico\\\/#breadcrumb\"},\"inLanguage\":\"es\",\"potentialAction\":[{\"@type\":\"ReadAction\",\"target\":[\"https:\\\/\\\/juntscontraelcancer.cat\\\/es\\\/9-15-y-16-de-junio-nueva-edicion-del-curso-de-profundizacion-en-el-voluntariado-de-ambito-oncologico\\\/\"]}]},{\"@type\":\"ImageObject\",\"inLanguage\":\"es\",\"@id\":\"https:\\\/\\\/juntscontraelcancer.cat\\\/es\\\/9-15-y-16-de-junio-nueva-edicion-del-curso-de-profundizacion-en-el-voluntariado-de-ambito-oncologico\\\/#primaryimage\",\"url\":\"https:\\\/\\\/juntscontraelcancer.cat\\\/wp-content\\\/uploads\\\/2023\\\/06\\\/DSCN2551-copia.jpg\",\"contentUrl\":\"https:\\\/\\\/juntscontraelcancer.cat\\\/wp-content\\\/uploads\\\/2023\\\/06\\\/DSCN2551-copia.jpg\",\"width\":2048,\"height\":976},{\"@type\":\"BreadcrumbList\",\"@id\":\"https:\\\/\\\/juntscontraelcancer.cat\\\/es\\\/9-15-y-16-de-junio-nueva-edicion-del-curso-de-profundizacion-en-el-voluntariado-de-ambito-oncologico\\\/#breadcrumb\",\"itemListElement\":[{\"@type\":\"ListItem\",\"position\":1,\"name\":\"Inicio\",\"item\":\"https:\\\/\\\/juntscontraelcancer.cat\\\/es\\\/\"},{\"@type\":\"ListItem\",\"position\":2,\"name\":\"9, 15 y 16 de junio, nueva edici\u00f3n del Curso de profundizaci\u00f3n en el voluntariado de \u00e1mbito oncol\u00f3gico\"}]},{\"@type\":\"WebSite\",\"@id\":\"https:\\\/\\\/juntscontraelcancer.cat\\\/es\\\/#website\",\"url\":\"https:\\\/\\\/juntscontraelcancer.cat\\\/es\\\/\",\"name\":\"Junts contra el c\u00e0ncer - FECEC\",\"description\":\"\",\"publisher\":{\"@id\":\"https:\\\/\\\/juntscontraelcancer.cat\\\/es\\\/#organization\"},\"potentialAction\":[{\"@type\":\"SearchAction\",\"target\":{\"@type\":\"EntryPoint\",\"urlTemplate\":\"https:\\\/\\\/juntscontraelcancer.cat\\\/es\\\/?s={search_term_string}\"},\"query-input\":{\"@type\":\"PropertyValueSpecification\",\"valueRequired\":true,\"valueName\":\"search_term_string\"}}],\"inLanguage\":\"es\"},{\"@type\":\"Organization\",\"@id\":\"https:\\\/\\\/juntscontraelcancer.cat\\\/es\\\/#organization\",\"name\":\"Junts contra el c\u00e0ncer - FECEC\",\"url\":\"https:\\\/\\\/juntscontraelcancer.cat\\\/es\\\/\",\"logo\":{\"@type\":\"ImageObject\",\"inLanguage\":\"es\",\"@id\":\"https:\\\/\\\/juntscontraelcancer.cat\\\/es\\\/#\\\/schema\\\/logo\\\/image\\\/\",\"url\":\"https:\\\/\\\/juntscontraelcancer.cat\\\/wp-content\\\/uploads\\\/2023\\\/01\\\/logo-fecec-header.png\",\"contentUrl\":\"https:\\\/\\\/juntscontraelcancer.cat\\\/wp-content\\\/uploads\\\/2023\\\/01\\\/logo-fecec-header.png\",\"width\":126,\"height\":74,\"caption\":\"Junts contra el c\u00e0ncer - FECEC\"},\"image\":{\"@id\":\"https:\\\/\\\/juntscontraelcancer.cat\\\/es\\\/#\\\/schema\\\/logo\\\/image\\\/\"},\"sameAs\":[\"https:\\\/\\\/www.facebook.com\\\/fecec.federacio\\\/\",\"https:\\\/\\\/x.com\\\/FececFederacio\",\"https:\\\/\\\/www.instagram.com\\\/fececfederacio\\\/?hl=es\",\"https:\\\/\\\/www.youtube.com\\\/channel\\\/UCgAC_6c6hmHwMQhSCQyYBdA\"]},{\"@type\":\"Person\",\"@id\":\"https:\\\/\\\/juntscontraelcancer.cat\\\/es\\\/#\\\/schema\\\/person\\\/14c85cb9b3aeddea8f9087bea375813f\",\"name\":\"Pukkas\",\"image\":{\"@type\":\"ImageObject\",\"inLanguage\":\"es\",\"@id\":\"https:\\\/\\\/secure.gravatar.com\\\/avatar\\\/7433209641beafe57dbfd32b83f1c28fb7da2f23c98b47d02c7623ce350a0e9f?s=96&d=mm&r=g\",\"url\":\"https:\\\/\\\/secure.gravatar.com\\\/avatar\\\/7433209641beafe57dbfd32b83f1c28fb7da2f23c98b47d02c7623ce350a0e9f?s=96&d=mm&r=g\",\"contentUrl\":\"https:\\\/\\\/secure.gravatar.com\\\/avatar\\\/7433209641beafe57dbfd32b83f1c28fb7da2f23c98b47d02c7623ce350a0e9f?s=96&d=mm&r=g\",\"caption\":\"Pukkas\"},\"sameAs\":[\"https:\\\/\\\/juntscontraelcancer.cat\"]}]}<\/script>\n<!-- \/ Yoast SEO plugin. -->","yoast_head_json":{"title":"9, 15 y 16 de junio, nueva edici\u00f3n del Curso de profundizaci\u00f3n en el voluntariado de \u00e1mbito oncol\u00f3gico - Junts contra el c\u00e0ncer - FECEC","robots":{"index":"index","follow":"follow","max-snippet":"max-snippet:-1","max-image-preview":"max-image-preview:large","max-video-preview":"max-video-preview:-1"},"canonical":"https:\/\/juntscontraelcancer.cat\/es\/9-15-y-16-de-junio-nueva-edicion-del-curso-de-profundizacion-en-el-voluntariado-de-ambito-oncologico\/","og_locale":"es_ES","og_type":"article","og_title":"9, 15 y 16 de junio, nueva edici\u00f3n del Curso de profundizaci\u00f3n en el voluntariado de \u00e1mbito oncol\u00f3gico - Junts contra el c\u00e0ncer - FECEC","og_description":"La Federaci\u00f3 Catalana d'Entitates contra el C\u00e0ncer (FECEC) organiza los pr\u00f3ximos 9, 15 y 16 de junio un nuevo Curso de profundizaci\u00f3n en el voluntariado de \u00e1mbito oncol\u00f3gico en Barcelona, para personas que quieran ampliar su conocimiento en la actuaci\u00f3n en el campo de la oncolog\u00eda y del acompa\u00f1amiento a enfermos.","og_url":"https:\/\/juntscontraelcancer.cat\/es\/9-15-y-16-de-junio-nueva-edicion-del-curso-de-profundizacion-en-el-voluntariado-de-ambito-oncologico\/","og_site_name":"Junts contra el c\u00e0ncer - FECEC","article_publisher":"https:\/\/www.facebook.com\/fecec.federacio\/","article_published_time":"2023-05-10T22:00:00+00:00","article_modified_time":"2023-06-12T09:51:13+00:00","og_image":[{"width":2048,"height":976,"url":"https:\/\/juntscontraelcancer.cat\/wp-content\/uploads\/2023\/06\/DSCN2551-copia.jpg","type":"image\/jpeg"}],"author":"Pukkas","twitter_card":"summary_large_image","twitter_creator":"@FececFederacio","twitter_site":"@FececFederacio","twitter_misc":{"Escrito por":"Pukkas","Tiempo de lectura":"2 minutos"},"schema":{"@context":"https:\/\/schema.org","@graph":[{"@type":"Article","@id":"https:\/\/juntscontraelcancer.cat\/es\/9-15-y-16-de-junio-nueva-edicion-del-curso-de-profundizacion-en-el-voluntariado-de-ambito-oncologico\/#article","isPartOf":{"@id":"https:\/\/juntscontraelcancer.cat\/es\/9-15-y-16-de-junio-nueva-edicion-del-curso-de-profundizacion-en-el-voluntariado-de-ambito-oncologico\/"},"author":{"name":"Pukkas","@id":"https:\/\/juntscontraelcancer.cat\/es\/#\/schema\/person\/14c85cb9b3aeddea8f9087bea375813f"},"headline":"9, 15 y 16 de junio, nueva edici\u00f3n del Curso de profundizaci\u00f3n en el voluntariado de \u00e1mbito oncol\u00f3gico","datePublished":"2023-05-10T22:00:00+00:00","dateModified":"2023-06-12T09:51:13+00:00","mainEntityOfPage":{"@id":"https:\/\/juntscontraelcancer.cat\/es\/9-15-y-16-de-junio-nueva-edicion-del-curso-de-profundizacion-en-el-voluntariado-de-ambito-oncologico\/"},"wordCount":342,"publisher":{"@id":"https:\/\/juntscontraelcancer.cat\/es\/#organization"},"image":{"@id":"https:\/\/juntscontraelcancer.cat\/es\/9-15-y-16-de-junio-nueva-edicion-del-curso-de-profundizacion-en-el-voluntariado-de-ambito-oncologico\/#primaryimage"},"thumbnailUrl":"https:\/\/juntscontraelcancer.cat\/wp-content\/uploads\/2023\/06\/DSCN2551-copia.jpg","articleSection":["Actualidad","Actualitat","Destacadas","Destacats"],"inLanguage":"es"},{"@type":"WebPage","@id":"https:\/\/juntscontraelcancer.cat\/es\/9-15-y-16-de-junio-nueva-edicion-del-curso-de-profundizacion-en-el-voluntariado-de-ambito-oncologico\/","url":"https:\/\/juntscontraelcancer.cat\/es\/9-15-y-16-de-junio-nueva-edicion-del-curso-de-profundizacion-en-el-voluntariado-de-ambito-oncologico\/","name":"9, 15 y 16 de junio, nueva edici\u00f3n del Curso de profundizaci\u00f3n en el voluntariado de \u00e1mbito oncol\u00f3gico - Junts contra el c\u00e0ncer - FECEC","isPartOf":{"@id":"https:\/\/juntscontraelcancer.cat\/es\/#website"},"primaryImageOfPage":{"@id":"https:\/\/juntscontraelcancer.cat\/es\/9-15-y-16-de-junio-nueva-edicion-del-curso-de-profundizacion-en-el-voluntariado-de-ambito-oncologico\/#primaryimage"},"image":{"@id":"https:\/\/juntscontraelcancer.cat\/es\/9-15-y-16-de-junio-nueva-edicion-del-curso-de-profundizacion-en-el-voluntariado-de-ambito-oncologico\/#primaryimage"},"thumbnailUrl":"https:\/\/juntscontraelcancer.cat\/wp-content\/uploads\/2023\/06\/DSCN2551-copia.jpg","datePublished":"2023-05-10T22:00:00+00:00","dateModified":"2023-06-12T09:51:13+00:00","breadcrumb":{"@id":"https:\/\/juntscontraelcancer.cat\/es\/9-15-y-16-de-junio-nueva-edicion-del-curso-de-profundizacion-en-el-voluntariado-de-ambito-oncologico\/#breadcrumb"},"inLanguage":"es","potentialAction":[{"@type":"ReadAction","target":["https:\/\/juntscontraelcancer.cat\/es\/9-15-y-16-de-junio-nueva-edicion-del-curso-de-profundizacion-en-el-voluntariado-de-ambito-oncologico\/"]}]},{"@type":"ImageObject","inLanguage":"es","@id":"https:\/\/juntscontraelcancer.cat\/es\/9-15-y-16-de-junio-nueva-edicion-del-curso-de-profundizacion-en-el-voluntariado-de-ambito-oncologico\/#primaryimage","url":"https:\/\/juntscontraelcancer.cat\/wp-content\/uploads\/2023\/06\/DSCN2551-copia.jpg","contentUrl":"https:\/\/juntscontraelcancer.cat\/wp-content\/uploads\/2023\/06\/DSCN2551-copia.jpg","width":2048,"height":976},{"@type":"BreadcrumbList","@id":"https:\/\/juntscontraelcancer.cat\/es\/9-15-y-16-de-junio-nueva-edicion-del-curso-de-profundizacion-en-el-voluntariado-de-ambito-oncologico\/#breadcrumb","itemListElement":[{"@type":"ListItem","position":1,"name":"Inicio","item":"https:\/\/juntscontraelcancer.cat\/es\/"},{"@type":"ListItem","position":2,"name":"9, 15 y 16 de junio, nueva edici\u00f3n del Curso de profundizaci\u00f3n en el voluntariado de \u00e1mbito oncol\u00f3gico"}]},{"@type":"WebSite","@id":"https:\/\/juntscontraelcancer.cat\/es\/#website","url":"https:\/\/juntscontraelcancer.cat\/es\/","name":"Junts contra el c\u00e0ncer - FECEC","description":"","publisher":{"@id":"https:\/\/juntscontraelcancer.cat\/es\/#organization"},"potentialAction":[{"@type":"SearchAction","target":{"@type":"EntryPoint","urlTemplate":"https:\/\/juntscontraelcancer.cat\/es\/?s={search_term_string}"},"query-input":{"@type":"PropertyValueSpecification","valueRequired":true,"valueName":"search_term_string"}}],"inLanguage":"es"},{"@type":"Organization","@id":"https:\/\/juntscontraelcancer.cat\/es\/#organization","name":"Junts contra el c\u00e0ncer - FECEC","url":"https:\/\/juntscontraelcancer.cat\/es\/","logo":{"@type":"ImageObject","inLanguage":"es","@id":"https:\/\/juntscontraelcancer.cat\/es\/#\/schema\/logo\/image\/","url":"https:\/\/juntscontraelcancer.cat\/wp-content\/uploads\/2023\/01\/logo-fecec-header.png","contentUrl":"https:\/\/juntscontraelcancer.cat\/wp-content\/uploads\/2023\/01\/logo-fecec-header.png","width":126,"height":74,"caption":"Junts contra el c\u00e0ncer - FECEC"},"image":{"@id":"https:\/\/juntscontraelcancer.cat\/es\/#\/schema\/logo\/image\/"},"sameAs":["https:\/\/www.facebook.com\/fecec.federacio\/","https:\/\/x.com\/FececFederacio","https:\/\/www.instagram.com\/fececfederacio\/?hl=es","https:\/\/www.youtube.com\/channel\/UCgAC_6c6hmHwMQhSCQyYBdA"]},{"@type":"Person","@id":"https:\/\/juntscontraelcancer.cat\/es\/#\/schema\/person\/14c85cb9b3aeddea8f9087bea375813f","name":"Pukkas","image":{"@type":"ImageObject","inLanguage":"es","@id":"https:\/\/secure.gravatar.com\/avatar\/7433209641beafe57dbfd32b83f1c28fb7da2f23c98b47d02c7623ce350a0e9f?s=96&d=mm&r=g","url":"https:\/\/secure.gravatar.com\/avatar\/7433209641beafe57dbfd32b83f1c28fb7da2f23c98b47d02c7623ce350a0e9f?s=96&d=mm&r=g","contentUrl":"https:\/\/secure.gravatar.com\/avatar\/7433209641beafe57dbfd32b83f1c28fb7da2f23c98b47d02c7623ce350a0e9f?s=96&d=mm&r=g","caption":"Pukkas"},"sameAs":["https:\/\/juntscontraelcancer.cat"]}]}},"_links":{"self":[{"href":"https:\/\/juntscontraelcancer.cat\/es\/wp-json\/wp\/v2\/posts\/25703","targetHints":{"allow":["GET"]}}],"collection":[{"href":"https:\/\/juntscontraelcancer.cat\/es\/wp-json\/wp\/v2\/posts"}],"about":[{"href":"https:\/\/juntscontraelcancer.cat\/es\/wp-json\/wp\/v2\/types\/post"}],"author":[{"embeddable":true,"href":"https:\/\/juntscontraelcancer.cat\/es\/wp-json\/wp\/v2\/users\/1"}],"replies":[{"embeddable":true,"href":"https:\/\/juntscontraelcancer.cat\/es\/wp-json\/wp\/v2\/comments?post=25703"}],"version-history":[{"count":1,"href":"https:\/\/juntscontraelcancer.cat\/es\/wp-json\/wp\/v2\/posts\/25703\/revisions"}],"predecessor-version":[{"id":25705,"href":"https:\/\/juntscontraelcancer.cat\/es\/wp-json\/wp\/v2\/posts\/25703\/revisions\/25705"}],"wp:featuredmedia":[{"embeddable":true,"href":"https:\/\/juntscontraelcancer.cat\/es\/wp-json\/wp\/v2\/media\/25706"}],"wp:attachment":[{"href":"https:\/\/juntscontraelcancer.cat\/es\/wp-json\/wp\/v2\/media?parent=25703"}],"wp:term":[{"taxonomy":"category","embeddable":true,"href":"https:\/\/juntscontraelcancer.cat\/es\/wp-json\/wp\/v2\/categories?post=25703"},{"taxonomy":"post_tag","embeddable":true,"href":"https:\/\/juntscontraelcancer.cat\/es\/wp-json\/wp\/v2\/tags?post=25703"}],"curies":[{"name":"wp","href":"https:\/\/api.w.org\/{rel}","templated":true}]}}