{"id":25696,"date":"2023-04-27T00:00:00","date_gmt":"2023-04-26T22:00:00","guid":{"rendered":"https:\/\/junts.enproceso.es\/dia-internacional-del-trabajo-las-dificultades-anadidas-de-las-personas-con-cancer-en-el-entorno-laboral\/"},"modified":"2023-06-12T11:51:14","modified_gmt":"2023-06-12T09:51:14","slug":"dia-internacional-del-trabajo-las-dificultades-anadidas-de-las-personas-con-cancer-en-el-entorno-laboral","status":"publish","type":"post","link":"https:\/\/juntscontraelcancer.cat\/es\/dia-internacional-del-trabajo-las-dificultades-anadidas-de-las-personas-con-cancer-en-el-entorno-laboral\/","title":{"rendered":"D\u00eda Internacional del Trabajo: las dificultades a\u00f1adidas de las personas con c\u00e1ncer en el entorno laboral"},"content":{"rendered":"<p><strong>El pr\u00f3ximo 1 de mayo se celebra en todo el mundo el D\u00eda Internacional del Trabajo, jornada dedicada a realizar diferentes reivindicaciones sociales y laborales en favor de las clases trabajadoras. Las personas con c\u00e1ncer, adem\u00e1s de los problemas habituales de las personas trabajadoras, tienen otras dificultades a\u00f1adidas derivadas de la enfermedad, tanto a nivel f\u00edsico como psicosocial.<br \/>\n<\/strong><\/p>\n<p><img loading=\"lazy\" decoding=\"async\" src=\"https:\/\/juntscontraelcancer.cat\/wp-content\/uploads\/2023\/06\/gente-negocios-sentado-escritorio-oficina-trabajando-proyecto-scaled.jpg\" alt=\"gente-negocios-sentado-escritorio-oficina-trabajando-proyecto\" width=\"625\" height=\"417\" class=\"alignnone size-large wp-image-40164\" \/>Foto: <em>Freepik<\/em><\/p>\n<p>El <a href=\"https:\/\/www.juntscontraelcancer.cat\/wp-content\/uploads\/2022\/06\/1362_barometre_cancer_i_treball_a_catalunya_2022_final.pdf\" rel=\"noopener\" target=\"_blank\"><strong>1.\u00ba Bar\u00f3metro C\u00e1ncer y Trabajo en Catalu\u00f1a<\/strong><\/a>, impulsado por la FECEC, Junts contra el C\u00e0ncer, encuest\u00f3 m\u00e1s de 1.000 personas trabajadoras para coger su percepci\u00f3n sobre como las empresas catalanas gestionan el #c\u00e1ncer al trabajo y estos son algunos de los resultados.<\/p>\n<p><strong>El apoyo de las empresas a las personas trabajadoras con c\u00e1ncer<\/strong><\/p>\n<p>Hace falta un apoyo m\u00e1s claro por parte de las empresas, seg\u00fan las personas trabajadoras.<\/p>\n<li>El 47% de las personas trabajadoras opina que la empresa da poco o ning\u00fan apoyo a las personas con c\u00e1ncer.<\/li>\n<li>El 65% pide m\u00e1s implicaci\u00f3n de la empresa en formaci\u00f3n sobre el c\u00e1ncer y la gesti\u00f3n de su impacto<\/li>\n<p><strong>El retorno al trabajo despu\u00e9s del c\u00e1ncer<\/strong><\/p>\n<p>El estigma del c\u00e1ncer al trabajo tiene margen de mejora.<\/p>\n<li>El 88% afirma que al devolver al trabajo despu\u00e9s del c\u00e1ncer se ha encontrado su puesto de trabajo como antes de la enfermedad.<\/li>\n<li>El 27% afirma se los trata con m\u00e1s distanciamiento o detecta m\u00e1s dificultades para que hablen con \u00e9l o ella.<\/li>\n<li>El 40% opina que las peresones afectadas de c\u00e1ncer no tienen las mismas oportunidades de crecimiento laboral que el resto de personas trabajadoras.<\/li>\n<p>El <a href=\"https:\/\/www.juntscontraelcancer.cat\/wp-content\/uploads\/2022\/06\/1362_barometre_cancer_i_treball_a_catalunya_2022_final.pdf\" rel=\"noopener\" target=\"_blank\"><strong>1.\u00ba Bar\u00f3metro C\u00e1ncer y Trabajo en Catalu\u00f1a<\/strong><\/a> fue elaborado por GAPS para la FECEC, Junts contra el C\u00e0ncer con una encuesta a m\u00e1s de 1.000 personas trabajadoras.<\/p>\n","protected":false},"excerpt":{"rendered":"<p>El 1 de mayo se celebra en todo el mundo el D\u00eda Internacional del Trabajo, jornada de reivindicaciones sociales y laborales en favor de las clases trabajadoras. Las personas con c\u00e1ncer, adem\u00e1s de los problemas habituales de las personas trabajadoras, tienen otras dificultades a\u00f1adidas derivadas de la enfermedad, tanto a nivel f\u00edsico como psicosocial.<\/p>\n","protected":false},"author":1,"featured_media":25697,"comment_status":"closed","ping_status":"open","sticky":false,"template":"","format":"standard","meta":{"_acf_changed":false,"inline_featured_image":false,"footnotes":""},"categories":[84,3,86,68],"tags":[],"class_list":["post-25696","post","type-post","status-publish","format-standard","has-post-thumbnail","hentry","category-actualidad","category-actualitat","category-destacadas","category-destaquem"],"acf":[],"yoast_head":"<!-- This site is optimized with the Yoast SEO plugin v27.3 - https:\/\/yoast.com\/product\/yoast-seo-wordpress\/ -->\n<title>D\u00eda Internacional del Trabajo: las dificultades a\u00f1adidas de las personas con c\u00e1ncer en el entorno laboral - Junts contra el c\u00e0ncer - FECEC<\/title>\n<meta name=\"robots\" content=\"index, follow, max-snippet:-1, max-image-preview:large, max-video-preview:-1\" \/>\n<link rel=\"canonical\" href=\"https:\/\/juntscontraelcancer.cat\/es\/dia-internacional-del-trabajo-las-dificultades-anadidas-de-las-personas-con-cancer-en-el-entorno-laboral\/\" \/>\n<meta property=\"og:locale\" content=\"es_ES\" \/>\n<meta property=\"og:type\" content=\"article\" \/>\n<meta property=\"og:title\" content=\"D\u00eda Internacional del Trabajo: las dificultades a\u00f1adidas de las personas con c\u00e1ncer en el entorno laboral - Junts contra el c\u00e0ncer - FECEC\" \/>\n<meta property=\"og:description\" content=\"El 1 de mayo se celebra en todo el mundo el D\u00eda Internacional del Trabajo, jornada de reivindicaciones sociales y laborales en favor de las clases trabajadoras. Las personas con c\u00e1ncer, adem\u00e1s de los problemas habituales de las personas trabajadoras, tienen otras dificultades a\u00f1adidas derivadas de la enfermedad, tanto a nivel f\u00edsico como psicosocial.\" \/>\n<meta property=\"og:url\" content=\"https:\/\/juntscontraelcancer.cat\/es\/dia-internacional-del-trabajo-las-dificultades-anadidas-de-las-personas-con-cancer-en-el-entorno-laboral\/\" \/>\n<meta property=\"og:site_name\" content=\"Junts contra el c\u00e0ncer - FECEC\" \/>\n<meta property=\"article:publisher\" content=\"https:\/\/www.facebook.com\/fecec.federacio\/\" \/>\n<meta property=\"article:published_time\" content=\"2023-04-26T22:00:00+00:00\" \/>\n<meta property=\"article:modified_time\" content=\"2023-06-12T09:51:14+00:00\" \/>\n<meta property=\"og:image\" content=\"https:\/\/juntscontraelcancer.cat\/wp-content\/uploads\/2023\/06\/gente-negocios-sentado-escritorio-oficina-trabajando-proyecto-scaled.jpg\" \/>\n\t<meta property=\"og:image:width\" content=\"2560\" \/>\n\t<meta property=\"og:image:height\" content=\"1709\" \/>\n\t<meta property=\"og:image:type\" content=\"image\/jpeg\" \/>\n<meta name=\"author\" content=\"Pukkas\" \/>\n<meta name=\"twitter:card\" content=\"summary_large_image\" \/>\n<meta name=\"twitter:creator\" content=\"@FececFederacio\" \/>\n<meta name=\"twitter:site\" content=\"@FececFederacio\" \/>\n<meta name=\"twitter:label1\" content=\"Escrito por\" \/>\n\t<meta name=\"twitter:data1\" content=\"Pukkas\" \/>\n\t<meta name=\"twitter:label2\" content=\"Tiempo de lectura\" \/>\n\t<meta name=\"twitter:data2\" content=\"2 minutos\" \/>\n<script type=\"application\/ld+json\" class=\"yoast-schema-graph\">{\"@context\":\"https:\\\/\\\/schema.org\",\"@graph\":[{\"@type\":\"Article\",\"@id\":\"https:\\\/\\\/juntscontraelcancer.cat\\\/es\\\/dia-internacional-del-trabajo-las-dificultades-anadidas-de-las-personas-con-cancer-en-el-entorno-laboral\\\/#article\",\"isPartOf\":{\"@id\":\"https:\\\/\\\/juntscontraelcancer.cat\\\/es\\\/dia-internacional-del-trabajo-las-dificultades-anadidas-de-las-personas-con-cancer-en-el-entorno-laboral\\\/\"},\"author\":{\"name\":\"Pukkas\",\"@id\":\"https:\\\/\\\/juntscontraelcancer.cat\\\/es\\\/#\\\/schema\\\/person\\\/14c85cb9b3aeddea8f9087bea375813f\"},\"headline\":\"D\u00eda Internacional del Trabajo: las dificultades a\u00f1adidas de las personas con c\u00e1ncer en el entorno laboral\",\"datePublished\":\"2023-04-26T22:00:00+00:00\",\"dateModified\":\"2023-06-12T09:51:14+00:00\",\"mainEntityOfPage\":{\"@id\":\"https:\\\/\\\/juntscontraelcancer.cat\\\/es\\\/dia-internacional-del-trabajo-las-dificultades-anadidas-de-las-personas-con-cancer-en-el-entorno-laboral\\\/\"},\"wordCount\":324,\"publisher\":{\"@id\":\"https:\\\/\\\/juntscontraelcancer.cat\\\/es\\\/#organization\"},\"image\":{\"@id\":\"https:\\\/\\\/juntscontraelcancer.cat\\\/es\\\/dia-internacional-del-trabajo-las-dificultades-anadidas-de-las-personas-con-cancer-en-el-entorno-laboral\\\/#primaryimage\"},\"thumbnailUrl\":\"https:\\\/\\\/juntscontraelcancer.cat\\\/wp-content\\\/uploads\\\/2023\\\/06\\\/gente-negocios-sentado-escritorio-oficina-trabajando-proyecto-scaled.jpg\",\"articleSection\":[\"Actualidad\",\"Actualitat\",\"Destacadas\",\"Destacats\"],\"inLanguage\":\"es\"},{\"@type\":\"WebPage\",\"@id\":\"https:\\\/\\\/juntscontraelcancer.cat\\\/es\\\/dia-internacional-del-trabajo-las-dificultades-anadidas-de-las-personas-con-cancer-en-el-entorno-laboral\\\/\",\"url\":\"https:\\\/\\\/juntscontraelcancer.cat\\\/es\\\/dia-internacional-del-trabajo-las-dificultades-anadidas-de-las-personas-con-cancer-en-el-entorno-laboral\\\/\",\"name\":\"D\u00eda Internacional del Trabajo: las dificultades a\u00f1adidas de las personas con c\u00e1ncer en el entorno laboral - Junts contra el c\u00e0ncer - FECEC\",\"isPartOf\":{\"@id\":\"https:\\\/\\\/juntscontraelcancer.cat\\\/es\\\/#website\"},\"primaryImageOfPage\":{\"@id\":\"https:\\\/\\\/juntscontraelcancer.cat\\\/es\\\/dia-internacional-del-trabajo-las-dificultades-anadidas-de-las-personas-con-cancer-en-el-entorno-laboral\\\/#primaryimage\"},\"image\":{\"@id\":\"https:\\\/\\\/juntscontraelcancer.cat\\\/es\\\/dia-internacional-del-trabajo-las-dificultades-anadidas-de-las-personas-con-cancer-en-el-entorno-laboral\\\/#primaryimage\"},\"thumbnailUrl\":\"https:\\\/\\\/juntscontraelcancer.cat\\\/wp-content\\\/uploads\\\/2023\\\/06\\\/gente-negocios-sentado-escritorio-oficina-trabajando-proyecto-scaled.jpg\",\"datePublished\":\"2023-04-26T22:00:00+00:00\",\"dateModified\":\"2023-06-12T09:51:14+00:00\",\"breadcrumb\":{\"@id\":\"https:\\\/\\\/juntscontraelcancer.cat\\\/es\\\/dia-internacional-del-trabajo-las-dificultades-anadidas-de-las-personas-con-cancer-en-el-entorno-laboral\\\/#breadcrumb\"},\"inLanguage\":\"es\",\"potentialAction\":[{\"@type\":\"ReadAction\",\"target\":[\"https:\\\/\\\/juntscontraelcancer.cat\\\/es\\\/dia-internacional-del-trabajo-las-dificultades-anadidas-de-las-personas-con-cancer-en-el-entorno-laboral\\\/\"]}]},{\"@type\":\"ImageObject\",\"inLanguage\":\"es\",\"@id\":\"https:\\\/\\\/juntscontraelcancer.cat\\\/es\\\/dia-internacional-del-trabajo-las-dificultades-anadidas-de-las-personas-con-cancer-en-el-entorno-laboral\\\/#primaryimage\",\"url\":\"https:\\\/\\\/juntscontraelcancer.cat\\\/wp-content\\\/uploads\\\/2023\\\/06\\\/gente-negocios-sentado-escritorio-oficina-trabajando-proyecto-scaled.jpg\",\"contentUrl\":\"https:\\\/\\\/juntscontraelcancer.cat\\\/wp-content\\\/uploads\\\/2023\\\/06\\\/gente-negocios-sentado-escritorio-oficina-trabajando-proyecto-scaled.jpg\",\"width\":2560,\"height\":1709},{\"@type\":\"BreadcrumbList\",\"@id\":\"https:\\\/\\\/juntscontraelcancer.cat\\\/es\\\/dia-internacional-del-trabajo-las-dificultades-anadidas-de-las-personas-con-cancer-en-el-entorno-laboral\\\/#breadcrumb\",\"itemListElement\":[{\"@type\":\"ListItem\",\"position\":1,\"name\":\"Inicio\",\"item\":\"https:\\\/\\\/juntscontraelcancer.cat\\\/es\\\/\"},{\"@type\":\"ListItem\",\"position\":2,\"name\":\"D\u00eda Internacional del Trabajo: las dificultades a\u00f1adidas de las personas con c\u00e1ncer en el entorno laboral\"}]},{\"@type\":\"WebSite\",\"@id\":\"https:\\\/\\\/juntscontraelcancer.cat\\\/es\\\/#website\",\"url\":\"https:\\\/\\\/juntscontraelcancer.cat\\\/es\\\/\",\"name\":\"Junts contra el c\u00e0ncer - FECEC\",\"description\":\"\",\"publisher\":{\"@id\":\"https:\\\/\\\/juntscontraelcancer.cat\\\/es\\\/#organization\"},\"potentialAction\":[{\"@type\":\"SearchAction\",\"target\":{\"@type\":\"EntryPoint\",\"urlTemplate\":\"https:\\\/\\\/juntscontraelcancer.cat\\\/es\\\/?s={search_term_string}\"},\"query-input\":{\"@type\":\"PropertyValueSpecification\",\"valueRequired\":true,\"valueName\":\"search_term_string\"}}],\"inLanguage\":\"es\"},{\"@type\":\"Organization\",\"@id\":\"https:\\\/\\\/juntscontraelcancer.cat\\\/es\\\/#organization\",\"name\":\"Junts contra el c\u00e0ncer - FECEC\",\"url\":\"https:\\\/\\\/juntscontraelcancer.cat\\\/es\\\/\",\"logo\":{\"@type\":\"ImageObject\",\"inLanguage\":\"es\",\"@id\":\"https:\\\/\\\/juntscontraelcancer.cat\\\/es\\\/#\\\/schema\\\/logo\\\/image\\\/\",\"url\":\"https:\\\/\\\/juntscontraelcancer.cat\\\/wp-content\\\/uploads\\\/2023\\\/01\\\/logo-fecec-header.png\",\"contentUrl\":\"https:\\\/\\\/juntscontraelcancer.cat\\\/wp-content\\\/uploads\\\/2023\\\/01\\\/logo-fecec-header.png\",\"width\":126,\"height\":74,\"caption\":\"Junts contra el c\u00e0ncer - FECEC\"},\"image\":{\"@id\":\"https:\\\/\\\/juntscontraelcancer.cat\\\/es\\\/#\\\/schema\\\/logo\\\/image\\\/\"},\"sameAs\":[\"https:\\\/\\\/www.facebook.com\\\/fecec.federacio\\\/\",\"https:\\\/\\\/x.com\\\/FececFederacio\",\"https:\\\/\\\/www.instagram.com\\\/fececfederacio\\\/?hl=es\",\"https:\\\/\\\/www.youtube.com\\\/channel\\\/UCgAC_6c6hmHwMQhSCQyYBdA\"]},{\"@type\":\"Person\",\"@id\":\"https:\\\/\\\/juntscontraelcancer.cat\\\/es\\\/#\\\/schema\\\/person\\\/14c85cb9b3aeddea8f9087bea375813f\",\"name\":\"Pukkas\",\"image\":{\"@type\":\"ImageObject\",\"inLanguage\":\"es\",\"@id\":\"https:\\\/\\\/secure.gravatar.com\\\/avatar\\\/7433209641beafe57dbfd32b83f1c28fb7da2f23c98b47d02c7623ce350a0e9f?s=96&d=mm&r=g\",\"url\":\"https:\\\/\\\/secure.gravatar.com\\\/avatar\\\/7433209641beafe57dbfd32b83f1c28fb7da2f23c98b47d02c7623ce350a0e9f?s=96&d=mm&r=g\",\"contentUrl\":\"https:\\\/\\\/secure.gravatar.com\\\/avatar\\\/7433209641beafe57dbfd32b83f1c28fb7da2f23c98b47d02c7623ce350a0e9f?s=96&d=mm&r=g\",\"caption\":\"Pukkas\"},\"sameAs\":[\"https:\\\/\\\/juntscontraelcancer.cat\"]}]}<\/script>\n<!-- \/ Yoast SEO plugin. -->","yoast_head_json":{"title":"D\u00eda Internacional del Trabajo: las dificultades a\u00f1adidas de las personas con c\u00e1ncer en el entorno laboral - Junts contra el c\u00e0ncer - FECEC","robots":{"index":"index","follow":"follow","max-snippet":"max-snippet:-1","max-image-preview":"max-image-preview:large","max-video-preview":"max-video-preview:-1"},"canonical":"https:\/\/juntscontraelcancer.cat\/es\/dia-internacional-del-trabajo-las-dificultades-anadidas-de-las-personas-con-cancer-en-el-entorno-laboral\/","og_locale":"es_ES","og_type":"article","og_title":"D\u00eda Internacional del Trabajo: las dificultades a\u00f1adidas de las personas con c\u00e1ncer en el entorno laboral - Junts contra el c\u00e0ncer - FECEC","og_description":"El 1 de mayo se celebra en todo el mundo el D\u00eda Internacional del Trabajo, jornada de reivindicaciones sociales y laborales en favor de las clases trabajadoras. Las personas con c\u00e1ncer, adem\u00e1s de los problemas habituales de las personas trabajadoras, tienen otras dificultades a\u00f1adidas derivadas de la enfermedad, tanto a nivel f\u00edsico como psicosocial.","og_url":"https:\/\/juntscontraelcancer.cat\/es\/dia-internacional-del-trabajo-las-dificultades-anadidas-de-las-personas-con-cancer-en-el-entorno-laboral\/","og_site_name":"Junts contra el c\u00e0ncer - FECEC","article_publisher":"https:\/\/www.facebook.com\/fecec.federacio\/","article_published_time":"2023-04-26T22:00:00+00:00","article_modified_time":"2023-06-12T09:51:14+00:00","og_image":[{"width":2560,"height":1709,"url":"https:\/\/juntscontraelcancer.cat\/wp-content\/uploads\/2023\/06\/gente-negocios-sentado-escritorio-oficina-trabajando-proyecto-scaled.jpg","type":"image\/jpeg"}],"author":"Pukkas","twitter_card":"summary_large_image","twitter_creator":"@FececFederacio","twitter_site":"@FececFederacio","twitter_misc":{"Escrito por":"Pukkas","Tiempo de lectura":"2 minutos"},"schema":{"@context":"https:\/\/schema.org","@graph":[{"@type":"Article","@id":"https:\/\/juntscontraelcancer.cat\/es\/dia-internacional-del-trabajo-las-dificultades-anadidas-de-las-personas-con-cancer-en-el-entorno-laboral\/#article","isPartOf":{"@id":"https:\/\/juntscontraelcancer.cat\/es\/dia-internacional-del-trabajo-las-dificultades-anadidas-de-las-personas-con-cancer-en-el-entorno-laboral\/"},"author":{"name":"Pukkas","@id":"https:\/\/juntscontraelcancer.cat\/es\/#\/schema\/person\/14c85cb9b3aeddea8f9087bea375813f"},"headline":"D\u00eda Internacional del Trabajo: las dificultades a\u00f1adidas de las personas con c\u00e1ncer en el entorno laboral","datePublished":"2023-04-26T22:00:00+00:00","dateModified":"2023-06-12T09:51:14+00:00","mainEntityOfPage":{"@id":"https:\/\/juntscontraelcancer.cat\/es\/dia-internacional-del-trabajo-las-dificultades-anadidas-de-las-personas-con-cancer-en-el-entorno-laboral\/"},"wordCount":324,"publisher":{"@id":"https:\/\/juntscontraelcancer.cat\/es\/#organization"},"image":{"@id":"https:\/\/juntscontraelcancer.cat\/es\/dia-internacional-del-trabajo-las-dificultades-anadidas-de-las-personas-con-cancer-en-el-entorno-laboral\/#primaryimage"},"thumbnailUrl":"https:\/\/juntscontraelcancer.cat\/wp-content\/uploads\/2023\/06\/gente-negocios-sentado-escritorio-oficina-trabajando-proyecto-scaled.jpg","articleSection":["Actualidad","Actualitat","Destacadas","Destacats"],"inLanguage":"es"},{"@type":"WebPage","@id":"https:\/\/juntscontraelcancer.cat\/es\/dia-internacional-del-trabajo-las-dificultades-anadidas-de-las-personas-con-cancer-en-el-entorno-laboral\/","url":"https:\/\/juntscontraelcancer.cat\/es\/dia-internacional-del-trabajo-las-dificultades-anadidas-de-las-personas-con-cancer-en-el-entorno-laboral\/","name":"D\u00eda Internacional del Trabajo: las dificultades a\u00f1adidas de las personas con c\u00e1ncer en el entorno laboral - Junts contra el c\u00e0ncer - FECEC","isPartOf":{"@id":"https:\/\/juntscontraelcancer.cat\/es\/#website"},"primaryImageOfPage":{"@id":"https:\/\/juntscontraelcancer.cat\/es\/dia-internacional-del-trabajo-las-dificultades-anadidas-de-las-personas-con-cancer-en-el-entorno-laboral\/#primaryimage"},"image":{"@id":"https:\/\/juntscontraelcancer.cat\/es\/dia-internacional-del-trabajo-las-dificultades-anadidas-de-las-personas-con-cancer-en-el-entorno-laboral\/#primaryimage"},"thumbnailUrl":"https:\/\/juntscontraelcancer.cat\/wp-content\/uploads\/2023\/06\/gente-negocios-sentado-escritorio-oficina-trabajando-proyecto-scaled.jpg","datePublished":"2023-04-26T22:00:00+00:00","dateModified":"2023-06-12T09:51:14+00:00","breadcrumb":{"@id":"https:\/\/juntscontraelcancer.cat\/es\/dia-internacional-del-trabajo-las-dificultades-anadidas-de-las-personas-con-cancer-en-el-entorno-laboral\/#breadcrumb"},"inLanguage":"es","potentialAction":[{"@type":"ReadAction","target":["https:\/\/juntscontraelcancer.cat\/es\/dia-internacional-del-trabajo-las-dificultades-anadidas-de-las-personas-con-cancer-en-el-entorno-laboral\/"]}]},{"@type":"ImageObject","inLanguage":"es","@id":"https:\/\/juntscontraelcancer.cat\/es\/dia-internacional-del-trabajo-las-dificultades-anadidas-de-las-personas-con-cancer-en-el-entorno-laboral\/#primaryimage","url":"https:\/\/juntscontraelcancer.cat\/wp-content\/uploads\/2023\/06\/gente-negocios-sentado-escritorio-oficina-trabajando-proyecto-scaled.jpg","contentUrl":"https:\/\/juntscontraelcancer.cat\/wp-content\/uploads\/2023\/06\/gente-negocios-sentado-escritorio-oficina-trabajando-proyecto-scaled.jpg","width":2560,"height":1709},{"@type":"BreadcrumbList","@id":"https:\/\/juntscontraelcancer.cat\/es\/dia-internacional-del-trabajo-las-dificultades-anadidas-de-las-personas-con-cancer-en-el-entorno-laboral\/#breadcrumb","itemListElement":[{"@type":"ListItem","position":1,"name":"Inicio","item":"https:\/\/juntscontraelcancer.cat\/es\/"},{"@type":"ListItem","position":2,"name":"D\u00eda Internacional del Trabajo: las dificultades a\u00f1adidas de las personas con c\u00e1ncer en el entorno laboral"}]},{"@type":"WebSite","@id":"https:\/\/juntscontraelcancer.cat\/es\/#website","url":"https:\/\/juntscontraelcancer.cat\/es\/","name":"Junts contra el c\u00e0ncer - FECEC","description":"","publisher":{"@id":"https:\/\/juntscontraelcancer.cat\/es\/#organization"},"potentialAction":[{"@type":"SearchAction","target":{"@type":"EntryPoint","urlTemplate":"https:\/\/juntscontraelcancer.cat\/es\/?s={search_term_string}"},"query-input":{"@type":"PropertyValueSpecification","valueRequired":true,"valueName":"search_term_string"}}],"inLanguage":"es"},{"@type":"Organization","@id":"https:\/\/juntscontraelcancer.cat\/es\/#organization","name":"Junts contra el c\u00e0ncer - FECEC","url":"https:\/\/juntscontraelcancer.cat\/es\/","logo":{"@type":"ImageObject","inLanguage":"es","@id":"https:\/\/juntscontraelcancer.cat\/es\/#\/schema\/logo\/image\/","url":"https:\/\/juntscontraelcancer.cat\/wp-content\/uploads\/2023\/01\/logo-fecec-header.png","contentUrl":"https:\/\/juntscontraelcancer.cat\/wp-content\/uploads\/2023\/01\/logo-fecec-header.png","width":126,"height":74,"caption":"Junts contra el c\u00e0ncer - FECEC"},"image":{"@id":"https:\/\/juntscontraelcancer.cat\/es\/#\/schema\/logo\/image\/"},"sameAs":["https:\/\/www.facebook.com\/fecec.federacio\/","https:\/\/x.com\/FececFederacio","https:\/\/www.instagram.com\/fececfederacio\/?hl=es","https:\/\/www.youtube.com\/channel\/UCgAC_6c6hmHwMQhSCQyYBdA"]},{"@type":"Person","@id":"https:\/\/juntscontraelcancer.cat\/es\/#\/schema\/person\/14c85cb9b3aeddea8f9087bea375813f","name":"Pukkas","image":{"@type":"ImageObject","inLanguage":"es","@id":"https:\/\/secure.gravatar.com\/avatar\/7433209641beafe57dbfd32b83f1c28fb7da2f23c98b47d02c7623ce350a0e9f?s=96&d=mm&r=g","url":"https:\/\/secure.gravatar.com\/avatar\/7433209641beafe57dbfd32b83f1c28fb7da2f23c98b47d02c7623ce350a0e9f?s=96&d=mm&r=g","contentUrl":"https:\/\/secure.gravatar.com\/avatar\/7433209641beafe57dbfd32b83f1c28fb7da2f23c98b47d02c7623ce350a0e9f?s=96&d=mm&r=g","caption":"Pukkas"},"sameAs":["https:\/\/juntscontraelcancer.cat"]}]}},"_links":{"self":[{"href":"https:\/\/juntscontraelcancer.cat\/es\/wp-json\/wp\/v2\/posts\/25696","targetHints":{"allow":["GET"]}}],"collection":[{"href":"https:\/\/juntscontraelcancer.cat\/es\/wp-json\/wp\/v2\/posts"}],"about":[{"href":"https:\/\/juntscontraelcancer.cat\/es\/wp-json\/wp\/v2\/types\/post"}],"author":[{"embeddable":true,"href":"https:\/\/juntscontraelcancer.cat\/es\/wp-json\/wp\/v2\/users\/1"}],"replies":[{"embeddable":true,"href":"https:\/\/juntscontraelcancer.cat\/es\/wp-json\/wp\/v2\/comments?post=25696"}],"version-history":[{"count":1,"href":"https:\/\/juntscontraelcancer.cat\/es\/wp-json\/wp\/v2\/posts\/25696\/revisions"}],"predecessor-version":[{"id":25698,"href":"https:\/\/juntscontraelcancer.cat\/es\/wp-json\/wp\/v2\/posts\/25696\/revisions\/25698"}],"wp:featuredmedia":[{"embeddable":true,"href":"https:\/\/juntscontraelcancer.cat\/es\/wp-json\/wp\/v2\/media\/25697"}],"wp:attachment":[{"href":"https:\/\/juntscontraelcancer.cat\/es\/wp-json\/wp\/v2\/media?parent=25696"}],"wp:term":[{"taxonomy":"category","embeddable":true,"href":"https:\/\/juntscontraelcancer.cat\/es\/wp-json\/wp\/v2\/categories?post=25696"},{"taxonomy":"post_tag","embeddable":true,"href":"https:\/\/juntscontraelcancer.cat\/es\/wp-json\/wp\/v2\/tags?post=25696"}],"curies":[{"name":"wp","href":"https:\/\/api.w.org\/{rel}","templated":true}]}}