{"id":25692,"date":"2023-05-04T00:00:00","date_gmt":"2023-05-03T22:00:00","guid":{"rendered":"https:\/\/junts.enproceso.es\/20-de-mayo-xix-encuentro-de-voluntariado-en-lambito-oncologico\/"},"modified":"2023-06-12T13:59:47","modified_gmt":"2023-06-12T11:59:47","slug":"20-de-mayo-xix-encuentro-de-voluntariado-en-lambito-oncologico","status":"publish","type":"post","link":"https:\/\/juntscontraelcancer.cat\/es\/20-de-mayo-xix-encuentro-de-voluntariado-en-lambito-oncologico\/","title":{"rendered":"20 de mayo: XIX Encuentro de voluntariado en l&#8217;\u00e1mbito oncol\u00f3gico"},"content":{"rendered":"\n<p><strong>El voluntariado de las entidades de la FECEC, Junts contra el C\u00e0ncer tienen una cita el pr\u00f3ximo 20 de mayo en el XIX Encuentro de voluntariado en el \u00e1mbito oncol\u00f3gico, un espacio para fortalecer el nexo de uni\u00f3n del voluntariado oncol\u00f3gico y reconocer su valiosa tarea solidaria. <\/strong><\/p>\n<p>El encuentro este a\u00f1o lleva por t\u00edtulo <strong>\u00abJuntos, hacemos pi\u00f1a\u00bb<\/strong>, lema que insiste y refuerza la importancia de la persona voluntaria como una pieza esencial dentro de las entidades y para la mejora de la calidad de vida de las personas con c\u00e1ncer y sus familias. La jornada se celebrar\u00e1 en el <a href=\"https:\/\/www.upf.edu\/web\/campus\/campus-ciutadella\" rel=\"noopener\" target=\"_blank\">Campus de la Ciutadella de la Universitat Pompeu Fabra de Barcelona<\/a> (calle de Ramon Trias Fargas 25-27 Barcelona) a partir de las 10h.<\/p>\n<p><strong><a href=\"https:\/\/forms.office.com\/pages\/designpagev2.aspx?auth_pvr=OrgId&#038;auth_upn=comunicacio%40juntscontraelcancer.cat&#038;lang=ca-ES&#038;origin=OfficeDotCom&#038;route=Start&#038;sessionid=d415e440-b63e-4ee4-8349-fb89e2d8207f&#038;subpage=design&#038;id=CUfkEHkk90q512Z8xQtwPIDieiNYEVxFpfDDUpTNbMRUNFNCVjRNNTZJWUNBMkNMSVJRV0RMNzJVWCQlQCN0PWcu&#038;topview=Preview\" rel=\"noopener\" target=\"_blank\">INSCRIPCIONS AQU\u00cd<\/a><\/a><\/strong><\/p>\n<p><img loading=\"lazy\" decoding=\"async\" src=\"https:\/\/juntscontraelcancer.cat\/wp-content\/uploads\/2023\/06\/Banner-Trobada-Patrocinadors-3-scaled.jpg\" alt=\"Banner-Trobada-Patrocinadors\" width=\"6912\" height=\"3456\" class=\"alignnone size-full wp-image-40174\" \/><\/p>\n<p><strong>PROGRAMA XIX ENCUENTRO<\/strong><\/p>\n<ul>\n<li><strong>9:30h APERTURA DE PUERTAS<\/strong><\/li>\n<li><strong>10h BIENVENIDA. <\/strong>Intervenciones: <strong>Maria Assumpci\u00f3 Vil\u00e0<\/strong>, presidenta de la FECEC; <strong>Sra. Carme Bertral<\/strong>, secretaria de Atenci\u00f3n Sanitaria y Participaci\u00f3n del Departament de Salut de la Generalitat de Catalunya; y <strong> Hble. Sr. Carles Campuzano<\/strong>, conseller del Departament de Drets Socials de la Generalitat de Catalunya.<\/li>\n<li><strong>10:20h CHARLA INAUGURAL:<\/strong> <em>El servicio como fuente de plenitud<\/em>, a cargo de <strong>Xavier Guix<\/strong>, psic\u00f3logo y escritor.<\/li>\n<li><strong>11:20h PAUSA-CAF\u00c9<\/strong><\/li>\n<li><strong>12:00h-13:15h TALLERES.<\/strong><br \/>\n<strong>Taller 1 (sala 40.S01): <\/strong><em>Vibrar.t, el movimiento y la cohesi\u00f3n.<\/em> <strong>Laia Ros\u00e9s<\/strong>, psic\u00f3loga especializada en psicodanza.<br \/>\n<strong>Taller 2 (sala 40.S03): <\/strong><em>Juntos llegaremos m\u00e1s lejos.<\/em> <strong>Jessica Koper<\/strong>, orientadora y formadora.<br \/>\n<strong>Taller 3 (Auditorio):<\/strong><em>Hagamos Pi\u00f1a.<\/em> <strong>Joan Ibarra<\/strong>, Colla Vella dels Xiquets de Valls.<\/li>\n<li><strong>13:15h-13:45h CLAUSURA<\/strong><\/li>\n<li><strong>14:30h COMIDA.<\/strong> Chicken Bar. C. de la Marina, 16, local 10 Barcelona.<\/li>\n<\/ul>\n<p><strong>PRECIO:<\/strong> Voluntarios de entidades federadas a la FECEC 18 \u20ac\/ Voluntarios de entidades no federadas a la FECEC 25\u20ac<\/p>\n<p>Fecha l\u00edmite de inscripci\u00f3n: 12 de mayo.<\/p>\n<p><strong><a href=\"https:\/\/forms.office.com\/pages\/designpagev2.aspx?auth_pvr=OrgId&#038;auth_upn=comunicacio%40juntscontraelcancer.cat&#038;lang=ca-ES&#038;origin=OfficeDotCom&#038;route=Start&#038;sessionid=d415e440-b63e-4ee4-8349-fb89e2d8207f&#038;subpage=design&#038;id=CUfkEHkk90q512Z8xQtwPIDieiNYEVxFpfDDUpTNbMRUNFNCVjRNNTZJWUNBMkNMSVJRV0RMNzJVWCQlQCN0PWcu&#038;topview=Preview\" rel=\"noopener\" target=\"_blank\">S\u00cd, ME QUIERO INSCRIBIR<\/a> <\/a><\/strong><\/a><br \/> *En el momento de la inscripci\u00f3n escoge uno de los tres talleres (plazas limitadas). <\/p>\n<p>El encuentro tiene el apoyo de los <a href=\"https:\/\/salutweb.gencat.cat\/ca\/inici\" rel=\"noopener\" target=\"_blank\"><strong>Departaments de Salut<\/strong><\/a> i <a href=\"https:\/\/dretssocials.gencat.cat\/ca\/inici\" rel=\"noopener\" target=\"_blank\"><strong>Drets Socials<\/strong><\/a> de la Generalitat de Catalunya, la <a href=\"https:\/\/www.diba.cat\/\" rel=\"noopener\" target=\"_blank\"><strong>Diputaci\u00f3 Barcelona<\/strong><\/a>, l&#8217;<strong><a href=\"https:\/\/www.barcelona.cat\/ca\/\" rel=\"noopener\" target=\"_blank\">Ajuntament Barcelona<\/a><\/strong> y <a href=\"https:\/\/www.janssen.com\/\" rel=\"noopener\" target=\"_blank\"><strong>Janssen<\/strong><\/a>.<\/p>\n\n","protected":false},"excerpt":{"rendered":"<p>El voluntariado de las entidades de la FECEC, Junts contra el C\u00e0ncer tienen una cita el pr\u00f3ximo 20 de mayo en el XIX Encuentro de voluntariado en el \u00e1mbito oncol\u00f3gico, un espacio para fortalecer el nexo de uni\u00f3n del voluntariado oncol\u00f3gico y reconocer su valiosa tarea solidaria.<\/p>\n","protected":false},"author":1,"featured_media":26086,"comment_status":"closed","ping_status":"open","sticky":false,"template":"","format":"standard","meta":{"_acf_changed":false,"inline_featured_image":false,"footnotes":""},"categories":[84,3,86,68],"tags":[],"class_list":["post-25692","post","type-post","status-publish","format-standard","has-post-thumbnail","hentry","category-actualidad","category-actualitat","category-destacadas","category-destaquem"],"acf":[],"yoast_head":"<!-- This site is optimized with the Yoast SEO plugin v27.3 - https:\/\/yoast.com\/product\/yoast-seo-wordpress\/ -->\n<title>20 de mayo: XIX Encuentro de voluntariado en l&#039;\u00e1mbito oncol\u00f3gico - Junts contra el c\u00e0ncer - FECEC<\/title>\n<meta name=\"robots\" content=\"index, follow, max-snippet:-1, max-image-preview:large, max-video-preview:-1\" \/>\n<link rel=\"canonical\" href=\"https:\/\/juntscontraelcancer.cat\/es\/20-de-mayo-xix-encuentro-de-voluntariado-en-lambito-oncologico\/\" \/>\n<meta property=\"og:locale\" content=\"es_ES\" \/>\n<meta property=\"og:type\" content=\"article\" \/>\n<meta property=\"og:title\" content=\"20 de mayo: XIX Encuentro de voluntariado en l&#039;\u00e1mbito oncol\u00f3gico - Junts contra el c\u00e0ncer - FECEC\" \/>\n<meta property=\"og:description\" content=\"El voluntariado de las entidades de la FECEC, Junts contra el C\u00e0ncer tienen una cita el pr\u00f3ximo 20 de mayo en el XIX Encuentro de voluntariado en el \u00e1mbito oncol\u00f3gico, un espacio para fortalecer el nexo de uni\u00f3n del voluntariado oncol\u00f3gico y reconocer su valiosa tarea solidaria.\" \/>\n<meta property=\"og:url\" content=\"https:\/\/juntscontraelcancer.cat\/es\/20-de-mayo-xix-encuentro-de-voluntariado-en-lambito-oncologico\/\" \/>\n<meta property=\"og:site_name\" content=\"Junts contra el c\u00e0ncer - FECEC\" \/>\n<meta property=\"article:publisher\" content=\"https:\/\/www.facebook.com\/fecec.federacio\/\" \/>\n<meta property=\"article:published_time\" content=\"2023-05-03T22:00:00+00:00\" \/>\n<meta property=\"article:modified_time\" content=\"2023-06-12T11:59:47+00:00\" \/>\n<meta property=\"og:image\" content=\"https:\/\/juntscontraelcancer.cat\/wp-content\/uploads\/2023\/05\/Copia-de-20-DE-MAIG-443-\u00d7-335-px.png\" \/>\n\t<meta property=\"og:image:width\" content=\"443\" \/>\n\t<meta property=\"og:image:height\" content=\"335\" \/>\n\t<meta property=\"og:image:type\" content=\"image\/png\" \/>\n<meta name=\"author\" content=\"Pukkas\" \/>\n<meta name=\"twitter:card\" content=\"summary_large_image\" \/>\n<meta name=\"twitter:creator\" content=\"@FececFederacio\" \/>\n<meta name=\"twitter:site\" content=\"@FececFederacio\" \/>\n<meta name=\"twitter:label1\" content=\"Escrito por\" \/>\n\t<meta name=\"twitter:data1\" content=\"Pukkas\" \/>\n\t<meta name=\"twitter:label2\" content=\"Tiempo de lectura\" \/>\n\t<meta name=\"twitter:data2\" content=\"2 minutos\" \/>\n<script type=\"application\/ld+json\" class=\"yoast-schema-graph\">{\"@context\":\"https:\\\/\\\/schema.org\",\"@graph\":[{\"@type\":\"Article\",\"@id\":\"https:\\\/\\\/juntscontraelcancer.cat\\\/es\\\/20-de-mayo-xix-encuentro-de-voluntariado-en-lambito-oncologico\\\/#article\",\"isPartOf\":{\"@id\":\"https:\\\/\\\/juntscontraelcancer.cat\\\/es\\\/20-de-mayo-xix-encuentro-de-voluntariado-en-lambito-oncologico\\\/\"},\"author\":{\"name\":\"Pukkas\",\"@id\":\"https:\\\/\\\/juntscontraelcancer.cat\\\/es\\\/#\\\/schema\\\/person\\\/14c85cb9b3aeddea8f9087bea375813f\"},\"headline\":\"20 de mayo: XIX Encuentro de voluntariado en l&#8217;\u00e1mbito oncol\u00f3gico\",\"datePublished\":\"2023-05-03T22:00:00+00:00\",\"dateModified\":\"2023-06-12T11:59:47+00:00\",\"mainEntityOfPage\":{\"@id\":\"https:\\\/\\\/juntscontraelcancer.cat\\\/es\\\/20-de-mayo-xix-encuentro-de-voluntariado-en-lambito-oncologico\\\/\"},\"wordCount\":346,\"publisher\":{\"@id\":\"https:\\\/\\\/juntscontraelcancer.cat\\\/es\\\/#organization\"},\"image\":{\"@id\":\"https:\\\/\\\/juntscontraelcancer.cat\\\/es\\\/20-de-mayo-xix-encuentro-de-voluntariado-en-lambito-oncologico\\\/#primaryimage\"},\"thumbnailUrl\":\"https:\\\/\\\/juntscontraelcancer.cat\\\/wp-content\\\/uploads\\\/2023\\\/05\\\/Copia-de-20-DE-MAIG-443-\u00d7-335-px.png\",\"articleSection\":[\"Actualidad\",\"Actualitat\",\"Destacadas\",\"Destacats\"],\"inLanguage\":\"es\"},{\"@type\":\"WebPage\",\"@id\":\"https:\\\/\\\/juntscontraelcancer.cat\\\/es\\\/20-de-mayo-xix-encuentro-de-voluntariado-en-lambito-oncologico\\\/\",\"url\":\"https:\\\/\\\/juntscontraelcancer.cat\\\/es\\\/20-de-mayo-xix-encuentro-de-voluntariado-en-lambito-oncologico\\\/\",\"name\":\"20 de mayo: XIX Encuentro de voluntariado en l'\u00e1mbito oncol\u00f3gico - Junts contra el c\u00e0ncer - FECEC\",\"isPartOf\":{\"@id\":\"https:\\\/\\\/juntscontraelcancer.cat\\\/es\\\/#website\"},\"primaryImageOfPage\":{\"@id\":\"https:\\\/\\\/juntscontraelcancer.cat\\\/es\\\/20-de-mayo-xix-encuentro-de-voluntariado-en-lambito-oncologico\\\/#primaryimage\"},\"image\":{\"@id\":\"https:\\\/\\\/juntscontraelcancer.cat\\\/es\\\/20-de-mayo-xix-encuentro-de-voluntariado-en-lambito-oncologico\\\/#primaryimage\"},\"thumbnailUrl\":\"https:\\\/\\\/juntscontraelcancer.cat\\\/wp-content\\\/uploads\\\/2023\\\/05\\\/Copia-de-20-DE-MAIG-443-\u00d7-335-px.png\",\"datePublished\":\"2023-05-03T22:00:00+00:00\",\"dateModified\":\"2023-06-12T11:59:47+00:00\",\"breadcrumb\":{\"@id\":\"https:\\\/\\\/juntscontraelcancer.cat\\\/es\\\/20-de-mayo-xix-encuentro-de-voluntariado-en-lambito-oncologico\\\/#breadcrumb\"},\"inLanguage\":\"es\",\"potentialAction\":[{\"@type\":\"ReadAction\",\"target\":[\"https:\\\/\\\/juntscontraelcancer.cat\\\/es\\\/20-de-mayo-xix-encuentro-de-voluntariado-en-lambito-oncologico\\\/\"]}]},{\"@type\":\"ImageObject\",\"inLanguage\":\"es\",\"@id\":\"https:\\\/\\\/juntscontraelcancer.cat\\\/es\\\/20-de-mayo-xix-encuentro-de-voluntariado-en-lambito-oncologico\\\/#primaryimage\",\"url\":\"https:\\\/\\\/juntscontraelcancer.cat\\\/wp-content\\\/uploads\\\/2023\\\/05\\\/Copia-de-20-DE-MAIG-443-\u00d7-335-px.png\",\"contentUrl\":\"https:\\\/\\\/juntscontraelcancer.cat\\\/wp-content\\\/uploads\\\/2023\\\/05\\\/Copia-de-20-DE-MAIG-443-\u00d7-335-px.png\",\"width\":443,\"height\":335},{\"@type\":\"BreadcrumbList\",\"@id\":\"https:\\\/\\\/juntscontraelcancer.cat\\\/es\\\/20-de-mayo-xix-encuentro-de-voluntariado-en-lambito-oncologico\\\/#breadcrumb\",\"itemListElement\":[{\"@type\":\"ListItem\",\"position\":1,\"name\":\"Inicio\",\"item\":\"https:\\\/\\\/juntscontraelcancer.cat\\\/es\\\/\"},{\"@type\":\"ListItem\",\"position\":2,\"name\":\"20 de mayo: XIX Encuentro de voluntariado en l&#8217;\u00e1mbito oncol\u00f3gico\"}]},{\"@type\":\"WebSite\",\"@id\":\"https:\\\/\\\/juntscontraelcancer.cat\\\/es\\\/#website\",\"url\":\"https:\\\/\\\/juntscontraelcancer.cat\\\/es\\\/\",\"name\":\"Junts contra el c\u00e0ncer - FECEC\",\"description\":\"\",\"publisher\":{\"@id\":\"https:\\\/\\\/juntscontraelcancer.cat\\\/es\\\/#organization\"},\"potentialAction\":[{\"@type\":\"SearchAction\",\"target\":{\"@type\":\"EntryPoint\",\"urlTemplate\":\"https:\\\/\\\/juntscontraelcancer.cat\\\/es\\\/?s={search_term_string}\"},\"query-input\":{\"@type\":\"PropertyValueSpecification\",\"valueRequired\":true,\"valueName\":\"search_term_string\"}}],\"inLanguage\":\"es\"},{\"@type\":\"Organization\",\"@id\":\"https:\\\/\\\/juntscontraelcancer.cat\\\/es\\\/#organization\",\"name\":\"Junts contra el c\u00e0ncer - FECEC\",\"url\":\"https:\\\/\\\/juntscontraelcancer.cat\\\/es\\\/\",\"logo\":{\"@type\":\"ImageObject\",\"inLanguage\":\"es\",\"@id\":\"https:\\\/\\\/juntscontraelcancer.cat\\\/es\\\/#\\\/schema\\\/logo\\\/image\\\/\",\"url\":\"https:\\\/\\\/juntscontraelcancer.cat\\\/wp-content\\\/uploads\\\/2023\\\/01\\\/logo-fecec-header.png\",\"contentUrl\":\"https:\\\/\\\/juntscontraelcancer.cat\\\/wp-content\\\/uploads\\\/2023\\\/01\\\/logo-fecec-header.png\",\"width\":126,\"height\":74,\"caption\":\"Junts contra el c\u00e0ncer - FECEC\"},\"image\":{\"@id\":\"https:\\\/\\\/juntscontraelcancer.cat\\\/es\\\/#\\\/schema\\\/logo\\\/image\\\/\"},\"sameAs\":[\"https:\\\/\\\/www.facebook.com\\\/fecec.federacio\\\/\",\"https:\\\/\\\/x.com\\\/FececFederacio\",\"https:\\\/\\\/www.instagram.com\\\/fececfederacio\\\/?hl=es\",\"https:\\\/\\\/www.youtube.com\\\/channel\\\/UCgAC_6c6hmHwMQhSCQyYBdA\"]},{\"@type\":\"Person\",\"@id\":\"https:\\\/\\\/juntscontraelcancer.cat\\\/es\\\/#\\\/schema\\\/person\\\/14c85cb9b3aeddea8f9087bea375813f\",\"name\":\"Pukkas\",\"image\":{\"@type\":\"ImageObject\",\"inLanguage\":\"es\",\"@id\":\"https:\\\/\\\/secure.gravatar.com\\\/avatar\\\/7433209641beafe57dbfd32b83f1c28fb7da2f23c98b47d02c7623ce350a0e9f?s=96&d=mm&r=g\",\"url\":\"https:\\\/\\\/secure.gravatar.com\\\/avatar\\\/7433209641beafe57dbfd32b83f1c28fb7da2f23c98b47d02c7623ce350a0e9f?s=96&d=mm&r=g\",\"contentUrl\":\"https:\\\/\\\/secure.gravatar.com\\\/avatar\\\/7433209641beafe57dbfd32b83f1c28fb7da2f23c98b47d02c7623ce350a0e9f?s=96&d=mm&r=g\",\"caption\":\"Pukkas\"},\"sameAs\":[\"https:\\\/\\\/juntscontraelcancer.cat\"]}]}<\/script>\n<!-- \/ Yoast SEO plugin. -->","yoast_head_json":{"title":"20 de mayo: XIX Encuentro de voluntariado en l'\u00e1mbito oncol\u00f3gico - Junts contra el c\u00e0ncer - FECEC","robots":{"index":"index","follow":"follow","max-snippet":"max-snippet:-1","max-image-preview":"max-image-preview:large","max-video-preview":"max-video-preview:-1"},"canonical":"https:\/\/juntscontraelcancer.cat\/es\/20-de-mayo-xix-encuentro-de-voluntariado-en-lambito-oncologico\/","og_locale":"es_ES","og_type":"article","og_title":"20 de mayo: XIX Encuentro de voluntariado en l'\u00e1mbito oncol\u00f3gico - Junts contra el c\u00e0ncer - FECEC","og_description":"El voluntariado de las entidades de la FECEC, Junts contra el C\u00e0ncer tienen una cita el pr\u00f3ximo 20 de mayo en el XIX Encuentro de voluntariado en el \u00e1mbito oncol\u00f3gico, un espacio para fortalecer el nexo de uni\u00f3n del voluntariado oncol\u00f3gico y reconocer su valiosa tarea solidaria.","og_url":"https:\/\/juntscontraelcancer.cat\/es\/20-de-mayo-xix-encuentro-de-voluntariado-en-lambito-oncologico\/","og_site_name":"Junts contra el c\u00e0ncer - FECEC","article_publisher":"https:\/\/www.facebook.com\/fecec.federacio\/","article_published_time":"2023-05-03T22:00:00+00:00","article_modified_time":"2023-06-12T11:59:47+00:00","og_image":[{"width":443,"height":335,"url":"https:\/\/juntscontraelcancer.cat\/wp-content\/uploads\/2023\/05\/Copia-de-20-DE-MAIG-443-\u00d7-335-px.png","type":"image\/png"}],"author":"Pukkas","twitter_card":"summary_large_image","twitter_creator":"@FececFederacio","twitter_site":"@FececFederacio","twitter_misc":{"Escrito por":"Pukkas","Tiempo de lectura":"2 minutos"},"schema":{"@context":"https:\/\/schema.org","@graph":[{"@type":"Article","@id":"https:\/\/juntscontraelcancer.cat\/es\/20-de-mayo-xix-encuentro-de-voluntariado-en-lambito-oncologico\/#article","isPartOf":{"@id":"https:\/\/juntscontraelcancer.cat\/es\/20-de-mayo-xix-encuentro-de-voluntariado-en-lambito-oncologico\/"},"author":{"name":"Pukkas","@id":"https:\/\/juntscontraelcancer.cat\/es\/#\/schema\/person\/14c85cb9b3aeddea8f9087bea375813f"},"headline":"20 de mayo: XIX Encuentro de voluntariado en l&#8217;\u00e1mbito oncol\u00f3gico","datePublished":"2023-05-03T22:00:00+00:00","dateModified":"2023-06-12T11:59:47+00:00","mainEntityOfPage":{"@id":"https:\/\/juntscontraelcancer.cat\/es\/20-de-mayo-xix-encuentro-de-voluntariado-en-lambito-oncologico\/"},"wordCount":346,"publisher":{"@id":"https:\/\/juntscontraelcancer.cat\/es\/#organization"},"image":{"@id":"https:\/\/juntscontraelcancer.cat\/es\/20-de-mayo-xix-encuentro-de-voluntariado-en-lambito-oncologico\/#primaryimage"},"thumbnailUrl":"https:\/\/juntscontraelcancer.cat\/wp-content\/uploads\/2023\/05\/Copia-de-20-DE-MAIG-443-\u00d7-335-px.png","articleSection":["Actualidad","Actualitat","Destacadas","Destacats"],"inLanguage":"es"},{"@type":"WebPage","@id":"https:\/\/juntscontraelcancer.cat\/es\/20-de-mayo-xix-encuentro-de-voluntariado-en-lambito-oncologico\/","url":"https:\/\/juntscontraelcancer.cat\/es\/20-de-mayo-xix-encuentro-de-voluntariado-en-lambito-oncologico\/","name":"20 de mayo: XIX Encuentro de voluntariado en l'\u00e1mbito oncol\u00f3gico - Junts contra el c\u00e0ncer - FECEC","isPartOf":{"@id":"https:\/\/juntscontraelcancer.cat\/es\/#website"},"primaryImageOfPage":{"@id":"https:\/\/juntscontraelcancer.cat\/es\/20-de-mayo-xix-encuentro-de-voluntariado-en-lambito-oncologico\/#primaryimage"},"image":{"@id":"https:\/\/juntscontraelcancer.cat\/es\/20-de-mayo-xix-encuentro-de-voluntariado-en-lambito-oncologico\/#primaryimage"},"thumbnailUrl":"https:\/\/juntscontraelcancer.cat\/wp-content\/uploads\/2023\/05\/Copia-de-20-DE-MAIG-443-\u00d7-335-px.png","datePublished":"2023-05-03T22:00:00+00:00","dateModified":"2023-06-12T11:59:47+00:00","breadcrumb":{"@id":"https:\/\/juntscontraelcancer.cat\/es\/20-de-mayo-xix-encuentro-de-voluntariado-en-lambito-oncologico\/#breadcrumb"},"inLanguage":"es","potentialAction":[{"@type":"ReadAction","target":["https:\/\/juntscontraelcancer.cat\/es\/20-de-mayo-xix-encuentro-de-voluntariado-en-lambito-oncologico\/"]}]},{"@type":"ImageObject","inLanguage":"es","@id":"https:\/\/juntscontraelcancer.cat\/es\/20-de-mayo-xix-encuentro-de-voluntariado-en-lambito-oncologico\/#primaryimage","url":"https:\/\/juntscontraelcancer.cat\/wp-content\/uploads\/2023\/05\/Copia-de-20-DE-MAIG-443-\u00d7-335-px.png","contentUrl":"https:\/\/juntscontraelcancer.cat\/wp-content\/uploads\/2023\/05\/Copia-de-20-DE-MAIG-443-\u00d7-335-px.png","width":443,"height":335},{"@type":"BreadcrumbList","@id":"https:\/\/juntscontraelcancer.cat\/es\/20-de-mayo-xix-encuentro-de-voluntariado-en-lambito-oncologico\/#breadcrumb","itemListElement":[{"@type":"ListItem","position":1,"name":"Inicio","item":"https:\/\/juntscontraelcancer.cat\/es\/"},{"@type":"ListItem","position":2,"name":"20 de mayo: XIX Encuentro de voluntariado en l&#8217;\u00e1mbito oncol\u00f3gico"}]},{"@type":"WebSite","@id":"https:\/\/juntscontraelcancer.cat\/es\/#website","url":"https:\/\/juntscontraelcancer.cat\/es\/","name":"Junts contra el c\u00e0ncer - FECEC","description":"","publisher":{"@id":"https:\/\/juntscontraelcancer.cat\/es\/#organization"},"potentialAction":[{"@type":"SearchAction","target":{"@type":"EntryPoint","urlTemplate":"https:\/\/juntscontraelcancer.cat\/es\/?s={search_term_string}"},"query-input":{"@type":"PropertyValueSpecification","valueRequired":true,"valueName":"search_term_string"}}],"inLanguage":"es"},{"@type":"Organization","@id":"https:\/\/juntscontraelcancer.cat\/es\/#organization","name":"Junts contra el c\u00e0ncer - FECEC","url":"https:\/\/juntscontraelcancer.cat\/es\/","logo":{"@type":"ImageObject","inLanguage":"es","@id":"https:\/\/juntscontraelcancer.cat\/es\/#\/schema\/logo\/image\/","url":"https:\/\/juntscontraelcancer.cat\/wp-content\/uploads\/2023\/01\/logo-fecec-header.png","contentUrl":"https:\/\/juntscontraelcancer.cat\/wp-content\/uploads\/2023\/01\/logo-fecec-header.png","width":126,"height":74,"caption":"Junts contra el c\u00e0ncer - FECEC"},"image":{"@id":"https:\/\/juntscontraelcancer.cat\/es\/#\/schema\/logo\/image\/"},"sameAs":["https:\/\/www.facebook.com\/fecec.federacio\/","https:\/\/x.com\/FececFederacio","https:\/\/www.instagram.com\/fececfederacio\/?hl=es","https:\/\/www.youtube.com\/channel\/UCgAC_6c6hmHwMQhSCQyYBdA"]},{"@type":"Person","@id":"https:\/\/juntscontraelcancer.cat\/es\/#\/schema\/person\/14c85cb9b3aeddea8f9087bea375813f","name":"Pukkas","image":{"@type":"ImageObject","inLanguage":"es","@id":"https:\/\/secure.gravatar.com\/avatar\/7433209641beafe57dbfd32b83f1c28fb7da2f23c98b47d02c7623ce350a0e9f?s=96&d=mm&r=g","url":"https:\/\/secure.gravatar.com\/avatar\/7433209641beafe57dbfd32b83f1c28fb7da2f23c98b47d02c7623ce350a0e9f?s=96&d=mm&r=g","contentUrl":"https:\/\/secure.gravatar.com\/avatar\/7433209641beafe57dbfd32b83f1c28fb7da2f23c98b47d02c7623ce350a0e9f?s=96&d=mm&r=g","caption":"Pukkas"},"sameAs":["https:\/\/juntscontraelcancer.cat"]}]}},"_links":{"self":[{"href":"https:\/\/juntscontraelcancer.cat\/es\/wp-json\/wp\/v2\/posts\/25692","targetHints":{"allow":["GET"]}}],"collection":[{"href":"https:\/\/juntscontraelcancer.cat\/es\/wp-json\/wp\/v2\/posts"}],"about":[{"href":"https:\/\/juntscontraelcancer.cat\/es\/wp-json\/wp\/v2\/types\/post"}],"author":[{"embeddable":true,"href":"https:\/\/juntscontraelcancer.cat\/es\/wp-json\/wp\/v2\/users\/1"}],"replies":[{"embeddable":true,"href":"https:\/\/juntscontraelcancer.cat\/es\/wp-json\/wp\/v2\/comments?post=25692"}],"version-history":[{"count":3,"href":"https:\/\/juntscontraelcancer.cat\/es\/wp-json\/wp\/v2\/posts\/25692\/revisions"}],"predecessor-version":[{"id":26092,"href":"https:\/\/juntscontraelcancer.cat\/es\/wp-json\/wp\/v2\/posts\/25692\/revisions\/26092"}],"wp:featuredmedia":[{"embeddable":true,"href":"https:\/\/juntscontraelcancer.cat\/es\/wp-json\/wp\/v2\/media\/26086"}],"wp:attachment":[{"href":"https:\/\/juntscontraelcancer.cat\/es\/wp-json\/wp\/v2\/media?parent=25692"}],"wp:term":[{"taxonomy":"category","embeddable":true,"href":"https:\/\/juntscontraelcancer.cat\/es\/wp-json\/wp\/v2\/categories?post=25692"},{"taxonomy":"post_tag","embeddable":true,"href":"https:\/\/juntscontraelcancer.cat\/es\/wp-json\/wp\/v2\/tags?post=25692"}],"curies":[{"name":"wp","href":"https:\/\/api.w.org\/{rel}","templated":true}]}}