{"id":15070,"date":"2023-04-17T00:00:00","date_gmt":"2023-04-16T22:00:00","guid":{"rendered":"https:\/\/junts.enproceso.es\/26-de-abril-webinar-ostomia-rompamos-tabus\/"},"modified":"2023-06-12T11:51:14","modified_gmt":"2023-06-12T09:51:14","slug":"26-de-abril-webinar-ostomia-rompamos-tabus","status":"publish","type":"post","link":"https:\/\/juntscontraelcancer.cat\/es\/26-de-abril-webinar-ostomia-rompamos-tabus\/","title":{"rendered":"26 de abril: webinar &#8216;Ostom\u00eda: rompamos tab\u00fas&#8217;"},"content":{"rendered":"<p><strong>En algunos casos la cirug\u00eda de c\u00e1ncer colorrectal o de vejiga de la orina comporta una ostom\u00eda. Hay un gran desconocimiento sobre que es y que comporta una ostom\u00eda. El cierto es que despu\u00e9s de un periodo de adaptaci\u00f3n se puede tener una vida plena y activa con una ostom\u00eda. Para hablar de este tema, el pr\u00f3ximo 26 de abril (18 h) organizamos el Di\u00e1logo FECEC &#8216;Ostom\u00eda: rompemos tab\u00fas&#8217;. <a href=\"https:\/\/www.juntscontraelcancer.cat\/inscripcio-cicle-dialegs-fecec-ostomies-trenquem-tabus\/\" rel=\"noopener\" target=\"_blank\">Inscripciones abiertas!<\/a><\/strong><\/p>\n<p><img loading=\"lazy\" decoding=\"async\" src=\"https:\/\/juntscontraelcancer.cat\/wp-content\/uploads\/2023\/04\/Twitter-26-abril-Ostomies2.png\" alt=\"Twitter 26 abril - Ostomies2\" width=\"1200\" height=\"675\" class=\"alignnone size-full wp-image-40110\" \/><\/p>\n<p>Si bien es abierto a cualquier persona que quiera resolver dudas sobre ostom\u00edas, este webinar est\u00e1 especialmente dirigido a personas que en un futuro inmediato tienen que ser intervenidas o bien lo han estado recientemente.<\/p>\n<p>Para hablar de qu\u00e9 es una ostom\u00eda, qu\u00e9 higiene hay que seguir, como es vivir d\u00eda a d\u00eda con una ostom\u00eda y su impacto emocional, tendremos a Cristina Vidal, enfermera estomaterapeuta de <a href=\"https:\/\/www.althaia.cat\/althaia\/ca\/homepage\" rel=\"noopener\" target=\"_blank\"><strong>Althaia Xarxa Assistencial Universit\u00e0ria de Manresa<\/strong><\/a>; y dos testimonios <strong>Pilar L\u00f3pez<\/strong> y <strong>Josep Puigdomenech<\/strong>. Moderar\u00e1 y dinamizar\u00e1 el di\u00e1logo la presidenta de la <a href=\"https:\/\/www.ostomitzats.cat\/\" rel=\"noopener\" target=\"_blank\"><strong>Associaci\u00f3 Catalana d&#8217;Ostomitzats (ACO)<\/strong><\/a>, <strong>Neus Cols<\/strong>. <\/p>\n<p>Ap\u00fantate a este di\u00e1logo en formato webinar <a href=\"https:\/\/www.juntscontraelcancer.cat\/inscripcio-cicle-dialegs-fecec-ostomies-trenquem-tabus\/\" rel=\"noopener\" target=\"_blank\"><strong>en este enlace<\/strong><\/a>.<\/p>\n<p>Este webinar cuenta con el apoyo de <a href=\"https:\/\/igrobe.com\/\" rel=\"noopener\" target=\"_blank\">Igrobe<\/a> y el <a href=\"https:\/\/www.barcelona.cat\/ca\/\" rel=\"noopener\" target=\"_blank\">Ayuntamiento de Barcelona<\/a>.<\/p>\n","protected":false},"excerpt":{"rendered":"<p>En algunos casos la cirug\u00eda de c\u00e1ncer colorrectal o de vejiga de la orina comporta una ostom\u00eda. Hay un gran desconocimiento sobre que es y que comporta una ostom\u00eda. El cierto es que despu\u00e9s de un periodo de adaptaci\u00f3n es puede tener una vida llena y activa con una ostom\u00eda. Para hablar de este tema, el pr\u00f3ximo 26 de abril organizamos el Di\u00e1logo FECEC &#8216;Ostom\u00eda: rompemos tab\u00fas&#8217;.<\/p>\n","protected":false},"author":1,"featured_media":14229,"comment_status":"closed","ping_status":"open","sticky":false,"template":"","format":"standard","meta":{"_acf_changed":false,"inline_featured_image":false,"footnotes":""},"categories":[84,3,86,68],"tags":[],"class_list":["post-15070","post","type-post","status-publish","format-standard","has-post-thumbnail","hentry","category-actualidad","category-actualitat","category-destacadas","category-destaquem"],"acf":[],"yoast_head":"<!-- This site is optimized with the Yoast SEO plugin v27.3 - https:\/\/yoast.com\/product\/yoast-seo-wordpress\/ -->\n<title>26 de abril: webinar &#039;Ostom\u00eda: rompamos tab\u00fas&#039; - Junts contra el c\u00e0ncer - FECEC<\/title>\n<meta name=\"robots\" content=\"index, follow, max-snippet:-1, max-image-preview:large, max-video-preview:-1\" \/>\n<link rel=\"canonical\" href=\"https:\/\/juntscontraelcancer.cat\/es\/26-de-abril-webinar-ostomia-rompamos-tabus\/\" \/>\n<meta property=\"og:locale\" content=\"es_ES\" \/>\n<meta property=\"og:type\" content=\"article\" \/>\n<meta property=\"og:title\" content=\"26 de abril: webinar &#039;Ostom\u00eda: rompamos tab\u00fas&#039; - Junts contra el c\u00e0ncer - FECEC\" \/>\n<meta property=\"og:description\" content=\"En algunos casos la cirug\u00eda de c\u00e1ncer colorrectal o de vejiga de la orina comporta una ostom\u00eda. Hay un gran desconocimiento sobre que es y que comporta una ostom\u00eda. El cierto es que despu\u00e9s de un periodo de adaptaci\u00f3n es puede tener una vida llena y activa con una ostom\u00eda. Para hablar de este tema, el pr\u00f3ximo 26 de abril organizamos el Di\u00e1logo FECEC &#039;Ostom\u00eda: rompemos tab\u00fas&#039;.\" \/>\n<meta property=\"og:url\" content=\"https:\/\/juntscontraelcancer.cat\/es\/26-de-abril-webinar-ostomia-rompamos-tabus\/\" \/>\n<meta property=\"og:site_name\" content=\"Junts contra el c\u00e0ncer - FECEC\" \/>\n<meta property=\"article:publisher\" content=\"https:\/\/www.facebook.com\/fecec.federacio\/\" \/>\n<meta property=\"article:published_time\" content=\"2023-04-16T22:00:00+00:00\" \/>\n<meta property=\"article:modified_time\" content=\"2023-06-12T09:51:14+00:00\" \/>\n<meta property=\"og:image\" content=\"https:\/\/juntscontraelcancer.cat\/wp-content\/uploads\/2023\/04\/Twitter-26-abril-Ostomies2.png\" \/>\n\t<meta property=\"og:image:width\" content=\"1200\" \/>\n\t<meta property=\"og:image:height\" content=\"675\" \/>\n\t<meta property=\"og:image:type\" content=\"image\/png\" \/>\n<meta name=\"author\" content=\"Pukkas\" \/>\n<meta name=\"twitter:card\" content=\"summary_large_image\" \/>\n<meta name=\"twitter:creator\" content=\"@FececFederacio\" \/>\n<meta name=\"twitter:site\" content=\"@FececFederacio\" \/>\n<meta name=\"twitter:label1\" content=\"Escrito por\" \/>\n\t<meta name=\"twitter:data1\" content=\"Pukkas\" \/>\n\t<meta name=\"twitter:label2\" content=\"Tiempo de lectura\" \/>\n\t<meta name=\"twitter:data2\" content=\"1 minuto\" \/>\n<script type=\"application\/ld+json\" class=\"yoast-schema-graph\">{\"@context\":\"https:\\\/\\\/schema.org\",\"@graph\":[{\"@type\":\"Article\",\"@id\":\"https:\\\/\\\/juntscontraelcancer.cat\\\/es\\\/26-de-abril-webinar-ostomia-rompamos-tabus\\\/#article\",\"isPartOf\":{\"@id\":\"https:\\\/\\\/juntscontraelcancer.cat\\\/es\\\/26-de-abril-webinar-ostomia-rompamos-tabus\\\/\"},\"author\":{\"name\":\"Pukkas\",\"@id\":\"https:\\\/\\\/juntscontraelcancer.cat\\\/es\\\/#\\\/schema\\\/person\\\/14c85cb9b3aeddea8f9087bea375813f\"},\"headline\":\"26 de abril: webinar &#8216;Ostom\u00eda: rompamos tab\u00fas&#8217;\",\"datePublished\":\"2023-04-16T22:00:00+00:00\",\"dateModified\":\"2023-06-12T09:51:14+00:00\",\"mainEntityOfPage\":{\"@id\":\"https:\\\/\\\/juntscontraelcancer.cat\\\/es\\\/26-de-abril-webinar-ostomia-rompamos-tabus\\\/\"},\"wordCount\":218,\"publisher\":{\"@id\":\"https:\\\/\\\/juntscontraelcancer.cat\\\/es\\\/#organization\"},\"image\":{\"@id\":\"https:\\\/\\\/juntscontraelcancer.cat\\\/es\\\/26-de-abril-webinar-ostomia-rompamos-tabus\\\/#primaryimage\"},\"thumbnailUrl\":\"https:\\\/\\\/juntscontraelcancer.cat\\\/wp-content\\\/uploads\\\/2023\\\/04\\\/Twitter-26-abril-Ostomies2.png\",\"articleSection\":[\"Actualidad\",\"Actualitat\",\"Destacadas\",\"Destacats\"],\"inLanguage\":\"es\"},{\"@type\":\"WebPage\",\"@id\":\"https:\\\/\\\/juntscontraelcancer.cat\\\/es\\\/26-de-abril-webinar-ostomia-rompamos-tabus\\\/\",\"url\":\"https:\\\/\\\/juntscontraelcancer.cat\\\/es\\\/26-de-abril-webinar-ostomia-rompamos-tabus\\\/\",\"name\":\"26 de abril: webinar 'Ostom\u00eda: rompamos tab\u00fas' - Junts contra el c\u00e0ncer - FECEC\",\"isPartOf\":{\"@id\":\"https:\\\/\\\/juntscontraelcancer.cat\\\/es\\\/#website\"},\"primaryImageOfPage\":{\"@id\":\"https:\\\/\\\/juntscontraelcancer.cat\\\/es\\\/26-de-abril-webinar-ostomia-rompamos-tabus\\\/#primaryimage\"},\"image\":{\"@id\":\"https:\\\/\\\/juntscontraelcancer.cat\\\/es\\\/26-de-abril-webinar-ostomia-rompamos-tabus\\\/#primaryimage\"},\"thumbnailUrl\":\"https:\\\/\\\/juntscontraelcancer.cat\\\/wp-content\\\/uploads\\\/2023\\\/04\\\/Twitter-26-abril-Ostomies2.png\",\"datePublished\":\"2023-04-16T22:00:00+00:00\",\"dateModified\":\"2023-06-12T09:51:14+00:00\",\"breadcrumb\":{\"@id\":\"https:\\\/\\\/juntscontraelcancer.cat\\\/es\\\/26-de-abril-webinar-ostomia-rompamos-tabus\\\/#breadcrumb\"},\"inLanguage\":\"es\",\"potentialAction\":[{\"@type\":\"ReadAction\",\"target\":[\"https:\\\/\\\/juntscontraelcancer.cat\\\/es\\\/26-de-abril-webinar-ostomia-rompamos-tabus\\\/\"]}]},{\"@type\":\"ImageObject\",\"inLanguage\":\"es\",\"@id\":\"https:\\\/\\\/juntscontraelcancer.cat\\\/es\\\/26-de-abril-webinar-ostomia-rompamos-tabus\\\/#primaryimage\",\"url\":\"https:\\\/\\\/juntscontraelcancer.cat\\\/wp-content\\\/uploads\\\/2023\\\/04\\\/Twitter-26-abril-Ostomies2.png\",\"contentUrl\":\"https:\\\/\\\/juntscontraelcancer.cat\\\/wp-content\\\/uploads\\\/2023\\\/04\\\/Twitter-26-abril-Ostomies2.png\",\"width\":1200,\"height\":675},{\"@type\":\"BreadcrumbList\",\"@id\":\"https:\\\/\\\/juntscontraelcancer.cat\\\/es\\\/26-de-abril-webinar-ostomia-rompamos-tabus\\\/#breadcrumb\",\"itemListElement\":[{\"@type\":\"ListItem\",\"position\":1,\"name\":\"Inicio\",\"item\":\"https:\\\/\\\/juntscontraelcancer.cat\\\/es\\\/\"},{\"@type\":\"ListItem\",\"position\":2,\"name\":\"26 de abril: webinar &#8216;Ostom\u00eda: rompamos tab\u00fas&#8217;\"}]},{\"@type\":\"WebSite\",\"@id\":\"https:\\\/\\\/juntscontraelcancer.cat\\\/es\\\/#website\",\"url\":\"https:\\\/\\\/juntscontraelcancer.cat\\\/es\\\/\",\"name\":\"Junts contra el c\u00e0ncer - FECEC\",\"description\":\"\",\"publisher\":{\"@id\":\"https:\\\/\\\/juntscontraelcancer.cat\\\/es\\\/#organization\"},\"potentialAction\":[{\"@type\":\"SearchAction\",\"target\":{\"@type\":\"EntryPoint\",\"urlTemplate\":\"https:\\\/\\\/juntscontraelcancer.cat\\\/es\\\/?s={search_term_string}\"},\"query-input\":{\"@type\":\"PropertyValueSpecification\",\"valueRequired\":true,\"valueName\":\"search_term_string\"}}],\"inLanguage\":\"es\"},{\"@type\":\"Organization\",\"@id\":\"https:\\\/\\\/juntscontraelcancer.cat\\\/es\\\/#organization\",\"name\":\"Junts contra el c\u00e0ncer - FECEC\",\"url\":\"https:\\\/\\\/juntscontraelcancer.cat\\\/es\\\/\",\"logo\":{\"@type\":\"ImageObject\",\"inLanguage\":\"es\",\"@id\":\"https:\\\/\\\/juntscontraelcancer.cat\\\/es\\\/#\\\/schema\\\/logo\\\/image\\\/\",\"url\":\"https:\\\/\\\/juntscontraelcancer.cat\\\/wp-content\\\/uploads\\\/2023\\\/01\\\/logo-fecec-header.png\",\"contentUrl\":\"https:\\\/\\\/juntscontraelcancer.cat\\\/wp-content\\\/uploads\\\/2023\\\/01\\\/logo-fecec-header.png\",\"width\":126,\"height\":74,\"caption\":\"Junts contra el c\u00e0ncer - FECEC\"},\"image\":{\"@id\":\"https:\\\/\\\/juntscontraelcancer.cat\\\/es\\\/#\\\/schema\\\/logo\\\/image\\\/\"},\"sameAs\":[\"https:\\\/\\\/www.facebook.com\\\/fecec.federacio\\\/\",\"https:\\\/\\\/x.com\\\/FececFederacio\",\"https:\\\/\\\/www.instagram.com\\\/fececfederacio\\\/?hl=es\",\"https:\\\/\\\/www.youtube.com\\\/channel\\\/UCgAC_6c6hmHwMQhSCQyYBdA\"]},{\"@type\":\"Person\",\"@id\":\"https:\\\/\\\/juntscontraelcancer.cat\\\/es\\\/#\\\/schema\\\/person\\\/14c85cb9b3aeddea8f9087bea375813f\",\"name\":\"Pukkas\",\"image\":{\"@type\":\"ImageObject\",\"inLanguage\":\"es\",\"@id\":\"https:\\\/\\\/secure.gravatar.com\\\/avatar\\\/7433209641beafe57dbfd32b83f1c28fb7da2f23c98b47d02c7623ce350a0e9f?s=96&d=mm&r=g\",\"url\":\"https:\\\/\\\/secure.gravatar.com\\\/avatar\\\/7433209641beafe57dbfd32b83f1c28fb7da2f23c98b47d02c7623ce350a0e9f?s=96&d=mm&r=g\",\"contentUrl\":\"https:\\\/\\\/secure.gravatar.com\\\/avatar\\\/7433209641beafe57dbfd32b83f1c28fb7da2f23c98b47d02c7623ce350a0e9f?s=96&d=mm&r=g\",\"caption\":\"Pukkas\"},\"sameAs\":[\"https:\\\/\\\/juntscontraelcancer.cat\"]}]}<\/script>\n<!-- \/ Yoast SEO plugin. -->","yoast_head_json":{"title":"26 de abril: webinar 'Ostom\u00eda: rompamos tab\u00fas' - Junts contra el c\u00e0ncer - FECEC","robots":{"index":"index","follow":"follow","max-snippet":"max-snippet:-1","max-image-preview":"max-image-preview:large","max-video-preview":"max-video-preview:-1"},"canonical":"https:\/\/juntscontraelcancer.cat\/es\/26-de-abril-webinar-ostomia-rompamos-tabus\/","og_locale":"es_ES","og_type":"article","og_title":"26 de abril: webinar 'Ostom\u00eda: rompamos tab\u00fas' - Junts contra el c\u00e0ncer - FECEC","og_description":"En algunos casos la cirug\u00eda de c\u00e1ncer colorrectal o de vejiga de la orina comporta una ostom\u00eda. Hay un gran desconocimiento sobre que es y que comporta una ostom\u00eda. El cierto es que despu\u00e9s de un periodo de adaptaci\u00f3n es puede tener una vida llena y activa con una ostom\u00eda. Para hablar de este tema, el pr\u00f3ximo 26 de abril organizamos el Di\u00e1logo FECEC 'Ostom\u00eda: rompemos tab\u00fas'.","og_url":"https:\/\/juntscontraelcancer.cat\/es\/26-de-abril-webinar-ostomia-rompamos-tabus\/","og_site_name":"Junts contra el c\u00e0ncer - FECEC","article_publisher":"https:\/\/www.facebook.com\/fecec.federacio\/","article_published_time":"2023-04-16T22:00:00+00:00","article_modified_time":"2023-06-12T09:51:14+00:00","og_image":[{"width":1200,"height":675,"url":"https:\/\/juntscontraelcancer.cat\/wp-content\/uploads\/2023\/04\/Twitter-26-abril-Ostomies2.png","type":"image\/png"}],"author":"Pukkas","twitter_card":"summary_large_image","twitter_creator":"@FececFederacio","twitter_site":"@FececFederacio","twitter_misc":{"Escrito por":"Pukkas","Tiempo de lectura":"1 minuto"},"schema":{"@context":"https:\/\/schema.org","@graph":[{"@type":"Article","@id":"https:\/\/juntscontraelcancer.cat\/es\/26-de-abril-webinar-ostomia-rompamos-tabus\/#article","isPartOf":{"@id":"https:\/\/juntscontraelcancer.cat\/es\/26-de-abril-webinar-ostomia-rompamos-tabus\/"},"author":{"name":"Pukkas","@id":"https:\/\/juntscontraelcancer.cat\/es\/#\/schema\/person\/14c85cb9b3aeddea8f9087bea375813f"},"headline":"26 de abril: webinar &#8216;Ostom\u00eda: rompamos tab\u00fas&#8217;","datePublished":"2023-04-16T22:00:00+00:00","dateModified":"2023-06-12T09:51:14+00:00","mainEntityOfPage":{"@id":"https:\/\/juntscontraelcancer.cat\/es\/26-de-abril-webinar-ostomia-rompamos-tabus\/"},"wordCount":218,"publisher":{"@id":"https:\/\/juntscontraelcancer.cat\/es\/#organization"},"image":{"@id":"https:\/\/juntscontraelcancer.cat\/es\/26-de-abril-webinar-ostomia-rompamos-tabus\/#primaryimage"},"thumbnailUrl":"https:\/\/juntscontraelcancer.cat\/wp-content\/uploads\/2023\/04\/Twitter-26-abril-Ostomies2.png","articleSection":["Actualidad","Actualitat","Destacadas","Destacats"],"inLanguage":"es"},{"@type":"WebPage","@id":"https:\/\/juntscontraelcancer.cat\/es\/26-de-abril-webinar-ostomia-rompamos-tabus\/","url":"https:\/\/juntscontraelcancer.cat\/es\/26-de-abril-webinar-ostomia-rompamos-tabus\/","name":"26 de abril: webinar 'Ostom\u00eda: rompamos tab\u00fas' - Junts contra el c\u00e0ncer - FECEC","isPartOf":{"@id":"https:\/\/juntscontraelcancer.cat\/es\/#website"},"primaryImageOfPage":{"@id":"https:\/\/juntscontraelcancer.cat\/es\/26-de-abril-webinar-ostomia-rompamos-tabus\/#primaryimage"},"image":{"@id":"https:\/\/juntscontraelcancer.cat\/es\/26-de-abril-webinar-ostomia-rompamos-tabus\/#primaryimage"},"thumbnailUrl":"https:\/\/juntscontraelcancer.cat\/wp-content\/uploads\/2023\/04\/Twitter-26-abril-Ostomies2.png","datePublished":"2023-04-16T22:00:00+00:00","dateModified":"2023-06-12T09:51:14+00:00","breadcrumb":{"@id":"https:\/\/juntscontraelcancer.cat\/es\/26-de-abril-webinar-ostomia-rompamos-tabus\/#breadcrumb"},"inLanguage":"es","potentialAction":[{"@type":"ReadAction","target":["https:\/\/juntscontraelcancer.cat\/es\/26-de-abril-webinar-ostomia-rompamos-tabus\/"]}]},{"@type":"ImageObject","inLanguage":"es","@id":"https:\/\/juntscontraelcancer.cat\/es\/26-de-abril-webinar-ostomia-rompamos-tabus\/#primaryimage","url":"https:\/\/juntscontraelcancer.cat\/wp-content\/uploads\/2023\/04\/Twitter-26-abril-Ostomies2.png","contentUrl":"https:\/\/juntscontraelcancer.cat\/wp-content\/uploads\/2023\/04\/Twitter-26-abril-Ostomies2.png","width":1200,"height":675},{"@type":"BreadcrumbList","@id":"https:\/\/juntscontraelcancer.cat\/es\/26-de-abril-webinar-ostomia-rompamos-tabus\/#breadcrumb","itemListElement":[{"@type":"ListItem","position":1,"name":"Inicio","item":"https:\/\/juntscontraelcancer.cat\/es\/"},{"@type":"ListItem","position":2,"name":"26 de abril: webinar &#8216;Ostom\u00eda: rompamos tab\u00fas&#8217;"}]},{"@type":"WebSite","@id":"https:\/\/juntscontraelcancer.cat\/es\/#website","url":"https:\/\/juntscontraelcancer.cat\/es\/","name":"Junts contra el c\u00e0ncer - FECEC","description":"","publisher":{"@id":"https:\/\/juntscontraelcancer.cat\/es\/#organization"},"potentialAction":[{"@type":"SearchAction","target":{"@type":"EntryPoint","urlTemplate":"https:\/\/juntscontraelcancer.cat\/es\/?s={search_term_string}"},"query-input":{"@type":"PropertyValueSpecification","valueRequired":true,"valueName":"search_term_string"}}],"inLanguage":"es"},{"@type":"Organization","@id":"https:\/\/juntscontraelcancer.cat\/es\/#organization","name":"Junts contra el c\u00e0ncer - FECEC","url":"https:\/\/juntscontraelcancer.cat\/es\/","logo":{"@type":"ImageObject","inLanguage":"es","@id":"https:\/\/juntscontraelcancer.cat\/es\/#\/schema\/logo\/image\/","url":"https:\/\/juntscontraelcancer.cat\/wp-content\/uploads\/2023\/01\/logo-fecec-header.png","contentUrl":"https:\/\/juntscontraelcancer.cat\/wp-content\/uploads\/2023\/01\/logo-fecec-header.png","width":126,"height":74,"caption":"Junts contra el c\u00e0ncer - FECEC"},"image":{"@id":"https:\/\/juntscontraelcancer.cat\/es\/#\/schema\/logo\/image\/"},"sameAs":["https:\/\/www.facebook.com\/fecec.federacio\/","https:\/\/x.com\/FececFederacio","https:\/\/www.instagram.com\/fececfederacio\/?hl=es","https:\/\/www.youtube.com\/channel\/UCgAC_6c6hmHwMQhSCQyYBdA"]},{"@type":"Person","@id":"https:\/\/juntscontraelcancer.cat\/es\/#\/schema\/person\/14c85cb9b3aeddea8f9087bea375813f","name":"Pukkas","image":{"@type":"ImageObject","inLanguage":"es","@id":"https:\/\/secure.gravatar.com\/avatar\/7433209641beafe57dbfd32b83f1c28fb7da2f23c98b47d02c7623ce350a0e9f?s=96&d=mm&r=g","url":"https:\/\/secure.gravatar.com\/avatar\/7433209641beafe57dbfd32b83f1c28fb7da2f23c98b47d02c7623ce350a0e9f?s=96&d=mm&r=g","contentUrl":"https:\/\/secure.gravatar.com\/avatar\/7433209641beafe57dbfd32b83f1c28fb7da2f23c98b47d02c7623ce350a0e9f?s=96&d=mm&r=g","caption":"Pukkas"},"sameAs":["https:\/\/juntscontraelcancer.cat"]}]}},"_links":{"self":[{"href":"https:\/\/juntscontraelcancer.cat\/es\/wp-json\/wp\/v2\/posts\/15070","targetHints":{"allow":["GET"]}}],"collection":[{"href":"https:\/\/juntscontraelcancer.cat\/es\/wp-json\/wp\/v2\/posts"}],"about":[{"href":"https:\/\/juntscontraelcancer.cat\/es\/wp-json\/wp\/v2\/types\/post"}],"author":[{"embeddable":true,"href":"https:\/\/juntscontraelcancer.cat\/es\/wp-json\/wp\/v2\/users\/1"}],"replies":[{"embeddable":true,"href":"https:\/\/juntscontraelcancer.cat\/es\/wp-json\/wp\/v2\/comments?post=15070"}],"version-history":[{"count":1,"href":"https:\/\/juntscontraelcancer.cat\/es\/wp-json\/wp\/v2\/posts\/15070\/revisions"}],"predecessor-version":[{"id":15071,"href":"https:\/\/juntscontraelcancer.cat\/es\/wp-json\/wp\/v2\/posts\/15070\/revisions\/15071"}],"wp:featuredmedia":[{"embeddable":true,"href":"https:\/\/juntscontraelcancer.cat\/es\/wp-json\/wp\/v2\/media\/14229"}],"wp:attachment":[{"href":"https:\/\/juntscontraelcancer.cat\/es\/wp-json\/wp\/v2\/media?parent=15070"}],"wp:term":[{"taxonomy":"category","embeddable":true,"href":"https:\/\/juntscontraelcancer.cat\/es\/wp-json\/wp\/v2\/categories?post=15070"},{"taxonomy":"post_tag","embeddable":true,"href":"https:\/\/juntscontraelcancer.cat\/es\/wp-json\/wp\/v2\/tags?post=15070"}],"curies":[{"name":"wp","href":"https:\/\/api.w.org\/{rel}","templated":true}]}}