{"id":15043,"date":"2023-01-29T00:00:00","date_gmt":"2023-01-28T22:00:00","guid":{"rendered":"https:\/\/junts.enproceso.es\/dia-mundial-contra-el-cancer-la-fecec-junts-contra-el-cancer-reclama-que-se-garantice-la-proteccion-social-y-laboral-de-las-personas-que-han-superado-o-cronificado-la-enfermedad\/"},"modified":"2023-06-12T11:51:19","modified_gmt":"2023-06-12T09:51:19","slug":"dia-mundial-contra-el-cancer-la-fecec-junts-contra-el-cancer-reclama-que-se-garantice-la-proteccion-social-y-laboral-de-las-personas-que-han-superado-o-cronificado-la-enfermedad","status":"publish","type":"post","link":"https:\/\/juntscontraelcancer.cat\/es\/dia-mundial-contra-el-cancer-la-fecec-junts-contra-el-cancer-reclama-que-se-garantice-la-proteccion-social-y-laboral-de-las-personas-que-han-superado-o-cronificado-la-enfermedad\/","title":{"rendered":"D\u00eda Mundial contra el C\u00e1ncer: La FECEC, Junts contra el C\u00e0ncer reclama que se garantice la protecci\u00f3n social y laboral de las personas que han superado o cronificado la enfermedad"},"content":{"rendered":"<p><strong>Coincidiendo con el 4 de febrero, D\u00eda Mundial contra el C\u00e1ncer, se han publicado las cifras del c\u00e1ncer en Espa\u00f1a por este 2023. En total, se espera que en todo el Estado se registren 279.260 casos nuevos de c\u00e1ncer, enfrente los 280.100 de 2022, seg\u00fan las cifras que ha hecho p\u00fablicas la Sociedad Espa\u00f1ola de Oncolog\u00eda M\u00e9dica (SEOM) a su informe \u201cLas cifras del c\u00e1ncer en Espa\u00f1a 2023\u201d. Estas cifras no contabilizan los efectos de la COVID-19 en cuanto al retraso de diagn\u00f3sticos.<br \/>\n<\/strong><\/p>\n<p><img loading=\"lazy\" decoding=\"async\" src=\"https:\/\/juntscontraelcancer.cat\/wp-content\/uploads\/2023\/04\/Dia-Mundial-Cancer-cast.png\" alt=\"D\u00eda Mundial C\u00e1ncer cast\" width=\"1600\" height=\"900\" class=\"alignnone size-full wp-image-39754\" \/><\/p>\n<p>Por sexos, <strong>la incidencia en hombres ser\u00e1 de 158.544 casos y en mujeres, de 120.715 nuevos diagn\u00f3sticos<\/strong>. En cuanto a <strong>la supervivencia<\/strong>, de los pacientes diagnosticados entre el 2008 y el 2013, <strong>ha estado del 55,3% en hombres y del 61,7% en mujeres<\/strong>. <\/p>\n<p><strong>En Catalu\u00f1a, la incidencia del c\u00e1ncer el 2022 ha sido de 37.736 nuevos diagn\u00f3sticos<\/strong>, 21.285 en hombres y 16.451 en mujeres. Estas cifras muestran un aumento de los casos del 14,47% respecto a 2021, donde la incidencia fue de 32.967 casos. <strong>La tasa de supervivencia<\/strong> a 5 a\u00f1os ha estado d<strong>el 56% en hombres y del 64% en mujeres.<\/strong><\/p>\n<p>La evoluci\u00f3n de las cifras demuestran un cambio de paradigma en cuanto a la superaci\u00f3n o cronificaci\u00f3n de la enfermedad. Gracias a inversi\u00f3n que se est\u00e1 haciendo en investigaci\u00f3n en el \u00e1mbito oncol\u00f3gico y que ha permitido mejorar los tratamientos y tasas de supervivencia, ahora ya se habla del c\u00e1ncer como una enfermedad que tiende a la cronificaci\u00f3n. Esto demuestra que, adem\u00e1s de atender las personas que est\u00e1n pasando por un tratamiento de c\u00e1ncer o que acaban de recibir el diagn\u00f3stico, tambi\u00e9n tenemos que garantizar el bienestar y la igualdad de derechos para las personas que lo han superado o cronificado y que a menudo se encuentran con dificultades en esta nueva etapa que se les presenta. <\/p>\n<p>En este sentido, la Federaci\u00f3 Catalana d&#8217;Entidats contra el C\u00e0ncer (FECEC) hace un llamamiento a las administraciones a proteger la situaci\u00f3n social y laboral de las personas que han superado un c\u00e1ncer para garantizar, entre otros aspectos, su reincorporaci\u00f3n al trabajo progresivo y adaptada a su nueva situaci\u00f3n. Una de las acciones de la <strong>FECEC, Junts contra el C\u00e0ncer<\/strong> es la petici\u00f3n en el Congreso de los Diputados para que finalice el plazo de presentaci\u00f3n de enmiendas a la <em>124\/000012 Proposici\u00f3n de Ley para mejorar la protecci\u00f3n social y laboral de las personas a quienes los ha sido diagnosticada una enfermedad grave o carcinoma<\/em>. La proposici\u00f3n de Ley, aprobada en el Senado el mes de mayo, contin\u00faa en tr\u00e1mite en la c\u00e1mara baja y la FECEC solicita que se acelere el proceso de cara a que la Ley sea aprobada en el mandato actual. Esta iniciativa legislativa en tr\u00e1mite es esencial para seguir avanzando en la protecci\u00f3n social y laboral de las personas con c\u00e1ncer. As\u00ed, la Federaci\u00f3 Catalana d\u2019Entitats contra el C\u00e0ncer (FECEC) ha presentado una serie de propuestas de mejora del texto que hacen referencia, principalmente, a la necesidad de una <strong>reincorporaci\u00f3n progresiva al trabajo<\/strong> sin que esto suponga <strong>una reducci\u00f3n salarial<\/strong>; la reserva del lugar de trabajo durante 4 a\u00f1os a las personas en situaci\u00f3n de incapacidad y que <strong>no se suspenda la relaci\u00f3n laboral<\/strong> durante este periodo de reserva para que cuente a efecto de antig\u00fcedad; y la dotaci\u00f3n de recursos a las empresas para asegurar <strong>una mejor reincorporaci\u00f3n a las personas afectadas de c\u00e1ncer<\/strong> o para la <strong>contrataci\u00f3n de personas que han superado la enfermedad<\/strong>.<\/p>\n<p><strong>D\u00cdA MUNDIAL CONTRA EL C\u00c1NCER Y ACTIVIDADES DE LAS ENTIDADES<\/strong> <\/p>\n<p>La <strong>Union for International Cancer Control (UICC) <\/strong>impulsa, como cada a\u00f1o, la jornada del <a href=\"https:\/\/www.worldcancerday.org\/\" rel=\"noopener\" target=\"_blank\">D\u00eda Mundial contra el C\u00e1ncer<\/a>, este a\u00f1o bajo el lema \u00abPor unos cuidados m\u00e1s justos\u00bb. As\u00ed mismo, las entidades federadas a la FECEC, Junts contra el C\u00e0ncer organizan toda una serie de actividades de concienciaci\u00f3n y divulgaci\u00f3n de la enfermedad que pod\u00e9is consultar <a href=\"https:\/\/www.juntscontraelcancer.cat\/news\/actes-entitats-fecec-pel-dia-mundial-contra-cancer\/\" rel=\"noopener\" target=\"_blank\"><strong>en este enlace<\/strong><\/a>.<\/p>\n","protected":false},"excerpt":{"rendered":"<p>Coincidiendo con el 4 de febrero, D\u00eda Mundial contra el C\u00e1ncer, se han publicado las cifras del c\u00e1ncer en Espa\u00f1a por este 2023. En total, se espera que en todo el Estado se registren 279.260 casos nuevos de c\u00e1ncer, enfrente los 280.100 de 2022, seg\u00fan las cifras que ha hecho p\u00fablicas la Sociedad Espa\u00f1ola de [&#8230;]\n","protected":false},"author":1,"featured_media":15045,"comment_status":"closed","ping_status":"open","sticky":false,"template":"","format":"standard","meta":{"_acf_changed":false,"inline_featured_image":false,"footnotes":""},"categories":[84,3,86,68],"tags":[],"class_list":["post-15043","post","type-post","status-publish","format-standard","has-post-thumbnail","hentry","category-actualidad","category-actualitat","category-destacadas","category-destaquem"],"acf":[],"yoast_head":"<!-- This site is optimized with the Yoast SEO plugin v27.3 - https:\/\/yoast.com\/product\/yoast-seo-wordpress\/ -->\n<title>D\u00eda Mundial contra el C\u00e1ncer: La FECEC, Junts contra el C\u00e0ncer reclama que se garantice la protecci\u00f3n social y laboral de las personas que han superado o cronificado la enfermedad - Junts contra el c\u00e0ncer - FECEC<\/title>\n<meta name=\"robots\" content=\"index, follow, max-snippet:-1, max-image-preview:large, max-video-preview:-1\" \/>\n<link rel=\"canonical\" href=\"https:\/\/juntscontraelcancer.cat\/es\/dia-mundial-contra-el-cancer-la-fecec-junts-contra-el-cancer-reclama-que-se-garantice-la-proteccion-social-y-laboral-de-las-personas-que-han-superado-o-cronificado-la-enfermedad\/\" \/>\n<meta property=\"og:locale\" content=\"es_ES\" \/>\n<meta property=\"og:type\" content=\"article\" \/>\n<meta property=\"og:title\" content=\"D\u00eda Mundial contra el C\u00e1ncer: La FECEC, Junts contra el C\u00e0ncer reclama que se garantice la protecci\u00f3n social y laboral de las personas que han superado o cronificado la enfermedad - Junts contra el c\u00e0ncer - FECEC\" \/>\n<meta property=\"og:description\" content=\"Coincidiendo con el 4 de febrero, D\u00eda Mundial contra el C\u00e1ncer, se han publicado las cifras del c\u00e1ncer en Espa\u00f1a por este 2023. En total, se espera que en todo el Estado se registren 279.260 casos nuevos de c\u00e1ncer, enfrente los 280.100 de 2022, seg\u00fan las cifras que ha hecho p\u00fablicas la Sociedad Espa\u00f1ola de [...]\" \/>\n<meta property=\"og:url\" content=\"https:\/\/juntscontraelcancer.cat\/es\/dia-mundial-contra-el-cancer-la-fecec-junts-contra-el-cancer-reclama-que-se-garantice-la-proteccion-social-y-laboral-de-las-personas-que-han-superado-o-cronificado-la-enfermedad\/\" \/>\n<meta property=\"og:site_name\" content=\"Junts contra el c\u00e0ncer - FECEC\" \/>\n<meta property=\"article:publisher\" content=\"https:\/\/www.facebook.com\/fecec.federacio\/\" \/>\n<meta property=\"article:published_time\" content=\"2023-01-28T22:00:00+00:00\" \/>\n<meta property=\"article:modified_time\" content=\"2023-06-12T09:51:19+00:00\" \/>\n<meta property=\"og:image\" content=\"https:\/\/juntscontraelcancer.cat\/wp-content\/uploads\/2023\/04\/Dia-Mundial-Cancer-cast1.png\" \/>\n\t<meta property=\"og:image:width\" content=\"354\" \/>\n\t<meta property=\"og:image:height\" content=\"145\" \/>\n\t<meta property=\"og:image:type\" content=\"image\/png\" \/>\n<meta name=\"author\" content=\"Pukkas\" \/>\n<meta name=\"twitter:card\" content=\"summary_large_image\" \/>\n<meta name=\"twitter:creator\" content=\"@FececFederacio\" \/>\n<meta name=\"twitter:site\" content=\"@FececFederacio\" \/>\n<meta name=\"twitter:label1\" content=\"Escrito por\" \/>\n\t<meta name=\"twitter:data1\" content=\"Pukkas\" \/>\n\t<meta name=\"twitter:label2\" content=\"Tiempo de lectura\" \/>\n\t<meta name=\"twitter:data2\" content=\"3 minutos\" \/>\n<script type=\"application\/ld+json\" class=\"yoast-schema-graph\">{\"@context\":\"https:\\\/\\\/schema.org\",\"@graph\":[{\"@type\":\"Article\",\"@id\":\"https:\\\/\\\/juntscontraelcancer.cat\\\/es\\\/dia-mundial-contra-el-cancer-la-fecec-junts-contra-el-cancer-reclama-que-se-garantice-la-proteccion-social-y-laboral-de-las-personas-que-han-superado-o-cronificado-la-enfermedad\\\/#article\",\"isPartOf\":{\"@id\":\"https:\\\/\\\/juntscontraelcancer.cat\\\/es\\\/dia-mundial-contra-el-cancer-la-fecec-junts-contra-el-cancer-reclama-que-se-garantice-la-proteccion-social-y-laboral-de-las-personas-que-han-superado-o-cronificado-la-enfermedad\\\/\"},\"author\":{\"name\":\"Pukkas\",\"@id\":\"https:\\\/\\\/juntscontraelcancer.cat\\\/es\\\/#\\\/schema\\\/person\\\/14c85cb9b3aeddea8f9087bea375813f\"},\"headline\":\"D\u00eda Mundial contra el C\u00e1ncer: La FECEC, Junts contra el C\u00e0ncer reclama que se garantice la protecci\u00f3n social y laboral de las personas que han superado o cronificado la enfermedad\",\"datePublished\":\"2023-01-28T22:00:00+00:00\",\"dateModified\":\"2023-06-12T09:51:19+00:00\",\"mainEntityOfPage\":{\"@id\":\"https:\\\/\\\/juntscontraelcancer.cat\\\/es\\\/dia-mundial-contra-el-cancer-la-fecec-junts-contra-el-cancer-reclama-que-se-garantice-la-proteccion-social-y-laboral-de-las-personas-que-han-superado-o-cronificado-la-enfermedad\\\/\"},\"wordCount\":724,\"publisher\":{\"@id\":\"https:\\\/\\\/juntscontraelcancer.cat\\\/es\\\/#organization\"},\"image\":{\"@id\":\"https:\\\/\\\/juntscontraelcancer.cat\\\/es\\\/dia-mundial-contra-el-cancer-la-fecec-junts-contra-el-cancer-reclama-que-se-garantice-la-proteccion-social-y-laboral-de-las-personas-que-han-superado-o-cronificado-la-enfermedad\\\/#primaryimage\"},\"thumbnailUrl\":\"https:\\\/\\\/juntscontraelcancer.cat\\\/wp-content\\\/uploads\\\/2023\\\/04\\\/Dia-Mundial-Cancer-cast1.png\",\"articleSection\":[\"Actualidad\",\"Actualitat\",\"Destacadas\",\"Destacats\"],\"inLanguage\":\"es\"},{\"@type\":\"WebPage\",\"@id\":\"https:\\\/\\\/juntscontraelcancer.cat\\\/es\\\/dia-mundial-contra-el-cancer-la-fecec-junts-contra-el-cancer-reclama-que-se-garantice-la-proteccion-social-y-laboral-de-las-personas-que-han-superado-o-cronificado-la-enfermedad\\\/\",\"url\":\"https:\\\/\\\/juntscontraelcancer.cat\\\/es\\\/dia-mundial-contra-el-cancer-la-fecec-junts-contra-el-cancer-reclama-que-se-garantice-la-proteccion-social-y-laboral-de-las-personas-que-han-superado-o-cronificado-la-enfermedad\\\/\",\"name\":\"D\u00eda Mundial contra el C\u00e1ncer: La FECEC, Junts contra el C\u00e0ncer reclama que se garantice la protecci\u00f3n social y laboral de las personas que han superado o cronificado la enfermedad - Junts contra el c\u00e0ncer - FECEC\",\"isPartOf\":{\"@id\":\"https:\\\/\\\/juntscontraelcancer.cat\\\/es\\\/#website\"},\"primaryImageOfPage\":{\"@id\":\"https:\\\/\\\/juntscontraelcancer.cat\\\/es\\\/dia-mundial-contra-el-cancer-la-fecec-junts-contra-el-cancer-reclama-que-se-garantice-la-proteccion-social-y-laboral-de-las-personas-que-han-superado-o-cronificado-la-enfermedad\\\/#primaryimage\"},\"image\":{\"@id\":\"https:\\\/\\\/juntscontraelcancer.cat\\\/es\\\/dia-mundial-contra-el-cancer-la-fecec-junts-contra-el-cancer-reclama-que-se-garantice-la-proteccion-social-y-laboral-de-las-personas-que-han-superado-o-cronificado-la-enfermedad\\\/#primaryimage\"},\"thumbnailUrl\":\"https:\\\/\\\/juntscontraelcancer.cat\\\/wp-content\\\/uploads\\\/2023\\\/04\\\/Dia-Mundial-Cancer-cast1.png\",\"datePublished\":\"2023-01-28T22:00:00+00:00\",\"dateModified\":\"2023-06-12T09:51:19+00:00\",\"breadcrumb\":{\"@id\":\"https:\\\/\\\/juntscontraelcancer.cat\\\/es\\\/dia-mundial-contra-el-cancer-la-fecec-junts-contra-el-cancer-reclama-que-se-garantice-la-proteccion-social-y-laboral-de-las-personas-que-han-superado-o-cronificado-la-enfermedad\\\/#breadcrumb\"},\"inLanguage\":\"es\",\"potentialAction\":[{\"@type\":\"ReadAction\",\"target\":[\"https:\\\/\\\/juntscontraelcancer.cat\\\/es\\\/dia-mundial-contra-el-cancer-la-fecec-junts-contra-el-cancer-reclama-que-se-garantice-la-proteccion-social-y-laboral-de-las-personas-que-han-superado-o-cronificado-la-enfermedad\\\/\"]}]},{\"@type\":\"ImageObject\",\"inLanguage\":\"es\",\"@id\":\"https:\\\/\\\/juntscontraelcancer.cat\\\/es\\\/dia-mundial-contra-el-cancer-la-fecec-junts-contra-el-cancer-reclama-que-se-garantice-la-proteccion-social-y-laboral-de-las-personas-que-han-superado-o-cronificado-la-enfermedad\\\/#primaryimage\",\"url\":\"https:\\\/\\\/juntscontraelcancer.cat\\\/wp-content\\\/uploads\\\/2023\\\/04\\\/Dia-Mundial-Cancer-cast1.png\",\"contentUrl\":\"https:\\\/\\\/juntscontraelcancer.cat\\\/wp-content\\\/uploads\\\/2023\\\/04\\\/Dia-Mundial-Cancer-cast1.png\",\"width\":354,\"height\":145},{\"@type\":\"BreadcrumbList\",\"@id\":\"https:\\\/\\\/juntscontraelcancer.cat\\\/es\\\/dia-mundial-contra-el-cancer-la-fecec-junts-contra-el-cancer-reclama-que-se-garantice-la-proteccion-social-y-laboral-de-las-personas-que-han-superado-o-cronificado-la-enfermedad\\\/#breadcrumb\",\"itemListElement\":[{\"@type\":\"ListItem\",\"position\":1,\"name\":\"Inicio\",\"item\":\"https:\\\/\\\/juntscontraelcancer.cat\\\/es\\\/\"},{\"@type\":\"ListItem\",\"position\":2,\"name\":\"D\u00eda Mundial contra el C\u00e1ncer: La FECEC, Junts contra el C\u00e0ncer reclama que se garantice la protecci\u00f3n social y laboral de las personas que han superado o cronificado la enfermedad\"}]},{\"@type\":\"WebSite\",\"@id\":\"https:\\\/\\\/juntscontraelcancer.cat\\\/es\\\/#website\",\"url\":\"https:\\\/\\\/juntscontraelcancer.cat\\\/es\\\/\",\"name\":\"Junts contra el c\u00e0ncer - FECEC\",\"description\":\"\",\"publisher\":{\"@id\":\"https:\\\/\\\/juntscontraelcancer.cat\\\/es\\\/#organization\"},\"potentialAction\":[{\"@type\":\"SearchAction\",\"target\":{\"@type\":\"EntryPoint\",\"urlTemplate\":\"https:\\\/\\\/juntscontraelcancer.cat\\\/es\\\/?s={search_term_string}\"},\"query-input\":{\"@type\":\"PropertyValueSpecification\",\"valueRequired\":true,\"valueName\":\"search_term_string\"}}],\"inLanguage\":\"es\"},{\"@type\":\"Organization\",\"@id\":\"https:\\\/\\\/juntscontraelcancer.cat\\\/es\\\/#organization\",\"name\":\"Junts contra el c\u00e0ncer - FECEC\",\"url\":\"https:\\\/\\\/juntscontraelcancer.cat\\\/es\\\/\",\"logo\":{\"@type\":\"ImageObject\",\"inLanguage\":\"es\",\"@id\":\"https:\\\/\\\/juntscontraelcancer.cat\\\/es\\\/#\\\/schema\\\/logo\\\/image\\\/\",\"url\":\"https:\\\/\\\/juntscontraelcancer.cat\\\/wp-content\\\/uploads\\\/2023\\\/01\\\/logo-fecec-header.png\",\"contentUrl\":\"https:\\\/\\\/juntscontraelcancer.cat\\\/wp-content\\\/uploads\\\/2023\\\/01\\\/logo-fecec-header.png\",\"width\":126,\"height\":74,\"caption\":\"Junts contra el c\u00e0ncer - FECEC\"},\"image\":{\"@id\":\"https:\\\/\\\/juntscontraelcancer.cat\\\/es\\\/#\\\/schema\\\/logo\\\/image\\\/\"},\"sameAs\":[\"https:\\\/\\\/www.facebook.com\\\/fecec.federacio\\\/\",\"https:\\\/\\\/x.com\\\/FececFederacio\",\"https:\\\/\\\/www.instagram.com\\\/fececfederacio\\\/?hl=es\",\"https:\\\/\\\/www.youtube.com\\\/channel\\\/UCgAC_6c6hmHwMQhSCQyYBdA\"]},{\"@type\":\"Person\",\"@id\":\"https:\\\/\\\/juntscontraelcancer.cat\\\/es\\\/#\\\/schema\\\/person\\\/14c85cb9b3aeddea8f9087bea375813f\",\"name\":\"Pukkas\",\"image\":{\"@type\":\"ImageObject\",\"inLanguage\":\"es\",\"@id\":\"https:\\\/\\\/secure.gravatar.com\\\/avatar\\\/7433209641beafe57dbfd32b83f1c28fb7da2f23c98b47d02c7623ce350a0e9f?s=96&d=mm&r=g\",\"url\":\"https:\\\/\\\/secure.gravatar.com\\\/avatar\\\/7433209641beafe57dbfd32b83f1c28fb7da2f23c98b47d02c7623ce350a0e9f?s=96&d=mm&r=g\",\"contentUrl\":\"https:\\\/\\\/secure.gravatar.com\\\/avatar\\\/7433209641beafe57dbfd32b83f1c28fb7da2f23c98b47d02c7623ce350a0e9f?s=96&d=mm&r=g\",\"caption\":\"Pukkas\"},\"sameAs\":[\"https:\\\/\\\/juntscontraelcancer.cat\"]}]}<\/script>\n<!-- \/ Yoast SEO plugin. -->","yoast_head_json":{"title":"D\u00eda Mundial contra el C\u00e1ncer: La FECEC, Junts contra el C\u00e0ncer reclama que se garantice la protecci\u00f3n social y laboral de las personas que han superado o cronificado la enfermedad - Junts contra el c\u00e0ncer - FECEC","robots":{"index":"index","follow":"follow","max-snippet":"max-snippet:-1","max-image-preview":"max-image-preview:large","max-video-preview":"max-video-preview:-1"},"canonical":"https:\/\/juntscontraelcancer.cat\/es\/dia-mundial-contra-el-cancer-la-fecec-junts-contra-el-cancer-reclama-que-se-garantice-la-proteccion-social-y-laboral-de-las-personas-que-han-superado-o-cronificado-la-enfermedad\/","og_locale":"es_ES","og_type":"article","og_title":"D\u00eda Mundial contra el C\u00e1ncer: La FECEC, Junts contra el C\u00e0ncer reclama que se garantice la protecci\u00f3n social y laboral de las personas que han superado o cronificado la enfermedad - Junts contra el c\u00e0ncer - FECEC","og_description":"Coincidiendo con el 4 de febrero, D\u00eda Mundial contra el C\u00e1ncer, se han publicado las cifras del c\u00e1ncer en Espa\u00f1a por este 2023. En total, se espera que en todo el Estado se registren 279.260 casos nuevos de c\u00e1ncer, enfrente los 280.100 de 2022, seg\u00fan las cifras que ha hecho p\u00fablicas la Sociedad Espa\u00f1ola de [...]","og_url":"https:\/\/juntscontraelcancer.cat\/es\/dia-mundial-contra-el-cancer-la-fecec-junts-contra-el-cancer-reclama-que-se-garantice-la-proteccion-social-y-laboral-de-las-personas-que-han-superado-o-cronificado-la-enfermedad\/","og_site_name":"Junts contra el c\u00e0ncer - FECEC","article_publisher":"https:\/\/www.facebook.com\/fecec.federacio\/","article_published_time":"2023-01-28T22:00:00+00:00","article_modified_time":"2023-06-12T09:51:19+00:00","og_image":[{"width":354,"height":145,"url":"https:\/\/juntscontraelcancer.cat\/wp-content\/uploads\/2023\/04\/Dia-Mundial-Cancer-cast1.png","type":"image\/png"}],"author":"Pukkas","twitter_card":"summary_large_image","twitter_creator":"@FececFederacio","twitter_site":"@FececFederacio","twitter_misc":{"Escrito por":"Pukkas","Tiempo de lectura":"3 minutos"},"schema":{"@context":"https:\/\/schema.org","@graph":[{"@type":"Article","@id":"https:\/\/juntscontraelcancer.cat\/es\/dia-mundial-contra-el-cancer-la-fecec-junts-contra-el-cancer-reclama-que-se-garantice-la-proteccion-social-y-laboral-de-las-personas-que-han-superado-o-cronificado-la-enfermedad\/#article","isPartOf":{"@id":"https:\/\/juntscontraelcancer.cat\/es\/dia-mundial-contra-el-cancer-la-fecec-junts-contra-el-cancer-reclama-que-se-garantice-la-proteccion-social-y-laboral-de-las-personas-que-han-superado-o-cronificado-la-enfermedad\/"},"author":{"name":"Pukkas","@id":"https:\/\/juntscontraelcancer.cat\/es\/#\/schema\/person\/14c85cb9b3aeddea8f9087bea375813f"},"headline":"D\u00eda Mundial contra el C\u00e1ncer: La FECEC, Junts contra el C\u00e0ncer reclama que se garantice la protecci\u00f3n social y laboral de las personas que han superado o cronificado la enfermedad","datePublished":"2023-01-28T22:00:00+00:00","dateModified":"2023-06-12T09:51:19+00:00","mainEntityOfPage":{"@id":"https:\/\/juntscontraelcancer.cat\/es\/dia-mundial-contra-el-cancer-la-fecec-junts-contra-el-cancer-reclama-que-se-garantice-la-proteccion-social-y-laboral-de-las-personas-que-han-superado-o-cronificado-la-enfermedad\/"},"wordCount":724,"publisher":{"@id":"https:\/\/juntscontraelcancer.cat\/es\/#organization"},"image":{"@id":"https:\/\/juntscontraelcancer.cat\/es\/dia-mundial-contra-el-cancer-la-fecec-junts-contra-el-cancer-reclama-que-se-garantice-la-proteccion-social-y-laboral-de-las-personas-que-han-superado-o-cronificado-la-enfermedad\/#primaryimage"},"thumbnailUrl":"https:\/\/juntscontraelcancer.cat\/wp-content\/uploads\/2023\/04\/Dia-Mundial-Cancer-cast1.png","articleSection":["Actualidad","Actualitat","Destacadas","Destacats"],"inLanguage":"es"},{"@type":"WebPage","@id":"https:\/\/juntscontraelcancer.cat\/es\/dia-mundial-contra-el-cancer-la-fecec-junts-contra-el-cancer-reclama-que-se-garantice-la-proteccion-social-y-laboral-de-las-personas-que-han-superado-o-cronificado-la-enfermedad\/","url":"https:\/\/juntscontraelcancer.cat\/es\/dia-mundial-contra-el-cancer-la-fecec-junts-contra-el-cancer-reclama-que-se-garantice-la-proteccion-social-y-laboral-de-las-personas-que-han-superado-o-cronificado-la-enfermedad\/","name":"D\u00eda Mundial contra el C\u00e1ncer: La FECEC, Junts contra el C\u00e0ncer reclama que se garantice la protecci\u00f3n social y laboral de las personas que han superado o cronificado la enfermedad - Junts contra el c\u00e0ncer - FECEC","isPartOf":{"@id":"https:\/\/juntscontraelcancer.cat\/es\/#website"},"primaryImageOfPage":{"@id":"https:\/\/juntscontraelcancer.cat\/es\/dia-mundial-contra-el-cancer-la-fecec-junts-contra-el-cancer-reclama-que-se-garantice-la-proteccion-social-y-laboral-de-las-personas-que-han-superado-o-cronificado-la-enfermedad\/#primaryimage"},"image":{"@id":"https:\/\/juntscontraelcancer.cat\/es\/dia-mundial-contra-el-cancer-la-fecec-junts-contra-el-cancer-reclama-que-se-garantice-la-proteccion-social-y-laboral-de-las-personas-que-han-superado-o-cronificado-la-enfermedad\/#primaryimage"},"thumbnailUrl":"https:\/\/juntscontraelcancer.cat\/wp-content\/uploads\/2023\/04\/Dia-Mundial-Cancer-cast1.png","datePublished":"2023-01-28T22:00:00+00:00","dateModified":"2023-06-12T09:51:19+00:00","breadcrumb":{"@id":"https:\/\/juntscontraelcancer.cat\/es\/dia-mundial-contra-el-cancer-la-fecec-junts-contra-el-cancer-reclama-que-se-garantice-la-proteccion-social-y-laboral-de-las-personas-que-han-superado-o-cronificado-la-enfermedad\/#breadcrumb"},"inLanguage":"es","potentialAction":[{"@type":"ReadAction","target":["https:\/\/juntscontraelcancer.cat\/es\/dia-mundial-contra-el-cancer-la-fecec-junts-contra-el-cancer-reclama-que-se-garantice-la-proteccion-social-y-laboral-de-las-personas-que-han-superado-o-cronificado-la-enfermedad\/"]}]},{"@type":"ImageObject","inLanguage":"es","@id":"https:\/\/juntscontraelcancer.cat\/es\/dia-mundial-contra-el-cancer-la-fecec-junts-contra-el-cancer-reclama-que-se-garantice-la-proteccion-social-y-laboral-de-las-personas-que-han-superado-o-cronificado-la-enfermedad\/#primaryimage","url":"https:\/\/juntscontraelcancer.cat\/wp-content\/uploads\/2023\/04\/Dia-Mundial-Cancer-cast1.png","contentUrl":"https:\/\/juntscontraelcancer.cat\/wp-content\/uploads\/2023\/04\/Dia-Mundial-Cancer-cast1.png","width":354,"height":145},{"@type":"BreadcrumbList","@id":"https:\/\/juntscontraelcancer.cat\/es\/dia-mundial-contra-el-cancer-la-fecec-junts-contra-el-cancer-reclama-que-se-garantice-la-proteccion-social-y-laboral-de-las-personas-que-han-superado-o-cronificado-la-enfermedad\/#breadcrumb","itemListElement":[{"@type":"ListItem","position":1,"name":"Inicio","item":"https:\/\/juntscontraelcancer.cat\/es\/"},{"@type":"ListItem","position":2,"name":"D\u00eda Mundial contra el C\u00e1ncer: La FECEC, Junts contra el C\u00e0ncer reclama que se garantice la protecci\u00f3n social y laboral de las personas que han superado o cronificado la enfermedad"}]},{"@type":"WebSite","@id":"https:\/\/juntscontraelcancer.cat\/es\/#website","url":"https:\/\/juntscontraelcancer.cat\/es\/","name":"Junts contra el c\u00e0ncer - FECEC","description":"","publisher":{"@id":"https:\/\/juntscontraelcancer.cat\/es\/#organization"},"potentialAction":[{"@type":"SearchAction","target":{"@type":"EntryPoint","urlTemplate":"https:\/\/juntscontraelcancer.cat\/es\/?s={search_term_string}"},"query-input":{"@type":"PropertyValueSpecification","valueRequired":true,"valueName":"search_term_string"}}],"inLanguage":"es"},{"@type":"Organization","@id":"https:\/\/juntscontraelcancer.cat\/es\/#organization","name":"Junts contra el c\u00e0ncer - FECEC","url":"https:\/\/juntscontraelcancer.cat\/es\/","logo":{"@type":"ImageObject","inLanguage":"es","@id":"https:\/\/juntscontraelcancer.cat\/es\/#\/schema\/logo\/image\/","url":"https:\/\/juntscontraelcancer.cat\/wp-content\/uploads\/2023\/01\/logo-fecec-header.png","contentUrl":"https:\/\/juntscontraelcancer.cat\/wp-content\/uploads\/2023\/01\/logo-fecec-header.png","width":126,"height":74,"caption":"Junts contra el c\u00e0ncer - FECEC"},"image":{"@id":"https:\/\/juntscontraelcancer.cat\/es\/#\/schema\/logo\/image\/"},"sameAs":["https:\/\/www.facebook.com\/fecec.federacio\/","https:\/\/x.com\/FececFederacio","https:\/\/www.instagram.com\/fececfederacio\/?hl=es","https:\/\/www.youtube.com\/channel\/UCgAC_6c6hmHwMQhSCQyYBdA"]},{"@type":"Person","@id":"https:\/\/juntscontraelcancer.cat\/es\/#\/schema\/person\/14c85cb9b3aeddea8f9087bea375813f","name":"Pukkas","image":{"@type":"ImageObject","inLanguage":"es","@id":"https:\/\/secure.gravatar.com\/avatar\/7433209641beafe57dbfd32b83f1c28fb7da2f23c98b47d02c7623ce350a0e9f?s=96&d=mm&r=g","url":"https:\/\/secure.gravatar.com\/avatar\/7433209641beafe57dbfd32b83f1c28fb7da2f23c98b47d02c7623ce350a0e9f?s=96&d=mm&r=g","contentUrl":"https:\/\/secure.gravatar.com\/avatar\/7433209641beafe57dbfd32b83f1c28fb7da2f23c98b47d02c7623ce350a0e9f?s=96&d=mm&r=g","caption":"Pukkas"},"sameAs":["https:\/\/juntscontraelcancer.cat"]}]}},"_links":{"self":[{"href":"https:\/\/juntscontraelcancer.cat\/es\/wp-json\/wp\/v2\/posts\/15043","targetHints":{"allow":["GET"]}}],"collection":[{"href":"https:\/\/juntscontraelcancer.cat\/es\/wp-json\/wp\/v2\/posts"}],"about":[{"href":"https:\/\/juntscontraelcancer.cat\/es\/wp-json\/wp\/v2\/types\/post"}],"author":[{"embeddable":true,"href":"https:\/\/juntscontraelcancer.cat\/es\/wp-json\/wp\/v2\/users\/1"}],"replies":[{"embeddable":true,"href":"https:\/\/juntscontraelcancer.cat\/es\/wp-json\/wp\/v2\/comments?post=15043"}],"version-history":[{"count":1,"href":"https:\/\/juntscontraelcancer.cat\/es\/wp-json\/wp\/v2\/posts\/15043\/revisions"}],"predecessor-version":[{"id":15044,"href":"https:\/\/juntscontraelcancer.cat\/es\/wp-json\/wp\/v2\/posts\/15043\/revisions\/15044"}],"wp:featuredmedia":[{"embeddable":true,"href":"https:\/\/juntscontraelcancer.cat\/es\/wp-json\/wp\/v2\/media\/15045"}],"wp:attachment":[{"href":"https:\/\/juntscontraelcancer.cat\/es\/wp-json\/wp\/v2\/media?parent=15043"}],"wp:term":[{"taxonomy":"category","embeddable":true,"href":"https:\/\/juntscontraelcancer.cat\/es\/wp-json\/wp\/v2\/categories?post=15043"},{"taxonomy":"post_tag","embeddable":true,"href":"https:\/\/juntscontraelcancer.cat\/es\/wp-json\/wp\/v2\/tags?post=15043"}],"curies":[{"name":"wp","href":"https:\/\/api.w.org\/{rel}","templated":true}]}}