{"id":15033,"date":"2023-01-27T00:00:00","date_gmt":"2023-01-26T22:00:00","guid":{"rendered":"https:\/\/junts.enproceso.es\/dia-mundial-contra-el-cancer-las-entidades-de-la-federacio-se-suman-a-la-campana-con-sus-actividades\/"},"modified":"2023-06-12T11:51:19","modified_gmt":"2023-06-12T09:51:19","slug":"dia-mundial-contra-el-cancer-las-entidades-de-la-federacio-se-suman-a-la-campana-con-sus-actividades","status":"publish","type":"post","link":"https:\/\/juntscontraelcancer.cat\/es\/dia-mundial-contra-el-cancer-las-entidades-de-la-federacio-se-suman-a-la-campana-con-sus-actividades\/","title":{"rendered":"D\u00eda Mundial contra el C\u00e1ncer: las entidades de la Federaci\u00f3 se suman a la campa\u00f1a con sus actividades"},"content":{"rendered":"<p><strong>Este 4 de febrero se celebra, como cada a\u00f1o, el D\u00eda Mundial contra el C\u00e1ncer. Las entidades de la FECEC, Junts contra el C\u00e0ncer se suman a esta conmemoraci\u00f3n con m\u00faltiples actividades durante la jornada y los d\u00edas previos y posteriores. Adem\u00e1s, como cada a\u00f1o, se a\u00f1aden a la campa\u00f1a internacional, que por segundo a\u00f1o lleva por lema es \u00abPor unos cuidados m\u00e1s justos\u00bb. Centenares de actividades se celebrar\u00e1n en todo el mundo para recordarnos nuestro papel necesario y activo para reducir el impacto mundial del c\u00e1ncer.<\/strong><\/p>\n<p><strong>CAMPA\u00d1A INTERNACIONAL \u00abPOR UNOS CUIDADOS M\u00c1S JUSTOS\u00bb<\/strong><\/p>\n<p>El D\u00eda Mundial contra el C\u00e1ncer, creado en 2000, ha crecido hasta convertirse en un movimiento positivo para que todos, en cualquier lugar, se unan en una sola voz que se enfrente a uno de los mayores desaf\u00edos de nuestra historia. La campa\u00f1a est\u00e1 impulsada por la <strong><a href=\"https:\/\/www.uicc.org\/\" rel=\"noopener\" target=\"_blank\">Union for International Cancer Control (UICC)<\/a><\/strong>, un organismo que lidera y unifica esta convocatoria bajo un mismo lema mundial.<\/p>\n<p>Por segundo a\u00f1o consecutivo, el lema es \u00abPor unos cuidados m\u00e1s justos\u00bb. La mitad de la poblaci\u00f3n mundial no tiene acceso a todos los servicios sanitarios esenciales. En relaci\u00f3n con el c\u00e1ncer, a muchas personas se nos niega la atenci\u00f3n b\u00e1sica, a pesar de que vivimos en un tiempo de avances impresionantes en la prevenci\u00f3n, diagn\u00f3stico y tratamiento del c\u00e1ncer.<\/p>\n<p>Se trata de la desigualdad, y est\u00e1 costando vidas. Quienes buscan tratamiento contra el c\u00e1ncer encuentran barreras a cada paso. Los ingresos, la educaci\u00f3n, la localizaci\u00f3n geogr\u00e1fica y la discriminaci\u00f3n basada en la etnia, raza, g\u00e9nero, orientaci\u00f3n sexual, edad, discapacidad y estilo de vida solo son unos pocos de los factores que pueden afectar negativamente la atenci\u00f3n. Los grupos m\u00e1s desfavorecidos son tambi\u00e9n aquellos con m\u00e1s probabilidad de tener mayor exposici\u00f3n a factores de riesgo como el tabaco, una dieta poco saludable o peligros medioambientales.<\/p>\n<p>La falta de igualdad afecta a todo el mundo. Quiz\u00e1s que te parezca que la brecha de igualdad no te afecta personalmente, pero seguramente afecta a alguien que conoces. Podemos acabar con la desigualdad. La realidad hoy en d\u00eda es que qui\u00e9n seas y d\u00f3nde vivas puede suponer la diferencia entre la vida y la muerte y no es justo. Pero podemos cambiarlo. Es nuestro momento de actuar.<\/p>\n<p>M\u00e1s informaci\u00f3n a <a href=\"http:\/\/www.worldcancerday.org\" rel=\"noopener\" target=\"_blank\"><strong>www.worldcancerday.org<\/strong><\/a><\/p>\n<p><img loading=\"lazy\" decoding=\"async\" src=\"https:\/\/juntscontraelcancer.cat\/wp-content\/uploads\/2023\/04\/poster-REDES-SOCIALES-1024x1024.png\" alt=\"poster REDES SOCIALES\" width=\"625\" height=\"625\" class=\"alignnone size-large wp-image-39673\" \/><\/p>\n<hr \/>\n<p>Estas son algunas de las actividades programadas que iremos actualizando durante los pr\u00f3ximos d\u00edas:<\/p>\n<p><strong>FEDERACI\u00d3 CATALANA D&#8217;ENTITATS CONTRA EL C\u00c0NCER<br \/>\n<\/strong><\/p>\n<p>La FECEC, Junts contra el C\u00e0ncer organiza el primero de los Di\u00e1logos de 2023. En esta ocasi\u00f3n, lleva por nombre <a href=\"https:\/\/www.juntscontraelcancer.cat\/es\/news\/tens-cancer-et-ajudar-dialeg-fecec-junts-contra-cancer-2023\/\" rel=\"noopener\" target=\"_blank\">\u00ab\u00bfTienes c\u00e1ncer? !Te podemos ayudar!\u00bb<\/a> y tratar\u00e1 sobre los diferentes servicios que nuestras entidades federadas ofrecen a las personas diagnosticadas de c\u00e1ncer y a sus familias. Ser\u00e1 el pr\u00f3ximo 1 de febrero a las 19h. en streaming (en nuestro canal de YouTube). <a href=\"https:\/\/www.juntscontraelcancer.cat\/inscripcio-cicle-dialegs-tens-cancer-et-ajudar\/\" rel=\"noopener\" target=\"_blank\">\u00a1Inscripciones abiertas!<\/a><\/p>\n<p><img loading=\"lazy\" decoding=\"async\" src=\"https:\/\/juntscontraelcancer.cat\/wp-content\/uploads\/2023\/04\/Facebook-1-febrer-Cancer.png\" alt=\"Facebook 1 febrer - C\u00e0ncer\" width=\"1200\" height=\"628\" class=\"alignnone size-full wp-image-39689\" \/><\/p>\n<p><strong>ONCOLLIGA GIRONA<\/strong><\/p>\n<p>El 5 de febrero se celebra la 9.\u00aa edici\u00f3n de la carrera Run4Cancer, una de las pruebas deportivas solidarias m\u00e1s emblem\u00e1ticas de Oncolliga Girona. La carrera tendr\u00e1 lugar en 12 poblaciones gerundenses: <strong>Salt, Palafrugell, Navata, Porqueres, Olot, Planoles, Riudellots de la Selva, Tossa de Mar, Angl\u00e8s, Bellcaire d&#8217;Empord\u00e0, Ma\u00e7anet de la Selva y Fla\u00e7\u00e0 \u2013 Sant Joan de Mollet.<\/strong> <a href=\"https:\/\/oncolligagirona.cat\/reptes-solidaris\/run4cancer\/el-repte\/inscripcions.html\" target=\"_blank\" rel=\"noopener\">Inscripciones en la web de la entidad<\/a>.<\/p>\n<p><img loading=\"lazy\" decoding=\"async\" src=\"https:\/\/juntscontraelcancer.cat\/wp-content\/uploads\/2023\/04\/TOP_RUN4CANCER-1-1024x355.jpg\" alt=\"TOP_RUN4CANCER\" width=\"625\" height=\"217\" class=\"alignnone size-large wp-image-39651\" \/><\/p>\n<p>Y el 2 de febrero, Oncolliga Girona organiza la conferencia-coloquio \u00abEls pacients amb c\u00e0ncer viuen m\u00e9s. L&#8217;evid\u00e8ncia epidemiol\u00f2gica\u00bb, en la cual se analizar\u00e1n los datos del estudio internacional Concord sobre la supervivencia al c\u00e1ncer y se explicar\u00e1 c\u00f3mo se trabaja al Registro de C\u00e1ncer de Girona.la conferencia ir\u00e1 a cargo del Dr. Rafael Marcos-Gragera, investigador de l&#8217;IDIBGI &#8211; Institut Investigaci\u00f3 Biom\u00e9dica de Girona y epidemi\u00f3logo del ICO-Pla Director de Oncologia. El acto ser\u00e1 presencial, en el Hotel Carlemany (19h) y tambi\u00e9n se retransmitir\u00e1 en directo por<br \/>\n<a href=\"https:\/\/www.youtube.com\/watch?v=dqutWH08WxQ\" rel=\"noopener\" target=\"_blank\">Youtube<\/a>.<\/p>\n<p><img loading=\"lazy\" decoding=\"async\" src=\"https:\/\/juntscontraelcancer.cat\/wp-content\/uploads\/2023\/04\/Captura-de-pantalla-2023-01-24-125216.png\" alt=\"Captura de pantalla 2023-01-24 125216\" width=\"699\" height=\"697\" class=\"alignnone size-full wp-image-39700\" \/><\/p>\n<p><strong>FUNDACI\u00d3 ONCOLLIGA<\/strong><\/p>\n<p>El lunes 6 febrero, a las 19 horas, en el <strong>Teatro Romea de Barcelona<\/strong> tendr\u00e1 lugar una funci\u00f3n en beneficio de la <strong>Fundaci\u00f3 Oncolliga Barcelona<\/strong> con la representaci\u00f3n de la obra \u201c360 grams\u201d, de Ada Vilar\u00f3. El acto contar\u00e1 tambi\u00e9n con la colaboraci\u00f3n especial de la pianista Clara Peya.<\/p>\n<p>\u201c360 grams\u201d es una pieza po\u00e9tica, un canto en la vida que la creadora evoca a partir de su experiencia \u00edntima, fr\u00e1gil y real con un c\u00e1ncer, que sacude el p\u00fablico y que ha obtenido el reconocimiento de cr\u00edtica y del p\u00fablico por todas partes y ha sido premiada con el \u201cFITT nuevas dramaturgias 2021\u201d as\u00ed como tambi\u00e9n con el premio \u201cTerritorio Violeta 2021\u201d.<br \/>\n<a href=\"https:\/\/proticketing.com\/teatreromea\/ca_ES\/entradas\/evento\/28042\/session\/1566962\/select?viewCode=Vista_Principal\" target=\"_blank\" rel=\"noopener\">Compra tu entrada en este enlace<\/a>.<\/p>\n<p><img loading=\"lazy\" decoding=\"async\" src=\"https:\/\/juntscontraelcancer.cat\/wp-content\/uploads\/2023\/04\/3a4619cf-0e4f-6f77-bbf3-3e4f66b6982f-1024x576.jpg\" alt=\"3a4619cf-0e4f-6f77-bbf3-3e4f66b6982f\" width=\"625\" height=\"352\" class=\"alignnone size-large wp-image-39658\" \/><\/p>\n<p>Y en Pineda de Mar, del 30 de enero al 4 de febrero tendr\u00e1 lugar la Jornada \u00abSetmana de la lluita contra el C\u00e0ncer\u00bb, donde intervendr\u00e1 la presidenta de la Fundaci\u00f3 Oncolliga y de la FECEC, Junts contra el C\u00e1ncer, M. Assumpci\u00f3 Vil\u00e0.<\/p>\n<p><img loading=\"lazy\" decoding=\"async\" src=\"https:\/\/juntscontraelcancer.cat\/wp-content\/uploads\/2023\/04\/1200-Setmana-Cancer-1-1024x1024.jpg\" alt=\"1200-Setmana-Cancer-1\" width=\"625\" height=\"625\" class=\"alignnone size-large wp-image-39667\" \/><\/p>\n<p><img loading=\"lazy\" decoding=\"async\" src=\"https:\/\/juntscontraelcancer.cat\/wp-content\/uploads\/2023\/04\/1200-Setmana-Cancer-2-300x300.jpg\" alt=\"1200-Setmana-Cancer-2\" width=\"625\" height=\"625\" class=\"alignnone size-medium wp-image-39668\" \/><\/p>\n<p>En Sabadell, el mismo 4 de febrero se celebrar\u00e1 la Diada Oncolliga de l&#8217;Esport, con actividades dirigidas abiertas a todo el mundo. Ser\u00e1 al Club de Tennis Sabadell (c. Prat de la Riba, 91), a partir de las 9h. El donativo ser\u00e1 de 2\u20ac por clase.<\/p>\n<p><img loading=\"lazy\" decoding=\"async\" src=\"https:\/\/juntscontraelcancer.cat\/wp-content\/uploads\/2023\/04\/Captura-de-pantalla-2023-01-31-104350.png\" alt=\"Captura de pantalla 2023-01-31 104350\" width=\"546\" height=\"697\" class=\"alignnone size-full wp-image-39735\" \/><\/p>\n<p><strong>AFANOC<\/strong><\/p>\n<p>La entidad <strong>AFANOC <\/strong>tiene previstos dos conciertos en la jornada del 4 de febrero dentro del ciclo de actuaciones <strong>Rock pels Xuklis<\/strong>. El primero tendr\u00e1 lugar en la <strong>Sala Salamandra de L&#8217;Hospitalet de Llobregat<\/strong>, un concierto de las bandas Encanto de loco (tributo a El canto del loco), Hombres B (tributo a Hombres G) y Son de rosas (tributo a La Oreja de Van Gogh). <a href=\"https:\/\/entradas.codetickets.com\/entradas\/son-de-rosas-+-hombres-b-+-encanto-del-loco-rockpelsxuclis\/36282\/salamandra\/online\" target=\"_blank\" rel=\"noopener\">Entradas en este enlace<\/a>.<\/p>\n<p>El segundo de los conciertos ser\u00e1 un tributo a la cantante Luz Casal con LocA en la sala <strong>Luz de Gas<\/strong> de Barcelona. <a href=\"https:\/\/entradium.com\/es\/events\/loca-tributo-a-luz-casal\" target=\"_blank\" rel=\"noopener\">Entradas aqu\u00ed<\/a>.<\/p>\n<p><img loading=\"lazy\" decoding=\"async\" src=\"https:\/\/juntscontraelcancer.cat\/wp-content\/uploads\/2023\/04\/Captura-de-pantalla-2023-01-11-084934.png\" alt=\"Captura de pantalla 2023-01-11 084934\" width=\"484\" height=\"697\" class=\"alignnone size-full wp-image-39620\" \/><\/p>\n<p>Y tambi\u00e9n, el 4 de febrero tendr\u00e1 lugar la <a href=\"https:\/\/afanoc.org\/event\/3a-travessa-solidaria-montblancmora23\/\" rel=\"noopener\" target=\"_blank\">3.\u00aa Traves\u00eda Solidaria Montblanc Mora 2023<\/a>, una traves\u00eda de larga duraci\u00f3n que enlaza a lo largo de 100 km y 3500 metros de desnivel Montblanc y M\u00f3ra la Nova, pasando por varios municipios y atravesando Monta\u00f1as de Prades y la Sierra del Montsant. Toda la recaudaci\u00f3n ir\u00e1 a favor de Afanoc.<\/p>\n<p><strong>FUNDACI\u00d3N K\u0100LIDA<\/strong><\/p>\n<p>La <a href=\"https:\/\/www.fundaciokalida.org\/es\" rel=\"noopener\" target=\"_blank\">Fundaci\u00f3n K\u0101lida<\/a> organiza el 2 de febrero a les 12h. \u00abUn caf\u00e9 con Dra. Sancho y el Dr. Carrasco\u00bb, directores de Oncolog\u00eda Radioter\u00e1pica, Radiof\u00edsica y Radioprotecci\u00f3n del Hospital Sant Pau. Informar\u00e1n sobre los diferentes tipos de radiaci\u00f3n (ambiental, pruebas diagn\u00f3sticas) y los tratamientos de radioterapia en oncolog\u00eda. Todo esto en un ambiente informal y pr\u00f3ximo, donde los participantes podr\u00e1n hacer las preguntas que consideren. El encuentro ser\u00e1 facilitado por la psicooncologa de K\u0101lida Sant Pau. <a href=\"https:\/\/www.fundaciokalida.org\/es\/evento\/un-cafe-amb-dra-sancho-i-el-dr-carrasco\/\" rel=\"noopener\" target=\"_blank\">Inscripciones en este enlace.<\/a><\/p>\n<p><strong>LLIGA CONTRA EL C\u00c0NCER DE TARRAGONA I LES TERRES DE L&#8217;EBRE<br \/>\n<\/strong><\/p>\n<p>El acto central de la Lliga contra el C\u00e0ncer de Tarragona ser\u00e1 en <strong>La Llotja de Reus<\/strong>., que acoger\u00e1 la jornada \u00abPlantem-li cara\u00bb, con conferencias, una mesa redonda, un vermut, m\u00fasica y lectura de textos para concienciar sobre la enfermedad. <\/p>\n<p><img loading=\"lazy\" decoding=\"async\" src=\"https:\/\/juntscontraelcancer.cat\/wp-content\/uploads\/2023\/04\/Captura-de-pantalla-2023-01-23-164718-241x300.png\" alt=\"Captura de pantalla 2023-01-23 164718\" width=\"559\" height=\"696\" class=\"alignnone size-medium wp-image-39697\" \/><\/p>\n<p><a href=\"https:\/\/www.juntscontraelcancer.cat\/wp-content\/uploads\/2023\/01\/Programa-DM-ca%CC%80ncer.pdf\" rel=\"noopener\" target=\"_blank\">Descarga aqu\u00ed el programa<\/a>.<\/p>\n<p>La <strong>Lliga de Tarragona<\/strong> organiza tambi\u00e9n el 4 de febrero a Amposta una exposici\u00f3n fotogr\u00e1fica y una mesa redonda con profesionales del \u00e1mbito oncol\u00f3gico, supervivientes del c\u00e1ncer de mama, modelos de la exposici\u00f3n y las fot\u00f3grafas del proyecto.<\/p>\n<p><img loading=\"lazy\" decoding=\"async\" src=\"https:\/\/juntscontraelcancer.cat\/wp-content\/uploads\/2023\/04\/1671034371-724x1024.jpg\" alt=\"1671034371\" width=\"625\" height=\"884\" class=\"alignnone size-large wp-image-39660\" \/><\/p>\n<p>Y dos mesas informar\u00e1n sobre la enfermedad, una en el Hospital Universitari Sant Joan de Reus el 4 de febrero (de 9 a 13 h) y otra en el Verge de la Cinta de Tortosa (el 3 de febrero).<\/p>\n<p>Y el mismo 4 de febrero tendr\u00e1 lugar la Carrera contra el C\u00e1ncer en Riba-roja d&#8217;Ebre.<\/p>\n<p><strong>ONCOVALL\u00c8S<\/strong><\/p>\n<p>La entidad vallesana aprovecha la jornada para comenzar su actividad de <strong>Marcha N\u00f3rdica por Granollers <\/strong>que tendr\u00e1 lugar todos los mi\u00e9rcoles de 19 a 20h.<\/p>\n<p><strong>ASSOCIACI\u00d3 F\u00c8NIX D&#8217;AJUDA I SUPORT CONTRA EL C\u00c0NCER<br \/>\n<\/strong><\/p>\n<p>La asociaci\u00f3n de Solsona organiza una jornada en la Pla\u00e7a de la Catedral de la localidad, que contar\u00e1 con la actuaci\u00f3n de la <strong>Escuela de Danza de Solsona<\/strong>, la lectura de un manifiesto y el encendido simb\u00f3lico de velas.<\/p>\n<p><strong>VILASSAR DE DALT CONTRA EL C\u00c0NCER<\/strong><\/p>\n<p>La entidad del Maresme trabaja este a\u00f1o para sensibilizar sobre el melanoma, un tipo de c\u00e1ncer de piel, haciendo \u00e9nfasis en su prevenci\u00f3n. En este contexto, os invitan a la primera actividad sobre esta tem\u00e1tica la conferencia \u00abHablemos del Melanoma\u00bb.<\/p>\n<p>El invitado ser\u00e1 el Dr. Aram Boada Garc\u00eda, especialista en Dermatolog\u00eda y Responsable de la Unidad de Melanoma y Lesiones Pigmentarias en el Hospital Germans Trias i Pujol.<\/p>\n<p>Viernes 3 de febrero a las 19 h.<br \/>\nBiblioteca Can Manyer (Miquel Mart\u00ed i Pol, 6, Vilassar de Dalt)<\/p>\n<p><img loading=\"lazy\" decoding=\"async\" src=\"https:\/\/juntscontraelcancer.cat\/wp-content\/uploads\/2023\/04\/Captura-de-pantalla-2023-01-31-104012-252x300.png\" alt=\"Captura de pantalla 2023-01-31 104012\" width=\"717\" height=\"853\" class=\"alignnone size-medium wp-image-39734\" \/><\/p>\n<p><strong>ONCOLLIGA LLEIDA<br \/>\n<\/strong><\/p>\n<p>\u00bfRealmente qu\u00e9 sabemos del c\u00e1ncer ? ?+\u00bfC\u00f3mo afecta a quien lo sufre? \u00bfQu\u00e9 impacto tiene en las personas de su entorno? Este viernes, la psic\u00f3loga Anna Guiral, colaboradora de <a href=\"https:\/\/www.contraelcancer.org\/\" rel=\"noopener\" target=\"_blank\">Oncolliga Lleida<\/a>, hablar\u00e1 de este tema a la charla \u00abEl c\u00e1ncer y el impacto en todas las esferas de la persona\u00bb.<\/p>\n<p>Viernes, 3 de febrero 2023 a las 18h<br \/>\nLugar: Sala de actos de la Pla\u00e7a Catalunya de Torres de Segre <\/p>\n<p><img loading=\"lazy\" decoding=\"async\" src=\"https:\/\/juntscontraelcancer.cat\/wp-content\/uploads\/2023\/04\/oncolliga_LL.jpg\" alt=\"oncolliga_LL\" width=\"828\" height=\"1019\" class=\"alignnone size-full wp-image-39756\" \/><\/p>\n","protected":false},"excerpt":{"rendered":"<p>Este 4 de febrero se celebra, como cada a\u00f1o, el D\u00eda Mundial contra el C\u00e1ncer. Las entidades de la FECEC, Junts contra el C\u00e0ncer se suman a esta conmemoraci\u00f3n con m\u00faltiples actividades durante la jornada y los d\u00edas previos y posteriores. Adem\u00e1s, como cada a\u00f1o, se a\u00f1aden a la campa\u00f1a internacional, que por segundo a\u00f1o [&#8230;]\n","protected":false},"author":1,"featured_media":15036,"comment_status":"closed","ping_status":"open","sticky":false,"template":"","format":"standard","meta":{"_acf_changed":false,"inline_featured_image":false,"footnotes":""},"categories":[84,3,86,68],"tags":[],"class_list":["post-15033","post","type-post","status-publish","format-standard","has-post-thumbnail","hentry","category-actualidad","category-actualitat","category-destacadas","category-destaquem"],"acf":[],"yoast_head":"<!-- This site is optimized with the Yoast SEO plugin v27.3 - https:\/\/yoast.com\/product\/yoast-seo-wordpress\/ -->\n<title>D\u00eda Mundial contra el C\u00e1ncer: las entidades de la Federaci\u00f3 se suman a la campa\u00f1a con sus actividades - Junts contra el c\u00e0ncer - FECEC<\/title>\n<meta name=\"robots\" content=\"index, follow, max-snippet:-1, max-image-preview:large, max-video-preview:-1\" \/>\n<link rel=\"canonical\" href=\"https:\/\/juntscontraelcancer.cat\/es\/dia-mundial-contra-el-cancer-las-entidades-de-la-federacio-se-suman-a-la-campana-con-sus-actividades\/\" \/>\n<meta property=\"og:locale\" content=\"es_ES\" \/>\n<meta property=\"og:type\" content=\"article\" \/>\n<meta property=\"og:title\" content=\"D\u00eda Mundial contra el C\u00e1ncer: las entidades de la Federaci\u00f3 se suman a la campa\u00f1a con sus actividades - Junts contra el c\u00e0ncer - FECEC\" \/>\n<meta property=\"og:description\" content=\"Este 4 de febrero se celebra, como cada a\u00f1o, el D\u00eda Mundial contra el C\u00e1ncer. Las entidades de la FECEC, Junts contra el C\u00e0ncer se suman a esta conmemoraci\u00f3n con m\u00faltiples actividades durante la jornada y los d\u00edas previos y posteriores. Adem\u00e1s, como cada a\u00f1o, se a\u00f1aden a la campa\u00f1a internacional, que por segundo a\u00f1o [...]\" \/>\n<meta property=\"og:url\" content=\"https:\/\/juntscontraelcancer.cat\/es\/dia-mundial-contra-el-cancer-las-entidades-de-la-federacio-se-suman-a-la-campana-con-sus-actividades\/\" \/>\n<meta property=\"og:site_name\" content=\"Junts contra el c\u00e0ncer - FECEC\" \/>\n<meta property=\"article:publisher\" content=\"https:\/\/www.facebook.com\/fecec.federacio\/\" \/>\n<meta property=\"article:published_time\" content=\"2023-01-26T22:00:00+00:00\" \/>\n<meta property=\"article:modified_time\" content=\"2023-06-12T09:51:19+00:00\" \/>\n<meta property=\"og:image\" content=\"https:\/\/juntscontraelcancer.cat\/wp-content\/uploads\/2023\/04\/WCD23_Twitter_Cover_Spanish_1-scaled.jpg\" \/>\n\t<meta property=\"og:image:width\" content=\"2560\" \/>\n\t<meta property=\"og:image:height\" content=\"853\" \/>\n\t<meta property=\"og:image:type\" content=\"image\/jpeg\" \/>\n<meta name=\"author\" content=\"Pukkas\" \/>\n<meta name=\"twitter:card\" content=\"summary_large_image\" \/>\n<meta name=\"twitter:creator\" content=\"@FececFederacio\" \/>\n<meta name=\"twitter:site\" content=\"@FececFederacio\" \/>\n<meta name=\"twitter:label1\" content=\"Escrito por\" \/>\n\t<meta name=\"twitter:data1\" content=\"Pukkas\" \/>\n\t<meta name=\"twitter:label2\" content=\"Tiempo de lectura\" \/>\n\t<meta name=\"twitter:data2\" content=\"8 minutos\" \/>\n<script type=\"application\/ld+json\" class=\"yoast-schema-graph\">{\"@context\":\"https:\\\/\\\/schema.org\",\"@graph\":[{\"@type\":\"Article\",\"@id\":\"https:\\\/\\\/juntscontraelcancer.cat\\\/es\\\/dia-mundial-contra-el-cancer-las-entidades-de-la-federacio-se-suman-a-la-campana-con-sus-actividades\\\/#article\",\"isPartOf\":{\"@id\":\"https:\\\/\\\/juntscontraelcancer.cat\\\/es\\\/dia-mundial-contra-el-cancer-las-entidades-de-la-federacio-se-suman-a-la-campana-con-sus-actividades\\\/\"},\"author\":{\"name\":\"Pukkas\",\"@id\":\"https:\\\/\\\/juntscontraelcancer.cat\\\/es\\\/#\\\/schema\\\/person\\\/14c85cb9b3aeddea8f9087bea375813f\"},\"headline\":\"D\u00eda Mundial contra el C\u00e1ncer: las entidades de la Federaci\u00f3 se suman a la campa\u00f1a con sus actividades\",\"datePublished\":\"2023-01-26T22:00:00+00:00\",\"dateModified\":\"2023-06-12T09:51:19+00:00\",\"mainEntityOfPage\":{\"@id\":\"https:\\\/\\\/juntscontraelcancer.cat\\\/es\\\/dia-mundial-contra-el-cancer-las-entidades-de-la-federacio-se-suman-a-la-campana-con-sus-actividades\\\/\"},\"wordCount\":1585,\"publisher\":{\"@id\":\"https:\\\/\\\/juntscontraelcancer.cat\\\/es\\\/#organization\"},\"image\":{\"@id\":\"https:\\\/\\\/juntscontraelcancer.cat\\\/es\\\/dia-mundial-contra-el-cancer-las-entidades-de-la-federacio-se-suman-a-la-campana-con-sus-actividades\\\/#primaryimage\"},\"thumbnailUrl\":\"https:\\\/\\\/juntscontraelcancer.cat\\\/wp-content\\\/uploads\\\/2023\\\/04\\\/WCD23_Twitter_Cover_Spanish_1-scaled.jpg\",\"articleSection\":[\"Actualidad\",\"Actualitat\",\"Destacadas\",\"Destacats\"],\"inLanguage\":\"es\"},{\"@type\":\"WebPage\",\"@id\":\"https:\\\/\\\/juntscontraelcancer.cat\\\/es\\\/dia-mundial-contra-el-cancer-las-entidades-de-la-federacio-se-suman-a-la-campana-con-sus-actividades\\\/\",\"url\":\"https:\\\/\\\/juntscontraelcancer.cat\\\/es\\\/dia-mundial-contra-el-cancer-las-entidades-de-la-federacio-se-suman-a-la-campana-con-sus-actividades\\\/\",\"name\":\"D\u00eda Mundial contra el C\u00e1ncer: las entidades de la Federaci\u00f3 se suman a la campa\u00f1a con sus actividades - Junts contra el c\u00e0ncer - FECEC\",\"isPartOf\":{\"@id\":\"https:\\\/\\\/juntscontraelcancer.cat\\\/es\\\/#website\"},\"primaryImageOfPage\":{\"@id\":\"https:\\\/\\\/juntscontraelcancer.cat\\\/es\\\/dia-mundial-contra-el-cancer-las-entidades-de-la-federacio-se-suman-a-la-campana-con-sus-actividades\\\/#primaryimage\"},\"image\":{\"@id\":\"https:\\\/\\\/juntscontraelcancer.cat\\\/es\\\/dia-mundial-contra-el-cancer-las-entidades-de-la-federacio-se-suman-a-la-campana-con-sus-actividades\\\/#primaryimage\"},\"thumbnailUrl\":\"https:\\\/\\\/juntscontraelcancer.cat\\\/wp-content\\\/uploads\\\/2023\\\/04\\\/WCD23_Twitter_Cover_Spanish_1-scaled.jpg\",\"datePublished\":\"2023-01-26T22:00:00+00:00\",\"dateModified\":\"2023-06-12T09:51:19+00:00\",\"breadcrumb\":{\"@id\":\"https:\\\/\\\/juntscontraelcancer.cat\\\/es\\\/dia-mundial-contra-el-cancer-las-entidades-de-la-federacio-se-suman-a-la-campana-con-sus-actividades\\\/#breadcrumb\"},\"inLanguage\":\"es\",\"potentialAction\":[{\"@type\":\"ReadAction\",\"target\":[\"https:\\\/\\\/juntscontraelcancer.cat\\\/es\\\/dia-mundial-contra-el-cancer-las-entidades-de-la-federacio-se-suman-a-la-campana-con-sus-actividades\\\/\"]}]},{\"@type\":\"ImageObject\",\"inLanguage\":\"es\",\"@id\":\"https:\\\/\\\/juntscontraelcancer.cat\\\/es\\\/dia-mundial-contra-el-cancer-las-entidades-de-la-federacio-se-suman-a-la-campana-con-sus-actividades\\\/#primaryimage\",\"url\":\"https:\\\/\\\/juntscontraelcancer.cat\\\/wp-content\\\/uploads\\\/2023\\\/04\\\/WCD23_Twitter_Cover_Spanish_1-scaled.jpg\",\"contentUrl\":\"https:\\\/\\\/juntscontraelcancer.cat\\\/wp-content\\\/uploads\\\/2023\\\/04\\\/WCD23_Twitter_Cover_Spanish_1-scaled.jpg\",\"width\":2560,\"height\":853},{\"@type\":\"BreadcrumbList\",\"@id\":\"https:\\\/\\\/juntscontraelcancer.cat\\\/es\\\/dia-mundial-contra-el-cancer-las-entidades-de-la-federacio-se-suman-a-la-campana-con-sus-actividades\\\/#breadcrumb\",\"itemListElement\":[{\"@type\":\"ListItem\",\"position\":1,\"name\":\"Inicio\",\"item\":\"https:\\\/\\\/juntscontraelcancer.cat\\\/es\\\/\"},{\"@type\":\"ListItem\",\"position\":2,\"name\":\"D\u00eda Mundial contra el C\u00e1ncer: las entidades de la Federaci\u00f3 se suman a la campa\u00f1a con sus actividades\"}]},{\"@type\":\"WebSite\",\"@id\":\"https:\\\/\\\/juntscontraelcancer.cat\\\/es\\\/#website\",\"url\":\"https:\\\/\\\/juntscontraelcancer.cat\\\/es\\\/\",\"name\":\"Junts contra el c\u00e0ncer - FECEC\",\"description\":\"\",\"publisher\":{\"@id\":\"https:\\\/\\\/juntscontraelcancer.cat\\\/es\\\/#organization\"},\"potentialAction\":[{\"@type\":\"SearchAction\",\"target\":{\"@type\":\"EntryPoint\",\"urlTemplate\":\"https:\\\/\\\/juntscontraelcancer.cat\\\/es\\\/?s={search_term_string}\"},\"query-input\":{\"@type\":\"PropertyValueSpecification\",\"valueRequired\":true,\"valueName\":\"search_term_string\"}}],\"inLanguage\":\"es\"},{\"@type\":\"Organization\",\"@id\":\"https:\\\/\\\/juntscontraelcancer.cat\\\/es\\\/#organization\",\"name\":\"Junts contra el c\u00e0ncer - FECEC\",\"url\":\"https:\\\/\\\/juntscontraelcancer.cat\\\/es\\\/\",\"logo\":{\"@type\":\"ImageObject\",\"inLanguage\":\"es\",\"@id\":\"https:\\\/\\\/juntscontraelcancer.cat\\\/es\\\/#\\\/schema\\\/logo\\\/image\\\/\",\"url\":\"https:\\\/\\\/juntscontraelcancer.cat\\\/wp-content\\\/uploads\\\/2023\\\/01\\\/logo-fecec-header.png\",\"contentUrl\":\"https:\\\/\\\/juntscontraelcancer.cat\\\/wp-content\\\/uploads\\\/2023\\\/01\\\/logo-fecec-header.png\",\"width\":126,\"height\":74,\"caption\":\"Junts contra el c\u00e0ncer - FECEC\"},\"image\":{\"@id\":\"https:\\\/\\\/juntscontraelcancer.cat\\\/es\\\/#\\\/schema\\\/logo\\\/image\\\/\"},\"sameAs\":[\"https:\\\/\\\/www.facebook.com\\\/fecec.federacio\\\/\",\"https:\\\/\\\/x.com\\\/FececFederacio\",\"https:\\\/\\\/www.instagram.com\\\/fececfederacio\\\/?hl=es\",\"https:\\\/\\\/www.youtube.com\\\/channel\\\/UCgAC_6c6hmHwMQhSCQyYBdA\"]},{\"@type\":\"Person\",\"@id\":\"https:\\\/\\\/juntscontraelcancer.cat\\\/es\\\/#\\\/schema\\\/person\\\/14c85cb9b3aeddea8f9087bea375813f\",\"name\":\"Pukkas\",\"image\":{\"@type\":\"ImageObject\",\"inLanguage\":\"es\",\"@id\":\"https:\\\/\\\/secure.gravatar.com\\\/avatar\\\/7433209641beafe57dbfd32b83f1c28fb7da2f23c98b47d02c7623ce350a0e9f?s=96&d=mm&r=g\",\"url\":\"https:\\\/\\\/secure.gravatar.com\\\/avatar\\\/7433209641beafe57dbfd32b83f1c28fb7da2f23c98b47d02c7623ce350a0e9f?s=96&d=mm&r=g\",\"contentUrl\":\"https:\\\/\\\/secure.gravatar.com\\\/avatar\\\/7433209641beafe57dbfd32b83f1c28fb7da2f23c98b47d02c7623ce350a0e9f?s=96&d=mm&r=g\",\"caption\":\"Pukkas\"},\"sameAs\":[\"https:\\\/\\\/juntscontraelcancer.cat\"]}]}<\/script>\n<!-- \/ Yoast SEO plugin. -->","yoast_head_json":{"title":"D\u00eda Mundial contra el C\u00e1ncer: las entidades de la Federaci\u00f3 se suman a la campa\u00f1a con sus actividades - Junts contra el c\u00e0ncer - FECEC","robots":{"index":"index","follow":"follow","max-snippet":"max-snippet:-1","max-image-preview":"max-image-preview:large","max-video-preview":"max-video-preview:-1"},"canonical":"https:\/\/juntscontraelcancer.cat\/es\/dia-mundial-contra-el-cancer-las-entidades-de-la-federacio-se-suman-a-la-campana-con-sus-actividades\/","og_locale":"es_ES","og_type":"article","og_title":"D\u00eda Mundial contra el C\u00e1ncer: las entidades de la Federaci\u00f3 se suman a la campa\u00f1a con sus actividades - Junts contra el c\u00e0ncer - FECEC","og_description":"Este 4 de febrero se celebra, como cada a\u00f1o, el D\u00eda Mundial contra el C\u00e1ncer. Las entidades de la FECEC, Junts contra el C\u00e0ncer se suman a esta conmemoraci\u00f3n con m\u00faltiples actividades durante la jornada y los d\u00edas previos y posteriores. Adem\u00e1s, como cada a\u00f1o, se a\u00f1aden a la campa\u00f1a internacional, que por segundo a\u00f1o [...]","og_url":"https:\/\/juntscontraelcancer.cat\/es\/dia-mundial-contra-el-cancer-las-entidades-de-la-federacio-se-suman-a-la-campana-con-sus-actividades\/","og_site_name":"Junts contra el c\u00e0ncer - FECEC","article_publisher":"https:\/\/www.facebook.com\/fecec.federacio\/","article_published_time":"2023-01-26T22:00:00+00:00","article_modified_time":"2023-06-12T09:51:19+00:00","og_image":[{"width":2560,"height":853,"url":"https:\/\/juntscontraelcancer.cat\/wp-content\/uploads\/2023\/04\/WCD23_Twitter_Cover_Spanish_1-scaled.jpg","type":"image\/jpeg"}],"author":"Pukkas","twitter_card":"summary_large_image","twitter_creator":"@FececFederacio","twitter_site":"@FececFederacio","twitter_misc":{"Escrito por":"Pukkas","Tiempo de lectura":"8 minutos"},"schema":{"@context":"https:\/\/schema.org","@graph":[{"@type":"Article","@id":"https:\/\/juntscontraelcancer.cat\/es\/dia-mundial-contra-el-cancer-las-entidades-de-la-federacio-se-suman-a-la-campana-con-sus-actividades\/#article","isPartOf":{"@id":"https:\/\/juntscontraelcancer.cat\/es\/dia-mundial-contra-el-cancer-las-entidades-de-la-federacio-se-suman-a-la-campana-con-sus-actividades\/"},"author":{"name":"Pukkas","@id":"https:\/\/juntscontraelcancer.cat\/es\/#\/schema\/person\/14c85cb9b3aeddea8f9087bea375813f"},"headline":"D\u00eda Mundial contra el C\u00e1ncer: las entidades de la Federaci\u00f3 se suman a la campa\u00f1a con sus actividades","datePublished":"2023-01-26T22:00:00+00:00","dateModified":"2023-06-12T09:51:19+00:00","mainEntityOfPage":{"@id":"https:\/\/juntscontraelcancer.cat\/es\/dia-mundial-contra-el-cancer-las-entidades-de-la-federacio-se-suman-a-la-campana-con-sus-actividades\/"},"wordCount":1585,"publisher":{"@id":"https:\/\/juntscontraelcancer.cat\/es\/#organization"},"image":{"@id":"https:\/\/juntscontraelcancer.cat\/es\/dia-mundial-contra-el-cancer-las-entidades-de-la-federacio-se-suman-a-la-campana-con-sus-actividades\/#primaryimage"},"thumbnailUrl":"https:\/\/juntscontraelcancer.cat\/wp-content\/uploads\/2023\/04\/WCD23_Twitter_Cover_Spanish_1-scaled.jpg","articleSection":["Actualidad","Actualitat","Destacadas","Destacats"],"inLanguage":"es"},{"@type":"WebPage","@id":"https:\/\/juntscontraelcancer.cat\/es\/dia-mundial-contra-el-cancer-las-entidades-de-la-federacio-se-suman-a-la-campana-con-sus-actividades\/","url":"https:\/\/juntscontraelcancer.cat\/es\/dia-mundial-contra-el-cancer-las-entidades-de-la-federacio-se-suman-a-la-campana-con-sus-actividades\/","name":"D\u00eda Mundial contra el C\u00e1ncer: las entidades de la Federaci\u00f3 se suman a la campa\u00f1a con sus actividades - Junts contra el c\u00e0ncer - FECEC","isPartOf":{"@id":"https:\/\/juntscontraelcancer.cat\/es\/#website"},"primaryImageOfPage":{"@id":"https:\/\/juntscontraelcancer.cat\/es\/dia-mundial-contra-el-cancer-las-entidades-de-la-federacio-se-suman-a-la-campana-con-sus-actividades\/#primaryimage"},"image":{"@id":"https:\/\/juntscontraelcancer.cat\/es\/dia-mundial-contra-el-cancer-las-entidades-de-la-federacio-se-suman-a-la-campana-con-sus-actividades\/#primaryimage"},"thumbnailUrl":"https:\/\/juntscontraelcancer.cat\/wp-content\/uploads\/2023\/04\/WCD23_Twitter_Cover_Spanish_1-scaled.jpg","datePublished":"2023-01-26T22:00:00+00:00","dateModified":"2023-06-12T09:51:19+00:00","breadcrumb":{"@id":"https:\/\/juntscontraelcancer.cat\/es\/dia-mundial-contra-el-cancer-las-entidades-de-la-federacio-se-suman-a-la-campana-con-sus-actividades\/#breadcrumb"},"inLanguage":"es","potentialAction":[{"@type":"ReadAction","target":["https:\/\/juntscontraelcancer.cat\/es\/dia-mundial-contra-el-cancer-las-entidades-de-la-federacio-se-suman-a-la-campana-con-sus-actividades\/"]}]},{"@type":"ImageObject","inLanguage":"es","@id":"https:\/\/juntscontraelcancer.cat\/es\/dia-mundial-contra-el-cancer-las-entidades-de-la-federacio-se-suman-a-la-campana-con-sus-actividades\/#primaryimage","url":"https:\/\/juntscontraelcancer.cat\/wp-content\/uploads\/2023\/04\/WCD23_Twitter_Cover_Spanish_1-scaled.jpg","contentUrl":"https:\/\/juntscontraelcancer.cat\/wp-content\/uploads\/2023\/04\/WCD23_Twitter_Cover_Spanish_1-scaled.jpg","width":2560,"height":853},{"@type":"BreadcrumbList","@id":"https:\/\/juntscontraelcancer.cat\/es\/dia-mundial-contra-el-cancer-las-entidades-de-la-federacio-se-suman-a-la-campana-con-sus-actividades\/#breadcrumb","itemListElement":[{"@type":"ListItem","position":1,"name":"Inicio","item":"https:\/\/juntscontraelcancer.cat\/es\/"},{"@type":"ListItem","position":2,"name":"D\u00eda Mundial contra el C\u00e1ncer: las entidades de la Federaci\u00f3 se suman a la campa\u00f1a con sus actividades"}]},{"@type":"WebSite","@id":"https:\/\/juntscontraelcancer.cat\/es\/#website","url":"https:\/\/juntscontraelcancer.cat\/es\/","name":"Junts contra el c\u00e0ncer - FECEC","description":"","publisher":{"@id":"https:\/\/juntscontraelcancer.cat\/es\/#organization"},"potentialAction":[{"@type":"SearchAction","target":{"@type":"EntryPoint","urlTemplate":"https:\/\/juntscontraelcancer.cat\/es\/?s={search_term_string}"},"query-input":{"@type":"PropertyValueSpecification","valueRequired":true,"valueName":"search_term_string"}}],"inLanguage":"es"},{"@type":"Organization","@id":"https:\/\/juntscontraelcancer.cat\/es\/#organization","name":"Junts contra el c\u00e0ncer - FECEC","url":"https:\/\/juntscontraelcancer.cat\/es\/","logo":{"@type":"ImageObject","inLanguage":"es","@id":"https:\/\/juntscontraelcancer.cat\/es\/#\/schema\/logo\/image\/","url":"https:\/\/juntscontraelcancer.cat\/wp-content\/uploads\/2023\/01\/logo-fecec-header.png","contentUrl":"https:\/\/juntscontraelcancer.cat\/wp-content\/uploads\/2023\/01\/logo-fecec-header.png","width":126,"height":74,"caption":"Junts contra el c\u00e0ncer - FECEC"},"image":{"@id":"https:\/\/juntscontraelcancer.cat\/es\/#\/schema\/logo\/image\/"},"sameAs":["https:\/\/www.facebook.com\/fecec.federacio\/","https:\/\/x.com\/FececFederacio","https:\/\/www.instagram.com\/fececfederacio\/?hl=es","https:\/\/www.youtube.com\/channel\/UCgAC_6c6hmHwMQhSCQyYBdA"]},{"@type":"Person","@id":"https:\/\/juntscontraelcancer.cat\/es\/#\/schema\/person\/14c85cb9b3aeddea8f9087bea375813f","name":"Pukkas","image":{"@type":"ImageObject","inLanguage":"es","@id":"https:\/\/secure.gravatar.com\/avatar\/7433209641beafe57dbfd32b83f1c28fb7da2f23c98b47d02c7623ce350a0e9f?s=96&d=mm&r=g","url":"https:\/\/secure.gravatar.com\/avatar\/7433209641beafe57dbfd32b83f1c28fb7da2f23c98b47d02c7623ce350a0e9f?s=96&d=mm&r=g","contentUrl":"https:\/\/secure.gravatar.com\/avatar\/7433209641beafe57dbfd32b83f1c28fb7da2f23c98b47d02c7623ce350a0e9f?s=96&d=mm&r=g","caption":"Pukkas"},"sameAs":["https:\/\/juntscontraelcancer.cat"]}]}},"_links":{"self":[{"href":"https:\/\/juntscontraelcancer.cat\/es\/wp-json\/wp\/v2\/posts\/15033","targetHints":{"allow":["GET"]}}],"collection":[{"href":"https:\/\/juntscontraelcancer.cat\/es\/wp-json\/wp\/v2\/posts"}],"about":[{"href":"https:\/\/juntscontraelcancer.cat\/es\/wp-json\/wp\/v2\/types\/post"}],"author":[{"embeddable":true,"href":"https:\/\/juntscontraelcancer.cat\/es\/wp-json\/wp\/v2\/users\/1"}],"replies":[{"embeddable":true,"href":"https:\/\/juntscontraelcancer.cat\/es\/wp-json\/wp\/v2\/comments?post=15033"}],"version-history":[{"count":1,"href":"https:\/\/juntscontraelcancer.cat\/es\/wp-json\/wp\/v2\/posts\/15033\/revisions"}],"predecessor-version":[{"id":15035,"href":"https:\/\/juntscontraelcancer.cat\/es\/wp-json\/wp\/v2\/posts\/15033\/revisions\/15035"}],"wp:featuredmedia":[{"embeddable":true,"href":"https:\/\/juntscontraelcancer.cat\/es\/wp-json\/wp\/v2\/media\/15036"}],"wp:attachment":[{"href":"https:\/\/juntscontraelcancer.cat\/es\/wp-json\/wp\/v2\/media?parent=15033"}],"wp:term":[{"taxonomy":"category","embeddable":true,"href":"https:\/\/juntscontraelcancer.cat\/es\/wp-json\/wp\/v2\/categories?post=15033"},{"taxonomy":"post_tag","embeddable":true,"href":"https:\/\/juntscontraelcancer.cat\/es\/wp-json\/wp\/v2\/tags?post=15033"}],"curies":[{"name":"wp","href":"https:\/\/api.w.org\/{rel}","templated":true}]}}