{"id":15031,"date":"2023-01-12T00:00:00","date_gmt":"2023-01-11T22:00:00","guid":{"rendered":"https:\/\/junts.enproceso.es\/la-fecec-junts-contra-el-cancer-organiza-el-curso-voluntariado-en-el-ambito-de-la-oncologia-a-barcelona\/"},"modified":"2023-06-12T11:51:21","modified_gmt":"2023-06-12T09:51:21","slug":"la-fecec-junts-contra-el-cancer-organiza-el-curso-voluntariado-en-el-ambito-de-la-oncologia-a-barcelona","status":"publish","type":"post","link":"https:\/\/juntscontraelcancer.cat\/es\/la-fecec-junts-contra-el-cancer-organiza-el-curso-voluntariado-en-el-ambito-de-la-oncologia-a-barcelona\/","title":{"rendered":"La FECEC, Junts contra el C\u00e0ncer organiza el curso &#8216;Voluntariado en el \u00e1mbito de la oncolog\u00eda&#8217; a Barcelona"},"content":{"rendered":"<p><strong>La Federaci\u00f3 Catalana d&#8217;Entitats contra el C\u00e0ncer (FECEC) organiza una nueva edici\u00f3n del curso \u00abVoluntariado en el \u00e1mbito de la oncolog\u00eda\u00bb en Barcelona. Si quieres hacer o haces voluntariado en el \u00e1mbito de la atenci\u00f3n a enfermos oncol\u00f3gicos, este curso es para ti. \u00a1Plazas agotadas!<\/a><\/strong><\/p>\n<p><img loading=\"lazy\" decoding=\"async\" src=\"https:\/\/juntscontraelcancer.cat\/wp-content\/uploads\/2023\/04\/Vol-Onco-Febrer-23.png\" alt=\"Vol Onco - Febrer 23\" width=\"1600\" height=\"900\" class=\"alignnone size-full wp-image-39633\" \/><\/p>\n<p>La formaci\u00f3n, organizada con la <a href=\"https:\/\/voluntaris.cat\" rel=\"noopener\" target=\"_blank\">Federaci\u00f3 Catalana del Voluntariat Social (FCVS)<\/a>, se dirige a personas que realizan voluntariado en el \u00e1mbito de la atenci\u00f3n a enfermos oncol\u00f3gicos. Los participantes har\u00e1n en este curso una aproximaci\u00f3n al conjunto del colectivo que trabaja en el \u00e1mbito oncol\u00f3gico; adquirian conocimientos sobre las dimensiones que entran en juego al convivir con el c\u00e1ncer; as\u00ed como herramientas y recursos para enmarcar correctamente su actuaci\u00f3n voluntaria con enfermos oncol\u00f3gicos.<\/p>\n<p><strong>Docentes<\/strong><br \/>\nPatricia Miss\u00e9: Psicoonc\u00f2loga de la Fundaci\u00f3 Oncolliga.<br \/>\nDr. Eduard Batiste-Alentorn: licenciado en Medicina, especializado en oncolog\u00eda m\u00e9dica.<br \/>\nJordi Abad: Trabajador social, Coordinador de voluntariado asistencial a la Fundaci\u00f3n Oncolliga. Especialista en acompa\u00f1amiento, escucha activa, final de vida y p\u00e9rdida.<br \/>\nIrene Costa: psicopedagoga y coordinadora de voluntariado de AFANOC.<\/p>\n<p><strong>Contenidos<\/strong><\/p>\n<p><strong>Bloque 1:<\/strong> El c\u00e1ncer, y el enfermo de c\u00e1ncer \u2013 16 de febrero<br \/>\n\u2022 La enfermedad oncol\u00f3gica. <br \/>Docente: Patricia Miss\u00e9.<br \/>\n\u2022 Vivir con el c\u00e1ncer. <br \/>Docente: Dr. Eduard Batiste-Alentorn.<\/p>\n<p><strong>Bloc 3:<\/strong> La relaci\u00f3n interpersonal\u2013 17 de febrero<br \/>\nDocente: Jordi Abad.<br \/>\n\u2022 Impacto emocional y el cuidado del voluntario.<br \/>\n\u2022 Gesti\u00f3n de las emociones en acompa\u00f1amientos a enfermos de larga duraci\u00f3n.<br \/>\n\u2022 La fase terminal: herramientas por los voluntarios.<\/p>\n<p><strong>Bloc 2:<\/strong> El hecho voluntario \u2013 24 de febrero<br \/>\nDocente: Irene Costa.<br \/>\n\u2022 El voluntario en el mundo de la oncolog\u00eda.<br \/>\n\u2022 El acompa\u00f1amiento al enfermo.<br \/>\n\u2022 Preservar la calidad de la acci\u00f3n voluntaria.<\/p>\n<p><strong>Precio*:<\/strong> 15\u20ac entidades miembros FCVS\/ 25\u20ac otros. Si vienes de una entidad organizadora habla con tu responsable de voluntariado por posibles exenciones.<\/p>\n<p><strong>D\u00edas:<\/strong> 16\/02\/2023 &#8211; 24\/02\/2023<br \/>\n<strong>Lugar:<\/strong> Hotel d&#8217;Entitats La Pau \u2013 Planta 6 &#8211; Sala Catalunya<br \/>\n<strong>Direcci\u00f3n:<\/strong> Calle de Pere Verg\u00e9s, 1, 08020, Barcelona<\/p>\n<p><strong>Plazas agotadas. <\/strong><\/p>\n<p>Este curso est\u00e1 reconocido por el Plan de Formaci\u00f3 de Voluntariat de Catalunya. Para tener derecho en el t\u00edtulo se tiene que asistir a un m\u00ednimo del 80% del curso.<\/p>\n","protected":false},"excerpt":{"rendered":"<p>La Federaci\u00f3 Catalana d&#8217;Entitats contra el C\u00e0ncer (FECEC) organiza una nueva edici\u00f3n del curso \u00abVoluntariado en el \u00e1mbito de la oncolog\u00eda\u00bb en Barcelona. Si quieres hacer o haces voluntariado en el \u00e1mbito de la atenci\u00f3n a enfermos oncol\u00f3gicos, este curso es para ti.<\/p>\n","protected":false},"author":1,"featured_media":13954,"comment_status":"closed","ping_status":"open","sticky":false,"template":"","format":"standard","meta":{"_acf_changed":false,"inline_featured_image":false,"footnotes":""},"categories":[84,3,86,68],"tags":[],"class_list":["post-15031","post","type-post","status-publish","format-standard","has-post-thumbnail","hentry","category-actualidad","category-actualitat","category-destacadas","category-destaquem"],"acf":[],"yoast_head":"<!-- This site is optimized with the Yoast SEO plugin v27.3 - https:\/\/yoast.com\/product\/yoast-seo-wordpress\/ -->\n<title>La FECEC, Junts contra el C\u00e0ncer organiza el curso &#039;Voluntariado en el \u00e1mbito de la oncolog\u00eda&#039; a Barcelona - Junts contra el c\u00e0ncer - FECEC<\/title>\n<meta name=\"robots\" content=\"index, follow, max-snippet:-1, max-image-preview:large, max-video-preview:-1\" \/>\n<link rel=\"canonical\" href=\"https:\/\/juntscontraelcancer.cat\/es\/la-fecec-junts-contra-el-cancer-organiza-el-curso-voluntariado-en-el-ambito-de-la-oncologia-a-barcelona\/\" \/>\n<meta property=\"og:locale\" content=\"es_ES\" \/>\n<meta property=\"og:type\" content=\"article\" \/>\n<meta property=\"og:title\" content=\"La FECEC, Junts contra el C\u00e0ncer organiza el curso &#039;Voluntariado en el \u00e1mbito de la oncolog\u00eda&#039; a Barcelona - Junts contra el c\u00e0ncer - FECEC\" \/>\n<meta property=\"og:description\" content=\"La Federaci\u00f3 Catalana d&#039;Entitats contra el C\u00e0ncer (FECEC) organiza una nueva edici\u00f3n del curso &quot;Voluntariado en el \u00e1mbito de la oncolog\u00eda&quot; en Barcelona. Si quieres hacer o haces voluntariado en el \u00e1mbito de la atenci\u00f3n a enfermos oncol\u00f3gicos, este curso es para ti.\" \/>\n<meta property=\"og:url\" content=\"https:\/\/juntscontraelcancer.cat\/es\/la-fecec-junts-contra-el-cancer-organiza-el-curso-voluntariado-en-el-ambito-de-la-oncologia-a-barcelona\/\" \/>\n<meta property=\"og:site_name\" content=\"Junts contra el c\u00e0ncer - FECEC\" \/>\n<meta property=\"article:publisher\" content=\"https:\/\/www.facebook.com\/fecec.federacio\/\" \/>\n<meta property=\"article:published_time\" content=\"2023-01-11T22:00:00+00:00\" \/>\n<meta property=\"article:modified_time\" content=\"2023-06-12T09:51:21+00:00\" \/>\n<meta property=\"og:image\" content=\"https:\/\/juntscontraelcancer.cat\/wp-content\/uploads\/2023\/04\/foto-curs-copia.jpg\" \/>\n\t<meta property=\"og:image:width\" content=\"1000\" \/>\n\t<meta property=\"og:image:height\" content=\"564\" \/>\n\t<meta property=\"og:image:type\" content=\"image\/jpeg\" \/>\n<meta name=\"author\" content=\"Pukkas\" \/>\n<meta name=\"twitter:card\" content=\"summary_large_image\" \/>\n<meta name=\"twitter:creator\" content=\"@FececFederacio\" \/>\n<meta name=\"twitter:site\" content=\"@FececFederacio\" \/>\n<meta name=\"twitter:label1\" content=\"Escrito por\" \/>\n\t<meta name=\"twitter:data1\" content=\"Pukkas\" \/>\n\t<meta name=\"twitter:label2\" content=\"Tiempo de lectura\" \/>\n\t<meta name=\"twitter:data2\" content=\"2 minutos\" \/>\n<script type=\"application\/ld+json\" class=\"yoast-schema-graph\">{\"@context\":\"https:\\\/\\\/schema.org\",\"@graph\":[{\"@type\":\"Article\",\"@id\":\"https:\\\/\\\/juntscontraelcancer.cat\\\/es\\\/la-fecec-junts-contra-el-cancer-organiza-el-curso-voluntariado-en-el-ambito-de-la-oncologia-a-barcelona\\\/#article\",\"isPartOf\":{\"@id\":\"https:\\\/\\\/juntscontraelcancer.cat\\\/es\\\/la-fecec-junts-contra-el-cancer-organiza-el-curso-voluntariado-en-el-ambito-de-la-oncologia-a-barcelona\\\/\"},\"author\":{\"name\":\"Pukkas\",\"@id\":\"https:\\\/\\\/juntscontraelcancer.cat\\\/es\\\/#\\\/schema\\\/person\\\/14c85cb9b3aeddea8f9087bea375813f\"},\"headline\":\"La FECEC, Junts contra el C\u00e0ncer organiza el curso &#8216;Voluntariado en el \u00e1mbito de la oncolog\u00eda&#8217; a Barcelona\",\"datePublished\":\"2023-01-11T22:00:00+00:00\",\"dateModified\":\"2023-06-12T09:51:21+00:00\",\"mainEntityOfPage\":{\"@id\":\"https:\\\/\\\/juntscontraelcancer.cat\\\/es\\\/la-fecec-junts-contra-el-cancer-organiza-el-curso-voluntariado-en-el-ambito-de-la-oncologia-a-barcelona\\\/\"},\"wordCount\":380,\"publisher\":{\"@id\":\"https:\\\/\\\/juntscontraelcancer.cat\\\/es\\\/#organization\"},\"image\":{\"@id\":\"https:\\\/\\\/juntscontraelcancer.cat\\\/es\\\/la-fecec-junts-contra-el-cancer-organiza-el-curso-voluntariado-en-el-ambito-de-la-oncologia-a-barcelona\\\/#primaryimage\"},\"thumbnailUrl\":\"https:\\\/\\\/juntscontraelcancer.cat\\\/wp-content\\\/uploads\\\/2023\\\/04\\\/foto-curs-copia.jpg\",\"articleSection\":[\"Actualidad\",\"Actualitat\",\"Destacadas\",\"Destacats\"],\"inLanguage\":\"es\"},{\"@type\":\"WebPage\",\"@id\":\"https:\\\/\\\/juntscontraelcancer.cat\\\/es\\\/la-fecec-junts-contra-el-cancer-organiza-el-curso-voluntariado-en-el-ambito-de-la-oncologia-a-barcelona\\\/\",\"url\":\"https:\\\/\\\/juntscontraelcancer.cat\\\/es\\\/la-fecec-junts-contra-el-cancer-organiza-el-curso-voluntariado-en-el-ambito-de-la-oncologia-a-barcelona\\\/\",\"name\":\"La FECEC, Junts contra el C\u00e0ncer organiza el curso 'Voluntariado en el \u00e1mbito de la oncolog\u00eda' a Barcelona - Junts contra el c\u00e0ncer - FECEC\",\"isPartOf\":{\"@id\":\"https:\\\/\\\/juntscontraelcancer.cat\\\/es\\\/#website\"},\"primaryImageOfPage\":{\"@id\":\"https:\\\/\\\/juntscontraelcancer.cat\\\/es\\\/la-fecec-junts-contra-el-cancer-organiza-el-curso-voluntariado-en-el-ambito-de-la-oncologia-a-barcelona\\\/#primaryimage\"},\"image\":{\"@id\":\"https:\\\/\\\/juntscontraelcancer.cat\\\/es\\\/la-fecec-junts-contra-el-cancer-organiza-el-curso-voluntariado-en-el-ambito-de-la-oncologia-a-barcelona\\\/#primaryimage\"},\"thumbnailUrl\":\"https:\\\/\\\/juntscontraelcancer.cat\\\/wp-content\\\/uploads\\\/2023\\\/04\\\/foto-curs-copia.jpg\",\"datePublished\":\"2023-01-11T22:00:00+00:00\",\"dateModified\":\"2023-06-12T09:51:21+00:00\",\"breadcrumb\":{\"@id\":\"https:\\\/\\\/juntscontraelcancer.cat\\\/es\\\/la-fecec-junts-contra-el-cancer-organiza-el-curso-voluntariado-en-el-ambito-de-la-oncologia-a-barcelona\\\/#breadcrumb\"},\"inLanguage\":\"es\",\"potentialAction\":[{\"@type\":\"ReadAction\",\"target\":[\"https:\\\/\\\/juntscontraelcancer.cat\\\/es\\\/la-fecec-junts-contra-el-cancer-organiza-el-curso-voluntariado-en-el-ambito-de-la-oncologia-a-barcelona\\\/\"]}]},{\"@type\":\"ImageObject\",\"inLanguage\":\"es\",\"@id\":\"https:\\\/\\\/juntscontraelcancer.cat\\\/es\\\/la-fecec-junts-contra-el-cancer-organiza-el-curso-voluntariado-en-el-ambito-de-la-oncologia-a-barcelona\\\/#primaryimage\",\"url\":\"https:\\\/\\\/juntscontraelcancer.cat\\\/wp-content\\\/uploads\\\/2023\\\/04\\\/foto-curs-copia.jpg\",\"contentUrl\":\"https:\\\/\\\/juntscontraelcancer.cat\\\/wp-content\\\/uploads\\\/2023\\\/04\\\/foto-curs-copia.jpg\",\"width\":1000,\"height\":564},{\"@type\":\"BreadcrumbList\",\"@id\":\"https:\\\/\\\/juntscontraelcancer.cat\\\/es\\\/la-fecec-junts-contra-el-cancer-organiza-el-curso-voluntariado-en-el-ambito-de-la-oncologia-a-barcelona\\\/#breadcrumb\",\"itemListElement\":[{\"@type\":\"ListItem\",\"position\":1,\"name\":\"Inicio\",\"item\":\"https:\\\/\\\/juntscontraelcancer.cat\\\/es\\\/\"},{\"@type\":\"ListItem\",\"position\":2,\"name\":\"La FECEC, Junts contra el C\u00e0ncer organiza el curso &#8216;Voluntariado en el \u00e1mbito de la oncolog\u00eda&#8217; a Barcelona\"}]},{\"@type\":\"WebSite\",\"@id\":\"https:\\\/\\\/juntscontraelcancer.cat\\\/es\\\/#website\",\"url\":\"https:\\\/\\\/juntscontraelcancer.cat\\\/es\\\/\",\"name\":\"Junts contra el c\u00e0ncer - FECEC\",\"description\":\"\",\"publisher\":{\"@id\":\"https:\\\/\\\/juntscontraelcancer.cat\\\/es\\\/#organization\"},\"potentialAction\":[{\"@type\":\"SearchAction\",\"target\":{\"@type\":\"EntryPoint\",\"urlTemplate\":\"https:\\\/\\\/juntscontraelcancer.cat\\\/es\\\/?s={search_term_string}\"},\"query-input\":{\"@type\":\"PropertyValueSpecification\",\"valueRequired\":true,\"valueName\":\"search_term_string\"}}],\"inLanguage\":\"es\"},{\"@type\":\"Organization\",\"@id\":\"https:\\\/\\\/juntscontraelcancer.cat\\\/es\\\/#organization\",\"name\":\"Junts contra el c\u00e0ncer - FECEC\",\"url\":\"https:\\\/\\\/juntscontraelcancer.cat\\\/es\\\/\",\"logo\":{\"@type\":\"ImageObject\",\"inLanguage\":\"es\",\"@id\":\"https:\\\/\\\/juntscontraelcancer.cat\\\/es\\\/#\\\/schema\\\/logo\\\/image\\\/\",\"url\":\"https:\\\/\\\/juntscontraelcancer.cat\\\/wp-content\\\/uploads\\\/2023\\\/01\\\/logo-fecec-header.png\",\"contentUrl\":\"https:\\\/\\\/juntscontraelcancer.cat\\\/wp-content\\\/uploads\\\/2023\\\/01\\\/logo-fecec-header.png\",\"width\":126,\"height\":74,\"caption\":\"Junts contra el c\u00e0ncer - FECEC\"},\"image\":{\"@id\":\"https:\\\/\\\/juntscontraelcancer.cat\\\/es\\\/#\\\/schema\\\/logo\\\/image\\\/\"},\"sameAs\":[\"https:\\\/\\\/www.facebook.com\\\/fecec.federacio\\\/\",\"https:\\\/\\\/x.com\\\/FececFederacio\",\"https:\\\/\\\/www.instagram.com\\\/fececfederacio\\\/?hl=es\",\"https:\\\/\\\/www.youtube.com\\\/channel\\\/UCgAC_6c6hmHwMQhSCQyYBdA\"]},{\"@type\":\"Person\",\"@id\":\"https:\\\/\\\/juntscontraelcancer.cat\\\/es\\\/#\\\/schema\\\/person\\\/14c85cb9b3aeddea8f9087bea375813f\",\"name\":\"Pukkas\",\"image\":{\"@type\":\"ImageObject\",\"inLanguage\":\"es\",\"@id\":\"https:\\\/\\\/secure.gravatar.com\\\/avatar\\\/7433209641beafe57dbfd32b83f1c28fb7da2f23c98b47d02c7623ce350a0e9f?s=96&d=mm&r=g\",\"url\":\"https:\\\/\\\/secure.gravatar.com\\\/avatar\\\/7433209641beafe57dbfd32b83f1c28fb7da2f23c98b47d02c7623ce350a0e9f?s=96&d=mm&r=g\",\"contentUrl\":\"https:\\\/\\\/secure.gravatar.com\\\/avatar\\\/7433209641beafe57dbfd32b83f1c28fb7da2f23c98b47d02c7623ce350a0e9f?s=96&d=mm&r=g\",\"caption\":\"Pukkas\"},\"sameAs\":[\"https:\\\/\\\/juntscontraelcancer.cat\"]}]}<\/script>\n<!-- \/ Yoast SEO plugin. -->","yoast_head_json":{"title":"La FECEC, Junts contra el C\u00e0ncer organiza el curso 'Voluntariado en el \u00e1mbito de la oncolog\u00eda' a Barcelona - Junts contra el c\u00e0ncer - FECEC","robots":{"index":"index","follow":"follow","max-snippet":"max-snippet:-1","max-image-preview":"max-image-preview:large","max-video-preview":"max-video-preview:-1"},"canonical":"https:\/\/juntscontraelcancer.cat\/es\/la-fecec-junts-contra-el-cancer-organiza-el-curso-voluntariado-en-el-ambito-de-la-oncologia-a-barcelona\/","og_locale":"es_ES","og_type":"article","og_title":"La FECEC, Junts contra el C\u00e0ncer organiza el curso 'Voluntariado en el \u00e1mbito de la oncolog\u00eda' a Barcelona - Junts contra el c\u00e0ncer - FECEC","og_description":"La Federaci\u00f3 Catalana d'Entitats contra el C\u00e0ncer (FECEC) organiza una nueva edici\u00f3n del curso \"Voluntariado en el \u00e1mbito de la oncolog\u00eda\" en Barcelona. Si quieres hacer o haces voluntariado en el \u00e1mbito de la atenci\u00f3n a enfermos oncol\u00f3gicos, este curso es para ti.","og_url":"https:\/\/juntscontraelcancer.cat\/es\/la-fecec-junts-contra-el-cancer-organiza-el-curso-voluntariado-en-el-ambito-de-la-oncologia-a-barcelona\/","og_site_name":"Junts contra el c\u00e0ncer - FECEC","article_publisher":"https:\/\/www.facebook.com\/fecec.federacio\/","article_published_time":"2023-01-11T22:00:00+00:00","article_modified_time":"2023-06-12T09:51:21+00:00","og_image":[{"width":1000,"height":564,"url":"https:\/\/juntscontraelcancer.cat\/wp-content\/uploads\/2023\/04\/foto-curs-copia.jpg","type":"image\/jpeg"}],"author":"Pukkas","twitter_card":"summary_large_image","twitter_creator":"@FececFederacio","twitter_site":"@FececFederacio","twitter_misc":{"Escrito por":"Pukkas","Tiempo de lectura":"2 minutos"},"schema":{"@context":"https:\/\/schema.org","@graph":[{"@type":"Article","@id":"https:\/\/juntscontraelcancer.cat\/es\/la-fecec-junts-contra-el-cancer-organiza-el-curso-voluntariado-en-el-ambito-de-la-oncologia-a-barcelona\/#article","isPartOf":{"@id":"https:\/\/juntscontraelcancer.cat\/es\/la-fecec-junts-contra-el-cancer-organiza-el-curso-voluntariado-en-el-ambito-de-la-oncologia-a-barcelona\/"},"author":{"name":"Pukkas","@id":"https:\/\/juntscontraelcancer.cat\/es\/#\/schema\/person\/14c85cb9b3aeddea8f9087bea375813f"},"headline":"La FECEC, Junts contra el C\u00e0ncer organiza el curso &#8216;Voluntariado en el \u00e1mbito de la oncolog\u00eda&#8217; a Barcelona","datePublished":"2023-01-11T22:00:00+00:00","dateModified":"2023-06-12T09:51:21+00:00","mainEntityOfPage":{"@id":"https:\/\/juntscontraelcancer.cat\/es\/la-fecec-junts-contra-el-cancer-organiza-el-curso-voluntariado-en-el-ambito-de-la-oncologia-a-barcelona\/"},"wordCount":380,"publisher":{"@id":"https:\/\/juntscontraelcancer.cat\/es\/#organization"},"image":{"@id":"https:\/\/juntscontraelcancer.cat\/es\/la-fecec-junts-contra-el-cancer-organiza-el-curso-voluntariado-en-el-ambito-de-la-oncologia-a-barcelona\/#primaryimage"},"thumbnailUrl":"https:\/\/juntscontraelcancer.cat\/wp-content\/uploads\/2023\/04\/foto-curs-copia.jpg","articleSection":["Actualidad","Actualitat","Destacadas","Destacats"],"inLanguage":"es"},{"@type":"WebPage","@id":"https:\/\/juntscontraelcancer.cat\/es\/la-fecec-junts-contra-el-cancer-organiza-el-curso-voluntariado-en-el-ambito-de-la-oncologia-a-barcelona\/","url":"https:\/\/juntscontraelcancer.cat\/es\/la-fecec-junts-contra-el-cancer-organiza-el-curso-voluntariado-en-el-ambito-de-la-oncologia-a-barcelona\/","name":"La FECEC, Junts contra el C\u00e0ncer organiza el curso 'Voluntariado en el \u00e1mbito de la oncolog\u00eda' a Barcelona - Junts contra el c\u00e0ncer - FECEC","isPartOf":{"@id":"https:\/\/juntscontraelcancer.cat\/es\/#website"},"primaryImageOfPage":{"@id":"https:\/\/juntscontraelcancer.cat\/es\/la-fecec-junts-contra-el-cancer-organiza-el-curso-voluntariado-en-el-ambito-de-la-oncologia-a-barcelona\/#primaryimage"},"image":{"@id":"https:\/\/juntscontraelcancer.cat\/es\/la-fecec-junts-contra-el-cancer-organiza-el-curso-voluntariado-en-el-ambito-de-la-oncologia-a-barcelona\/#primaryimage"},"thumbnailUrl":"https:\/\/juntscontraelcancer.cat\/wp-content\/uploads\/2023\/04\/foto-curs-copia.jpg","datePublished":"2023-01-11T22:00:00+00:00","dateModified":"2023-06-12T09:51:21+00:00","breadcrumb":{"@id":"https:\/\/juntscontraelcancer.cat\/es\/la-fecec-junts-contra-el-cancer-organiza-el-curso-voluntariado-en-el-ambito-de-la-oncologia-a-barcelona\/#breadcrumb"},"inLanguage":"es","potentialAction":[{"@type":"ReadAction","target":["https:\/\/juntscontraelcancer.cat\/es\/la-fecec-junts-contra-el-cancer-organiza-el-curso-voluntariado-en-el-ambito-de-la-oncologia-a-barcelona\/"]}]},{"@type":"ImageObject","inLanguage":"es","@id":"https:\/\/juntscontraelcancer.cat\/es\/la-fecec-junts-contra-el-cancer-organiza-el-curso-voluntariado-en-el-ambito-de-la-oncologia-a-barcelona\/#primaryimage","url":"https:\/\/juntscontraelcancer.cat\/wp-content\/uploads\/2023\/04\/foto-curs-copia.jpg","contentUrl":"https:\/\/juntscontraelcancer.cat\/wp-content\/uploads\/2023\/04\/foto-curs-copia.jpg","width":1000,"height":564},{"@type":"BreadcrumbList","@id":"https:\/\/juntscontraelcancer.cat\/es\/la-fecec-junts-contra-el-cancer-organiza-el-curso-voluntariado-en-el-ambito-de-la-oncologia-a-barcelona\/#breadcrumb","itemListElement":[{"@type":"ListItem","position":1,"name":"Inicio","item":"https:\/\/juntscontraelcancer.cat\/es\/"},{"@type":"ListItem","position":2,"name":"La FECEC, Junts contra el C\u00e0ncer organiza el curso &#8216;Voluntariado en el \u00e1mbito de la oncolog\u00eda&#8217; a Barcelona"}]},{"@type":"WebSite","@id":"https:\/\/juntscontraelcancer.cat\/es\/#website","url":"https:\/\/juntscontraelcancer.cat\/es\/","name":"Junts contra el c\u00e0ncer - FECEC","description":"","publisher":{"@id":"https:\/\/juntscontraelcancer.cat\/es\/#organization"},"potentialAction":[{"@type":"SearchAction","target":{"@type":"EntryPoint","urlTemplate":"https:\/\/juntscontraelcancer.cat\/es\/?s={search_term_string}"},"query-input":{"@type":"PropertyValueSpecification","valueRequired":true,"valueName":"search_term_string"}}],"inLanguage":"es"},{"@type":"Organization","@id":"https:\/\/juntscontraelcancer.cat\/es\/#organization","name":"Junts contra el c\u00e0ncer - FECEC","url":"https:\/\/juntscontraelcancer.cat\/es\/","logo":{"@type":"ImageObject","inLanguage":"es","@id":"https:\/\/juntscontraelcancer.cat\/es\/#\/schema\/logo\/image\/","url":"https:\/\/juntscontraelcancer.cat\/wp-content\/uploads\/2023\/01\/logo-fecec-header.png","contentUrl":"https:\/\/juntscontraelcancer.cat\/wp-content\/uploads\/2023\/01\/logo-fecec-header.png","width":126,"height":74,"caption":"Junts contra el c\u00e0ncer - FECEC"},"image":{"@id":"https:\/\/juntscontraelcancer.cat\/es\/#\/schema\/logo\/image\/"},"sameAs":["https:\/\/www.facebook.com\/fecec.federacio\/","https:\/\/x.com\/FececFederacio","https:\/\/www.instagram.com\/fececfederacio\/?hl=es","https:\/\/www.youtube.com\/channel\/UCgAC_6c6hmHwMQhSCQyYBdA"]},{"@type":"Person","@id":"https:\/\/juntscontraelcancer.cat\/es\/#\/schema\/person\/14c85cb9b3aeddea8f9087bea375813f","name":"Pukkas","image":{"@type":"ImageObject","inLanguage":"es","@id":"https:\/\/secure.gravatar.com\/avatar\/7433209641beafe57dbfd32b83f1c28fb7da2f23c98b47d02c7623ce350a0e9f?s=96&d=mm&r=g","url":"https:\/\/secure.gravatar.com\/avatar\/7433209641beafe57dbfd32b83f1c28fb7da2f23c98b47d02c7623ce350a0e9f?s=96&d=mm&r=g","contentUrl":"https:\/\/secure.gravatar.com\/avatar\/7433209641beafe57dbfd32b83f1c28fb7da2f23c98b47d02c7623ce350a0e9f?s=96&d=mm&r=g","caption":"Pukkas"},"sameAs":["https:\/\/juntscontraelcancer.cat"]}]}},"_links":{"self":[{"href":"https:\/\/juntscontraelcancer.cat\/es\/wp-json\/wp\/v2\/posts\/15031","targetHints":{"allow":["GET"]}}],"collection":[{"href":"https:\/\/juntscontraelcancer.cat\/es\/wp-json\/wp\/v2\/posts"}],"about":[{"href":"https:\/\/juntscontraelcancer.cat\/es\/wp-json\/wp\/v2\/types\/post"}],"author":[{"embeddable":true,"href":"https:\/\/juntscontraelcancer.cat\/es\/wp-json\/wp\/v2\/users\/1"}],"replies":[{"embeddable":true,"href":"https:\/\/juntscontraelcancer.cat\/es\/wp-json\/wp\/v2\/comments?post=15031"}],"version-history":[{"count":1,"href":"https:\/\/juntscontraelcancer.cat\/es\/wp-json\/wp\/v2\/posts\/15031\/revisions"}],"predecessor-version":[{"id":15032,"href":"https:\/\/juntscontraelcancer.cat\/es\/wp-json\/wp\/v2\/posts\/15031\/revisions\/15032"}],"wp:featuredmedia":[{"embeddable":true,"href":"https:\/\/juntscontraelcancer.cat\/es\/wp-json\/wp\/v2\/media\/13954"}],"wp:attachment":[{"href":"https:\/\/juntscontraelcancer.cat\/es\/wp-json\/wp\/v2\/media?parent=15031"}],"wp:term":[{"taxonomy":"category","embeddable":true,"href":"https:\/\/juntscontraelcancer.cat\/es\/wp-json\/wp\/v2\/categories?post=15031"},{"taxonomy":"post_tag","embeddable":true,"href":"https:\/\/juntscontraelcancer.cat\/es\/wp-json\/wp\/v2\/tags?post=15031"}],"curies":[{"name":"wp","href":"https:\/\/api.w.org\/{rel}","templated":true}]}}