{"id":15029,"date":"2023-01-02T00:00:00","date_gmt":"2023-01-01T22:00:00","guid":{"rendered":"https:\/\/junts.enproceso.es\/2-300-personas-participan-en-la-san-silvestre-de-girona-en-favor-de-nassos-contra-el-cancer\/"},"modified":"2023-06-12T11:51:22","modified_gmt":"2023-06-12T09:51:22","slug":"2-300-personas-participan-en-la-san-silvestre-de-girona-en-favor-de-nassos-contra-el-cancer","status":"publish","type":"post","link":"https:\/\/juntscontraelcancer.cat\/es\/2-300-personas-participan-en-la-san-silvestre-de-girona-en-favor-de-nassos-contra-el-cancer\/","title":{"rendered":"2.300 personas participan en la San Silvestre de Girona en favor de &#8216;Nassos contra el C\u00e0ncer&#8217;"},"content":{"rendered":"<p><strong>La ciudad de Girona cerr\u00f3 el 2022 con la disputa de la 17.\u00aa edici\u00f3n de la San Silvestre, con una participaci\u00f3n r\u00e9cord de 2.000 inscritos en la carrera de adultos \u2013 con todas las inscripciones agotadas \u2013 y 300 m\u00e1s en la mini San Silvestre. Parte de la recaudaci\u00f3n de esta carrera est\u00e1 destinada a la campa\u00f1a &#8216;Nassos contra el C\u00e0ncer&#8217; de la FECEC, Junts contra el C\u00e0ncer.<br \/>\n<\/strong><\/p>\n<p><img loading=\"lazy\" decoding=\"async\" src=\"https:\/\/juntscontraelcancer.cat\/wp-content\/uploads\/2023\/04\/WhatsApp-Image-2022-12-31-at-20.53.47-2.jpeg\" alt=\"WhatsApp Image 2022-12-31 at 20.53.47 (2)\" width=\"1599\" height=\"1200\" class=\"alignnone size-full wp-image-39599\" \/>Carrera de Sant Silvestre de adults.<\/p>\n<p>En la carrera de adultos, la ba\u00f1olense <strong>Marina Guerrero<\/strong> (CA Manresa), que ya fue la vencedora del a\u00f1o pasado, repiti\u00f3 t\u00edtulo con un tiempo de 16:38, por delante de la corredora de Olot <strong>Clara Aulinas<\/strong> (CN Olot, con un tiempo de 17:24) y de <strong>Jolien Vandemoortele<\/strong> (17:53). El m\u00e1s r\u00e1pido en correr los cinco kil\u00f3metros fue <strong>Youri Keulen<\/strong>, que baj\u00f3 de los 15 minutos (14:50) al igual que sus compa\u00f1eros en el podium, <strong>Marc Roig<\/strong> (14:57) y <strong>Raf de Dobbelaere<\/strong> (14:58).<\/p>\n<p><img loading=\"lazy\" decoding=\"async\" src=\"https:\/\/juntscontraelcancer.cat\/wp-content\/uploads\/2023\/04\/WhatsApp-Image-2022-12-31-at-20.53.51.jpeg\" alt=\"WhatsApp Image 2022-12-31 at 20.53.51\" width=\"1600\" height=\"1200\" class=\"alignnone size-full wp-image-39598\" \/>La mini Sant Silvestre.<\/p>\n<p>Parte de la recaudaci\u00f3n de esta carrer a ir\u00e1 destinada a la campa\u00f1a de la FECEC \u00abNassos contra el C\u00e0ncer\u00bb, la cual aprovecha las ya consolidadas carreras de San Silvestre, que cada a\u00f1o se organizan entre el 26 y 31 de deciembre, para impulsar una campa\u00f1a solidaria con el objectivo de recaudar fondos para la lucha contra el cancer y promocionar estilos de vida saludables. <\/p>\n","protected":false},"excerpt":{"rendered":"<p>La ciudad de Girona cerr\u00f3 el 2022 con la disputa de la 17.\u00aa edici\u00f3n de la San Silvestre, con una participaci\u00f3n r\u00e9cord de 2.000 inscritos en la carrera de adultos \u2013 con todas las inscripciones agotadas \u2013 y 300 m\u00e1s en la mini San Silvestre. Parte de la recaudaci\u00f3n de esta carrera est\u00e1 destinada a [&#8230;]\n","protected":false},"author":1,"featured_media":13935,"comment_status":"closed","ping_status":"open","sticky":false,"template":"","format":"standard","meta":{"_acf_changed":false,"inline_featured_image":false,"footnotes":""},"categories":[84,3,86,68],"tags":[],"class_list":["post-15029","post","type-post","status-publish","format-standard","has-post-thumbnail","hentry","category-actualidad","category-actualitat","category-destacadas","category-destaquem"],"acf":[],"yoast_head":"<!-- This site is optimized with the Yoast SEO plugin v27.3 - https:\/\/yoast.com\/product\/yoast-seo-wordpress\/ -->\n<title>2.300 personas participan en la San Silvestre de Girona en favor de &#039;Nassos contra el C\u00e0ncer&#039; - Junts contra el c\u00e0ncer - FECEC<\/title>\n<meta name=\"robots\" content=\"index, follow, max-snippet:-1, max-image-preview:large, max-video-preview:-1\" \/>\n<link rel=\"canonical\" href=\"https:\/\/juntscontraelcancer.cat\/es\/2-300-personas-participan-en-la-san-silvestre-de-girona-en-favor-de-nassos-contra-el-cancer\/\" \/>\n<meta property=\"og:locale\" content=\"es_ES\" \/>\n<meta property=\"og:type\" content=\"article\" \/>\n<meta property=\"og:title\" content=\"2.300 personas participan en la San Silvestre de Girona en favor de &#039;Nassos contra el C\u00e0ncer&#039; - Junts contra el c\u00e0ncer - FECEC\" \/>\n<meta property=\"og:description\" content=\"La ciudad de Girona cerr\u00f3 el 2022 con la disputa de la 17.\u00aa edici\u00f3n de la San Silvestre, con una participaci\u00f3n r\u00e9cord de 2.000 inscritos en la carrera de adultos \u2013 con todas las inscripciones agotadas \u2013 y 300 m\u00e1s en la mini San Silvestre. Parte de la recaudaci\u00f3n de esta carrera est\u00e1 destinada a [...]\" \/>\n<meta property=\"og:url\" content=\"https:\/\/juntscontraelcancer.cat\/es\/2-300-personas-participan-en-la-san-silvestre-de-girona-en-favor-de-nassos-contra-el-cancer\/\" \/>\n<meta property=\"og:site_name\" content=\"Junts contra el c\u00e0ncer - FECEC\" \/>\n<meta property=\"article:publisher\" content=\"https:\/\/www.facebook.com\/fecec.federacio\/\" \/>\n<meta property=\"article:published_time\" content=\"2023-01-01T22:00:00+00:00\" \/>\n<meta property=\"article:modified_time\" content=\"2023-06-12T09:51:22+00:00\" \/>\n<meta property=\"og:image\" content=\"https:\/\/juntscontraelcancer.cat\/wp-content\/uploads\/2023\/04\/WhatsApp-Image-2022-12-31-at-20.53.47.jpeg\" \/>\n\t<meta property=\"og:image:width\" content=\"1599\" \/>\n\t<meta property=\"og:image:height\" content=\"1200\" \/>\n\t<meta property=\"og:image:type\" content=\"image\/jpeg\" \/>\n<meta name=\"author\" content=\"Pukkas\" \/>\n<meta name=\"twitter:card\" content=\"summary_large_image\" \/>\n<meta name=\"twitter:creator\" content=\"@FececFederacio\" \/>\n<meta name=\"twitter:site\" content=\"@FececFederacio\" \/>\n<meta name=\"twitter:label1\" content=\"Escrito por\" \/>\n\t<meta name=\"twitter:data1\" content=\"Pukkas\" \/>\n\t<meta name=\"twitter:label2\" content=\"Tiempo de lectura\" \/>\n\t<meta name=\"twitter:data2\" content=\"1 minuto\" \/>\n<script type=\"application\/ld+json\" class=\"yoast-schema-graph\">{\"@context\":\"https:\\\/\\\/schema.org\",\"@graph\":[{\"@type\":\"Article\",\"@id\":\"https:\\\/\\\/juntscontraelcancer.cat\\\/es\\\/2-300-personas-participan-en-la-san-silvestre-de-girona-en-favor-de-nassos-contra-el-cancer\\\/#article\",\"isPartOf\":{\"@id\":\"https:\\\/\\\/juntscontraelcancer.cat\\\/es\\\/2-300-personas-participan-en-la-san-silvestre-de-girona-en-favor-de-nassos-contra-el-cancer\\\/\"},\"author\":{\"name\":\"Pukkas\",\"@id\":\"https:\\\/\\\/juntscontraelcancer.cat\\\/es\\\/#\\\/schema\\\/person\\\/14c85cb9b3aeddea8f9087bea375813f\"},\"headline\":\"2.300 personas participan en la San Silvestre de Girona en favor de &#8216;Nassos contra el C\u00e0ncer&#8217;\",\"datePublished\":\"2023-01-01T22:00:00+00:00\",\"dateModified\":\"2023-06-12T09:51:22+00:00\",\"mainEntityOfPage\":{\"@id\":\"https:\\\/\\\/juntscontraelcancer.cat\\\/es\\\/2-300-personas-participan-en-la-san-silvestre-de-girona-en-favor-de-nassos-contra-el-cancer\\\/\"},\"wordCount\":245,\"publisher\":{\"@id\":\"https:\\\/\\\/juntscontraelcancer.cat\\\/es\\\/#organization\"},\"image\":{\"@id\":\"https:\\\/\\\/juntscontraelcancer.cat\\\/es\\\/2-300-personas-participan-en-la-san-silvestre-de-girona-en-favor-de-nassos-contra-el-cancer\\\/#primaryimage\"},\"thumbnailUrl\":\"https:\\\/\\\/juntscontraelcancer.cat\\\/wp-content\\\/uploads\\\/2023\\\/04\\\/WhatsApp-Image-2022-12-31-at-20.53.47.jpeg\",\"articleSection\":[\"Actualidad\",\"Actualitat\",\"Destacadas\",\"Destacats\"],\"inLanguage\":\"es\"},{\"@type\":\"WebPage\",\"@id\":\"https:\\\/\\\/juntscontraelcancer.cat\\\/es\\\/2-300-personas-participan-en-la-san-silvestre-de-girona-en-favor-de-nassos-contra-el-cancer\\\/\",\"url\":\"https:\\\/\\\/juntscontraelcancer.cat\\\/es\\\/2-300-personas-participan-en-la-san-silvestre-de-girona-en-favor-de-nassos-contra-el-cancer\\\/\",\"name\":\"2.300 personas participan en la San Silvestre de Girona en favor de 'Nassos contra el C\u00e0ncer' - Junts contra el c\u00e0ncer - FECEC\",\"isPartOf\":{\"@id\":\"https:\\\/\\\/juntscontraelcancer.cat\\\/es\\\/#website\"},\"primaryImageOfPage\":{\"@id\":\"https:\\\/\\\/juntscontraelcancer.cat\\\/es\\\/2-300-personas-participan-en-la-san-silvestre-de-girona-en-favor-de-nassos-contra-el-cancer\\\/#primaryimage\"},\"image\":{\"@id\":\"https:\\\/\\\/juntscontraelcancer.cat\\\/es\\\/2-300-personas-participan-en-la-san-silvestre-de-girona-en-favor-de-nassos-contra-el-cancer\\\/#primaryimage\"},\"thumbnailUrl\":\"https:\\\/\\\/juntscontraelcancer.cat\\\/wp-content\\\/uploads\\\/2023\\\/04\\\/WhatsApp-Image-2022-12-31-at-20.53.47.jpeg\",\"datePublished\":\"2023-01-01T22:00:00+00:00\",\"dateModified\":\"2023-06-12T09:51:22+00:00\",\"breadcrumb\":{\"@id\":\"https:\\\/\\\/juntscontraelcancer.cat\\\/es\\\/2-300-personas-participan-en-la-san-silvestre-de-girona-en-favor-de-nassos-contra-el-cancer\\\/#breadcrumb\"},\"inLanguage\":\"es\",\"potentialAction\":[{\"@type\":\"ReadAction\",\"target\":[\"https:\\\/\\\/juntscontraelcancer.cat\\\/es\\\/2-300-personas-participan-en-la-san-silvestre-de-girona-en-favor-de-nassos-contra-el-cancer\\\/\"]}]},{\"@type\":\"ImageObject\",\"inLanguage\":\"es\",\"@id\":\"https:\\\/\\\/juntscontraelcancer.cat\\\/es\\\/2-300-personas-participan-en-la-san-silvestre-de-girona-en-favor-de-nassos-contra-el-cancer\\\/#primaryimage\",\"url\":\"https:\\\/\\\/juntscontraelcancer.cat\\\/wp-content\\\/uploads\\\/2023\\\/04\\\/WhatsApp-Image-2022-12-31-at-20.53.47.jpeg\",\"contentUrl\":\"https:\\\/\\\/juntscontraelcancer.cat\\\/wp-content\\\/uploads\\\/2023\\\/04\\\/WhatsApp-Image-2022-12-31-at-20.53.47.jpeg\",\"width\":1599,\"height\":1200},{\"@type\":\"BreadcrumbList\",\"@id\":\"https:\\\/\\\/juntscontraelcancer.cat\\\/es\\\/2-300-personas-participan-en-la-san-silvestre-de-girona-en-favor-de-nassos-contra-el-cancer\\\/#breadcrumb\",\"itemListElement\":[{\"@type\":\"ListItem\",\"position\":1,\"name\":\"Inicio\",\"item\":\"https:\\\/\\\/juntscontraelcancer.cat\\\/es\\\/\"},{\"@type\":\"ListItem\",\"position\":2,\"name\":\"2.300 personas participan en la San Silvestre de Girona en favor de &#8216;Nassos contra el C\u00e0ncer&#8217;\"}]},{\"@type\":\"WebSite\",\"@id\":\"https:\\\/\\\/juntscontraelcancer.cat\\\/es\\\/#website\",\"url\":\"https:\\\/\\\/juntscontraelcancer.cat\\\/es\\\/\",\"name\":\"Junts contra el c\u00e0ncer - FECEC\",\"description\":\"\",\"publisher\":{\"@id\":\"https:\\\/\\\/juntscontraelcancer.cat\\\/es\\\/#organization\"},\"potentialAction\":[{\"@type\":\"SearchAction\",\"target\":{\"@type\":\"EntryPoint\",\"urlTemplate\":\"https:\\\/\\\/juntscontraelcancer.cat\\\/es\\\/?s={search_term_string}\"},\"query-input\":{\"@type\":\"PropertyValueSpecification\",\"valueRequired\":true,\"valueName\":\"search_term_string\"}}],\"inLanguage\":\"es\"},{\"@type\":\"Organization\",\"@id\":\"https:\\\/\\\/juntscontraelcancer.cat\\\/es\\\/#organization\",\"name\":\"Junts contra el c\u00e0ncer - FECEC\",\"url\":\"https:\\\/\\\/juntscontraelcancer.cat\\\/es\\\/\",\"logo\":{\"@type\":\"ImageObject\",\"inLanguage\":\"es\",\"@id\":\"https:\\\/\\\/juntscontraelcancer.cat\\\/es\\\/#\\\/schema\\\/logo\\\/image\\\/\",\"url\":\"https:\\\/\\\/juntscontraelcancer.cat\\\/wp-content\\\/uploads\\\/2023\\\/01\\\/logo-fecec-header.png\",\"contentUrl\":\"https:\\\/\\\/juntscontraelcancer.cat\\\/wp-content\\\/uploads\\\/2023\\\/01\\\/logo-fecec-header.png\",\"width\":126,\"height\":74,\"caption\":\"Junts contra el c\u00e0ncer - FECEC\"},\"image\":{\"@id\":\"https:\\\/\\\/juntscontraelcancer.cat\\\/es\\\/#\\\/schema\\\/logo\\\/image\\\/\"},\"sameAs\":[\"https:\\\/\\\/www.facebook.com\\\/fecec.federacio\\\/\",\"https:\\\/\\\/x.com\\\/FececFederacio\",\"https:\\\/\\\/www.instagram.com\\\/fececfederacio\\\/?hl=es\",\"https:\\\/\\\/www.youtube.com\\\/channel\\\/UCgAC_6c6hmHwMQhSCQyYBdA\"]},{\"@type\":\"Person\",\"@id\":\"https:\\\/\\\/juntscontraelcancer.cat\\\/es\\\/#\\\/schema\\\/person\\\/14c85cb9b3aeddea8f9087bea375813f\",\"name\":\"Pukkas\",\"image\":{\"@type\":\"ImageObject\",\"inLanguage\":\"es\",\"@id\":\"https:\\\/\\\/secure.gravatar.com\\\/avatar\\\/7433209641beafe57dbfd32b83f1c28fb7da2f23c98b47d02c7623ce350a0e9f?s=96&d=mm&r=g\",\"url\":\"https:\\\/\\\/secure.gravatar.com\\\/avatar\\\/7433209641beafe57dbfd32b83f1c28fb7da2f23c98b47d02c7623ce350a0e9f?s=96&d=mm&r=g\",\"contentUrl\":\"https:\\\/\\\/secure.gravatar.com\\\/avatar\\\/7433209641beafe57dbfd32b83f1c28fb7da2f23c98b47d02c7623ce350a0e9f?s=96&d=mm&r=g\",\"caption\":\"Pukkas\"},\"sameAs\":[\"https:\\\/\\\/juntscontraelcancer.cat\"]}]}<\/script>\n<!-- \/ Yoast SEO plugin. -->","yoast_head_json":{"title":"2.300 personas participan en la San Silvestre de Girona en favor de 'Nassos contra el C\u00e0ncer' - Junts contra el c\u00e0ncer - FECEC","robots":{"index":"index","follow":"follow","max-snippet":"max-snippet:-1","max-image-preview":"max-image-preview:large","max-video-preview":"max-video-preview:-1"},"canonical":"https:\/\/juntscontraelcancer.cat\/es\/2-300-personas-participan-en-la-san-silvestre-de-girona-en-favor-de-nassos-contra-el-cancer\/","og_locale":"es_ES","og_type":"article","og_title":"2.300 personas participan en la San Silvestre de Girona en favor de 'Nassos contra el C\u00e0ncer' - Junts contra el c\u00e0ncer - FECEC","og_description":"La ciudad de Girona cerr\u00f3 el 2022 con la disputa de la 17.\u00aa edici\u00f3n de la San Silvestre, con una participaci\u00f3n r\u00e9cord de 2.000 inscritos en la carrera de adultos \u2013 con todas las inscripciones agotadas \u2013 y 300 m\u00e1s en la mini San Silvestre. Parte de la recaudaci\u00f3n de esta carrera est\u00e1 destinada a [...]","og_url":"https:\/\/juntscontraelcancer.cat\/es\/2-300-personas-participan-en-la-san-silvestre-de-girona-en-favor-de-nassos-contra-el-cancer\/","og_site_name":"Junts contra el c\u00e0ncer - FECEC","article_publisher":"https:\/\/www.facebook.com\/fecec.federacio\/","article_published_time":"2023-01-01T22:00:00+00:00","article_modified_time":"2023-06-12T09:51:22+00:00","og_image":[{"width":1599,"height":1200,"url":"https:\/\/juntscontraelcancer.cat\/wp-content\/uploads\/2023\/04\/WhatsApp-Image-2022-12-31-at-20.53.47.jpeg","type":"image\/jpeg"}],"author":"Pukkas","twitter_card":"summary_large_image","twitter_creator":"@FececFederacio","twitter_site":"@FececFederacio","twitter_misc":{"Escrito por":"Pukkas","Tiempo de lectura":"1 minuto"},"schema":{"@context":"https:\/\/schema.org","@graph":[{"@type":"Article","@id":"https:\/\/juntscontraelcancer.cat\/es\/2-300-personas-participan-en-la-san-silvestre-de-girona-en-favor-de-nassos-contra-el-cancer\/#article","isPartOf":{"@id":"https:\/\/juntscontraelcancer.cat\/es\/2-300-personas-participan-en-la-san-silvestre-de-girona-en-favor-de-nassos-contra-el-cancer\/"},"author":{"name":"Pukkas","@id":"https:\/\/juntscontraelcancer.cat\/es\/#\/schema\/person\/14c85cb9b3aeddea8f9087bea375813f"},"headline":"2.300 personas participan en la San Silvestre de Girona en favor de &#8216;Nassos contra el C\u00e0ncer&#8217;","datePublished":"2023-01-01T22:00:00+00:00","dateModified":"2023-06-12T09:51:22+00:00","mainEntityOfPage":{"@id":"https:\/\/juntscontraelcancer.cat\/es\/2-300-personas-participan-en-la-san-silvestre-de-girona-en-favor-de-nassos-contra-el-cancer\/"},"wordCount":245,"publisher":{"@id":"https:\/\/juntscontraelcancer.cat\/es\/#organization"},"image":{"@id":"https:\/\/juntscontraelcancer.cat\/es\/2-300-personas-participan-en-la-san-silvestre-de-girona-en-favor-de-nassos-contra-el-cancer\/#primaryimage"},"thumbnailUrl":"https:\/\/juntscontraelcancer.cat\/wp-content\/uploads\/2023\/04\/WhatsApp-Image-2022-12-31-at-20.53.47.jpeg","articleSection":["Actualidad","Actualitat","Destacadas","Destacats"],"inLanguage":"es"},{"@type":"WebPage","@id":"https:\/\/juntscontraelcancer.cat\/es\/2-300-personas-participan-en-la-san-silvestre-de-girona-en-favor-de-nassos-contra-el-cancer\/","url":"https:\/\/juntscontraelcancer.cat\/es\/2-300-personas-participan-en-la-san-silvestre-de-girona-en-favor-de-nassos-contra-el-cancer\/","name":"2.300 personas participan en la San Silvestre de Girona en favor de 'Nassos contra el C\u00e0ncer' - Junts contra el c\u00e0ncer - FECEC","isPartOf":{"@id":"https:\/\/juntscontraelcancer.cat\/es\/#website"},"primaryImageOfPage":{"@id":"https:\/\/juntscontraelcancer.cat\/es\/2-300-personas-participan-en-la-san-silvestre-de-girona-en-favor-de-nassos-contra-el-cancer\/#primaryimage"},"image":{"@id":"https:\/\/juntscontraelcancer.cat\/es\/2-300-personas-participan-en-la-san-silvestre-de-girona-en-favor-de-nassos-contra-el-cancer\/#primaryimage"},"thumbnailUrl":"https:\/\/juntscontraelcancer.cat\/wp-content\/uploads\/2023\/04\/WhatsApp-Image-2022-12-31-at-20.53.47.jpeg","datePublished":"2023-01-01T22:00:00+00:00","dateModified":"2023-06-12T09:51:22+00:00","breadcrumb":{"@id":"https:\/\/juntscontraelcancer.cat\/es\/2-300-personas-participan-en-la-san-silvestre-de-girona-en-favor-de-nassos-contra-el-cancer\/#breadcrumb"},"inLanguage":"es","potentialAction":[{"@type":"ReadAction","target":["https:\/\/juntscontraelcancer.cat\/es\/2-300-personas-participan-en-la-san-silvestre-de-girona-en-favor-de-nassos-contra-el-cancer\/"]}]},{"@type":"ImageObject","inLanguage":"es","@id":"https:\/\/juntscontraelcancer.cat\/es\/2-300-personas-participan-en-la-san-silvestre-de-girona-en-favor-de-nassos-contra-el-cancer\/#primaryimage","url":"https:\/\/juntscontraelcancer.cat\/wp-content\/uploads\/2023\/04\/WhatsApp-Image-2022-12-31-at-20.53.47.jpeg","contentUrl":"https:\/\/juntscontraelcancer.cat\/wp-content\/uploads\/2023\/04\/WhatsApp-Image-2022-12-31-at-20.53.47.jpeg","width":1599,"height":1200},{"@type":"BreadcrumbList","@id":"https:\/\/juntscontraelcancer.cat\/es\/2-300-personas-participan-en-la-san-silvestre-de-girona-en-favor-de-nassos-contra-el-cancer\/#breadcrumb","itemListElement":[{"@type":"ListItem","position":1,"name":"Inicio","item":"https:\/\/juntscontraelcancer.cat\/es\/"},{"@type":"ListItem","position":2,"name":"2.300 personas participan en la San Silvestre de Girona en favor de &#8216;Nassos contra el C\u00e0ncer&#8217;"}]},{"@type":"WebSite","@id":"https:\/\/juntscontraelcancer.cat\/es\/#website","url":"https:\/\/juntscontraelcancer.cat\/es\/","name":"Junts contra el c\u00e0ncer - FECEC","description":"","publisher":{"@id":"https:\/\/juntscontraelcancer.cat\/es\/#organization"},"potentialAction":[{"@type":"SearchAction","target":{"@type":"EntryPoint","urlTemplate":"https:\/\/juntscontraelcancer.cat\/es\/?s={search_term_string}"},"query-input":{"@type":"PropertyValueSpecification","valueRequired":true,"valueName":"search_term_string"}}],"inLanguage":"es"},{"@type":"Organization","@id":"https:\/\/juntscontraelcancer.cat\/es\/#organization","name":"Junts contra el c\u00e0ncer - FECEC","url":"https:\/\/juntscontraelcancer.cat\/es\/","logo":{"@type":"ImageObject","inLanguage":"es","@id":"https:\/\/juntscontraelcancer.cat\/es\/#\/schema\/logo\/image\/","url":"https:\/\/juntscontraelcancer.cat\/wp-content\/uploads\/2023\/01\/logo-fecec-header.png","contentUrl":"https:\/\/juntscontraelcancer.cat\/wp-content\/uploads\/2023\/01\/logo-fecec-header.png","width":126,"height":74,"caption":"Junts contra el c\u00e0ncer - FECEC"},"image":{"@id":"https:\/\/juntscontraelcancer.cat\/es\/#\/schema\/logo\/image\/"},"sameAs":["https:\/\/www.facebook.com\/fecec.federacio\/","https:\/\/x.com\/FececFederacio","https:\/\/www.instagram.com\/fececfederacio\/?hl=es","https:\/\/www.youtube.com\/channel\/UCgAC_6c6hmHwMQhSCQyYBdA"]},{"@type":"Person","@id":"https:\/\/juntscontraelcancer.cat\/es\/#\/schema\/person\/14c85cb9b3aeddea8f9087bea375813f","name":"Pukkas","image":{"@type":"ImageObject","inLanguage":"es","@id":"https:\/\/secure.gravatar.com\/avatar\/7433209641beafe57dbfd32b83f1c28fb7da2f23c98b47d02c7623ce350a0e9f?s=96&d=mm&r=g","url":"https:\/\/secure.gravatar.com\/avatar\/7433209641beafe57dbfd32b83f1c28fb7da2f23c98b47d02c7623ce350a0e9f?s=96&d=mm&r=g","contentUrl":"https:\/\/secure.gravatar.com\/avatar\/7433209641beafe57dbfd32b83f1c28fb7da2f23c98b47d02c7623ce350a0e9f?s=96&d=mm&r=g","caption":"Pukkas"},"sameAs":["https:\/\/juntscontraelcancer.cat"]}]}},"_links":{"self":[{"href":"https:\/\/juntscontraelcancer.cat\/es\/wp-json\/wp\/v2\/posts\/15029","targetHints":{"allow":["GET"]}}],"collection":[{"href":"https:\/\/juntscontraelcancer.cat\/es\/wp-json\/wp\/v2\/posts"}],"about":[{"href":"https:\/\/juntscontraelcancer.cat\/es\/wp-json\/wp\/v2\/types\/post"}],"author":[{"embeddable":true,"href":"https:\/\/juntscontraelcancer.cat\/es\/wp-json\/wp\/v2\/users\/1"}],"replies":[{"embeddable":true,"href":"https:\/\/juntscontraelcancer.cat\/es\/wp-json\/wp\/v2\/comments?post=15029"}],"version-history":[{"count":1,"href":"https:\/\/juntscontraelcancer.cat\/es\/wp-json\/wp\/v2\/posts\/15029\/revisions"}],"predecessor-version":[{"id":15030,"href":"https:\/\/juntscontraelcancer.cat\/es\/wp-json\/wp\/v2\/posts\/15029\/revisions\/15030"}],"wp:featuredmedia":[{"embeddable":true,"href":"https:\/\/juntscontraelcancer.cat\/es\/wp-json\/wp\/v2\/media\/13935"}],"wp:attachment":[{"href":"https:\/\/juntscontraelcancer.cat\/es\/wp-json\/wp\/v2\/media?parent=15029"}],"wp:term":[{"taxonomy":"category","embeddable":true,"href":"https:\/\/juntscontraelcancer.cat\/es\/wp-json\/wp\/v2\/categories?post=15029"},{"taxonomy":"post_tag","embeddable":true,"href":"https:\/\/juntscontraelcancer.cat\/es\/wp-json\/wp\/v2\/tags?post=15029"}],"curies":[{"name":"wp","href":"https:\/\/api.w.org\/{rel}","templated":true}]}}