{"id":15027,"date":"2022-12-20T00:00:00","date_gmt":"2022-12-19T22:00:00","guid":{"rendered":"https:\/\/junts.enproceso.es\/fecec-en-cifras-las-entidades-salen-de-la-excepcionalidad-que-supuso-la-pandemia\/"},"modified":"2023-06-12T11:51:22","modified_gmt":"2023-06-12T09:51:22","slug":"fecec-en-cifras-las-entidades-salen-de-la-excepcionalidad-que-supuso-la-pandemia","status":"publish","type":"post","link":"https:\/\/juntscontraelcancer.cat\/es\/fecec-en-cifras-las-entidades-salen-de-la-excepcionalidad-que-supuso-la-pandemia\/","title":{"rendered":"FECEC en cifras: las entidades salen de la excepcionalidad que supuso la pandemia"},"content":{"rendered":"<p><strong><\/p>\n<p>El a\u00f1o 2021 hemos salido de la excepcionalidad en las cifras que se presentaron en 2020, dada la situaci\u00f3n de pandemia que paraliz\u00f3 la totalidad de las actividades presenciales y que reconvirti\u00f3 muchas en virtuales. Algunas de estas actividades virtuales se han mantenido, lo que ha hecho aumentar las cifras en estos servicios. As\u00ed lo concluye el informe \u00abFECEC en cifras\u00bb, un censo de las actividades realizadas por las 15 entidades miembros de la FECEC durante el a\u00f1o 2021 en n\u00fameros globales.<\/p>\n<p><\/strong><br \/>\nQueda patente una recuperaci\u00f3n de la normalidad, aunque se arrastra la parada por la pandemia  en lo que respecta a las actividades relacionadas con hospitales y pisos de acogida. Muchas de las actividades presenciales que se hab\u00edan perdido durante el a\u00f1o 2020 se han ido recuperando el 2021. <\/p>\n<p>En total, en 2021 hemos atendido 16.200 personas. Hemos contado con 4.904 personas voluntarias, 121.526 persones socias y 129 personas trabajadoras. <\/p>\n<p>A continuaci\u00f3n, os dejamos un resumen:<\/p>\n<p><img loading=\"lazy\" decoding=\"async\" src=\"https:\/\/juntscontraelcancer.cat\/wp-content\/uploads\/2023\/04\/Captura-de-pantalla-2022-12-19-134913-300x256.jpg\" alt=\"Captura de pantalla 2022-12-19 134913\" width=\"730\" height=\"622\" class=\"alignnone size-medium wp-image-39556\" \/><\/p>\n<p><strong>Atenci\u00f3n Social:<\/strong><\/p>\n<li>Durante el 2021 se ha dado una tendencia al alta en muchas de las actividades y servicios que ofrecen las entidades, como son el crecimiento del n\u00famero de personas beneficiarias de las ayudas econ\u00f3micas (43,12% m\u00e1s respeto a 2020) as\u00ed como del asesoramiento legal (+30,57%), la informaci\u00f3n sobre la enfermedad (+3,66%), el servicio de atenci\u00f3n y limpieza domiciliaria SAD (+34,5%), el banco de pelucas (+110%), la atenci\u00f3n de los trabajadores y las trabajadoras sociales (+17,7%) y de la est\u00e9tica oncol\u00f3gica (+27,23%).\n<\/li>\n<li>Se ha reducido el n\u00famero de personas beneficiarias de los pisos de acogida (-35,7%), de las demandas de investigaci\u00f3n de recursos externos (-17,7%), del pr\u00e9stamo de material cl\u00ednico (-15,8%) y del asesoramiento diet\u00e9tico (-6,63%).\n<\/li>\n<p><strong>Terapias Manuales y Rehabilitaci\u00f3n:<\/strong><\/p>\n<li>Ha habido un aumento significativo del n\u00famero de beneficiarios de los servicios de fisioterapia a domicilio (+36,7%), de reflexoterapia (+3,9%), de la rehabilitaci\u00f3n de la voz (+77,8%) y de Reiki (+36,4%).\n<\/li>\n<li>En cambio se ha dado un descenso del n\u00famero de personas beneficiarias de los servicios de quiromasajes (-16,33%) y de drenaje linf\u00e1tico (-9,44%).\n<\/li>\n<p><strong>Apoyo Psicol\u00f3gico:<\/strong><\/p>\n<li>Se ha producido un incremento de las personas usuarias en el \u00e1rea del apoyo psicol\u00f3gico, concretamente en el asesoramiento sobre la enfermedad (+47%), en los grupos de ayuda mutua (+55,8%) y en los grupos de duelo(+13,84%).\n<\/li>\n<li>Decrecen el n\u00famero de personas usuarias del servicio em el 2021 de los grupos de terapia de grupo (-36,5%) y de terapia sexual y de pareja (-71%).\n<\/li>\n<p><strong>Ocio en los Hospitales:<\/strong><\/p>\n<li>Se constata un considerable descenso (-91,62%) de las personas usuarias de las actividades en los hospitales durante el a\u00f1o 2021. Como hemos comentado, debido a que arrastramos todav\u00eda restricciones por la COVID, las salas han continuado cerradas y las personas enfermas no han podido salir de las habitaciones.\n<\/li>\n<p><strong>Salidas y Talleres en las entidades:<\/strong><\/p>\n<li>El a\u00f1o 2021 se han hecho 79 colonias y salidas, con 1.050 personas beneficiarias. Era de esperar una subida de participaci\u00f3n debido a que con la pandemia no se hicieron salidas ni colonias durante el 2020. Dos entidades han realizado este servicio.\n<\/li>\n<li>Los talleres en las entidades han bajado respeto el 2020 (-37,10%), posiblemente porque durante el 2020 muchos de estos talleres fueron en l\u00ednea, invitando a la participaci\u00f3n de m\u00e1s personas por este medio. Han dado este servicio 5 entidades.\n<\/li>\n<p><strong>Divulgaci\u00f3n y Sensibilizaci\u00f3n:<\/strong><\/p>\n<li>Durante el a\u00f1o 2021, las entidades han recibido una asistencia de 7.095 personas a las 99 charlas de divulgaci\u00f3n y sensibilizaci\u00f3n organizadas por 11 entidades. Se ha aumentado un 227,42% la presencia a las charlas y con esto queda patente la vuelta a la normalidad despu\u00e9s de un 2020 con restricciones.\n<\/li>\n<li>En las actividades para concienciar sobre los peligros del tabaco en 2021 han participado 1.402 personas (-41,46%). A las actividades para promover una alimentaci\u00f3n equilibrada y saludable han participado, durante el a\u00f1o 2021, 149 personas (-54,1%).\n<\/li>\n<li>Se han recuperado las actividades para promover la protecci\u00f3n ante las quemaduras solares o la exposici\u00f3n continuada al sol en 2021, con una participaci\u00f3n de 1.271 personas.\n<\/li>\n<li>Se ha mantenido la actividad \u201cPosa&#8217;t la gorra\u201d durante el a\u00f1o 2021, con una participaci\u00f3n de 420 personas.\n<\/li>\n<p><strong>\u00c1rea de Formaci\u00f3n:<\/strong><\/p>\n<li>Hay una tendencia a la baja en la formaci\u00f3n de voluntariado oncol\u00f3gico. Durante el a\u00f1o 2021, se beneficiaron la formaci\u00f3n 362 voluntarios y voluntarias, un 37,6% menos respeto en 2020.\n<\/li>\n<li>Por lo que respecta a la formaci\u00f3n del personal sanitario en hospitales y centros de salud, durante el a\u00f1o 2021, 24 personas se beneficiaron de los cursos, lo que representa un 61,3% menos respeto el 2020.\n<\/li>\n<li>Este a\u00f1o 2021 no han habido formaciones de voluntariado oncol\u00f3gico especializado en personas laringectomizadas.\n<\/li>\n<p><strong>Voluntariado:<\/strong><\/p>\n<li>El a\u00f1o 2020, ha disminuido el n\u00famero de voluntarios que trabajan en el \u00e1mbito oncol\u00f3gico, a hospitales (-33%) y domicilios (-30,6%). La causa principal ha sido la situaci\u00f3n provocada por la pandemia que no ha permitido realizar las actuaciones habituales.\n<\/li>\n<li>Por otro lado, el crecimiento del voluntariado en el apoyo a la divulgaci\u00f3n y sensibilizaci\u00f3n as\u00ed como en actividades de apoyo log\u00edstico a las entidades ha crecido un 39% durante el 2021, lo que nos da una visi\u00f3n optimista, destacando la importancia del trabajo altruista que realizan las personas voluntarias.\n<\/li>\n<p><strong><a href=\"https:\/\/www.juntscontraelcancer.cat\/wp-content\/uploads\/2022\/12\/INFORME-FECEC-EN-XIFRES-2021.pdf\">Descarga el informe completo<\/a><\/p>\n<p><\/strong><\/p>\n","protected":false},"excerpt":{"rendered":"<p>El a\u00f1o 2021 hemos salido de la excepcionalidad en las cifras que se presentaron en 2020, dada la situaci\u00f3n de pandemia que paraliz\u00f3 la totalidad de las actividades presenciales y que reconvirti\u00f3 muchas en virtuales. Algunas de estas actividades virtuales se han mantenido, lo que ha hecho aumentar las cifras en estos servicios. As\u00ed lo [&#8230;]\n","protected":false},"author":1,"featured_media":13909,"comment_status":"closed","ping_status":"open","sticky":false,"template":"","format":"standard","meta":{"_acf_changed":false,"inline_featured_image":false,"footnotes":""},"categories":[84,3,86,68],"tags":[],"class_list":["post-15027","post","type-post","status-publish","format-standard","has-post-thumbnail","hentry","category-actualidad","category-actualitat","category-destacadas","category-destaquem"],"acf":[],"yoast_head":"<!-- This site is optimized with the Yoast SEO plugin v27.3 - https:\/\/yoast.com\/product\/yoast-seo-wordpress\/ -->\n<title>FECEC en cifras: las entidades salen de la excepcionalidad que supuso la pandemia - Junts contra el c\u00e0ncer - FECEC<\/title>\n<meta name=\"robots\" content=\"index, follow, max-snippet:-1, max-image-preview:large, max-video-preview:-1\" \/>\n<link rel=\"canonical\" href=\"https:\/\/juntscontraelcancer.cat\/es\/fecec-en-cifras-las-entidades-salen-de-la-excepcionalidad-que-supuso-la-pandemia\/\" \/>\n<meta property=\"og:locale\" content=\"es_ES\" \/>\n<meta property=\"og:type\" content=\"article\" \/>\n<meta property=\"og:title\" content=\"FECEC en cifras: las entidades salen de la excepcionalidad que supuso la pandemia - Junts contra el c\u00e0ncer - FECEC\" \/>\n<meta property=\"og:description\" content=\"El a\u00f1o 2021 hemos salido de la excepcionalidad en las cifras que se presentaron en 2020, dada la situaci\u00f3n de pandemia que paraliz\u00f3 la totalidad de las actividades presenciales y que reconvirti\u00f3 muchas en virtuales. Algunas de estas actividades virtuales se han mantenido, lo que ha hecho aumentar las cifras en estos servicios. As\u00ed lo [...]\" \/>\n<meta property=\"og:url\" content=\"https:\/\/juntscontraelcancer.cat\/es\/fecec-en-cifras-las-entidades-salen-de-la-excepcionalidad-que-supuso-la-pandemia\/\" \/>\n<meta property=\"og:site_name\" content=\"Junts contra el c\u00e0ncer - FECEC\" \/>\n<meta property=\"article:publisher\" content=\"https:\/\/www.facebook.com\/fecec.federacio\/\" \/>\n<meta property=\"article:published_time\" content=\"2022-12-19T22:00:00+00:00\" \/>\n<meta property=\"article:modified_time\" content=\"2023-06-12T09:51:22+00:00\" \/>\n<meta property=\"og:image\" content=\"https:\/\/juntscontraelcancer.cat\/wp-content\/uploads\/2023\/04\/Captura-de-pantalla-2022-12-19-134913-1.jpg\" \/>\n\t<meta property=\"og:image:width\" content=\"730\" \/>\n\t<meta property=\"og:image:height\" content=\"622\" \/>\n\t<meta property=\"og:image:type\" content=\"image\/jpeg\" \/>\n<meta name=\"author\" content=\"Pukkas\" \/>\n<meta name=\"twitter:card\" content=\"summary_large_image\" \/>\n<meta name=\"twitter:creator\" content=\"@FececFederacio\" \/>\n<meta name=\"twitter:site\" content=\"@FececFederacio\" \/>\n<meta name=\"twitter:label1\" content=\"Escrito por\" \/>\n\t<meta name=\"twitter:data1\" content=\"Pukkas\" \/>\n\t<meta name=\"twitter:label2\" content=\"Tiempo de lectura\" \/>\n\t<meta name=\"twitter:data2\" content=\"4 minutos\" \/>\n<script type=\"application\/ld+json\" class=\"yoast-schema-graph\">{\"@context\":\"https:\\\/\\\/schema.org\",\"@graph\":[{\"@type\":\"Article\",\"@id\":\"https:\\\/\\\/juntscontraelcancer.cat\\\/es\\\/fecec-en-cifras-las-entidades-salen-de-la-excepcionalidad-que-supuso-la-pandemia\\\/#article\",\"isPartOf\":{\"@id\":\"https:\\\/\\\/juntscontraelcancer.cat\\\/es\\\/fecec-en-cifras-las-entidades-salen-de-la-excepcionalidad-que-supuso-la-pandemia\\\/\"},\"author\":{\"name\":\"Pukkas\",\"@id\":\"https:\\\/\\\/juntscontraelcancer.cat\\\/es\\\/#\\\/schema\\\/person\\\/14c85cb9b3aeddea8f9087bea375813f\"},\"headline\":\"FECEC en cifras: las entidades salen de la excepcionalidad que supuso la pandemia\",\"datePublished\":\"2022-12-19T22:00:00+00:00\",\"dateModified\":\"2023-06-12T09:51:22+00:00\",\"mainEntityOfPage\":{\"@id\":\"https:\\\/\\\/juntscontraelcancer.cat\\\/es\\\/fecec-en-cifras-las-entidades-salen-de-la-excepcionalidad-que-supuso-la-pandemia\\\/\"},\"wordCount\":869,\"publisher\":{\"@id\":\"https:\\\/\\\/juntscontraelcancer.cat\\\/es\\\/#organization\"},\"image\":{\"@id\":\"https:\\\/\\\/juntscontraelcancer.cat\\\/es\\\/fecec-en-cifras-las-entidades-salen-de-la-excepcionalidad-que-supuso-la-pandemia\\\/#primaryimage\"},\"thumbnailUrl\":\"https:\\\/\\\/juntscontraelcancer.cat\\\/wp-content\\\/uploads\\\/2023\\\/04\\\/Captura-de-pantalla-2022-12-19-134913-1.jpg\",\"articleSection\":[\"Actualidad\",\"Actualitat\",\"Destacadas\",\"Destacats\"],\"inLanguage\":\"es\"},{\"@type\":\"WebPage\",\"@id\":\"https:\\\/\\\/juntscontraelcancer.cat\\\/es\\\/fecec-en-cifras-las-entidades-salen-de-la-excepcionalidad-que-supuso-la-pandemia\\\/\",\"url\":\"https:\\\/\\\/juntscontraelcancer.cat\\\/es\\\/fecec-en-cifras-las-entidades-salen-de-la-excepcionalidad-que-supuso-la-pandemia\\\/\",\"name\":\"FECEC en cifras: las entidades salen de la excepcionalidad que supuso la pandemia - Junts contra el c\u00e0ncer - FECEC\",\"isPartOf\":{\"@id\":\"https:\\\/\\\/juntscontraelcancer.cat\\\/es\\\/#website\"},\"primaryImageOfPage\":{\"@id\":\"https:\\\/\\\/juntscontraelcancer.cat\\\/es\\\/fecec-en-cifras-las-entidades-salen-de-la-excepcionalidad-que-supuso-la-pandemia\\\/#primaryimage\"},\"image\":{\"@id\":\"https:\\\/\\\/juntscontraelcancer.cat\\\/es\\\/fecec-en-cifras-las-entidades-salen-de-la-excepcionalidad-que-supuso-la-pandemia\\\/#primaryimage\"},\"thumbnailUrl\":\"https:\\\/\\\/juntscontraelcancer.cat\\\/wp-content\\\/uploads\\\/2023\\\/04\\\/Captura-de-pantalla-2022-12-19-134913-1.jpg\",\"datePublished\":\"2022-12-19T22:00:00+00:00\",\"dateModified\":\"2023-06-12T09:51:22+00:00\",\"breadcrumb\":{\"@id\":\"https:\\\/\\\/juntscontraelcancer.cat\\\/es\\\/fecec-en-cifras-las-entidades-salen-de-la-excepcionalidad-que-supuso-la-pandemia\\\/#breadcrumb\"},\"inLanguage\":\"es\",\"potentialAction\":[{\"@type\":\"ReadAction\",\"target\":[\"https:\\\/\\\/juntscontraelcancer.cat\\\/es\\\/fecec-en-cifras-las-entidades-salen-de-la-excepcionalidad-que-supuso-la-pandemia\\\/\"]}]},{\"@type\":\"ImageObject\",\"inLanguage\":\"es\",\"@id\":\"https:\\\/\\\/juntscontraelcancer.cat\\\/es\\\/fecec-en-cifras-las-entidades-salen-de-la-excepcionalidad-que-supuso-la-pandemia\\\/#primaryimage\",\"url\":\"https:\\\/\\\/juntscontraelcancer.cat\\\/wp-content\\\/uploads\\\/2023\\\/04\\\/Captura-de-pantalla-2022-12-19-134913-1.jpg\",\"contentUrl\":\"https:\\\/\\\/juntscontraelcancer.cat\\\/wp-content\\\/uploads\\\/2023\\\/04\\\/Captura-de-pantalla-2022-12-19-134913-1.jpg\",\"width\":730,\"height\":622},{\"@type\":\"BreadcrumbList\",\"@id\":\"https:\\\/\\\/juntscontraelcancer.cat\\\/es\\\/fecec-en-cifras-las-entidades-salen-de-la-excepcionalidad-que-supuso-la-pandemia\\\/#breadcrumb\",\"itemListElement\":[{\"@type\":\"ListItem\",\"position\":1,\"name\":\"Inicio\",\"item\":\"https:\\\/\\\/juntscontraelcancer.cat\\\/es\\\/\"},{\"@type\":\"ListItem\",\"position\":2,\"name\":\"FECEC en cifras: las entidades salen de la excepcionalidad que supuso la pandemia\"}]},{\"@type\":\"WebSite\",\"@id\":\"https:\\\/\\\/juntscontraelcancer.cat\\\/es\\\/#website\",\"url\":\"https:\\\/\\\/juntscontraelcancer.cat\\\/es\\\/\",\"name\":\"Junts contra el c\u00e0ncer - FECEC\",\"description\":\"\",\"publisher\":{\"@id\":\"https:\\\/\\\/juntscontraelcancer.cat\\\/es\\\/#organization\"},\"potentialAction\":[{\"@type\":\"SearchAction\",\"target\":{\"@type\":\"EntryPoint\",\"urlTemplate\":\"https:\\\/\\\/juntscontraelcancer.cat\\\/es\\\/?s={search_term_string}\"},\"query-input\":{\"@type\":\"PropertyValueSpecification\",\"valueRequired\":true,\"valueName\":\"search_term_string\"}}],\"inLanguage\":\"es\"},{\"@type\":\"Organization\",\"@id\":\"https:\\\/\\\/juntscontraelcancer.cat\\\/es\\\/#organization\",\"name\":\"Junts contra el c\u00e0ncer - FECEC\",\"url\":\"https:\\\/\\\/juntscontraelcancer.cat\\\/es\\\/\",\"logo\":{\"@type\":\"ImageObject\",\"inLanguage\":\"es\",\"@id\":\"https:\\\/\\\/juntscontraelcancer.cat\\\/es\\\/#\\\/schema\\\/logo\\\/image\\\/\",\"url\":\"https:\\\/\\\/juntscontraelcancer.cat\\\/wp-content\\\/uploads\\\/2023\\\/01\\\/logo-fecec-header.png\",\"contentUrl\":\"https:\\\/\\\/juntscontraelcancer.cat\\\/wp-content\\\/uploads\\\/2023\\\/01\\\/logo-fecec-header.png\",\"width\":126,\"height\":74,\"caption\":\"Junts contra el c\u00e0ncer - FECEC\"},\"image\":{\"@id\":\"https:\\\/\\\/juntscontraelcancer.cat\\\/es\\\/#\\\/schema\\\/logo\\\/image\\\/\"},\"sameAs\":[\"https:\\\/\\\/www.facebook.com\\\/fecec.federacio\\\/\",\"https:\\\/\\\/x.com\\\/FececFederacio\",\"https:\\\/\\\/www.instagram.com\\\/fececfederacio\\\/?hl=es\",\"https:\\\/\\\/www.youtube.com\\\/channel\\\/UCgAC_6c6hmHwMQhSCQyYBdA\"]},{\"@type\":\"Person\",\"@id\":\"https:\\\/\\\/juntscontraelcancer.cat\\\/es\\\/#\\\/schema\\\/person\\\/14c85cb9b3aeddea8f9087bea375813f\",\"name\":\"Pukkas\",\"image\":{\"@type\":\"ImageObject\",\"inLanguage\":\"es\",\"@id\":\"https:\\\/\\\/secure.gravatar.com\\\/avatar\\\/7433209641beafe57dbfd32b83f1c28fb7da2f23c98b47d02c7623ce350a0e9f?s=96&d=mm&r=g\",\"url\":\"https:\\\/\\\/secure.gravatar.com\\\/avatar\\\/7433209641beafe57dbfd32b83f1c28fb7da2f23c98b47d02c7623ce350a0e9f?s=96&d=mm&r=g\",\"contentUrl\":\"https:\\\/\\\/secure.gravatar.com\\\/avatar\\\/7433209641beafe57dbfd32b83f1c28fb7da2f23c98b47d02c7623ce350a0e9f?s=96&d=mm&r=g\",\"caption\":\"Pukkas\"},\"sameAs\":[\"https:\\\/\\\/juntscontraelcancer.cat\"]}]}<\/script>\n<!-- \/ Yoast SEO plugin. -->","yoast_head_json":{"title":"FECEC en cifras: las entidades salen de la excepcionalidad que supuso la pandemia - Junts contra el c\u00e0ncer - FECEC","robots":{"index":"index","follow":"follow","max-snippet":"max-snippet:-1","max-image-preview":"max-image-preview:large","max-video-preview":"max-video-preview:-1"},"canonical":"https:\/\/juntscontraelcancer.cat\/es\/fecec-en-cifras-las-entidades-salen-de-la-excepcionalidad-que-supuso-la-pandemia\/","og_locale":"es_ES","og_type":"article","og_title":"FECEC en cifras: las entidades salen de la excepcionalidad que supuso la pandemia - Junts contra el c\u00e0ncer - FECEC","og_description":"El a\u00f1o 2021 hemos salido de la excepcionalidad en las cifras que se presentaron en 2020, dada la situaci\u00f3n de pandemia que paraliz\u00f3 la totalidad de las actividades presenciales y que reconvirti\u00f3 muchas en virtuales. Algunas de estas actividades virtuales se han mantenido, lo que ha hecho aumentar las cifras en estos servicios. As\u00ed lo [...]","og_url":"https:\/\/juntscontraelcancer.cat\/es\/fecec-en-cifras-las-entidades-salen-de-la-excepcionalidad-que-supuso-la-pandemia\/","og_site_name":"Junts contra el c\u00e0ncer - FECEC","article_publisher":"https:\/\/www.facebook.com\/fecec.federacio\/","article_published_time":"2022-12-19T22:00:00+00:00","article_modified_time":"2023-06-12T09:51:22+00:00","og_image":[{"width":730,"height":622,"url":"https:\/\/juntscontraelcancer.cat\/wp-content\/uploads\/2023\/04\/Captura-de-pantalla-2022-12-19-134913-1.jpg","type":"image\/jpeg"}],"author":"Pukkas","twitter_card":"summary_large_image","twitter_creator":"@FececFederacio","twitter_site":"@FececFederacio","twitter_misc":{"Escrito por":"Pukkas","Tiempo de lectura":"4 minutos"},"schema":{"@context":"https:\/\/schema.org","@graph":[{"@type":"Article","@id":"https:\/\/juntscontraelcancer.cat\/es\/fecec-en-cifras-las-entidades-salen-de-la-excepcionalidad-que-supuso-la-pandemia\/#article","isPartOf":{"@id":"https:\/\/juntscontraelcancer.cat\/es\/fecec-en-cifras-las-entidades-salen-de-la-excepcionalidad-que-supuso-la-pandemia\/"},"author":{"name":"Pukkas","@id":"https:\/\/juntscontraelcancer.cat\/es\/#\/schema\/person\/14c85cb9b3aeddea8f9087bea375813f"},"headline":"FECEC en cifras: las entidades salen de la excepcionalidad que supuso la pandemia","datePublished":"2022-12-19T22:00:00+00:00","dateModified":"2023-06-12T09:51:22+00:00","mainEntityOfPage":{"@id":"https:\/\/juntscontraelcancer.cat\/es\/fecec-en-cifras-las-entidades-salen-de-la-excepcionalidad-que-supuso-la-pandemia\/"},"wordCount":869,"publisher":{"@id":"https:\/\/juntscontraelcancer.cat\/es\/#organization"},"image":{"@id":"https:\/\/juntscontraelcancer.cat\/es\/fecec-en-cifras-las-entidades-salen-de-la-excepcionalidad-que-supuso-la-pandemia\/#primaryimage"},"thumbnailUrl":"https:\/\/juntscontraelcancer.cat\/wp-content\/uploads\/2023\/04\/Captura-de-pantalla-2022-12-19-134913-1.jpg","articleSection":["Actualidad","Actualitat","Destacadas","Destacats"],"inLanguage":"es"},{"@type":"WebPage","@id":"https:\/\/juntscontraelcancer.cat\/es\/fecec-en-cifras-las-entidades-salen-de-la-excepcionalidad-que-supuso-la-pandemia\/","url":"https:\/\/juntscontraelcancer.cat\/es\/fecec-en-cifras-las-entidades-salen-de-la-excepcionalidad-que-supuso-la-pandemia\/","name":"FECEC en cifras: las entidades salen de la excepcionalidad que supuso la pandemia - Junts contra el c\u00e0ncer - FECEC","isPartOf":{"@id":"https:\/\/juntscontraelcancer.cat\/es\/#website"},"primaryImageOfPage":{"@id":"https:\/\/juntscontraelcancer.cat\/es\/fecec-en-cifras-las-entidades-salen-de-la-excepcionalidad-que-supuso-la-pandemia\/#primaryimage"},"image":{"@id":"https:\/\/juntscontraelcancer.cat\/es\/fecec-en-cifras-las-entidades-salen-de-la-excepcionalidad-que-supuso-la-pandemia\/#primaryimage"},"thumbnailUrl":"https:\/\/juntscontraelcancer.cat\/wp-content\/uploads\/2023\/04\/Captura-de-pantalla-2022-12-19-134913-1.jpg","datePublished":"2022-12-19T22:00:00+00:00","dateModified":"2023-06-12T09:51:22+00:00","breadcrumb":{"@id":"https:\/\/juntscontraelcancer.cat\/es\/fecec-en-cifras-las-entidades-salen-de-la-excepcionalidad-que-supuso-la-pandemia\/#breadcrumb"},"inLanguage":"es","potentialAction":[{"@type":"ReadAction","target":["https:\/\/juntscontraelcancer.cat\/es\/fecec-en-cifras-las-entidades-salen-de-la-excepcionalidad-que-supuso-la-pandemia\/"]}]},{"@type":"ImageObject","inLanguage":"es","@id":"https:\/\/juntscontraelcancer.cat\/es\/fecec-en-cifras-las-entidades-salen-de-la-excepcionalidad-que-supuso-la-pandemia\/#primaryimage","url":"https:\/\/juntscontraelcancer.cat\/wp-content\/uploads\/2023\/04\/Captura-de-pantalla-2022-12-19-134913-1.jpg","contentUrl":"https:\/\/juntscontraelcancer.cat\/wp-content\/uploads\/2023\/04\/Captura-de-pantalla-2022-12-19-134913-1.jpg","width":730,"height":622},{"@type":"BreadcrumbList","@id":"https:\/\/juntscontraelcancer.cat\/es\/fecec-en-cifras-las-entidades-salen-de-la-excepcionalidad-que-supuso-la-pandemia\/#breadcrumb","itemListElement":[{"@type":"ListItem","position":1,"name":"Inicio","item":"https:\/\/juntscontraelcancer.cat\/es\/"},{"@type":"ListItem","position":2,"name":"FECEC en cifras: las entidades salen de la excepcionalidad que supuso la pandemia"}]},{"@type":"WebSite","@id":"https:\/\/juntscontraelcancer.cat\/es\/#website","url":"https:\/\/juntscontraelcancer.cat\/es\/","name":"Junts contra el c\u00e0ncer - FECEC","description":"","publisher":{"@id":"https:\/\/juntscontraelcancer.cat\/es\/#organization"},"potentialAction":[{"@type":"SearchAction","target":{"@type":"EntryPoint","urlTemplate":"https:\/\/juntscontraelcancer.cat\/es\/?s={search_term_string}"},"query-input":{"@type":"PropertyValueSpecification","valueRequired":true,"valueName":"search_term_string"}}],"inLanguage":"es"},{"@type":"Organization","@id":"https:\/\/juntscontraelcancer.cat\/es\/#organization","name":"Junts contra el c\u00e0ncer - FECEC","url":"https:\/\/juntscontraelcancer.cat\/es\/","logo":{"@type":"ImageObject","inLanguage":"es","@id":"https:\/\/juntscontraelcancer.cat\/es\/#\/schema\/logo\/image\/","url":"https:\/\/juntscontraelcancer.cat\/wp-content\/uploads\/2023\/01\/logo-fecec-header.png","contentUrl":"https:\/\/juntscontraelcancer.cat\/wp-content\/uploads\/2023\/01\/logo-fecec-header.png","width":126,"height":74,"caption":"Junts contra el c\u00e0ncer - FECEC"},"image":{"@id":"https:\/\/juntscontraelcancer.cat\/es\/#\/schema\/logo\/image\/"},"sameAs":["https:\/\/www.facebook.com\/fecec.federacio\/","https:\/\/x.com\/FececFederacio","https:\/\/www.instagram.com\/fececfederacio\/?hl=es","https:\/\/www.youtube.com\/channel\/UCgAC_6c6hmHwMQhSCQyYBdA"]},{"@type":"Person","@id":"https:\/\/juntscontraelcancer.cat\/es\/#\/schema\/person\/14c85cb9b3aeddea8f9087bea375813f","name":"Pukkas","image":{"@type":"ImageObject","inLanguage":"es","@id":"https:\/\/secure.gravatar.com\/avatar\/7433209641beafe57dbfd32b83f1c28fb7da2f23c98b47d02c7623ce350a0e9f?s=96&d=mm&r=g","url":"https:\/\/secure.gravatar.com\/avatar\/7433209641beafe57dbfd32b83f1c28fb7da2f23c98b47d02c7623ce350a0e9f?s=96&d=mm&r=g","contentUrl":"https:\/\/secure.gravatar.com\/avatar\/7433209641beafe57dbfd32b83f1c28fb7da2f23c98b47d02c7623ce350a0e9f?s=96&d=mm&r=g","caption":"Pukkas"},"sameAs":["https:\/\/juntscontraelcancer.cat"]}]}},"_links":{"self":[{"href":"https:\/\/juntscontraelcancer.cat\/es\/wp-json\/wp\/v2\/posts\/15027","targetHints":{"allow":["GET"]}}],"collection":[{"href":"https:\/\/juntscontraelcancer.cat\/es\/wp-json\/wp\/v2\/posts"}],"about":[{"href":"https:\/\/juntscontraelcancer.cat\/es\/wp-json\/wp\/v2\/types\/post"}],"author":[{"embeddable":true,"href":"https:\/\/juntscontraelcancer.cat\/es\/wp-json\/wp\/v2\/users\/1"}],"replies":[{"embeddable":true,"href":"https:\/\/juntscontraelcancer.cat\/es\/wp-json\/wp\/v2\/comments?post=15027"}],"version-history":[{"count":1,"href":"https:\/\/juntscontraelcancer.cat\/es\/wp-json\/wp\/v2\/posts\/15027\/revisions"}],"predecessor-version":[{"id":15028,"href":"https:\/\/juntscontraelcancer.cat\/es\/wp-json\/wp\/v2\/posts\/15027\/revisions\/15028"}],"wp:featuredmedia":[{"embeddable":true,"href":"https:\/\/juntscontraelcancer.cat\/es\/wp-json\/wp\/v2\/media\/13909"}],"wp:attachment":[{"href":"https:\/\/juntscontraelcancer.cat\/es\/wp-json\/wp\/v2\/media?parent=15027"}],"wp:term":[{"taxonomy":"category","embeddable":true,"href":"https:\/\/juntscontraelcancer.cat\/es\/wp-json\/wp\/v2\/categories?post=15027"},{"taxonomy":"post_tag","embeddable":true,"href":"https:\/\/juntscontraelcancer.cat\/es\/wp-json\/wp\/v2\/tags?post=15027"}],"curies":[{"name":"wp","href":"https:\/\/api.w.org\/{rel}","templated":true}]}}