{"id":14999,"date":"2022-10-19T00:00:00","date_gmt":"2022-10-18T22:00:00","guid":{"rendered":"https:\/\/junts.enproceso.es\/19-de-octubre-dia-mundial-del-cancer-de-mama\/"},"modified":"2023-06-12T11:51:27","modified_gmt":"2023-06-12T09:51:27","slug":"19-de-octubre-dia-mundial-del-cancer-de-mama","status":"publish","type":"post","link":"https:\/\/juntscontraelcancer.cat\/es\/19-de-octubre-dia-mundial-del-cancer-de-mama\/","title":{"rendered":"19 de octubre, D\u00eda Mundial del C\u00e1ncer de Mama"},"content":{"rendered":"<p><BR><BR><strong>Hoy, 19 de octubre, se conmemora el D\u00eda Mundial del C\u00e1ncer de Mama, jornada para sensibilizar sobre el tipo de c\u00e1ncer m\u00e1s frecuente en mujeres. Se estima que en 2022, un total de 34.750 mujeres ser\u00e1n diagnosticadas con\u00a0esta clase de tumor.<\/strong><BR><BR><\/p>\n<figure id=\"attachment_39245\" aria-describedby=\"caption-attachment-39245\" style=\"width: 3456px\" class=\"wp-caption alignnone\"><a href=\"https:\/\/www.juntscontraelcancer.cat\/__trashed\/olympus-digital-camera-12\/\" rel=\"attachment wp-att-39245\"><img loading=\"lazy\" decoding=\"async\" class=\"size-full wp-image-39245\" src=\"https:\/\/juntscontraelcancer.cat\/wp-content\/uploads\/2023\/04\/close-up-person-with-awareness-ribbon-scaled.jpg\" alt=\"OLYMPUS DIGITAL CAMERA\" width=\"3456\" height=\"3456\" \/><\/a><figcaption id=\"caption-attachment-39245\" class=\"wp-caption-text\"><em>Foto: Freepik<\/em><\/figcaption><\/figure>\n<p><BR><BR><\/p>\n<p>El c\u00e1ncer de mama se origina cuando las c\u00e9lulas mamarias empiezan a crecer sin control. Estas c\u00e9lulas cancerosas de la mama normalmente forman un tumor que a menudo se puede observar en una radiograf\u00eda o se puede palpar como una masa o protuberancia. De c\u00e1ncer de mama hay de varios tipos. La mayor\u00eda de estos c\u00e1nceres empiezan en\u00a0los conductos que llevan la leche hacia el pez\u00f3n o en las mismas gl\u00e1ndulas que producen la leche,\u00a0aunque\u00a0hay otros menos frecuentes.<BR><BR><\/p>\n<p>Cuando estas c\u00e9lulas se propagan a los ganglios linf\u00e1ticos (como, por ejemplo, a los situados bajo el brazo o a la clav\u00edcula), hay m\u00e1s riesgo que se produzca una met\u00e1stasis. Por eso, es muy importante detectar el tumor en una fase inicial.<BR><BR><\/p>\n<p><strong>FACTORES DE RIESGO<\/strong><BR><BR><\/p>\n<p>Hay varios factores de riesgo que pueden producir c\u00e1ncer de mama. Algunos se pueden evitar y otros no dependen de la voluntad de la paciente. Tener alguno de estos factores de riesgo no significa que se tenga que desarrollar la enfermedad forzosamente.<BR><BR><\/p>\n<p>Algunos de los factores que se pueden evitar:<\/p>\n<ul>\n<li>Edad (envejecimiento)<\/li>\n<li>Fumar<\/li>\n<li>Alimentaci\u00f3n poco saludable<\/li>\n<li>Consumo de alcohol<\/li>\n<li>Sedentarismo<\/li>\n<li>Obesidad y sobrepeso<\/li>\n<\/ul>\n<p><BR><BR><br \/>\nAlgunos de los factores que no se pueden evitar:<\/p>\n<ul>\n<li>Antecedentes familiares de c\u00e1ncer de mama<\/li>\n<li>Radiaciones por tratamientos de otros c\u00e1nceres<\/li>\n<li>Exposiciones a estr\u00f3genos<\/li>\n<li>Tejido mamario denso<\/li>\n<\/ul>\n<p><BR><BR><\/p>\n<p><strong>DIAGN\u00d3STICO PRECOZ, SINTOMATOLOG\u00cdA Y DIAGN\u00d3STICO<\/strong><BR><BR><\/p>\n<p>Participar en <a href=\"https:\/\/www.juntscontraelcancer.cat\/blog\/per-que-cal-fer-se-mamografies\/\">las campa\u00f1as de diagn\u00f3stico precoz<\/a> es un fundamental para detectar un caso de c\u00e1ncer de mama en un estadio temprano. La prueba que se realiza, una mamograf\u00eda, est\u00e1 recomendada de manera peri\u00f3dica a determinadas edades (a partir de los 50) y en el caso de personas de alto riesgo.<BR><BR><\/p>\n<p>A menudo, el c\u00e1ncer de mama no presenta s\u00edntomas en los estadios tempranos. Por lo tanto, es importante tener en cuenta la aparici\u00f3n de algunos de estos s\u00edntomas:<BR><BR><\/p>\n<ul>\n<li>La aparici\u00f3n de un n\u00f3dulo en la mama o en la axila, con los lados irregulares<\/li>\n<li>Cambio de medida de una mama o irregularidades a su contorno<\/li>\n<li>Cambios en el pez\u00f3n (retracci\u00f3n)<\/li>\n<li>Alteraciones en la piel de la mama (piel de naranja)<\/li>\n<li>Secreci\u00f3n de l\u00edquido del pez\u00f3n diferente de la leche materna<\/li>\n<li>Ganglios linf\u00e0ticos inflamados<\/li>\n<\/ul>\n<p><BR><\/p>\n<p>El diagn\u00f3stico se hace mediante mamograf\u00edas y\/o ecograf\u00edas de mama y resonancias magn\u00e9ticas, principalmente.<BR><BR><\/p>\n<p><strong>TRATAMIENTO<\/strong><BR><BR><\/p>\n<p>Los tratamientos del c\u00e1ncer de mama comportan cirug\u00eda, que puede ser parcial (la mujer conserva parte de su mama y necesitar\u00e1, en la mayor\u00eda de casos, radiaci\u00f3n) o total (mastectom\u00eda, es decir, la mujer pierde todo el pecho). El tipo de cirug\u00eda a hacer depender\u00e1 de la extensi\u00f3n del tumor y puede afectar tambi\u00e9n los ganglios linf\u00e1ticos, que tambi\u00e9n ser\u00e1n extirpados.<BR><BR><\/p>\n<p>Las pacientes tambi\u00e9n pueden necesitar quimioterapia (pre y\/o post quir\u00f3fano) y radioterapia (para evitar que vuelva a aparecer el tumor o por si el c\u00e1ncer se ha extendido). As\u00ed mismo, existen tratamientos post cirug\u00eda como la inmunoterapia o la terapia hormonal<BR><BR><\/p>\n<p>Las mujeres sometidas a una mastectom\u00eda pueden someterse a una reconstrucci\u00f3n mamaria despu\u00e9s de la operaci\u00f3n. En el webinar que realizaremos esta tarde,<strong><a href=\"https:\/\/www.juntscontraelcancer.cat\/es\/news\/webinar-19-doctubre-que-has-sobre-reconstruccio-mamaria\/\"> \u2018\u00bfQu\u00e9 tienes que saber sobre la reconstrucci\u00f3n mamaria?\u2019<\/a><\/strong> hablaremos de las diferentes opciones que tienen las pacientes una vez han sufrido una mastectom\u00eda.<br \/>\n<BR><BR><\/p>\n<p>Un alto porcentaje de las mujeres con c\u00e1ncer de mama en Espa\u00f1a lo superan (con una tasa de supervivencia a 5 a\u00f1os de cerca del 85%), pero, aun as\u00ed, contin\u00faa siendo el tipo de tumor con m\u00e1s mortalidad femenina. Hay que remarcar que a pesar de ser un c\u00e1ncer principalmente femenino, se est\u00e1n dando tambi\u00e9n casos de c\u00e1nceres de mama en hombres.<BR><BR><\/p>\n<p><strong>ACTIVIDADES DE LA\u00a0FECEC Y DE LAS ENTIDADES<\/strong><BR><BR><\/p>\n<p>La misma\u00a0FECEC\u00a0y las entidades que forman parte est\u00e1n llevando a cabo toda una serie de actividades para la jornada de hoy que os dejamos a continuaci\u00f3n.<BR><BR><\/p>\n<p><strong>Webinar\u00a0<a href=\"https:\/\/www.juntscontraelcancer.cat\/es\/news\/webinar-19-doctubre-que-has-sobre-reconstruccio-mamaria\/\">\u2018\u00bfQu\u00e9 tienes que saber sobre la reconstrucci\u00f3n mamaria?\u2019<\/strong><\/a> \u2013 19 de octubre,\u00a020h, v\u00eda Zoom.<BR><BR><\/p>\n<p><a href=\"https:\/\/www.juntscontraelcancer.cat\/es\/news\/activitats-entitats-pel-dia-cancer-mama\/\"><strong>Actividades de las entidades<\/strong><\/a><BR><BR><\/p>\n<\/div>\n<\/div>\n<\/div>\n<\/form>\n","protected":false},"excerpt":{"rendered":"<p>Hoy, 19 de octubre, se conmemora el D\u00eda Mundial del C\u00e1ncer de Mama, jornada para sensibilizar sobre el tipo de c\u00e1ncer m\u00e1s frecuente en mujeres. Se estima que en 2022, un total de 34.750 mujeres ser\u00e1n diagnosticadas con\u00a0esta clase de tumor. El c\u00e1ncer de mama se origina cuando las c\u00e9lulas mamarias empiezan a crecer sin [&#8230;]\n","protected":false},"author":1,"featured_media":13737,"comment_status":"closed","ping_status":"open","sticky":false,"template":"","format":"standard","meta":{"_acf_changed":false,"inline_featured_image":false,"footnotes":""},"categories":[84,3,86,68],"tags":[],"class_list":["post-14999","post","type-post","status-publish","format-standard","has-post-thumbnail","hentry","category-actualidad","category-actualitat","category-destacadas","category-destaquem"],"acf":[],"yoast_head":"<!-- This site is optimized with the Yoast SEO plugin v27.3 - https:\/\/yoast.com\/product\/yoast-seo-wordpress\/ -->\n<title>19 de octubre, D\u00eda Mundial del C\u00e1ncer de Mama - Junts contra el c\u00e0ncer - FECEC<\/title>\n<meta name=\"robots\" content=\"index, follow, max-snippet:-1, max-image-preview:large, max-video-preview:-1\" \/>\n<link rel=\"canonical\" href=\"https:\/\/juntscontraelcancer.cat\/es\/19-de-octubre-dia-mundial-del-cancer-de-mama\/\" \/>\n<meta property=\"og:locale\" content=\"es_ES\" \/>\n<meta property=\"og:type\" content=\"article\" \/>\n<meta property=\"og:title\" content=\"19 de octubre, D\u00eda Mundial del C\u00e1ncer de Mama - Junts contra el c\u00e0ncer - FECEC\" \/>\n<meta property=\"og:description\" content=\"Hoy, 19 de octubre, se conmemora el D\u00eda Mundial del C\u00e1ncer de Mama, jornada para sensibilizar sobre el tipo de c\u00e1ncer m\u00e1s frecuente en mujeres. Se estima que en 2022, un total de 34.750 mujeres ser\u00e1n diagnosticadas con\u00a0esta clase de tumor. El c\u00e1ncer de mama se origina cuando las c\u00e9lulas mamarias empiezan a crecer sin [...]\" \/>\n<meta property=\"og:url\" content=\"https:\/\/juntscontraelcancer.cat\/es\/19-de-octubre-dia-mundial-del-cancer-de-mama\/\" \/>\n<meta property=\"og:site_name\" content=\"Junts contra el c\u00e0ncer - FECEC\" \/>\n<meta property=\"article:publisher\" content=\"https:\/\/www.facebook.com\/fecec.federacio\/\" \/>\n<meta property=\"article:published_time\" content=\"2022-10-18T22:00:00+00:00\" \/>\n<meta property=\"article:modified_time\" content=\"2023-06-12T09:51:27+00:00\" \/>\n<meta property=\"og:image\" content=\"https:\/\/juntscontraelcancer.cat\/wp-content\/uploads\/2023\/04\/close-up-person-with-awareness-ribbon-scaled.jpg\" \/>\n\t<meta property=\"og:image:width\" content=\"2560\" \/>\n\t<meta property=\"og:image:height\" content=\"2560\" \/>\n\t<meta property=\"og:image:type\" content=\"image\/jpeg\" \/>\n<meta name=\"author\" content=\"Pukkas\" \/>\n<meta name=\"twitter:card\" content=\"summary_large_image\" \/>\n<meta name=\"twitter:creator\" content=\"@FececFederacio\" \/>\n<meta name=\"twitter:site\" content=\"@FececFederacio\" \/>\n<meta name=\"twitter:label1\" content=\"Escrito por\" \/>\n\t<meta name=\"twitter:data1\" content=\"Pukkas\" \/>\n\t<meta name=\"twitter:label2\" content=\"Tiempo de lectura\" \/>\n\t<meta name=\"twitter:data2\" content=\"4 minutos\" \/>\n<script type=\"application\/ld+json\" class=\"yoast-schema-graph\">{\"@context\":\"https:\\\/\\\/schema.org\",\"@graph\":[{\"@type\":\"Article\",\"@id\":\"https:\\\/\\\/juntscontraelcancer.cat\\\/es\\\/19-de-octubre-dia-mundial-del-cancer-de-mama\\\/#article\",\"isPartOf\":{\"@id\":\"https:\\\/\\\/juntscontraelcancer.cat\\\/es\\\/19-de-octubre-dia-mundial-del-cancer-de-mama\\\/\"},\"author\":{\"name\":\"Pukkas\",\"@id\":\"https:\\\/\\\/juntscontraelcancer.cat\\\/es\\\/#\\\/schema\\\/person\\\/14c85cb9b3aeddea8f9087bea375813f\"},\"headline\":\"19 de octubre, D\u00eda Mundial del C\u00e1ncer de Mama\",\"datePublished\":\"2022-10-18T22:00:00+00:00\",\"dateModified\":\"2023-06-12T09:51:27+00:00\",\"mainEntityOfPage\":{\"@id\":\"https:\\\/\\\/juntscontraelcancer.cat\\\/es\\\/19-de-octubre-dia-mundial-del-cancer-de-mama\\\/\"},\"wordCount\":773,\"publisher\":{\"@id\":\"https:\\\/\\\/juntscontraelcancer.cat\\\/es\\\/#organization\"},\"image\":{\"@id\":\"https:\\\/\\\/juntscontraelcancer.cat\\\/es\\\/19-de-octubre-dia-mundial-del-cancer-de-mama\\\/#primaryimage\"},\"thumbnailUrl\":\"https:\\\/\\\/juntscontraelcancer.cat\\\/wp-content\\\/uploads\\\/2023\\\/04\\\/close-up-person-with-awareness-ribbon-scaled.jpg\",\"articleSection\":[\"Actualidad\",\"Actualitat\",\"Destacadas\",\"Destacats\"],\"inLanguage\":\"es\"},{\"@type\":\"WebPage\",\"@id\":\"https:\\\/\\\/juntscontraelcancer.cat\\\/es\\\/19-de-octubre-dia-mundial-del-cancer-de-mama\\\/\",\"url\":\"https:\\\/\\\/juntscontraelcancer.cat\\\/es\\\/19-de-octubre-dia-mundial-del-cancer-de-mama\\\/\",\"name\":\"19 de octubre, D\u00eda Mundial del C\u00e1ncer de Mama - Junts contra el c\u00e0ncer - FECEC\",\"isPartOf\":{\"@id\":\"https:\\\/\\\/juntscontraelcancer.cat\\\/es\\\/#website\"},\"primaryImageOfPage\":{\"@id\":\"https:\\\/\\\/juntscontraelcancer.cat\\\/es\\\/19-de-octubre-dia-mundial-del-cancer-de-mama\\\/#primaryimage\"},\"image\":{\"@id\":\"https:\\\/\\\/juntscontraelcancer.cat\\\/es\\\/19-de-octubre-dia-mundial-del-cancer-de-mama\\\/#primaryimage\"},\"thumbnailUrl\":\"https:\\\/\\\/juntscontraelcancer.cat\\\/wp-content\\\/uploads\\\/2023\\\/04\\\/close-up-person-with-awareness-ribbon-scaled.jpg\",\"datePublished\":\"2022-10-18T22:00:00+00:00\",\"dateModified\":\"2023-06-12T09:51:27+00:00\",\"breadcrumb\":{\"@id\":\"https:\\\/\\\/juntscontraelcancer.cat\\\/es\\\/19-de-octubre-dia-mundial-del-cancer-de-mama\\\/#breadcrumb\"},\"inLanguage\":\"es\",\"potentialAction\":[{\"@type\":\"ReadAction\",\"target\":[\"https:\\\/\\\/juntscontraelcancer.cat\\\/es\\\/19-de-octubre-dia-mundial-del-cancer-de-mama\\\/\"]}]},{\"@type\":\"ImageObject\",\"inLanguage\":\"es\",\"@id\":\"https:\\\/\\\/juntscontraelcancer.cat\\\/es\\\/19-de-octubre-dia-mundial-del-cancer-de-mama\\\/#primaryimage\",\"url\":\"https:\\\/\\\/juntscontraelcancer.cat\\\/wp-content\\\/uploads\\\/2023\\\/04\\\/close-up-person-with-awareness-ribbon-scaled.jpg\",\"contentUrl\":\"https:\\\/\\\/juntscontraelcancer.cat\\\/wp-content\\\/uploads\\\/2023\\\/04\\\/close-up-person-with-awareness-ribbon-scaled.jpg\",\"width\":2560,\"height\":2560},{\"@type\":\"BreadcrumbList\",\"@id\":\"https:\\\/\\\/juntscontraelcancer.cat\\\/es\\\/19-de-octubre-dia-mundial-del-cancer-de-mama\\\/#breadcrumb\",\"itemListElement\":[{\"@type\":\"ListItem\",\"position\":1,\"name\":\"Inicio\",\"item\":\"https:\\\/\\\/juntscontraelcancer.cat\\\/es\\\/\"},{\"@type\":\"ListItem\",\"position\":2,\"name\":\"19 de octubre, D\u00eda Mundial del C\u00e1ncer de Mama\"}]},{\"@type\":\"WebSite\",\"@id\":\"https:\\\/\\\/juntscontraelcancer.cat\\\/es\\\/#website\",\"url\":\"https:\\\/\\\/juntscontraelcancer.cat\\\/es\\\/\",\"name\":\"Junts contra el c\u00e0ncer - FECEC\",\"description\":\"\",\"publisher\":{\"@id\":\"https:\\\/\\\/juntscontraelcancer.cat\\\/es\\\/#organization\"},\"potentialAction\":[{\"@type\":\"SearchAction\",\"target\":{\"@type\":\"EntryPoint\",\"urlTemplate\":\"https:\\\/\\\/juntscontraelcancer.cat\\\/es\\\/?s={search_term_string}\"},\"query-input\":{\"@type\":\"PropertyValueSpecification\",\"valueRequired\":true,\"valueName\":\"search_term_string\"}}],\"inLanguage\":\"es\"},{\"@type\":\"Organization\",\"@id\":\"https:\\\/\\\/juntscontraelcancer.cat\\\/es\\\/#organization\",\"name\":\"Junts contra el c\u00e0ncer - FECEC\",\"url\":\"https:\\\/\\\/juntscontraelcancer.cat\\\/es\\\/\",\"logo\":{\"@type\":\"ImageObject\",\"inLanguage\":\"es\",\"@id\":\"https:\\\/\\\/juntscontraelcancer.cat\\\/es\\\/#\\\/schema\\\/logo\\\/image\\\/\",\"url\":\"https:\\\/\\\/juntscontraelcancer.cat\\\/wp-content\\\/uploads\\\/2023\\\/01\\\/logo-fecec-header.png\",\"contentUrl\":\"https:\\\/\\\/juntscontraelcancer.cat\\\/wp-content\\\/uploads\\\/2023\\\/01\\\/logo-fecec-header.png\",\"width\":126,\"height\":74,\"caption\":\"Junts contra el c\u00e0ncer - FECEC\"},\"image\":{\"@id\":\"https:\\\/\\\/juntscontraelcancer.cat\\\/es\\\/#\\\/schema\\\/logo\\\/image\\\/\"},\"sameAs\":[\"https:\\\/\\\/www.facebook.com\\\/fecec.federacio\\\/\",\"https:\\\/\\\/x.com\\\/FececFederacio\",\"https:\\\/\\\/www.instagram.com\\\/fececfederacio\\\/?hl=es\",\"https:\\\/\\\/www.youtube.com\\\/channel\\\/UCgAC_6c6hmHwMQhSCQyYBdA\"]},{\"@type\":\"Person\",\"@id\":\"https:\\\/\\\/juntscontraelcancer.cat\\\/es\\\/#\\\/schema\\\/person\\\/14c85cb9b3aeddea8f9087bea375813f\",\"name\":\"Pukkas\",\"image\":{\"@type\":\"ImageObject\",\"inLanguage\":\"es\",\"@id\":\"https:\\\/\\\/secure.gravatar.com\\\/avatar\\\/7433209641beafe57dbfd32b83f1c28fb7da2f23c98b47d02c7623ce350a0e9f?s=96&d=mm&r=g\",\"url\":\"https:\\\/\\\/secure.gravatar.com\\\/avatar\\\/7433209641beafe57dbfd32b83f1c28fb7da2f23c98b47d02c7623ce350a0e9f?s=96&d=mm&r=g\",\"contentUrl\":\"https:\\\/\\\/secure.gravatar.com\\\/avatar\\\/7433209641beafe57dbfd32b83f1c28fb7da2f23c98b47d02c7623ce350a0e9f?s=96&d=mm&r=g\",\"caption\":\"Pukkas\"},\"sameAs\":[\"https:\\\/\\\/juntscontraelcancer.cat\"]}]}<\/script>\n<!-- \/ Yoast SEO plugin. -->","yoast_head_json":{"title":"19 de octubre, D\u00eda Mundial del C\u00e1ncer de Mama - Junts contra el c\u00e0ncer - FECEC","robots":{"index":"index","follow":"follow","max-snippet":"max-snippet:-1","max-image-preview":"max-image-preview:large","max-video-preview":"max-video-preview:-1"},"canonical":"https:\/\/juntscontraelcancer.cat\/es\/19-de-octubre-dia-mundial-del-cancer-de-mama\/","og_locale":"es_ES","og_type":"article","og_title":"19 de octubre, D\u00eda Mundial del C\u00e1ncer de Mama - Junts contra el c\u00e0ncer - FECEC","og_description":"Hoy, 19 de octubre, se conmemora el D\u00eda Mundial del C\u00e1ncer de Mama, jornada para sensibilizar sobre el tipo de c\u00e1ncer m\u00e1s frecuente en mujeres. Se estima que en 2022, un total de 34.750 mujeres ser\u00e1n diagnosticadas con\u00a0esta clase de tumor. El c\u00e1ncer de mama se origina cuando las c\u00e9lulas mamarias empiezan a crecer sin [...]","og_url":"https:\/\/juntscontraelcancer.cat\/es\/19-de-octubre-dia-mundial-del-cancer-de-mama\/","og_site_name":"Junts contra el c\u00e0ncer - FECEC","article_publisher":"https:\/\/www.facebook.com\/fecec.federacio\/","article_published_time":"2022-10-18T22:00:00+00:00","article_modified_time":"2023-06-12T09:51:27+00:00","og_image":[{"width":2560,"height":2560,"url":"https:\/\/juntscontraelcancer.cat\/wp-content\/uploads\/2023\/04\/close-up-person-with-awareness-ribbon-scaled.jpg","type":"image\/jpeg"}],"author":"Pukkas","twitter_card":"summary_large_image","twitter_creator":"@FececFederacio","twitter_site":"@FececFederacio","twitter_misc":{"Escrito por":"Pukkas","Tiempo de lectura":"4 minutos"},"schema":{"@context":"https:\/\/schema.org","@graph":[{"@type":"Article","@id":"https:\/\/juntscontraelcancer.cat\/es\/19-de-octubre-dia-mundial-del-cancer-de-mama\/#article","isPartOf":{"@id":"https:\/\/juntscontraelcancer.cat\/es\/19-de-octubre-dia-mundial-del-cancer-de-mama\/"},"author":{"name":"Pukkas","@id":"https:\/\/juntscontraelcancer.cat\/es\/#\/schema\/person\/14c85cb9b3aeddea8f9087bea375813f"},"headline":"19 de octubre, D\u00eda Mundial del C\u00e1ncer de Mama","datePublished":"2022-10-18T22:00:00+00:00","dateModified":"2023-06-12T09:51:27+00:00","mainEntityOfPage":{"@id":"https:\/\/juntscontraelcancer.cat\/es\/19-de-octubre-dia-mundial-del-cancer-de-mama\/"},"wordCount":773,"publisher":{"@id":"https:\/\/juntscontraelcancer.cat\/es\/#organization"},"image":{"@id":"https:\/\/juntscontraelcancer.cat\/es\/19-de-octubre-dia-mundial-del-cancer-de-mama\/#primaryimage"},"thumbnailUrl":"https:\/\/juntscontraelcancer.cat\/wp-content\/uploads\/2023\/04\/close-up-person-with-awareness-ribbon-scaled.jpg","articleSection":["Actualidad","Actualitat","Destacadas","Destacats"],"inLanguage":"es"},{"@type":"WebPage","@id":"https:\/\/juntscontraelcancer.cat\/es\/19-de-octubre-dia-mundial-del-cancer-de-mama\/","url":"https:\/\/juntscontraelcancer.cat\/es\/19-de-octubre-dia-mundial-del-cancer-de-mama\/","name":"19 de octubre, D\u00eda Mundial del C\u00e1ncer de Mama - Junts contra el c\u00e0ncer - FECEC","isPartOf":{"@id":"https:\/\/juntscontraelcancer.cat\/es\/#website"},"primaryImageOfPage":{"@id":"https:\/\/juntscontraelcancer.cat\/es\/19-de-octubre-dia-mundial-del-cancer-de-mama\/#primaryimage"},"image":{"@id":"https:\/\/juntscontraelcancer.cat\/es\/19-de-octubre-dia-mundial-del-cancer-de-mama\/#primaryimage"},"thumbnailUrl":"https:\/\/juntscontraelcancer.cat\/wp-content\/uploads\/2023\/04\/close-up-person-with-awareness-ribbon-scaled.jpg","datePublished":"2022-10-18T22:00:00+00:00","dateModified":"2023-06-12T09:51:27+00:00","breadcrumb":{"@id":"https:\/\/juntscontraelcancer.cat\/es\/19-de-octubre-dia-mundial-del-cancer-de-mama\/#breadcrumb"},"inLanguage":"es","potentialAction":[{"@type":"ReadAction","target":["https:\/\/juntscontraelcancer.cat\/es\/19-de-octubre-dia-mundial-del-cancer-de-mama\/"]}]},{"@type":"ImageObject","inLanguage":"es","@id":"https:\/\/juntscontraelcancer.cat\/es\/19-de-octubre-dia-mundial-del-cancer-de-mama\/#primaryimage","url":"https:\/\/juntscontraelcancer.cat\/wp-content\/uploads\/2023\/04\/close-up-person-with-awareness-ribbon-scaled.jpg","contentUrl":"https:\/\/juntscontraelcancer.cat\/wp-content\/uploads\/2023\/04\/close-up-person-with-awareness-ribbon-scaled.jpg","width":2560,"height":2560},{"@type":"BreadcrumbList","@id":"https:\/\/juntscontraelcancer.cat\/es\/19-de-octubre-dia-mundial-del-cancer-de-mama\/#breadcrumb","itemListElement":[{"@type":"ListItem","position":1,"name":"Inicio","item":"https:\/\/juntscontraelcancer.cat\/es\/"},{"@type":"ListItem","position":2,"name":"19 de octubre, D\u00eda Mundial del C\u00e1ncer de Mama"}]},{"@type":"WebSite","@id":"https:\/\/juntscontraelcancer.cat\/es\/#website","url":"https:\/\/juntscontraelcancer.cat\/es\/","name":"Junts contra el c\u00e0ncer - FECEC","description":"","publisher":{"@id":"https:\/\/juntscontraelcancer.cat\/es\/#organization"},"potentialAction":[{"@type":"SearchAction","target":{"@type":"EntryPoint","urlTemplate":"https:\/\/juntscontraelcancer.cat\/es\/?s={search_term_string}"},"query-input":{"@type":"PropertyValueSpecification","valueRequired":true,"valueName":"search_term_string"}}],"inLanguage":"es"},{"@type":"Organization","@id":"https:\/\/juntscontraelcancer.cat\/es\/#organization","name":"Junts contra el c\u00e0ncer - FECEC","url":"https:\/\/juntscontraelcancer.cat\/es\/","logo":{"@type":"ImageObject","inLanguage":"es","@id":"https:\/\/juntscontraelcancer.cat\/es\/#\/schema\/logo\/image\/","url":"https:\/\/juntscontraelcancer.cat\/wp-content\/uploads\/2023\/01\/logo-fecec-header.png","contentUrl":"https:\/\/juntscontraelcancer.cat\/wp-content\/uploads\/2023\/01\/logo-fecec-header.png","width":126,"height":74,"caption":"Junts contra el c\u00e0ncer - FECEC"},"image":{"@id":"https:\/\/juntscontraelcancer.cat\/es\/#\/schema\/logo\/image\/"},"sameAs":["https:\/\/www.facebook.com\/fecec.federacio\/","https:\/\/x.com\/FececFederacio","https:\/\/www.instagram.com\/fececfederacio\/?hl=es","https:\/\/www.youtube.com\/channel\/UCgAC_6c6hmHwMQhSCQyYBdA"]},{"@type":"Person","@id":"https:\/\/juntscontraelcancer.cat\/es\/#\/schema\/person\/14c85cb9b3aeddea8f9087bea375813f","name":"Pukkas","image":{"@type":"ImageObject","inLanguage":"es","@id":"https:\/\/secure.gravatar.com\/avatar\/7433209641beafe57dbfd32b83f1c28fb7da2f23c98b47d02c7623ce350a0e9f?s=96&d=mm&r=g","url":"https:\/\/secure.gravatar.com\/avatar\/7433209641beafe57dbfd32b83f1c28fb7da2f23c98b47d02c7623ce350a0e9f?s=96&d=mm&r=g","contentUrl":"https:\/\/secure.gravatar.com\/avatar\/7433209641beafe57dbfd32b83f1c28fb7da2f23c98b47d02c7623ce350a0e9f?s=96&d=mm&r=g","caption":"Pukkas"},"sameAs":["https:\/\/juntscontraelcancer.cat"]}]}},"_links":{"self":[{"href":"https:\/\/juntscontraelcancer.cat\/es\/wp-json\/wp\/v2\/posts\/14999","targetHints":{"allow":["GET"]}}],"collection":[{"href":"https:\/\/juntscontraelcancer.cat\/es\/wp-json\/wp\/v2\/posts"}],"about":[{"href":"https:\/\/juntscontraelcancer.cat\/es\/wp-json\/wp\/v2\/types\/post"}],"author":[{"embeddable":true,"href":"https:\/\/juntscontraelcancer.cat\/es\/wp-json\/wp\/v2\/users\/1"}],"replies":[{"embeddable":true,"href":"https:\/\/juntscontraelcancer.cat\/es\/wp-json\/wp\/v2\/comments?post=14999"}],"version-history":[{"count":1,"href":"https:\/\/juntscontraelcancer.cat\/es\/wp-json\/wp\/v2\/posts\/14999\/revisions"}],"predecessor-version":[{"id":15000,"href":"https:\/\/juntscontraelcancer.cat\/es\/wp-json\/wp\/v2\/posts\/14999\/revisions\/15000"}],"wp:featuredmedia":[{"embeddable":true,"href":"https:\/\/juntscontraelcancer.cat\/es\/wp-json\/wp\/v2\/media\/13737"}],"wp:attachment":[{"href":"https:\/\/juntscontraelcancer.cat\/es\/wp-json\/wp\/v2\/media?parent=14999"}],"wp:term":[{"taxonomy":"category","embeddable":true,"href":"https:\/\/juntscontraelcancer.cat\/es\/wp-json\/wp\/v2\/categories?post=14999"},{"taxonomy":"post_tag","embeddable":true,"href":"https:\/\/juntscontraelcancer.cat\/es\/wp-json\/wp\/v2\/tags?post=14999"}],"curies":[{"name":"wp","href":"https:\/\/api.w.org\/{rel}","templated":true}]}}