{"id":14993,"date":"2022-10-06T00:00:00","date_gmt":"2022-10-05T22:00:00","guid":{"rendered":"https:\/\/junts.enproceso.es\/actividades-de-las-entidades-para-el-dia-mundial-del-cancer-de-mama\/"},"modified":"2023-06-12T11:51:27","modified_gmt":"2023-06-12T09:51:27","slug":"actividades-de-las-entidades-para-el-dia-mundial-del-cancer-de-mama","status":"publish","type":"post","link":"https:\/\/juntscontraelcancer.cat\/es\/actividades-de-las-entidades-para-el-dia-mundial-del-cancer-de-mama\/","title":{"rendered":"Actividades de las entidades para el D\u00eda Mundial del C\u00e1ncer de Mama"},"content":{"rendered":"<p><strong>El 19 de octubre se conmemora el D\u00eda Mundial contra el C\u00e1ncer de Mama, el tumor m\u00e1s frecuente en mujeres. El objetivo es dar a conocer la enfermedad y apoyar a todas las pacientes que han pasado por este proceso y a sus familias. Las entidades de la FECEC ya tienen a punto sus actividades en conmemoraci\u00f3n de esta jornada.\u00a0<\/strong><\/p>\n<p><a href=\"https:\/\/www.juntscontraelcancer.cat\/es\/news\/activitats-entitats-pel-dia-cancer-mama\/copia-de-dia-mundial-cancer-de-mama\/\" rel=\"attachment wp-att-39176\"><img loading=\"lazy\" decoding=\"async\" src=\"https:\/\/juntscontraelcancer.cat\/wp-content\/uploads\/2023\/04\/Copia-de-Dia-Mundial-Cancer-de-Mama.png\" alt=\"Copia de Dia Mundial C\u00e0ncer de Mama\" width=\"2240\" height=\"1260\" class=\"alignnone size-full wp-image-39176\" \/><\/a><em>Foto: Pixabay<br \/>\n<\/em><\/p>\n<hr \/>\n<ul>\n<li>La <a href=\"https:\/\/www.oncolliga.cat\/\">Fundaci\u00f3 Oncolliga<\/a>, con la colaboraci\u00f3n de la Asociaci\u00f3n Deportiva Media Marat\u00f3n de Sabadell, organiza la carrera solidaria<strong> \u2018Race For Life pel C\u00e0ncer de Mama\u2019<\/strong> el pr\u00f3ximo 23 de octubre. El recorrido ser\u00e1 de 5 km, con salida y llegada al Eje Maci\u00e0 de Sabadell.\u00a0<a href=\"https:\/\/www.juntscontraelcancer.cat\/news\/oncolliga-organitza-cursa-solidaria-race-for-life-pel-cancer-mama-sabadell\/\">M\u00e1s informaci\u00f3n<\/a><\/li>\n<\/ul>\n<p><a href=\"https:\/\/www.juntscontraelcancer.cat\/news\/oncolliga-organitza-cursa-solidaria-race-for-life-pel-cancer-mama-sabadell\/cartell-race-for-life-logos_v2-jpg\/\" rel=\"attachment wp-att-39141\"><img loading=\"lazy\" decoding=\"async\" class=\"alignnone size-full wp-image-39141\" src=\"https:\/\/juntscontraelcancer.cat\/wp-content\/uploads\/2023\/04\/Cartell-Race-For-Life-pel-Cancer-de-Mama-1200x849-1.jpeg\" alt=\"Cartell Race For Life + Logos_v2.jpg\" width=\"1200\" height=\"849\" \/><\/a><\/p>\n<hr \/>\n<ul>\n<li>La\u00a0<a href=\"https:\/\/www.grupiris.cat\/cursa-de-la-dona\/lesdeveniment\/\">Cursa de la Dona de Figueres<\/a>, el tradicional evento solidario de <a href=\"https:\/\/www.grupiris.cat\/\">Grup Iris<\/a>, se celebra este a\u00f1o el pr\u00f3ximo 6 de noviembre. La marcha est\u00e1 abierta a la participaci\u00f3n de todas las mujeres, que recorrer\u00e1n una distancia aproximada de 5 km, partiendo del carrer Nou de la ciudad hasta la Pla\u00e7a Catalunya. <a href=\"https:\/\/www.juntscontraelcancer.cat\/news\/grup-iris-organitza-7a-cursa-dona-figueres\/\">M\u00e1s informaci\u00f3n<\/a><\/li>\n<\/ul>\n<p><a href=\"https:\/\/www.juntscontraelcancer.cat\/news\/grup-iris-organitza-7a-cursa-dona-figueres\/308442870_510803367714953_4967524947221928369_n\/\" rel=\"attachment wp-att-39097\"><img loading=\"lazy\" decoding=\"async\" class=\"alignnone size-full wp-image-39097\" src=\"https:\/\/juntscontraelcancer.cat\/wp-content\/uploads\/2023\/04\/308442870_510803367714953_4967524947221928369_n.jpg\" alt=\"308442870_510803367714953_4967524947221928369_n\" width=\"2048\" height=\"2048\" \/><\/a><\/p>\n<hr \/>\n<ul>\n<li><a href=\"https:\/\/oncolligagirona.cat\/\">Oncolliga Girona<\/a> tambi\u00e9n organiza el 23 de octubre <strong>la carrera&#8217;Corre per les mames&#8217;<\/strong>.\u00a0Un total de 22 poblaciones en las que hay delegaci\u00f3n de Oncolliga se han sumado a la iniciativa en esta tercera edici\u00f3n. Todos los donativos ir\u00e1n destinados al proyecto \u00abGuapes i valentes\u00bb de la Fundaci\u00f3 Oncolliga Girona. <a href=\"https:\/\/oncolligagirona.cat\/activitats-solidaries\/corre-per-les-mames\">M\u00e1s informaci\u00f3n<\/a>.<\/li>\n<\/ul>\n<p><a href=\"https:\/\/www.juntscontraelcancer.cat\/news\/activitats-entitats-pel-dia-cancer-mama\/diseo-sin-ttulo-3\/\" rel=\"attachment wp-att-39171\"><img loading=\"lazy\" decoding=\"async\" class=\"alignnone size-full wp-image-39171\" src=\"https:\/\/juntscontraelcancer.cat\/wp-content\/uploads\/2023\/04\/diseo-sin-ttulo-3.png\" alt=\"diseo-sin-ttulo-3\" width=\"1181\" height=\"1181\" \/><br \/>\n<\/a><\/p>\n<li>Otro de los actos de <strong>Oncolliga Girona<\/strong> es la charla &#8216;Sexualidad y c\u00e1ncer: un campo inexplorado&#8217;, a cargo del onc\u00f3logo Jordi Rubi\u00f3; y con las intervenciones de la onc\u00f3loga Helena Pla y de la ginec\u00f3loga y sex\u00f3loga Raquel Tulleuda. El acto tendr\u00e1 lugar el 19 de octubre a las 19 h en el Hotel Carlemany de Girona, pero tambi\u00e9n se podr\u00e1 seguir en YouTube.\n<p><a href=\"https:\/\/www.juntscontraelcancer.cat\/news\/activitats-entitats-pel-dia-cancer-mama\/xerrada-002\/\" rel=\"attachment wp-att-39185\"><img loading=\"lazy\" decoding=\"async\" src=\"https:\/\/juntscontraelcancer.cat\/wp-content\/uploads\/2023\/04\/XERRADA-002.jpeg\" alt=\"XERRADA (002)\" width=\"1080\" height=\"1350\" class=\"alignnone size-full wp-image-39185\" \/><\/a><\/p>\n<hr \/>\n<ul>\n<li><a href=\"https:\/\/www.juntscontraelcancer.cat\/news\/activitats-entitats-pel-dia-cancer-mama\/diseo-sin-ttulo-3\/\" rel=\"attachment wp-att-39171\">\u00a0<\/a>El concierto solidario &#8216;We have a voice&#8217; de <strong>Vilassar de Dalt contra el c\u00e1ncer<\/strong> contar\u00e1, como el a\u00f1o pasado, con la actuaci\u00f3n del Barcelona Gay Men\u2019s Chorus. Inspirado en la tradici\u00f3n de coros LGTBI de los pa\u00edses anglosajones, el BGMC es un coro formado principalmente por hombres gays que trabaja para presentar una propuesta musical de calidad con un repertorio variado y una puesta en escena atractiva. El BGMC potencia especialmente la formaci\u00f3n vocal y art\u00edstica continua de sus integrantes, adem\u00e1s de ofrecer un espect\u00e1culo accesible para personas sordas y colaborar en causas solidarias generales y del colectivo LGTBI +. El acto tendr\u00e1 lugar el 15 de octubre. <a href=\"https:\/\/www.lamassateatre.cat\/espectacle\/we-have-a-voice\/\">M\u00e1s informaci\u00f3n<\/a>\n<\/li>\n<\/ul>\n<p><a href=\"https:\/\/www.juntscontraelcancer.cat\/news\/activitats-entitats-pel-dia-cancer-mama\/307118861_5647619038626203_2959650430795082917_n\/\" rel=\"attachment wp-att-39172\"><img loading=\"lazy\" decoding=\"async\" class=\"alignnone size-full wp-image-39172\" src=\"https:\/\/juntscontraelcancer.cat\/wp-content\/uploads\/2023\/04\/307118861_5647619038626203_2959650430795082917_n.jpg\" alt=\"307118861_5647619038626203_2959650430795082917_n\" width=\"843\" height=\"1177\" \/><\/a><\/p>\n<hr \/>\n<ul>\n<li>Las diferentes delegaciones de <a href=\"https:\/\/www.lligacontraelcancer.cat\/\">Lliga contra el C\u00e0ncer Comarques de Tarragona i lesTerres de l&#8217;Ebre<\/a> realizan toda esta serie de actividades que os dejamos a continuaci\u00f3n:<\/li>\n<\/ul>\n<p><a href=\"https:\/\/www.juntscontraelcancer.cat\/news\/activitats-entitats-pel-dia-cancer-mama\/captura-de-pantalla-2022-10-06-115701\/\" rel=\"attachment wp-att-39173\"><img loading=\"lazy\" decoding=\"async\" class=\"alignnone size-full wp-image-39173\" src=\"https:\/\/juntscontraelcancer.cat\/wp-content\/uploads\/2023\/04\/Captura-de-pantalla-2022-10-06-115701.png\" alt=\"Captura de pantalla 2022-10-06 115701\" width=\"1198\" height=\"721\" \/><\/a><\/p>\n<hr \/>\n<li><a href=\"https:\/\/www.oncovalles.cat\/\">Oncovall\u00e8s <\/a>tambi\u00e9n realiza toda una serie de actividades durante toda la jornada en la calle Anselm Clav\u00e8 (desde Font de Europa a Can Ramoneda) de Granollers: desfile de pelucas y pa\u00f1uelos, cortes de cabello solidarios, masterclass de zumba, bailes de swing y una chocolatada popular, son algunos de los actos previstos. Este a\u00f1o, por primera vez, el grupo G de Gospel har\u00e1 un actuaci\u00f3n con m\u00e1s de 40 cantantes.<\/li>\n<\/ul>\n<p><a href=\"https:\/\/www.juntscontraelcancer.cat\/news\/activitats-entitats-pel-dia-cancer-mama\/2-4\/\" rel=\"attachment wp-att-39224\"><img loading=\"lazy\" decoding=\"async\" class=\"alignnone size-full wp-image-39224\" src=\"https:\/\/juntscontraelcancer.cat\/wp-content\/uploads\/2023\/04\/2.png\" alt=\"2\" width=\"1587\" height=\"2245\" \/><\/a><\/p>\n","protected":false},"excerpt":{"rendered":"<p>El 19 de octubre se conmemora el D\u00eda Mundial contra el C\u00e1ncer de Mama, el tumor m\u00e1s frecuente en mujeres. El objetivo es dar a conocer la enfermedad y apoyar a todas las pacientes que han pasado por este proceso y a sus familias. Las entidades de la FECEC ya tienen a punto sus actividades [&#8230;]\n","protected":false},"author":1,"featured_media":14996,"comment_status":"closed","ping_status":"open","sticky":false,"template":"","format":"standard","meta":{"_acf_changed":false,"inline_featured_image":false,"footnotes":""},"categories":[84,3,86,68],"tags":[],"class_list":["post-14993","post","type-post","status-publish","format-standard","has-post-thumbnail","hentry","category-actualidad","category-actualitat","category-destacadas","category-destaquem"],"acf":[],"yoast_head":"<!-- This site is optimized with the Yoast SEO plugin v27.3 - https:\/\/yoast.com\/product\/yoast-seo-wordpress\/ -->\n<title>Actividades de las entidades para el D\u00eda Mundial del C\u00e1ncer de Mama - Junts contra el c\u00e0ncer - FECEC<\/title>\n<meta name=\"robots\" content=\"index, follow, max-snippet:-1, max-image-preview:large, max-video-preview:-1\" \/>\n<link rel=\"canonical\" href=\"https:\/\/juntscontraelcancer.cat\/es\/actividades-de-las-entidades-para-el-dia-mundial-del-cancer-de-mama\/\" \/>\n<meta property=\"og:locale\" content=\"es_ES\" \/>\n<meta property=\"og:type\" content=\"article\" \/>\n<meta property=\"og:title\" content=\"Actividades de las entidades para el D\u00eda Mundial del C\u00e1ncer de Mama - Junts contra el c\u00e0ncer - FECEC\" \/>\n<meta property=\"og:description\" content=\"El 19 de octubre se conmemora el D\u00eda Mundial contra el C\u00e1ncer de Mama, el tumor m\u00e1s frecuente en mujeres. El objetivo es dar a conocer la enfermedad y apoyar a todas las pacientes que han pasado por este proceso y a sus familias. Las entidades de la FECEC ya tienen a punto sus actividades [...]\" \/>\n<meta property=\"og:url\" content=\"https:\/\/juntscontraelcancer.cat\/es\/actividades-de-las-entidades-para-el-dia-mundial-del-cancer-de-mama\/\" \/>\n<meta property=\"og:site_name\" content=\"Junts contra el c\u00e0ncer - FECEC\" \/>\n<meta property=\"article:publisher\" content=\"https:\/\/www.facebook.com\/fecec.federacio\/\" \/>\n<meta property=\"article:published_time\" content=\"2022-10-05T22:00:00+00:00\" \/>\n<meta property=\"article:modified_time\" content=\"2023-06-12T09:51:27+00:00\" \/>\n<meta property=\"og:image\" content=\"https:\/\/juntscontraelcancer.cat\/wp-content\/uploads\/2023\/04\/Dia-del-cancer-de-mama-6.png\" \/>\n\t<meta property=\"og:image:width\" content=\"354\" \/>\n\t<meta property=\"og:image:height\" content=\"165\" \/>\n\t<meta property=\"og:image:type\" content=\"image\/png\" \/>\n<meta name=\"author\" content=\"Pukkas\" \/>\n<meta name=\"twitter:card\" content=\"summary_large_image\" \/>\n<meta name=\"twitter:creator\" content=\"@FececFederacio\" \/>\n<meta name=\"twitter:site\" content=\"@FececFederacio\" \/>\n<meta name=\"twitter:label1\" content=\"Escrito por\" \/>\n\t<meta name=\"twitter:data1\" content=\"Pukkas\" \/>\n\t<meta name=\"twitter:label2\" content=\"Tiempo de lectura\" \/>\n\t<meta name=\"twitter:data2\" content=\"3 minutos\" \/>\n<script type=\"application\/ld+json\" class=\"yoast-schema-graph\">{\"@context\":\"https:\\\/\\\/schema.org\",\"@graph\":[{\"@type\":\"Article\",\"@id\":\"https:\\\/\\\/juntscontraelcancer.cat\\\/es\\\/actividades-de-las-entidades-para-el-dia-mundial-del-cancer-de-mama\\\/#article\",\"isPartOf\":{\"@id\":\"https:\\\/\\\/juntscontraelcancer.cat\\\/es\\\/actividades-de-las-entidades-para-el-dia-mundial-del-cancer-de-mama\\\/\"},\"author\":{\"name\":\"Pukkas\",\"@id\":\"https:\\\/\\\/juntscontraelcancer.cat\\\/es\\\/#\\\/schema\\\/person\\\/14c85cb9b3aeddea8f9087bea375813f\"},\"headline\":\"Actividades de las entidades para el D\u00eda Mundial del C\u00e1ncer de Mama\",\"datePublished\":\"2022-10-05T22:00:00+00:00\",\"dateModified\":\"2023-06-12T09:51:27+00:00\",\"mainEntityOfPage\":{\"@id\":\"https:\\\/\\\/juntscontraelcancer.cat\\\/es\\\/actividades-de-las-entidades-para-el-dia-mundial-del-cancer-de-mama\\\/\"},\"wordCount\":539,\"publisher\":{\"@id\":\"https:\\\/\\\/juntscontraelcancer.cat\\\/es\\\/#organization\"},\"image\":{\"@id\":\"https:\\\/\\\/juntscontraelcancer.cat\\\/es\\\/actividades-de-las-entidades-para-el-dia-mundial-del-cancer-de-mama\\\/#primaryimage\"},\"thumbnailUrl\":\"https:\\\/\\\/juntscontraelcancer.cat\\\/wp-content\\\/uploads\\\/2023\\\/04\\\/Dia-del-cancer-de-mama-6.png\",\"articleSection\":[\"Actualidad\",\"Actualitat\",\"Destacadas\",\"Destacats\"],\"inLanguage\":\"es\"},{\"@type\":\"WebPage\",\"@id\":\"https:\\\/\\\/juntscontraelcancer.cat\\\/es\\\/actividades-de-las-entidades-para-el-dia-mundial-del-cancer-de-mama\\\/\",\"url\":\"https:\\\/\\\/juntscontraelcancer.cat\\\/es\\\/actividades-de-las-entidades-para-el-dia-mundial-del-cancer-de-mama\\\/\",\"name\":\"Actividades de las entidades para el D\u00eda Mundial del C\u00e1ncer de Mama - Junts contra el c\u00e0ncer - FECEC\",\"isPartOf\":{\"@id\":\"https:\\\/\\\/juntscontraelcancer.cat\\\/es\\\/#website\"},\"primaryImageOfPage\":{\"@id\":\"https:\\\/\\\/juntscontraelcancer.cat\\\/es\\\/actividades-de-las-entidades-para-el-dia-mundial-del-cancer-de-mama\\\/#primaryimage\"},\"image\":{\"@id\":\"https:\\\/\\\/juntscontraelcancer.cat\\\/es\\\/actividades-de-las-entidades-para-el-dia-mundial-del-cancer-de-mama\\\/#primaryimage\"},\"thumbnailUrl\":\"https:\\\/\\\/juntscontraelcancer.cat\\\/wp-content\\\/uploads\\\/2023\\\/04\\\/Dia-del-cancer-de-mama-6.png\",\"datePublished\":\"2022-10-05T22:00:00+00:00\",\"dateModified\":\"2023-06-12T09:51:27+00:00\",\"breadcrumb\":{\"@id\":\"https:\\\/\\\/juntscontraelcancer.cat\\\/es\\\/actividades-de-las-entidades-para-el-dia-mundial-del-cancer-de-mama\\\/#breadcrumb\"},\"inLanguage\":\"es\",\"potentialAction\":[{\"@type\":\"ReadAction\",\"target\":[\"https:\\\/\\\/juntscontraelcancer.cat\\\/es\\\/actividades-de-las-entidades-para-el-dia-mundial-del-cancer-de-mama\\\/\"]}]},{\"@type\":\"ImageObject\",\"inLanguage\":\"es\",\"@id\":\"https:\\\/\\\/juntscontraelcancer.cat\\\/es\\\/actividades-de-las-entidades-para-el-dia-mundial-del-cancer-de-mama\\\/#primaryimage\",\"url\":\"https:\\\/\\\/juntscontraelcancer.cat\\\/wp-content\\\/uploads\\\/2023\\\/04\\\/Dia-del-cancer-de-mama-6.png\",\"contentUrl\":\"https:\\\/\\\/juntscontraelcancer.cat\\\/wp-content\\\/uploads\\\/2023\\\/04\\\/Dia-del-cancer-de-mama-6.png\",\"width\":354,\"height\":165},{\"@type\":\"BreadcrumbList\",\"@id\":\"https:\\\/\\\/juntscontraelcancer.cat\\\/es\\\/actividades-de-las-entidades-para-el-dia-mundial-del-cancer-de-mama\\\/#breadcrumb\",\"itemListElement\":[{\"@type\":\"ListItem\",\"position\":1,\"name\":\"Inicio\",\"item\":\"https:\\\/\\\/juntscontraelcancer.cat\\\/es\\\/\"},{\"@type\":\"ListItem\",\"position\":2,\"name\":\"Actividades de las entidades para el D\u00eda Mundial del C\u00e1ncer de Mama\"}]},{\"@type\":\"WebSite\",\"@id\":\"https:\\\/\\\/juntscontraelcancer.cat\\\/es\\\/#website\",\"url\":\"https:\\\/\\\/juntscontraelcancer.cat\\\/es\\\/\",\"name\":\"Junts contra el c\u00e0ncer - FECEC\",\"description\":\"\",\"publisher\":{\"@id\":\"https:\\\/\\\/juntscontraelcancer.cat\\\/es\\\/#organization\"},\"potentialAction\":[{\"@type\":\"SearchAction\",\"target\":{\"@type\":\"EntryPoint\",\"urlTemplate\":\"https:\\\/\\\/juntscontraelcancer.cat\\\/es\\\/?s={search_term_string}\"},\"query-input\":{\"@type\":\"PropertyValueSpecification\",\"valueRequired\":true,\"valueName\":\"search_term_string\"}}],\"inLanguage\":\"es\"},{\"@type\":\"Organization\",\"@id\":\"https:\\\/\\\/juntscontraelcancer.cat\\\/es\\\/#organization\",\"name\":\"Junts contra el c\u00e0ncer - FECEC\",\"url\":\"https:\\\/\\\/juntscontraelcancer.cat\\\/es\\\/\",\"logo\":{\"@type\":\"ImageObject\",\"inLanguage\":\"es\",\"@id\":\"https:\\\/\\\/juntscontraelcancer.cat\\\/es\\\/#\\\/schema\\\/logo\\\/image\\\/\",\"url\":\"https:\\\/\\\/juntscontraelcancer.cat\\\/wp-content\\\/uploads\\\/2023\\\/01\\\/logo-fecec-header.png\",\"contentUrl\":\"https:\\\/\\\/juntscontraelcancer.cat\\\/wp-content\\\/uploads\\\/2023\\\/01\\\/logo-fecec-header.png\",\"width\":126,\"height\":74,\"caption\":\"Junts contra el c\u00e0ncer - FECEC\"},\"image\":{\"@id\":\"https:\\\/\\\/juntscontraelcancer.cat\\\/es\\\/#\\\/schema\\\/logo\\\/image\\\/\"},\"sameAs\":[\"https:\\\/\\\/www.facebook.com\\\/fecec.federacio\\\/\",\"https:\\\/\\\/x.com\\\/FececFederacio\",\"https:\\\/\\\/www.instagram.com\\\/fececfederacio\\\/?hl=es\",\"https:\\\/\\\/www.youtube.com\\\/channel\\\/UCgAC_6c6hmHwMQhSCQyYBdA\"]},{\"@type\":\"Person\",\"@id\":\"https:\\\/\\\/juntscontraelcancer.cat\\\/es\\\/#\\\/schema\\\/person\\\/14c85cb9b3aeddea8f9087bea375813f\",\"name\":\"Pukkas\",\"image\":{\"@type\":\"ImageObject\",\"inLanguage\":\"es\",\"@id\":\"https:\\\/\\\/secure.gravatar.com\\\/avatar\\\/7433209641beafe57dbfd32b83f1c28fb7da2f23c98b47d02c7623ce350a0e9f?s=96&d=mm&r=g\",\"url\":\"https:\\\/\\\/secure.gravatar.com\\\/avatar\\\/7433209641beafe57dbfd32b83f1c28fb7da2f23c98b47d02c7623ce350a0e9f?s=96&d=mm&r=g\",\"contentUrl\":\"https:\\\/\\\/secure.gravatar.com\\\/avatar\\\/7433209641beafe57dbfd32b83f1c28fb7da2f23c98b47d02c7623ce350a0e9f?s=96&d=mm&r=g\",\"caption\":\"Pukkas\"},\"sameAs\":[\"https:\\\/\\\/juntscontraelcancer.cat\"]}]}<\/script>\n<!-- \/ Yoast SEO plugin. -->","yoast_head_json":{"title":"Actividades de las entidades para el D\u00eda Mundial del C\u00e1ncer de Mama - Junts contra el c\u00e0ncer - FECEC","robots":{"index":"index","follow":"follow","max-snippet":"max-snippet:-1","max-image-preview":"max-image-preview:large","max-video-preview":"max-video-preview:-1"},"canonical":"https:\/\/juntscontraelcancer.cat\/es\/actividades-de-las-entidades-para-el-dia-mundial-del-cancer-de-mama\/","og_locale":"es_ES","og_type":"article","og_title":"Actividades de las entidades para el D\u00eda Mundial del C\u00e1ncer de Mama - Junts contra el c\u00e0ncer - FECEC","og_description":"El 19 de octubre se conmemora el D\u00eda Mundial contra el C\u00e1ncer de Mama, el tumor m\u00e1s frecuente en mujeres. El objetivo es dar a conocer la enfermedad y apoyar a todas las pacientes que han pasado por este proceso y a sus familias. Las entidades de la FECEC ya tienen a punto sus actividades [...]","og_url":"https:\/\/juntscontraelcancer.cat\/es\/actividades-de-las-entidades-para-el-dia-mundial-del-cancer-de-mama\/","og_site_name":"Junts contra el c\u00e0ncer - FECEC","article_publisher":"https:\/\/www.facebook.com\/fecec.federacio\/","article_published_time":"2022-10-05T22:00:00+00:00","article_modified_time":"2023-06-12T09:51:27+00:00","og_image":[{"width":354,"height":165,"url":"https:\/\/juntscontraelcancer.cat\/wp-content\/uploads\/2023\/04\/Dia-del-cancer-de-mama-6.png","type":"image\/png"}],"author":"Pukkas","twitter_card":"summary_large_image","twitter_creator":"@FececFederacio","twitter_site":"@FececFederacio","twitter_misc":{"Escrito por":"Pukkas","Tiempo de lectura":"3 minutos"},"schema":{"@context":"https:\/\/schema.org","@graph":[{"@type":"Article","@id":"https:\/\/juntscontraelcancer.cat\/es\/actividades-de-las-entidades-para-el-dia-mundial-del-cancer-de-mama\/#article","isPartOf":{"@id":"https:\/\/juntscontraelcancer.cat\/es\/actividades-de-las-entidades-para-el-dia-mundial-del-cancer-de-mama\/"},"author":{"name":"Pukkas","@id":"https:\/\/juntscontraelcancer.cat\/es\/#\/schema\/person\/14c85cb9b3aeddea8f9087bea375813f"},"headline":"Actividades de las entidades para el D\u00eda Mundial del C\u00e1ncer de Mama","datePublished":"2022-10-05T22:00:00+00:00","dateModified":"2023-06-12T09:51:27+00:00","mainEntityOfPage":{"@id":"https:\/\/juntscontraelcancer.cat\/es\/actividades-de-las-entidades-para-el-dia-mundial-del-cancer-de-mama\/"},"wordCount":539,"publisher":{"@id":"https:\/\/juntscontraelcancer.cat\/es\/#organization"},"image":{"@id":"https:\/\/juntscontraelcancer.cat\/es\/actividades-de-las-entidades-para-el-dia-mundial-del-cancer-de-mama\/#primaryimage"},"thumbnailUrl":"https:\/\/juntscontraelcancer.cat\/wp-content\/uploads\/2023\/04\/Dia-del-cancer-de-mama-6.png","articleSection":["Actualidad","Actualitat","Destacadas","Destacats"],"inLanguage":"es"},{"@type":"WebPage","@id":"https:\/\/juntscontraelcancer.cat\/es\/actividades-de-las-entidades-para-el-dia-mundial-del-cancer-de-mama\/","url":"https:\/\/juntscontraelcancer.cat\/es\/actividades-de-las-entidades-para-el-dia-mundial-del-cancer-de-mama\/","name":"Actividades de las entidades para el D\u00eda Mundial del C\u00e1ncer de Mama - Junts contra el c\u00e0ncer - FECEC","isPartOf":{"@id":"https:\/\/juntscontraelcancer.cat\/es\/#website"},"primaryImageOfPage":{"@id":"https:\/\/juntscontraelcancer.cat\/es\/actividades-de-las-entidades-para-el-dia-mundial-del-cancer-de-mama\/#primaryimage"},"image":{"@id":"https:\/\/juntscontraelcancer.cat\/es\/actividades-de-las-entidades-para-el-dia-mundial-del-cancer-de-mama\/#primaryimage"},"thumbnailUrl":"https:\/\/juntscontraelcancer.cat\/wp-content\/uploads\/2023\/04\/Dia-del-cancer-de-mama-6.png","datePublished":"2022-10-05T22:00:00+00:00","dateModified":"2023-06-12T09:51:27+00:00","breadcrumb":{"@id":"https:\/\/juntscontraelcancer.cat\/es\/actividades-de-las-entidades-para-el-dia-mundial-del-cancer-de-mama\/#breadcrumb"},"inLanguage":"es","potentialAction":[{"@type":"ReadAction","target":["https:\/\/juntscontraelcancer.cat\/es\/actividades-de-las-entidades-para-el-dia-mundial-del-cancer-de-mama\/"]}]},{"@type":"ImageObject","inLanguage":"es","@id":"https:\/\/juntscontraelcancer.cat\/es\/actividades-de-las-entidades-para-el-dia-mundial-del-cancer-de-mama\/#primaryimage","url":"https:\/\/juntscontraelcancer.cat\/wp-content\/uploads\/2023\/04\/Dia-del-cancer-de-mama-6.png","contentUrl":"https:\/\/juntscontraelcancer.cat\/wp-content\/uploads\/2023\/04\/Dia-del-cancer-de-mama-6.png","width":354,"height":165},{"@type":"BreadcrumbList","@id":"https:\/\/juntscontraelcancer.cat\/es\/actividades-de-las-entidades-para-el-dia-mundial-del-cancer-de-mama\/#breadcrumb","itemListElement":[{"@type":"ListItem","position":1,"name":"Inicio","item":"https:\/\/juntscontraelcancer.cat\/es\/"},{"@type":"ListItem","position":2,"name":"Actividades de las entidades para el D\u00eda Mundial del C\u00e1ncer de Mama"}]},{"@type":"WebSite","@id":"https:\/\/juntscontraelcancer.cat\/es\/#website","url":"https:\/\/juntscontraelcancer.cat\/es\/","name":"Junts contra el c\u00e0ncer - FECEC","description":"","publisher":{"@id":"https:\/\/juntscontraelcancer.cat\/es\/#organization"},"potentialAction":[{"@type":"SearchAction","target":{"@type":"EntryPoint","urlTemplate":"https:\/\/juntscontraelcancer.cat\/es\/?s={search_term_string}"},"query-input":{"@type":"PropertyValueSpecification","valueRequired":true,"valueName":"search_term_string"}}],"inLanguage":"es"},{"@type":"Organization","@id":"https:\/\/juntscontraelcancer.cat\/es\/#organization","name":"Junts contra el c\u00e0ncer - FECEC","url":"https:\/\/juntscontraelcancer.cat\/es\/","logo":{"@type":"ImageObject","inLanguage":"es","@id":"https:\/\/juntscontraelcancer.cat\/es\/#\/schema\/logo\/image\/","url":"https:\/\/juntscontraelcancer.cat\/wp-content\/uploads\/2023\/01\/logo-fecec-header.png","contentUrl":"https:\/\/juntscontraelcancer.cat\/wp-content\/uploads\/2023\/01\/logo-fecec-header.png","width":126,"height":74,"caption":"Junts contra el c\u00e0ncer - FECEC"},"image":{"@id":"https:\/\/juntscontraelcancer.cat\/es\/#\/schema\/logo\/image\/"},"sameAs":["https:\/\/www.facebook.com\/fecec.federacio\/","https:\/\/x.com\/FececFederacio","https:\/\/www.instagram.com\/fececfederacio\/?hl=es","https:\/\/www.youtube.com\/channel\/UCgAC_6c6hmHwMQhSCQyYBdA"]},{"@type":"Person","@id":"https:\/\/juntscontraelcancer.cat\/es\/#\/schema\/person\/14c85cb9b3aeddea8f9087bea375813f","name":"Pukkas","image":{"@type":"ImageObject","inLanguage":"es","@id":"https:\/\/secure.gravatar.com\/avatar\/7433209641beafe57dbfd32b83f1c28fb7da2f23c98b47d02c7623ce350a0e9f?s=96&d=mm&r=g","url":"https:\/\/secure.gravatar.com\/avatar\/7433209641beafe57dbfd32b83f1c28fb7da2f23c98b47d02c7623ce350a0e9f?s=96&d=mm&r=g","contentUrl":"https:\/\/secure.gravatar.com\/avatar\/7433209641beafe57dbfd32b83f1c28fb7da2f23c98b47d02c7623ce350a0e9f?s=96&d=mm&r=g","caption":"Pukkas"},"sameAs":["https:\/\/juntscontraelcancer.cat"]}]}},"_links":{"self":[{"href":"https:\/\/juntscontraelcancer.cat\/es\/wp-json\/wp\/v2\/posts\/14993","targetHints":{"allow":["GET"]}}],"collection":[{"href":"https:\/\/juntscontraelcancer.cat\/es\/wp-json\/wp\/v2\/posts"}],"about":[{"href":"https:\/\/juntscontraelcancer.cat\/es\/wp-json\/wp\/v2\/types\/post"}],"author":[{"embeddable":true,"href":"https:\/\/juntscontraelcancer.cat\/es\/wp-json\/wp\/v2\/users\/1"}],"replies":[{"embeddable":true,"href":"https:\/\/juntscontraelcancer.cat\/es\/wp-json\/wp\/v2\/comments?post=14993"}],"version-history":[{"count":1,"href":"https:\/\/juntscontraelcancer.cat\/es\/wp-json\/wp\/v2\/posts\/14993\/revisions"}],"predecessor-version":[{"id":14995,"href":"https:\/\/juntscontraelcancer.cat\/es\/wp-json\/wp\/v2\/posts\/14993\/revisions\/14995"}],"wp:featuredmedia":[{"embeddable":true,"href":"https:\/\/juntscontraelcancer.cat\/es\/wp-json\/wp\/v2\/media\/14996"}],"wp:attachment":[{"href":"https:\/\/juntscontraelcancer.cat\/es\/wp-json\/wp\/v2\/media?parent=14993"}],"wp:term":[{"taxonomy":"category","embeddable":true,"href":"https:\/\/juntscontraelcancer.cat\/es\/wp-json\/wp\/v2\/categories?post=14993"},{"taxonomy":"post_tag","embeddable":true,"href":"https:\/\/juntscontraelcancer.cat\/es\/wp-json\/wp\/v2\/tags?post=14993"}],"curies":[{"name":"wp","href":"https:\/\/api.w.org\/{rel}","templated":true}]}}