{"id":14987,"date":"2022-09-16T00:00:00","date_gmt":"2022-09-15T22:00:00","guid":{"rendered":"https:\/\/junts.enproceso.es\/22-de-septiembre-dia-mundial-de-la-leucemia-mieloide-cronica\/"},"modified":"2023-06-12T11:51:29","modified_gmt":"2023-06-12T09:51:29","slug":"22-de-septiembre-dia-mundial-de-la-leucemia-mieloide-cronica","status":"publish","type":"post","link":"https:\/\/juntscontraelcancer.cat\/es\/22-de-septiembre-dia-mundial-de-la-leucemia-mieloide-cronica\/","title":{"rendered":"22 de septiembre, D\u00eda Mundial de la Leucemia Mieloide Cr\u00f3nica"},"content":{"rendered":"<p><strong>El 22 de septiembre se conmemora el D\u00eda Mundial de la Leucemia Mieloide Cr\u00f3nica (LMC), una enfermedad cancer\u00edgena de la m\u00e9dula \u00f3sea caracterizada por un aumento descontrolado en la producci\u00f3n de algunas de las c\u00e9lulas que esta produce.<\/strong><\/p>\n<p><a href=\"https:\/\/juntscontraelcancer.cat\/wp-content\/uploads\/2023\/04\/1200px-LMC1.jpg\"><img loading=\"lazy\" decoding=\"async\" class=\"alignnone size-full wp-image-39041\" src=\"https:\/\/juntscontraelcancer.cat\/wp-content\/uploads\/2023\/04\/1200px-LMC1.jpg\" alt=\"1200px-LMC1\" width=\"1200\" height=\"896\" \/><\/a><em>Foto: Wikipedia<\/em><\/p>\n<p>La\u00a0LMC\u00a0constituye en torno al 20% del total de leucemias, si bien es una enfermedad poco frecuente, que afecta aproximadamente\u00a0a una persona por cada 100.000 habitantes. La edad mediana de aparici\u00f3n es de 56 a\u00f1os, siendo muy infrecuente su aparici\u00f3n en edad infantil.<\/p>\n<p><strong>FACTORES DE RIESGO<\/strong><\/p>\n<p>Los factores de riesgo principales son la edad y el sexo (es algo m\u00e1s frecuente en hombres que en mujeres). Tambi\u00e9n se ha comprobado que la exposici\u00f3n a altas radiaciones (como en el caso de explosiones de bombas at\u00f3micas o accidentes nucleares) son factores desencadenantes de este tipo de c\u00e1ncer.<\/p>\n<p><strong>SINTOMATOLOG\u00cdA Y DIAGN\u00d3STICO<\/strong><\/p>\n<p>Los principales s\u00edntomas de la\u00a0LMC\u00a0son:<\/p>\n<ul>\n<ul>\n<li>Alteraci\u00f3n anal\u00edtica, con una crecimiento marcado de los leucocitos (gl\u00f3bulos blancos) y\/o plaquetas.<\/li>\n<li>Cansancio generalizado<\/li>\n<li>P\u00e9rdida de peso<\/li>\n<li>Sudoraci\u00f3n<\/li>\n<li>Dolor \u00f3seo<\/li>\n<li>Sangrados<\/li>\n<li>Infecciones recurrentes<\/li>\n<li>Molestias abdominales por un crecimiento del bazo<\/li>\n<\/ul>\n<\/ul>\n<p>El diagn\u00f3stico suele hacerse en una fase asintom\u00e1tica y poco agresiva con el hallazgo casual de la alteraci\u00f3n anal\u00edtica. El diagn\u00f3stico se confirma con la aparici\u00f3n un cromosoma an\u00f3malo denominado Filadelfia mediante un estudio minucioso de la sangre y punci\u00f3n de la m\u00e9dula \u00f3sea del paciente.<\/p>\n<p><strong>TRATAMIENTO<\/strong><\/p>\n<p>Desde hace 15 a\u00f1os se utilizan como tratamiento est\u00e1ndar los inhibidores de tirosina- cinasa (ITC), un tratamiento oral que se tiene que tomar indefinidamente. Este ha sido el tratamiento m\u00e1s espectacular visto en una enfermedad oncol\u00f3gica de la sangre. Antes de su aparici\u00f3n, muchos pacientes ten\u00edan que someterse a un trasplante de m\u00e9dula \u00f3sea, con la toxicidad y riesgo que esto comporta, pero actualmente est\u00e1 reservado para pacientes a los que no les funciona el tratamiento con los diferentes\u00a0ITC, lo cual sucede en menos del 10% de los casos. Gracias a los nuevos medicamentos la enfermedad puede\u00a0cronificarse\u00a0sin grandes efectos secundarios para la mayor\u00eda de los pacientes.<\/p>\n<p><strong>PRON\u00d3STICO<\/strong><\/p>\n<p>El pron\u00f3stico de la\u00a0LMC\u00a0ha supuesto un cambio radical en los \u00faltimos a\u00f1os. Despu\u00e9s de la llegada de los f\u00e1rmacos\u00a0ITC, la enfermedad ha pasado de una esperanza de vida de tan solo 5 a\u00f1os en pacientes no candidatos a trasplante de m\u00e9dula \u00f3sea, a una esperanza de vida similar a la de la poblaci\u00f3n general en aquellos pacientes diagnosticados en una fase cr\u00f3nica (que constituyen una amplia mayor\u00eda de los pacientes con\u00a0LMC). As\u00ed, hoy en d\u00eda, la supervivencia global de la enfermedad se sit\u00faa en torno al 90%, siendo la mayor\u00eda de las muertes no relacionadas con el c\u00e1ncer.<\/p>\n","protected":false},"excerpt":{"rendered":"<p>El 22 de septiembre se conmemora el D\u00eda Mundial de la Leucemia Mieloide Cr\u00f3nica (LMC), una enfermedad cancer\u00edgena de la m\u00e9dula \u00f3sea caracterizada por un aumento descontrolado en la producci\u00f3n de algunas de las c\u00e9lulas que esta produce. Foto: Wikipedia La\u00a0LMC\u00a0constituye en torno al 20% del total de leucemias, si bien es una enfermedad poco [&#8230;]\n","protected":false},"author":1,"featured_media":13619,"comment_status":"closed","ping_status":"open","sticky":false,"template":"","format":"standard","meta":{"_acf_changed":false,"inline_featured_image":false,"footnotes":""},"categories":[84,3,86,68],"tags":[],"class_list":["post-14987","post","type-post","status-publish","format-standard","has-post-thumbnail","hentry","category-actualidad","category-actualitat","category-destacadas","category-destaquem"],"acf":[],"yoast_head":"<!-- This site is optimized with the Yoast SEO plugin v27.3 - https:\/\/yoast.com\/product\/yoast-seo-wordpress\/ -->\n<title>22 de septiembre, D\u00eda Mundial de la Leucemia Mieloide Cr\u00f3nica - Junts contra el c\u00e0ncer - FECEC<\/title>\n<meta name=\"robots\" content=\"index, follow, max-snippet:-1, max-image-preview:large, max-video-preview:-1\" \/>\n<link rel=\"canonical\" href=\"https:\/\/juntscontraelcancer.cat\/es\/22-de-septiembre-dia-mundial-de-la-leucemia-mieloide-cronica\/\" \/>\n<meta property=\"og:locale\" content=\"es_ES\" \/>\n<meta property=\"og:type\" content=\"article\" \/>\n<meta property=\"og:title\" content=\"22 de septiembre, D\u00eda Mundial de la Leucemia Mieloide Cr\u00f3nica - Junts contra el c\u00e0ncer - FECEC\" \/>\n<meta property=\"og:description\" content=\"El 22 de septiembre se conmemora el D\u00eda Mundial de la Leucemia Mieloide Cr\u00f3nica (LMC), una enfermedad cancer\u00edgena de la m\u00e9dula \u00f3sea caracterizada por un aumento descontrolado en la producci\u00f3n de algunas de las c\u00e9lulas que esta produce. Foto: Wikipedia La\u00a0LMC\u00a0constituye en torno al 20% del total de leucemias, si bien es una enfermedad poco [...]\" \/>\n<meta property=\"og:url\" content=\"https:\/\/juntscontraelcancer.cat\/es\/22-de-septiembre-dia-mundial-de-la-leucemia-mieloide-cronica\/\" \/>\n<meta property=\"og:site_name\" content=\"Junts contra el c\u00e0ncer - FECEC\" \/>\n<meta property=\"article:publisher\" content=\"https:\/\/www.facebook.com\/fecec.federacio\/\" \/>\n<meta property=\"article:published_time\" content=\"2022-09-15T22:00:00+00:00\" \/>\n<meta property=\"article:modified_time\" content=\"2023-06-12T09:51:29+00:00\" \/>\n<meta property=\"og:image\" content=\"https:\/\/juntscontraelcancer.cat\/wp-content\/uploads\/2023\/04\/1200px-LMC1.jpg\" \/>\n\t<meta property=\"og:image:width\" content=\"1200\" \/>\n\t<meta property=\"og:image:height\" content=\"896\" \/>\n\t<meta property=\"og:image:type\" content=\"image\/jpeg\" \/>\n<meta name=\"author\" content=\"Pukkas\" \/>\n<meta name=\"twitter:card\" content=\"summary_large_image\" \/>\n<meta name=\"twitter:creator\" content=\"@FececFederacio\" \/>\n<meta name=\"twitter:site\" content=\"@FececFederacio\" \/>\n<meta name=\"twitter:label1\" content=\"Escrito por\" \/>\n\t<meta name=\"twitter:data1\" content=\"Pukkas\" \/>\n\t<meta name=\"twitter:label2\" content=\"Tiempo de lectura\" \/>\n\t<meta name=\"twitter:data2\" content=\"2 minutos\" \/>\n<script type=\"application\/ld+json\" class=\"yoast-schema-graph\">{\"@context\":\"https:\\\/\\\/schema.org\",\"@graph\":[{\"@type\":\"Article\",\"@id\":\"https:\\\/\\\/juntscontraelcancer.cat\\\/es\\\/22-de-septiembre-dia-mundial-de-la-leucemia-mieloide-cronica\\\/#article\",\"isPartOf\":{\"@id\":\"https:\\\/\\\/juntscontraelcancer.cat\\\/es\\\/22-de-septiembre-dia-mundial-de-la-leucemia-mieloide-cronica\\\/\"},\"author\":{\"name\":\"Pukkas\",\"@id\":\"https:\\\/\\\/juntscontraelcancer.cat\\\/es\\\/#\\\/schema\\\/person\\\/14c85cb9b3aeddea8f9087bea375813f\"},\"headline\":\"22 de septiembre, D\u00eda Mundial de la Leucemia Mieloide Cr\u00f3nica\",\"datePublished\":\"2022-09-15T22:00:00+00:00\",\"dateModified\":\"2023-06-12T09:51:29+00:00\",\"mainEntityOfPage\":{\"@id\":\"https:\\\/\\\/juntscontraelcancer.cat\\\/es\\\/22-de-septiembre-dia-mundial-de-la-leucemia-mieloide-cronica\\\/\"},\"wordCount\":495,\"publisher\":{\"@id\":\"https:\\\/\\\/juntscontraelcancer.cat\\\/es\\\/#organization\"},\"image\":{\"@id\":\"https:\\\/\\\/juntscontraelcancer.cat\\\/es\\\/22-de-septiembre-dia-mundial-de-la-leucemia-mieloide-cronica\\\/#primaryimage\"},\"thumbnailUrl\":\"https:\\\/\\\/juntscontraelcancer.cat\\\/wp-content\\\/uploads\\\/2023\\\/04\\\/1200px-LMC1.jpg\",\"articleSection\":[\"Actualidad\",\"Actualitat\",\"Destacadas\",\"Destacats\"],\"inLanguage\":\"es\"},{\"@type\":\"WebPage\",\"@id\":\"https:\\\/\\\/juntscontraelcancer.cat\\\/es\\\/22-de-septiembre-dia-mundial-de-la-leucemia-mieloide-cronica\\\/\",\"url\":\"https:\\\/\\\/juntscontraelcancer.cat\\\/es\\\/22-de-septiembre-dia-mundial-de-la-leucemia-mieloide-cronica\\\/\",\"name\":\"22 de septiembre, D\u00eda Mundial de la Leucemia Mieloide Cr\u00f3nica - Junts contra el c\u00e0ncer - FECEC\",\"isPartOf\":{\"@id\":\"https:\\\/\\\/juntscontraelcancer.cat\\\/es\\\/#website\"},\"primaryImageOfPage\":{\"@id\":\"https:\\\/\\\/juntscontraelcancer.cat\\\/es\\\/22-de-septiembre-dia-mundial-de-la-leucemia-mieloide-cronica\\\/#primaryimage\"},\"image\":{\"@id\":\"https:\\\/\\\/juntscontraelcancer.cat\\\/es\\\/22-de-septiembre-dia-mundial-de-la-leucemia-mieloide-cronica\\\/#primaryimage\"},\"thumbnailUrl\":\"https:\\\/\\\/juntscontraelcancer.cat\\\/wp-content\\\/uploads\\\/2023\\\/04\\\/1200px-LMC1.jpg\",\"datePublished\":\"2022-09-15T22:00:00+00:00\",\"dateModified\":\"2023-06-12T09:51:29+00:00\",\"breadcrumb\":{\"@id\":\"https:\\\/\\\/juntscontraelcancer.cat\\\/es\\\/22-de-septiembre-dia-mundial-de-la-leucemia-mieloide-cronica\\\/#breadcrumb\"},\"inLanguage\":\"es\",\"potentialAction\":[{\"@type\":\"ReadAction\",\"target\":[\"https:\\\/\\\/juntscontraelcancer.cat\\\/es\\\/22-de-septiembre-dia-mundial-de-la-leucemia-mieloide-cronica\\\/\"]}]},{\"@type\":\"ImageObject\",\"inLanguage\":\"es\",\"@id\":\"https:\\\/\\\/juntscontraelcancer.cat\\\/es\\\/22-de-septiembre-dia-mundial-de-la-leucemia-mieloide-cronica\\\/#primaryimage\",\"url\":\"https:\\\/\\\/juntscontraelcancer.cat\\\/wp-content\\\/uploads\\\/2023\\\/04\\\/1200px-LMC1.jpg\",\"contentUrl\":\"https:\\\/\\\/juntscontraelcancer.cat\\\/wp-content\\\/uploads\\\/2023\\\/04\\\/1200px-LMC1.jpg\",\"width\":1200,\"height\":896},{\"@type\":\"BreadcrumbList\",\"@id\":\"https:\\\/\\\/juntscontraelcancer.cat\\\/es\\\/22-de-septiembre-dia-mundial-de-la-leucemia-mieloide-cronica\\\/#breadcrumb\",\"itemListElement\":[{\"@type\":\"ListItem\",\"position\":1,\"name\":\"Inicio\",\"item\":\"https:\\\/\\\/juntscontraelcancer.cat\\\/es\\\/\"},{\"@type\":\"ListItem\",\"position\":2,\"name\":\"22 de septiembre, D\u00eda Mundial de la Leucemia Mieloide Cr\u00f3nica\"}]},{\"@type\":\"WebSite\",\"@id\":\"https:\\\/\\\/juntscontraelcancer.cat\\\/es\\\/#website\",\"url\":\"https:\\\/\\\/juntscontraelcancer.cat\\\/es\\\/\",\"name\":\"Junts contra el c\u00e0ncer - FECEC\",\"description\":\"\",\"publisher\":{\"@id\":\"https:\\\/\\\/juntscontraelcancer.cat\\\/es\\\/#organization\"},\"potentialAction\":[{\"@type\":\"SearchAction\",\"target\":{\"@type\":\"EntryPoint\",\"urlTemplate\":\"https:\\\/\\\/juntscontraelcancer.cat\\\/es\\\/?s={search_term_string}\"},\"query-input\":{\"@type\":\"PropertyValueSpecification\",\"valueRequired\":true,\"valueName\":\"search_term_string\"}}],\"inLanguage\":\"es\"},{\"@type\":\"Organization\",\"@id\":\"https:\\\/\\\/juntscontraelcancer.cat\\\/es\\\/#organization\",\"name\":\"Junts contra el c\u00e0ncer - FECEC\",\"url\":\"https:\\\/\\\/juntscontraelcancer.cat\\\/es\\\/\",\"logo\":{\"@type\":\"ImageObject\",\"inLanguage\":\"es\",\"@id\":\"https:\\\/\\\/juntscontraelcancer.cat\\\/es\\\/#\\\/schema\\\/logo\\\/image\\\/\",\"url\":\"https:\\\/\\\/juntscontraelcancer.cat\\\/wp-content\\\/uploads\\\/2023\\\/01\\\/logo-fecec-header.png\",\"contentUrl\":\"https:\\\/\\\/juntscontraelcancer.cat\\\/wp-content\\\/uploads\\\/2023\\\/01\\\/logo-fecec-header.png\",\"width\":126,\"height\":74,\"caption\":\"Junts contra el c\u00e0ncer - FECEC\"},\"image\":{\"@id\":\"https:\\\/\\\/juntscontraelcancer.cat\\\/es\\\/#\\\/schema\\\/logo\\\/image\\\/\"},\"sameAs\":[\"https:\\\/\\\/www.facebook.com\\\/fecec.federacio\\\/\",\"https:\\\/\\\/x.com\\\/FececFederacio\",\"https:\\\/\\\/www.instagram.com\\\/fececfederacio\\\/?hl=es\",\"https:\\\/\\\/www.youtube.com\\\/channel\\\/UCgAC_6c6hmHwMQhSCQyYBdA\"]},{\"@type\":\"Person\",\"@id\":\"https:\\\/\\\/juntscontraelcancer.cat\\\/es\\\/#\\\/schema\\\/person\\\/14c85cb9b3aeddea8f9087bea375813f\",\"name\":\"Pukkas\",\"image\":{\"@type\":\"ImageObject\",\"inLanguage\":\"es\",\"@id\":\"https:\\\/\\\/secure.gravatar.com\\\/avatar\\\/7433209641beafe57dbfd32b83f1c28fb7da2f23c98b47d02c7623ce350a0e9f?s=96&d=mm&r=g\",\"url\":\"https:\\\/\\\/secure.gravatar.com\\\/avatar\\\/7433209641beafe57dbfd32b83f1c28fb7da2f23c98b47d02c7623ce350a0e9f?s=96&d=mm&r=g\",\"contentUrl\":\"https:\\\/\\\/secure.gravatar.com\\\/avatar\\\/7433209641beafe57dbfd32b83f1c28fb7da2f23c98b47d02c7623ce350a0e9f?s=96&d=mm&r=g\",\"caption\":\"Pukkas\"},\"sameAs\":[\"https:\\\/\\\/juntscontraelcancer.cat\"]}]}<\/script>\n<!-- \/ Yoast SEO plugin. -->","yoast_head_json":{"title":"22 de septiembre, D\u00eda Mundial de la Leucemia Mieloide Cr\u00f3nica - Junts contra el c\u00e0ncer - FECEC","robots":{"index":"index","follow":"follow","max-snippet":"max-snippet:-1","max-image-preview":"max-image-preview:large","max-video-preview":"max-video-preview:-1"},"canonical":"https:\/\/juntscontraelcancer.cat\/es\/22-de-septiembre-dia-mundial-de-la-leucemia-mieloide-cronica\/","og_locale":"es_ES","og_type":"article","og_title":"22 de septiembre, D\u00eda Mundial de la Leucemia Mieloide Cr\u00f3nica - Junts contra el c\u00e0ncer - FECEC","og_description":"El 22 de septiembre se conmemora el D\u00eda Mundial de la Leucemia Mieloide Cr\u00f3nica (LMC), una enfermedad cancer\u00edgena de la m\u00e9dula \u00f3sea caracterizada por un aumento descontrolado en la producci\u00f3n de algunas de las c\u00e9lulas que esta produce. Foto: Wikipedia La\u00a0LMC\u00a0constituye en torno al 20% del total de leucemias, si bien es una enfermedad poco [...]","og_url":"https:\/\/juntscontraelcancer.cat\/es\/22-de-septiembre-dia-mundial-de-la-leucemia-mieloide-cronica\/","og_site_name":"Junts contra el c\u00e0ncer - FECEC","article_publisher":"https:\/\/www.facebook.com\/fecec.federacio\/","article_published_time":"2022-09-15T22:00:00+00:00","article_modified_time":"2023-06-12T09:51:29+00:00","og_image":[{"width":1200,"height":896,"url":"https:\/\/juntscontraelcancer.cat\/wp-content\/uploads\/2023\/04\/1200px-LMC1.jpg","type":"image\/jpeg"}],"author":"Pukkas","twitter_card":"summary_large_image","twitter_creator":"@FececFederacio","twitter_site":"@FececFederacio","twitter_misc":{"Escrito por":"Pukkas","Tiempo de lectura":"2 minutos"},"schema":{"@context":"https:\/\/schema.org","@graph":[{"@type":"Article","@id":"https:\/\/juntscontraelcancer.cat\/es\/22-de-septiembre-dia-mundial-de-la-leucemia-mieloide-cronica\/#article","isPartOf":{"@id":"https:\/\/juntscontraelcancer.cat\/es\/22-de-septiembre-dia-mundial-de-la-leucemia-mieloide-cronica\/"},"author":{"name":"Pukkas","@id":"https:\/\/juntscontraelcancer.cat\/es\/#\/schema\/person\/14c85cb9b3aeddea8f9087bea375813f"},"headline":"22 de septiembre, D\u00eda Mundial de la Leucemia Mieloide Cr\u00f3nica","datePublished":"2022-09-15T22:00:00+00:00","dateModified":"2023-06-12T09:51:29+00:00","mainEntityOfPage":{"@id":"https:\/\/juntscontraelcancer.cat\/es\/22-de-septiembre-dia-mundial-de-la-leucemia-mieloide-cronica\/"},"wordCount":495,"publisher":{"@id":"https:\/\/juntscontraelcancer.cat\/es\/#organization"},"image":{"@id":"https:\/\/juntscontraelcancer.cat\/es\/22-de-septiembre-dia-mundial-de-la-leucemia-mieloide-cronica\/#primaryimage"},"thumbnailUrl":"https:\/\/juntscontraelcancer.cat\/wp-content\/uploads\/2023\/04\/1200px-LMC1.jpg","articleSection":["Actualidad","Actualitat","Destacadas","Destacats"],"inLanguage":"es"},{"@type":"WebPage","@id":"https:\/\/juntscontraelcancer.cat\/es\/22-de-septiembre-dia-mundial-de-la-leucemia-mieloide-cronica\/","url":"https:\/\/juntscontraelcancer.cat\/es\/22-de-septiembre-dia-mundial-de-la-leucemia-mieloide-cronica\/","name":"22 de septiembre, D\u00eda Mundial de la Leucemia Mieloide Cr\u00f3nica - Junts contra el c\u00e0ncer - FECEC","isPartOf":{"@id":"https:\/\/juntscontraelcancer.cat\/es\/#website"},"primaryImageOfPage":{"@id":"https:\/\/juntscontraelcancer.cat\/es\/22-de-septiembre-dia-mundial-de-la-leucemia-mieloide-cronica\/#primaryimage"},"image":{"@id":"https:\/\/juntscontraelcancer.cat\/es\/22-de-septiembre-dia-mundial-de-la-leucemia-mieloide-cronica\/#primaryimage"},"thumbnailUrl":"https:\/\/juntscontraelcancer.cat\/wp-content\/uploads\/2023\/04\/1200px-LMC1.jpg","datePublished":"2022-09-15T22:00:00+00:00","dateModified":"2023-06-12T09:51:29+00:00","breadcrumb":{"@id":"https:\/\/juntscontraelcancer.cat\/es\/22-de-septiembre-dia-mundial-de-la-leucemia-mieloide-cronica\/#breadcrumb"},"inLanguage":"es","potentialAction":[{"@type":"ReadAction","target":["https:\/\/juntscontraelcancer.cat\/es\/22-de-septiembre-dia-mundial-de-la-leucemia-mieloide-cronica\/"]}]},{"@type":"ImageObject","inLanguage":"es","@id":"https:\/\/juntscontraelcancer.cat\/es\/22-de-septiembre-dia-mundial-de-la-leucemia-mieloide-cronica\/#primaryimage","url":"https:\/\/juntscontraelcancer.cat\/wp-content\/uploads\/2023\/04\/1200px-LMC1.jpg","contentUrl":"https:\/\/juntscontraelcancer.cat\/wp-content\/uploads\/2023\/04\/1200px-LMC1.jpg","width":1200,"height":896},{"@type":"BreadcrumbList","@id":"https:\/\/juntscontraelcancer.cat\/es\/22-de-septiembre-dia-mundial-de-la-leucemia-mieloide-cronica\/#breadcrumb","itemListElement":[{"@type":"ListItem","position":1,"name":"Inicio","item":"https:\/\/juntscontraelcancer.cat\/es\/"},{"@type":"ListItem","position":2,"name":"22 de septiembre, D\u00eda Mundial de la Leucemia Mieloide Cr\u00f3nica"}]},{"@type":"WebSite","@id":"https:\/\/juntscontraelcancer.cat\/es\/#website","url":"https:\/\/juntscontraelcancer.cat\/es\/","name":"Junts contra el c\u00e0ncer - FECEC","description":"","publisher":{"@id":"https:\/\/juntscontraelcancer.cat\/es\/#organization"},"potentialAction":[{"@type":"SearchAction","target":{"@type":"EntryPoint","urlTemplate":"https:\/\/juntscontraelcancer.cat\/es\/?s={search_term_string}"},"query-input":{"@type":"PropertyValueSpecification","valueRequired":true,"valueName":"search_term_string"}}],"inLanguage":"es"},{"@type":"Organization","@id":"https:\/\/juntscontraelcancer.cat\/es\/#organization","name":"Junts contra el c\u00e0ncer - FECEC","url":"https:\/\/juntscontraelcancer.cat\/es\/","logo":{"@type":"ImageObject","inLanguage":"es","@id":"https:\/\/juntscontraelcancer.cat\/es\/#\/schema\/logo\/image\/","url":"https:\/\/juntscontraelcancer.cat\/wp-content\/uploads\/2023\/01\/logo-fecec-header.png","contentUrl":"https:\/\/juntscontraelcancer.cat\/wp-content\/uploads\/2023\/01\/logo-fecec-header.png","width":126,"height":74,"caption":"Junts contra el c\u00e0ncer - FECEC"},"image":{"@id":"https:\/\/juntscontraelcancer.cat\/es\/#\/schema\/logo\/image\/"},"sameAs":["https:\/\/www.facebook.com\/fecec.federacio\/","https:\/\/x.com\/FececFederacio","https:\/\/www.instagram.com\/fececfederacio\/?hl=es","https:\/\/www.youtube.com\/channel\/UCgAC_6c6hmHwMQhSCQyYBdA"]},{"@type":"Person","@id":"https:\/\/juntscontraelcancer.cat\/es\/#\/schema\/person\/14c85cb9b3aeddea8f9087bea375813f","name":"Pukkas","image":{"@type":"ImageObject","inLanguage":"es","@id":"https:\/\/secure.gravatar.com\/avatar\/7433209641beafe57dbfd32b83f1c28fb7da2f23c98b47d02c7623ce350a0e9f?s=96&d=mm&r=g","url":"https:\/\/secure.gravatar.com\/avatar\/7433209641beafe57dbfd32b83f1c28fb7da2f23c98b47d02c7623ce350a0e9f?s=96&d=mm&r=g","contentUrl":"https:\/\/secure.gravatar.com\/avatar\/7433209641beafe57dbfd32b83f1c28fb7da2f23c98b47d02c7623ce350a0e9f?s=96&d=mm&r=g","caption":"Pukkas"},"sameAs":["https:\/\/juntscontraelcancer.cat"]}]}},"_links":{"self":[{"href":"https:\/\/juntscontraelcancer.cat\/es\/wp-json\/wp\/v2\/posts\/14987","targetHints":{"allow":["GET"]}}],"collection":[{"href":"https:\/\/juntscontraelcancer.cat\/es\/wp-json\/wp\/v2\/posts"}],"about":[{"href":"https:\/\/juntscontraelcancer.cat\/es\/wp-json\/wp\/v2\/types\/post"}],"author":[{"embeddable":true,"href":"https:\/\/juntscontraelcancer.cat\/es\/wp-json\/wp\/v2\/users\/1"}],"replies":[{"embeddable":true,"href":"https:\/\/juntscontraelcancer.cat\/es\/wp-json\/wp\/v2\/comments?post=14987"}],"version-history":[{"count":1,"href":"https:\/\/juntscontraelcancer.cat\/es\/wp-json\/wp\/v2\/posts\/14987\/revisions"}],"predecessor-version":[{"id":14988,"href":"https:\/\/juntscontraelcancer.cat\/es\/wp-json\/wp\/v2\/posts\/14987\/revisions\/14988"}],"wp:featuredmedia":[{"embeddable":true,"href":"https:\/\/juntscontraelcancer.cat\/es\/wp-json\/wp\/v2\/media\/13619"}],"wp:attachment":[{"href":"https:\/\/juntscontraelcancer.cat\/es\/wp-json\/wp\/v2\/media?parent=14987"}],"wp:term":[{"taxonomy":"category","embeddable":true,"href":"https:\/\/juntscontraelcancer.cat\/es\/wp-json\/wp\/v2\/categories?post=14987"},{"taxonomy":"post_tag","embeddable":true,"href":"https:\/\/juntscontraelcancer.cat\/es\/wp-json\/wp\/v2\/tags?post=14987"}],"curies":[{"name":"wp","href":"https:\/\/api.w.org\/{rel}","templated":true}]}}