{"id":14977,"date":"2022-07-28T00:00:00","date_gmt":"2022-07-27T22:00:00","guid":{"rendered":"https:\/\/junts.enproceso.es\/ya-puedes-acceder-al-webinar-jovenes-y-adolescentes-despues-del-cancer\/"},"modified":"2023-06-12T11:51:30","modified_gmt":"2023-06-12T09:51:30","slug":"ya-puedes-acceder-al-webinar-jovenes-y-adolescentes-despues-del-cancer","status":"publish","type":"post","link":"https:\/\/juntscontraelcancer.cat\/es\/ya-puedes-acceder-al-webinar-jovenes-y-adolescentes-despues-del-cancer\/","title":{"rendered":"Ya puedes acceder al webinar \u00abJ\u00f3venes y adolescentes despu\u00e9s del c\u00e1ncer\u00bb"},"content":{"rendered":"<p> <strong>En el webinar \u00abJ\u00f3venes y adolescentes despu\u00e9s del c\u00e1ncer\u00bb del pasado 24 de noviembre seis chicos y chicas, que han superado un c\u00e1ncer, nos acercaron su valioso testimonio sobre c\u00f3mo es convivir con la enfermedad en la infancia o en la adolescencia. Si te perdiste este seminario en l\u00ednea, ahora ya puedes acceder a su contenido a trav\u00e9s de nuestro canal de YouTube.<\/strong><\/p>\n<p><a href=\"https:\/\/juntscontraelcancer.cat\/wp-content\/uploads\/2023\/04\/jovenes-1-1.png\"><img loading=\"lazy\" decoding=\"async\" class=\"alignnone size-large wp-image-38936\" src=\"https:\/\/juntscontraelcancer.cat\/wp-content\/uploads\/2023\/04\/jovenes-1-1-1024x764.png\" alt=\"jovenes\" width=\"625\" height=\"466\" \/><\/a><\/p>\n<p>Son seis j\u00f3venes a quienes el c\u00e1ncer golpe\u00f3 cuando eran peque\u00f1os o adolescentes. Se trata de Roger Barrero, miembro del grupo de j\u00f3venes del AFANOC, Miriam Quintian, una de las primeras personas alojada en La Casa de los Xuklis cuando ten\u00eda 14 a\u00f1os, V\u00edctor Gonz\u00e1lez, participante en la Titan Dessert, Regina Franco, que recibi\u00f3 el diagn\u00f3stico con 11 a\u00f1os, Joan Curto, con 7, y D\u00eddac Bautista, enfermo desde los 3 a\u00f1os de leucemia y autor de \u00abLa vida fant\u00e1stica. Lecciones de vida de un ni\u00f1o con sue\u00f1os\u00bb. El seminario en l\u00ednea fue moderado por Andrea Mart\u00ed, cofundadora y presidenta de la asociaci\u00f3n <a href=\"https:\/\/www.xn--micompaerodeviaje-lxb.com\/\" rel=\"noopener\" target=\"_blank\">Mi Compa\u00f1ero de Viaje<\/a>, asociaci\u00f3n de apoyo a j\u00f3venes con c\u00e1ncer.<\/p>\n<p>Este webinar nos acerca a una realidad que a menudo pasa desapercibida y que comporta grandes aprendizajes de vida en una etapa crucial por el desarrollo del car\u00e1cter de estos chicos y chicas.<\/p>\n<p>&nbsp;<\/p>\n<p><iframe loading=\"lazy\" width=\"560\" height=\"315\" src=\"https:\/\/www.youtube.com\/embed\/sLpBcfefI6E\" title=\"YouTube video player\" frameborder=\"0\" allow=\"accelerometer; autoplay; clipboard-write; encrypted-media; gyroscope; picture-in-picture\" allowfullscreen><\/iframe><\/p>\n","protected":false},"excerpt":{"rendered":"<p>En el webinar \u00abJ\u00f3venes y adolescentes despu\u00e9s del c\u00e1ncer\u00bb del pasado 24 de noviembre seis chicos y chicas, que han superado un c\u00e1ncer, nos acercaron su valioso testimonio sobre c\u00f3mo es convivir con la enfermedad en la infancia o en la adolescencia. Si te perdiste este seminario en l\u00ednea, ahora ya puedes acceder a su [&#8230;]\n","protected":false},"author":1,"featured_media":14978,"comment_status":"closed","ping_status":"open","sticky":false,"template":"","format":"standard","meta":{"_acf_changed":false,"inline_featured_image":false,"footnotes":""},"categories":[84,3,86,68],"tags":[],"class_list":["post-14977","post","type-post","status-publish","format-standard","has-post-thumbnail","hentry","category-actualidad","category-actualitat","category-destacadas","category-destaquem"],"acf":[],"yoast_head":"<!-- This site is optimized with the Yoast SEO plugin v27.3 - https:\/\/yoast.com\/product\/yoast-seo-wordpress\/ -->\n<title>Ya puedes acceder al webinar &quot;J\u00f3venes y adolescentes despu\u00e9s del c\u00e1ncer&quot; - Junts contra el c\u00e0ncer - FECEC<\/title>\n<meta name=\"robots\" content=\"index, follow, max-snippet:-1, max-image-preview:large, max-video-preview:-1\" \/>\n<link rel=\"canonical\" href=\"https:\/\/juntscontraelcancer.cat\/es\/ya-puedes-acceder-al-webinar-jovenes-y-adolescentes-despues-del-cancer\/\" \/>\n<meta property=\"og:locale\" content=\"es_ES\" \/>\n<meta property=\"og:type\" content=\"article\" \/>\n<meta property=\"og:title\" content=\"Ya puedes acceder al webinar &quot;J\u00f3venes y adolescentes despu\u00e9s del c\u00e1ncer&quot; - Junts contra el c\u00e0ncer - FECEC\" \/>\n<meta property=\"og:description\" content=\"En el webinar \u00abJ\u00f3venes y adolescentes despu\u00e9s del c\u00e1ncer\u00bb del pasado 24 de noviembre seis chicos y chicas, que han superado un c\u00e1ncer, nos acercaron su valioso testimonio sobre c\u00f3mo es convivir con la enfermedad en la infancia o en la adolescencia. Si te perdiste este seminario en l\u00ednea, ahora ya puedes acceder a su [...]\" \/>\n<meta property=\"og:url\" content=\"https:\/\/juntscontraelcancer.cat\/es\/ya-puedes-acceder-al-webinar-jovenes-y-adolescentes-despues-del-cancer\/\" \/>\n<meta property=\"og:site_name\" content=\"Junts contra el c\u00e0ncer - FECEC\" \/>\n<meta property=\"article:publisher\" content=\"https:\/\/www.facebook.com\/fecec.federacio\/\" \/>\n<meta property=\"article:published_time\" content=\"2022-07-27T22:00:00+00:00\" \/>\n<meta property=\"article:modified_time\" content=\"2023-06-12T09:51:30+00:00\" \/>\n<meta property=\"og:image\" content=\"https:\/\/juntscontraelcancer.cat\/wp-content\/uploads\/2023\/04\/jovenes-1-1.png\" \/>\n\t<meta property=\"og:image:width\" content=\"1195\" \/>\n\t<meta property=\"og:image:height\" content=\"892\" \/>\n\t<meta property=\"og:image:type\" content=\"image\/png\" \/>\n<meta name=\"author\" content=\"Pukkas\" \/>\n<meta name=\"twitter:card\" content=\"summary_large_image\" \/>\n<meta name=\"twitter:creator\" content=\"@FececFederacio\" \/>\n<meta name=\"twitter:site\" content=\"@FececFederacio\" \/>\n<meta name=\"twitter:label1\" content=\"Escrito por\" \/>\n\t<meta name=\"twitter:data1\" content=\"Pukkas\" \/>\n\t<meta name=\"twitter:label2\" content=\"Tiempo de lectura\" \/>\n\t<meta name=\"twitter:data2\" content=\"1 minuto\" \/>\n<script type=\"application\/ld+json\" class=\"yoast-schema-graph\">{\"@context\":\"https:\\\/\\\/schema.org\",\"@graph\":[{\"@type\":\"Article\",\"@id\":\"https:\\\/\\\/juntscontraelcancer.cat\\\/es\\\/ya-puedes-acceder-al-webinar-jovenes-y-adolescentes-despues-del-cancer\\\/#article\",\"isPartOf\":{\"@id\":\"https:\\\/\\\/juntscontraelcancer.cat\\\/es\\\/ya-puedes-acceder-al-webinar-jovenes-y-adolescentes-despues-del-cancer\\\/\"},\"author\":{\"name\":\"Pukkas\",\"@id\":\"https:\\\/\\\/juntscontraelcancer.cat\\\/es\\\/#\\\/schema\\\/person\\\/14c85cb9b3aeddea8f9087bea375813f\"},\"headline\":\"Ya puedes acceder al webinar \u00abJ\u00f3venes y adolescentes despu\u00e9s del c\u00e1ncer\u00bb\",\"datePublished\":\"2022-07-27T22:00:00+00:00\",\"dateModified\":\"2023-06-12T09:51:30+00:00\",\"mainEntityOfPage\":{\"@id\":\"https:\\\/\\\/juntscontraelcancer.cat\\\/es\\\/ya-puedes-acceder-al-webinar-jovenes-y-adolescentes-despues-del-cancer\\\/\"},\"wordCount\":248,\"publisher\":{\"@id\":\"https:\\\/\\\/juntscontraelcancer.cat\\\/es\\\/#organization\"},\"image\":{\"@id\":\"https:\\\/\\\/juntscontraelcancer.cat\\\/es\\\/ya-puedes-acceder-al-webinar-jovenes-y-adolescentes-despues-del-cancer\\\/#primaryimage\"},\"thumbnailUrl\":\"https:\\\/\\\/juntscontraelcancer.cat\\\/wp-content\\\/uploads\\\/2023\\\/04\\\/jovenes-1-1.png\",\"articleSection\":[\"Actualidad\",\"Actualitat\",\"Destacadas\",\"Destacats\"],\"inLanguage\":\"es\"},{\"@type\":\"WebPage\",\"@id\":\"https:\\\/\\\/juntscontraelcancer.cat\\\/es\\\/ya-puedes-acceder-al-webinar-jovenes-y-adolescentes-despues-del-cancer\\\/\",\"url\":\"https:\\\/\\\/juntscontraelcancer.cat\\\/es\\\/ya-puedes-acceder-al-webinar-jovenes-y-adolescentes-despues-del-cancer\\\/\",\"name\":\"Ya puedes acceder al webinar \\\"J\u00f3venes y adolescentes despu\u00e9s del c\u00e1ncer\\\" - Junts contra el c\u00e0ncer - FECEC\",\"isPartOf\":{\"@id\":\"https:\\\/\\\/juntscontraelcancer.cat\\\/es\\\/#website\"},\"primaryImageOfPage\":{\"@id\":\"https:\\\/\\\/juntscontraelcancer.cat\\\/es\\\/ya-puedes-acceder-al-webinar-jovenes-y-adolescentes-despues-del-cancer\\\/#primaryimage\"},\"image\":{\"@id\":\"https:\\\/\\\/juntscontraelcancer.cat\\\/es\\\/ya-puedes-acceder-al-webinar-jovenes-y-adolescentes-despues-del-cancer\\\/#primaryimage\"},\"thumbnailUrl\":\"https:\\\/\\\/juntscontraelcancer.cat\\\/wp-content\\\/uploads\\\/2023\\\/04\\\/jovenes-1-1.png\",\"datePublished\":\"2022-07-27T22:00:00+00:00\",\"dateModified\":\"2023-06-12T09:51:30+00:00\",\"breadcrumb\":{\"@id\":\"https:\\\/\\\/juntscontraelcancer.cat\\\/es\\\/ya-puedes-acceder-al-webinar-jovenes-y-adolescentes-despues-del-cancer\\\/#breadcrumb\"},\"inLanguage\":\"es\",\"potentialAction\":[{\"@type\":\"ReadAction\",\"target\":[\"https:\\\/\\\/juntscontraelcancer.cat\\\/es\\\/ya-puedes-acceder-al-webinar-jovenes-y-adolescentes-despues-del-cancer\\\/\"]}]},{\"@type\":\"ImageObject\",\"inLanguage\":\"es\",\"@id\":\"https:\\\/\\\/juntscontraelcancer.cat\\\/es\\\/ya-puedes-acceder-al-webinar-jovenes-y-adolescentes-despues-del-cancer\\\/#primaryimage\",\"url\":\"https:\\\/\\\/juntscontraelcancer.cat\\\/wp-content\\\/uploads\\\/2023\\\/04\\\/jovenes-1-1.png\",\"contentUrl\":\"https:\\\/\\\/juntscontraelcancer.cat\\\/wp-content\\\/uploads\\\/2023\\\/04\\\/jovenes-1-1.png\",\"width\":1195,\"height\":892},{\"@type\":\"BreadcrumbList\",\"@id\":\"https:\\\/\\\/juntscontraelcancer.cat\\\/es\\\/ya-puedes-acceder-al-webinar-jovenes-y-adolescentes-despues-del-cancer\\\/#breadcrumb\",\"itemListElement\":[{\"@type\":\"ListItem\",\"position\":1,\"name\":\"Inicio\",\"item\":\"https:\\\/\\\/juntscontraelcancer.cat\\\/es\\\/\"},{\"@type\":\"ListItem\",\"position\":2,\"name\":\"Ya puedes acceder al webinar \u00abJ\u00f3venes y adolescentes despu\u00e9s del c\u00e1ncer\u00bb\"}]},{\"@type\":\"WebSite\",\"@id\":\"https:\\\/\\\/juntscontraelcancer.cat\\\/es\\\/#website\",\"url\":\"https:\\\/\\\/juntscontraelcancer.cat\\\/es\\\/\",\"name\":\"Junts contra el c\u00e0ncer - FECEC\",\"description\":\"\",\"publisher\":{\"@id\":\"https:\\\/\\\/juntscontraelcancer.cat\\\/es\\\/#organization\"},\"potentialAction\":[{\"@type\":\"SearchAction\",\"target\":{\"@type\":\"EntryPoint\",\"urlTemplate\":\"https:\\\/\\\/juntscontraelcancer.cat\\\/es\\\/?s={search_term_string}\"},\"query-input\":{\"@type\":\"PropertyValueSpecification\",\"valueRequired\":true,\"valueName\":\"search_term_string\"}}],\"inLanguage\":\"es\"},{\"@type\":\"Organization\",\"@id\":\"https:\\\/\\\/juntscontraelcancer.cat\\\/es\\\/#organization\",\"name\":\"Junts contra el c\u00e0ncer - FECEC\",\"url\":\"https:\\\/\\\/juntscontraelcancer.cat\\\/es\\\/\",\"logo\":{\"@type\":\"ImageObject\",\"inLanguage\":\"es\",\"@id\":\"https:\\\/\\\/juntscontraelcancer.cat\\\/es\\\/#\\\/schema\\\/logo\\\/image\\\/\",\"url\":\"https:\\\/\\\/juntscontraelcancer.cat\\\/wp-content\\\/uploads\\\/2023\\\/01\\\/logo-fecec-header.png\",\"contentUrl\":\"https:\\\/\\\/juntscontraelcancer.cat\\\/wp-content\\\/uploads\\\/2023\\\/01\\\/logo-fecec-header.png\",\"width\":126,\"height\":74,\"caption\":\"Junts contra el c\u00e0ncer - FECEC\"},\"image\":{\"@id\":\"https:\\\/\\\/juntscontraelcancer.cat\\\/es\\\/#\\\/schema\\\/logo\\\/image\\\/\"},\"sameAs\":[\"https:\\\/\\\/www.facebook.com\\\/fecec.federacio\\\/\",\"https:\\\/\\\/x.com\\\/FececFederacio\",\"https:\\\/\\\/www.instagram.com\\\/fececfederacio\\\/?hl=es\",\"https:\\\/\\\/www.youtube.com\\\/channel\\\/UCgAC_6c6hmHwMQhSCQyYBdA\"]},{\"@type\":\"Person\",\"@id\":\"https:\\\/\\\/juntscontraelcancer.cat\\\/es\\\/#\\\/schema\\\/person\\\/14c85cb9b3aeddea8f9087bea375813f\",\"name\":\"Pukkas\",\"image\":{\"@type\":\"ImageObject\",\"inLanguage\":\"es\",\"@id\":\"https:\\\/\\\/secure.gravatar.com\\\/avatar\\\/7433209641beafe57dbfd32b83f1c28fb7da2f23c98b47d02c7623ce350a0e9f?s=96&d=mm&r=g\",\"url\":\"https:\\\/\\\/secure.gravatar.com\\\/avatar\\\/7433209641beafe57dbfd32b83f1c28fb7da2f23c98b47d02c7623ce350a0e9f?s=96&d=mm&r=g\",\"contentUrl\":\"https:\\\/\\\/secure.gravatar.com\\\/avatar\\\/7433209641beafe57dbfd32b83f1c28fb7da2f23c98b47d02c7623ce350a0e9f?s=96&d=mm&r=g\",\"caption\":\"Pukkas\"},\"sameAs\":[\"https:\\\/\\\/juntscontraelcancer.cat\"]}]}<\/script>\n<!-- \/ Yoast SEO plugin. -->","yoast_head_json":{"title":"Ya puedes acceder al webinar \"J\u00f3venes y adolescentes despu\u00e9s del c\u00e1ncer\" - Junts contra el c\u00e0ncer - FECEC","robots":{"index":"index","follow":"follow","max-snippet":"max-snippet:-1","max-image-preview":"max-image-preview:large","max-video-preview":"max-video-preview:-1"},"canonical":"https:\/\/juntscontraelcancer.cat\/es\/ya-puedes-acceder-al-webinar-jovenes-y-adolescentes-despues-del-cancer\/","og_locale":"es_ES","og_type":"article","og_title":"Ya puedes acceder al webinar \"J\u00f3venes y adolescentes despu\u00e9s del c\u00e1ncer\" - Junts contra el c\u00e0ncer - FECEC","og_description":"En el webinar \u00abJ\u00f3venes y adolescentes despu\u00e9s del c\u00e1ncer\u00bb del pasado 24 de noviembre seis chicos y chicas, que han superado un c\u00e1ncer, nos acercaron su valioso testimonio sobre c\u00f3mo es convivir con la enfermedad en la infancia o en la adolescencia. Si te perdiste este seminario en l\u00ednea, ahora ya puedes acceder a su [...]","og_url":"https:\/\/juntscontraelcancer.cat\/es\/ya-puedes-acceder-al-webinar-jovenes-y-adolescentes-despues-del-cancer\/","og_site_name":"Junts contra el c\u00e0ncer - FECEC","article_publisher":"https:\/\/www.facebook.com\/fecec.federacio\/","article_published_time":"2022-07-27T22:00:00+00:00","article_modified_time":"2023-06-12T09:51:30+00:00","og_image":[{"width":1195,"height":892,"url":"https:\/\/juntscontraelcancer.cat\/wp-content\/uploads\/2023\/04\/jovenes-1-1.png","type":"image\/png"}],"author":"Pukkas","twitter_card":"summary_large_image","twitter_creator":"@FececFederacio","twitter_site":"@FececFederacio","twitter_misc":{"Escrito por":"Pukkas","Tiempo de lectura":"1 minuto"},"schema":{"@context":"https:\/\/schema.org","@graph":[{"@type":"Article","@id":"https:\/\/juntscontraelcancer.cat\/es\/ya-puedes-acceder-al-webinar-jovenes-y-adolescentes-despues-del-cancer\/#article","isPartOf":{"@id":"https:\/\/juntscontraelcancer.cat\/es\/ya-puedes-acceder-al-webinar-jovenes-y-adolescentes-despues-del-cancer\/"},"author":{"name":"Pukkas","@id":"https:\/\/juntscontraelcancer.cat\/es\/#\/schema\/person\/14c85cb9b3aeddea8f9087bea375813f"},"headline":"Ya puedes acceder al webinar \u00abJ\u00f3venes y adolescentes despu\u00e9s del c\u00e1ncer\u00bb","datePublished":"2022-07-27T22:00:00+00:00","dateModified":"2023-06-12T09:51:30+00:00","mainEntityOfPage":{"@id":"https:\/\/juntscontraelcancer.cat\/es\/ya-puedes-acceder-al-webinar-jovenes-y-adolescentes-despues-del-cancer\/"},"wordCount":248,"publisher":{"@id":"https:\/\/juntscontraelcancer.cat\/es\/#organization"},"image":{"@id":"https:\/\/juntscontraelcancer.cat\/es\/ya-puedes-acceder-al-webinar-jovenes-y-adolescentes-despues-del-cancer\/#primaryimage"},"thumbnailUrl":"https:\/\/juntscontraelcancer.cat\/wp-content\/uploads\/2023\/04\/jovenes-1-1.png","articleSection":["Actualidad","Actualitat","Destacadas","Destacats"],"inLanguage":"es"},{"@type":"WebPage","@id":"https:\/\/juntscontraelcancer.cat\/es\/ya-puedes-acceder-al-webinar-jovenes-y-adolescentes-despues-del-cancer\/","url":"https:\/\/juntscontraelcancer.cat\/es\/ya-puedes-acceder-al-webinar-jovenes-y-adolescentes-despues-del-cancer\/","name":"Ya puedes acceder al webinar \"J\u00f3venes y adolescentes despu\u00e9s del c\u00e1ncer\" - Junts contra el c\u00e0ncer - FECEC","isPartOf":{"@id":"https:\/\/juntscontraelcancer.cat\/es\/#website"},"primaryImageOfPage":{"@id":"https:\/\/juntscontraelcancer.cat\/es\/ya-puedes-acceder-al-webinar-jovenes-y-adolescentes-despues-del-cancer\/#primaryimage"},"image":{"@id":"https:\/\/juntscontraelcancer.cat\/es\/ya-puedes-acceder-al-webinar-jovenes-y-adolescentes-despues-del-cancer\/#primaryimage"},"thumbnailUrl":"https:\/\/juntscontraelcancer.cat\/wp-content\/uploads\/2023\/04\/jovenes-1-1.png","datePublished":"2022-07-27T22:00:00+00:00","dateModified":"2023-06-12T09:51:30+00:00","breadcrumb":{"@id":"https:\/\/juntscontraelcancer.cat\/es\/ya-puedes-acceder-al-webinar-jovenes-y-adolescentes-despues-del-cancer\/#breadcrumb"},"inLanguage":"es","potentialAction":[{"@type":"ReadAction","target":["https:\/\/juntscontraelcancer.cat\/es\/ya-puedes-acceder-al-webinar-jovenes-y-adolescentes-despues-del-cancer\/"]}]},{"@type":"ImageObject","inLanguage":"es","@id":"https:\/\/juntscontraelcancer.cat\/es\/ya-puedes-acceder-al-webinar-jovenes-y-adolescentes-despues-del-cancer\/#primaryimage","url":"https:\/\/juntscontraelcancer.cat\/wp-content\/uploads\/2023\/04\/jovenes-1-1.png","contentUrl":"https:\/\/juntscontraelcancer.cat\/wp-content\/uploads\/2023\/04\/jovenes-1-1.png","width":1195,"height":892},{"@type":"BreadcrumbList","@id":"https:\/\/juntscontraelcancer.cat\/es\/ya-puedes-acceder-al-webinar-jovenes-y-adolescentes-despues-del-cancer\/#breadcrumb","itemListElement":[{"@type":"ListItem","position":1,"name":"Inicio","item":"https:\/\/juntscontraelcancer.cat\/es\/"},{"@type":"ListItem","position":2,"name":"Ya puedes acceder al webinar \u00abJ\u00f3venes y adolescentes despu\u00e9s del c\u00e1ncer\u00bb"}]},{"@type":"WebSite","@id":"https:\/\/juntscontraelcancer.cat\/es\/#website","url":"https:\/\/juntscontraelcancer.cat\/es\/","name":"Junts contra el c\u00e0ncer - FECEC","description":"","publisher":{"@id":"https:\/\/juntscontraelcancer.cat\/es\/#organization"},"potentialAction":[{"@type":"SearchAction","target":{"@type":"EntryPoint","urlTemplate":"https:\/\/juntscontraelcancer.cat\/es\/?s={search_term_string}"},"query-input":{"@type":"PropertyValueSpecification","valueRequired":true,"valueName":"search_term_string"}}],"inLanguage":"es"},{"@type":"Organization","@id":"https:\/\/juntscontraelcancer.cat\/es\/#organization","name":"Junts contra el c\u00e0ncer - FECEC","url":"https:\/\/juntscontraelcancer.cat\/es\/","logo":{"@type":"ImageObject","inLanguage":"es","@id":"https:\/\/juntscontraelcancer.cat\/es\/#\/schema\/logo\/image\/","url":"https:\/\/juntscontraelcancer.cat\/wp-content\/uploads\/2023\/01\/logo-fecec-header.png","contentUrl":"https:\/\/juntscontraelcancer.cat\/wp-content\/uploads\/2023\/01\/logo-fecec-header.png","width":126,"height":74,"caption":"Junts contra el c\u00e0ncer - FECEC"},"image":{"@id":"https:\/\/juntscontraelcancer.cat\/es\/#\/schema\/logo\/image\/"},"sameAs":["https:\/\/www.facebook.com\/fecec.federacio\/","https:\/\/x.com\/FececFederacio","https:\/\/www.instagram.com\/fececfederacio\/?hl=es","https:\/\/www.youtube.com\/channel\/UCgAC_6c6hmHwMQhSCQyYBdA"]},{"@type":"Person","@id":"https:\/\/juntscontraelcancer.cat\/es\/#\/schema\/person\/14c85cb9b3aeddea8f9087bea375813f","name":"Pukkas","image":{"@type":"ImageObject","inLanguage":"es","@id":"https:\/\/secure.gravatar.com\/avatar\/7433209641beafe57dbfd32b83f1c28fb7da2f23c98b47d02c7623ce350a0e9f?s=96&d=mm&r=g","url":"https:\/\/secure.gravatar.com\/avatar\/7433209641beafe57dbfd32b83f1c28fb7da2f23c98b47d02c7623ce350a0e9f?s=96&d=mm&r=g","contentUrl":"https:\/\/secure.gravatar.com\/avatar\/7433209641beafe57dbfd32b83f1c28fb7da2f23c98b47d02c7623ce350a0e9f?s=96&d=mm&r=g","caption":"Pukkas"},"sameAs":["https:\/\/juntscontraelcancer.cat"]}]}},"_links":{"self":[{"href":"https:\/\/juntscontraelcancer.cat\/es\/wp-json\/wp\/v2\/posts\/14977","targetHints":{"allow":["GET"]}}],"collection":[{"href":"https:\/\/juntscontraelcancer.cat\/es\/wp-json\/wp\/v2\/posts"}],"about":[{"href":"https:\/\/juntscontraelcancer.cat\/es\/wp-json\/wp\/v2\/types\/post"}],"author":[{"embeddable":true,"href":"https:\/\/juntscontraelcancer.cat\/es\/wp-json\/wp\/v2\/users\/1"}],"replies":[{"embeddable":true,"href":"https:\/\/juntscontraelcancer.cat\/es\/wp-json\/wp\/v2\/comments?post=14977"}],"version-history":[{"count":1,"href":"https:\/\/juntscontraelcancer.cat\/es\/wp-json\/wp\/v2\/posts\/14977\/revisions"}],"predecessor-version":[{"id":14979,"href":"https:\/\/juntscontraelcancer.cat\/es\/wp-json\/wp\/v2\/posts\/14977\/revisions\/14979"}],"wp:featuredmedia":[{"embeddable":true,"href":"https:\/\/juntscontraelcancer.cat\/es\/wp-json\/wp\/v2\/media\/14978"}],"wp:attachment":[{"href":"https:\/\/juntscontraelcancer.cat\/es\/wp-json\/wp\/v2\/media?parent=14977"}],"wp:term":[{"taxonomy":"category","embeddable":true,"href":"https:\/\/juntscontraelcancer.cat\/es\/wp-json\/wp\/v2\/categories?post=14977"},{"taxonomy":"post_tag","embeddable":true,"href":"https:\/\/juntscontraelcancer.cat\/es\/wp-json\/wp\/v2\/tags?post=14977"}],"curies":[{"name":"wp","href":"https:\/\/api.w.org\/{rel}","templated":true}]}}