{"id":14951,"date":"2022-06-01T00:00:00","date_gmt":"2022-05-31T22:00:00","guid":{"rendered":"https:\/\/junts.enproceso.es\/el-derecho-a-morir-dignamente\/"},"modified":"2023-06-12T11:51:32","modified_gmt":"2023-06-12T09:51:32","slug":"el-derecho-a-morir-dignamente","status":"publish","type":"post","link":"https:\/\/juntscontraelcancer.cat\/es\/el-derecho-a-morir-dignamente\/","title":{"rendered":"El derecho a morir dignamente"},"content":{"rendered":"<p> La <strong>Asociaci\u00f3n Derecho a Morir Dignamente (DMD)<\/strong> es una entidad sin \u00e1nimo de lucro, fundada en 1984, que lucha porque el final de vida de las personas sea de acuerdo con sus valores, prioridades y preferencias. DMD ha trabajado, desde su fundaci\u00f3n, para mejorar la capacidad de las personas de <strong>decidir libremente en la etapa de final de vida<\/strong>.<\/p>\n<p>  Defiende la libertad de toda persona para decidir el momento y la manera de finalizar su vida, especialmente cuando se sufre un <strong>deterioro irreversible<\/strong> y un <strong>sufrimiento insoportable<\/strong>.<\/p>\n<p>Cuando hablamos de morir dignamente, nos referimos al<strong> derecho a morir de acuerdo con los valores, prioridades y preferencias de cada persona<\/strong>. Nos referimos a la dignidad como un concepto subjetivo, directamente ligado a la <strong>autonom\u00eda personal<\/strong> y a la<strong> libertad individual<\/strong>.<\/p>\n<p><a href=\"https:\/\/juntscontraelcancer.cat\/wp-content\/uploads\/2023\/04\/doctor-and-patient-2-scaled.jpg\"><img loading=\"lazy\" decoding=\"async\" class=\"size-medium wp-image-38719\" src=\"https:\/\/juntscontraelcancer.cat\/wp-content\/uploads\/2023\/04\/doctor-and-patient-2-scaled.jpg\" alt=\"Doctor and patient.\" width=\"300\" height=\"200\" \/><\/a> <\/p>\n<p> Los conceptos de morir dignamente y dignidad son el motivo por el cual defendemos y proclaman el valor del <strong>Documento de Voluntades Anticipadas (DVA)<\/strong>, mediante el cual disponemos de un mecanismo para dejar, de forma previa y con validez legal, el listado de valores que cada persona considere inherente en una vida humana \u201cvaliosa y digno de ser vivida\u201d.[\/caption]\n<p>Estos conceptos son el pre\u00e1mbulo para hacer de cada DVA, un documento \u00fanico y personalizado. El documento de voluntades anticipadas permite, de forma similar al testamento de bienes, dejar constancia de nuestros valores y ayudar en momentos dif\u00edciles a facilitar las decisiones tanto a nuestros familiares como el equipo sanitario.<\/p>\n<p>En los casos de demencia la importancia de este documento queda doblemente justificada, a su utilidad habitual hay que a\u00f1adir la posible p\u00e9rdida de la competencia.<\/p>\n<p>El DVA es un buen instrumento para:<\/p>\n<ul>\n<li>Hacer el DVA nos beneficiar\u00e1 a nosotros porque nos da tranquilidad y la percepci\u00f3n de mantener un control sobre nuestro final de vida.<\/li>\n<li>Iniciar un di\u00e1logo con nuestros seres queridos, explicando lo por qu\u00e9, el como, el cuando y donde nos gustar\u00eda morir.<\/li>\n<li>Explicar y confiar en nuestro equipo sanitario, sea de la sanidad p\u00fablica y\/o privado. Ayudar\u00e1 en el trabajo y la salud emocional de estos profesionales.<\/li>\n<\/ul>\n<p>Todo ello nos tendr\u00e1 que ayudar, a nosotros, a afrontar la muerte, cuando llegue, de una manera m\u00e1s pausada, puesto que los aspectos de decisi\u00f3n y comunicaci\u00f3n de nuestras voluntades ya estar\u00e1n muy documentados.<\/p>\n<p><em><strong>Contin\u00faa leyendo en el<a href=\"https:\/\/www.juntscontraelcancer.cat\/blog\/\" target=\"_blank\" rel=\"noopener\"> blog<\/a><\/strong><\/em><\/p>\n<p><!--more--><\/p>\n<p>Art\u00edculo escrito por: <strong><em>Gl\u00f2ria Cantarell, presidenta DMD Catalu\u00f1a, y Montserrat Colominas, grupo salud DMD Catalu\u00f1a<\/em><\/strong><\/p>\n","protected":false},"excerpt":{"rendered":"<p>La Asociaci\u00f3n Derecho a Morir Dignamente (DMD) es una entidad sin \u00e1nimo de lucro, fundada en 1984, que lucha porque el final de vida de las personas sea de acuerdo con sus valores, prioridades y preferencias. DMD ha trabajado, desde su fundaci\u00f3n, para mejorar la capacidad de las personas de decidir libremente en la etapa [&#8230;]\n","protected":false},"author":1,"featured_media":14954,"comment_status":"closed","ping_status":"open","sticky":false,"template":"","format":"standard","meta":{"_acf_changed":false,"inline_featured_image":false,"footnotes":""},"categories":[84,3,86,68],"tags":[],"class_list":["post-14951","post","type-post","status-publish","format-standard","has-post-thumbnail","hentry","category-actualidad","category-actualitat","category-destacadas","category-destaquem"],"acf":[],"yoast_head":"<!-- This site is optimized with the Yoast SEO plugin v27.3 - https:\/\/yoast.com\/product\/yoast-seo-wordpress\/ -->\n<title>El derecho a morir dignamente - Junts contra el c\u00e0ncer - FECEC<\/title>\n<meta name=\"robots\" content=\"index, follow, max-snippet:-1, max-image-preview:large, max-video-preview:-1\" \/>\n<link rel=\"canonical\" href=\"https:\/\/juntscontraelcancer.cat\/es\/el-derecho-a-morir-dignamente\/\" \/>\n<meta property=\"og:locale\" content=\"es_ES\" \/>\n<meta property=\"og:type\" content=\"article\" \/>\n<meta property=\"og:title\" content=\"El derecho a morir dignamente - Junts contra el c\u00e0ncer - FECEC\" \/>\n<meta property=\"og:description\" content=\"La Asociaci\u00f3n Derecho a Morir Dignamente (DMD) es una entidad sin \u00e1nimo de lucro, fundada en 1984, que lucha porque el final de vida de las personas sea de acuerdo con sus valores, prioridades y preferencias. DMD ha trabajado, desde su fundaci\u00f3n, para mejorar la capacidad de las personas de decidir libremente en la etapa [...]\" \/>\n<meta property=\"og:url\" content=\"https:\/\/juntscontraelcancer.cat\/es\/el-derecho-a-morir-dignamente\/\" \/>\n<meta property=\"og:site_name\" content=\"Junts contra el c\u00e0ncer - FECEC\" \/>\n<meta property=\"article:publisher\" content=\"https:\/\/www.facebook.com\/fecec.federacio\/\" \/>\n<meta property=\"article:published_time\" content=\"2022-05-31T22:00:00+00:00\" \/>\n<meta property=\"article:modified_time\" content=\"2023-06-12T09:51:32+00:00\" \/>\n<meta property=\"og:image\" content=\"https:\/\/juntscontraelcancer.cat\/wp-content\/uploads\/2023\/04\/doctor-and-patient-1-scaled.jpg\" \/>\n\t<meta property=\"og:image:width\" content=\"2560\" \/>\n\t<meta property=\"og:image:height\" content=\"1707\" \/>\n\t<meta property=\"og:image:type\" content=\"image\/jpeg\" \/>\n<meta name=\"author\" content=\"Pukkas\" \/>\n<meta name=\"twitter:card\" content=\"summary_large_image\" \/>\n<meta name=\"twitter:creator\" content=\"@FececFederacio\" \/>\n<meta name=\"twitter:site\" content=\"@FececFederacio\" \/>\n<meta name=\"twitter:label1\" content=\"Escrito por\" \/>\n\t<meta name=\"twitter:data1\" content=\"Pukkas\" \/>\n\t<meta name=\"twitter:label2\" content=\"Tiempo de lectura\" \/>\n\t<meta name=\"twitter:data2\" content=\"2 minutos\" \/>\n<script type=\"application\/ld+json\" class=\"yoast-schema-graph\">{\"@context\":\"https:\\\/\\\/schema.org\",\"@graph\":[{\"@type\":\"Article\",\"@id\":\"https:\\\/\\\/juntscontraelcancer.cat\\\/es\\\/el-derecho-a-morir-dignamente\\\/#article\",\"isPartOf\":{\"@id\":\"https:\\\/\\\/juntscontraelcancer.cat\\\/es\\\/el-derecho-a-morir-dignamente\\\/\"},\"author\":{\"name\":\"Pukkas\",\"@id\":\"https:\\\/\\\/juntscontraelcancer.cat\\\/es\\\/#\\\/schema\\\/person\\\/14c85cb9b3aeddea8f9087bea375813f\"},\"headline\":\"El derecho a morir dignamente\",\"datePublished\":\"2022-05-31T22:00:00+00:00\",\"dateModified\":\"2023-06-12T09:51:32+00:00\",\"mainEntityOfPage\":{\"@id\":\"https:\\\/\\\/juntscontraelcancer.cat\\\/es\\\/el-derecho-a-morir-dignamente\\\/\"},\"wordCount\":419,\"publisher\":{\"@id\":\"https:\\\/\\\/juntscontraelcancer.cat\\\/es\\\/#organization\"},\"image\":{\"@id\":\"https:\\\/\\\/juntscontraelcancer.cat\\\/es\\\/el-derecho-a-morir-dignamente\\\/#primaryimage\"},\"thumbnailUrl\":\"https:\\\/\\\/juntscontraelcancer.cat\\\/wp-content\\\/uploads\\\/2023\\\/04\\\/doctor-and-patient-1-scaled.jpg\",\"articleSection\":[\"Actualidad\",\"Actualitat\",\"Destacadas\",\"Destacats\"],\"inLanguage\":\"es\"},{\"@type\":\"WebPage\",\"@id\":\"https:\\\/\\\/juntscontraelcancer.cat\\\/es\\\/el-derecho-a-morir-dignamente\\\/\",\"url\":\"https:\\\/\\\/juntscontraelcancer.cat\\\/es\\\/el-derecho-a-morir-dignamente\\\/\",\"name\":\"El derecho a morir dignamente - Junts contra el c\u00e0ncer - FECEC\",\"isPartOf\":{\"@id\":\"https:\\\/\\\/juntscontraelcancer.cat\\\/es\\\/#website\"},\"primaryImageOfPage\":{\"@id\":\"https:\\\/\\\/juntscontraelcancer.cat\\\/es\\\/el-derecho-a-morir-dignamente\\\/#primaryimage\"},\"image\":{\"@id\":\"https:\\\/\\\/juntscontraelcancer.cat\\\/es\\\/el-derecho-a-morir-dignamente\\\/#primaryimage\"},\"thumbnailUrl\":\"https:\\\/\\\/juntscontraelcancer.cat\\\/wp-content\\\/uploads\\\/2023\\\/04\\\/doctor-and-patient-1-scaled.jpg\",\"datePublished\":\"2022-05-31T22:00:00+00:00\",\"dateModified\":\"2023-06-12T09:51:32+00:00\",\"breadcrumb\":{\"@id\":\"https:\\\/\\\/juntscontraelcancer.cat\\\/es\\\/el-derecho-a-morir-dignamente\\\/#breadcrumb\"},\"inLanguage\":\"es\",\"potentialAction\":[{\"@type\":\"ReadAction\",\"target\":[\"https:\\\/\\\/juntscontraelcancer.cat\\\/es\\\/el-derecho-a-morir-dignamente\\\/\"]}]},{\"@type\":\"ImageObject\",\"inLanguage\":\"es\",\"@id\":\"https:\\\/\\\/juntscontraelcancer.cat\\\/es\\\/el-derecho-a-morir-dignamente\\\/#primaryimage\",\"url\":\"https:\\\/\\\/juntscontraelcancer.cat\\\/wp-content\\\/uploads\\\/2023\\\/04\\\/doctor-and-patient-1-scaled.jpg\",\"contentUrl\":\"https:\\\/\\\/juntscontraelcancer.cat\\\/wp-content\\\/uploads\\\/2023\\\/04\\\/doctor-and-patient-1-scaled.jpg\",\"width\":2560,\"height\":1707},{\"@type\":\"BreadcrumbList\",\"@id\":\"https:\\\/\\\/juntscontraelcancer.cat\\\/es\\\/el-derecho-a-morir-dignamente\\\/#breadcrumb\",\"itemListElement\":[{\"@type\":\"ListItem\",\"position\":1,\"name\":\"Inicio\",\"item\":\"https:\\\/\\\/juntscontraelcancer.cat\\\/es\\\/\"},{\"@type\":\"ListItem\",\"position\":2,\"name\":\"El derecho a morir dignamente\"}]},{\"@type\":\"WebSite\",\"@id\":\"https:\\\/\\\/juntscontraelcancer.cat\\\/es\\\/#website\",\"url\":\"https:\\\/\\\/juntscontraelcancer.cat\\\/es\\\/\",\"name\":\"Junts contra el c\u00e0ncer - FECEC\",\"description\":\"\",\"publisher\":{\"@id\":\"https:\\\/\\\/juntscontraelcancer.cat\\\/es\\\/#organization\"},\"potentialAction\":[{\"@type\":\"SearchAction\",\"target\":{\"@type\":\"EntryPoint\",\"urlTemplate\":\"https:\\\/\\\/juntscontraelcancer.cat\\\/es\\\/?s={search_term_string}\"},\"query-input\":{\"@type\":\"PropertyValueSpecification\",\"valueRequired\":true,\"valueName\":\"search_term_string\"}}],\"inLanguage\":\"es\"},{\"@type\":\"Organization\",\"@id\":\"https:\\\/\\\/juntscontraelcancer.cat\\\/es\\\/#organization\",\"name\":\"Junts contra el c\u00e0ncer - FECEC\",\"url\":\"https:\\\/\\\/juntscontraelcancer.cat\\\/es\\\/\",\"logo\":{\"@type\":\"ImageObject\",\"inLanguage\":\"es\",\"@id\":\"https:\\\/\\\/juntscontraelcancer.cat\\\/es\\\/#\\\/schema\\\/logo\\\/image\\\/\",\"url\":\"https:\\\/\\\/juntscontraelcancer.cat\\\/wp-content\\\/uploads\\\/2023\\\/01\\\/logo-fecec-header.png\",\"contentUrl\":\"https:\\\/\\\/juntscontraelcancer.cat\\\/wp-content\\\/uploads\\\/2023\\\/01\\\/logo-fecec-header.png\",\"width\":126,\"height\":74,\"caption\":\"Junts contra el c\u00e0ncer - FECEC\"},\"image\":{\"@id\":\"https:\\\/\\\/juntscontraelcancer.cat\\\/es\\\/#\\\/schema\\\/logo\\\/image\\\/\"},\"sameAs\":[\"https:\\\/\\\/www.facebook.com\\\/fecec.federacio\\\/\",\"https:\\\/\\\/x.com\\\/FececFederacio\",\"https:\\\/\\\/www.instagram.com\\\/fececfederacio\\\/?hl=es\",\"https:\\\/\\\/www.youtube.com\\\/channel\\\/UCgAC_6c6hmHwMQhSCQyYBdA\"]},{\"@type\":\"Person\",\"@id\":\"https:\\\/\\\/juntscontraelcancer.cat\\\/es\\\/#\\\/schema\\\/person\\\/14c85cb9b3aeddea8f9087bea375813f\",\"name\":\"Pukkas\",\"image\":{\"@type\":\"ImageObject\",\"inLanguage\":\"es\",\"@id\":\"https:\\\/\\\/secure.gravatar.com\\\/avatar\\\/7433209641beafe57dbfd32b83f1c28fb7da2f23c98b47d02c7623ce350a0e9f?s=96&d=mm&r=g\",\"url\":\"https:\\\/\\\/secure.gravatar.com\\\/avatar\\\/7433209641beafe57dbfd32b83f1c28fb7da2f23c98b47d02c7623ce350a0e9f?s=96&d=mm&r=g\",\"contentUrl\":\"https:\\\/\\\/secure.gravatar.com\\\/avatar\\\/7433209641beafe57dbfd32b83f1c28fb7da2f23c98b47d02c7623ce350a0e9f?s=96&d=mm&r=g\",\"caption\":\"Pukkas\"},\"sameAs\":[\"https:\\\/\\\/juntscontraelcancer.cat\"]}]}<\/script>\n<!-- \/ Yoast SEO plugin. -->","yoast_head_json":{"title":"El derecho a morir dignamente - Junts contra el c\u00e0ncer - FECEC","robots":{"index":"index","follow":"follow","max-snippet":"max-snippet:-1","max-image-preview":"max-image-preview:large","max-video-preview":"max-video-preview:-1"},"canonical":"https:\/\/juntscontraelcancer.cat\/es\/el-derecho-a-morir-dignamente\/","og_locale":"es_ES","og_type":"article","og_title":"El derecho a morir dignamente - Junts contra el c\u00e0ncer - FECEC","og_description":"La Asociaci\u00f3n Derecho a Morir Dignamente (DMD) es una entidad sin \u00e1nimo de lucro, fundada en 1984, que lucha porque el final de vida de las personas sea de acuerdo con sus valores, prioridades y preferencias. DMD ha trabajado, desde su fundaci\u00f3n, para mejorar la capacidad de las personas de decidir libremente en la etapa [...]","og_url":"https:\/\/juntscontraelcancer.cat\/es\/el-derecho-a-morir-dignamente\/","og_site_name":"Junts contra el c\u00e0ncer - FECEC","article_publisher":"https:\/\/www.facebook.com\/fecec.federacio\/","article_published_time":"2022-05-31T22:00:00+00:00","article_modified_time":"2023-06-12T09:51:32+00:00","og_image":[{"width":2560,"height":1707,"url":"https:\/\/juntscontraelcancer.cat\/wp-content\/uploads\/2023\/04\/doctor-and-patient-1-scaled.jpg","type":"image\/jpeg"}],"author":"Pukkas","twitter_card":"summary_large_image","twitter_creator":"@FececFederacio","twitter_site":"@FececFederacio","twitter_misc":{"Escrito por":"Pukkas","Tiempo de lectura":"2 minutos"},"schema":{"@context":"https:\/\/schema.org","@graph":[{"@type":"Article","@id":"https:\/\/juntscontraelcancer.cat\/es\/el-derecho-a-morir-dignamente\/#article","isPartOf":{"@id":"https:\/\/juntscontraelcancer.cat\/es\/el-derecho-a-morir-dignamente\/"},"author":{"name":"Pukkas","@id":"https:\/\/juntscontraelcancer.cat\/es\/#\/schema\/person\/14c85cb9b3aeddea8f9087bea375813f"},"headline":"El derecho a morir dignamente","datePublished":"2022-05-31T22:00:00+00:00","dateModified":"2023-06-12T09:51:32+00:00","mainEntityOfPage":{"@id":"https:\/\/juntscontraelcancer.cat\/es\/el-derecho-a-morir-dignamente\/"},"wordCount":419,"publisher":{"@id":"https:\/\/juntscontraelcancer.cat\/es\/#organization"},"image":{"@id":"https:\/\/juntscontraelcancer.cat\/es\/el-derecho-a-morir-dignamente\/#primaryimage"},"thumbnailUrl":"https:\/\/juntscontraelcancer.cat\/wp-content\/uploads\/2023\/04\/doctor-and-patient-1-scaled.jpg","articleSection":["Actualidad","Actualitat","Destacadas","Destacats"],"inLanguage":"es"},{"@type":"WebPage","@id":"https:\/\/juntscontraelcancer.cat\/es\/el-derecho-a-morir-dignamente\/","url":"https:\/\/juntscontraelcancer.cat\/es\/el-derecho-a-morir-dignamente\/","name":"El derecho a morir dignamente - Junts contra el c\u00e0ncer - FECEC","isPartOf":{"@id":"https:\/\/juntscontraelcancer.cat\/es\/#website"},"primaryImageOfPage":{"@id":"https:\/\/juntscontraelcancer.cat\/es\/el-derecho-a-morir-dignamente\/#primaryimage"},"image":{"@id":"https:\/\/juntscontraelcancer.cat\/es\/el-derecho-a-morir-dignamente\/#primaryimage"},"thumbnailUrl":"https:\/\/juntscontraelcancer.cat\/wp-content\/uploads\/2023\/04\/doctor-and-patient-1-scaled.jpg","datePublished":"2022-05-31T22:00:00+00:00","dateModified":"2023-06-12T09:51:32+00:00","breadcrumb":{"@id":"https:\/\/juntscontraelcancer.cat\/es\/el-derecho-a-morir-dignamente\/#breadcrumb"},"inLanguage":"es","potentialAction":[{"@type":"ReadAction","target":["https:\/\/juntscontraelcancer.cat\/es\/el-derecho-a-morir-dignamente\/"]}]},{"@type":"ImageObject","inLanguage":"es","@id":"https:\/\/juntscontraelcancer.cat\/es\/el-derecho-a-morir-dignamente\/#primaryimage","url":"https:\/\/juntscontraelcancer.cat\/wp-content\/uploads\/2023\/04\/doctor-and-patient-1-scaled.jpg","contentUrl":"https:\/\/juntscontraelcancer.cat\/wp-content\/uploads\/2023\/04\/doctor-and-patient-1-scaled.jpg","width":2560,"height":1707},{"@type":"BreadcrumbList","@id":"https:\/\/juntscontraelcancer.cat\/es\/el-derecho-a-morir-dignamente\/#breadcrumb","itemListElement":[{"@type":"ListItem","position":1,"name":"Inicio","item":"https:\/\/juntscontraelcancer.cat\/es\/"},{"@type":"ListItem","position":2,"name":"El derecho a morir dignamente"}]},{"@type":"WebSite","@id":"https:\/\/juntscontraelcancer.cat\/es\/#website","url":"https:\/\/juntscontraelcancer.cat\/es\/","name":"Junts contra el c\u00e0ncer - FECEC","description":"","publisher":{"@id":"https:\/\/juntscontraelcancer.cat\/es\/#organization"},"potentialAction":[{"@type":"SearchAction","target":{"@type":"EntryPoint","urlTemplate":"https:\/\/juntscontraelcancer.cat\/es\/?s={search_term_string}"},"query-input":{"@type":"PropertyValueSpecification","valueRequired":true,"valueName":"search_term_string"}}],"inLanguage":"es"},{"@type":"Organization","@id":"https:\/\/juntscontraelcancer.cat\/es\/#organization","name":"Junts contra el c\u00e0ncer - FECEC","url":"https:\/\/juntscontraelcancer.cat\/es\/","logo":{"@type":"ImageObject","inLanguage":"es","@id":"https:\/\/juntscontraelcancer.cat\/es\/#\/schema\/logo\/image\/","url":"https:\/\/juntscontraelcancer.cat\/wp-content\/uploads\/2023\/01\/logo-fecec-header.png","contentUrl":"https:\/\/juntscontraelcancer.cat\/wp-content\/uploads\/2023\/01\/logo-fecec-header.png","width":126,"height":74,"caption":"Junts contra el c\u00e0ncer - FECEC"},"image":{"@id":"https:\/\/juntscontraelcancer.cat\/es\/#\/schema\/logo\/image\/"},"sameAs":["https:\/\/www.facebook.com\/fecec.federacio\/","https:\/\/x.com\/FececFederacio","https:\/\/www.instagram.com\/fececfederacio\/?hl=es","https:\/\/www.youtube.com\/channel\/UCgAC_6c6hmHwMQhSCQyYBdA"]},{"@type":"Person","@id":"https:\/\/juntscontraelcancer.cat\/es\/#\/schema\/person\/14c85cb9b3aeddea8f9087bea375813f","name":"Pukkas","image":{"@type":"ImageObject","inLanguage":"es","@id":"https:\/\/secure.gravatar.com\/avatar\/7433209641beafe57dbfd32b83f1c28fb7da2f23c98b47d02c7623ce350a0e9f?s=96&d=mm&r=g","url":"https:\/\/secure.gravatar.com\/avatar\/7433209641beafe57dbfd32b83f1c28fb7da2f23c98b47d02c7623ce350a0e9f?s=96&d=mm&r=g","contentUrl":"https:\/\/secure.gravatar.com\/avatar\/7433209641beafe57dbfd32b83f1c28fb7da2f23c98b47d02c7623ce350a0e9f?s=96&d=mm&r=g","caption":"Pukkas"},"sameAs":["https:\/\/juntscontraelcancer.cat"]}]}},"_links":{"self":[{"href":"https:\/\/juntscontraelcancer.cat\/es\/wp-json\/wp\/v2\/posts\/14951","targetHints":{"allow":["GET"]}}],"collection":[{"href":"https:\/\/juntscontraelcancer.cat\/es\/wp-json\/wp\/v2\/posts"}],"about":[{"href":"https:\/\/juntscontraelcancer.cat\/es\/wp-json\/wp\/v2\/types\/post"}],"author":[{"embeddable":true,"href":"https:\/\/juntscontraelcancer.cat\/es\/wp-json\/wp\/v2\/users\/1"}],"replies":[{"embeddable":true,"href":"https:\/\/juntscontraelcancer.cat\/es\/wp-json\/wp\/v2\/comments?post=14951"}],"version-history":[{"count":1,"href":"https:\/\/juntscontraelcancer.cat\/es\/wp-json\/wp\/v2\/posts\/14951\/revisions"}],"predecessor-version":[{"id":14953,"href":"https:\/\/juntscontraelcancer.cat\/es\/wp-json\/wp\/v2\/posts\/14951\/revisions\/14953"}],"wp:featuredmedia":[{"embeddable":true,"href":"https:\/\/juntscontraelcancer.cat\/es\/wp-json\/wp\/v2\/media\/14954"}],"wp:attachment":[{"href":"https:\/\/juntscontraelcancer.cat\/es\/wp-json\/wp\/v2\/media?parent=14951"}],"wp:term":[{"taxonomy":"category","embeddable":true,"href":"https:\/\/juntscontraelcancer.cat\/es\/wp-json\/wp\/v2\/categories?post=14951"},{"taxonomy":"post_tag","embeddable":true,"href":"https:\/\/juntscontraelcancer.cat\/es\/wp-json\/wp\/v2\/tags?post=14951"}],"curies":[{"name":"wp","href":"https:\/\/api.w.org\/{rel}","templated":true}]}}