{"id":14936,"date":"2022-05-01T00:00:00","date_gmt":"2022-04-30T22:00:00","guid":{"rendered":"https:\/\/junts.enproceso.es\/28-de-mayo-xviii-encuentro-de-voluntariado-en-el-ambito-oncologico\/"},"modified":"2023-06-12T11:51:33","modified_gmt":"2023-06-12T09:51:33","slug":"28-de-mayo-xviii-encuentro-de-voluntariado-en-el-ambito-oncologico","status":"publish","type":"post","link":"https:\/\/juntscontraelcancer.cat\/es\/28-de-mayo-xviii-encuentro-de-voluntariado-en-el-ambito-oncologico\/","title":{"rendered":"28 de mayo: XVIII Encuentro de Voluntariado en el \u00e1mbito oncol\u00f3gico"},"content":{"rendered":"<p><strong>La XVIII edici\u00f3n del Encuentro de Voluntariado en el \u00e1mbito Oncol\u00f3gico, que organiza la Federaci\u00f3n Catalana de Entidades contra el C\u00e1ncer (FECEC), tendr\u00e1 lugar el pr\u00f3ximo 28 de mayo al campus de la Ciutadella de la Universitat Pompeu Fabra de Barcelona. El encuentro es un espacio para fortalecer el nexo de uni\u00f3n entre el voluntariado oncol\u00f3gico y reconocer su valiosa tarea solidaria.<\/strong><\/p>\n<p><a href=\"https:\/\/juntscontraelcancer.cat\/wp-content\/uploads\/2023\/04\/post-generic-trobada2-2.png\"><img loading=\"lazy\" decoding=\"async\" class=\"alignnone size-large wp-image-38593\" src=\"https:\/\/juntscontraelcancer.cat\/wp-content\/uploads\/2023\/04\/post-generic-trobada2-2-1024x1024.png\" alt=\"post gen\u00e8ric trobada2\" width=\"625\" height=\"625\" \/><\/a><\/p>\n<p>Las personas voluntarias siempre protagonizan la jornada y, por este motivo, el lema de este a\u00f1o es \u00ab<em>El protagonista eres t\u00fa. Gracias por estar<\/em>\u00ab.<\/p>\n<p>El encuentro tendr\u00e1 lugar en el campus de la Ciutadella de la Universitat Pompeu Fabra de Barcelona (calle de Ramon Trias Fargas 25-27 Barcelona).<\/p>\n<p><a href=\"https:\/\/forms.gle\/4BqDPvFW2nU4cKwbA\" target=\"_blank\" rel=\"noopener\"><strong>INSCRIPCIONES AQU\u00cd<\/strong><\/a><\/p>\n<p><strong>PROGRAMA XVIII ENCUENTRO VOLUNTARIADO\u00a0<\/strong><\/p>\n<ul>\n<li>10h Apertura de puertas<\/li>\n<li>10:15h Bienvenida. Maria Assumpci\u00f3 Vil\u00e0, presidenta de la FECEC, Francesca Dom\u00e8nech, directora general d\u2019Acci\u00f3 C\u00edvica i Comunit\u00e0ria del departament de Drets Socials de la Generalitat, Meritxell Bud\u00f3, secret\u00e0ria d&#8217;Atenci\u00f3 Sanit\u00e0ria i Participaci\u00f3 del departament de Salut de la Generalitat<\/li>\n<li>10:25h <strong>MESA REDONDA<\/strong>: <em>El voluntariado marca la diferencia. Caminamos juntos<\/em><\/li>\n<\/ul>\n<p style=\"text-align: center;\">La visi\u00f3n de las coordinadoras:<\/p>\n<p>-Arantxa de Lara, coordinadora voluntariado Fundaci\u00f3n Enriqueta Villavecchia \/ Irene Costa, coordinadora voluntariado Afanoc \/ Carme Ventura, coordinadora voluntariado Fundaci\u00f3n Oncolliga Girona \/ Eva Frechilla, coordinadora voluntariado Fundaci\u00f3n Kalida <\/p>\n<p style=\"text-align: center;\">La visi\u00f3n del voluntariado:<\/p>\n<p>-Voluntaria \u00e1mbito oncol\u00f3gico hospitalario AFANOC, Anna Dom\u00e8nech \/ Voluntario \u00e1mbito oncol\u00f3gico domiciliario Villavecchia, Rafa Luque \/ Voluntaria de apoyo en el centro K\u00e0lida-Sant Pau, Marta Pujol \/ Voluntaria \u00e1mbito oncol\u00f3gico en actividades Oncotrail, Irene Gen\u00eds<\/p>\n<ul>\n<li>11:20 -12:00h Pausa-caf\u00e9<\/li>\n<li>12:00 -13:15h <strong>TALLERES<\/strong><\/li>\n<\/ul>\n<p>&nbsp;<\/p>\n<p style=\"text-align: center;\">-Taller 1:<em>Transforma tu di\u00e1logo interior en un relato de poder.<\/em> Eva Lleonart, escritura terap\u00e9utica y mentora de mentoras de desarrollo personal<\/p>\n<p style=\"text-align: center;\">-Taller 2: <em>La caja de los sentidos<\/em>. Tania Subirats i Nuria Herreras, artterapeutes<\/p>\n<p style=\"text-align: center;\">-Taller 3:<em> Swing para fluir con la vida<\/em>. El Despertador<\/p>\n<p style=\"text-align: center;\">-Taller 4: <em>La banda sonora de nuestro compromiso<\/em> ( hay que llevar m\u00f3vil y auriculares).<br \/>\nEl Despertado<\/p>\n<ul>\n<li>13:15 -13:30 <strong>Cierre: Grupo de Gospel BlackiBlanc<\/strong><\/li>\n<\/ul>\n<p>PRECIO: Voluntarios de entidades federadas a la FECEC 10 \u20ac\/ Voluntarios de entidades no federadas a la FECEC 20\u20ac<\/p>\n<p><strong>Fecha l\u00edmite de inscripci\u00f3n: 20 de mayo.<\/strong><\/p>\n<p><a href=\"https:\/\/forms.gle\/4BqDPvFW2nU4cKwbA\" target=\"_blank\" rel=\"noopener\"><strong>S\u00cd, QUIERO INSCRIBIRME<\/strong><\/a><\/p>\n<p>En el momento de la inscripci\u00f3n elige uno de los cuatro talleres como primera opci\u00f3n y un segundo como segunda opci\u00f3n (plazas limitadas).<\/p>\n","protected":false},"excerpt":{"rendered":"<p>La XVIII edici\u00f3n del Encuentro de Voluntariado en el \u00e1mbito Oncol\u00f3gico, que organiza la Federaci\u00f3n Catalana de Entidades contra el C\u00e1ncer (FECEC), tendr\u00e1 lugar el pr\u00f3ximo 28 de mayo al campus de la Ciutadella de la Universitat Pompeu Fabra de Barcelona. El encuentro es un espacio para fortalecer el nexo de uni\u00f3n entre el voluntariado [&#8230;]\n","protected":false},"author":1,"featured_media":14939,"comment_status":"closed","ping_status":"open","sticky":false,"template":"","format":"standard","meta":{"_acf_changed":false,"inline_featured_image":false,"footnotes":""},"categories":[84,3,86,68],"tags":[],"class_list":["post-14936","post","type-post","status-publish","format-standard","has-post-thumbnail","hentry","category-actualidad","category-actualitat","category-destacadas","category-destaquem"],"acf":[],"yoast_head":"<!-- This site is optimized with the Yoast SEO plugin v27.3 - https:\/\/yoast.com\/product\/yoast-seo-wordpress\/ -->\n<title>28 de mayo: XVIII Encuentro de Voluntariado en el \u00e1mbito oncol\u00f3gico - Junts contra el c\u00e0ncer - FECEC<\/title>\n<meta name=\"robots\" content=\"index, follow, max-snippet:-1, max-image-preview:large, max-video-preview:-1\" \/>\n<link rel=\"canonical\" href=\"https:\/\/juntscontraelcancer.cat\/es\/28-de-mayo-xviii-encuentro-de-voluntariado-en-el-ambito-oncologico\/\" \/>\n<meta property=\"og:locale\" content=\"es_ES\" \/>\n<meta property=\"og:type\" content=\"article\" \/>\n<meta property=\"og:title\" content=\"28 de mayo: XVIII Encuentro de Voluntariado en el \u00e1mbito oncol\u00f3gico - Junts contra el c\u00e0ncer - FECEC\" \/>\n<meta property=\"og:description\" content=\"La XVIII edici\u00f3n del Encuentro de Voluntariado en el \u00e1mbito Oncol\u00f3gico, que organiza la Federaci\u00f3n Catalana de Entidades contra el C\u00e1ncer (FECEC), tendr\u00e1 lugar el pr\u00f3ximo 28 de mayo al campus de la Ciutadella de la Universitat Pompeu Fabra de Barcelona. El encuentro es un espacio para fortalecer el nexo de uni\u00f3n entre el voluntariado [...]\" \/>\n<meta property=\"og:url\" content=\"https:\/\/juntscontraelcancer.cat\/es\/28-de-mayo-xviii-encuentro-de-voluntariado-en-el-ambito-oncologico\/\" \/>\n<meta property=\"og:site_name\" content=\"Junts contra el c\u00e0ncer - FECEC\" \/>\n<meta property=\"article:publisher\" content=\"https:\/\/www.facebook.com\/fecec.federacio\/\" \/>\n<meta property=\"article:published_time\" content=\"2022-04-30T22:00:00+00:00\" \/>\n<meta property=\"article:modified_time\" content=\"2023-06-12T09:51:33+00:00\" \/>\n<meta property=\"og:image\" content=\"https:\/\/juntscontraelcancer.cat\/wp-content\/uploads\/2023\/04\/banner-web-trobada-2.png\" \/>\n\t<meta property=\"og:image:width\" content=\"355\" \/>\n\t<meta property=\"og:image:height\" content=\"146\" \/>\n\t<meta property=\"og:image:type\" content=\"image\/png\" \/>\n<meta name=\"author\" content=\"Pukkas\" \/>\n<meta name=\"twitter:card\" content=\"summary_large_image\" \/>\n<meta name=\"twitter:creator\" content=\"@FececFederacio\" \/>\n<meta name=\"twitter:site\" content=\"@FececFederacio\" \/>\n<meta name=\"twitter:label1\" content=\"Escrito por\" \/>\n\t<meta name=\"twitter:data1\" content=\"Pukkas\" \/>\n\t<meta name=\"twitter:label2\" content=\"Tiempo de lectura\" \/>\n\t<meta name=\"twitter:data2\" content=\"2 minutos\" \/>\n<script type=\"application\/ld+json\" class=\"yoast-schema-graph\">{\"@context\":\"https:\\\/\\\/schema.org\",\"@graph\":[{\"@type\":\"Article\",\"@id\":\"https:\\\/\\\/juntscontraelcancer.cat\\\/es\\\/28-de-mayo-xviii-encuentro-de-voluntariado-en-el-ambito-oncologico\\\/#article\",\"isPartOf\":{\"@id\":\"https:\\\/\\\/juntscontraelcancer.cat\\\/es\\\/28-de-mayo-xviii-encuentro-de-voluntariado-en-el-ambito-oncologico\\\/\"},\"author\":{\"name\":\"Pukkas\",\"@id\":\"https:\\\/\\\/juntscontraelcancer.cat\\\/es\\\/#\\\/schema\\\/person\\\/14c85cb9b3aeddea8f9087bea375813f\"},\"headline\":\"28 de mayo: XVIII Encuentro de Voluntariado en el \u00e1mbito oncol\u00f3gico\",\"datePublished\":\"2022-04-30T22:00:00+00:00\",\"dateModified\":\"2023-06-12T09:51:33+00:00\",\"mainEntityOfPage\":{\"@id\":\"https:\\\/\\\/juntscontraelcancer.cat\\\/es\\\/28-de-mayo-xviii-encuentro-de-voluntariado-en-el-ambito-oncologico\\\/\"},\"wordCount\":398,\"publisher\":{\"@id\":\"https:\\\/\\\/juntscontraelcancer.cat\\\/es\\\/#organization\"},\"image\":{\"@id\":\"https:\\\/\\\/juntscontraelcancer.cat\\\/es\\\/28-de-mayo-xviii-encuentro-de-voluntariado-en-el-ambito-oncologico\\\/#primaryimage\"},\"thumbnailUrl\":\"https:\\\/\\\/juntscontraelcancer.cat\\\/wp-content\\\/uploads\\\/2023\\\/04\\\/banner-web-trobada-2.png\",\"articleSection\":[\"Actualidad\",\"Actualitat\",\"Destacadas\",\"Destacats\"],\"inLanguage\":\"es\"},{\"@type\":\"WebPage\",\"@id\":\"https:\\\/\\\/juntscontraelcancer.cat\\\/es\\\/28-de-mayo-xviii-encuentro-de-voluntariado-en-el-ambito-oncologico\\\/\",\"url\":\"https:\\\/\\\/juntscontraelcancer.cat\\\/es\\\/28-de-mayo-xviii-encuentro-de-voluntariado-en-el-ambito-oncologico\\\/\",\"name\":\"28 de mayo: XVIII Encuentro de Voluntariado en el \u00e1mbito oncol\u00f3gico - Junts contra el c\u00e0ncer - FECEC\",\"isPartOf\":{\"@id\":\"https:\\\/\\\/juntscontraelcancer.cat\\\/es\\\/#website\"},\"primaryImageOfPage\":{\"@id\":\"https:\\\/\\\/juntscontraelcancer.cat\\\/es\\\/28-de-mayo-xviii-encuentro-de-voluntariado-en-el-ambito-oncologico\\\/#primaryimage\"},\"image\":{\"@id\":\"https:\\\/\\\/juntscontraelcancer.cat\\\/es\\\/28-de-mayo-xviii-encuentro-de-voluntariado-en-el-ambito-oncologico\\\/#primaryimage\"},\"thumbnailUrl\":\"https:\\\/\\\/juntscontraelcancer.cat\\\/wp-content\\\/uploads\\\/2023\\\/04\\\/banner-web-trobada-2.png\",\"datePublished\":\"2022-04-30T22:00:00+00:00\",\"dateModified\":\"2023-06-12T09:51:33+00:00\",\"breadcrumb\":{\"@id\":\"https:\\\/\\\/juntscontraelcancer.cat\\\/es\\\/28-de-mayo-xviii-encuentro-de-voluntariado-en-el-ambito-oncologico\\\/#breadcrumb\"},\"inLanguage\":\"es\",\"potentialAction\":[{\"@type\":\"ReadAction\",\"target\":[\"https:\\\/\\\/juntscontraelcancer.cat\\\/es\\\/28-de-mayo-xviii-encuentro-de-voluntariado-en-el-ambito-oncologico\\\/\"]}]},{\"@type\":\"ImageObject\",\"inLanguage\":\"es\",\"@id\":\"https:\\\/\\\/juntscontraelcancer.cat\\\/es\\\/28-de-mayo-xviii-encuentro-de-voluntariado-en-el-ambito-oncologico\\\/#primaryimage\",\"url\":\"https:\\\/\\\/juntscontraelcancer.cat\\\/wp-content\\\/uploads\\\/2023\\\/04\\\/banner-web-trobada-2.png\",\"contentUrl\":\"https:\\\/\\\/juntscontraelcancer.cat\\\/wp-content\\\/uploads\\\/2023\\\/04\\\/banner-web-trobada-2.png\",\"width\":355,\"height\":146},{\"@type\":\"BreadcrumbList\",\"@id\":\"https:\\\/\\\/juntscontraelcancer.cat\\\/es\\\/28-de-mayo-xviii-encuentro-de-voluntariado-en-el-ambito-oncologico\\\/#breadcrumb\",\"itemListElement\":[{\"@type\":\"ListItem\",\"position\":1,\"name\":\"Inicio\",\"item\":\"https:\\\/\\\/juntscontraelcancer.cat\\\/es\\\/\"},{\"@type\":\"ListItem\",\"position\":2,\"name\":\"28 de mayo: XVIII Encuentro de Voluntariado en el \u00e1mbito oncol\u00f3gico\"}]},{\"@type\":\"WebSite\",\"@id\":\"https:\\\/\\\/juntscontraelcancer.cat\\\/es\\\/#website\",\"url\":\"https:\\\/\\\/juntscontraelcancer.cat\\\/es\\\/\",\"name\":\"Junts contra el c\u00e0ncer - FECEC\",\"description\":\"\",\"publisher\":{\"@id\":\"https:\\\/\\\/juntscontraelcancer.cat\\\/es\\\/#organization\"},\"potentialAction\":[{\"@type\":\"SearchAction\",\"target\":{\"@type\":\"EntryPoint\",\"urlTemplate\":\"https:\\\/\\\/juntscontraelcancer.cat\\\/es\\\/?s={search_term_string}\"},\"query-input\":{\"@type\":\"PropertyValueSpecification\",\"valueRequired\":true,\"valueName\":\"search_term_string\"}}],\"inLanguage\":\"es\"},{\"@type\":\"Organization\",\"@id\":\"https:\\\/\\\/juntscontraelcancer.cat\\\/es\\\/#organization\",\"name\":\"Junts contra el c\u00e0ncer - FECEC\",\"url\":\"https:\\\/\\\/juntscontraelcancer.cat\\\/es\\\/\",\"logo\":{\"@type\":\"ImageObject\",\"inLanguage\":\"es\",\"@id\":\"https:\\\/\\\/juntscontraelcancer.cat\\\/es\\\/#\\\/schema\\\/logo\\\/image\\\/\",\"url\":\"https:\\\/\\\/juntscontraelcancer.cat\\\/wp-content\\\/uploads\\\/2023\\\/01\\\/logo-fecec-header.png\",\"contentUrl\":\"https:\\\/\\\/juntscontraelcancer.cat\\\/wp-content\\\/uploads\\\/2023\\\/01\\\/logo-fecec-header.png\",\"width\":126,\"height\":74,\"caption\":\"Junts contra el c\u00e0ncer - FECEC\"},\"image\":{\"@id\":\"https:\\\/\\\/juntscontraelcancer.cat\\\/es\\\/#\\\/schema\\\/logo\\\/image\\\/\"},\"sameAs\":[\"https:\\\/\\\/www.facebook.com\\\/fecec.federacio\\\/\",\"https:\\\/\\\/x.com\\\/FececFederacio\",\"https:\\\/\\\/www.instagram.com\\\/fececfederacio\\\/?hl=es\",\"https:\\\/\\\/www.youtube.com\\\/channel\\\/UCgAC_6c6hmHwMQhSCQyYBdA\"]},{\"@type\":\"Person\",\"@id\":\"https:\\\/\\\/juntscontraelcancer.cat\\\/es\\\/#\\\/schema\\\/person\\\/14c85cb9b3aeddea8f9087bea375813f\",\"name\":\"Pukkas\",\"image\":{\"@type\":\"ImageObject\",\"inLanguage\":\"es\",\"@id\":\"https:\\\/\\\/secure.gravatar.com\\\/avatar\\\/7433209641beafe57dbfd32b83f1c28fb7da2f23c98b47d02c7623ce350a0e9f?s=96&d=mm&r=g\",\"url\":\"https:\\\/\\\/secure.gravatar.com\\\/avatar\\\/7433209641beafe57dbfd32b83f1c28fb7da2f23c98b47d02c7623ce350a0e9f?s=96&d=mm&r=g\",\"contentUrl\":\"https:\\\/\\\/secure.gravatar.com\\\/avatar\\\/7433209641beafe57dbfd32b83f1c28fb7da2f23c98b47d02c7623ce350a0e9f?s=96&d=mm&r=g\",\"caption\":\"Pukkas\"},\"sameAs\":[\"https:\\\/\\\/juntscontraelcancer.cat\"]}]}<\/script>\n<!-- \/ Yoast SEO plugin. -->","yoast_head_json":{"title":"28 de mayo: XVIII Encuentro de Voluntariado en el \u00e1mbito oncol\u00f3gico - Junts contra el c\u00e0ncer - FECEC","robots":{"index":"index","follow":"follow","max-snippet":"max-snippet:-1","max-image-preview":"max-image-preview:large","max-video-preview":"max-video-preview:-1"},"canonical":"https:\/\/juntscontraelcancer.cat\/es\/28-de-mayo-xviii-encuentro-de-voluntariado-en-el-ambito-oncologico\/","og_locale":"es_ES","og_type":"article","og_title":"28 de mayo: XVIII Encuentro de Voluntariado en el \u00e1mbito oncol\u00f3gico - Junts contra el c\u00e0ncer - FECEC","og_description":"La XVIII edici\u00f3n del Encuentro de Voluntariado en el \u00e1mbito Oncol\u00f3gico, que organiza la Federaci\u00f3n Catalana de Entidades contra el C\u00e1ncer (FECEC), tendr\u00e1 lugar el pr\u00f3ximo 28 de mayo al campus de la Ciutadella de la Universitat Pompeu Fabra de Barcelona. El encuentro es un espacio para fortalecer el nexo de uni\u00f3n entre el voluntariado [...]","og_url":"https:\/\/juntscontraelcancer.cat\/es\/28-de-mayo-xviii-encuentro-de-voluntariado-en-el-ambito-oncologico\/","og_site_name":"Junts contra el c\u00e0ncer - FECEC","article_publisher":"https:\/\/www.facebook.com\/fecec.federacio\/","article_published_time":"2022-04-30T22:00:00+00:00","article_modified_time":"2023-06-12T09:51:33+00:00","og_image":[{"width":355,"height":146,"url":"https:\/\/juntscontraelcancer.cat\/wp-content\/uploads\/2023\/04\/banner-web-trobada-2.png","type":"image\/png"}],"author":"Pukkas","twitter_card":"summary_large_image","twitter_creator":"@FececFederacio","twitter_site":"@FececFederacio","twitter_misc":{"Escrito por":"Pukkas","Tiempo de lectura":"2 minutos"},"schema":{"@context":"https:\/\/schema.org","@graph":[{"@type":"Article","@id":"https:\/\/juntscontraelcancer.cat\/es\/28-de-mayo-xviii-encuentro-de-voluntariado-en-el-ambito-oncologico\/#article","isPartOf":{"@id":"https:\/\/juntscontraelcancer.cat\/es\/28-de-mayo-xviii-encuentro-de-voluntariado-en-el-ambito-oncologico\/"},"author":{"name":"Pukkas","@id":"https:\/\/juntscontraelcancer.cat\/es\/#\/schema\/person\/14c85cb9b3aeddea8f9087bea375813f"},"headline":"28 de mayo: XVIII Encuentro de Voluntariado en el \u00e1mbito oncol\u00f3gico","datePublished":"2022-04-30T22:00:00+00:00","dateModified":"2023-06-12T09:51:33+00:00","mainEntityOfPage":{"@id":"https:\/\/juntscontraelcancer.cat\/es\/28-de-mayo-xviii-encuentro-de-voluntariado-en-el-ambito-oncologico\/"},"wordCount":398,"publisher":{"@id":"https:\/\/juntscontraelcancer.cat\/es\/#organization"},"image":{"@id":"https:\/\/juntscontraelcancer.cat\/es\/28-de-mayo-xviii-encuentro-de-voluntariado-en-el-ambito-oncologico\/#primaryimage"},"thumbnailUrl":"https:\/\/juntscontraelcancer.cat\/wp-content\/uploads\/2023\/04\/banner-web-trobada-2.png","articleSection":["Actualidad","Actualitat","Destacadas","Destacats"],"inLanguage":"es"},{"@type":"WebPage","@id":"https:\/\/juntscontraelcancer.cat\/es\/28-de-mayo-xviii-encuentro-de-voluntariado-en-el-ambito-oncologico\/","url":"https:\/\/juntscontraelcancer.cat\/es\/28-de-mayo-xviii-encuentro-de-voluntariado-en-el-ambito-oncologico\/","name":"28 de mayo: XVIII Encuentro de Voluntariado en el \u00e1mbito oncol\u00f3gico - Junts contra el c\u00e0ncer - FECEC","isPartOf":{"@id":"https:\/\/juntscontraelcancer.cat\/es\/#website"},"primaryImageOfPage":{"@id":"https:\/\/juntscontraelcancer.cat\/es\/28-de-mayo-xviii-encuentro-de-voluntariado-en-el-ambito-oncologico\/#primaryimage"},"image":{"@id":"https:\/\/juntscontraelcancer.cat\/es\/28-de-mayo-xviii-encuentro-de-voluntariado-en-el-ambito-oncologico\/#primaryimage"},"thumbnailUrl":"https:\/\/juntscontraelcancer.cat\/wp-content\/uploads\/2023\/04\/banner-web-trobada-2.png","datePublished":"2022-04-30T22:00:00+00:00","dateModified":"2023-06-12T09:51:33+00:00","breadcrumb":{"@id":"https:\/\/juntscontraelcancer.cat\/es\/28-de-mayo-xviii-encuentro-de-voluntariado-en-el-ambito-oncologico\/#breadcrumb"},"inLanguage":"es","potentialAction":[{"@type":"ReadAction","target":["https:\/\/juntscontraelcancer.cat\/es\/28-de-mayo-xviii-encuentro-de-voluntariado-en-el-ambito-oncologico\/"]}]},{"@type":"ImageObject","inLanguage":"es","@id":"https:\/\/juntscontraelcancer.cat\/es\/28-de-mayo-xviii-encuentro-de-voluntariado-en-el-ambito-oncologico\/#primaryimage","url":"https:\/\/juntscontraelcancer.cat\/wp-content\/uploads\/2023\/04\/banner-web-trobada-2.png","contentUrl":"https:\/\/juntscontraelcancer.cat\/wp-content\/uploads\/2023\/04\/banner-web-trobada-2.png","width":355,"height":146},{"@type":"BreadcrumbList","@id":"https:\/\/juntscontraelcancer.cat\/es\/28-de-mayo-xviii-encuentro-de-voluntariado-en-el-ambito-oncologico\/#breadcrumb","itemListElement":[{"@type":"ListItem","position":1,"name":"Inicio","item":"https:\/\/juntscontraelcancer.cat\/es\/"},{"@type":"ListItem","position":2,"name":"28 de mayo: XVIII Encuentro de Voluntariado en el \u00e1mbito oncol\u00f3gico"}]},{"@type":"WebSite","@id":"https:\/\/juntscontraelcancer.cat\/es\/#website","url":"https:\/\/juntscontraelcancer.cat\/es\/","name":"Junts contra el c\u00e0ncer - FECEC","description":"","publisher":{"@id":"https:\/\/juntscontraelcancer.cat\/es\/#organization"},"potentialAction":[{"@type":"SearchAction","target":{"@type":"EntryPoint","urlTemplate":"https:\/\/juntscontraelcancer.cat\/es\/?s={search_term_string}"},"query-input":{"@type":"PropertyValueSpecification","valueRequired":true,"valueName":"search_term_string"}}],"inLanguage":"es"},{"@type":"Organization","@id":"https:\/\/juntscontraelcancer.cat\/es\/#organization","name":"Junts contra el c\u00e0ncer - FECEC","url":"https:\/\/juntscontraelcancer.cat\/es\/","logo":{"@type":"ImageObject","inLanguage":"es","@id":"https:\/\/juntscontraelcancer.cat\/es\/#\/schema\/logo\/image\/","url":"https:\/\/juntscontraelcancer.cat\/wp-content\/uploads\/2023\/01\/logo-fecec-header.png","contentUrl":"https:\/\/juntscontraelcancer.cat\/wp-content\/uploads\/2023\/01\/logo-fecec-header.png","width":126,"height":74,"caption":"Junts contra el c\u00e0ncer - FECEC"},"image":{"@id":"https:\/\/juntscontraelcancer.cat\/es\/#\/schema\/logo\/image\/"},"sameAs":["https:\/\/www.facebook.com\/fecec.federacio\/","https:\/\/x.com\/FececFederacio","https:\/\/www.instagram.com\/fececfederacio\/?hl=es","https:\/\/www.youtube.com\/channel\/UCgAC_6c6hmHwMQhSCQyYBdA"]},{"@type":"Person","@id":"https:\/\/juntscontraelcancer.cat\/es\/#\/schema\/person\/14c85cb9b3aeddea8f9087bea375813f","name":"Pukkas","image":{"@type":"ImageObject","inLanguage":"es","@id":"https:\/\/secure.gravatar.com\/avatar\/7433209641beafe57dbfd32b83f1c28fb7da2f23c98b47d02c7623ce350a0e9f?s=96&d=mm&r=g","url":"https:\/\/secure.gravatar.com\/avatar\/7433209641beafe57dbfd32b83f1c28fb7da2f23c98b47d02c7623ce350a0e9f?s=96&d=mm&r=g","contentUrl":"https:\/\/secure.gravatar.com\/avatar\/7433209641beafe57dbfd32b83f1c28fb7da2f23c98b47d02c7623ce350a0e9f?s=96&d=mm&r=g","caption":"Pukkas"},"sameAs":["https:\/\/juntscontraelcancer.cat"]}]}},"_links":{"self":[{"href":"https:\/\/juntscontraelcancer.cat\/es\/wp-json\/wp\/v2\/posts\/14936","targetHints":{"allow":["GET"]}}],"collection":[{"href":"https:\/\/juntscontraelcancer.cat\/es\/wp-json\/wp\/v2\/posts"}],"about":[{"href":"https:\/\/juntscontraelcancer.cat\/es\/wp-json\/wp\/v2\/types\/post"}],"author":[{"embeddable":true,"href":"https:\/\/juntscontraelcancer.cat\/es\/wp-json\/wp\/v2\/users\/1"}],"replies":[{"embeddable":true,"href":"https:\/\/juntscontraelcancer.cat\/es\/wp-json\/wp\/v2\/comments?post=14936"}],"version-history":[{"count":1,"href":"https:\/\/juntscontraelcancer.cat\/es\/wp-json\/wp\/v2\/posts\/14936\/revisions"}],"predecessor-version":[{"id":14938,"href":"https:\/\/juntscontraelcancer.cat\/es\/wp-json\/wp\/v2\/posts\/14936\/revisions\/14938"}],"wp:featuredmedia":[{"embeddable":true,"href":"https:\/\/juntscontraelcancer.cat\/es\/wp-json\/wp\/v2\/media\/14939"}],"wp:attachment":[{"href":"https:\/\/juntscontraelcancer.cat\/es\/wp-json\/wp\/v2\/media?parent=14936"}],"wp:term":[{"taxonomy":"category","embeddable":true,"href":"https:\/\/juntscontraelcancer.cat\/es\/wp-json\/wp\/v2\/categories?post=14936"},{"taxonomy":"post_tag","embeddable":true,"href":"https:\/\/juntscontraelcancer.cat\/es\/wp-json\/wp\/v2\/tags?post=14936"}],"curies":[{"name":"wp","href":"https:\/\/api.w.org\/{rel}","templated":true}]}}