{"id":14914,"date":"2022-04-04T00:00:00","date_gmt":"2022-04-03T22:00:00","guid":{"rendered":"https:\/\/junts.enproceso.es\/todo-a-punto-para-la-viii-edicion-de-la-campana-solidaria-posem-li-pebrots-al-cancer\/"},"modified":"2023-06-12T11:51:35","modified_gmt":"2023-06-12T09:51:35","slug":"todo-a-punto-para-la-viii-edicion-de-la-campana-solidaria-posem-li-pebrots-al-cancer","status":"publish","type":"post","link":"https:\/\/juntscontraelcancer.cat\/es\/todo-a-punto-para-la-viii-edicion-de-la-campana-solidaria-posem-li-pebrots-al-cancer\/","title":{"rendered":"Todo a punto para la VIII edici\u00f3n de la campa\u00f1a solidaria \u00abPosem-li pebrots al c\u00e0ncer\u00bb"},"content":{"rendered":"<p><strong>La campa\u00f1a solidaria \u00abPosem-li pebrots al c\u00e0ncer\u00bb vuelve este viernes y s\u00e1bado, 8 y 9 de abril. La Federaci\u00f3n Catalana de Entidades Contra el C\u00e1ncer (FECEC) y Condis Supermercados impulsan por octavo a\u00f1o consecutivo esta iniciativa, que sirve para recaudar fondos para los programas de apoyo y atenci\u00f3n a los enfermos de c\u00e1ncer y sus familiares.<\/strong><\/p>\n<p><a href=\"https:\/\/juntscontraelcancer.cat\/wp-content\/uploads\/2023\/04\/1024x512-twitter-1-scaled.jpg\"><img loading=\"lazy\" decoding=\"async\" class=\"alignnone size-large wp-image-38355\" src=\"https:\/\/juntscontraelcancer.cat\/wp-content\/uploads\/2023\/04\/1024x512-twitter-1-scaled.jpg\" alt=\"1024x512 twitter\" width=\"625\" height=\"313\" \/><\/a><\/p>\n<p>\u00ab<strong>Posem-li pebrots al c\u00e0ncer<\/strong>\u00bb llega un a\u00f1o m\u00e1s a los supermercados Condis los d\u00edas 8 y 9 de abril. All\u00e1 podr\u00e1s comprar las bolsas de pimientos solidarios a un <strong>precio simb\u00f3lico de un euro y medio<\/strong>.<\/p>\n<p>Cerca de <strong>900 personas voluntarias<\/strong> de todo Catalu\u00f1a ser\u00e1n presentes en los establecimientos Condis para colaborar en la difusi\u00f3n. El objetivo de la campa\u00f1a es fomentar la solidaridad con las personas que sufren la enfermedad, difundir la tarea de acompa\u00f1amiento que hacen las entidades vinculadas a la FECEC y tambi\u00e9n conseguir fondo para continuar desarrollando los programas de atenci\u00f3n y ayuda a las personas enfermas y a sus familiars.<\/p>\n<p>La campa\u00f1a estar\u00e1 en marcha a <strong>673 supermercados Condis de Catalu\u00f1a,<\/strong> que pondr\u00e1n a la venta m\u00e1s de 66.000 bolsas de pimientos solidarios.<\/p>\n<p><strong>Videos de los participantes en las redes socials<\/strong><\/p>\n<p>Para conseguir el m\u00e1ximo eco posible de la campa\u00f1a de este a\u00f1o, los organizadores alentamos a los participantes de la iniciativa a hacer un v\u00eddeo, que se subir\u00e1 a las redes sociales.<\/p>\n<p>Una de las ideas propuestas para el v\u00eddeo es que una persona, que no salga en el v\u00eddeo, tire un pimiento al protagonista y que \u00e9ste lo use de micr\u00f3fono para explicar algo relacionada con la campa\u00f1a, animando la gente a comprar la bolsa de pimientos solidarios.<\/p>\n<p>Otra opci\u00f3n ser\u00e1 hacer un video divertido, donde por ejemplo diferentes personas se pasen un pimiento, dando alg\u00fan mensaje para animar todo el mundo a participar a participar en la iniciativa.<\/p>\n<p>Os pedimos que colgu\u00e9is vuestros videos en Instagram etiquet\u00e1ndonos @fececfederacio y @condislife y con el hashtag #pebrotscancer.<\/p>\n<p><strong>Ay\u00fadanos a ayudar!<\/strong><\/p>\n","protected":false},"excerpt":{"rendered":"<p>La campa\u00f1a solidaria \u00abPosem-li pebrots al c\u00e0ncer\u00bb vuelve este viernes y s\u00e1bado, 8 y 9 de abril. La Federaci\u00f3n Catalana de Entidades Contra el C\u00e1ncer (FECEC) y Condis Supermercados impulsan por octavo a\u00f1o consecutivo esta iniciativa, que sirve para recaudar fondos para los programas de apoyo y atenci\u00f3n a los enfermos de c\u00e1ncer y sus [&#8230;]\n","protected":false},"author":1,"featured_media":14917,"comment_status":"closed","ping_status":"open","sticky":false,"template":"","format":"standard","meta":{"_acf_changed":false,"inline_featured_image":false,"footnotes":""},"categories":[84,3,86,68],"tags":[],"class_list":["post-14914","post","type-post","status-publish","format-standard","has-post-thumbnail","hentry","category-actualidad","category-actualitat","category-destacadas","category-destaquem"],"acf":[],"yoast_head":"<!-- This site is optimized with the Yoast SEO plugin v27.3 - https:\/\/yoast.com\/product\/yoast-seo-wordpress\/ -->\n<title>Todo a punto para la VIII edici\u00f3n de la campa\u00f1a solidaria &quot;Posem-li pebrots al c\u00e0ncer&quot; - Junts contra el c\u00e0ncer - FECEC<\/title>\n<meta name=\"robots\" content=\"index, follow, max-snippet:-1, max-image-preview:large, max-video-preview:-1\" \/>\n<link rel=\"canonical\" href=\"https:\/\/juntscontraelcancer.cat\/es\/todo-a-punto-para-la-viii-edicion-de-la-campana-solidaria-posem-li-pebrots-al-cancer\/\" \/>\n<meta property=\"og:locale\" content=\"es_ES\" \/>\n<meta property=\"og:type\" content=\"article\" \/>\n<meta property=\"og:title\" content=\"Todo a punto para la VIII edici\u00f3n de la campa\u00f1a solidaria &quot;Posem-li pebrots al c\u00e0ncer&quot; - Junts contra el c\u00e0ncer - FECEC\" \/>\n<meta property=\"og:description\" content=\"La campa\u00f1a solidaria \u00abPosem-li pebrots al c\u00e0ncer\u00bb vuelve este viernes y s\u00e1bado, 8 y 9 de abril. La Federaci\u00f3n Catalana de Entidades Contra el C\u00e1ncer (FECEC) y Condis Supermercados impulsan por octavo a\u00f1o consecutivo esta iniciativa, que sirve para recaudar fondos para los programas de apoyo y atenci\u00f3n a los enfermos de c\u00e1ncer y sus [...]\" \/>\n<meta property=\"og:url\" content=\"https:\/\/juntscontraelcancer.cat\/es\/todo-a-punto-para-la-viii-edicion-de-la-campana-solidaria-posem-li-pebrots-al-cancer\/\" \/>\n<meta property=\"og:site_name\" content=\"Junts contra el c\u00e0ncer - FECEC\" \/>\n<meta property=\"article:publisher\" content=\"https:\/\/www.facebook.com\/fecec.federacio\/\" \/>\n<meta property=\"article:published_time\" content=\"2022-04-03T22:00:00+00:00\" \/>\n<meta property=\"article:modified_time\" content=\"2023-06-12T09:51:35+00:00\" \/>\n<meta property=\"og:image\" content=\"https:\/\/juntscontraelcancer.cat\/wp-content\/uploads\/2023\/04\/345x145-destacat-1-2.jpg\" \/>\n\t<meta property=\"og:image:width\" content=\"1438\" \/>\n\t<meta property=\"og:image:height\" content=\"604\" \/>\n\t<meta property=\"og:image:type\" content=\"image\/jpeg\" \/>\n<meta name=\"author\" content=\"Pukkas\" \/>\n<meta name=\"twitter:card\" content=\"summary_large_image\" \/>\n<meta name=\"twitter:creator\" content=\"@FececFederacio\" \/>\n<meta name=\"twitter:site\" content=\"@FececFederacio\" \/>\n<meta name=\"twitter:label1\" content=\"Escrito por\" \/>\n\t<meta name=\"twitter:data1\" content=\"Pukkas\" \/>\n\t<meta name=\"twitter:label2\" content=\"Tiempo de lectura\" \/>\n\t<meta name=\"twitter:data2\" content=\"2 minutos\" \/>\n<script type=\"application\/ld+json\" class=\"yoast-schema-graph\">{\"@context\":\"https:\\\/\\\/schema.org\",\"@graph\":[{\"@type\":\"Article\",\"@id\":\"https:\\\/\\\/juntscontraelcancer.cat\\\/es\\\/todo-a-punto-para-la-viii-edicion-de-la-campana-solidaria-posem-li-pebrots-al-cancer\\\/#article\",\"isPartOf\":{\"@id\":\"https:\\\/\\\/juntscontraelcancer.cat\\\/es\\\/todo-a-punto-para-la-viii-edicion-de-la-campana-solidaria-posem-li-pebrots-al-cancer\\\/\"},\"author\":{\"name\":\"Pukkas\",\"@id\":\"https:\\\/\\\/juntscontraelcancer.cat\\\/es\\\/#\\\/schema\\\/person\\\/14c85cb9b3aeddea8f9087bea375813f\"},\"headline\":\"Todo a punto para la VIII edici\u00f3n de la campa\u00f1a solidaria \u00abPosem-li pebrots al c\u00e0ncer\u00bb\",\"datePublished\":\"2022-04-03T22:00:00+00:00\",\"dateModified\":\"2023-06-12T09:51:35+00:00\",\"mainEntityOfPage\":{\"@id\":\"https:\\\/\\\/juntscontraelcancer.cat\\\/es\\\/todo-a-punto-para-la-viii-edicion-de-la-campana-solidaria-posem-li-pebrots-al-cancer\\\/\"},\"wordCount\":371,\"publisher\":{\"@id\":\"https:\\\/\\\/juntscontraelcancer.cat\\\/es\\\/#organization\"},\"image\":{\"@id\":\"https:\\\/\\\/juntscontraelcancer.cat\\\/es\\\/todo-a-punto-para-la-viii-edicion-de-la-campana-solidaria-posem-li-pebrots-al-cancer\\\/#primaryimage\"},\"thumbnailUrl\":\"https:\\\/\\\/juntscontraelcancer.cat\\\/wp-content\\\/uploads\\\/2023\\\/04\\\/345x145-destacat-1-2.jpg\",\"articleSection\":[\"Actualidad\",\"Actualitat\",\"Destacadas\",\"Destacats\"],\"inLanguage\":\"es\"},{\"@type\":\"WebPage\",\"@id\":\"https:\\\/\\\/juntscontraelcancer.cat\\\/es\\\/todo-a-punto-para-la-viii-edicion-de-la-campana-solidaria-posem-li-pebrots-al-cancer\\\/\",\"url\":\"https:\\\/\\\/juntscontraelcancer.cat\\\/es\\\/todo-a-punto-para-la-viii-edicion-de-la-campana-solidaria-posem-li-pebrots-al-cancer\\\/\",\"name\":\"Todo a punto para la VIII edici\u00f3n de la campa\u00f1a solidaria \\\"Posem-li pebrots al c\u00e0ncer\\\" - Junts contra el c\u00e0ncer - FECEC\",\"isPartOf\":{\"@id\":\"https:\\\/\\\/juntscontraelcancer.cat\\\/es\\\/#website\"},\"primaryImageOfPage\":{\"@id\":\"https:\\\/\\\/juntscontraelcancer.cat\\\/es\\\/todo-a-punto-para-la-viii-edicion-de-la-campana-solidaria-posem-li-pebrots-al-cancer\\\/#primaryimage\"},\"image\":{\"@id\":\"https:\\\/\\\/juntscontraelcancer.cat\\\/es\\\/todo-a-punto-para-la-viii-edicion-de-la-campana-solidaria-posem-li-pebrots-al-cancer\\\/#primaryimage\"},\"thumbnailUrl\":\"https:\\\/\\\/juntscontraelcancer.cat\\\/wp-content\\\/uploads\\\/2023\\\/04\\\/345x145-destacat-1-2.jpg\",\"datePublished\":\"2022-04-03T22:00:00+00:00\",\"dateModified\":\"2023-06-12T09:51:35+00:00\",\"breadcrumb\":{\"@id\":\"https:\\\/\\\/juntscontraelcancer.cat\\\/es\\\/todo-a-punto-para-la-viii-edicion-de-la-campana-solidaria-posem-li-pebrots-al-cancer\\\/#breadcrumb\"},\"inLanguage\":\"es\",\"potentialAction\":[{\"@type\":\"ReadAction\",\"target\":[\"https:\\\/\\\/juntscontraelcancer.cat\\\/es\\\/todo-a-punto-para-la-viii-edicion-de-la-campana-solidaria-posem-li-pebrots-al-cancer\\\/\"]}]},{\"@type\":\"ImageObject\",\"inLanguage\":\"es\",\"@id\":\"https:\\\/\\\/juntscontraelcancer.cat\\\/es\\\/todo-a-punto-para-la-viii-edicion-de-la-campana-solidaria-posem-li-pebrots-al-cancer\\\/#primaryimage\",\"url\":\"https:\\\/\\\/juntscontraelcancer.cat\\\/wp-content\\\/uploads\\\/2023\\\/04\\\/345x145-destacat-1-2.jpg\",\"contentUrl\":\"https:\\\/\\\/juntscontraelcancer.cat\\\/wp-content\\\/uploads\\\/2023\\\/04\\\/345x145-destacat-1-2.jpg\",\"width\":1438,\"height\":604},{\"@type\":\"BreadcrumbList\",\"@id\":\"https:\\\/\\\/juntscontraelcancer.cat\\\/es\\\/todo-a-punto-para-la-viii-edicion-de-la-campana-solidaria-posem-li-pebrots-al-cancer\\\/#breadcrumb\",\"itemListElement\":[{\"@type\":\"ListItem\",\"position\":1,\"name\":\"Inicio\",\"item\":\"https:\\\/\\\/juntscontraelcancer.cat\\\/es\\\/\"},{\"@type\":\"ListItem\",\"position\":2,\"name\":\"Todo a punto para la VIII edici\u00f3n de la campa\u00f1a solidaria &#8220;Posem-li pebrots al c\u00e0ncer&#8221;\"}]},{\"@type\":\"WebSite\",\"@id\":\"https:\\\/\\\/juntscontraelcancer.cat\\\/es\\\/#website\",\"url\":\"https:\\\/\\\/juntscontraelcancer.cat\\\/es\\\/\",\"name\":\"Junts contra el c\u00e0ncer - FECEC\",\"description\":\"\",\"publisher\":{\"@id\":\"https:\\\/\\\/juntscontraelcancer.cat\\\/es\\\/#organization\"},\"potentialAction\":[{\"@type\":\"SearchAction\",\"target\":{\"@type\":\"EntryPoint\",\"urlTemplate\":\"https:\\\/\\\/juntscontraelcancer.cat\\\/es\\\/?s={search_term_string}\"},\"query-input\":{\"@type\":\"PropertyValueSpecification\",\"valueRequired\":true,\"valueName\":\"search_term_string\"}}],\"inLanguage\":\"es\"},{\"@type\":\"Organization\",\"@id\":\"https:\\\/\\\/juntscontraelcancer.cat\\\/es\\\/#organization\",\"name\":\"Junts contra el c\u00e0ncer - FECEC\",\"url\":\"https:\\\/\\\/juntscontraelcancer.cat\\\/es\\\/\",\"logo\":{\"@type\":\"ImageObject\",\"inLanguage\":\"es\",\"@id\":\"https:\\\/\\\/juntscontraelcancer.cat\\\/es\\\/#\\\/schema\\\/logo\\\/image\\\/\",\"url\":\"https:\\\/\\\/juntscontraelcancer.cat\\\/wp-content\\\/uploads\\\/2023\\\/01\\\/logo-fecec-header.png\",\"contentUrl\":\"https:\\\/\\\/juntscontraelcancer.cat\\\/wp-content\\\/uploads\\\/2023\\\/01\\\/logo-fecec-header.png\",\"width\":126,\"height\":74,\"caption\":\"Junts contra el c\u00e0ncer - FECEC\"},\"image\":{\"@id\":\"https:\\\/\\\/juntscontraelcancer.cat\\\/es\\\/#\\\/schema\\\/logo\\\/image\\\/\"},\"sameAs\":[\"https:\\\/\\\/www.facebook.com\\\/fecec.federacio\\\/\",\"https:\\\/\\\/x.com\\\/FececFederacio\",\"https:\\\/\\\/www.instagram.com\\\/fececfederacio\\\/?hl=es\",\"https:\\\/\\\/www.youtube.com\\\/channel\\\/UCgAC_6c6hmHwMQhSCQyYBdA\"]},{\"@type\":\"Person\",\"@id\":\"https:\\\/\\\/juntscontraelcancer.cat\\\/es\\\/#\\\/schema\\\/person\\\/14c85cb9b3aeddea8f9087bea375813f\",\"name\":\"Pukkas\",\"image\":{\"@type\":\"ImageObject\",\"inLanguage\":\"es\",\"@id\":\"https:\\\/\\\/secure.gravatar.com\\\/avatar\\\/7433209641beafe57dbfd32b83f1c28fb7da2f23c98b47d02c7623ce350a0e9f?s=96&d=mm&r=g\",\"url\":\"https:\\\/\\\/secure.gravatar.com\\\/avatar\\\/7433209641beafe57dbfd32b83f1c28fb7da2f23c98b47d02c7623ce350a0e9f?s=96&d=mm&r=g\",\"contentUrl\":\"https:\\\/\\\/secure.gravatar.com\\\/avatar\\\/7433209641beafe57dbfd32b83f1c28fb7da2f23c98b47d02c7623ce350a0e9f?s=96&d=mm&r=g\",\"caption\":\"Pukkas\"},\"sameAs\":[\"https:\\\/\\\/juntscontraelcancer.cat\"]}]}<\/script>\n<!-- \/ Yoast SEO plugin. -->","yoast_head_json":{"title":"Todo a punto para la VIII edici\u00f3n de la campa\u00f1a solidaria \"Posem-li pebrots al c\u00e0ncer\" - Junts contra el c\u00e0ncer - FECEC","robots":{"index":"index","follow":"follow","max-snippet":"max-snippet:-1","max-image-preview":"max-image-preview:large","max-video-preview":"max-video-preview:-1"},"canonical":"https:\/\/juntscontraelcancer.cat\/es\/todo-a-punto-para-la-viii-edicion-de-la-campana-solidaria-posem-li-pebrots-al-cancer\/","og_locale":"es_ES","og_type":"article","og_title":"Todo a punto para la VIII edici\u00f3n de la campa\u00f1a solidaria \"Posem-li pebrots al c\u00e0ncer\" - Junts contra el c\u00e0ncer - FECEC","og_description":"La campa\u00f1a solidaria \u00abPosem-li pebrots al c\u00e0ncer\u00bb vuelve este viernes y s\u00e1bado, 8 y 9 de abril. La Federaci\u00f3n Catalana de Entidades Contra el C\u00e1ncer (FECEC) y Condis Supermercados impulsan por octavo a\u00f1o consecutivo esta iniciativa, que sirve para recaudar fondos para los programas de apoyo y atenci\u00f3n a los enfermos de c\u00e1ncer y sus [...]","og_url":"https:\/\/juntscontraelcancer.cat\/es\/todo-a-punto-para-la-viii-edicion-de-la-campana-solidaria-posem-li-pebrots-al-cancer\/","og_site_name":"Junts contra el c\u00e0ncer - FECEC","article_publisher":"https:\/\/www.facebook.com\/fecec.federacio\/","article_published_time":"2022-04-03T22:00:00+00:00","article_modified_time":"2023-06-12T09:51:35+00:00","og_image":[{"width":1438,"height":604,"url":"https:\/\/juntscontraelcancer.cat\/wp-content\/uploads\/2023\/04\/345x145-destacat-1-2.jpg","type":"image\/jpeg"}],"author":"Pukkas","twitter_card":"summary_large_image","twitter_creator":"@FececFederacio","twitter_site":"@FececFederacio","twitter_misc":{"Escrito por":"Pukkas","Tiempo de lectura":"2 minutos"},"schema":{"@context":"https:\/\/schema.org","@graph":[{"@type":"Article","@id":"https:\/\/juntscontraelcancer.cat\/es\/todo-a-punto-para-la-viii-edicion-de-la-campana-solidaria-posem-li-pebrots-al-cancer\/#article","isPartOf":{"@id":"https:\/\/juntscontraelcancer.cat\/es\/todo-a-punto-para-la-viii-edicion-de-la-campana-solidaria-posem-li-pebrots-al-cancer\/"},"author":{"name":"Pukkas","@id":"https:\/\/juntscontraelcancer.cat\/es\/#\/schema\/person\/14c85cb9b3aeddea8f9087bea375813f"},"headline":"Todo a punto para la VIII edici\u00f3n de la campa\u00f1a solidaria \u00abPosem-li pebrots al c\u00e0ncer\u00bb","datePublished":"2022-04-03T22:00:00+00:00","dateModified":"2023-06-12T09:51:35+00:00","mainEntityOfPage":{"@id":"https:\/\/juntscontraelcancer.cat\/es\/todo-a-punto-para-la-viii-edicion-de-la-campana-solidaria-posem-li-pebrots-al-cancer\/"},"wordCount":371,"publisher":{"@id":"https:\/\/juntscontraelcancer.cat\/es\/#organization"},"image":{"@id":"https:\/\/juntscontraelcancer.cat\/es\/todo-a-punto-para-la-viii-edicion-de-la-campana-solidaria-posem-li-pebrots-al-cancer\/#primaryimage"},"thumbnailUrl":"https:\/\/juntscontraelcancer.cat\/wp-content\/uploads\/2023\/04\/345x145-destacat-1-2.jpg","articleSection":["Actualidad","Actualitat","Destacadas","Destacats"],"inLanguage":"es"},{"@type":"WebPage","@id":"https:\/\/juntscontraelcancer.cat\/es\/todo-a-punto-para-la-viii-edicion-de-la-campana-solidaria-posem-li-pebrots-al-cancer\/","url":"https:\/\/juntscontraelcancer.cat\/es\/todo-a-punto-para-la-viii-edicion-de-la-campana-solidaria-posem-li-pebrots-al-cancer\/","name":"Todo a punto para la VIII edici\u00f3n de la campa\u00f1a solidaria \"Posem-li pebrots al c\u00e0ncer\" - Junts contra el c\u00e0ncer - FECEC","isPartOf":{"@id":"https:\/\/juntscontraelcancer.cat\/es\/#website"},"primaryImageOfPage":{"@id":"https:\/\/juntscontraelcancer.cat\/es\/todo-a-punto-para-la-viii-edicion-de-la-campana-solidaria-posem-li-pebrots-al-cancer\/#primaryimage"},"image":{"@id":"https:\/\/juntscontraelcancer.cat\/es\/todo-a-punto-para-la-viii-edicion-de-la-campana-solidaria-posem-li-pebrots-al-cancer\/#primaryimage"},"thumbnailUrl":"https:\/\/juntscontraelcancer.cat\/wp-content\/uploads\/2023\/04\/345x145-destacat-1-2.jpg","datePublished":"2022-04-03T22:00:00+00:00","dateModified":"2023-06-12T09:51:35+00:00","breadcrumb":{"@id":"https:\/\/juntscontraelcancer.cat\/es\/todo-a-punto-para-la-viii-edicion-de-la-campana-solidaria-posem-li-pebrots-al-cancer\/#breadcrumb"},"inLanguage":"es","potentialAction":[{"@type":"ReadAction","target":["https:\/\/juntscontraelcancer.cat\/es\/todo-a-punto-para-la-viii-edicion-de-la-campana-solidaria-posem-li-pebrots-al-cancer\/"]}]},{"@type":"ImageObject","inLanguage":"es","@id":"https:\/\/juntscontraelcancer.cat\/es\/todo-a-punto-para-la-viii-edicion-de-la-campana-solidaria-posem-li-pebrots-al-cancer\/#primaryimage","url":"https:\/\/juntscontraelcancer.cat\/wp-content\/uploads\/2023\/04\/345x145-destacat-1-2.jpg","contentUrl":"https:\/\/juntscontraelcancer.cat\/wp-content\/uploads\/2023\/04\/345x145-destacat-1-2.jpg","width":1438,"height":604},{"@type":"BreadcrumbList","@id":"https:\/\/juntscontraelcancer.cat\/es\/todo-a-punto-para-la-viii-edicion-de-la-campana-solidaria-posem-li-pebrots-al-cancer\/#breadcrumb","itemListElement":[{"@type":"ListItem","position":1,"name":"Inicio","item":"https:\/\/juntscontraelcancer.cat\/es\/"},{"@type":"ListItem","position":2,"name":"Todo a punto para la VIII edici\u00f3n de la campa\u00f1a solidaria &#8220;Posem-li pebrots al c\u00e0ncer&#8221;"}]},{"@type":"WebSite","@id":"https:\/\/juntscontraelcancer.cat\/es\/#website","url":"https:\/\/juntscontraelcancer.cat\/es\/","name":"Junts contra el c\u00e0ncer - FECEC","description":"","publisher":{"@id":"https:\/\/juntscontraelcancer.cat\/es\/#organization"},"potentialAction":[{"@type":"SearchAction","target":{"@type":"EntryPoint","urlTemplate":"https:\/\/juntscontraelcancer.cat\/es\/?s={search_term_string}"},"query-input":{"@type":"PropertyValueSpecification","valueRequired":true,"valueName":"search_term_string"}}],"inLanguage":"es"},{"@type":"Organization","@id":"https:\/\/juntscontraelcancer.cat\/es\/#organization","name":"Junts contra el c\u00e0ncer - FECEC","url":"https:\/\/juntscontraelcancer.cat\/es\/","logo":{"@type":"ImageObject","inLanguage":"es","@id":"https:\/\/juntscontraelcancer.cat\/es\/#\/schema\/logo\/image\/","url":"https:\/\/juntscontraelcancer.cat\/wp-content\/uploads\/2023\/01\/logo-fecec-header.png","contentUrl":"https:\/\/juntscontraelcancer.cat\/wp-content\/uploads\/2023\/01\/logo-fecec-header.png","width":126,"height":74,"caption":"Junts contra el c\u00e0ncer - FECEC"},"image":{"@id":"https:\/\/juntscontraelcancer.cat\/es\/#\/schema\/logo\/image\/"},"sameAs":["https:\/\/www.facebook.com\/fecec.federacio\/","https:\/\/x.com\/FececFederacio","https:\/\/www.instagram.com\/fececfederacio\/?hl=es","https:\/\/www.youtube.com\/channel\/UCgAC_6c6hmHwMQhSCQyYBdA"]},{"@type":"Person","@id":"https:\/\/juntscontraelcancer.cat\/es\/#\/schema\/person\/14c85cb9b3aeddea8f9087bea375813f","name":"Pukkas","image":{"@type":"ImageObject","inLanguage":"es","@id":"https:\/\/secure.gravatar.com\/avatar\/7433209641beafe57dbfd32b83f1c28fb7da2f23c98b47d02c7623ce350a0e9f?s=96&d=mm&r=g","url":"https:\/\/secure.gravatar.com\/avatar\/7433209641beafe57dbfd32b83f1c28fb7da2f23c98b47d02c7623ce350a0e9f?s=96&d=mm&r=g","contentUrl":"https:\/\/secure.gravatar.com\/avatar\/7433209641beafe57dbfd32b83f1c28fb7da2f23c98b47d02c7623ce350a0e9f?s=96&d=mm&r=g","caption":"Pukkas"},"sameAs":["https:\/\/juntscontraelcancer.cat"]}]}},"_links":{"self":[{"href":"https:\/\/juntscontraelcancer.cat\/es\/wp-json\/wp\/v2\/posts\/14914","targetHints":{"allow":["GET"]}}],"collection":[{"href":"https:\/\/juntscontraelcancer.cat\/es\/wp-json\/wp\/v2\/posts"}],"about":[{"href":"https:\/\/juntscontraelcancer.cat\/es\/wp-json\/wp\/v2\/types\/post"}],"author":[{"embeddable":true,"href":"https:\/\/juntscontraelcancer.cat\/es\/wp-json\/wp\/v2\/users\/1"}],"replies":[{"embeddable":true,"href":"https:\/\/juntscontraelcancer.cat\/es\/wp-json\/wp\/v2\/comments?post=14914"}],"version-history":[{"count":1,"href":"https:\/\/juntscontraelcancer.cat\/es\/wp-json\/wp\/v2\/posts\/14914\/revisions"}],"predecessor-version":[{"id":14916,"href":"https:\/\/juntscontraelcancer.cat\/es\/wp-json\/wp\/v2\/posts\/14914\/revisions\/14916"}],"wp:featuredmedia":[{"embeddable":true,"href":"https:\/\/juntscontraelcancer.cat\/es\/wp-json\/wp\/v2\/media\/14917"}],"wp:attachment":[{"href":"https:\/\/juntscontraelcancer.cat\/es\/wp-json\/wp\/v2\/media?parent=14914"}],"wp:term":[{"taxonomy":"category","embeddable":true,"href":"https:\/\/juntscontraelcancer.cat\/es\/wp-json\/wp\/v2\/categories?post=14914"},{"taxonomy":"post_tag","embeddable":true,"href":"https:\/\/juntscontraelcancer.cat\/es\/wp-json\/wp\/v2\/tags?post=14914"}],"curies":[{"name":"wp","href":"https:\/\/api.w.org\/{rel}","templated":true}]}}