{"id":14905,"date":"2022-03-02T00:00:00","date_gmt":"2022-03-01T22:00:00","guid":{"rendered":"https:\/\/junts.enproceso.es\/posem-li-pebrots-al-cancer-se-aplaza-hasta-el-8-y-9-de-abril-por-la-huelga-de-transportes\/"},"modified":"2023-06-12T11:51:35","modified_gmt":"2023-06-12T09:51:35","slug":"posem-li-pebrots-al-cancer-se-aplaza-hasta-el-8-y-9-de-abril-por-la-huelga-de-transportes","status":"publish","type":"post","link":"https:\/\/juntscontraelcancer.cat\/es\/posem-li-pebrots-al-cancer-se-aplaza-hasta-el-8-y-9-de-abril-por-la-huelga-de-transportes\/","title":{"rendered":"\u00abPosem-li pebrots al c\u00e0ncer\u00bb se aplaza hasta el 8 y 9 de abril por la huelga de transportes"},"content":{"rendered":"<p><strong>Por motivos de la huelga de transportes, la campa\u00f1a solidaria \u201cPosem-li pebrots al c\u00e0ncer\u201d se aplaza hasta los d\u00edas 8 y 9 de abril. Desde la Federaci\u00f3n Catalana de Entidades contra el C\u00e1ncer (FECEC) hacemos un llamamiento al voluntariado para colaborar un a\u00f1o m\u00e1s en la campa\u00f1a y recaudar fondo para ayudar a personas enfermas de c\u00e1ncer.<\/strong><\/p>\n<p><a href=\"https:\/\/juntscontraelcancer.cat\/wp-content\/uploads\/2023\/04\/851x315-facebook-2.jpg\"><img loading=\"lazy\" decoding=\"async\" src=\"https:\/\/juntscontraelcancer.cat\/wp-content\/uploads\/2023\/04\/851x315-facebook-2-1024x430.jpg\" alt=\"851x315 facebook\" width=\"625\" height=\"262\" class=\"alignnone size-large wp-image-38312\" \/><\/a><\/p>\n<p>La campa\u00f1a de la <strong>FECEC<\/strong> llega a los <strong>supermercados Condis<\/strong> el 8 y 9 de abril donde se distribuyen <strong>bolsas de pimientos entre los clientes a un precio simb\u00f3lico de un euro y medio<\/strong>. El objetivo de \u2018<strong>Posem-li pebrots al c\u00e0ncer<\/strong>\u2019 es fomentar la solidaridad con las personas que sufren la enfermedad, difundir la tarea de acompa\u00f1amiento que hacen las entidades vinculadas a la FECEC y tambi\u00e9n conseguir fondos para continuar desarrollando los programas de atenci\u00f3n y ayuda a las personas enfermas y a sus familiares.<\/p>\n<p>Para que la campa\u00f1a llegue a los <strong>m\u00e1s de 450 supermercados,<\/strong> de Condis en Catalu\u00f1a adheridos en la iniciativa, la FECEC hace un llamamiento al voluntariado. Se trata que las personas voluntarias ayuden a vender las bolsas de pimientos e informen a los clientes sobre la finalidad de la campa\u00f1a.<\/p>\n<p><strong>Puedes apuntarte como voluntario\/a en cualquier franja horaria del 8 y 9 de abril a trav\u00e9s de<a href=\"https:\/\/docs.google.com\/forms\/d\/e\/1FAIpQLSero92zxoUs9ik_tWJRm463u-eoFGcmure1GuefRHkJaXuK1w\/viewform\" target=\"_blank\" rel=\"noopener\"> este formulario<\/a>, en el que\u00a0tienes que escoger el supermercado donde quieres colaborar con la campa\u00f1a.<\/strong><\/p>\n<p><strong><a href=\"https:\/\/docs.google.com\/forms\/d\/e\/1FAIpQLSero92zxoUs9ik_tWJRm463u-eoFGcmure1GuefRHkJaXuK1w\/viewform\" target=\"_blank\" rel=\"noopener\">S\u00cd, quiero participar<\/a><\/strong><\/p>\n<p>Aqu\u00ed puedes consultar el <strong><a href=\"https:\/\/www.juntscontraelcancer.cat\/wp-content\/uploads\/2022\/03\/LListat-establiments-web-2022-3.pdf\" target=\"_blank\" rel=\"noopener\">listado de establecimientos<\/a>.<\/strong><\/p>\n","protected":false},"excerpt":{"rendered":"<p>Por motivos de la huelga de transportes, la campa\u00f1a solidaria \u201cPosem-li pebrots al c\u00e0ncer\u201d se aplaza hasta los d\u00edas 8 y 9 de abril. Desde la Federaci\u00f3n Catalana de Entidades contra el C\u00e1ncer (FECEC) hacemos un llamamiento al voluntariado para colaborar un a\u00f1o m\u00e1s en la campa\u00f1a y recaudar fondo para ayudar a personas enfermas [&#8230;]\n","protected":false},"author":1,"featured_media":14908,"comment_status":"closed","ping_status":"open","sticky":false,"template":"","format":"standard","meta":{"_acf_changed":false,"inline_featured_image":false,"footnotes":""},"categories":[84,3,86,68],"tags":[],"class_list":["post-14905","post","type-post","status-publish","format-standard","has-post-thumbnail","hentry","category-actualidad","category-actualitat","category-destacadas","category-destaquem"],"acf":[],"yoast_head":"<!-- This site is optimized with the Yoast SEO plugin v27.3 - https:\/\/yoast.com\/product\/yoast-seo-wordpress\/ -->\n<title>&quot;Posem-li pebrots al c\u00e0ncer&quot; se aplaza hasta el 8 y 9 de abril por la huelga de transportes - Junts contra el c\u00e0ncer - FECEC<\/title>\n<meta name=\"robots\" content=\"index, follow, max-snippet:-1, max-image-preview:large, max-video-preview:-1\" \/>\n<link rel=\"canonical\" href=\"https:\/\/juntscontraelcancer.cat\/es\/posem-li-pebrots-al-cancer-se-aplaza-hasta-el-8-y-9-de-abril-por-la-huelga-de-transportes\/\" \/>\n<meta property=\"og:locale\" content=\"es_ES\" \/>\n<meta property=\"og:type\" content=\"article\" \/>\n<meta property=\"og:title\" content=\"&quot;Posem-li pebrots al c\u00e0ncer&quot; se aplaza hasta el 8 y 9 de abril por la huelga de transportes - Junts contra el c\u00e0ncer - FECEC\" \/>\n<meta property=\"og:description\" content=\"Por motivos de la huelga de transportes, la campa\u00f1a solidaria \u201cPosem-li pebrots al c\u00e0ncer\u201d se aplaza hasta los d\u00edas 8 y 9 de abril. Desde la Federaci\u00f3n Catalana de Entidades contra el C\u00e1ncer (FECEC) hacemos un llamamiento al voluntariado para colaborar un a\u00f1o m\u00e1s en la campa\u00f1a y recaudar fondo para ayudar a personas enfermas [...]\" \/>\n<meta property=\"og:url\" content=\"https:\/\/juntscontraelcancer.cat\/es\/posem-li-pebrots-al-cancer-se-aplaza-hasta-el-8-y-9-de-abril-por-la-huelga-de-transportes\/\" \/>\n<meta property=\"og:site_name\" content=\"Junts contra el c\u00e0ncer - FECEC\" \/>\n<meta property=\"article:publisher\" content=\"https:\/\/www.facebook.com\/fecec.federacio\/\" \/>\n<meta property=\"article:published_time\" content=\"2022-03-01T22:00:00+00:00\" \/>\n<meta property=\"article:modified_time\" content=\"2023-06-12T09:51:35+00:00\" \/>\n<meta property=\"og:image\" content=\"https:\/\/juntscontraelcancer.cat\/wp-content\/uploads\/2023\/04\/345x145-destacat-1-1.jpg\" \/>\n\t<meta property=\"og:image:width\" content=\"1438\" \/>\n\t<meta property=\"og:image:height\" content=\"604\" \/>\n\t<meta property=\"og:image:type\" content=\"image\/jpeg\" \/>\n<meta name=\"author\" content=\"Pukkas\" \/>\n<meta name=\"twitter:card\" content=\"summary_large_image\" \/>\n<meta name=\"twitter:creator\" content=\"@FececFederacio\" \/>\n<meta name=\"twitter:site\" content=\"@FececFederacio\" \/>\n<meta name=\"twitter:label1\" content=\"Escrito por\" \/>\n\t<meta name=\"twitter:data1\" content=\"Pukkas\" \/>\n\t<meta name=\"twitter:label2\" content=\"Tiempo de lectura\" \/>\n\t<meta name=\"twitter:data2\" content=\"1 minuto\" \/>\n<script type=\"application\/ld+json\" class=\"yoast-schema-graph\">{\"@context\":\"https:\\\/\\\/schema.org\",\"@graph\":[{\"@type\":\"Article\",\"@id\":\"https:\\\/\\\/juntscontraelcancer.cat\\\/es\\\/posem-li-pebrots-al-cancer-se-aplaza-hasta-el-8-y-9-de-abril-por-la-huelga-de-transportes\\\/#article\",\"isPartOf\":{\"@id\":\"https:\\\/\\\/juntscontraelcancer.cat\\\/es\\\/posem-li-pebrots-al-cancer-se-aplaza-hasta-el-8-y-9-de-abril-por-la-huelga-de-transportes\\\/\"},\"author\":{\"name\":\"Pukkas\",\"@id\":\"https:\\\/\\\/juntscontraelcancer.cat\\\/es\\\/#\\\/schema\\\/person\\\/14c85cb9b3aeddea8f9087bea375813f\"},\"headline\":\"\u00abPosem-li pebrots al c\u00e0ncer\u00bb se aplaza hasta el 8 y 9 de abril por la huelga de transportes\",\"datePublished\":\"2022-03-01T22:00:00+00:00\",\"dateModified\":\"2023-06-12T09:51:35+00:00\",\"mainEntityOfPage\":{\"@id\":\"https:\\\/\\\/juntscontraelcancer.cat\\\/es\\\/posem-li-pebrots-al-cancer-se-aplaza-hasta-el-8-y-9-de-abril-por-la-huelga-de-transportes\\\/\"},\"wordCount\":268,\"publisher\":{\"@id\":\"https:\\\/\\\/juntscontraelcancer.cat\\\/es\\\/#organization\"},\"image\":{\"@id\":\"https:\\\/\\\/juntscontraelcancer.cat\\\/es\\\/posem-li-pebrots-al-cancer-se-aplaza-hasta-el-8-y-9-de-abril-por-la-huelga-de-transportes\\\/#primaryimage\"},\"thumbnailUrl\":\"https:\\\/\\\/juntscontraelcancer.cat\\\/wp-content\\\/uploads\\\/2023\\\/04\\\/345x145-destacat-1-1.jpg\",\"articleSection\":[\"Actualidad\",\"Actualitat\",\"Destacadas\",\"Destacats\"],\"inLanguage\":\"es\"},{\"@type\":\"WebPage\",\"@id\":\"https:\\\/\\\/juntscontraelcancer.cat\\\/es\\\/posem-li-pebrots-al-cancer-se-aplaza-hasta-el-8-y-9-de-abril-por-la-huelga-de-transportes\\\/\",\"url\":\"https:\\\/\\\/juntscontraelcancer.cat\\\/es\\\/posem-li-pebrots-al-cancer-se-aplaza-hasta-el-8-y-9-de-abril-por-la-huelga-de-transportes\\\/\",\"name\":\"\\\"Posem-li pebrots al c\u00e0ncer\\\" se aplaza hasta el 8 y 9 de abril por la huelga de transportes - Junts contra el c\u00e0ncer - FECEC\",\"isPartOf\":{\"@id\":\"https:\\\/\\\/juntscontraelcancer.cat\\\/es\\\/#website\"},\"primaryImageOfPage\":{\"@id\":\"https:\\\/\\\/juntscontraelcancer.cat\\\/es\\\/posem-li-pebrots-al-cancer-se-aplaza-hasta-el-8-y-9-de-abril-por-la-huelga-de-transportes\\\/#primaryimage\"},\"image\":{\"@id\":\"https:\\\/\\\/juntscontraelcancer.cat\\\/es\\\/posem-li-pebrots-al-cancer-se-aplaza-hasta-el-8-y-9-de-abril-por-la-huelga-de-transportes\\\/#primaryimage\"},\"thumbnailUrl\":\"https:\\\/\\\/juntscontraelcancer.cat\\\/wp-content\\\/uploads\\\/2023\\\/04\\\/345x145-destacat-1-1.jpg\",\"datePublished\":\"2022-03-01T22:00:00+00:00\",\"dateModified\":\"2023-06-12T09:51:35+00:00\",\"breadcrumb\":{\"@id\":\"https:\\\/\\\/juntscontraelcancer.cat\\\/es\\\/posem-li-pebrots-al-cancer-se-aplaza-hasta-el-8-y-9-de-abril-por-la-huelga-de-transportes\\\/#breadcrumb\"},\"inLanguage\":\"es\",\"potentialAction\":[{\"@type\":\"ReadAction\",\"target\":[\"https:\\\/\\\/juntscontraelcancer.cat\\\/es\\\/posem-li-pebrots-al-cancer-se-aplaza-hasta-el-8-y-9-de-abril-por-la-huelga-de-transportes\\\/\"]}]},{\"@type\":\"ImageObject\",\"inLanguage\":\"es\",\"@id\":\"https:\\\/\\\/juntscontraelcancer.cat\\\/es\\\/posem-li-pebrots-al-cancer-se-aplaza-hasta-el-8-y-9-de-abril-por-la-huelga-de-transportes\\\/#primaryimage\",\"url\":\"https:\\\/\\\/juntscontraelcancer.cat\\\/wp-content\\\/uploads\\\/2023\\\/04\\\/345x145-destacat-1-1.jpg\",\"contentUrl\":\"https:\\\/\\\/juntscontraelcancer.cat\\\/wp-content\\\/uploads\\\/2023\\\/04\\\/345x145-destacat-1-1.jpg\",\"width\":1438,\"height\":604},{\"@type\":\"BreadcrumbList\",\"@id\":\"https:\\\/\\\/juntscontraelcancer.cat\\\/es\\\/posem-li-pebrots-al-cancer-se-aplaza-hasta-el-8-y-9-de-abril-por-la-huelga-de-transportes\\\/#breadcrumb\",\"itemListElement\":[{\"@type\":\"ListItem\",\"position\":1,\"name\":\"Inicio\",\"item\":\"https:\\\/\\\/juntscontraelcancer.cat\\\/es\\\/\"},{\"@type\":\"ListItem\",\"position\":2,\"name\":\"\u00abPosem-li pebrots al c\u00e0ncer\u00bb se aplaza hasta el 8 y 9 de abril por la huelga de transportes\"}]},{\"@type\":\"WebSite\",\"@id\":\"https:\\\/\\\/juntscontraelcancer.cat\\\/es\\\/#website\",\"url\":\"https:\\\/\\\/juntscontraelcancer.cat\\\/es\\\/\",\"name\":\"Junts contra el c\u00e0ncer - FECEC\",\"description\":\"\",\"publisher\":{\"@id\":\"https:\\\/\\\/juntscontraelcancer.cat\\\/es\\\/#organization\"},\"potentialAction\":[{\"@type\":\"SearchAction\",\"target\":{\"@type\":\"EntryPoint\",\"urlTemplate\":\"https:\\\/\\\/juntscontraelcancer.cat\\\/es\\\/?s={search_term_string}\"},\"query-input\":{\"@type\":\"PropertyValueSpecification\",\"valueRequired\":true,\"valueName\":\"search_term_string\"}}],\"inLanguage\":\"es\"},{\"@type\":\"Organization\",\"@id\":\"https:\\\/\\\/juntscontraelcancer.cat\\\/es\\\/#organization\",\"name\":\"Junts contra el c\u00e0ncer - FECEC\",\"url\":\"https:\\\/\\\/juntscontraelcancer.cat\\\/es\\\/\",\"logo\":{\"@type\":\"ImageObject\",\"inLanguage\":\"es\",\"@id\":\"https:\\\/\\\/juntscontraelcancer.cat\\\/es\\\/#\\\/schema\\\/logo\\\/image\\\/\",\"url\":\"https:\\\/\\\/juntscontraelcancer.cat\\\/wp-content\\\/uploads\\\/2023\\\/01\\\/logo-fecec-header.png\",\"contentUrl\":\"https:\\\/\\\/juntscontraelcancer.cat\\\/wp-content\\\/uploads\\\/2023\\\/01\\\/logo-fecec-header.png\",\"width\":126,\"height\":74,\"caption\":\"Junts contra el c\u00e0ncer - FECEC\"},\"image\":{\"@id\":\"https:\\\/\\\/juntscontraelcancer.cat\\\/es\\\/#\\\/schema\\\/logo\\\/image\\\/\"},\"sameAs\":[\"https:\\\/\\\/www.facebook.com\\\/fecec.federacio\\\/\",\"https:\\\/\\\/x.com\\\/FececFederacio\",\"https:\\\/\\\/www.instagram.com\\\/fececfederacio\\\/?hl=es\",\"https:\\\/\\\/www.youtube.com\\\/channel\\\/UCgAC_6c6hmHwMQhSCQyYBdA\"]},{\"@type\":\"Person\",\"@id\":\"https:\\\/\\\/juntscontraelcancer.cat\\\/es\\\/#\\\/schema\\\/person\\\/14c85cb9b3aeddea8f9087bea375813f\",\"name\":\"Pukkas\",\"image\":{\"@type\":\"ImageObject\",\"inLanguage\":\"es\",\"@id\":\"https:\\\/\\\/secure.gravatar.com\\\/avatar\\\/7433209641beafe57dbfd32b83f1c28fb7da2f23c98b47d02c7623ce350a0e9f?s=96&d=mm&r=g\",\"url\":\"https:\\\/\\\/secure.gravatar.com\\\/avatar\\\/7433209641beafe57dbfd32b83f1c28fb7da2f23c98b47d02c7623ce350a0e9f?s=96&d=mm&r=g\",\"contentUrl\":\"https:\\\/\\\/secure.gravatar.com\\\/avatar\\\/7433209641beafe57dbfd32b83f1c28fb7da2f23c98b47d02c7623ce350a0e9f?s=96&d=mm&r=g\",\"caption\":\"Pukkas\"},\"sameAs\":[\"https:\\\/\\\/juntscontraelcancer.cat\"]}]}<\/script>\n<!-- \/ Yoast SEO plugin. -->","yoast_head_json":{"title":"\"Posem-li pebrots al c\u00e0ncer\" se aplaza hasta el 8 y 9 de abril por la huelga de transportes - Junts contra el c\u00e0ncer - FECEC","robots":{"index":"index","follow":"follow","max-snippet":"max-snippet:-1","max-image-preview":"max-image-preview:large","max-video-preview":"max-video-preview:-1"},"canonical":"https:\/\/juntscontraelcancer.cat\/es\/posem-li-pebrots-al-cancer-se-aplaza-hasta-el-8-y-9-de-abril-por-la-huelga-de-transportes\/","og_locale":"es_ES","og_type":"article","og_title":"\"Posem-li pebrots al c\u00e0ncer\" se aplaza hasta el 8 y 9 de abril por la huelga de transportes - Junts contra el c\u00e0ncer - FECEC","og_description":"Por motivos de la huelga de transportes, la campa\u00f1a solidaria \u201cPosem-li pebrots al c\u00e0ncer\u201d se aplaza hasta los d\u00edas 8 y 9 de abril. Desde la Federaci\u00f3n Catalana de Entidades contra el C\u00e1ncer (FECEC) hacemos un llamamiento al voluntariado para colaborar un a\u00f1o m\u00e1s en la campa\u00f1a y recaudar fondo para ayudar a personas enfermas [...]","og_url":"https:\/\/juntscontraelcancer.cat\/es\/posem-li-pebrots-al-cancer-se-aplaza-hasta-el-8-y-9-de-abril-por-la-huelga-de-transportes\/","og_site_name":"Junts contra el c\u00e0ncer - FECEC","article_publisher":"https:\/\/www.facebook.com\/fecec.federacio\/","article_published_time":"2022-03-01T22:00:00+00:00","article_modified_time":"2023-06-12T09:51:35+00:00","og_image":[{"width":1438,"height":604,"url":"https:\/\/juntscontraelcancer.cat\/wp-content\/uploads\/2023\/04\/345x145-destacat-1-1.jpg","type":"image\/jpeg"}],"author":"Pukkas","twitter_card":"summary_large_image","twitter_creator":"@FececFederacio","twitter_site":"@FececFederacio","twitter_misc":{"Escrito por":"Pukkas","Tiempo de lectura":"1 minuto"},"schema":{"@context":"https:\/\/schema.org","@graph":[{"@type":"Article","@id":"https:\/\/juntscontraelcancer.cat\/es\/posem-li-pebrots-al-cancer-se-aplaza-hasta-el-8-y-9-de-abril-por-la-huelga-de-transportes\/#article","isPartOf":{"@id":"https:\/\/juntscontraelcancer.cat\/es\/posem-li-pebrots-al-cancer-se-aplaza-hasta-el-8-y-9-de-abril-por-la-huelga-de-transportes\/"},"author":{"name":"Pukkas","@id":"https:\/\/juntscontraelcancer.cat\/es\/#\/schema\/person\/14c85cb9b3aeddea8f9087bea375813f"},"headline":"\u00abPosem-li pebrots al c\u00e0ncer\u00bb se aplaza hasta el 8 y 9 de abril por la huelga de transportes","datePublished":"2022-03-01T22:00:00+00:00","dateModified":"2023-06-12T09:51:35+00:00","mainEntityOfPage":{"@id":"https:\/\/juntscontraelcancer.cat\/es\/posem-li-pebrots-al-cancer-se-aplaza-hasta-el-8-y-9-de-abril-por-la-huelga-de-transportes\/"},"wordCount":268,"publisher":{"@id":"https:\/\/juntscontraelcancer.cat\/es\/#organization"},"image":{"@id":"https:\/\/juntscontraelcancer.cat\/es\/posem-li-pebrots-al-cancer-se-aplaza-hasta-el-8-y-9-de-abril-por-la-huelga-de-transportes\/#primaryimage"},"thumbnailUrl":"https:\/\/juntscontraelcancer.cat\/wp-content\/uploads\/2023\/04\/345x145-destacat-1-1.jpg","articleSection":["Actualidad","Actualitat","Destacadas","Destacats"],"inLanguage":"es"},{"@type":"WebPage","@id":"https:\/\/juntscontraelcancer.cat\/es\/posem-li-pebrots-al-cancer-se-aplaza-hasta-el-8-y-9-de-abril-por-la-huelga-de-transportes\/","url":"https:\/\/juntscontraelcancer.cat\/es\/posem-li-pebrots-al-cancer-se-aplaza-hasta-el-8-y-9-de-abril-por-la-huelga-de-transportes\/","name":"\"Posem-li pebrots al c\u00e0ncer\" se aplaza hasta el 8 y 9 de abril por la huelga de transportes - Junts contra el c\u00e0ncer - FECEC","isPartOf":{"@id":"https:\/\/juntscontraelcancer.cat\/es\/#website"},"primaryImageOfPage":{"@id":"https:\/\/juntscontraelcancer.cat\/es\/posem-li-pebrots-al-cancer-se-aplaza-hasta-el-8-y-9-de-abril-por-la-huelga-de-transportes\/#primaryimage"},"image":{"@id":"https:\/\/juntscontraelcancer.cat\/es\/posem-li-pebrots-al-cancer-se-aplaza-hasta-el-8-y-9-de-abril-por-la-huelga-de-transportes\/#primaryimage"},"thumbnailUrl":"https:\/\/juntscontraelcancer.cat\/wp-content\/uploads\/2023\/04\/345x145-destacat-1-1.jpg","datePublished":"2022-03-01T22:00:00+00:00","dateModified":"2023-06-12T09:51:35+00:00","breadcrumb":{"@id":"https:\/\/juntscontraelcancer.cat\/es\/posem-li-pebrots-al-cancer-se-aplaza-hasta-el-8-y-9-de-abril-por-la-huelga-de-transportes\/#breadcrumb"},"inLanguage":"es","potentialAction":[{"@type":"ReadAction","target":["https:\/\/juntscontraelcancer.cat\/es\/posem-li-pebrots-al-cancer-se-aplaza-hasta-el-8-y-9-de-abril-por-la-huelga-de-transportes\/"]}]},{"@type":"ImageObject","inLanguage":"es","@id":"https:\/\/juntscontraelcancer.cat\/es\/posem-li-pebrots-al-cancer-se-aplaza-hasta-el-8-y-9-de-abril-por-la-huelga-de-transportes\/#primaryimage","url":"https:\/\/juntscontraelcancer.cat\/wp-content\/uploads\/2023\/04\/345x145-destacat-1-1.jpg","contentUrl":"https:\/\/juntscontraelcancer.cat\/wp-content\/uploads\/2023\/04\/345x145-destacat-1-1.jpg","width":1438,"height":604},{"@type":"BreadcrumbList","@id":"https:\/\/juntscontraelcancer.cat\/es\/posem-li-pebrots-al-cancer-se-aplaza-hasta-el-8-y-9-de-abril-por-la-huelga-de-transportes\/#breadcrumb","itemListElement":[{"@type":"ListItem","position":1,"name":"Inicio","item":"https:\/\/juntscontraelcancer.cat\/es\/"},{"@type":"ListItem","position":2,"name":"\u00abPosem-li pebrots al c\u00e0ncer\u00bb se aplaza hasta el 8 y 9 de abril por la huelga de transportes"}]},{"@type":"WebSite","@id":"https:\/\/juntscontraelcancer.cat\/es\/#website","url":"https:\/\/juntscontraelcancer.cat\/es\/","name":"Junts contra el c\u00e0ncer - FECEC","description":"","publisher":{"@id":"https:\/\/juntscontraelcancer.cat\/es\/#organization"},"potentialAction":[{"@type":"SearchAction","target":{"@type":"EntryPoint","urlTemplate":"https:\/\/juntscontraelcancer.cat\/es\/?s={search_term_string}"},"query-input":{"@type":"PropertyValueSpecification","valueRequired":true,"valueName":"search_term_string"}}],"inLanguage":"es"},{"@type":"Organization","@id":"https:\/\/juntscontraelcancer.cat\/es\/#organization","name":"Junts contra el c\u00e0ncer - FECEC","url":"https:\/\/juntscontraelcancer.cat\/es\/","logo":{"@type":"ImageObject","inLanguage":"es","@id":"https:\/\/juntscontraelcancer.cat\/es\/#\/schema\/logo\/image\/","url":"https:\/\/juntscontraelcancer.cat\/wp-content\/uploads\/2023\/01\/logo-fecec-header.png","contentUrl":"https:\/\/juntscontraelcancer.cat\/wp-content\/uploads\/2023\/01\/logo-fecec-header.png","width":126,"height":74,"caption":"Junts contra el c\u00e0ncer - FECEC"},"image":{"@id":"https:\/\/juntscontraelcancer.cat\/es\/#\/schema\/logo\/image\/"},"sameAs":["https:\/\/www.facebook.com\/fecec.federacio\/","https:\/\/x.com\/FececFederacio","https:\/\/www.instagram.com\/fececfederacio\/?hl=es","https:\/\/www.youtube.com\/channel\/UCgAC_6c6hmHwMQhSCQyYBdA"]},{"@type":"Person","@id":"https:\/\/juntscontraelcancer.cat\/es\/#\/schema\/person\/14c85cb9b3aeddea8f9087bea375813f","name":"Pukkas","image":{"@type":"ImageObject","inLanguage":"es","@id":"https:\/\/secure.gravatar.com\/avatar\/7433209641beafe57dbfd32b83f1c28fb7da2f23c98b47d02c7623ce350a0e9f?s=96&d=mm&r=g","url":"https:\/\/secure.gravatar.com\/avatar\/7433209641beafe57dbfd32b83f1c28fb7da2f23c98b47d02c7623ce350a0e9f?s=96&d=mm&r=g","contentUrl":"https:\/\/secure.gravatar.com\/avatar\/7433209641beafe57dbfd32b83f1c28fb7da2f23c98b47d02c7623ce350a0e9f?s=96&d=mm&r=g","caption":"Pukkas"},"sameAs":["https:\/\/juntscontraelcancer.cat"]}]}},"_links":{"self":[{"href":"https:\/\/juntscontraelcancer.cat\/es\/wp-json\/wp\/v2\/posts\/14905","targetHints":{"allow":["GET"]}}],"collection":[{"href":"https:\/\/juntscontraelcancer.cat\/es\/wp-json\/wp\/v2\/posts"}],"about":[{"href":"https:\/\/juntscontraelcancer.cat\/es\/wp-json\/wp\/v2\/types\/post"}],"author":[{"embeddable":true,"href":"https:\/\/juntscontraelcancer.cat\/es\/wp-json\/wp\/v2\/users\/1"}],"replies":[{"embeddable":true,"href":"https:\/\/juntscontraelcancer.cat\/es\/wp-json\/wp\/v2\/comments?post=14905"}],"version-history":[{"count":1,"href":"https:\/\/juntscontraelcancer.cat\/es\/wp-json\/wp\/v2\/posts\/14905\/revisions"}],"predecessor-version":[{"id":14907,"href":"https:\/\/juntscontraelcancer.cat\/es\/wp-json\/wp\/v2\/posts\/14905\/revisions\/14907"}],"wp:featuredmedia":[{"embeddable":true,"href":"https:\/\/juntscontraelcancer.cat\/es\/wp-json\/wp\/v2\/media\/14908"}],"wp:attachment":[{"href":"https:\/\/juntscontraelcancer.cat\/es\/wp-json\/wp\/v2\/media?parent=14905"}],"wp:term":[{"taxonomy":"category","embeddable":true,"href":"https:\/\/juntscontraelcancer.cat\/es\/wp-json\/wp\/v2\/categories?post=14905"},{"taxonomy":"post_tag","embeddable":true,"href":"https:\/\/juntscontraelcancer.cat\/es\/wp-json\/wp\/v2\/tags?post=14905"}],"curies":[{"name":"wp","href":"https:\/\/api.w.org\/{rel}","templated":true}]}}