{"id":14875,"date":"2022-01-10T00:00:00","date_gmt":"2022-01-09T22:00:00","guid":{"rendered":"https:\/\/junts.enproceso.es\/maria-assumpcio-vila-nueva-presidenta-de-la-fecec\/"},"modified":"2023-06-12T11:51:39","modified_gmt":"2023-06-12T09:51:39","slug":"maria-assumpcio-vila-nueva-presidenta-de-la-fecec","status":"publish","type":"post","link":"https:\/\/juntscontraelcancer.cat\/es\/maria-assumpcio-vila-nueva-presidenta-de-la-fecec\/","title":{"rendered":"Maria Assumpci\u00f3 Vil\u00e0, nueva presidenta de la FECEC"},"content":{"rendered":"<p><strong>La Asamblea de la FECEC ha nombrado por unanimidad a Maria Assumpci\u00f3 Vil\u00e0 como nueva presidenta de la federaci\u00f3n. Vil\u00e0 ha desarrollado casi toda su trayectoria profesional en el tercer sector. Desde 1978 y hasta el 2010 ha estado vinculada a la lucha contra el c\u00e1ncer. Fue una de las fundadoras y gerente de Oncolliga, secretaria ejecutiva y t\u00e9cnica a la Asociaci\u00f3n Espa\u00f1ola Contra el C\u00e1ncer, adem\u00e1s de gestionar algunas \u00e1reas de voluntariado oncol\u00f3gico. Desde el a\u00f1o 2010 y hasta octubre del 2021 ha sido S\u00edndica de Greuges de Barcelona.\u00a0<\/strong><\/p>\n<p>Con estas palabras Maria Assumpci\u00f3 Vil\u00e0 se estrena en el cargo:<\/p>\n<p><em><a href=\"https:\/\/juntscontraelcancer.cat\/wp-content\/uploads\/2023\/04\/foto-assumpcio-vila-2-1-scaled.jpg\"><img loading=\"lazy\" decoding=\"async\" class=\" wp-image-37895 alignleft\" src=\"https:\/\/juntscontraelcancer.cat\/wp-content\/uploads\/2023\/04\/foto-assumpcio-vila-2-1-scaled.jpg\" alt=\"foto assumpcio vila\" width=\"277\" height=\"351\" \/><\/a>Estimadas, estimados,<\/em><\/p>\n<p><em>Con mucha ilusi\u00f3n y responsabilidad, asumo el cargo de presidenta de la FECEC. Ya colabor\u00e9 con la federaci\u00f3n en sus inicios, ahora hace 20 a\u00f1os. En aquel momento compart\u00ed con otras personas implicadas la necesidad de agrupar y trabajar unidas todas las entidades catalanas que, desde diferentes \u00e1mbitos, luch\u00e1bamos contra el c\u00e1ncer.<\/em><\/p>\n<p><em>En los \u00faltimos once a\u00f1os mi vida profesional se centr\u00f3 en otro camino: la defensa de la ciudadan\u00eda de la ciudad de Barcelona. Ahora, al acabar esta etapa como s\u00edndica de greuges, vuelvo al lugar donde desempe\u00f1\u00e9 gran parte de mi carrera profesional y de voluntariado. De hecho, desde el a\u00f1o 1978 hasta el 2010, mi trayectoria fue la lucha contra el c\u00e1ncer.<\/em><\/p>\n<p><em>Llego a la presidencia de la FECEC a ra\u00edz de la marcha de Ramon M. Miralles, por motivos de salud, y esto me entristece. \u00c9l es todo un ejemplo a seguir. Ha sabido llevar la federaci\u00f3n por el camino m\u00e1s acertado. Tomo el relevo con la voluntad de continuar en la misma l\u00ednea y encarar los retos de futuro con energ\u00eda e ilusi\u00f3n. <\/em><\/p>\n<p><em>Sin duda, la uni\u00f3n hace la fuerza. Por este motivo, es importante remar plegadas para obtener mejores resultados y acompa\u00f1arnos en esta carrera contra la enfermedad, que ir\u00e1 evolucionando y haciendo camino, con el objetivo de dar la atenci\u00f3n que se merecen a los enfermos de c\u00e1ncer y a sus familiares. En este sentido, la FECEC continuar\u00e1 velando para minimizar el impacto del COVID-19 en los diagn\u00f3sticos y la atenci\u00f3n de los pacientes oncol\u00f3gicos, y tambi\u00e9n con la voluntad de visibilizar la problem\u00e1tica de las personas que han superado un c\u00e1ncer, sobre todo al entorno laboral.<\/em><\/p>\n<p><em>Necesito el esfuerzo de todo el mundo, de todas las entidades y todas las personas, que formamos esta gran familia y que tenemos un camino alentador por delante. Os pido que me acompa\u00f1\u00e9is en esta trayectoria tan estimulante y necesaria para conseguir lo mejor para una sociedad que nos necesita y que espera mucho de nosotros.<\/em><\/p>\n<p><em>Gracias.<\/em><\/p>\n<p><strong>Maria Assumpci\u00f3 Vil\u00e0<\/strong><\/p>\n","protected":false},"excerpt":{"rendered":"<p>La Asamblea de la FECEC ha nombrado por unanimidad a Maria Assumpci\u00f3 Vil\u00e0 como nueva presidenta de la federaci\u00f3n. Vil\u00e0 ha desarrollado casi toda su trayectoria profesional en el tercer sector. Desde 1978 y hasta el 2010 ha estado vinculada a la lucha contra el c\u00e1ncer. Fue una de las fundadoras y gerente de Oncolliga, [&#8230;]\n","protected":false},"author":1,"featured_media":14876,"comment_status":"closed","ping_status":"open","sticky":false,"template":"","format":"standard","meta":{"_acf_changed":false,"inline_featured_image":false,"footnotes":""},"categories":[84,3,86,68],"tags":[],"class_list":["post-14875","post","type-post","status-publish","format-standard","has-post-thumbnail","hentry","category-actualidad","category-actualitat","category-destacadas","category-destaquem"],"acf":[],"yoast_head":"<!-- This site is optimized with the Yoast SEO plugin v27.3 - https:\/\/yoast.com\/product\/yoast-seo-wordpress\/ -->\n<title>Maria Assumpci\u00f3 Vil\u00e0, nueva presidenta de la FECEC - Junts contra el c\u00e0ncer - FECEC<\/title>\n<meta name=\"robots\" content=\"index, follow, max-snippet:-1, max-image-preview:large, max-video-preview:-1\" \/>\n<link rel=\"canonical\" href=\"https:\/\/juntscontraelcancer.cat\/es\/maria-assumpcio-vila-nueva-presidenta-de-la-fecec\/\" \/>\n<meta property=\"og:locale\" content=\"es_ES\" \/>\n<meta property=\"og:type\" content=\"article\" \/>\n<meta property=\"og:title\" content=\"Maria Assumpci\u00f3 Vil\u00e0, nueva presidenta de la FECEC - Junts contra el c\u00e0ncer - FECEC\" \/>\n<meta property=\"og:description\" content=\"La Asamblea de la FECEC ha nombrado por unanimidad a Maria Assumpci\u00f3 Vil\u00e0 como nueva presidenta de la federaci\u00f3n. Vil\u00e0 ha desarrollado casi toda su trayectoria profesional en el tercer sector. Desde 1978 y hasta el 2010 ha estado vinculada a la lucha contra el c\u00e1ncer. Fue una de las fundadoras y gerente de Oncolliga, [...]\" \/>\n<meta property=\"og:url\" content=\"https:\/\/juntscontraelcancer.cat\/es\/maria-assumpcio-vila-nueva-presidenta-de-la-fecec\/\" \/>\n<meta property=\"og:site_name\" content=\"Junts contra el c\u00e0ncer - FECEC\" \/>\n<meta property=\"article:publisher\" content=\"https:\/\/www.facebook.com\/fecec.federacio\/\" \/>\n<meta property=\"article:published_time\" content=\"2022-01-09T22:00:00+00:00\" \/>\n<meta property=\"article:modified_time\" content=\"2023-06-12T09:51:39+00:00\" \/>\n<meta property=\"og:image\" content=\"https:\/\/juntscontraelcancer.cat\/wp-content\/uploads\/2023\/04\/foto-assumpcio-vila-2-1-scaled.jpg\" \/>\n\t<meta property=\"og:image:width\" content=\"2026\" \/>\n\t<meta property=\"og:image:height\" content=\"2560\" \/>\n\t<meta property=\"og:image:type\" content=\"image\/jpeg\" \/>\n<meta name=\"author\" content=\"Pukkas\" \/>\n<meta name=\"twitter:card\" content=\"summary_large_image\" \/>\n<meta name=\"twitter:creator\" content=\"@FececFederacio\" \/>\n<meta name=\"twitter:site\" content=\"@FececFederacio\" \/>\n<meta name=\"twitter:label1\" content=\"Escrito por\" \/>\n\t<meta name=\"twitter:data1\" content=\"Pukkas\" \/>\n\t<meta name=\"twitter:label2\" content=\"Tiempo de lectura\" \/>\n\t<meta name=\"twitter:data2\" content=\"2 minutos\" \/>\n<script type=\"application\/ld+json\" class=\"yoast-schema-graph\">{\"@context\":\"https:\\\/\\\/schema.org\",\"@graph\":[{\"@type\":\"Article\",\"@id\":\"https:\\\/\\\/juntscontraelcancer.cat\\\/es\\\/maria-assumpcio-vila-nueva-presidenta-de-la-fecec\\\/#article\",\"isPartOf\":{\"@id\":\"https:\\\/\\\/juntscontraelcancer.cat\\\/es\\\/maria-assumpcio-vila-nueva-presidenta-de-la-fecec\\\/\"},\"author\":{\"name\":\"Pukkas\",\"@id\":\"https:\\\/\\\/juntscontraelcancer.cat\\\/es\\\/#\\\/schema\\\/person\\\/14c85cb9b3aeddea8f9087bea375813f\"},\"headline\":\"Maria Assumpci\u00f3 Vil\u00e0, nueva presidenta de la FECEC\",\"datePublished\":\"2022-01-09T22:00:00+00:00\",\"dateModified\":\"2023-06-12T09:51:39+00:00\",\"mainEntityOfPage\":{\"@id\":\"https:\\\/\\\/juntscontraelcancer.cat\\\/es\\\/maria-assumpcio-vila-nueva-presidenta-de-la-fecec\\\/\"},\"wordCount\":475,\"publisher\":{\"@id\":\"https:\\\/\\\/juntscontraelcancer.cat\\\/es\\\/#organization\"},\"image\":{\"@id\":\"https:\\\/\\\/juntscontraelcancer.cat\\\/es\\\/maria-assumpcio-vila-nueva-presidenta-de-la-fecec\\\/#primaryimage\"},\"thumbnailUrl\":\"https:\\\/\\\/juntscontraelcancer.cat\\\/wp-content\\\/uploads\\\/2023\\\/04\\\/foto-assumpcio-vila-2-1-scaled.jpg\",\"articleSection\":[\"Actualidad\",\"Actualitat\",\"Destacadas\",\"Destacats\"],\"inLanguage\":\"es\"},{\"@type\":\"WebPage\",\"@id\":\"https:\\\/\\\/juntscontraelcancer.cat\\\/es\\\/maria-assumpcio-vila-nueva-presidenta-de-la-fecec\\\/\",\"url\":\"https:\\\/\\\/juntscontraelcancer.cat\\\/es\\\/maria-assumpcio-vila-nueva-presidenta-de-la-fecec\\\/\",\"name\":\"Maria Assumpci\u00f3 Vil\u00e0, nueva presidenta de la FECEC - Junts contra el c\u00e0ncer - FECEC\",\"isPartOf\":{\"@id\":\"https:\\\/\\\/juntscontraelcancer.cat\\\/es\\\/#website\"},\"primaryImageOfPage\":{\"@id\":\"https:\\\/\\\/juntscontraelcancer.cat\\\/es\\\/maria-assumpcio-vila-nueva-presidenta-de-la-fecec\\\/#primaryimage\"},\"image\":{\"@id\":\"https:\\\/\\\/juntscontraelcancer.cat\\\/es\\\/maria-assumpcio-vila-nueva-presidenta-de-la-fecec\\\/#primaryimage\"},\"thumbnailUrl\":\"https:\\\/\\\/juntscontraelcancer.cat\\\/wp-content\\\/uploads\\\/2023\\\/04\\\/foto-assumpcio-vila-2-1-scaled.jpg\",\"datePublished\":\"2022-01-09T22:00:00+00:00\",\"dateModified\":\"2023-06-12T09:51:39+00:00\",\"breadcrumb\":{\"@id\":\"https:\\\/\\\/juntscontraelcancer.cat\\\/es\\\/maria-assumpcio-vila-nueva-presidenta-de-la-fecec\\\/#breadcrumb\"},\"inLanguage\":\"es\",\"potentialAction\":[{\"@type\":\"ReadAction\",\"target\":[\"https:\\\/\\\/juntscontraelcancer.cat\\\/es\\\/maria-assumpcio-vila-nueva-presidenta-de-la-fecec\\\/\"]}]},{\"@type\":\"ImageObject\",\"inLanguage\":\"es\",\"@id\":\"https:\\\/\\\/juntscontraelcancer.cat\\\/es\\\/maria-assumpcio-vila-nueva-presidenta-de-la-fecec\\\/#primaryimage\",\"url\":\"https:\\\/\\\/juntscontraelcancer.cat\\\/wp-content\\\/uploads\\\/2023\\\/04\\\/foto-assumpcio-vila-2-1-scaled.jpg\",\"contentUrl\":\"https:\\\/\\\/juntscontraelcancer.cat\\\/wp-content\\\/uploads\\\/2023\\\/04\\\/foto-assumpcio-vila-2-1-scaled.jpg\",\"width\":2026,\"height\":2560},{\"@type\":\"BreadcrumbList\",\"@id\":\"https:\\\/\\\/juntscontraelcancer.cat\\\/es\\\/maria-assumpcio-vila-nueva-presidenta-de-la-fecec\\\/#breadcrumb\",\"itemListElement\":[{\"@type\":\"ListItem\",\"position\":1,\"name\":\"Inicio\",\"item\":\"https:\\\/\\\/juntscontraelcancer.cat\\\/es\\\/\"},{\"@type\":\"ListItem\",\"position\":2,\"name\":\"Maria Assumpci\u00f3 Vil\u00e0, nueva presidenta de la FECEC\"}]},{\"@type\":\"WebSite\",\"@id\":\"https:\\\/\\\/juntscontraelcancer.cat\\\/es\\\/#website\",\"url\":\"https:\\\/\\\/juntscontraelcancer.cat\\\/es\\\/\",\"name\":\"Junts contra el c\u00e0ncer - FECEC\",\"description\":\"\",\"publisher\":{\"@id\":\"https:\\\/\\\/juntscontraelcancer.cat\\\/es\\\/#organization\"},\"potentialAction\":[{\"@type\":\"SearchAction\",\"target\":{\"@type\":\"EntryPoint\",\"urlTemplate\":\"https:\\\/\\\/juntscontraelcancer.cat\\\/es\\\/?s={search_term_string}\"},\"query-input\":{\"@type\":\"PropertyValueSpecification\",\"valueRequired\":true,\"valueName\":\"search_term_string\"}}],\"inLanguage\":\"es\"},{\"@type\":\"Organization\",\"@id\":\"https:\\\/\\\/juntscontraelcancer.cat\\\/es\\\/#organization\",\"name\":\"Junts contra el c\u00e0ncer - FECEC\",\"url\":\"https:\\\/\\\/juntscontraelcancer.cat\\\/es\\\/\",\"logo\":{\"@type\":\"ImageObject\",\"inLanguage\":\"es\",\"@id\":\"https:\\\/\\\/juntscontraelcancer.cat\\\/es\\\/#\\\/schema\\\/logo\\\/image\\\/\",\"url\":\"https:\\\/\\\/juntscontraelcancer.cat\\\/wp-content\\\/uploads\\\/2023\\\/01\\\/logo-fecec-header.png\",\"contentUrl\":\"https:\\\/\\\/juntscontraelcancer.cat\\\/wp-content\\\/uploads\\\/2023\\\/01\\\/logo-fecec-header.png\",\"width\":126,\"height\":74,\"caption\":\"Junts contra el c\u00e0ncer - FECEC\"},\"image\":{\"@id\":\"https:\\\/\\\/juntscontraelcancer.cat\\\/es\\\/#\\\/schema\\\/logo\\\/image\\\/\"},\"sameAs\":[\"https:\\\/\\\/www.facebook.com\\\/fecec.federacio\\\/\",\"https:\\\/\\\/x.com\\\/FececFederacio\",\"https:\\\/\\\/www.instagram.com\\\/fececfederacio\\\/?hl=es\",\"https:\\\/\\\/www.youtube.com\\\/channel\\\/UCgAC_6c6hmHwMQhSCQyYBdA\"]},{\"@type\":\"Person\",\"@id\":\"https:\\\/\\\/juntscontraelcancer.cat\\\/es\\\/#\\\/schema\\\/person\\\/14c85cb9b3aeddea8f9087bea375813f\",\"name\":\"Pukkas\",\"image\":{\"@type\":\"ImageObject\",\"inLanguage\":\"es\",\"@id\":\"https:\\\/\\\/secure.gravatar.com\\\/avatar\\\/7433209641beafe57dbfd32b83f1c28fb7da2f23c98b47d02c7623ce350a0e9f?s=96&d=mm&r=g\",\"url\":\"https:\\\/\\\/secure.gravatar.com\\\/avatar\\\/7433209641beafe57dbfd32b83f1c28fb7da2f23c98b47d02c7623ce350a0e9f?s=96&d=mm&r=g\",\"contentUrl\":\"https:\\\/\\\/secure.gravatar.com\\\/avatar\\\/7433209641beafe57dbfd32b83f1c28fb7da2f23c98b47d02c7623ce350a0e9f?s=96&d=mm&r=g\",\"caption\":\"Pukkas\"},\"sameAs\":[\"https:\\\/\\\/juntscontraelcancer.cat\"]}]}<\/script>\n<!-- \/ Yoast SEO plugin. -->","yoast_head_json":{"title":"Maria Assumpci\u00f3 Vil\u00e0, nueva presidenta de la FECEC - Junts contra el c\u00e0ncer - FECEC","robots":{"index":"index","follow":"follow","max-snippet":"max-snippet:-1","max-image-preview":"max-image-preview:large","max-video-preview":"max-video-preview:-1"},"canonical":"https:\/\/juntscontraelcancer.cat\/es\/maria-assumpcio-vila-nueva-presidenta-de-la-fecec\/","og_locale":"es_ES","og_type":"article","og_title":"Maria Assumpci\u00f3 Vil\u00e0, nueva presidenta de la FECEC - Junts contra el c\u00e0ncer - FECEC","og_description":"La Asamblea de la FECEC ha nombrado por unanimidad a Maria Assumpci\u00f3 Vil\u00e0 como nueva presidenta de la federaci\u00f3n. Vil\u00e0 ha desarrollado casi toda su trayectoria profesional en el tercer sector. Desde 1978 y hasta el 2010 ha estado vinculada a la lucha contra el c\u00e1ncer. Fue una de las fundadoras y gerente de Oncolliga, [...]","og_url":"https:\/\/juntscontraelcancer.cat\/es\/maria-assumpcio-vila-nueva-presidenta-de-la-fecec\/","og_site_name":"Junts contra el c\u00e0ncer - FECEC","article_publisher":"https:\/\/www.facebook.com\/fecec.federacio\/","article_published_time":"2022-01-09T22:00:00+00:00","article_modified_time":"2023-06-12T09:51:39+00:00","og_image":[{"width":2026,"height":2560,"url":"https:\/\/juntscontraelcancer.cat\/wp-content\/uploads\/2023\/04\/foto-assumpcio-vila-2-1-scaled.jpg","type":"image\/jpeg"}],"author":"Pukkas","twitter_card":"summary_large_image","twitter_creator":"@FececFederacio","twitter_site":"@FececFederacio","twitter_misc":{"Escrito por":"Pukkas","Tiempo de lectura":"2 minutos"},"schema":{"@context":"https:\/\/schema.org","@graph":[{"@type":"Article","@id":"https:\/\/juntscontraelcancer.cat\/es\/maria-assumpcio-vila-nueva-presidenta-de-la-fecec\/#article","isPartOf":{"@id":"https:\/\/juntscontraelcancer.cat\/es\/maria-assumpcio-vila-nueva-presidenta-de-la-fecec\/"},"author":{"name":"Pukkas","@id":"https:\/\/juntscontraelcancer.cat\/es\/#\/schema\/person\/14c85cb9b3aeddea8f9087bea375813f"},"headline":"Maria Assumpci\u00f3 Vil\u00e0, nueva presidenta de la FECEC","datePublished":"2022-01-09T22:00:00+00:00","dateModified":"2023-06-12T09:51:39+00:00","mainEntityOfPage":{"@id":"https:\/\/juntscontraelcancer.cat\/es\/maria-assumpcio-vila-nueva-presidenta-de-la-fecec\/"},"wordCount":475,"publisher":{"@id":"https:\/\/juntscontraelcancer.cat\/es\/#organization"},"image":{"@id":"https:\/\/juntscontraelcancer.cat\/es\/maria-assumpcio-vila-nueva-presidenta-de-la-fecec\/#primaryimage"},"thumbnailUrl":"https:\/\/juntscontraelcancer.cat\/wp-content\/uploads\/2023\/04\/foto-assumpcio-vila-2-1-scaled.jpg","articleSection":["Actualidad","Actualitat","Destacadas","Destacats"],"inLanguage":"es"},{"@type":"WebPage","@id":"https:\/\/juntscontraelcancer.cat\/es\/maria-assumpcio-vila-nueva-presidenta-de-la-fecec\/","url":"https:\/\/juntscontraelcancer.cat\/es\/maria-assumpcio-vila-nueva-presidenta-de-la-fecec\/","name":"Maria Assumpci\u00f3 Vil\u00e0, nueva presidenta de la FECEC - Junts contra el c\u00e0ncer - FECEC","isPartOf":{"@id":"https:\/\/juntscontraelcancer.cat\/es\/#website"},"primaryImageOfPage":{"@id":"https:\/\/juntscontraelcancer.cat\/es\/maria-assumpcio-vila-nueva-presidenta-de-la-fecec\/#primaryimage"},"image":{"@id":"https:\/\/juntscontraelcancer.cat\/es\/maria-assumpcio-vila-nueva-presidenta-de-la-fecec\/#primaryimage"},"thumbnailUrl":"https:\/\/juntscontraelcancer.cat\/wp-content\/uploads\/2023\/04\/foto-assumpcio-vila-2-1-scaled.jpg","datePublished":"2022-01-09T22:00:00+00:00","dateModified":"2023-06-12T09:51:39+00:00","breadcrumb":{"@id":"https:\/\/juntscontraelcancer.cat\/es\/maria-assumpcio-vila-nueva-presidenta-de-la-fecec\/#breadcrumb"},"inLanguage":"es","potentialAction":[{"@type":"ReadAction","target":["https:\/\/juntscontraelcancer.cat\/es\/maria-assumpcio-vila-nueva-presidenta-de-la-fecec\/"]}]},{"@type":"ImageObject","inLanguage":"es","@id":"https:\/\/juntscontraelcancer.cat\/es\/maria-assumpcio-vila-nueva-presidenta-de-la-fecec\/#primaryimage","url":"https:\/\/juntscontraelcancer.cat\/wp-content\/uploads\/2023\/04\/foto-assumpcio-vila-2-1-scaled.jpg","contentUrl":"https:\/\/juntscontraelcancer.cat\/wp-content\/uploads\/2023\/04\/foto-assumpcio-vila-2-1-scaled.jpg","width":2026,"height":2560},{"@type":"BreadcrumbList","@id":"https:\/\/juntscontraelcancer.cat\/es\/maria-assumpcio-vila-nueva-presidenta-de-la-fecec\/#breadcrumb","itemListElement":[{"@type":"ListItem","position":1,"name":"Inicio","item":"https:\/\/juntscontraelcancer.cat\/es\/"},{"@type":"ListItem","position":2,"name":"Maria Assumpci\u00f3 Vil\u00e0, nueva presidenta de la FECEC"}]},{"@type":"WebSite","@id":"https:\/\/juntscontraelcancer.cat\/es\/#website","url":"https:\/\/juntscontraelcancer.cat\/es\/","name":"Junts contra el c\u00e0ncer - FECEC","description":"","publisher":{"@id":"https:\/\/juntscontraelcancer.cat\/es\/#organization"},"potentialAction":[{"@type":"SearchAction","target":{"@type":"EntryPoint","urlTemplate":"https:\/\/juntscontraelcancer.cat\/es\/?s={search_term_string}"},"query-input":{"@type":"PropertyValueSpecification","valueRequired":true,"valueName":"search_term_string"}}],"inLanguage":"es"},{"@type":"Organization","@id":"https:\/\/juntscontraelcancer.cat\/es\/#organization","name":"Junts contra el c\u00e0ncer - FECEC","url":"https:\/\/juntscontraelcancer.cat\/es\/","logo":{"@type":"ImageObject","inLanguage":"es","@id":"https:\/\/juntscontraelcancer.cat\/es\/#\/schema\/logo\/image\/","url":"https:\/\/juntscontraelcancer.cat\/wp-content\/uploads\/2023\/01\/logo-fecec-header.png","contentUrl":"https:\/\/juntscontraelcancer.cat\/wp-content\/uploads\/2023\/01\/logo-fecec-header.png","width":126,"height":74,"caption":"Junts contra el c\u00e0ncer - FECEC"},"image":{"@id":"https:\/\/juntscontraelcancer.cat\/es\/#\/schema\/logo\/image\/"},"sameAs":["https:\/\/www.facebook.com\/fecec.federacio\/","https:\/\/x.com\/FececFederacio","https:\/\/www.instagram.com\/fececfederacio\/?hl=es","https:\/\/www.youtube.com\/channel\/UCgAC_6c6hmHwMQhSCQyYBdA"]},{"@type":"Person","@id":"https:\/\/juntscontraelcancer.cat\/es\/#\/schema\/person\/14c85cb9b3aeddea8f9087bea375813f","name":"Pukkas","image":{"@type":"ImageObject","inLanguage":"es","@id":"https:\/\/secure.gravatar.com\/avatar\/7433209641beafe57dbfd32b83f1c28fb7da2f23c98b47d02c7623ce350a0e9f?s=96&d=mm&r=g","url":"https:\/\/secure.gravatar.com\/avatar\/7433209641beafe57dbfd32b83f1c28fb7da2f23c98b47d02c7623ce350a0e9f?s=96&d=mm&r=g","contentUrl":"https:\/\/secure.gravatar.com\/avatar\/7433209641beafe57dbfd32b83f1c28fb7da2f23c98b47d02c7623ce350a0e9f?s=96&d=mm&r=g","caption":"Pukkas"},"sameAs":["https:\/\/juntscontraelcancer.cat"]}]}},"_links":{"self":[{"href":"https:\/\/juntscontraelcancer.cat\/es\/wp-json\/wp\/v2\/posts\/14875","targetHints":{"allow":["GET"]}}],"collection":[{"href":"https:\/\/juntscontraelcancer.cat\/es\/wp-json\/wp\/v2\/posts"}],"about":[{"href":"https:\/\/juntscontraelcancer.cat\/es\/wp-json\/wp\/v2\/types\/post"}],"author":[{"embeddable":true,"href":"https:\/\/juntscontraelcancer.cat\/es\/wp-json\/wp\/v2\/users\/1"}],"replies":[{"embeddable":true,"href":"https:\/\/juntscontraelcancer.cat\/es\/wp-json\/wp\/v2\/comments?post=14875"}],"version-history":[{"count":1,"href":"https:\/\/juntscontraelcancer.cat\/es\/wp-json\/wp\/v2\/posts\/14875\/revisions"}],"predecessor-version":[{"id":14877,"href":"https:\/\/juntscontraelcancer.cat\/es\/wp-json\/wp\/v2\/posts\/14875\/revisions\/14877"}],"wp:featuredmedia":[{"embeddable":true,"href":"https:\/\/juntscontraelcancer.cat\/es\/wp-json\/wp\/v2\/media\/14876"}],"wp:attachment":[{"href":"https:\/\/juntscontraelcancer.cat\/es\/wp-json\/wp\/v2\/media?parent=14875"}],"wp:term":[{"taxonomy":"category","embeddable":true,"href":"https:\/\/juntscontraelcancer.cat\/es\/wp-json\/wp\/v2\/categories?post=14875"},{"taxonomy":"post_tag","embeddable":true,"href":"https:\/\/juntscontraelcancer.cat\/es\/wp-json\/wp\/v2\/tags?post=14875"}],"curies":[{"name":"wp","href":"https:\/\/api.w.org\/{rel}","templated":true}]}}