{"id":14853,"date":"2021-10-28T00:00:00","date_gmt":"2021-10-27T22:00:00","guid":{"rendered":"https:\/\/junts.enproceso.es\/26-y-27-noviembre-curso-basico-del-voluntariado-oncologico-en-girona\/"},"modified":"2023-06-12T11:51:41","modified_gmt":"2023-06-12T09:51:41","slug":"26-y-27-noviembre-curso-basico-del-voluntariado-oncologico-en-girona","status":"publish","type":"post","link":"https:\/\/juntscontraelcancer.cat\/es\/26-y-27-noviembre-curso-basico-del-voluntariado-oncologico-en-girona\/","title":{"rendered":"26 y 27 noviembre: Curso b\u00e1sico del voluntariado oncol\u00f3gico en Girona"},"content":{"rendered":"<p><strong>Nuestros voluntarios y voluntarias son un pilar fundamental de la FECEC-Junts contra el C\u00e0ncer. Ap\u00fantate en el CURSO DE VOLUNTARIADO EN El \u00c1MBITO DE La ONCOLOG\u00cdA en Girona el pr\u00f3ximos 26 y 27 de noviembre. Con esta formaci\u00f3n podr\u00e1s adquirir tanto los conocimientos necesarios como herramientas \u00fatiles y recursos para hacer voluntariado con personas afectadas de c\u00e1ncer. Gracias a las personas que, d\u00eda a d\u00eda, dedican su tiempo para acompa\u00f1ar en procesos oncol\u00f3gicos. Juntos podemos ayudar a mucha m\u00e1s gente!<\/strong><\/p>\n<p><a href=\"https:\/\/juntscontraelcancer.cat\/wp-content\/uploads\/2023\/04\/Programa_Basic_Onco_Girona_page-0001-1-1.jpg\"><img loading=\"lazy\" decoding=\"async\" class=\"alignnone size-large wp-image-37625\" src=\"https:\/\/juntscontraelcancer.cat\/wp-content\/uploads\/2023\/04\/Programa_Basic_Onco_Girona_page-0001-1-1-1024x768.jpg\" alt=\"Programa_Basic_Onco_Girona_page-0001 (1)\" width=\"625\" height=\"469\" \/><\/a><\/p>\n<p>El curso de doce horas, en formato presencial, tendr\u00e1 lugar en el centro c\u00edvico Ter de Girona, situado en la calle Can Sunyer 46. Fechas: 26 y 27 de noviembre. Hay 3 bloques de contenido:<\/p>\n<p><strong>Bloc 1: El c\u00e1ncer y el enfermo de c\u00e1ncer<\/strong><\/p>\n<ol>\n<li><strong>La enfermedad oncol\u00f3gica<\/strong><\/li>\n<li><strong>Vivir con el c\u00e1ncer<\/strong><\/li>\n<\/ol>\n<p><strong>Bloc 2: El hecho voluntario<\/strong><\/p>\n<ol>\n<li><strong>El voluntario en el mundo de la oncolog\u00eda<\/strong><\/li>\n<li><strong>El acompa\u00f1amiento al enfermo<\/strong><\/li>\n<li><strong>Preservar la calidad de la acci\u00f3n voluntaria<\/strong><\/li>\n<\/ol>\n<p><strong>Bloc 3: La relaci\u00f3n interpersonal<\/strong><\/p>\n<ol>\n<li><strong>Impacto emocional y cura del voluntario<\/strong><\/li>\n<li><strong>Gesti\u00f3n de las emociones en acompa\u00f1amientos a enfermos de larga duraci\u00f3n<\/strong><\/li>\n<li><strong>La fase terminal: herramientas por los voluntarios<\/strong><\/li>\n<\/ol>\n<p>&nbsp;<\/p>\n<p><strong>Curso reconocido por el Plan de Formaci\u00f3n de Voluntariado de Catalu\u00f1a<\/strong>. Puedes descargarte el PROGRAMA <strong><a href=\"https:\/\/www.juntscontraelcancer.cat\/wp-content\/uploads\/2021\/10\/Programa_Basic_Onco_Girona-1.pdf\" target=\"_blank\" rel=\"noopener\">aqu\u00ed<\/a>.<\/strong> Las personas interesadas pueden apuntarse hasta el 18 de noviembre. Plazas limitadas!!!!<\/p>\n<blockquote><p><a href=\"https:\/\/docs.google.com\/forms\/d\/1bnTzWPnNWS3VDEp_WucSeQ1-qyaPDnSdAxCuzMMPXJM\/viewform?edit_requested=true\" target=\"_blank\" rel=\"noopener\"><strong>S\u00cd, QUIERO APUNTARME<\/strong><\/a><\/p><\/blockquote>\n<p>M\u00e1s informaci\u00f3n: formaci\u00f3n@voluntaris.cat \/ federacio@juntscontraelcancer.cat<\/p>\n<p>&nbsp;<\/p>\n","protected":false},"excerpt":{"rendered":"<p>Nuestros voluntarios y voluntarias son un pilar fundamental de la FECEC-Junts contra el C\u00e0ncer. Ap\u00fantate en el CURSO DE VOLUNTARIADO EN El \u00c1MBITO DE La ONCOLOG\u00cdA en Girona el pr\u00f3ximos 26 y 27 de noviembre. Con esta formaci\u00f3n podr\u00e1s adquirir tanto los conocimientos necesarios como herramientas \u00fatiles y recursos para hacer voluntariado con personas afectadas [&#8230;]\n","protected":false},"author":1,"featured_media":14856,"comment_status":"closed","ping_status":"open","sticky":false,"template":"","format":"standard","meta":{"_acf_changed":false,"inline_featured_image":false,"footnotes":""},"categories":[84,3,86,68],"tags":[],"class_list":["post-14853","post","type-post","status-publish","format-standard","has-post-thumbnail","hentry","category-actualidad","category-actualitat","category-destacadas","category-destaquem"],"acf":[],"yoast_head":"<!-- This site is optimized with the Yoast SEO plugin v27.3 - https:\/\/yoast.com\/product\/yoast-seo-wordpress\/ -->\n<title>26 y 27 noviembre: Curso b\u00e1sico del voluntariado oncol\u00f3gico en Girona - Junts contra el c\u00e0ncer - FECEC<\/title>\n<meta name=\"robots\" content=\"index, follow, max-snippet:-1, max-image-preview:large, max-video-preview:-1\" \/>\n<link rel=\"canonical\" href=\"https:\/\/juntscontraelcancer.cat\/es\/26-y-27-noviembre-curso-basico-del-voluntariado-oncologico-en-girona\/\" \/>\n<meta property=\"og:locale\" content=\"es_ES\" \/>\n<meta property=\"og:type\" content=\"article\" \/>\n<meta property=\"og:title\" content=\"26 y 27 noviembre: Curso b\u00e1sico del voluntariado oncol\u00f3gico en Girona - Junts contra el c\u00e0ncer - FECEC\" \/>\n<meta property=\"og:description\" content=\"Nuestros voluntarios y voluntarias son un pilar fundamental de la FECEC-Junts contra el C\u00e0ncer. Ap\u00fantate en el CURSO DE VOLUNTARIADO EN El \u00c1MBITO DE La ONCOLOG\u00cdA en Girona el pr\u00f3ximos 26 y 27 de noviembre. Con esta formaci\u00f3n podr\u00e1s adquirir tanto los conocimientos necesarios como herramientas \u00fatiles y recursos para hacer voluntariado con personas afectadas [...]\" \/>\n<meta property=\"og:url\" content=\"https:\/\/juntscontraelcancer.cat\/es\/26-y-27-noviembre-curso-basico-del-voluntariado-oncologico-en-girona\/\" \/>\n<meta property=\"og:site_name\" content=\"Junts contra el c\u00e0ncer - FECEC\" \/>\n<meta property=\"article:publisher\" content=\"https:\/\/www.facebook.com\/fecec.federacio\/\" \/>\n<meta property=\"article:published_time\" content=\"2021-10-27T22:00:00+00:00\" \/>\n<meta property=\"article:modified_time\" content=\"2023-06-12T09:51:41+00:00\" \/>\n<meta property=\"og:image\" content=\"https:\/\/juntscontraelcancer.cat\/wp-content\/uploads\/2023\/04\/primer-plano-manos-apoyo_53876-20502-1.jpeg\" \/>\n\t<meta property=\"og:image:width\" content=\"626\" \/>\n\t<meta property=\"og:image:height\" content=\"417\" \/>\n\t<meta property=\"og:image:type\" content=\"image\/jpeg\" \/>\n<meta name=\"author\" content=\"Pukkas\" \/>\n<meta name=\"twitter:card\" content=\"summary_large_image\" \/>\n<meta name=\"twitter:creator\" content=\"@FececFederacio\" \/>\n<meta name=\"twitter:site\" content=\"@FececFederacio\" \/>\n<meta name=\"twitter:label1\" content=\"Escrito por\" \/>\n\t<meta name=\"twitter:data1\" content=\"Pukkas\" \/>\n\t<meta name=\"twitter:label2\" content=\"Tiempo de lectura\" \/>\n\t<meta name=\"twitter:data2\" content=\"1 minuto\" \/>\n<script type=\"application\/ld+json\" class=\"yoast-schema-graph\">{\"@context\":\"https:\\\/\\\/schema.org\",\"@graph\":[{\"@type\":\"Article\",\"@id\":\"https:\\\/\\\/juntscontraelcancer.cat\\\/es\\\/26-y-27-noviembre-curso-basico-del-voluntariado-oncologico-en-girona\\\/#article\",\"isPartOf\":{\"@id\":\"https:\\\/\\\/juntscontraelcancer.cat\\\/es\\\/26-y-27-noviembre-curso-basico-del-voluntariado-oncologico-en-girona\\\/\"},\"author\":{\"name\":\"Pukkas\",\"@id\":\"https:\\\/\\\/juntscontraelcancer.cat\\\/es\\\/#\\\/schema\\\/person\\\/14c85cb9b3aeddea8f9087bea375813f\"},\"headline\":\"26 y 27 noviembre: Curso b\u00e1sico del voluntariado oncol\u00f3gico en Girona\",\"datePublished\":\"2021-10-27T22:00:00+00:00\",\"dateModified\":\"2023-06-12T09:51:41+00:00\",\"mainEntityOfPage\":{\"@id\":\"https:\\\/\\\/juntscontraelcancer.cat\\\/es\\\/26-y-27-noviembre-curso-basico-del-voluntariado-oncologico-en-girona\\\/\"},\"wordCount\":255,\"publisher\":{\"@id\":\"https:\\\/\\\/juntscontraelcancer.cat\\\/es\\\/#organization\"},\"image\":{\"@id\":\"https:\\\/\\\/juntscontraelcancer.cat\\\/es\\\/26-y-27-noviembre-curso-basico-del-voluntariado-oncologico-en-girona\\\/#primaryimage\"},\"thumbnailUrl\":\"https:\\\/\\\/juntscontraelcancer.cat\\\/wp-content\\\/uploads\\\/2023\\\/04\\\/primer-plano-manos-apoyo_53876-20502-1.jpeg\",\"articleSection\":[\"Actualidad\",\"Actualitat\",\"Destacadas\",\"Destacats\"],\"inLanguage\":\"es\"},{\"@type\":\"WebPage\",\"@id\":\"https:\\\/\\\/juntscontraelcancer.cat\\\/es\\\/26-y-27-noviembre-curso-basico-del-voluntariado-oncologico-en-girona\\\/\",\"url\":\"https:\\\/\\\/juntscontraelcancer.cat\\\/es\\\/26-y-27-noviembre-curso-basico-del-voluntariado-oncologico-en-girona\\\/\",\"name\":\"26 y 27 noviembre: Curso b\u00e1sico del voluntariado oncol\u00f3gico en Girona - Junts contra el c\u00e0ncer - FECEC\",\"isPartOf\":{\"@id\":\"https:\\\/\\\/juntscontraelcancer.cat\\\/es\\\/#website\"},\"primaryImageOfPage\":{\"@id\":\"https:\\\/\\\/juntscontraelcancer.cat\\\/es\\\/26-y-27-noviembre-curso-basico-del-voluntariado-oncologico-en-girona\\\/#primaryimage\"},\"image\":{\"@id\":\"https:\\\/\\\/juntscontraelcancer.cat\\\/es\\\/26-y-27-noviembre-curso-basico-del-voluntariado-oncologico-en-girona\\\/#primaryimage\"},\"thumbnailUrl\":\"https:\\\/\\\/juntscontraelcancer.cat\\\/wp-content\\\/uploads\\\/2023\\\/04\\\/primer-plano-manos-apoyo_53876-20502-1.jpeg\",\"datePublished\":\"2021-10-27T22:00:00+00:00\",\"dateModified\":\"2023-06-12T09:51:41+00:00\",\"breadcrumb\":{\"@id\":\"https:\\\/\\\/juntscontraelcancer.cat\\\/es\\\/26-y-27-noviembre-curso-basico-del-voluntariado-oncologico-en-girona\\\/#breadcrumb\"},\"inLanguage\":\"es\",\"potentialAction\":[{\"@type\":\"ReadAction\",\"target\":[\"https:\\\/\\\/juntscontraelcancer.cat\\\/es\\\/26-y-27-noviembre-curso-basico-del-voluntariado-oncologico-en-girona\\\/\"]}]},{\"@type\":\"ImageObject\",\"inLanguage\":\"es\",\"@id\":\"https:\\\/\\\/juntscontraelcancer.cat\\\/es\\\/26-y-27-noviembre-curso-basico-del-voluntariado-oncologico-en-girona\\\/#primaryimage\",\"url\":\"https:\\\/\\\/juntscontraelcancer.cat\\\/wp-content\\\/uploads\\\/2023\\\/04\\\/primer-plano-manos-apoyo_53876-20502-1.jpeg\",\"contentUrl\":\"https:\\\/\\\/juntscontraelcancer.cat\\\/wp-content\\\/uploads\\\/2023\\\/04\\\/primer-plano-manos-apoyo_53876-20502-1.jpeg\",\"width\":626,\"height\":417},{\"@type\":\"BreadcrumbList\",\"@id\":\"https:\\\/\\\/juntscontraelcancer.cat\\\/es\\\/26-y-27-noviembre-curso-basico-del-voluntariado-oncologico-en-girona\\\/#breadcrumb\",\"itemListElement\":[{\"@type\":\"ListItem\",\"position\":1,\"name\":\"Inicio\",\"item\":\"https:\\\/\\\/juntscontraelcancer.cat\\\/es\\\/\"},{\"@type\":\"ListItem\",\"position\":2,\"name\":\"26 y 27 noviembre: Curso b\u00e1sico del voluntariado oncol\u00f3gico en Girona\"}]},{\"@type\":\"WebSite\",\"@id\":\"https:\\\/\\\/juntscontraelcancer.cat\\\/es\\\/#website\",\"url\":\"https:\\\/\\\/juntscontraelcancer.cat\\\/es\\\/\",\"name\":\"Junts contra el c\u00e0ncer - FECEC\",\"description\":\"\",\"publisher\":{\"@id\":\"https:\\\/\\\/juntscontraelcancer.cat\\\/es\\\/#organization\"},\"potentialAction\":[{\"@type\":\"SearchAction\",\"target\":{\"@type\":\"EntryPoint\",\"urlTemplate\":\"https:\\\/\\\/juntscontraelcancer.cat\\\/es\\\/?s={search_term_string}\"},\"query-input\":{\"@type\":\"PropertyValueSpecification\",\"valueRequired\":true,\"valueName\":\"search_term_string\"}}],\"inLanguage\":\"es\"},{\"@type\":\"Organization\",\"@id\":\"https:\\\/\\\/juntscontraelcancer.cat\\\/es\\\/#organization\",\"name\":\"Junts contra el c\u00e0ncer - FECEC\",\"url\":\"https:\\\/\\\/juntscontraelcancer.cat\\\/es\\\/\",\"logo\":{\"@type\":\"ImageObject\",\"inLanguage\":\"es\",\"@id\":\"https:\\\/\\\/juntscontraelcancer.cat\\\/es\\\/#\\\/schema\\\/logo\\\/image\\\/\",\"url\":\"https:\\\/\\\/juntscontraelcancer.cat\\\/wp-content\\\/uploads\\\/2023\\\/01\\\/logo-fecec-header.png\",\"contentUrl\":\"https:\\\/\\\/juntscontraelcancer.cat\\\/wp-content\\\/uploads\\\/2023\\\/01\\\/logo-fecec-header.png\",\"width\":126,\"height\":74,\"caption\":\"Junts contra el c\u00e0ncer - FECEC\"},\"image\":{\"@id\":\"https:\\\/\\\/juntscontraelcancer.cat\\\/es\\\/#\\\/schema\\\/logo\\\/image\\\/\"},\"sameAs\":[\"https:\\\/\\\/www.facebook.com\\\/fecec.federacio\\\/\",\"https:\\\/\\\/x.com\\\/FececFederacio\",\"https:\\\/\\\/www.instagram.com\\\/fececfederacio\\\/?hl=es\",\"https:\\\/\\\/www.youtube.com\\\/channel\\\/UCgAC_6c6hmHwMQhSCQyYBdA\"]},{\"@type\":\"Person\",\"@id\":\"https:\\\/\\\/juntscontraelcancer.cat\\\/es\\\/#\\\/schema\\\/person\\\/14c85cb9b3aeddea8f9087bea375813f\",\"name\":\"Pukkas\",\"image\":{\"@type\":\"ImageObject\",\"inLanguage\":\"es\",\"@id\":\"https:\\\/\\\/secure.gravatar.com\\\/avatar\\\/7433209641beafe57dbfd32b83f1c28fb7da2f23c98b47d02c7623ce350a0e9f?s=96&d=mm&r=g\",\"url\":\"https:\\\/\\\/secure.gravatar.com\\\/avatar\\\/7433209641beafe57dbfd32b83f1c28fb7da2f23c98b47d02c7623ce350a0e9f?s=96&d=mm&r=g\",\"contentUrl\":\"https:\\\/\\\/secure.gravatar.com\\\/avatar\\\/7433209641beafe57dbfd32b83f1c28fb7da2f23c98b47d02c7623ce350a0e9f?s=96&d=mm&r=g\",\"caption\":\"Pukkas\"},\"sameAs\":[\"https:\\\/\\\/juntscontraelcancer.cat\"]}]}<\/script>\n<!-- \/ Yoast SEO plugin. -->","yoast_head_json":{"title":"26 y 27 noviembre: Curso b\u00e1sico del voluntariado oncol\u00f3gico en Girona - Junts contra el c\u00e0ncer - FECEC","robots":{"index":"index","follow":"follow","max-snippet":"max-snippet:-1","max-image-preview":"max-image-preview:large","max-video-preview":"max-video-preview:-1"},"canonical":"https:\/\/juntscontraelcancer.cat\/es\/26-y-27-noviembre-curso-basico-del-voluntariado-oncologico-en-girona\/","og_locale":"es_ES","og_type":"article","og_title":"26 y 27 noviembre: Curso b\u00e1sico del voluntariado oncol\u00f3gico en Girona - Junts contra el c\u00e0ncer - FECEC","og_description":"Nuestros voluntarios y voluntarias son un pilar fundamental de la FECEC-Junts contra el C\u00e0ncer. Ap\u00fantate en el CURSO DE VOLUNTARIADO EN El \u00c1MBITO DE La ONCOLOG\u00cdA en Girona el pr\u00f3ximos 26 y 27 de noviembre. Con esta formaci\u00f3n podr\u00e1s adquirir tanto los conocimientos necesarios como herramientas \u00fatiles y recursos para hacer voluntariado con personas afectadas [...]","og_url":"https:\/\/juntscontraelcancer.cat\/es\/26-y-27-noviembre-curso-basico-del-voluntariado-oncologico-en-girona\/","og_site_name":"Junts contra el c\u00e0ncer - FECEC","article_publisher":"https:\/\/www.facebook.com\/fecec.federacio\/","article_published_time":"2021-10-27T22:00:00+00:00","article_modified_time":"2023-06-12T09:51:41+00:00","og_image":[{"width":626,"height":417,"url":"https:\/\/juntscontraelcancer.cat\/wp-content\/uploads\/2023\/04\/primer-plano-manos-apoyo_53876-20502-1.jpeg","type":"image\/jpeg"}],"author":"Pukkas","twitter_card":"summary_large_image","twitter_creator":"@FececFederacio","twitter_site":"@FececFederacio","twitter_misc":{"Escrito por":"Pukkas","Tiempo de lectura":"1 minuto"},"schema":{"@context":"https:\/\/schema.org","@graph":[{"@type":"Article","@id":"https:\/\/juntscontraelcancer.cat\/es\/26-y-27-noviembre-curso-basico-del-voluntariado-oncologico-en-girona\/#article","isPartOf":{"@id":"https:\/\/juntscontraelcancer.cat\/es\/26-y-27-noviembre-curso-basico-del-voluntariado-oncologico-en-girona\/"},"author":{"name":"Pukkas","@id":"https:\/\/juntscontraelcancer.cat\/es\/#\/schema\/person\/14c85cb9b3aeddea8f9087bea375813f"},"headline":"26 y 27 noviembre: Curso b\u00e1sico del voluntariado oncol\u00f3gico en Girona","datePublished":"2021-10-27T22:00:00+00:00","dateModified":"2023-06-12T09:51:41+00:00","mainEntityOfPage":{"@id":"https:\/\/juntscontraelcancer.cat\/es\/26-y-27-noviembre-curso-basico-del-voluntariado-oncologico-en-girona\/"},"wordCount":255,"publisher":{"@id":"https:\/\/juntscontraelcancer.cat\/es\/#organization"},"image":{"@id":"https:\/\/juntscontraelcancer.cat\/es\/26-y-27-noviembre-curso-basico-del-voluntariado-oncologico-en-girona\/#primaryimage"},"thumbnailUrl":"https:\/\/juntscontraelcancer.cat\/wp-content\/uploads\/2023\/04\/primer-plano-manos-apoyo_53876-20502-1.jpeg","articleSection":["Actualidad","Actualitat","Destacadas","Destacats"],"inLanguage":"es"},{"@type":"WebPage","@id":"https:\/\/juntscontraelcancer.cat\/es\/26-y-27-noviembre-curso-basico-del-voluntariado-oncologico-en-girona\/","url":"https:\/\/juntscontraelcancer.cat\/es\/26-y-27-noviembre-curso-basico-del-voluntariado-oncologico-en-girona\/","name":"26 y 27 noviembre: Curso b\u00e1sico del voluntariado oncol\u00f3gico en Girona - Junts contra el c\u00e0ncer - FECEC","isPartOf":{"@id":"https:\/\/juntscontraelcancer.cat\/es\/#website"},"primaryImageOfPage":{"@id":"https:\/\/juntscontraelcancer.cat\/es\/26-y-27-noviembre-curso-basico-del-voluntariado-oncologico-en-girona\/#primaryimage"},"image":{"@id":"https:\/\/juntscontraelcancer.cat\/es\/26-y-27-noviembre-curso-basico-del-voluntariado-oncologico-en-girona\/#primaryimage"},"thumbnailUrl":"https:\/\/juntscontraelcancer.cat\/wp-content\/uploads\/2023\/04\/primer-plano-manos-apoyo_53876-20502-1.jpeg","datePublished":"2021-10-27T22:00:00+00:00","dateModified":"2023-06-12T09:51:41+00:00","breadcrumb":{"@id":"https:\/\/juntscontraelcancer.cat\/es\/26-y-27-noviembre-curso-basico-del-voluntariado-oncologico-en-girona\/#breadcrumb"},"inLanguage":"es","potentialAction":[{"@type":"ReadAction","target":["https:\/\/juntscontraelcancer.cat\/es\/26-y-27-noviembre-curso-basico-del-voluntariado-oncologico-en-girona\/"]}]},{"@type":"ImageObject","inLanguage":"es","@id":"https:\/\/juntscontraelcancer.cat\/es\/26-y-27-noviembre-curso-basico-del-voluntariado-oncologico-en-girona\/#primaryimage","url":"https:\/\/juntscontraelcancer.cat\/wp-content\/uploads\/2023\/04\/primer-plano-manos-apoyo_53876-20502-1.jpeg","contentUrl":"https:\/\/juntscontraelcancer.cat\/wp-content\/uploads\/2023\/04\/primer-plano-manos-apoyo_53876-20502-1.jpeg","width":626,"height":417},{"@type":"BreadcrumbList","@id":"https:\/\/juntscontraelcancer.cat\/es\/26-y-27-noviembre-curso-basico-del-voluntariado-oncologico-en-girona\/#breadcrumb","itemListElement":[{"@type":"ListItem","position":1,"name":"Inicio","item":"https:\/\/juntscontraelcancer.cat\/es\/"},{"@type":"ListItem","position":2,"name":"26 y 27 noviembre: Curso b\u00e1sico del voluntariado oncol\u00f3gico en Girona"}]},{"@type":"WebSite","@id":"https:\/\/juntscontraelcancer.cat\/es\/#website","url":"https:\/\/juntscontraelcancer.cat\/es\/","name":"Junts contra el c\u00e0ncer - FECEC","description":"","publisher":{"@id":"https:\/\/juntscontraelcancer.cat\/es\/#organization"},"potentialAction":[{"@type":"SearchAction","target":{"@type":"EntryPoint","urlTemplate":"https:\/\/juntscontraelcancer.cat\/es\/?s={search_term_string}"},"query-input":{"@type":"PropertyValueSpecification","valueRequired":true,"valueName":"search_term_string"}}],"inLanguage":"es"},{"@type":"Organization","@id":"https:\/\/juntscontraelcancer.cat\/es\/#organization","name":"Junts contra el c\u00e0ncer - FECEC","url":"https:\/\/juntscontraelcancer.cat\/es\/","logo":{"@type":"ImageObject","inLanguage":"es","@id":"https:\/\/juntscontraelcancer.cat\/es\/#\/schema\/logo\/image\/","url":"https:\/\/juntscontraelcancer.cat\/wp-content\/uploads\/2023\/01\/logo-fecec-header.png","contentUrl":"https:\/\/juntscontraelcancer.cat\/wp-content\/uploads\/2023\/01\/logo-fecec-header.png","width":126,"height":74,"caption":"Junts contra el c\u00e0ncer - FECEC"},"image":{"@id":"https:\/\/juntscontraelcancer.cat\/es\/#\/schema\/logo\/image\/"},"sameAs":["https:\/\/www.facebook.com\/fecec.federacio\/","https:\/\/x.com\/FececFederacio","https:\/\/www.instagram.com\/fececfederacio\/?hl=es","https:\/\/www.youtube.com\/channel\/UCgAC_6c6hmHwMQhSCQyYBdA"]},{"@type":"Person","@id":"https:\/\/juntscontraelcancer.cat\/es\/#\/schema\/person\/14c85cb9b3aeddea8f9087bea375813f","name":"Pukkas","image":{"@type":"ImageObject","inLanguage":"es","@id":"https:\/\/secure.gravatar.com\/avatar\/7433209641beafe57dbfd32b83f1c28fb7da2f23c98b47d02c7623ce350a0e9f?s=96&d=mm&r=g","url":"https:\/\/secure.gravatar.com\/avatar\/7433209641beafe57dbfd32b83f1c28fb7da2f23c98b47d02c7623ce350a0e9f?s=96&d=mm&r=g","contentUrl":"https:\/\/secure.gravatar.com\/avatar\/7433209641beafe57dbfd32b83f1c28fb7da2f23c98b47d02c7623ce350a0e9f?s=96&d=mm&r=g","caption":"Pukkas"},"sameAs":["https:\/\/juntscontraelcancer.cat"]}]}},"_links":{"self":[{"href":"https:\/\/juntscontraelcancer.cat\/es\/wp-json\/wp\/v2\/posts\/14853","targetHints":{"allow":["GET"]}}],"collection":[{"href":"https:\/\/juntscontraelcancer.cat\/es\/wp-json\/wp\/v2\/posts"}],"about":[{"href":"https:\/\/juntscontraelcancer.cat\/es\/wp-json\/wp\/v2\/types\/post"}],"author":[{"embeddable":true,"href":"https:\/\/juntscontraelcancer.cat\/es\/wp-json\/wp\/v2\/users\/1"}],"replies":[{"embeddable":true,"href":"https:\/\/juntscontraelcancer.cat\/es\/wp-json\/wp\/v2\/comments?post=14853"}],"version-history":[{"count":1,"href":"https:\/\/juntscontraelcancer.cat\/es\/wp-json\/wp\/v2\/posts\/14853\/revisions"}],"predecessor-version":[{"id":14855,"href":"https:\/\/juntscontraelcancer.cat\/es\/wp-json\/wp\/v2\/posts\/14853\/revisions\/14855"}],"wp:featuredmedia":[{"embeddable":true,"href":"https:\/\/juntscontraelcancer.cat\/es\/wp-json\/wp\/v2\/media\/14856"}],"wp:attachment":[{"href":"https:\/\/juntscontraelcancer.cat\/es\/wp-json\/wp\/v2\/media?parent=14853"}],"wp:term":[{"taxonomy":"category","embeddable":true,"href":"https:\/\/juntscontraelcancer.cat\/es\/wp-json\/wp\/v2\/categories?post=14853"},{"taxonomy":"post_tag","embeddable":true,"href":"https:\/\/juntscontraelcancer.cat\/es\/wp-json\/wp\/v2\/tags?post=14853"}],"curies":[{"name":"wp","href":"https:\/\/api.w.org\/{rel}","templated":true}]}}