{"id":14799,"date":"2021-06-06T00:00:00","date_gmt":"2021-06-05T22:00:00","guid":{"rendered":"https:\/\/junts.enproceso.es\/14799\/"},"modified":"2023-06-12T11:51:46","modified_gmt":"2023-06-12T09:51:46","slug":"14799","status":"publish","type":"post","link":"https:\/\/juntscontraelcancer.cat\/es\/14799\/","title":{"rendered":""},"content":{"rendered":"<p>La\u00a0<strong>Federaci\u00f3 Catalana d\u2019Entitats Contra el C\u00e0ncer<\/strong>\u00a0(FECEC)\u00a0organiza el\u00a01 i\u00a02 de julio\u00a0 un curso de profundizaci\u00f3n de\u00a0<strong>voluntariado en el \u00e1mbito oncol\u00f3gico<\/strong>\u00a0en\u00a0<strong>Barcelona<\/strong>\u00a0para personas que quieran\u00a0<strong>ampliar su conocimiento<\/strong>\u00a0en la actuaci\u00f3n en el campo de la oncolog\u00eda y del acompa\u00f1amiento a enfermos.<\/p>\n<p>El curso, que tiene una duraci\u00f3n de\u00a012 horas, consta de dos bloques. El primer dia\u00a0 se abordar\u00e0 el bloque de\u00a0\u2018La enfermedad\u2019 con el\u00a0doctor\u00a0Dr. Eduard Batiste-Alentorn,\u00a0onc\u00f2leg. Hospital de Vic y vicepresidente d\u2019Osona contra el c\u00e0ncer y Patricia Miss\u00e9, psicologa y master en psicooncolog\u00eda.<\/p>\n<p>En este bloque se abordar\u00e1 los tratamientos oncol\u00f3gicos centrados sobre todo en los \u00faltimos avances de la enfermedad, desde una perspectiva divulgativa y comprensible que puede ayudar al voluntario a comprender mejor el contexto del propio enfermo. Adem\u00e1s, incorporar tambi\u00e9n la dimensi\u00f3n emocional y comprender c\u00f3mo se vive con c\u00e1ncer.<\/p>\n<p><a href=\"https:\/\/juntscontraelcancer.cat\/wp-content\/uploads\/2023\/04\/Foto-web-2.jpeg\"><img loading=\"lazy\" decoding=\"async\" class=\"alignnone size-full wp-image-36853\" src=\"https:\/\/juntscontraelcancer.cat\/wp-content\/uploads\/2023\/04\/Foto-web-2.jpeg\" alt=\"Foto web\" width=\"355\" height=\"266\" \/><\/a><\/p>\n<p>El segundo\u00a0d\u00eda est\u00e1 dedicado al bloque\u00a0de\u00a0\u2018Habilitades comunicativas\u2019, a\u00a0\u00a0cargo de\u00a0<strong>Laura Fern\u00e1ndez<\/strong>, psicopedagoga y coordinadora de voluntariado de San Juan de Dios.<\/p>\n<p>En concreto, este versar\u00e1 sobre la relevancia de la comunicaci\u00f3n no verbal, las t\u00e9cnicas de comunicaci\u00f3n en el \u00e1mbito de las habilidades (sentido del humor, positivismo, vitalidad, \u2026), la expresi\u00f3n de las emociones, la resoluci\u00f3n de conflictos y la escucha activa (actitudes y creaci\u00f3n del contexto), as\u00ed como la escucha activa (actitudes y creaci\u00f3n de contexto).<\/p>\n<p><a href=\"https:\/\/www.juntscontraelcancer.cat\/wp-content\/uploads\/2021\/06\/Programa-Aprofundiment-BCN-Juliol-2021.pdf\">Programa<\/a>\u00a0a descargar<\/p>\n<p>El curso, con un m\u00e1ximo de diez plazas, tiene un coste de 15 euros para las entidades federadas a la FECEC o en la Federaci\u00f3n Catalana de Voluntariado Social (FCVS) y de 25 euros para las asociaciones no federadas.\u00a0Pode\u00eds realizar las <a href=\"https:\/\/docs.google.com\/forms\/d\/1VFf7yOSMvU1h0uu3nIct5ShuxSKCyXxOiNqreK-o8gE\/edit?usp=sharing\">inscripciones online<\/a>\u00a0o contactar el tel\u00e9fono 93 314 87 53 o el correu\u00a0formacio@voluntaris.cat.<\/p>\n","protected":false},"excerpt":{"rendered":"<p>La\u00a0Federaci\u00f3 Catalana d\u2019Entitats Contra el C\u00e0ncer\u00a0(FECEC)\u00a0organiza el\u00a01 i\u00a02 de julio\u00a0 un curso de profundizaci\u00f3n de\u00a0voluntariado en el \u00e1mbito oncol\u00f3gico\u00a0en\u00a0Barcelona\u00a0para personas que quieran\u00a0ampliar su conocimiento\u00a0en la actuaci\u00f3n en el campo de la oncolog\u00eda y del acompa\u00f1amiento a enfermos. El curso, que tiene una duraci\u00f3n de\u00a012 horas, consta de dos bloques. El primer dia\u00a0 se abordar\u00e0 el [&#8230;]\n","protected":false},"author":1,"featured_media":14800,"comment_status":"closed","ping_status":"open","sticky":false,"template":"","format":"standard","meta":{"_acf_changed":false,"inline_featured_image":false,"footnotes":""},"categories":[84,3,86,68],"tags":[],"class_list":["post-14799","post","type-post","status-publish","format-standard","has-post-thumbnail","hentry","category-actualidad","category-actualitat","category-destacadas","category-destaquem"],"acf":[],"yoast_head":"<!-- This site is optimized with the Yoast SEO plugin v27.3 - https:\/\/yoast.com\/product\/yoast-seo-wordpress\/ -->\n<title>- Junts contra el c\u00e0ncer - FECEC<\/title>\n<meta name=\"robots\" content=\"index, follow, max-snippet:-1, max-image-preview:large, max-video-preview:-1\" \/>\n<link rel=\"canonical\" href=\"https:\/\/juntscontraelcancer.cat\/es\/14799\/\" \/>\n<meta property=\"og:locale\" content=\"es_ES\" \/>\n<meta property=\"og:type\" content=\"article\" \/>\n<meta property=\"og:title\" content=\"- Junts contra el c\u00e0ncer - FECEC\" \/>\n<meta property=\"og:description\" content=\"La\u00a0Federaci\u00f3 Catalana d\u2019Entitats Contra el C\u00e0ncer\u00a0(FECEC)\u00a0organiza el\u00a01 i\u00a02 de julio\u00a0 un curso de profundizaci\u00f3n de\u00a0voluntariado en el \u00e1mbito oncol\u00f3gico\u00a0en\u00a0Barcelona\u00a0para personas que quieran\u00a0ampliar su conocimiento\u00a0en la actuaci\u00f3n en el campo de la oncolog\u00eda y del acompa\u00f1amiento a enfermos. El curso, que tiene una duraci\u00f3n de\u00a012 horas, consta de dos bloques. El primer dia\u00a0 se abordar\u00e0 el [...]\" \/>\n<meta property=\"og:url\" content=\"https:\/\/juntscontraelcancer.cat\/es\/14799\/\" \/>\n<meta property=\"og:site_name\" content=\"Junts contra el c\u00e0ncer - FECEC\" \/>\n<meta property=\"article:publisher\" content=\"https:\/\/www.facebook.com\/fecec.federacio\/\" \/>\n<meta property=\"article:published_time\" content=\"2021-06-05T22:00:00+00:00\" \/>\n<meta property=\"article:modified_time\" content=\"2023-06-12T09:51:46+00:00\" \/>\n<meta property=\"og:image\" content=\"https:\/\/juntscontraelcancer.cat\/wp-content\/uploads\/2023\/04\/Foto-web-2.jpeg\" \/>\n\t<meta property=\"og:image:width\" content=\"355\" \/>\n\t<meta property=\"og:image:height\" content=\"266\" \/>\n\t<meta property=\"og:image:type\" content=\"image\/jpeg\" \/>\n<meta name=\"author\" content=\"Pukkas\" \/>\n<meta name=\"twitter:card\" content=\"summary_large_image\" \/>\n<meta name=\"twitter:creator\" content=\"@FececFederacio\" \/>\n<meta name=\"twitter:site\" content=\"@FececFederacio\" \/>\n<meta name=\"twitter:label1\" content=\"Escrito por\" \/>\n\t<meta name=\"twitter:data1\" content=\"Pukkas\" \/>\n\t<meta name=\"twitter:label2\" content=\"Tiempo de lectura\" \/>\n\t<meta name=\"twitter:data2\" content=\"2 minutos\" \/>\n<script type=\"application\/ld+json\" class=\"yoast-schema-graph\">{\"@context\":\"https:\\\/\\\/schema.org\",\"@graph\":[{\"@type\":\"Article\",\"@id\":\"https:\\\/\\\/juntscontraelcancer.cat\\\/es\\\/14799\\\/#article\",\"isPartOf\":{\"@id\":\"https:\\\/\\\/juntscontraelcancer.cat\\\/es\\\/14799\\\/\"},\"author\":{\"name\":\"Pukkas\",\"@id\":\"https:\\\/\\\/juntscontraelcancer.cat\\\/es\\\/#\\\/schema\\\/person\\\/14c85cb9b3aeddea8f9087bea375813f\"},\"headline\":\"Sin t\u00edtulo\",\"datePublished\":\"2021-06-05T22:00:00+00:00\",\"dateModified\":\"2023-06-12T09:51:46+00:00\",\"mainEntityOfPage\":{\"@id\":\"https:\\\/\\\/juntscontraelcancer.cat\\\/es\\\/14799\\\/\"},\"wordCount\":308,\"publisher\":{\"@id\":\"https:\\\/\\\/juntscontraelcancer.cat\\\/es\\\/#organization\"},\"image\":{\"@id\":\"https:\\\/\\\/juntscontraelcancer.cat\\\/es\\\/14799\\\/#primaryimage\"},\"thumbnailUrl\":\"https:\\\/\\\/juntscontraelcancer.cat\\\/wp-content\\\/uploads\\\/2023\\\/04\\\/Foto-web-2.jpeg\",\"articleSection\":[\"Actualidad\",\"Actualitat\",\"Destacadas\",\"Destacats\"],\"inLanguage\":\"es\"},{\"@type\":\"WebPage\",\"@id\":\"https:\\\/\\\/juntscontraelcancer.cat\\\/es\\\/14799\\\/\",\"url\":\"https:\\\/\\\/juntscontraelcancer.cat\\\/es\\\/14799\\\/\",\"name\":\"- Junts contra el c\u00e0ncer - FECEC\",\"isPartOf\":{\"@id\":\"https:\\\/\\\/juntscontraelcancer.cat\\\/es\\\/#website\"},\"primaryImageOfPage\":{\"@id\":\"https:\\\/\\\/juntscontraelcancer.cat\\\/es\\\/14799\\\/#primaryimage\"},\"image\":{\"@id\":\"https:\\\/\\\/juntscontraelcancer.cat\\\/es\\\/14799\\\/#primaryimage\"},\"thumbnailUrl\":\"https:\\\/\\\/juntscontraelcancer.cat\\\/wp-content\\\/uploads\\\/2023\\\/04\\\/Foto-web-2.jpeg\",\"datePublished\":\"2021-06-05T22:00:00+00:00\",\"dateModified\":\"2023-06-12T09:51:46+00:00\",\"inLanguage\":\"es\",\"potentialAction\":[{\"@type\":\"ReadAction\",\"target\":[\"https:\\\/\\\/juntscontraelcancer.cat\\\/es\\\/14799\\\/\"]}]},{\"@type\":\"ImageObject\",\"inLanguage\":\"es\",\"@id\":\"https:\\\/\\\/juntscontraelcancer.cat\\\/es\\\/14799\\\/#primaryimage\",\"url\":\"https:\\\/\\\/juntscontraelcancer.cat\\\/wp-content\\\/uploads\\\/2023\\\/04\\\/Foto-web-2.jpeg\",\"contentUrl\":\"https:\\\/\\\/juntscontraelcancer.cat\\\/wp-content\\\/uploads\\\/2023\\\/04\\\/Foto-web-2.jpeg\",\"width\":355,\"height\":266},{\"@type\":\"WebSite\",\"@id\":\"https:\\\/\\\/juntscontraelcancer.cat\\\/es\\\/#website\",\"url\":\"https:\\\/\\\/juntscontraelcancer.cat\\\/es\\\/\",\"name\":\"Junts contra el c\u00e0ncer - FECEC\",\"description\":\"\",\"publisher\":{\"@id\":\"https:\\\/\\\/juntscontraelcancer.cat\\\/es\\\/#organization\"},\"potentialAction\":[{\"@type\":\"SearchAction\",\"target\":{\"@type\":\"EntryPoint\",\"urlTemplate\":\"https:\\\/\\\/juntscontraelcancer.cat\\\/es\\\/?s={search_term_string}\"},\"query-input\":{\"@type\":\"PropertyValueSpecification\",\"valueRequired\":true,\"valueName\":\"search_term_string\"}}],\"inLanguage\":\"es\"},{\"@type\":\"Organization\",\"@id\":\"https:\\\/\\\/juntscontraelcancer.cat\\\/es\\\/#organization\",\"name\":\"Junts contra el c\u00e0ncer - FECEC\",\"url\":\"https:\\\/\\\/juntscontraelcancer.cat\\\/es\\\/\",\"logo\":{\"@type\":\"ImageObject\",\"inLanguage\":\"es\",\"@id\":\"https:\\\/\\\/juntscontraelcancer.cat\\\/es\\\/#\\\/schema\\\/logo\\\/image\\\/\",\"url\":\"https:\\\/\\\/juntscontraelcancer.cat\\\/wp-content\\\/uploads\\\/2023\\\/01\\\/logo-fecec-header.png\",\"contentUrl\":\"https:\\\/\\\/juntscontraelcancer.cat\\\/wp-content\\\/uploads\\\/2023\\\/01\\\/logo-fecec-header.png\",\"width\":126,\"height\":74,\"caption\":\"Junts contra el c\u00e0ncer - FECEC\"},\"image\":{\"@id\":\"https:\\\/\\\/juntscontraelcancer.cat\\\/es\\\/#\\\/schema\\\/logo\\\/image\\\/\"},\"sameAs\":[\"https:\\\/\\\/www.facebook.com\\\/fecec.federacio\\\/\",\"https:\\\/\\\/x.com\\\/FececFederacio\",\"https:\\\/\\\/www.instagram.com\\\/fececfederacio\\\/?hl=es\",\"https:\\\/\\\/www.youtube.com\\\/channel\\\/UCgAC_6c6hmHwMQhSCQyYBdA\"]},{\"@type\":\"Person\",\"@id\":\"https:\\\/\\\/juntscontraelcancer.cat\\\/es\\\/#\\\/schema\\\/person\\\/14c85cb9b3aeddea8f9087bea375813f\",\"name\":\"Pukkas\",\"image\":{\"@type\":\"ImageObject\",\"inLanguage\":\"es\",\"@id\":\"https:\\\/\\\/secure.gravatar.com\\\/avatar\\\/7433209641beafe57dbfd32b83f1c28fb7da2f23c98b47d02c7623ce350a0e9f?s=96&d=mm&r=g\",\"url\":\"https:\\\/\\\/secure.gravatar.com\\\/avatar\\\/7433209641beafe57dbfd32b83f1c28fb7da2f23c98b47d02c7623ce350a0e9f?s=96&d=mm&r=g\",\"contentUrl\":\"https:\\\/\\\/secure.gravatar.com\\\/avatar\\\/7433209641beafe57dbfd32b83f1c28fb7da2f23c98b47d02c7623ce350a0e9f?s=96&d=mm&r=g\",\"caption\":\"Pukkas\"},\"sameAs\":[\"https:\\\/\\\/juntscontraelcancer.cat\"]}]}<\/script>\n<!-- \/ Yoast SEO plugin. -->","yoast_head_json":{"title":"- Junts contra el c\u00e0ncer - FECEC","robots":{"index":"index","follow":"follow","max-snippet":"max-snippet:-1","max-image-preview":"max-image-preview:large","max-video-preview":"max-video-preview:-1"},"canonical":"https:\/\/juntscontraelcancer.cat\/es\/14799\/","og_locale":"es_ES","og_type":"article","og_title":"- Junts contra el c\u00e0ncer - FECEC","og_description":"La\u00a0Federaci\u00f3 Catalana d\u2019Entitats Contra el C\u00e0ncer\u00a0(FECEC)\u00a0organiza el\u00a01 i\u00a02 de julio\u00a0 un curso de profundizaci\u00f3n de\u00a0voluntariado en el \u00e1mbito oncol\u00f3gico\u00a0en\u00a0Barcelona\u00a0para personas que quieran\u00a0ampliar su conocimiento\u00a0en la actuaci\u00f3n en el campo de la oncolog\u00eda y del acompa\u00f1amiento a enfermos. El curso, que tiene una duraci\u00f3n de\u00a012 horas, consta de dos bloques. El primer dia\u00a0 se abordar\u00e0 el [...]","og_url":"https:\/\/juntscontraelcancer.cat\/es\/14799\/","og_site_name":"Junts contra el c\u00e0ncer - FECEC","article_publisher":"https:\/\/www.facebook.com\/fecec.federacio\/","article_published_time":"2021-06-05T22:00:00+00:00","article_modified_time":"2023-06-12T09:51:46+00:00","og_image":[{"width":355,"height":266,"url":"https:\/\/juntscontraelcancer.cat\/wp-content\/uploads\/2023\/04\/Foto-web-2.jpeg","type":"image\/jpeg"}],"author":"Pukkas","twitter_card":"summary_large_image","twitter_creator":"@FececFederacio","twitter_site":"@FececFederacio","twitter_misc":{"Escrito por":"Pukkas","Tiempo de lectura":"2 minutos"},"schema":{"@context":"https:\/\/schema.org","@graph":[{"@type":"Article","@id":"https:\/\/juntscontraelcancer.cat\/es\/14799\/#article","isPartOf":{"@id":"https:\/\/juntscontraelcancer.cat\/es\/14799\/"},"author":{"name":"Pukkas","@id":"https:\/\/juntscontraelcancer.cat\/es\/#\/schema\/person\/14c85cb9b3aeddea8f9087bea375813f"},"headline":"Sin t\u00edtulo","datePublished":"2021-06-05T22:00:00+00:00","dateModified":"2023-06-12T09:51:46+00:00","mainEntityOfPage":{"@id":"https:\/\/juntscontraelcancer.cat\/es\/14799\/"},"wordCount":308,"publisher":{"@id":"https:\/\/juntscontraelcancer.cat\/es\/#organization"},"image":{"@id":"https:\/\/juntscontraelcancer.cat\/es\/14799\/#primaryimage"},"thumbnailUrl":"https:\/\/juntscontraelcancer.cat\/wp-content\/uploads\/2023\/04\/Foto-web-2.jpeg","articleSection":["Actualidad","Actualitat","Destacadas","Destacats"],"inLanguage":"es"},{"@type":"WebPage","@id":"https:\/\/juntscontraelcancer.cat\/es\/14799\/","url":"https:\/\/juntscontraelcancer.cat\/es\/14799\/","name":"- Junts contra el c\u00e0ncer - FECEC","isPartOf":{"@id":"https:\/\/juntscontraelcancer.cat\/es\/#website"},"primaryImageOfPage":{"@id":"https:\/\/juntscontraelcancer.cat\/es\/14799\/#primaryimage"},"image":{"@id":"https:\/\/juntscontraelcancer.cat\/es\/14799\/#primaryimage"},"thumbnailUrl":"https:\/\/juntscontraelcancer.cat\/wp-content\/uploads\/2023\/04\/Foto-web-2.jpeg","datePublished":"2021-06-05T22:00:00+00:00","dateModified":"2023-06-12T09:51:46+00:00","inLanguage":"es","potentialAction":[{"@type":"ReadAction","target":["https:\/\/juntscontraelcancer.cat\/es\/14799\/"]}]},{"@type":"ImageObject","inLanguage":"es","@id":"https:\/\/juntscontraelcancer.cat\/es\/14799\/#primaryimage","url":"https:\/\/juntscontraelcancer.cat\/wp-content\/uploads\/2023\/04\/Foto-web-2.jpeg","contentUrl":"https:\/\/juntscontraelcancer.cat\/wp-content\/uploads\/2023\/04\/Foto-web-2.jpeg","width":355,"height":266},{"@type":"WebSite","@id":"https:\/\/juntscontraelcancer.cat\/es\/#website","url":"https:\/\/juntscontraelcancer.cat\/es\/","name":"Junts contra el c\u00e0ncer - FECEC","description":"","publisher":{"@id":"https:\/\/juntscontraelcancer.cat\/es\/#organization"},"potentialAction":[{"@type":"SearchAction","target":{"@type":"EntryPoint","urlTemplate":"https:\/\/juntscontraelcancer.cat\/es\/?s={search_term_string}"},"query-input":{"@type":"PropertyValueSpecification","valueRequired":true,"valueName":"search_term_string"}}],"inLanguage":"es"},{"@type":"Organization","@id":"https:\/\/juntscontraelcancer.cat\/es\/#organization","name":"Junts contra el c\u00e0ncer - FECEC","url":"https:\/\/juntscontraelcancer.cat\/es\/","logo":{"@type":"ImageObject","inLanguage":"es","@id":"https:\/\/juntscontraelcancer.cat\/es\/#\/schema\/logo\/image\/","url":"https:\/\/juntscontraelcancer.cat\/wp-content\/uploads\/2023\/01\/logo-fecec-header.png","contentUrl":"https:\/\/juntscontraelcancer.cat\/wp-content\/uploads\/2023\/01\/logo-fecec-header.png","width":126,"height":74,"caption":"Junts contra el c\u00e0ncer - FECEC"},"image":{"@id":"https:\/\/juntscontraelcancer.cat\/es\/#\/schema\/logo\/image\/"},"sameAs":["https:\/\/www.facebook.com\/fecec.federacio\/","https:\/\/x.com\/FececFederacio","https:\/\/www.instagram.com\/fececfederacio\/?hl=es","https:\/\/www.youtube.com\/channel\/UCgAC_6c6hmHwMQhSCQyYBdA"]},{"@type":"Person","@id":"https:\/\/juntscontraelcancer.cat\/es\/#\/schema\/person\/14c85cb9b3aeddea8f9087bea375813f","name":"Pukkas","image":{"@type":"ImageObject","inLanguage":"es","@id":"https:\/\/secure.gravatar.com\/avatar\/7433209641beafe57dbfd32b83f1c28fb7da2f23c98b47d02c7623ce350a0e9f?s=96&d=mm&r=g","url":"https:\/\/secure.gravatar.com\/avatar\/7433209641beafe57dbfd32b83f1c28fb7da2f23c98b47d02c7623ce350a0e9f?s=96&d=mm&r=g","contentUrl":"https:\/\/secure.gravatar.com\/avatar\/7433209641beafe57dbfd32b83f1c28fb7da2f23c98b47d02c7623ce350a0e9f?s=96&d=mm&r=g","caption":"Pukkas"},"sameAs":["https:\/\/juntscontraelcancer.cat"]}]}},"_links":{"self":[{"href":"https:\/\/juntscontraelcancer.cat\/es\/wp-json\/wp\/v2\/posts\/14799","targetHints":{"allow":["GET"]}}],"collection":[{"href":"https:\/\/juntscontraelcancer.cat\/es\/wp-json\/wp\/v2\/posts"}],"about":[{"href":"https:\/\/juntscontraelcancer.cat\/es\/wp-json\/wp\/v2\/types\/post"}],"author":[{"embeddable":true,"href":"https:\/\/juntscontraelcancer.cat\/es\/wp-json\/wp\/v2\/users\/1"}],"replies":[{"embeddable":true,"href":"https:\/\/juntscontraelcancer.cat\/es\/wp-json\/wp\/v2\/comments?post=14799"}],"version-history":[{"count":1,"href":"https:\/\/juntscontraelcancer.cat\/es\/wp-json\/wp\/v2\/posts\/14799\/revisions"}],"predecessor-version":[{"id":14801,"href":"https:\/\/juntscontraelcancer.cat\/es\/wp-json\/wp\/v2\/posts\/14799\/revisions\/14801"}],"wp:featuredmedia":[{"embeddable":true,"href":"https:\/\/juntscontraelcancer.cat\/es\/wp-json\/wp\/v2\/media\/14800"}],"wp:attachment":[{"href":"https:\/\/juntscontraelcancer.cat\/es\/wp-json\/wp\/v2\/media?parent=14799"}],"wp:term":[{"taxonomy":"category","embeddable":true,"href":"https:\/\/juntscontraelcancer.cat\/es\/wp-json\/wp\/v2\/categories?post=14799"},{"taxonomy":"post_tag","embeddable":true,"href":"https:\/\/juntscontraelcancer.cat\/es\/wp-json\/wp\/v2\/tags?post=14799"}],"curies":[{"name":"wp","href":"https:\/\/api.w.org\/{rel}","templated":true}]}}