{"id":14795,"date":"2021-06-07T00:00:00","date_gmt":"2021-06-06T22:00:00","guid":{"rendered":"https:\/\/junts.enproceso.es\/la-fecec-urge-al-nuevo-gobierno-catalan-a-volver-a-la-normalidad-en-la-atencion-oncologica\/"},"modified":"2023-06-12T11:51:45","modified_gmt":"2023-06-12T09:51:45","slug":"la-fecec-urge-al-nuevo-gobierno-catalan-a-volver-a-la-normalidad-en-la-atencion-oncologica","status":"publish","type":"post","link":"https:\/\/juntscontraelcancer.cat\/es\/la-fecec-urge-al-nuevo-gobierno-catalan-a-volver-a-la-normalidad-en-la-atencion-oncologica\/","title":{"rendered":"La FECEC urge al nuevo gobierno catal\u00e1n a volver a la normalidad en la atenci\u00f3n oncol\u00f3gica"},"content":{"rendered":"<ul>\n<li><strong>Alerta que la crisis sanitaria por la COVID-19 ha provocado unos retrasos en las pruebas diagn\u00f3sticas en c\u00e1ncer que se tienen que cambiar de manera urgente. Se estima que en el 2020 se han dejado de diagnosticar 1 de cada 5 casos<\/strong><\/li>\n<li><strong>Pide a la Generalitat programas para promover la reinserci\u00f3n social y laboral de los supervivientes de c\u00e1ncer. Tambi\u00e9n que refuerce la atenci\u00f3n psicosocial a los pacientes oncol\u00f3gicos para hacer frente al crecimiento de la demanda de estos servicios<\/strong><\/li>\n<\/ul>\n<p style=\"text-align: center;\"><a href=\"https:\/\/juntscontraelcancer.cat\/wp-content\/uploads\/2023\/04\/laboratory-2813958_1920-1.jpg\"><img loading=\"lazy\" decoding=\"async\" class=\"alignnone size-large wp-image-36812\" src=\"https:\/\/juntscontraelcancer.cat\/wp-content\/uploads\/2023\/04\/laboratory-2813958_1920-1-1024x683.jpg\" alt=\"laboratory-2813958_1920\" width=\"625\" height=\"417\" \/><\/a><\/p>\n<div class=\"traductor-textarea form-group\">\n<p>La Federaci\u00f3n Catalana de Entidades contra el C\u00e1ncer (FECEC)\u00a0reclama al nuevo ejecutivo catal\u00e1n que centre los esfuerzos en recuperar lo antes posible la normalidad en la atenci\u00f3n oncol\u00f3gica. La crisis sanitaria ha provocado retrasos en las pruebas diagn\u00f3sticas y en el funcionamiento de los programas de\u00a0cribado poblacional que repercuten con un posible impacto negativo en su pron\u00f3stico. De hecho, se estima que este 2020 se han dejado de diagnosticar 1 de cada 5 casos, seg\u00fan la Sociedad de Oncolog\u00eda M\u00e9dica (SEOM).<\/p>\n<p>La\u00a0FECEC\u00a0espera que el c\u00e1ncer se sit\u00fae en el centro de las prioridades de la acci\u00f3n de gobierno, porque Catalu\u00f1a se aproxime en el Plan Europeo de lucha contra el c\u00e1ncer. Tambi\u00e9n espera un nuevo gobierno fuerte, cohesionado y estable que permita avanzar en la estrategia para hacer frente a esta enfermedad.<\/p>\n<p>En este sentido, alerta que hacen falta medidas de apoyo a la rehabilitaci\u00f3n, integraci\u00f3n social y reinserci\u00f3n laboral. El Plan Europeo recoge una menci\u00f3n expresa a los supervivientes y a los problemas en el \u00e1mbito laboral y prev\u00e9 unas medidas para paliar la discriminaci\u00f3n que sufren estas personas en relaci\u00f3n a los productos financieros y al retorno al mercado de trabajo.<\/p>\n<p>Tambi\u00e9n insta al nuevo ejecutivo a reforzar la atenci\u00f3n psicosocial y de apoyo social, despu\u00e9s de constatar un aumento de un 21% de las demandas de este servicios a las entidades federadas, debido a la crisis sanitaria, econ\u00f3mica y social.<\/p>\n<p>En detecci\u00f3n precoz, la\u00a0FECEC\u00a0reclama una reforma de la atenci\u00f3n primaria. Insta a establecer lo\u00a0cribatge\u00a0poblacional para el c\u00e1ncer de c\u00e9rvix, como sucede con el de c\u00e1ncer de colono, en cumplimiento con la Estrategia en C\u00e1ncer aprobada por el Consejo Interterritorial del Sistema Nacional de Salud.<\/p>\n<p><strong>El c\u00e1ncer en cifras<\/strong><\/p>\n<p>En Catalu\u00f1a el c\u00e1ncer es una de las principales causas de muerte por enfermedad. En Espa\u00f1a los tumores representaron la tercera causa de defunci\u00f3n, seg\u00fan datos del Instituto Nacional de Estad\u00edstica (INE) de enero a mayo de 2020.<\/p>\n<p>La Uni\u00f3n Europea alerta que el n\u00famero de casos de c\u00e1ncer podr\u00eda aumentar casi un 25% de aqu\u00ed al 2035, si no se toman medidas eficaces, cosa que har\u00eda del c\u00e1ncer la primera causa de muerte a Europa.<\/p>\n<p><strong>20 a\u00f1os\u00a0FECEC<\/strong><\/p>\n<p>La Federaci\u00f3n Catalana de Entidades contra el C\u00e1ncer (FECEC, Juntos contra el C\u00e1ncer) es una entidad de segundo nivel que agrupa 15 organizaciones que trabajan en Catalu\u00f1a para mejorar la calidad de vida de los pacientes oncol\u00f3gicos y sus familias. La Federaci\u00f3n es censo informativo y da servicio a las entidades federadas, a la vez que fomenta el voluntariado en el \u00e1mbito oncol\u00f3gico y desarrolla programas en las \u00e1reas de divulgaci\u00f3n y prevenci\u00f3n, despu\u00e9s del c\u00e1ncer e investigaci\u00f3n psicosocial. Se constituy\u00f3 hace 20 a\u00f1os con la vocaci\u00f3n de integrar esfuerzos en la lucha contra las enfermedades oncol\u00f3gicas en Catalu\u00f1a. Para celebrar el 20.\u00ba cumplea\u00f1os, entre otros, ofrece un ciclo de\u00a0webinars\u00a0titulado \u201cC\u00e1ncer: presente y futuro\u201d con charlas, di\u00e1logos y mesas redondas sobre los aspectos m\u00e1s relevantes de la enfermedad.<\/p>\n<p>Forman parte de esta entidad las siguientes organizaciones en Catalu\u00f1a:\u00a0AFANOC, Asociaci\u00f3n Catalana de Ostomizados de Catalu\u00f1a, Asociaci\u00f3n\u00a0F\u00e8nix\u00a0Solson\u00e8s,\u00a0Oncolliga\u00a0Lleida, Fundaci\u00f3n Josep Carreras, Fundaci\u00f3n\u00a0Enriqueta\u00a0Villavecchia, Fundaci\u00f3n Roses contra el c\u00e1ncer, Fundaci\u00f3n\u00a0Oncolliga\u00a0Girona, Fundaci\u00f3n\u00a0Oncolliga, Fundaci\u00f3n\u00a0Oncovall\u00e8s, Grupo Iris, Fundaci\u00f3n\u00a0K\u0101lida, Vilassar de Dalt contra el c\u00e1ncer, Osona contra el c\u00e1ncer y la Liga contra el c\u00e1ncer de Tarragona y Tierras del Ebro.<\/p>\n<p><strong>Descarga la\u00a0<a href=\"https:\/\/www.juntscontraelcancer.cat\/wp-content\/uploads\/2021\/06\/NDP-Nou-govern-i-atencio%CC%81-oncolo%CC%80gica.docx\">la NDP aqu\u00ed<\/a>.<\/strong><\/p>\n<\/div>\n","protected":false},"excerpt":{"rendered":"<p>Alerta que la crisis sanitaria por la COVID-19 ha provocado unos retrasos en las pruebas diagn\u00f3sticas en c\u00e1ncer que se tienen que cambiar de manera urgente. Se estima que en el 2020 se han dejado de diagnosticar 1 de cada 5 casos Pide a la Generalitat programas para promover la reinserci\u00f3n social y laboral de [&#8230;]\n","protected":false},"author":1,"featured_media":14798,"comment_status":"closed","ping_status":"open","sticky":false,"template":"","format":"standard","meta":{"_acf_changed":false,"inline_featured_image":false,"footnotes":""},"categories":[84,3,86,68],"tags":[],"class_list":["post-14795","post","type-post","status-publish","format-standard","has-post-thumbnail","hentry","category-actualidad","category-actualitat","category-destacadas","category-destaquem"],"acf":[],"yoast_head":"<!-- This site is optimized with the Yoast SEO plugin v27.3 - https:\/\/yoast.com\/product\/yoast-seo-wordpress\/ -->\n<title>La FECEC urge al nuevo gobierno catal\u00e1n a volver a la normalidad en la atenci\u00f3n oncol\u00f3gica - Junts contra el c\u00e0ncer - FECEC<\/title>\n<meta name=\"robots\" content=\"index, follow, max-snippet:-1, max-image-preview:large, max-video-preview:-1\" \/>\n<link rel=\"canonical\" href=\"https:\/\/juntscontraelcancer.cat\/es\/la-fecec-urge-al-nuevo-gobierno-catalan-a-volver-a-la-normalidad-en-la-atencion-oncologica\/\" \/>\n<meta property=\"og:locale\" content=\"es_ES\" \/>\n<meta property=\"og:type\" content=\"article\" \/>\n<meta property=\"og:title\" content=\"La FECEC urge al nuevo gobierno catal\u00e1n a volver a la normalidad en la atenci\u00f3n oncol\u00f3gica - Junts contra el c\u00e0ncer - FECEC\" \/>\n<meta property=\"og:description\" content=\"Alerta que la crisis sanitaria por la COVID-19 ha provocado unos retrasos en las pruebas diagn\u00f3sticas en c\u00e1ncer que se tienen que cambiar de manera urgente. Se estima que en el 2020 se han dejado de diagnosticar 1 de cada 5 casos Pide a la Generalitat programas para promover la reinserci\u00f3n social y laboral de [...]\" \/>\n<meta property=\"og:url\" content=\"https:\/\/juntscontraelcancer.cat\/es\/la-fecec-urge-al-nuevo-gobierno-catalan-a-volver-a-la-normalidad-en-la-atencion-oncologica\/\" \/>\n<meta property=\"og:site_name\" content=\"Junts contra el c\u00e0ncer - FECEC\" \/>\n<meta property=\"article:publisher\" content=\"https:\/\/www.facebook.com\/fecec.federacio\/\" \/>\n<meta property=\"article:published_time\" content=\"2021-06-06T22:00:00+00:00\" \/>\n<meta property=\"article:modified_time\" content=\"2023-06-12T09:51:45+00:00\" \/>\n<meta property=\"og:image\" content=\"https:\/\/juntscontraelcancer.cat\/wp-content\/uploads\/2023\/04\/laboratory-2813958_1920-2.jpg\" \/>\n\t<meta property=\"og:image:width\" content=\"1920\" \/>\n\t<meta property=\"og:image:height\" content=\"1280\" \/>\n\t<meta property=\"og:image:type\" content=\"image\/jpeg\" \/>\n<meta name=\"author\" content=\"Pukkas\" \/>\n<meta name=\"twitter:card\" content=\"summary_large_image\" \/>\n<meta name=\"twitter:creator\" content=\"@FececFederacio\" \/>\n<meta name=\"twitter:site\" content=\"@FececFederacio\" \/>\n<meta name=\"twitter:label1\" content=\"Escrito por\" \/>\n\t<meta name=\"twitter:data1\" content=\"Pukkas\" \/>\n\t<meta name=\"twitter:label2\" content=\"Tiempo de lectura\" \/>\n\t<meta name=\"twitter:data2\" content=\"4 minutos\" \/>\n<script type=\"application\/ld+json\" class=\"yoast-schema-graph\">{\"@context\":\"https:\\\/\\\/schema.org\",\"@graph\":[{\"@type\":\"Article\",\"@id\":\"https:\\\/\\\/juntscontraelcancer.cat\\\/es\\\/la-fecec-urge-al-nuevo-gobierno-catalan-a-volver-a-la-normalidad-en-la-atencion-oncologica\\\/#article\",\"isPartOf\":{\"@id\":\"https:\\\/\\\/juntscontraelcancer.cat\\\/es\\\/la-fecec-urge-al-nuevo-gobierno-catalan-a-volver-a-la-normalidad-en-la-atencion-oncologica\\\/\"},\"author\":{\"name\":\"Pukkas\",\"@id\":\"https:\\\/\\\/juntscontraelcancer.cat\\\/es\\\/#\\\/schema\\\/person\\\/14c85cb9b3aeddea8f9087bea375813f\"},\"headline\":\"La FECEC urge al nuevo gobierno catal\u00e1n a volver a la normalidad en la atenci\u00f3n oncol\u00f3gica\",\"datePublished\":\"2021-06-06T22:00:00+00:00\",\"dateModified\":\"2023-06-12T09:51:45+00:00\",\"mainEntityOfPage\":{\"@id\":\"https:\\\/\\\/juntscontraelcancer.cat\\\/es\\\/la-fecec-urge-al-nuevo-gobierno-catalan-a-volver-a-la-normalidad-en-la-atencion-oncologica\\\/\"},\"wordCount\":746,\"publisher\":{\"@id\":\"https:\\\/\\\/juntscontraelcancer.cat\\\/es\\\/#organization\"},\"image\":{\"@id\":\"https:\\\/\\\/juntscontraelcancer.cat\\\/es\\\/la-fecec-urge-al-nuevo-gobierno-catalan-a-volver-a-la-normalidad-en-la-atencion-oncologica\\\/#primaryimage\"},\"thumbnailUrl\":\"https:\\\/\\\/juntscontraelcancer.cat\\\/wp-content\\\/uploads\\\/2023\\\/04\\\/laboratory-2813958_1920-2.jpg\",\"articleSection\":[\"Actualidad\",\"Actualitat\",\"Destacadas\",\"Destacats\"],\"inLanguage\":\"es\"},{\"@type\":\"WebPage\",\"@id\":\"https:\\\/\\\/juntscontraelcancer.cat\\\/es\\\/la-fecec-urge-al-nuevo-gobierno-catalan-a-volver-a-la-normalidad-en-la-atencion-oncologica\\\/\",\"url\":\"https:\\\/\\\/juntscontraelcancer.cat\\\/es\\\/la-fecec-urge-al-nuevo-gobierno-catalan-a-volver-a-la-normalidad-en-la-atencion-oncologica\\\/\",\"name\":\"La FECEC urge al nuevo gobierno catal\u00e1n a volver a la normalidad en la atenci\u00f3n oncol\u00f3gica - Junts contra el c\u00e0ncer - FECEC\",\"isPartOf\":{\"@id\":\"https:\\\/\\\/juntscontraelcancer.cat\\\/es\\\/#website\"},\"primaryImageOfPage\":{\"@id\":\"https:\\\/\\\/juntscontraelcancer.cat\\\/es\\\/la-fecec-urge-al-nuevo-gobierno-catalan-a-volver-a-la-normalidad-en-la-atencion-oncologica\\\/#primaryimage\"},\"image\":{\"@id\":\"https:\\\/\\\/juntscontraelcancer.cat\\\/es\\\/la-fecec-urge-al-nuevo-gobierno-catalan-a-volver-a-la-normalidad-en-la-atencion-oncologica\\\/#primaryimage\"},\"thumbnailUrl\":\"https:\\\/\\\/juntscontraelcancer.cat\\\/wp-content\\\/uploads\\\/2023\\\/04\\\/laboratory-2813958_1920-2.jpg\",\"datePublished\":\"2021-06-06T22:00:00+00:00\",\"dateModified\":\"2023-06-12T09:51:45+00:00\",\"breadcrumb\":{\"@id\":\"https:\\\/\\\/juntscontraelcancer.cat\\\/es\\\/la-fecec-urge-al-nuevo-gobierno-catalan-a-volver-a-la-normalidad-en-la-atencion-oncologica\\\/#breadcrumb\"},\"inLanguage\":\"es\",\"potentialAction\":[{\"@type\":\"ReadAction\",\"target\":[\"https:\\\/\\\/juntscontraelcancer.cat\\\/es\\\/la-fecec-urge-al-nuevo-gobierno-catalan-a-volver-a-la-normalidad-en-la-atencion-oncologica\\\/\"]}]},{\"@type\":\"ImageObject\",\"inLanguage\":\"es\",\"@id\":\"https:\\\/\\\/juntscontraelcancer.cat\\\/es\\\/la-fecec-urge-al-nuevo-gobierno-catalan-a-volver-a-la-normalidad-en-la-atencion-oncologica\\\/#primaryimage\",\"url\":\"https:\\\/\\\/juntscontraelcancer.cat\\\/wp-content\\\/uploads\\\/2023\\\/04\\\/laboratory-2813958_1920-2.jpg\",\"contentUrl\":\"https:\\\/\\\/juntscontraelcancer.cat\\\/wp-content\\\/uploads\\\/2023\\\/04\\\/laboratory-2813958_1920-2.jpg\",\"width\":1920,\"height\":1280},{\"@type\":\"BreadcrumbList\",\"@id\":\"https:\\\/\\\/juntscontraelcancer.cat\\\/es\\\/la-fecec-urge-al-nuevo-gobierno-catalan-a-volver-a-la-normalidad-en-la-atencion-oncologica\\\/#breadcrumb\",\"itemListElement\":[{\"@type\":\"ListItem\",\"position\":1,\"name\":\"Inicio\",\"item\":\"https:\\\/\\\/juntscontraelcancer.cat\\\/es\\\/\"},{\"@type\":\"ListItem\",\"position\":2,\"name\":\"La FECEC urge al nuevo gobierno catal\u00e1n a volver a la normalidad en la atenci\u00f3n oncol\u00f3gica\"}]},{\"@type\":\"WebSite\",\"@id\":\"https:\\\/\\\/juntscontraelcancer.cat\\\/es\\\/#website\",\"url\":\"https:\\\/\\\/juntscontraelcancer.cat\\\/es\\\/\",\"name\":\"Junts contra el c\u00e0ncer - FECEC\",\"description\":\"\",\"publisher\":{\"@id\":\"https:\\\/\\\/juntscontraelcancer.cat\\\/es\\\/#organization\"},\"potentialAction\":[{\"@type\":\"SearchAction\",\"target\":{\"@type\":\"EntryPoint\",\"urlTemplate\":\"https:\\\/\\\/juntscontraelcancer.cat\\\/es\\\/?s={search_term_string}\"},\"query-input\":{\"@type\":\"PropertyValueSpecification\",\"valueRequired\":true,\"valueName\":\"search_term_string\"}}],\"inLanguage\":\"es\"},{\"@type\":\"Organization\",\"@id\":\"https:\\\/\\\/juntscontraelcancer.cat\\\/es\\\/#organization\",\"name\":\"Junts contra el c\u00e0ncer - FECEC\",\"url\":\"https:\\\/\\\/juntscontraelcancer.cat\\\/es\\\/\",\"logo\":{\"@type\":\"ImageObject\",\"inLanguage\":\"es\",\"@id\":\"https:\\\/\\\/juntscontraelcancer.cat\\\/es\\\/#\\\/schema\\\/logo\\\/image\\\/\",\"url\":\"https:\\\/\\\/juntscontraelcancer.cat\\\/wp-content\\\/uploads\\\/2023\\\/01\\\/logo-fecec-header.png\",\"contentUrl\":\"https:\\\/\\\/juntscontraelcancer.cat\\\/wp-content\\\/uploads\\\/2023\\\/01\\\/logo-fecec-header.png\",\"width\":126,\"height\":74,\"caption\":\"Junts contra el c\u00e0ncer - FECEC\"},\"image\":{\"@id\":\"https:\\\/\\\/juntscontraelcancer.cat\\\/es\\\/#\\\/schema\\\/logo\\\/image\\\/\"},\"sameAs\":[\"https:\\\/\\\/www.facebook.com\\\/fecec.federacio\\\/\",\"https:\\\/\\\/x.com\\\/FececFederacio\",\"https:\\\/\\\/www.instagram.com\\\/fececfederacio\\\/?hl=es\",\"https:\\\/\\\/www.youtube.com\\\/channel\\\/UCgAC_6c6hmHwMQhSCQyYBdA\"]},{\"@type\":\"Person\",\"@id\":\"https:\\\/\\\/juntscontraelcancer.cat\\\/es\\\/#\\\/schema\\\/person\\\/14c85cb9b3aeddea8f9087bea375813f\",\"name\":\"Pukkas\",\"image\":{\"@type\":\"ImageObject\",\"inLanguage\":\"es\",\"@id\":\"https:\\\/\\\/secure.gravatar.com\\\/avatar\\\/7433209641beafe57dbfd32b83f1c28fb7da2f23c98b47d02c7623ce350a0e9f?s=96&d=mm&r=g\",\"url\":\"https:\\\/\\\/secure.gravatar.com\\\/avatar\\\/7433209641beafe57dbfd32b83f1c28fb7da2f23c98b47d02c7623ce350a0e9f?s=96&d=mm&r=g\",\"contentUrl\":\"https:\\\/\\\/secure.gravatar.com\\\/avatar\\\/7433209641beafe57dbfd32b83f1c28fb7da2f23c98b47d02c7623ce350a0e9f?s=96&d=mm&r=g\",\"caption\":\"Pukkas\"},\"sameAs\":[\"https:\\\/\\\/juntscontraelcancer.cat\"]}]}<\/script>\n<!-- \/ Yoast SEO plugin. -->","yoast_head_json":{"title":"La FECEC urge al nuevo gobierno catal\u00e1n a volver a la normalidad en la atenci\u00f3n oncol\u00f3gica - Junts contra el c\u00e0ncer - FECEC","robots":{"index":"index","follow":"follow","max-snippet":"max-snippet:-1","max-image-preview":"max-image-preview:large","max-video-preview":"max-video-preview:-1"},"canonical":"https:\/\/juntscontraelcancer.cat\/es\/la-fecec-urge-al-nuevo-gobierno-catalan-a-volver-a-la-normalidad-en-la-atencion-oncologica\/","og_locale":"es_ES","og_type":"article","og_title":"La FECEC urge al nuevo gobierno catal\u00e1n a volver a la normalidad en la atenci\u00f3n oncol\u00f3gica - Junts contra el c\u00e0ncer - FECEC","og_description":"Alerta que la crisis sanitaria por la COVID-19 ha provocado unos retrasos en las pruebas diagn\u00f3sticas en c\u00e1ncer que se tienen que cambiar de manera urgente. Se estima que en el 2020 se han dejado de diagnosticar 1 de cada 5 casos Pide a la Generalitat programas para promover la reinserci\u00f3n social y laboral de [...]","og_url":"https:\/\/juntscontraelcancer.cat\/es\/la-fecec-urge-al-nuevo-gobierno-catalan-a-volver-a-la-normalidad-en-la-atencion-oncologica\/","og_site_name":"Junts contra el c\u00e0ncer - FECEC","article_publisher":"https:\/\/www.facebook.com\/fecec.federacio\/","article_published_time":"2021-06-06T22:00:00+00:00","article_modified_time":"2023-06-12T09:51:45+00:00","og_image":[{"width":1920,"height":1280,"url":"https:\/\/juntscontraelcancer.cat\/wp-content\/uploads\/2023\/04\/laboratory-2813958_1920-2.jpg","type":"image\/jpeg"}],"author":"Pukkas","twitter_card":"summary_large_image","twitter_creator":"@FececFederacio","twitter_site":"@FececFederacio","twitter_misc":{"Escrito por":"Pukkas","Tiempo de lectura":"4 minutos"},"schema":{"@context":"https:\/\/schema.org","@graph":[{"@type":"Article","@id":"https:\/\/juntscontraelcancer.cat\/es\/la-fecec-urge-al-nuevo-gobierno-catalan-a-volver-a-la-normalidad-en-la-atencion-oncologica\/#article","isPartOf":{"@id":"https:\/\/juntscontraelcancer.cat\/es\/la-fecec-urge-al-nuevo-gobierno-catalan-a-volver-a-la-normalidad-en-la-atencion-oncologica\/"},"author":{"name":"Pukkas","@id":"https:\/\/juntscontraelcancer.cat\/es\/#\/schema\/person\/14c85cb9b3aeddea8f9087bea375813f"},"headline":"La FECEC urge al nuevo gobierno catal\u00e1n a volver a la normalidad en la atenci\u00f3n oncol\u00f3gica","datePublished":"2021-06-06T22:00:00+00:00","dateModified":"2023-06-12T09:51:45+00:00","mainEntityOfPage":{"@id":"https:\/\/juntscontraelcancer.cat\/es\/la-fecec-urge-al-nuevo-gobierno-catalan-a-volver-a-la-normalidad-en-la-atencion-oncologica\/"},"wordCount":746,"publisher":{"@id":"https:\/\/juntscontraelcancer.cat\/es\/#organization"},"image":{"@id":"https:\/\/juntscontraelcancer.cat\/es\/la-fecec-urge-al-nuevo-gobierno-catalan-a-volver-a-la-normalidad-en-la-atencion-oncologica\/#primaryimage"},"thumbnailUrl":"https:\/\/juntscontraelcancer.cat\/wp-content\/uploads\/2023\/04\/laboratory-2813958_1920-2.jpg","articleSection":["Actualidad","Actualitat","Destacadas","Destacats"],"inLanguage":"es"},{"@type":"WebPage","@id":"https:\/\/juntscontraelcancer.cat\/es\/la-fecec-urge-al-nuevo-gobierno-catalan-a-volver-a-la-normalidad-en-la-atencion-oncologica\/","url":"https:\/\/juntscontraelcancer.cat\/es\/la-fecec-urge-al-nuevo-gobierno-catalan-a-volver-a-la-normalidad-en-la-atencion-oncologica\/","name":"La FECEC urge al nuevo gobierno catal\u00e1n a volver a la normalidad en la atenci\u00f3n oncol\u00f3gica - Junts contra el c\u00e0ncer - FECEC","isPartOf":{"@id":"https:\/\/juntscontraelcancer.cat\/es\/#website"},"primaryImageOfPage":{"@id":"https:\/\/juntscontraelcancer.cat\/es\/la-fecec-urge-al-nuevo-gobierno-catalan-a-volver-a-la-normalidad-en-la-atencion-oncologica\/#primaryimage"},"image":{"@id":"https:\/\/juntscontraelcancer.cat\/es\/la-fecec-urge-al-nuevo-gobierno-catalan-a-volver-a-la-normalidad-en-la-atencion-oncologica\/#primaryimage"},"thumbnailUrl":"https:\/\/juntscontraelcancer.cat\/wp-content\/uploads\/2023\/04\/laboratory-2813958_1920-2.jpg","datePublished":"2021-06-06T22:00:00+00:00","dateModified":"2023-06-12T09:51:45+00:00","breadcrumb":{"@id":"https:\/\/juntscontraelcancer.cat\/es\/la-fecec-urge-al-nuevo-gobierno-catalan-a-volver-a-la-normalidad-en-la-atencion-oncologica\/#breadcrumb"},"inLanguage":"es","potentialAction":[{"@type":"ReadAction","target":["https:\/\/juntscontraelcancer.cat\/es\/la-fecec-urge-al-nuevo-gobierno-catalan-a-volver-a-la-normalidad-en-la-atencion-oncologica\/"]}]},{"@type":"ImageObject","inLanguage":"es","@id":"https:\/\/juntscontraelcancer.cat\/es\/la-fecec-urge-al-nuevo-gobierno-catalan-a-volver-a-la-normalidad-en-la-atencion-oncologica\/#primaryimage","url":"https:\/\/juntscontraelcancer.cat\/wp-content\/uploads\/2023\/04\/laboratory-2813958_1920-2.jpg","contentUrl":"https:\/\/juntscontraelcancer.cat\/wp-content\/uploads\/2023\/04\/laboratory-2813958_1920-2.jpg","width":1920,"height":1280},{"@type":"BreadcrumbList","@id":"https:\/\/juntscontraelcancer.cat\/es\/la-fecec-urge-al-nuevo-gobierno-catalan-a-volver-a-la-normalidad-en-la-atencion-oncologica\/#breadcrumb","itemListElement":[{"@type":"ListItem","position":1,"name":"Inicio","item":"https:\/\/juntscontraelcancer.cat\/es\/"},{"@type":"ListItem","position":2,"name":"La FECEC urge al nuevo gobierno catal\u00e1n a volver a la normalidad en la atenci\u00f3n oncol\u00f3gica"}]},{"@type":"WebSite","@id":"https:\/\/juntscontraelcancer.cat\/es\/#website","url":"https:\/\/juntscontraelcancer.cat\/es\/","name":"Junts contra el c\u00e0ncer - FECEC","description":"","publisher":{"@id":"https:\/\/juntscontraelcancer.cat\/es\/#organization"},"potentialAction":[{"@type":"SearchAction","target":{"@type":"EntryPoint","urlTemplate":"https:\/\/juntscontraelcancer.cat\/es\/?s={search_term_string}"},"query-input":{"@type":"PropertyValueSpecification","valueRequired":true,"valueName":"search_term_string"}}],"inLanguage":"es"},{"@type":"Organization","@id":"https:\/\/juntscontraelcancer.cat\/es\/#organization","name":"Junts contra el c\u00e0ncer - FECEC","url":"https:\/\/juntscontraelcancer.cat\/es\/","logo":{"@type":"ImageObject","inLanguage":"es","@id":"https:\/\/juntscontraelcancer.cat\/es\/#\/schema\/logo\/image\/","url":"https:\/\/juntscontraelcancer.cat\/wp-content\/uploads\/2023\/01\/logo-fecec-header.png","contentUrl":"https:\/\/juntscontraelcancer.cat\/wp-content\/uploads\/2023\/01\/logo-fecec-header.png","width":126,"height":74,"caption":"Junts contra el c\u00e0ncer - FECEC"},"image":{"@id":"https:\/\/juntscontraelcancer.cat\/es\/#\/schema\/logo\/image\/"},"sameAs":["https:\/\/www.facebook.com\/fecec.federacio\/","https:\/\/x.com\/FececFederacio","https:\/\/www.instagram.com\/fececfederacio\/?hl=es","https:\/\/www.youtube.com\/channel\/UCgAC_6c6hmHwMQhSCQyYBdA"]},{"@type":"Person","@id":"https:\/\/juntscontraelcancer.cat\/es\/#\/schema\/person\/14c85cb9b3aeddea8f9087bea375813f","name":"Pukkas","image":{"@type":"ImageObject","inLanguage":"es","@id":"https:\/\/secure.gravatar.com\/avatar\/7433209641beafe57dbfd32b83f1c28fb7da2f23c98b47d02c7623ce350a0e9f?s=96&d=mm&r=g","url":"https:\/\/secure.gravatar.com\/avatar\/7433209641beafe57dbfd32b83f1c28fb7da2f23c98b47d02c7623ce350a0e9f?s=96&d=mm&r=g","contentUrl":"https:\/\/secure.gravatar.com\/avatar\/7433209641beafe57dbfd32b83f1c28fb7da2f23c98b47d02c7623ce350a0e9f?s=96&d=mm&r=g","caption":"Pukkas"},"sameAs":["https:\/\/juntscontraelcancer.cat"]}]}},"_links":{"self":[{"href":"https:\/\/juntscontraelcancer.cat\/es\/wp-json\/wp\/v2\/posts\/14795","targetHints":{"allow":["GET"]}}],"collection":[{"href":"https:\/\/juntscontraelcancer.cat\/es\/wp-json\/wp\/v2\/posts"}],"about":[{"href":"https:\/\/juntscontraelcancer.cat\/es\/wp-json\/wp\/v2\/types\/post"}],"author":[{"embeddable":true,"href":"https:\/\/juntscontraelcancer.cat\/es\/wp-json\/wp\/v2\/users\/1"}],"replies":[{"embeddable":true,"href":"https:\/\/juntscontraelcancer.cat\/es\/wp-json\/wp\/v2\/comments?post=14795"}],"version-history":[{"count":1,"href":"https:\/\/juntscontraelcancer.cat\/es\/wp-json\/wp\/v2\/posts\/14795\/revisions"}],"predecessor-version":[{"id":14797,"href":"https:\/\/juntscontraelcancer.cat\/es\/wp-json\/wp\/v2\/posts\/14795\/revisions\/14797"}],"wp:featuredmedia":[{"embeddable":true,"href":"https:\/\/juntscontraelcancer.cat\/es\/wp-json\/wp\/v2\/media\/14798"}],"wp:attachment":[{"href":"https:\/\/juntscontraelcancer.cat\/es\/wp-json\/wp\/v2\/media?parent=14795"}],"wp:term":[{"taxonomy":"category","embeddable":true,"href":"https:\/\/juntscontraelcancer.cat\/es\/wp-json\/wp\/v2\/categories?post=14795"},{"taxonomy":"post_tag","embeddable":true,"href":"https:\/\/juntscontraelcancer.cat\/es\/wp-json\/wp\/v2\/tags?post=14795"}],"curies":[{"name":"wp","href":"https:\/\/api.w.org\/{rel}","templated":true}]}}