{"id":14783,"date":"2021-05-18T00:00:00","date_gmt":"2021-05-17T22:00:00","guid":{"rendered":"https:\/\/junts.enproceso.es\/aprobada-la-memoria-de-actividades-de-la-fecec-del-2020\/"},"modified":"2023-06-12T11:51:46","modified_gmt":"2023-06-12T09:51:46","slug":"aprobada-la-memoria-de-actividades-de-la-fecec-del-2020","status":"publish","type":"post","link":"https:\/\/juntscontraelcancer.cat\/es\/aprobada-la-memoria-de-actividades-de-la-fecec-del-2020\/","title":{"rendered":"Aprobada la Memoria de Actividades de la FECEC del 2020"},"content":{"rendered":"<div class=\"traductor-textarea form-group\">\n<p><strong>La Junta y la Asamblea General de la\u00a0FECEC, reunidas el 17 de mayo, han aprobado, entre otros puntos, las cuentas del a\u00f1o 2020 y la Memoria de Actividades de la Federaci\u00f3n.<\/strong><\/p>\n<\/div>\n<div class=\"traductor-textarea form-group\"><a href=\"https:\/\/juntscontraelcancer.cat\/wp-content\/uploads\/2023\/04\/Captura-de-pantalla-2021-05-18-a-las-13.08.58-3.png\"><img loading=\"lazy\" decoding=\"async\" class=\"alignnone size-full wp-image-36698\" src=\"https:\/\/juntscontraelcancer.cat\/wp-content\/uploads\/2023\/04\/Captura-de-pantalla-2021-05-18-a-las-13.08.58-3.png\" alt=\"Captura de pantalla 2021-05-18 a las 13.08.58\" width=\"1001\" height=\"617\" \/><\/a><\/div>\n<div class=\"traductor-checkbox form-group\"><\/div>\n<div class=\"traductor-checkbox form-group\">\n<p><strong>Lo m\u00e1s destacado del 2020<\/strong><\/p>\n<p>A mediados de marzo se cumpl\u00eda un a\u00f1o de pandemia, que ha trastocado la sociedad, afectando especialmente a los pacientes con c\u00e1ncer, sus familias y el funcionamiento de las entidades de este \u00e1mbito.<\/p>\n<p>Durante el estado de alarma el sistema sanitario p\u00fablico qued\u00f3 colapsado, con programas de detecci\u00f3n precoz de c\u00e1ncer parados y la atenci\u00f3n primaria desbordada. Los grandes olvidados han sido los pacientes oncol\u00f3gicos. Para la Sociedad de Oncolog\u00eda M\u00e9dica (SEOM), durante el 2020 se han dejado de diagnosticar 1 de cada 5 casos de c\u00e1ncer en Espa\u00f1a. Seg\u00fan datos del Departamento de Salud, el 2020 se diagnosticaron en Catalu\u00f1a un 12% menos de casos de c\u00e1ncer respecto al 2019. Ahora bien, en la primera ola, los diagn\u00f3sticos llegaron a caer un 38%. La atenci\u00f3n primaria todav\u00eda no se ha recuperado. Adem\u00e1s, como consecuencia de los efectos de la pandemia, ha aumentado un 21% la demanda de servicios de atenci\u00f3n psicosocial que ofrecen las entidades.<\/p>\n<p>Otro de los efectos de la pandemia para las entidades ha sido la necesidad de reorganizaci\u00f3n y aprender a trabajar de otras maneras, como acompa\u00f1ar en la distancia. La\u00a0FECEC\u00a0ha multiplicado esfuerzos para hacer de altavoz de esta preocupante situaci\u00f3n que han vivido pacientes y familiares, as\u00ed como apoyar a las entidades federadas para superar los efectos de la pandemia.<\/p>\n<\/div>\n<div class=\"traductor-checkbox form-group\"><\/div>\n<p><strong>SERVICIOS A LAS ENTIDADES<\/strong><\/p>\n<p>-Durante el a\u00f1o 2020, la\u00a0FECEC\u00a0ha asistido a 66 reuniones en representaci\u00f3n de las entidades federadas en m\u00e1s de 7 \u00f3rganos y\/o entidades.<br \/>\n-La\u00a0FECEC\u00a0ha atendido y derivado 148 peticiones externas hacia las entidades federadas.<br \/>\n-La\u00a0FECEC\u00a0ha enviado 42 boletines, 40 compilaciones de prensa semanal.<br \/>\n-La\u00a0FECEC\u00a0ha participado en 3 jornadas de divulgaci\u00f3n y sensibilizaci\u00f3n.<br \/>\n-Ha organizado las 12 reuniones de los 3 grupos de trabajo. Ha organizado 6 sesiones de formaci\u00f3n y unas jornadas de reflexi\u00f3n estrat\u00e9gica.<\/p>\n<p><strong>FUENTE DE CONOCIMIENTO<\/strong><br \/>\nTambi\u00e9n ha editado el informe La\u00a0FECEC\u00a0en Cifras 2019, donde se detallan los diferentes servicios actuaciones que se han realizado durante el a\u00f1o en el conjunto de las entidades para atender un total de 16.000 pacientes y familias.<\/p>\n<p><strong>PROGRAMA DE PREVENCI\u00d3N Y DIVULGACI\u00d3N<\/strong><br \/>\nLa\u00a0FECEC\u00a0ha organizado 95 actividades con 65.000 participantes y un impacto adem\u00e1s de 111.000 personas.<\/p>\n<p><strong>PROGRAMA DE FOMENTO DEL VOLUNTARIADO EN El \u00c1MBITO ONCOL\u00d3GICO<\/strong><br \/>\nLa\u00a0FECEC\u00a0ha organizado 3 cursos de formaci\u00f3n b\u00e1sica, 1 curso de profundizaci\u00f3n y una c\u00e1psula de formaci\u00f3n. Los cursos han estado presenciales, con un n\u00famero reducido de\u00a0participantes con 75 voluntarios formados, m\u00e1s la jornada XVI Trobada de\u00a0Voluntariat\u00a0en el \u00e1mbito oncol\u00f3gico con 160 inscritos y 127 voluntarios que se han conectado y se ha organizado 1 c\u00e1psula de formaci\u00f3n por los coordinadores de voluntariado.<\/p>\n<p><strong>PROGRAMA DESPU\u00c9S DEL C\u00c1NCER<\/strong><\/p>\n<p>-Organizaci\u00f3n de 2 ciclos de charlas en l\u00ednea \u201cDespu\u00e9s del c\u00e1ncer\u201d con unos 80 participantes.<br \/>\n-Retoma, servicio de orientaci\u00f3n laboral despu\u00e9s del c\u00e1ncer: iniciado el abril 2017. Ha atendido 58 peticiones.<br \/>\n-Consolidaci\u00f3n del espacio digital www.despresdelcancer.cat con 80.108 visitas y 120.000 p\u00e1ginas vistas.<br \/>\n-Finalizaci\u00f3n, presentaci\u00f3n y formaci\u00f3n del protocolo por empresas realizado para\u00a0Mutua\u00a0Asepeyo para promover la gesti\u00f3n del c\u00e1ncer en el \u00e1mbito laboral entre las empresas mutualistas.<br \/>\n-Consolidaci\u00f3n de la prueba piloto en el Vall\u00e8s Oriental \u201cQu\u00e9 hacer cuando aparece el c\u00e1ncer al trabajo\u201d con 4 empresas\u00a0OncoCompromeses, y 9 intervenciones.<\/p>\n<p>&nbsp;<\/p>\n<p><a href=\"https:\/\/juntscontraelcancer.cat\/wp-content\/uploads\/2023\/04\/Captura-de-pantalla-2021-05-18-a-las-12.37.44-2.png\"><img loading=\"lazy\" decoding=\"async\" class=\"alignnone wp-image-36695 size-medium\" src=\"https:\/\/juntscontraelcancer.cat\/wp-content\/uploads\/2023\/04\/Captura-de-pantalla-2021-05-18-a-las-12.37.44-2-300x144.png\" alt=\"Captura de pantalla 2021-05-18 a las 12.37.44\" width=\"300\" height=\"144\" \/><\/a><\/p>\n<p>Pod\u00e9is descargar\u00a0<strong><a href=\"https:\/\/www.juntscontraelcancer.cat\/wp-content\/uploads\/2021\/05\/656_MEMORIA_2020_CAT-ultima-versio%CC%81.pdf\" target=\"_blank\" rel=\"noopener\">aqu\u00ed la MEMORIA COMPLETA<\/a>.<\/strong><\/p>\n","protected":false},"excerpt":{"rendered":"<p>La Junta y la Asamblea General de la\u00a0FECEC, reunidas el 17 de mayo, han aprobado, entre otros puntos, las cuentas del a\u00f1o 2020 y la Memoria de Actividades de la Federaci\u00f3n. Lo m\u00e1s destacado del 2020 A mediados de marzo se cumpl\u00eda un a\u00f1o de pandemia, que ha trastocado la sociedad, afectando especialmente a los [&#8230;]\n","protected":false},"author":1,"featured_media":14787,"comment_status":"closed","ping_status":"open","sticky":false,"template":"","format":"standard","meta":{"_acf_changed":false,"inline_featured_image":false,"footnotes":""},"categories":[84,3,86,68],"tags":[],"class_list":["post-14783","post","type-post","status-publish","format-standard","has-post-thumbnail","hentry","category-actualidad","category-actualitat","category-destacadas","category-destaquem"],"acf":[],"yoast_head":"<!-- This site is optimized with the Yoast SEO plugin v27.3 - https:\/\/yoast.com\/product\/yoast-seo-wordpress\/ -->\n<title>Aprobada la Memoria de Actividades de la FECEC del 2020 - Junts contra el c\u00e0ncer - FECEC<\/title>\n<meta name=\"robots\" content=\"index, follow, max-snippet:-1, max-image-preview:large, max-video-preview:-1\" \/>\n<link rel=\"canonical\" href=\"https:\/\/juntscontraelcancer.cat\/es\/aprobada-la-memoria-de-actividades-de-la-fecec-del-2020\/\" \/>\n<meta property=\"og:locale\" content=\"es_ES\" \/>\n<meta property=\"og:type\" content=\"article\" \/>\n<meta property=\"og:title\" content=\"Aprobada la Memoria de Actividades de la FECEC del 2020 - Junts contra el c\u00e0ncer - FECEC\" \/>\n<meta property=\"og:description\" content=\"La Junta y la Asamblea General de la\u00a0FECEC, reunidas el 17 de mayo, han aprobado, entre otros puntos, las cuentas del a\u00f1o 2020 y la Memoria de Actividades de la Federaci\u00f3n. Lo m\u00e1s destacado del 2020 A mediados de marzo se cumpl\u00eda un a\u00f1o de pandemia, que ha trastocado la sociedad, afectando especialmente a los [...]\" \/>\n<meta property=\"og:url\" content=\"https:\/\/juntscontraelcancer.cat\/es\/aprobada-la-memoria-de-actividades-de-la-fecec-del-2020\/\" \/>\n<meta property=\"og:site_name\" content=\"Junts contra el c\u00e0ncer - FECEC\" \/>\n<meta property=\"article:publisher\" content=\"https:\/\/www.facebook.com\/fecec.federacio\/\" \/>\n<meta property=\"article:published_time\" content=\"2021-05-17T22:00:00+00:00\" \/>\n<meta property=\"article:modified_time\" content=\"2023-06-12T09:51:46+00:00\" \/>\n<meta property=\"og:image\" content=\"https:\/\/juntscontraelcancer.cat\/wp-content\/uploads\/2023\/04\/Captura-de-pantalla-2021-05-18-a-las-12.37.44-4.png\" \/>\n\t<meta property=\"og:image:width\" content=\"919\" \/>\n\t<meta property=\"og:image:height\" content=\"442\" \/>\n\t<meta property=\"og:image:type\" content=\"image\/png\" \/>\n<meta name=\"author\" content=\"Pukkas\" \/>\n<meta name=\"twitter:card\" content=\"summary_large_image\" \/>\n<meta name=\"twitter:creator\" content=\"@FececFederacio\" \/>\n<meta name=\"twitter:site\" content=\"@FececFederacio\" \/>\n<meta name=\"twitter:label1\" content=\"Escrito por\" \/>\n\t<meta name=\"twitter:data1\" content=\"Pukkas\" \/>\n\t<meta name=\"twitter:label2\" content=\"Tiempo de lectura\" \/>\n\t<meta name=\"twitter:data2\" content=\"3 minutos\" \/>\n<script type=\"application\/ld+json\" class=\"yoast-schema-graph\">{\"@context\":\"https:\\\/\\\/schema.org\",\"@graph\":[{\"@type\":\"Article\",\"@id\":\"https:\\\/\\\/juntscontraelcancer.cat\\\/es\\\/aprobada-la-memoria-de-actividades-de-la-fecec-del-2020\\\/#article\",\"isPartOf\":{\"@id\":\"https:\\\/\\\/juntscontraelcancer.cat\\\/es\\\/aprobada-la-memoria-de-actividades-de-la-fecec-del-2020\\\/\"},\"author\":{\"name\":\"Pukkas\",\"@id\":\"https:\\\/\\\/juntscontraelcancer.cat\\\/es\\\/#\\\/schema\\\/person\\\/14c85cb9b3aeddea8f9087bea375813f\"},\"headline\":\"Aprobada la Memoria de Actividades de la FECEC del 2020\",\"datePublished\":\"2021-05-17T22:00:00+00:00\",\"dateModified\":\"2023-06-12T09:51:46+00:00\",\"mainEntityOfPage\":{\"@id\":\"https:\\\/\\\/juntscontraelcancer.cat\\\/es\\\/aprobada-la-memoria-de-actividades-de-la-fecec-del-2020\\\/\"},\"wordCount\":625,\"publisher\":{\"@id\":\"https:\\\/\\\/juntscontraelcancer.cat\\\/es\\\/#organization\"},\"image\":{\"@id\":\"https:\\\/\\\/juntscontraelcancer.cat\\\/es\\\/aprobada-la-memoria-de-actividades-de-la-fecec-del-2020\\\/#primaryimage\"},\"thumbnailUrl\":\"https:\\\/\\\/juntscontraelcancer.cat\\\/wp-content\\\/uploads\\\/2023\\\/04\\\/Captura-de-pantalla-2021-05-18-a-las-12.37.44-4.png\",\"articleSection\":[\"Actualidad\",\"Actualitat\",\"Destacadas\",\"Destacats\"],\"inLanguage\":\"es\"},{\"@type\":\"WebPage\",\"@id\":\"https:\\\/\\\/juntscontraelcancer.cat\\\/es\\\/aprobada-la-memoria-de-actividades-de-la-fecec-del-2020\\\/\",\"url\":\"https:\\\/\\\/juntscontraelcancer.cat\\\/es\\\/aprobada-la-memoria-de-actividades-de-la-fecec-del-2020\\\/\",\"name\":\"Aprobada la Memoria de Actividades de la FECEC del 2020 - Junts contra el c\u00e0ncer - FECEC\",\"isPartOf\":{\"@id\":\"https:\\\/\\\/juntscontraelcancer.cat\\\/es\\\/#website\"},\"primaryImageOfPage\":{\"@id\":\"https:\\\/\\\/juntscontraelcancer.cat\\\/es\\\/aprobada-la-memoria-de-actividades-de-la-fecec-del-2020\\\/#primaryimage\"},\"image\":{\"@id\":\"https:\\\/\\\/juntscontraelcancer.cat\\\/es\\\/aprobada-la-memoria-de-actividades-de-la-fecec-del-2020\\\/#primaryimage\"},\"thumbnailUrl\":\"https:\\\/\\\/juntscontraelcancer.cat\\\/wp-content\\\/uploads\\\/2023\\\/04\\\/Captura-de-pantalla-2021-05-18-a-las-12.37.44-4.png\",\"datePublished\":\"2021-05-17T22:00:00+00:00\",\"dateModified\":\"2023-06-12T09:51:46+00:00\",\"breadcrumb\":{\"@id\":\"https:\\\/\\\/juntscontraelcancer.cat\\\/es\\\/aprobada-la-memoria-de-actividades-de-la-fecec-del-2020\\\/#breadcrumb\"},\"inLanguage\":\"es\",\"potentialAction\":[{\"@type\":\"ReadAction\",\"target\":[\"https:\\\/\\\/juntscontraelcancer.cat\\\/es\\\/aprobada-la-memoria-de-actividades-de-la-fecec-del-2020\\\/\"]}]},{\"@type\":\"ImageObject\",\"inLanguage\":\"es\",\"@id\":\"https:\\\/\\\/juntscontraelcancer.cat\\\/es\\\/aprobada-la-memoria-de-actividades-de-la-fecec-del-2020\\\/#primaryimage\",\"url\":\"https:\\\/\\\/juntscontraelcancer.cat\\\/wp-content\\\/uploads\\\/2023\\\/04\\\/Captura-de-pantalla-2021-05-18-a-las-12.37.44-4.png\",\"contentUrl\":\"https:\\\/\\\/juntscontraelcancer.cat\\\/wp-content\\\/uploads\\\/2023\\\/04\\\/Captura-de-pantalla-2021-05-18-a-las-12.37.44-4.png\",\"width\":919,\"height\":442},{\"@type\":\"BreadcrumbList\",\"@id\":\"https:\\\/\\\/juntscontraelcancer.cat\\\/es\\\/aprobada-la-memoria-de-actividades-de-la-fecec-del-2020\\\/#breadcrumb\",\"itemListElement\":[{\"@type\":\"ListItem\",\"position\":1,\"name\":\"Inicio\",\"item\":\"https:\\\/\\\/juntscontraelcancer.cat\\\/es\\\/\"},{\"@type\":\"ListItem\",\"position\":2,\"name\":\"Aprobada la Memoria de Actividades de la FECEC del 2020\"}]},{\"@type\":\"WebSite\",\"@id\":\"https:\\\/\\\/juntscontraelcancer.cat\\\/es\\\/#website\",\"url\":\"https:\\\/\\\/juntscontraelcancer.cat\\\/es\\\/\",\"name\":\"Junts contra el c\u00e0ncer - FECEC\",\"description\":\"\",\"publisher\":{\"@id\":\"https:\\\/\\\/juntscontraelcancer.cat\\\/es\\\/#organization\"},\"potentialAction\":[{\"@type\":\"SearchAction\",\"target\":{\"@type\":\"EntryPoint\",\"urlTemplate\":\"https:\\\/\\\/juntscontraelcancer.cat\\\/es\\\/?s={search_term_string}\"},\"query-input\":{\"@type\":\"PropertyValueSpecification\",\"valueRequired\":true,\"valueName\":\"search_term_string\"}}],\"inLanguage\":\"es\"},{\"@type\":\"Organization\",\"@id\":\"https:\\\/\\\/juntscontraelcancer.cat\\\/es\\\/#organization\",\"name\":\"Junts contra el c\u00e0ncer - FECEC\",\"url\":\"https:\\\/\\\/juntscontraelcancer.cat\\\/es\\\/\",\"logo\":{\"@type\":\"ImageObject\",\"inLanguage\":\"es\",\"@id\":\"https:\\\/\\\/juntscontraelcancer.cat\\\/es\\\/#\\\/schema\\\/logo\\\/image\\\/\",\"url\":\"https:\\\/\\\/juntscontraelcancer.cat\\\/wp-content\\\/uploads\\\/2023\\\/01\\\/logo-fecec-header.png\",\"contentUrl\":\"https:\\\/\\\/juntscontraelcancer.cat\\\/wp-content\\\/uploads\\\/2023\\\/01\\\/logo-fecec-header.png\",\"width\":126,\"height\":74,\"caption\":\"Junts contra el c\u00e0ncer - FECEC\"},\"image\":{\"@id\":\"https:\\\/\\\/juntscontraelcancer.cat\\\/es\\\/#\\\/schema\\\/logo\\\/image\\\/\"},\"sameAs\":[\"https:\\\/\\\/www.facebook.com\\\/fecec.federacio\\\/\",\"https:\\\/\\\/x.com\\\/FececFederacio\",\"https:\\\/\\\/www.instagram.com\\\/fececfederacio\\\/?hl=es\",\"https:\\\/\\\/www.youtube.com\\\/channel\\\/UCgAC_6c6hmHwMQhSCQyYBdA\"]},{\"@type\":\"Person\",\"@id\":\"https:\\\/\\\/juntscontraelcancer.cat\\\/es\\\/#\\\/schema\\\/person\\\/14c85cb9b3aeddea8f9087bea375813f\",\"name\":\"Pukkas\",\"image\":{\"@type\":\"ImageObject\",\"inLanguage\":\"es\",\"@id\":\"https:\\\/\\\/secure.gravatar.com\\\/avatar\\\/7433209641beafe57dbfd32b83f1c28fb7da2f23c98b47d02c7623ce350a0e9f?s=96&d=mm&r=g\",\"url\":\"https:\\\/\\\/secure.gravatar.com\\\/avatar\\\/7433209641beafe57dbfd32b83f1c28fb7da2f23c98b47d02c7623ce350a0e9f?s=96&d=mm&r=g\",\"contentUrl\":\"https:\\\/\\\/secure.gravatar.com\\\/avatar\\\/7433209641beafe57dbfd32b83f1c28fb7da2f23c98b47d02c7623ce350a0e9f?s=96&d=mm&r=g\",\"caption\":\"Pukkas\"},\"sameAs\":[\"https:\\\/\\\/juntscontraelcancer.cat\"]}]}<\/script>\n<!-- \/ Yoast SEO plugin. -->","yoast_head_json":{"title":"Aprobada la Memoria de Actividades de la FECEC del 2020 - Junts contra el c\u00e0ncer - FECEC","robots":{"index":"index","follow":"follow","max-snippet":"max-snippet:-1","max-image-preview":"max-image-preview:large","max-video-preview":"max-video-preview:-1"},"canonical":"https:\/\/juntscontraelcancer.cat\/es\/aprobada-la-memoria-de-actividades-de-la-fecec-del-2020\/","og_locale":"es_ES","og_type":"article","og_title":"Aprobada la Memoria de Actividades de la FECEC del 2020 - Junts contra el c\u00e0ncer - FECEC","og_description":"La Junta y la Asamblea General de la\u00a0FECEC, reunidas el 17 de mayo, han aprobado, entre otros puntos, las cuentas del a\u00f1o 2020 y la Memoria de Actividades de la Federaci\u00f3n. Lo m\u00e1s destacado del 2020 A mediados de marzo se cumpl\u00eda un a\u00f1o de pandemia, que ha trastocado la sociedad, afectando especialmente a los [...]","og_url":"https:\/\/juntscontraelcancer.cat\/es\/aprobada-la-memoria-de-actividades-de-la-fecec-del-2020\/","og_site_name":"Junts contra el c\u00e0ncer - FECEC","article_publisher":"https:\/\/www.facebook.com\/fecec.federacio\/","article_published_time":"2021-05-17T22:00:00+00:00","article_modified_time":"2023-06-12T09:51:46+00:00","og_image":[{"width":919,"height":442,"url":"https:\/\/juntscontraelcancer.cat\/wp-content\/uploads\/2023\/04\/Captura-de-pantalla-2021-05-18-a-las-12.37.44-4.png","type":"image\/png"}],"author":"Pukkas","twitter_card":"summary_large_image","twitter_creator":"@FececFederacio","twitter_site":"@FececFederacio","twitter_misc":{"Escrito por":"Pukkas","Tiempo de lectura":"3 minutos"},"schema":{"@context":"https:\/\/schema.org","@graph":[{"@type":"Article","@id":"https:\/\/juntscontraelcancer.cat\/es\/aprobada-la-memoria-de-actividades-de-la-fecec-del-2020\/#article","isPartOf":{"@id":"https:\/\/juntscontraelcancer.cat\/es\/aprobada-la-memoria-de-actividades-de-la-fecec-del-2020\/"},"author":{"name":"Pukkas","@id":"https:\/\/juntscontraelcancer.cat\/es\/#\/schema\/person\/14c85cb9b3aeddea8f9087bea375813f"},"headline":"Aprobada la Memoria de Actividades de la FECEC del 2020","datePublished":"2021-05-17T22:00:00+00:00","dateModified":"2023-06-12T09:51:46+00:00","mainEntityOfPage":{"@id":"https:\/\/juntscontraelcancer.cat\/es\/aprobada-la-memoria-de-actividades-de-la-fecec-del-2020\/"},"wordCount":625,"publisher":{"@id":"https:\/\/juntscontraelcancer.cat\/es\/#organization"},"image":{"@id":"https:\/\/juntscontraelcancer.cat\/es\/aprobada-la-memoria-de-actividades-de-la-fecec-del-2020\/#primaryimage"},"thumbnailUrl":"https:\/\/juntscontraelcancer.cat\/wp-content\/uploads\/2023\/04\/Captura-de-pantalla-2021-05-18-a-las-12.37.44-4.png","articleSection":["Actualidad","Actualitat","Destacadas","Destacats"],"inLanguage":"es"},{"@type":"WebPage","@id":"https:\/\/juntscontraelcancer.cat\/es\/aprobada-la-memoria-de-actividades-de-la-fecec-del-2020\/","url":"https:\/\/juntscontraelcancer.cat\/es\/aprobada-la-memoria-de-actividades-de-la-fecec-del-2020\/","name":"Aprobada la Memoria de Actividades de la FECEC del 2020 - Junts contra el c\u00e0ncer - FECEC","isPartOf":{"@id":"https:\/\/juntscontraelcancer.cat\/es\/#website"},"primaryImageOfPage":{"@id":"https:\/\/juntscontraelcancer.cat\/es\/aprobada-la-memoria-de-actividades-de-la-fecec-del-2020\/#primaryimage"},"image":{"@id":"https:\/\/juntscontraelcancer.cat\/es\/aprobada-la-memoria-de-actividades-de-la-fecec-del-2020\/#primaryimage"},"thumbnailUrl":"https:\/\/juntscontraelcancer.cat\/wp-content\/uploads\/2023\/04\/Captura-de-pantalla-2021-05-18-a-las-12.37.44-4.png","datePublished":"2021-05-17T22:00:00+00:00","dateModified":"2023-06-12T09:51:46+00:00","breadcrumb":{"@id":"https:\/\/juntscontraelcancer.cat\/es\/aprobada-la-memoria-de-actividades-de-la-fecec-del-2020\/#breadcrumb"},"inLanguage":"es","potentialAction":[{"@type":"ReadAction","target":["https:\/\/juntscontraelcancer.cat\/es\/aprobada-la-memoria-de-actividades-de-la-fecec-del-2020\/"]}]},{"@type":"ImageObject","inLanguage":"es","@id":"https:\/\/juntscontraelcancer.cat\/es\/aprobada-la-memoria-de-actividades-de-la-fecec-del-2020\/#primaryimage","url":"https:\/\/juntscontraelcancer.cat\/wp-content\/uploads\/2023\/04\/Captura-de-pantalla-2021-05-18-a-las-12.37.44-4.png","contentUrl":"https:\/\/juntscontraelcancer.cat\/wp-content\/uploads\/2023\/04\/Captura-de-pantalla-2021-05-18-a-las-12.37.44-4.png","width":919,"height":442},{"@type":"BreadcrumbList","@id":"https:\/\/juntscontraelcancer.cat\/es\/aprobada-la-memoria-de-actividades-de-la-fecec-del-2020\/#breadcrumb","itemListElement":[{"@type":"ListItem","position":1,"name":"Inicio","item":"https:\/\/juntscontraelcancer.cat\/es\/"},{"@type":"ListItem","position":2,"name":"Aprobada la Memoria de Actividades de la FECEC del 2020"}]},{"@type":"WebSite","@id":"https:\/\/juntscontraelcancer.cat\/es\/#website","url":"https:\/\/juntscontraelcancer.cat\/es\/","name":"Junts contra el c\u00e0ncer - FECEC","description":"","publisher":{"@id":"https:\/\/juntscontraelcancer.cat\/es\/#organization"},"potentialAction":[{"@type":"SearchAction","target":{"@type":"EntryPoint","urlTemplate":"https:\/\/juntscontraelcancer.cat\/es\/?s={search_term_string}"},"query-input":{"@type":"PropertyValueSpecification","valueRequired":true,"valueName":"search_term_string"}}],"inLanguage":"es"},{"@type":"Organization","@id":"https:\/\/juntscontraelcancer.cat\/es\/#organization","name":"Junts contra el c\u00e0ncer - FECEC","url":"https:\/\/juntscontraelcancer.cat\/es\/","logo":{"@type":"ImageObject","inLanguage":"es","@id":"https:\/\/juntscontraelcancer.cat\/es\/#\/schema\/logo\/image\/","url":"https:\/\/juntscontraelcancer.cat\/wp-content\/uploads\/2023\/01\/logo-fecec-header.png","contentUrl":"https:\/\/juntscontraelcancer.cat\/wp-content\/uploads\/2023\/01\/logo-fecec-header.png","width":126,"height":74,"caption":"Junts contra el c\u00e0ncer - FECEC"},"image":{"@id":"https:\/\/juntscontraelcancer.cat\/es\/#\/schema\/logo\/image\/"},"sameAs":["https:\/\/www.facebook.com\/fecec.federacio\/","https:\/\/x.com\/FececFederacio","https:\/\/www.instagram.com\/fececfederacio\/?hl=es","https:\/\/www.youtube.com\/channel\/UCgAC_6c6hmHwMQhSCQyYBdA"]},{"@type":"Person","@id":"https:\/\/juntscontraelcancer.cat\/es\/#\/schema\/person\/14c85cb9b3aeddea8f9087bea375813f","name":"Pukkas","image":{"@type":"ImageObject","inLanguage":"es","@id":"https:\/\/secure.gravatar.com\/avatar\/7433209641beafe57dbfd32b83f1c28fb7da2f23c98b47d02c7623ce350a0e9f?s=96&d=mm&r=g","url":"https:\/\/secure.gravatar.com\/avatar\/7433209641beafe57dbfd32b83f1c28fb7da2f23c98b47d02c7623ce350a0e9f?s=96&d=mm&r=g","contentUrl":"https:\/\/secure.gravatar.com\/avatar\/7433209641beafe57dbfd32b83f1c28fb7da2f23c98b47d02c7623ce350a0e9f?s=96&d=mm&r=g","caption":"Pukkas"},"sameAs":["https:\/\/juntscontraelcancer.cat"]}]}},"_links":{"self":[{"href":"https:\/\/juntscontraelcancer.cat\/es\/wp-json\/wp\/v2\/posts\/14783","targetHints":{"allow":["GET"]}}],"collection":[{"href":"https:\/\/juntscontraelcancer.cat\/es\/wp-json\/wp\/v2\/posts"}],"about":[{"href":"https:\/\/juntscontraelcancer.cat\/es\/wp-json\/wp\/v2\/types\/post"}],"author":[{"embeddable":true,"href":"https:\/\/juntscontraelcancer.cat\/es\/wp-json\/wp\/v2\/users\/1"}],"replies":[{"embeddable":true,"href":"https:\/\/juntscontraelcancer.cat\/es\/wp-json\/wp\/v2\/comments?post=14783"}],"version-history":[{"count":1,"href":"https:\/\/juntscontraelcancer.cat\/es\/wp-json\/wp\/v2\/posts\/14783\/revisions"}],"predecessor-version":[{"id":14786,"href":"https:\/\/juntscontraelcancer.cat\/es\/wp-json\/wp\/v2\/posts\/14783\/revisions\/14786"}],"wp:featuredmedia":[{"embeddable":true,"href":"https:\/\/juntscontraelcancer.cat\/es\/wp-json\/wp\/v2\/media\/14787"}],"wp:attachment":[{"href":"https:\/\/juntscontraelcancer.cat\/es\/wp-json\/wp\/v2\/media?parent=14783"}],"wp:term":[{"taxonomy":"category","embeddable":true,"href":"https:\/\/juntscontraelcancer.cat\/es\/wp-json\/wp\/v2\/categories?post=14783"},{"taxonomy":"post_tag","embeddable":true,"href":"https:\/\/juntscontraelcancer.cat\/es\/wp-json\/wp\/v2\/tags?post=14783"}],"curies":[{"name":"wp","href":"https:\/\/api.w.org\/{rel}","templated":true}]}}