{"id":14775,"date":"2021-04-22T00:00:00","date_gmt":"2021-04-21T22:00:00","guid":{"rendered":"https:\/\/junts.enproceso.es\/a-punto-una-nueva-edicion-de-las-charlas-despues-del-cancer-5-19-de-mayo-y-2-de-junio\/"},"modified":"2023-06-12T11:51:47","modified_gmt":"2023-06-12T09:51:47","slug":"a-punto-una-nueva-edicion-de-las-charlas-despues-del-cancer-5-19-de-mayo-y-2-de-junio","status":"publish","type":"post","link":"https:\/\/juntscontraelcancer.cat\/es\/a-punto-una-nueva-edicion-de-las-charlas-despues-del-cancer-5-19-de-mayo-y-2-de-junio\/","title":{"rendered":"A punto una nueva edici\u00f3n de las charlas \u00abDespu\u00e9s del C\u00e1ncer\u00bb: 5, 19 de mayo y 2 de junio"},"content":{"rendered":"<p>La<strong> Federaci\u00f3n Catalana de Entidades contra el C\u00e1ncer<\/strong> (FECEC)\u00a0y la <strong>Fundaci\u00f3n\u00a0Oncolliga<\/strong>\u00a0organizan una nueva edici\u00f3n del ciclo de charlas &#8216;<strong>Despu\u00e9s del C\u00e1nce<\/strong>r&#8217; para pacientes y personas cuidadoras. El objetivo de las tres charlas, en formato <em><strong>online<\/strong><\/em>, es ofrecer informaci\u00f3n sobre la gesti\u00f3n de la enfermedad cuando los tratamientos activos est\u00e1n a punto de acabar.<\/p>\n<p>Las charlas son gratuitas. Para participar es necasaria la inscripci\u00f3n previa. Aforo limitado.<\/p>\n<p><a href=\"https:\/\/juntscontraelcancer.cat\/wp-content\/uploads\/2023\/04\/Dp-del-cancer-Insta-1.png\"><img loading=\"lazy\" decoding=\"async\" class=\"alignnone size-full wp-image-36588\" src=\"https:\/\/juntscontraelcancer.cat\/wp-content\/uploads\/2023\/04\/Dp-del-cancer-Insta-1.png\" alt=\"Dp del ca\u0300ncer-Insta\" width=\"940\" height=\"788\" \/><\/a><\/p>\n<p><strong>PROGRAMACI\u00d3N<\/strong><\/p>\n<p><strong><span style=\"color: #33cccc;\">1. \u00bfC\u00f3mo me puedo preparar para volver al trabajo?<\/span><\/strong><br \/>\nA cargo de\u00a0<strong>Loly\u00a0Fern\u00e1ndez\u00a0Carou, especializada en salud laboral y prevenci\u00f3n de riesgos laborales<\/strong>.<br \/>\nMi\u00e9rcoles,<strong> 5 de mayo<\/strong> .\u00a018h. Zoom<\/p>\n<p><a href=\"https:\/\/forms.zohopublic.com\/fundacioncolliga\/form\/062021Comempucprepararpertornaralafeina\/formperma\/GmvcDztPu_Q8d5vnA3nLbC-o5aSEaIIgVK7kFIEKRBE\" target=\"_blank\" rel=\"noopener\"><strong>S\u00ed, quiero inscribirme<\/strong><\/a><\/p>\n<p><strong><span style=\"color: #33cccc;\"><strong><span style=\"color: #33cccc;\">2. \u00bfQu\u00e9 es el Instituto Catal\u00e1n de Evaluaciones M\u00e9dicas (ICAM)?<\/span><\/strong><\/span><\/strong><br \/>\nA cargo de la<strong> Dra. Maria Eugenia\u00a0Saumell, jefe del servicio del Instituto Catal\u00e1n de Evaluaciones M\u00e9dicas de Girona<\/strong>.<br \/>\nMi\u00e9rcoles, 19 de mayo.\u00a018h. Zoom<\/p>\n<p><a href=\"https:\/\/forms.zohopublic.com\/fundacioncolliga\/form\/Xerrada2QuslInstitutCataldAvaluacionsMdiquesICAM\/formperma\/BoO9Ds6TtMo2Tx0qwHzoiZZMCEnpxba3KklHdf1rSuE\" target=\"_blank\" rel=\"noopener\"><strong>S\u00ed, quiero inscribirme<\/strong><\/a><\/p>\n<p><strong><span style=\"color: #33cccc;\">3. \u00bfPor qu\u00e9 algunos pacientes responden a la terapia contra el c\u00e1ncer y otros no?<\/span><\/strong><br \/>\nA cargo del <strong>Dr. Oriol Casanovas, investigador del Programa PROCURE del Instituto Catal\u00e1n de Oncolog\u00eda (ICO) y del Programa\u00a0OncoBell\u00a0del\u00a0IDIBELL<\/strong>.<br \/>\nMi\u00e9rcoles, <strong>2 de junio<\/strong>.\u00a018h. Zoom<\/p>\n<p><a href=\"https:\/\/forms.zohopublic.com\/fundacioncolliga\/form\/Xerrada3Perqualgunspacientsresponenalaterpiacontra\/formperma\/5gYVAE_Gci1AkcqGLRr0DNhe5wHMZJaihi6WQ0z8Bvs\" target=\"_blank\" rel=\"noopener\"><strong>S\u00ed, quiero inscribirme<\/strong><\/a><\/p>\n<p>Desc\u00e1rgate el <strong>PROGRAMA <a href=\"https:\/\/www.juntscontraelcancer.cat\/wp-content\/uploads\/2021\/04\/Dp-del-ca\u0300ncer-1.pdf\" target=\"_blank\" rel=\"noopener\">aqu\u00ed<\/a>.<\/strong><\/p>\n","protected":false},"excerpt":{"rendered":"<p>La Federaci\u00f3n Catalana de Entidades contra el C\u00e1ncer (FECEC)\u00a0y la Fundaci\u00f3n\u00a0Oncolliga\u00a0organizan una nueva edici\u00f3n del ciclo de charlas &#8216;Despu\u00e9s del C\u00e1ncer&#8217; para pacientes y personas cuidadoras. El objetivo de las tres charlas, en formato online, es ofrecer informaci\u00f3n sobre la gesti\u00f3n de la enfermedad cuando los tratamientos activos est\u00e1n a punto de acabar. Las charlas [&#8230;]\n","protected":false},"author":1,"featured_media":14778,"comment_status":"closed","ping_status":"open","sticky":false,"template":"","format":"standard","meta":{"_acf_changed":false,"inline_featured_image":false,"footnotes":""},"categories":[84,3,86,68],"tags":[],"class_list":["post-14775","post","type-post","status-publish","format-standard","has-post-thumbnail","hentry","category-actualidad","category-actualitat","category-destacadas","category-destaquem"],"acf":[],"yoast_head":"<!-- This site is optimized with the Yoast SEO plugin v27.3 - https:\/\/yoast.com\/product\/yoast-seo-wordpress\/ -->\n<title>A punto una nueva edici\u00f3n de las charlas &quot;Despu\u00e9s del C\u00e1ncer&quot;: 5, 19 de mayo y 2 de junio - Junts contra el c\u00e0ncer - FECEC<\/title>\n<meta name=\"robots\" content=\"index, follow, max-snippet:-1, max-image-preview:large, max-video-preview:-1\" \/>\n<link rel=\"canonical\" href=\"https:\/\/juntscontraelcancer.cat\/es\/a-punto-una-nueva-edicion-de-las-charlas-despues-del-cancer-5-19-de-mayo-y-2-de-junio\/\" \/>\n<meta property=\"og:locale\" content=\"es_ES\" \/>\n<meta property=\"og:type\" content=\"article\" \/>\n<meta property=\"og:title\" content=\"A punto una nueva edici\u00f3n de las charlas &quot;Despu\u00e9s del C\u00e1ncer&quot;: 5, 19 de mayo y 2 de junio - Junts contra el c\u00e0ncer - FECEC\" \/>\n<meta property=\"og:description\" content=\"La Federaci\u00f3n Catalana de Entidades contra el C\u00e1ncer (FECEC)\u00a0y la Fundaci\u00f3n\u00a0Oncolliga\u00a0organizan una nueva edici\u00f3n del ciclo de charlas &#8216;Despu\u00e9s del C\u00e1ncer&#8217; para pacientes y personas cuidadoras. El objetivo de las tres charlas, en formato online, es ofrecer informaci\u00f3n sobre la gesti\u00f3n de la enfermedad cuando los tratamientos activos est\u00e1n a punto de acabar. Las charlas [...]\" \/>\n<meta property=\"og:url\" content=\"https:\/\/juntscontraelcancer.cat\/es\/a-punto-una-nueva-edicion-de-las-charlas-despues-del-cancer-5-19-de-mayo-y-2-de-junio\/\" \/>\n<meta property=\"og:site_name\" content=\"Junts contra el c\u00e0ncer - FECEC\" \/>\n<meta property=\"article:publisher\" content=\"https:\/\/www.facebook.com\/fecec.federacio\/\" \/>\n<meta property=\"article:published_time\" content=\"2021-04-21T22:00:00+00:00\" \/>\n<meta property=\"article:modified_time\" content=\"2023-06-12T09:51:47+00:00\" \/>\n<meta property=\"og:image\" content=\"https:\/\/juntscontraelcancer.cat\/wp-content\/uploads\/2023\/04\/Dp-del-cancer-Insta-2.png\" \/>\n\t<meta property=\"og:image:width\" content=\"940\" \/>\n\t<meta property=\"og:image:height\" content=\"788\" \/>\n\t<meta property=\"og:image:type\" content=\"image\/png\" \/>\n<meta name=\"author\" content=\"Pukkas\" \/>\n<meta name=\"twitter:card\" content=\"summary_large_image\" \/>\n<meta name=\"twitter:creator\" content=\"@FececFederacio\" \/>\n<meta name=\"twitter:site\" content=\"@FececFederacio\" \/>\n<meta name=\"twitter:label1\" content=\"Escrito por\" \/>\n\t<meta name=\"twitter:data1\" content=\"Pukkas\" \/>\n\t<meta name=\"twitter:label2\" content=\"Tiempo de lectura\" \/>\n\t<meta name=\"twitter:data2\" content=\"1 minuto\" \/>\n<script type=\"application\/ld+json\" class=\"yoast-schema-graph\">{\"@context\":\"https:\\\/\\\/schema.org\",\"@graph\":[{\"@type\":\"Article\",\"@id\":\"https:\\\/\\\/juntscontraelcancer.cat\\\/es\\\/a-punto-una-nueva-edicion-de-las-charlas-despues-del-cancer-5-19-de-mayo-y-2-de-junio\\\/#article\",\"isPartOf\":{\"@id\":\"https:\\\/\\\/juntscontraelcancer.cat\\\/es\\\/a-punto-una-nueva-edicion-de-las-charlas-despues-del-cancer-5-19-de-mayo-y-2-de-junio\\\/\"},\"author\":{\"name\":\"Pukkas\",\"@id\":\"https:\\\/\\\/juntscontraelcancer.cat\\\/es\\\/#\\\/schema\\\/person\\\/14c85cb9b3aeddea8f9087bea375813f\"},\"headline\":\"A punto una nueva edici\u00f3n de las charlas \u00abDespu\u00e9s del C\u00e1ncer\u00bb: 5, 19 de mayo y 2 de junio\",\"datePublished\":\"2021-04-21T22:00:00+00:00\",\"dateModified\":\"2023-06-12T09:51:47+00:00\",\"mainEntityOfPage\":{\"@id\":\"https:\\\/\\\/juntscontraelcancer.cat\\\/es\\\/a-punto-una-nueva-edicion-de-las-charlas-despues-del-cancer-5-19-de-mayo-y-2-de-junio\\\/\"},\"wordCount\":229,\"publisher\":{\"@id\":\"https:\\\/\\\/juntscontraelcancer.cat\\\/es\\\/#organization\"},\"image\":{\"@id\":\"https:\\\/\\\/juntscontraelcancer.cat\\\/es\\\/a-punto-una-nueva-edicion-de-las-charlas-despues-del-cancer-5-19-de-mayo-y-2-de-junio\\\/#primaryimage\"},\"thumbnailUrl\":\"https:\\\/\\\/juntscontraelcancer.cat\\\/wp-content\\\/uploads\\\/2023\\\/04\\\/Dp-del-cancer-Insta-2.png\",\"articleSection\":[\"Actualidad\",\"Actualitat\",\"Destacadas\",\"Destacats\"],\"inLanguage\":\"es\"},{\"@type\":\"WebPage\",\"@id\":\"https:\\\/\\\/juntscontraelcancer.cat\\\/es\\\/a-punto-una-nueva-edicion-de-las-charlas-despues-del-cancer-5-19-de-mayo-y-2-de-junio\\\/\",\"url\":\"https:\\\/\\\/juntscontraelcancer.cat\\\/es\\\/a-punto-una-nueva-edicion-de-las-charlas-despues-del-cancer-5-19-de-mayo-y-2-de-junio\\\/\",\"name\":\"A punto una nueva edici\u00f3n de las charlas \\\"Despu\u00e9s del C\u00e1ncer\\\": 5, 19 de mayo y 2 de junio - Junts contra el c\u00e0ncer - FECEC\",\"isPartOf\":{\"@id\":\"https:\\\/\\\/juntscontraelcancer.cat\\\/es\\\/#website\"},\"primaryImageOfPage\":{\"@id\":\"https:\\\/\\\/juntscontraelcancer.cat\\\/es\\\/a-punto-una-nueva-edicion-de-las-charlas-despues-del-cancer-5-19-de-mayo-y-2-de-junio\\\/#primaryimage\"},\"image\":{\"@id\":\"https:\\\/\\\/juntscontraelcancer.cat\\\/es\\\/a-punto-una-nueva-edicion-de-las-charlas-despues-del-cancer-5-19-de-mayo-y-2-de-junio\\\/#primaryimage\"},\"thumbnailUrl\":\"https:\\\/\\\/juntscontraelcancer.cat\\\/wp-content\\\/uploads\\\/2023\\\/04\\\/Dp-del-cancer-Insta-2.png\",\"datePublished\":\"2021-04-21T22:00:00+00:00\",\"dateModified\":\"2023-06-12T09:51:47+00:00\",\"breadcrumb\":{\"@id\":\"https:\\\/\\\/juntscontraelcancer.cat\\\/es\\\/a-punto-una-nueva-edicion-de-las-charlas-despues-del-cancer-5-19-de-mayo-y-2-de-junio\\\/#breadcrumb\"},\"inLanguage\":\"es\",\"potentialAction\":[{\"@type\":\"ReadAction\",\"target\":[\"https:\\\/\\\/juntscontraelcancer.cat\\\/es\\\/a-punto-una-nueva-edicion-de-las-charlas-despues-del-cancer-5-19-de-mayo-y-2-de-junio\\\/\"]}]},{\"@type\":\"ImageObject\",\"inLanguage\":\"es\",\"@id\":\"https:\\\/\\\/juntscontraelcancer.cat\\\/es\\\/a-punto-una-nueva-edicion-de-las-charlas-despues-del-cancer-5-19-de-mayo-y-2-de-junio\\\/#primaryimage\",\"url\":\"https:\\\/\\\/juntscontraelcancer.cat\\\/wp-content\\\/uploads\\\/2023\\\/04\\\/Dp-del-cancer-Insta-2.png\",\"contentUrl\":\"https:\\\/\\\/juntscontraelcancer.cat\\\/wp-content\\\/uploads\\\/2023\\\/04\\\/Dp-del-cancer-Insta-2.png\",\"width\":940,\"height\":788},{\"@type\":\"BreadcrumbList\",\"@id\":\"https:\\\/\\\/juntscontraelcancer.cat\\\/es\\\/a-punto-una-nueva-edicion-de-las-charlas-despues-del-cancer-5-19-de-mayo-y-2-de-junio\\\/#breadcrumb\",\"itemListElement\":[{\"@type\":\"ListItem\",\"position\":1,\"name\":\"Inicio\",\"item\":\"https:\\\/\\\/juntscontraelcancer.cat\\\/es\\\/\"},{\"@type\":\"ListItem\",\"position\":2,\"name\":\"A punto una nueva edici\u00f3n de las charlas \u00abDespu\u00e9s del C\u00e1ncer\u00bb: 5, 19 de mayo y 2 de junio\"}]},{\"@type\":\"WebSite\",\"@id\":\"https:\\\/\\\/juntscontraelcancer.cat\\\/es\\\/#website\",\"url\":\"https:\\\/\\\/juntscontraelcancer.cat\\\/es\\\/\",\"name\":\"Junts contra el c\u00e0ncer - FECEC\",\"description\":\"\",\"publisher\":{\"@id\":\"https:\\\/\\\/juntscontraelcancer.cat\\\/es\\\/#organization\"},\"potentialAction\":[{\"@type\":\"SearchAction\",\"target\":{\"@type\":\"EntryPoint\",\"urlTemplate\":\"https:\\\/\\\/juntscontraelcancer.cat\\\/es\\\/?s={search_term_string}\"},\"query-input\":{\"@type\":\"PropertyValueSpecification\",\"valueRequired\":true,\"valueName\":\"search_term_string\"}}],\"inLanguage\":\"es\"},{\"@type\":\"Organization\",\"@id\":\"https:\\\/\\\/juntscontraelcancer.cat\\\/es\\\/#organization\",\"name\":\"Junts contra el c\u00e0ncer - FECEC\",\"url\":\"https:\\\/\\\/juntscontraelcancer.cat\\\/es\\\/\",\"logo\":{\"@type\":\"ImageObject\",\"inLanguage\":\"es\",\"@id\":\"https:\\\/\\\/juntscontraelcancer.cat\\\/es\\\/#\\\/schema\\\/logo\\\/image\\\/\",\"url\":\"https:\\\/\\\/juntscontraelcancer.cat\\\/wp-content\\\/uploads\\\/2023\\\/01\\\/logo-fecec-header.png\",\"contentUrl\":\"https:\\\/\\\/juntscontraelcancer.cat\\\/wp-content\\\/uploads\\\/2023\\\/01\\\/logo-fecec-header.png\",\"width\":126,\"height\":74,\"caption\":\"Junts contra el c\u00e0ncer - FECEC\"},\"image\":{\"@id\":\"https:\\\/\\\/juntscontraelcancer.cat\\\/es\\\/#\\\/schema\\\/logo\\\/image\\\/\"},\"sameAs\":[\"https:\\\/\\\/www.facebook.com\\\/fecec.federacio\\\/\",\"https:\\\/\\\/x.com\\\/FececFederacio\",\"https:\\\/\\\/www.instagram.com\\\/fececfederacio\\\/?hl=es\",\"https:\\\/\\\/www.youtube.com\\\/channel\\\/UCgAC_6c6hmHwMQhSCQyYBdA\"]},{\"@type\":\"Person\",\"@id\":\"https:\\\/\\\/juntscontraelcancer.cat\\\/es\\\/#\\\/schema\\\/person\\\/14c85cb9b3aeddea8f9087bea375813f\",\"name\":\"Pukkas\",\"image\":{\"@type\":\"ImageObject\",\"inLanguage\":\"es\",\"@id\":\"https:\\\/\\\/secure.gravatar.com\\\/avatar\\\/7433209641beafe57dbfd32b83f1c28fb7da2f23c98b47d02c7623ce350a0e9f?s=96&d=mm&r=g\",\"url\":\"https:\\\/\\\/secure.gravatar.com\\\/avatar\\\/7433209641beafe57dbfd32b83f1c28fb7da2f23c98b47d02c7623ce350a0e9f?s=96&d=mm&r=g\",\"contentUrl\":\"https:\\\/\\\/secure.gravatar.com\\\/avatar\\\/7433209641beafe57dbfd32b83f1c28fb7da2f23c98b47d02c7623ce350a0e9f?s=96&d=mm&r=g\",\"caption\":\"Pukkas\"},\"sameAs\":[\"https:\\\/\\\/juntscontraelcancer.cat\"]}]}<\/script>\n<!-- \/ Yoast SEO plugin. -->","yoast_head_json":{"title":"A punto una nueva edici\u00f3n de las charlas \"Despu\u00e9s del C\u00e1ncer\": 5, 19 de mayo y 2 de junio - Junts contra el c\u00e0ncer - FECEC","robots":{"index":"index","follow":"follow","max-snippet":"max-snippet:-1","max-image-preview":"max-image-preview:large","max-video-preview":"max-video-preview:-1"},"canonical":"https:\/\/juntscontraelcancer.cat\/es\/a-punto-una-nueva-edicion-de-las-charlas-despues-del-cancer-5-19-de-mayo-y-2-de-junio\/","og_locale":"es_ES","og_type":"article","og_title":"A punto una nueva edici\u00f3n de las charlas \"Despu\u00e9s del C\u00e1ncer\": 5, 19 de mayo y 2 de junio - Junts contra el c\u00e0ncer - FECEC","og_description":"La Federaci\u00f3n Catalana de Entidades contra el C\u00e1ncer (FECEC)\u00a0y la Fundaci\u00f3n\u00a0Oncolliga\u00a0organizan una nueva edici\u00f3n del ciclo de charlas &#8216;Despu\u00e9s del C\u00e1ncer&#8217; para pacientes y personas cuidadoras. El objetivo de las tres charlas, en formato online, es ofrecer informaci\u00f3n sobre la gesti\u00f3n de la enfermedad cuando los tratamientos activos est\u00e1n a punto de acabar. Las charlas [...]","og_url":"https:\/\/juntscontraelcancer.cat\/es\/a-punto-una-nueva-edicion-de-las-charlas-despues-del-cancer-5-19-de-mayo-y-2-de-junio\/","og_site_name":"Junts contra el c\u00e0ncer - FECEC","article_publisher":"https:\/\/www.facebook.com\/fecec.federacio\/","article_published_time":"2021-04-21T22:00:00+00:00","article_modified_time":"2023-06-12T09:51:47+00:00","og_image":[{"width":940,"height":788,"url":"https:\/\/juntscontraelcancer.cat\/wp-content\/uploads\/2023\/04\/Dp-del-cancer-Insta-2.png","type":"image\/png"}],"author":"Pukkas","twitter_card":"summary_large_image","twitter_creator":"@FececFederacio","twitter_site":"@FececFederacio","twitter_misc":{"Escrito por":"Pukkas","Tiempo de lectura":"1 minuto"},"schema":{"@context":"https:\/\/schema.org","@graph":[{"@type":"Article","@id":"https:\/\/juntscontraelcancer.cat\/es\/a-punto-una-nueva-edicion-de-las-charlas-despues-del-cancer-5-19-de-mayo-y-2-de-junio\/#article","isPartOf":{"@id":"https:\/\/juntscontraelcancer.cat\/es\/a-punto-una-nueva-edicion-de-las-charlas-despues-del-cancer-5-19-de-mayo-y-2-de-junio\/"},"author":{"name":"Pukkas","@id":"https:\/\/juntscontraelcancer.cat\/es\/#\/schema\/person\/14c85cb9b3aeddea8f9087bea375813f"},"headline":"A punto una nueva edici\u00f3n de las charlas \u00abDespu\u00e9s del C\u00e1ncer\u00bb: 5, 19 de mayo y 2 de junio","datePublished":"2021-04-21T22:00:00+00:00","dateModified":"2023-06-12T09:51:47+00:00","mainEntityOfPage":{"@id":"https:\/\/juntscontraelcancer.cat\/es\/a-punto-una-nueva-edicion-de-las-charlas-despues-del-cancer-5-19-de-mayo-y-2-de-junio\/"},"wordCount":229,"publisher":{"@id":"https:\/\/juntscontraelcancer.cat\/es\/#organization"},"image":{"@id":"https:\/\/juntscontraelcancer.cat\/es\/a-punto-una-nueva-edicion-de-las-charlas-despues-del-cancer-5-19-de-mayo-y-2-de-junio\/#primaryimage"},"thumbnailUrl":"https:\/\/juntscontraelcancer.cat\/wp-content\/uploads\/2023\/04\/Dp-del-cancer-Insta-2.png","articleSection":["Actualidad","Actualitat","Destacadas","Destacats"],"inLanguage":"es"},{"@type":"WebPage","@id":"https:\/\/juntscontraelcancer.cat\/es\/a-punto-una-nueva-edicion-de-las-charlas-despues-del-cancer-5-19-de-mayo-y-2-de-junio\/","url":"https:\/\/juntscontraelcancer.cat\/es\/a-punto-una-nueva-edicion-de-las-charlas-despues-del-cancer-5-19-de-mayo-y-2-de-junio\/","name":"A punto una nueva edici\u00f3n de las charlas \"Despu\u00e9s del C\u00e1ncer\": 5, 19 de mayo y 2 de junio - Junts contra el c\u00e0ncer - FECEC","isPartOf":{"@id":"https:\/\/juntscontraelcancer.cat\/es\/#website"},"primaryImageOfPage":{"@id":"https:\/\/juntscontraelcancer.cat\/es\/a-punto-una-nueva-edicion-de-las-charlas-despues-del-cancer-5-19-de-mayo-y-2-de-junio\/#primaryimage"},"image":{"@id":"https:\/\/juntscontraelcancer.cat\/es\/a-punto-una-nueva-edicion-de-las-charlas-despues-del-cancer-5-19-de-mayo-y-2-de-junio\/#primaryimage"},"thumbnailUrl":"https:\/\/juntscontraelcancer.cat\/wp-content\/uploads\/2023\/04\/Dp-del-cancer-Insta-2.png","datePublished":"2021-04-21T22:00:00+00:00","dateModified":"2023-06-12T09:51:47+00:00","breadcrumb":{"@id":"https:\/\/juntscontraelcancer.cat\/es\/a-punto-una-nueva-edicion-de-las-charlas-despues-del-cancer-5-19-de-mayo-y-2-de-junio\/#breadcrumb"},"inLanguage":"es","potentialAction":[{"@type":"ReadAction","target":["https:\/\/juntscontraelcancer.cat\/es\/a-punto-una-nueva-edicion-de-las-charlas-despues-del-cancer-5-19-de-mayo-y-2-de-junio\/"]}]},{"@type":"ImageObject","inLanguage":"es","@id":"https:\/\/juntscontraelcancer.cat\/es\/a-punto-una-nueva-edicion-de-las-charlas-despues-del-cancer-5-19-de-mayo-y-2-de-junio\/#primaryimage","url":"https:\/\/juntscontraelcancer.cat\/wp-content\/uploads\/2023\/04\/Dp-del-cancer-Insta-2.png","contentUrl":"https:\/\/juntscontraelcancer.cat\/wp-content\/uploads\/2023\/04\/Dp-del-cancer-Insta-2.png","width":940,"height":788},{"@type":"BreadcrumbList","@id":"https:\/\/juntscontraelcancer.cat\/es\/a-punto-una-nueva-edicion-de-las-charlas-despues-del-cancer-5-19-de-mayo-y-2-de-junio\/#breadcrumb","itemListElement":[{"@type":"ListItem","position":1,"name":"Inicio","item":"https:\/\/juntscontraelcancer.cat\/es\/"},{"@type":"ListItem","position":2,"name":"A punto una nueva edici\u00f3n de las charlas \u00abDespu\u00e9s del C\u00e1ncer\u00bb: 5, 19 de mayo y 2 de junio"}]},{"@type":"WebSite","@id":"https:\/\/juntscontraelcancer.cat\/es\/#website","url":"https:\/\/juntscontraelcancer.cat\/es\/","name":"Junts contra el c\u00e0ncer - FECEC","description":"","publisher":{"@id":"https:\/\/juntscontraelcancer.cat\/es\/#organization"},"potentialAction":[{"@type":"SearchAction","target":{"@type":"EntryPoint","urlTemplate":"https:\/\/juntscontraelcancer.cat\/es\/?s={search_term_string}"},"query-input":{"@type":"PropertyValueSpecification","valueRequired":true,"valueName":"search_term_string"}}],"inLanguage":"es"},{"@type":"Organization","@id":"https:\/\/juntscontraelcancer.cat\/es\/#organization","name":"Junts contra el c\u00e0ncer - FECEC","url":"https:\/\/juntscontraelcancer.cat\/es\/","logo":{"@type":"ImageObject","inLanguage":"es","@id":"https:\/\/juntscontraelcancer.cat\/es\/#\/schema\/logo\/image\/","url":"https:\/\/juntscontraelcancer.cat\/wp-content\/uploads\/2023\/01\/logo-fecec-header.png","contentUrl":"https:\/\/juntscontraelcancer.cat\/wp-content\/uploads\/2023\/01\/logo-fecec-header.png","width":126,"height":74,"caption":"Junts contra el c\u00e0ncer - FECEC"},"image":{"@id":"https:\/\/juntscontraelcancer.cat\/es\/#\/schema\/logo\/image\/"},"sameAs":["https:\/\/www.facebook.com\/fecec.federacio\/","https:\/\/x.com\/FececFederacio","https:\/\/www.instagram.com\/fececfederacio\/?hl=es","https:\/\/www.youtube.com\/channel\/UCgAC_6c6hmHwMQhSCQyYBdA"]},{"@type":"Person","@id":"https:\/\/juntscontraelcancer.cat\/es\/#\/schema\/person\/14c85cb9b3aeddea8f9087bea375813f","name":"Pukkas","image":{"@type":"ImageObject","inLanguage":"es","@id":"https:\/\/secure.gravatar.com\/avatar\/7433209641beafe57dbfd32b83f1c28fb7da2f23c98b47d02c7623ce350a0e9f?s=96&d=mm&r=g","url":"https:\/\/secure.gravatar.com\/avatar\/7433209641beafe57dbfd32b83f1c28fb7da2f23c98b47d02c7623ce350a0e9f?s=96&d=mm&r=g","contentUrl":"https:\/\/secure.gravatar.com\/avatar\/7433209641beafe57dbfd32b83f1c28fb7da2f23c98b47d02c7623ce350a0e9f?s=96&d=mm&r=g","caption":"Pukkas"},"sameAs":["https:\/\/juntscontraelcancer.cat"]}]}},"_links":{"self":[{"href":"https:\/\/juntscontraelcancer.cat\/es\/wp-json\/wp\/v2\/posts\/14775","targetHints":{"allow":["GET"]}}],"collection":[{"href":"https:\/\/juntscontraelcancer.cat\/es\/wp-json\/wp\/v2\/posts"}],"about":[{"href":"https:\/\/juntscontraelcancer.cat\/es\/wp-json\/wp\/v2\/types\/post"}],"author":[{"embeddable":true,"href":"https:\/\/juntscontraelcancer.cat\/es\/wp-json\/wp\/v2\/users\/1"}],"replies":[{"embeddable":true,"href":"https:\/\/juntscontraelcancer.cat\/es\/wp-json\/wp\/v2\/comments?post=14775"}],"version-history":[{"count":1,"href":"https:\/\/juntscontraelcancer.cat\/es\/wp-json\/wp\/v2\/posts\/14775\/revisions"}],"predecessor-version":[{"id":14777,"href":"https:\/\/juntscontraelcancer.cat\/es\/wp-json\/wp\/v2\/posts\/14775\/revisions\/14777"}],"wp:featuredmedia":[{"embeddable":true,"href":"https:\/\/juntscontraelcancer.cat\/es\/wp-json\/wp\/v2\/media\/14778"}],"wp:attachment":[{"href":"https:\/\/juntscontraelcancer.cat\/es\/wp-json\/wp\/v2\/media?parent=14775"}],"wp:term":[{"taxonomy":"category","embeddable":true,"href":"https:\/\/juntscontraelcancer.cat\/es\/wp-json\/wp\/v2\/categories?post=14775"},{"taxonomy":"post_tag","embeddable":true,"href":"https:\/\/juntscontraelcancer.cat\/es\/wp-json\/wp\/v2\/tags?post=14775"}],"curies":[{"name":"wp","href":"https:\/\/api.w.org\/{rel}","templated":true}]}}