{"id":14744,"date":"2021-02-16T00:00:00","date_gmt":"2021-02-15T22:00:00","guid":{"rendered":"https:\/\/junts.enproceso.es\/arranca-en-marzo-el-primer-ciclo-de-webinars-con-motivo-de-nuestro-20-aniversario\/"},"modified":"2023-06-12T11:51:50","modified_gmt":"2023-06-12T09:51:50","slug":"arranca-en-marzo-el-primer-ciclo-de-webinars-con-motivo-de-nuestro-20-aniversario","status":"publish","type":"post","link":"https:\/\/juntscontraelcancer.cat\/es\/arranca-en-marzo-el-primer-ciclo-de-webinars-con-motivo-de-nuestro-20-aniversario\/","title":{"rendered":"Arranca en marzo el primer ciclo de webinars con motivo de nuestro 20 aniversario"},"content":{"rendered":"<div class=\"traductor-textarea form-group\">\n<p><strong>El ciclo de\u00a0webinars, titulado \u201cC\u00e1ncer: presente y futuro\u201d, prev\u00e9 charlas, di\u00e1logos y mesas redondas sobre los aspectos m\u00e1s relevantes de la enfermedad y tendr\u00e1 lugar en el mes de marzo y en noviembre<\/strong><\/p>\n<p><a href=\"https:\/\/juntscontraelcancer.cat\/wp-content\/uploads\/2023\/04\/Fecec_posts-5.png\"><img loading=\"lazy\" decoding=\"async\" class=\"alignnone size-full wp-image-36263\" src=\"https:\/\/juntscontraelcancer.cat\/wp-content\/uploads\/2023\/04\/Fecec_posts-5.png\" alt=\"Fecec_posts\" width=\"800\" height=\"800\" \/><\/a><\/p>\n<p>Uno de los objetivos de la\u00a0FECEC\u00a0es\u00a0<strong>ofrecer contenidos de inter\u00e9s a los pacientes de c\u00e1ncer<\/strong>\u00a0y as\u00ed contribuir a mejorar su calidad de vida y la de sus familiares. Este a\u00f1o, que\u00a0cumplimos\u00a0<strong>20 a\u00f1os de historia<\/strong>, y fieles a este prop\u00f3sito, queremos ofrecer un ciclo de\u00a0webinars\u00a0con charlas, di\u00e1logos y mesas redondas sobre los aspectos m\u00e1s destacados del c\u00e1ncer. Bajo el t\u00edtulo \u201c<strong><em>C\u00e1ncer: presente y futuro<\/em><\/strong>\u201d, el ciclo se estructura en\u00a0<strong>una primera parte que se realizar\u00e1 en marzo y una segunda en noviembre<\/strong>.<\/p>\n<p>En esta primera parte, todos los mi\u00e9rcoles de marzo a las\u00a018h ofreceremos una charla en l\u00ednea con expertos sobre la tem\u00e1tica que se aborda. El pr\u00f3ximo 3 de marzo inauguraremos el ciclo con el primero de los\u00a0webinars previstos, titulado\u00a0<a href=\"https:\/\/docs.google.com\/forms\/d\/e\/1FAIpQLSebRGfDGpdS212ni_Qtp63zpEwPdGNpp__armaY4cd1rotn9A\/viewform\" target=\"_blank\" rel=\"noopener\"><em><strong>Comer cuando aparecen los efectos secundarios del tratamiento<\/strong><\/em><\/a>. La ponencia ir\u00e1 a cargo de la Dra. Elena\u00a0Roura\u00a0de la Fundaci\u00f3n Al\u00edcia.<\/p>\n<p>El segundo\u00a0webinar\u00a0ser\u00e1\u00a0<a href=\"https:\/\/docs.google.com\/forms\/d\/e\/1FAIpQLScCUACFqKNYilvi6KQSipv-rD34JJ6pcUBIPY1Qk-tDOvFK6g\/viewform\" target=\"_blank\" rel=\"noopener\"><em><strong>Las secuelas despu\u00e9s del tratamiento oncol\u00f3gico<\/strong><\/em><strong>\u00a0<\/strong><\/a>programado para el pr\u00f3ximo 10 de marzo. Los encargados de la mesa redonda ser\u00e1n el Dr. Agust\u00ed\u00a0Barnadas, director del servicio de Oncolog\u00eda M\u00e9dica del Hospital de Santo Pablo, la psicoonc\u00f3loga de la Fundaci\u00f3n\u00a0K\u00e0lida, Sara Garcia, y dos testimonios que han superado un c\u00e1ncer.\u00a0<a href=\"https:\/\/docs.google.com\/forms\/d\/e\/1FAIpQLSe26xsikZHYPlp75TBbxnTZ9Fn1LfANnpR1VrhGQY4uTGQDdA\/viewform\" target=\"_blank\" rel=\"noopener\"><strong><em>Actividad f\u00edsica es salud<\/em><\/strong><\/a>\u00a0es el t\u00edtulo del tercer webinar, previsto para el siguiente mi\u00e9rcoles 17 de marzo. En este caso ir\u00e1 a cargo de\u00a0Astrid\u00a0Barqu\u00e9, diplomada en Educaci\u00f3n F\u00edsica y Licenciada en Ciencias del deporte, la Dra. en Ingenier\u00eda Bioqu\u00edmica Emma Roca, bombera y deportista de ultra distancia.<\/p>\n<p>El 24 de marzo ser\u00e1 el turno de\u00a0<em><strong><a href=\"https:\/\/docs.google.com\/forms\/d\/e\/1FAIpQLSc0gYNtg8a8hDINbVX45VIAVO3BOXlWqhgZKKWVzDwTBC_gVQ\/viewform\" target=\"_blank\" rel=\"noopener\">Sexualidad y c\u00e1ncer<\/a><\/strong><\/em>\u00a0con la Dra. Patricia Mart\u00ed,\u00a0psicoonc\u00f3loga de la Fundaci\u00f3 Oncolliga\u00a0y la psic\u00f3loga Mati Segura, terapeuta sexual y de pareja. Acabaremos el primer ciclo de\u00a0webinars\u00a0con\u00a0<em><strong><a href=\"https:\/\/docs.google.com\/forms\/d\/e\/1FAIpQLSd8nsgww9Rdhw4ZHqmUAOAgx85GDTyIJIQfMMGNQ3KeySa0qQ\/viewform\" target=\"_blank\" rel=\"noopener\">Cuidados de la piel en el paciente oncol\u00f3gico: mitos y realidad de la\u00a0fotoprotecci\u00f3<\/a>\u00a0<\/strong><\/em>con Jes\u00fas P\u00e9rez Fierroa, responsable del departamento de Oncolog\u00eda de La Roche Posay.\u00a0 El ciclo de ponencias cuenta con el patrocinio de Novartis, Pfeizer y Tram.<\/p>\n<p>Los\u00a0webinars\u00a0son gratuitos y\u00a0<strong>v\u00eda Zoom<\/strong>. Inscripciones a trav\u00e9s de la web<a href=\"http:\/\/www.juntscontraelcancer.cat\/fecec-20-anys\" target=\"_blank\" rel=\"noopener\">\u00a0<strong>www.juntscontraelcancer.cat\/fecec-20-anys<\/strong><\/a>\u00a0o bien a trav\u00e9s de los enlaces insertados en el t\u00edtulo de cada\u00a0webinar\u00a0en esta noticia.<\/p>\n<\/div>\n","protected":false},"excerpt":{"rendered":"<p>El ciclo de\u00a0webinars, titulado \u201cC\u00e1ncer: presente y futuro\u201d, prev\u00e9 charlas, di\u00e1logos y mesas redondas sobre los aspectos m\u00e1s relevantes de la enfermedad y tendr\u00e1 lugar en el mes de marzo y en noviembre Uno de los objetivos de la\u00a0FECEC\u00a0es\u00a0ofrecer contenidos de inter\u00e9s a los pacientes de c\u00e1ncer\u00a0y as\u00ed contribuir a mejorar su calidad de vida [&#8230;]\n","protected":false},"author":1,"featured_media":14747,"comment_status":"closed","ping_status":"open","sticky":false,"template":"","format":"standard","meta":{"_acf_changed":false,"inline_featured_image":false,"footnotes":""},"categories":[84,3,86,68],"tags":[],"class_list":["post-14744","post","type-post","status-publish","format-standard","has-post-thumbnail","hentry","category-actualidad","category-actualitat","category-destacadas","category-destaquem"],"acf":[],"yoast_head":"<!-- This site is optimized with the Yoast SEO plugin v27.3 - https:\/\/yoast.com\/product\/yoast-seo-wordpress\/ -->\n<title>Arranca en marzo el primer ciclo de webinars con motivo de nuestro 20 aniversario - Junts contra el c\u00e0ncer - FECEC<\/title>\n<meta name=\"robots\" content=\"index, follow, max-snippet:-1, max-image-preview:large, max-video-preview:-1\" \/>\n<link rel=\"canonical\" href=\"https:\/\/juntscontraelcancer.cat\/es\/arranca-en-marzo-el-primer-ciclo-de-webinars-con-motivo-de-nuestro-20-aniversario\/\" \/>\n<meta property=\"og:locale\" content=\"es_ES\" \/>\n<meta property=\"og:type\" content=\"article\" \/>\n<meta property=\"og:title\" content=\"Arranca en marzo el primer ciclo de webinars con motivo de nuestro 20 aniversario - Junts contra el c\u00e0ncer - FECEC\" \/>\n<meta property=\"og:description\" content=\"El ciclo de\u00a0webinars, titulado \u201cC\u00e1ncer: presente y futuro\u201d, prev\u00e9 charlas, di\u00e1logos y mesas redondas sobre los aspectos m\u00e1s relevantes de la enfermedad y tendr\u00e1 lugar en el mes de marzo y en noviembre Uno de los objetivos de la\u00a0FECEC\u00a0es\u00a0ofrecer contenidos de inter\u00e9s a los pacientes de c\u00e1ncer\u00a0y as\u00ed contribuir a mejorar su calidad de vida [...]\" \/>\n<meta property=\"og:url\" content=\"https:\/\/juntscontraelcancer.cat\/es\/arranca-en-marzo-el-primer-ciclo-de-webinars-con-motivo-de-nuestro-20-aniversario\/\" \/>\n<meta property=\"og:site_name\" content=\"Junts contra el c\u00e0ncer - FECEC\" \/>\n<meta property=\"article:publisher\" content=\"https:\/\/www.facebook.com\/fecec.federacio\/\" \/>\n<meta property=\"article:published_time\" content=\"2021-02-15T22:00:00+00:00\" \/>\n<meta property=\"article:modified_time\" content=\"2023-06-12T09:51:50+00:00\" \/>\n<meta property=\"og:image\" content=\"https:\/\/juntscontraelcancer.cat\/wp-content\/uploads\/2023\/04\/Fecec_posts-4.png\" \/>\n\t<meta property=\"og:image:width\" content=\"800\" \/>\n\t<meta property=\"og:image:height\" content=\"800\" \/>\n\t<meta property=\"og:image:type\" content=\"image\/png\" \/>\n<meta name=\"author\" content=\"Pukkas\" \/>\n<meta name=\"twitter:card\" content=\"summary_large_image\" \/>\n<meta name=\"twitter:creator\" content=\"@FececFederacio\" \/>\n<meta name=\"twitter:site\" content=\"@FececFederacio\" \/>\n<meta name=\"twitter:label1\" content=\"Escrito por\" \/>\n\t<meta name=\"twitter:data1\" content=\"Pukkas\" \/>\n\t<meta name=\"twitter:label2\" content=\"Tiempo de lectura\" \/>\n\t<meta name=\"twitter:data2\" content=\"2 minutos\" \/>\n<script type=\"application\/ld+json\" class=\"yoast-schema-graph\">{\"@context\":\"https:\\\/\\\/schema.org\",\"@graph\":[{\"@type\":\"Article\",\"@id\":\"https:\\\/\\\/juntscontraelcancer.cat\\\/es\\\/arranca-en-marzo-el-primer-ciclo-de-webinars-con-motivo-de-nuestro-20-aniversario\\\/#article\",\"isPartOf\":{\"@id\":\"https:\\\/\\\/juntscontraelcancer.cat\\\/es\\\/arranca-en-marzo-el-primer-ciclo-de-webinars-con-motivo-de-nuestro-20-aniversario\\\/\"},\"author\":{\"name\":\"Pukkas\",\"@id\":\"https:\\\/\\\/juntscontraelcancer.cat\\\/es\\\/#\\\/schema\\\/person\\\/14c85cb9b3aeddea8f9087bea375813f\"},\"headline\":\"Arranca en marzo el primer ciclo de webinars con motivo de nuestro 20 aniversario\",\"datePublished\":\"2021-02-15T22:00:00+00:00\",\"dateModified\":\"2023-06-12T09:51:50+00:00\",\"mainEntityOfPage\":{\"@id\":\"https:\\\/\\\/juntscontraelcancer.cat\\\/es\\\/arranca-en-marzo-el-primer-ciclo-de-webinars-con-motivo-de-nuestro-20-aniversario\\\/\"},\"wordCount\":458,\"publisher\":{\"@id\":\"https:\\\/\\\/juntscontraelcancer.cat\\\/es\\\/#organization\"},\"image\":{\"@id\":\"https:\\\/\\\/juntscontraelcancer.cat\\\/es\\\/arranca-en-marzo-el-primer-ciclo-de-webinars-con-motivo-de-nuestro-20-aniversario\\\/#primaryimage\"},\"thumbnailUrl\":\"https:\\\/\\\/juntscontraelcancer.cat\\\/wp-content\\\/uploads\\\/2023\\\/04\\\/Fecec_posts-4.png\",\"articleSection\":[\"Actualidad\",\"Actualitat\",\"Destacadas\",\"Destacats\"],\"inLanguage\":\"es\"},{\"@type\":\"WebPage\",\"@id\":\"https:\\\/\\\/juntscontraelcancer.cat\\\/es\\\/arranca-en-marzo-el-primer-ciclo-de-webinars-con-motivo-de-nuestro-20-aniversario\\\/\",\"url\":\"https:\\\/\\\/juntscontraelcancer.cat\\\/es\\\/arranca-en-marzo-el-primer-ciclo-de-webinars-con-motivo-de-nuestro-20-aniversario\\\/\",\"name\":\"Arranca en marzo el primer ciclo de webinars con motivo de nuestro 20 aniversario - Junts contra el c\u00e0ncer - FECEC\",\"isPartOf\":{\"@id\":\"https:\\\/\\\/juntscontraelcancer.cat\\\/es\\\/#website\"},\"primaryImageOfPage\":{\"@id\":\"https:\\\/\\\/juntscontraelcancer.cat\\\/es\\\/arranca-en-marzo-el-primer-ciclo-de-webinars-con-motivo-de-nuestro-20-aniversario\\\/#primaryimage\"},\"image\":{\"@id\":\"https:\\\/\\\/juntscontraelcancer.cat\\\/es\\\/arranca-en-marzo-el-primer-ciclo-de-webinars-con-motivo-de-nuestro-20-aniversario\\\/#primaryimage\"},\"thumbnailUrl\":\"https:\\\/\\\/juntscontraelcancer.cat\\\/wp-content\\\/uploads\\\/2023\\\/04\\\/Fecec_posts-4.png\",\"datePublished\":\"2021-02-15T22:00:00+00:00\",\"dateModified\":\"2023-06-12T09:51:50+00:00\",\"breadcrumb\":{\"@id\":\"https:\\\/\\\/juntscontraelcancer.cat\\\/es\\\/arranca-en-marzo-el-primer-ciclo-de-webinars-con-motivo-de-nuestro-20-aniversario\\\/#breadcrumb\"},\"inLanguage\":\"es\",\"potentialAction\":[{\"@type\":\"ReadAction\",\"target\":[\"https:\\\/\\\/juntscontraelcancer.cat\\\/es\\\/arranca-en-marzo-el-primer-ciclo-de-webinars-con-motivo-de-nuestro-20-aniversario\\\/\"]}]},{\"@type\":\"ImageObject\",\"inLanguage\":\"es\",\"@id\":\"https:\\\/\\\/juntscontraelcancer.cat\\\/es\\\/arranca-en-marzo-el-primer-ciclo-de-webinars-con-motivo-de-nuestro-20-aniversario\\\/#primaryimage\",\"url\":\"https:\\\/\\\/juntscontraelcancer.cat\\\/wp-content\\\/uploads\\\/2023\\\/04\\\/Fecec_posts-4.png\",\"contentUrl\":\"https:\\\/\\\/juntscontraelcancer.cat\\\/wp-content\\\/uploads\\\/2023\\\/04\\\/Fecec_posts-4.png\",\"width\":800,\"height\":800},{\"@type\":\"BreadcrumbList\",\"@id\":\"https:\\\/\\\/juntscontraelcancer.cat\\\/es\\\/arranca-en-marzo-el-primer-ciclo-de-webinars-con-motivo-de-nuestro-20-aniversario\\\/#breadcrumb\",\"itemListElement\":[{\"@type\":\"ListItem\",\"position\":1,\"name\":\"Inicio\",\"item\":\"https:\\\/\\\/juntscontraelcancer.cat\\\/es\\\/\"},{\"@type\":\"ListItem\",\"position\":2,\"name\":\"Arranca en marzo el primer ciclo de webinars con motivo de nuestro 20 aniversario\"}]},{\"@type\":\"WebSite\",\"@id\":\"https:\\\/\\\/juntscontraelcancer.cat\\\/es\\\/#website\",\"url\":\"https:\\\/\\\/juntscontraelcancer.cat\\\/es\\\/\",\"name\":\"Junts contra el c\u00e0ncer - FECEC\",\"description\":\"\",\"publisher\":{\"@id\":\"https:\\\/\\\/juntscontraelcancer.cat\\\/es\\\/#organization\"},\"potentialAction\":[{\"@type\":\"SearchAction\",\"target\":{\"@type\":\"EntryPoint\",\"urlTemplate\":\"https:\\\/\\\/juntscontraelcancer.cat\\\/es\\\/?s={search_term_string}\"},\"query-input\":{\"@type\":\"PropertyValueSpecification\",\"valueRequired\":true,\"valueName\":\"search_term_string\"}}],\"inLanguage\":\"es\"},{\"@type\":\"Organization\",\"@id\":\"https:\\\/\\\/juntscontraelcancer.cat\\\/es\\\/#organization\",\"name\":\"Junts contra el c\u00e0ncer - FECEC\",\"url\":\"https:\\\/\\\/juntscontraelcancer.cat\\\/es\\\/\",\"logo\":{\"@type\":\"ImageObject\",\"inLanguage\":\"es\",\"@id\":\"https:\\\/\\\/juntscontraelcancer.cat\\\/es\\\/#\\\/schema\\\/logo\\\/image\\\/\",\"url\":\"https:\\\/\\\/juntscontraelcancer.cat\\\/wp-content\\\/uploads\\\/2023\\\/01\\\/logo-fecec-header.png\",\"contentUrl\":\"https:\\\/\\\/juntscontraelcancer.cat\\\/wp-content\\\/uploads\\\/2023\\\/01\\\/logo-fecec-header.png\",\"width\":126,\"height\":74,\"caption\":\"Junts contra el c\u00e0ncer - FECEC\"},\"image\":{\"@id\":\"https:\\\/\\\/juntscontraelcancer.cat\\\/es\\\/#\\\/schema\\\/logo\\\/image\\\/\"},\"sameAs\":[\"https:\\\/\\\/www.facebook.com\\\/fecec.federacio\\\/\",\"https:\\\/\\\/x.com\\\/FececFederacio\",\"https:\\\/\\\/www.instagram.com\\\/fececfederacio\\\/?hl=es\",\"https:\\\/\\\/www.youtube.com\\\/channel\\\/UCgAC_6c6hmHwMQhSCQyYBdA\"]},{\"@type\":\"Person\",\"@id\":\"https:\\\/\\\/juntscontraelcancer.cat\\\/es\\\/#\\\/schema\\\/person\\\/14c85cb9b3aeddea8f9087bea375813f\",\"name\":\"Pukkas\",\"image\":{\"@type\":\"ImageObject\",\"inLanguage\":\"es\",\"@id\":\"https:\\\/\\\/secure.gravatar.com\\\/avatar\\\/7433209641beafe57dbfd32b83f1c28fb7da2f23c98b47d02c7623ce350a0e9f?s=96&d=mm&r=g\",\"url\":\"https:\\\/\\\/secure.gravatar.com\\\/avatar\\\/7433209641beafe57dbfd32b83f1c28fb7da2f23c98b47d02c7623ce350a0e9f?s=96&d=mm&r=g\",\"contentUrl\":\"https:\\\/\\\/secure.gravatar.com\\\/avatar\\\/7433209641beafe57dbfd32b83f1c28fb7da2f23c98b47d02c7623ce350a0e9f?s=96&d=mm&r=g\",\"caption\":\"Pukkas\"},\"sameAs\":[\"https:\\\/\\\/juntscontraelcancer.cat\"]}]}<\/script>\n<!-- \/ Yoast SEO plugin. -->","yoast_head_json":{"title":"Arranca en marzo el primer ciclo de webinars con motivo de nuestro 20 aniversario - Junts contra el c\u00e0ncer - FECEC","robots":{"index":"index","follow":"follow","max-snippet":"max-snippet:-1","max-image-preview":"max-image-preview:large","max-video-preview":"max-video-preview:-1"},"canonical":"https:\/\/juntscontraelcancer.cat\/es\/arranca-en-marzo-el-primer-ciclo-de-webinars-con-motivo-de-nuestro-20-aniversario\/","og_locale":"es_ES","og_type":"article","og_title":"Arranca en marzo el primer ciclo de webinars con motivo de nuestro 20 aniversario - Junts contra el c\u00e0ncer - FECEC","og_description":"El ciclo de\u00a0webinars, titulado \u201cC\u00e1ncer: presente y futuro\u201d, prev\u00e9 charlas, di\u00e1logos y mesas redondas sobre los aspectos m\u00e1s relevantes de la enfermedad y tendr\u00e1 lugar en el mes de marzo y en noviembre Uno de los objetivos de la\u00a0FECEC\u00a0es\u00a0ofrecer contenidos de inter\u00e9s a los pacientes de c\u00e1ncer\u00a0y as\u00ed contribuir a mejorar su calidad de vida [...]","og_url":"https:\/\/juntscontraelcancer.cat\/es\/arranca-en-marzo-el-primer-ciclo-de-webinars-con-motivo-de-nuestro-20-aniversario\/","og_site_name":"Junts contra el c\u00e0ncer - FECEC","article_publisher":"https:\/\/www.facebook.com\/fecec.federacio\/","article_published_time":"2021-02-15T22:00:00+00:00","article_modified_time":"2023-06-12T09:51:50+00:00","og_image":[{"width":800,"height":800,"url":"https:\/\/juntscontraelcancer.cat\/wp-content\/uploads\/2023\/04\/Fecec_posts-4.png","type":"image\/png"}],"author":"Pukkas","twitter_card":"summary_large_image","twitter_creator":"@FececFederacio","twitter_site":"@FececFederacio","twitter_misc":{"Escrito por":"Pukkas","Tiempo de lectura":"2 minutos"},"schema":{"@context":"https:\/\/schema.org","@graph":[{"@type":"Article","@id":"https:\/\/juntscontraelcancer.cat\/es\/arranca-en-marzo-el-primer-ciclo-de-webinars-con-motivo-de-nuestro-20-aniversario\/#article","isPartOf":{"@id":"https:\/\/juntscontraelcancer.cat\/es\/arranca-en-marzo-el-primer-ciclo-de-webinars-con-motivo-de-nuestro-20-aniversario\/"},"author":{"name":"Pukkas","@id":"https:\/\/juntscontraelcancer.cat\/es\/#\/schema\/person\/14c85cb9b3aeddea8f9087bea375813f"},"headline":"Arranca en marzo el primer ciclo de webinars con motivo de nuestro 20 aniversario","datePublished":"2021-02-15T22:00:00+00:00","dateModified":"2023-06-12T09:51:50+00:00","mainEntityOfPage":{"@id":"https:\/\/juntscontraelcancer.cat\/es\/arranca-en-marzo-el-primer-ciclo-de-webinars-con-motivo-de-nuestro-20-aniversario\/"},"wordCount":458,"publisher":{"@id":"https:\/\/juntscontraelcancer.cat\/es\/#organization"},"image":{"@id":"https:\/\/juntscontraelcancer.cat\/es\/arranca-en-marzo-el-primer-ciclo-de-webinars-con-motivo-de-nuestro-20-aniversario\/#primaryimage"},"thumbnailUrl":"https:\/\/juntscontraelcancer.cat\/wp-content\/uploads\/2023\/04\/Fecec_posts-4.png","articleSection":["Actualidad","Actualitat","Destacadas","Destacats"],"inLanguage":"es"},{"@type":"WebPage","@id":"https:\/\/juntscontraelcancer.cat\/es\/arranca-en-marzo-el-primer-ciclo-de-webinars-con-motivo-de-nuestro-20-aniversario\/","url":"https:\/\/juntscontraelcancer.cat\/es\/arranca-en-marzo-el-primer-ciclo-de-webinars-con-motivo-de-nuestro-20-aniversario\/","name":"Arranca en marzo el primer ciclo de webinars con motivo de nuestro 20 aniversario - Junts contra el c\u00e0ncer - FECEC","isPartOf":{"@id":"https:\/\/juntscontraelcancer.cat\/es\/#website"},"primaryImageOfPage":{"@id":"https:\/\/juntscontraelcancer.cat\/es\/arranca-en-marzo-el-primer-ciclo-de-webinars-con-motivo-de-nuestro-20-aniversario\/#primaryimage"},"image":{"@id":"https:\/\/juntscontraelcancer.cat\/es\/arranca-en-marzo-el-primer-ciclo-de-webinars-con-motivo-de-nuestro-20-aniversario\/#primaryimage"},"thumbnailUrl":"https:\/\/juntscontraelcancer.cat\/wp-content\/uploads\/2023\/04\/Fecec_posts-4.png","datePublished":"2021-02-15T22:00:00+00:00","dateModified":"2023-06-12T09:51:50+00:00","breadcrumb":{"@id":"https:\/\/juntscontraelcancer.cat\/es\/arranca-en-marzo-el-primer-ciclo-de-webinars-con-motivo-de-nuestro-20-aniversario\/#breadcrumb"},"inLanguage":"es","potentialAction":[{"@type":"ReadAction","target":["https:\/\/juntscontraelcancer.cat\/es\/arranca-en-marzo-el-primer-ciclo-de-webinars-con-motivo-de-nuestro-20-aniversario\/"]}]},{"@type":"ImageObject","inLanguage":"es","@id":"https:\/\/juntscontraelcancer.cat\/es\/arranca-en-marzo-el-primer-ciclo-de-webinars-con-motivo-de-nuestro-20-aniversario\/#primaryimage","url":"https:\/\/juntscontraelcancer.cat\/wp-content\/uploads\/2023\/04\/Fecec_posts-4.png","contentUrl":"https:\/\/juntscontraelcancer.cat\/wp-content\/uploads\/2023\/04\/Fecec_posts-4.png","width":800,"height":800},{"@type":"BreadcrumbList","@id":"https:\/\/juntscontraelcancer.cat\/es\/arranca-en-marzo-el-primer-ciclo-de-webinars-con-motivo-de-nuestro-20-aniversario\/#breadcrumb","itemListElement":[{"@type":"ListItem","position":1,"name":"Inicio","item":"https:\/\/juntscontraelcancer.cat\/es\/"},{"@type":"ListItem","position":2,"name":"Arranca en marzo el primer ciclo de webinars con motivo de nuestro 20 aniversario"}]},{"@type":"WebSite","@id":"https:\/\/juntscontraelcancer.cat\/es\/#website","url":"https:\/\/juntscontraelcancer.cat\/es\/","name":"Junts contra el c\u00e0ncer - FECEC","description":"","publisher":{"@id":"https:\/\/juntscontraelcancer.cat\/es\/#organization"},"potentialAction":[{"@type":"SearchAction","target":{"@type":"EntryPoint","urlTemplate":"https:\/\/juntscontraelcancer.cat\/es\/?s={search_term_string}"},"query-input":{"@type":"PropertyValueSpecification","valueRequired":true,"valueName":"search_term_string"}}],"inLanguage":"es"},{"@type":"Organization","@id":"https:\/\/juntscontraelcancer.cat\/es\/#organization","name":"Junts contra el c\u00e0ncer - FECEC","url":"https:\/\/juntscontraelcancer.cat\/es\/","logo":{"@type":"ImageObject","inLanguage":"es","@id":"https:\/\/juntscontraelcancer.cat\/es\/#\/schema\/logo\/image\/","url":"https:\/\/juntscontraelcancer.cat\/wp-content\/uploads\/2023\/01\/logo-fecec-header.png","contentUrl":"https:\/\/juntscontraelcancer.cat\/wp-content\/uploads\/2023\/01\/logo-fecec-header.png","width":126,"height":74,"caption":"Junts contra el c\u00e0ncer - FECEC"},"image":{"@id":"https:\/\/juntscontraelcancer.cat\/es\/#\/schema\/logo\/image\/"},"sameAs":["https:\/\/www.facebook.com\/fecec.federacio\/","https:\/\/x.com\/FececFederacio","https:\/\/www.instagram.com\/fececfederacio\/?hl=es","https:\/\/www.youtube.com\/channel\/UCgAC_6c6hmHwMQhSCQyYBdA"]},{"@type":"Person","@id":"https:\/\/juntscontraelcancer.cat\/es\/#\/schema\/person\/14c85cb9b3aeddea8f9087bea375813f","name":"Pukkas","image":{"@type":"ImageObject","inLanguage":"es","@id":"https:\/\/secure.gravatar.com\/avatar\/7433209641beafe57dbfd32b83f1c28fb7da2f23c98b47d02c7623ce350a0e9f?s=96&d=mm&r=g","url":"https:\/\/secure.gravatar.com\/avatar\/7433209641beafe57dbfd32b83f1c28fb7da2f23c98b47d02c7623ce350a0e9f?s=96&d=mm&r=g","contentUrl":"https:\/\/secure.gravatar.com\/avatar\/7433209641beafe57dbfd32b83f1c28fb7da2f23c98b47d02c7623ce350a0e9f?s=96&d=mm&r=g","caption":"Pukkas"},"sameAs":["https:\/\/juntscontraelcancer.cat"]}]}},"_links":{"self":[{"href":"https:\/\/juntscontraelcancer.cat\/es\/wp-json\/wp\/v2\/posts\/14744","targetHints":{"allow":["GET"]}}],"collection":[{"href":"https:\/\/juntscontraelcancer.cat\/es\/wp-json\/wp\/v2\/posts"}],"about":[{"href":"https:\/\/juntscontraelcancer.cat\/es\/wp-json\/wp\/v2\/types\/post"}],"author":[{"embeddable":true,"href":"https:\/\/juntscontraelcancer.cat\/es\/wp-json\/wp\/v2\/users\/1"}],"replies":[{"embeddable":true,"href":"https:\/\/juntscontraelcancer.cat\/es\/wp-json\/wp\/v2\/comments?post=14744"}],"version-history":[{"count":1,"href":"https:\/\/juntscontraelcancer.cat\/es\/wp-json\/wp\/v2\/posts\/14744\/revisions"}],"predecessor-version":[{"id":14746,"href":"https:\/\/juntscontraelcancer.cat\/es\/wp-json\/wp\/v2\/posts\/14744\/revisions\/14746"}],"wp:featuredmedia":[{"embeddable":true,"href":"https:\/\/juntscontraelcancer.cat\/es\/wp-json\/wp\/v2\/media\/14747"}],"wp:attachment":[{"href":"https:\/\/juntscontraelcancer.cat\/es\/wp-json\/wp\/v2\/media?parent=14744"}],"wp:term":[{"taxonomy":"category","embeddable":true,"href":"https:\/\/juntscontraelcancer.cat\/es\/wp-json\/wp\/v2\/categories?post=14744"},{"taxonomy":"post_tag","embeddable":true,"href":"https:\/\/juntscontraelcancer.cat\/es\/wp-json\/wp\/v2\/tags?post=14744"}],"curies":[{"name":"wp","href":"https:\/\/api.w.org\/{rel}","templated":true}]}}