{"id":14741,"date":"2021-02-12T00:00:00","date_gmt":"2021-02-11T22:00:00","guid":{"rendered":"https:\/\/junts.enproceso.es\/la-fecec-celebra-20-anos-de-historia-junto-a-los-pacientes-con-cancer-y-de-sus-familias-en-cataluna\/"},"modified":"2023-06-12T11:51:50","modified_gmt":"2023-06-12T09:51:50","slug":"la-fecec-celebra-20-anos-de-historia-junto-a-los-pacientes-con-cancer-y-de-sus-familias-en-cataluna","status":"publish","type":"post","link":"https:\/\/juntscontraelcancer.cat\/es\/la-fecec-celebra-20-anos-de-historia-junto-a-los-pacientes-con-cancer-y-de-sus-familias-en-cataluna\/","title":{"rendered":"La FECEC celebra 20 a\u00f1os de historia junto a los pacientes con c\u00e1ncer y de sus familias en Catalu\u00f1a"},"content":{"rendered":"<p><strong>Para conmemorar los 20 a\u00f1os de existencia apoyando a los enfermos oncol\u00f3gicos, hemos organizado diferentes acciones comunicativas y unos ciclos de\u00a0webinars\u00a0gratuitos que se llevar\u00e1n a cabo a lo largo de todo el 2021<\/strong><\/p>\n<p><a href=\"https:\/\/juntscontraelcancer.cat\/wp-content\/uploads\/2023\/04\/fb_twt_post_20aniversari-2.jpg\"><img loading=\"lazy\" decoding=\"async\" class=\"alignnone size-large wp-image-36219\" src=\"https:\/\/juntscontraelcancer.cat\/wp-content\/uploads\/2023\/04\/fb_twt_post_20aniversari-2-1024x575.jpg\" alt=\"fb_twt_post_20aniversari\" width=\"625\" height=\"351\" \/><\/a><\/p>\n<div class=\"traductor-textarea form-group\">\n<div class=\"textarea-desti col-xs-12 col-sm-6\">\n<div class=\"form-control second-textarea\">\n<p>Hoy hace 20 a\u00f1os, el 13 de febrero de 2001,\u00a0<strong>se constitu\u00eda la Federaci\u00f3n Catalana de Entidades contra el C\u00e1ncer con la vocaci\u00f3n de integrar esfuerzos en la lucha contra las enfermedades oncol\u00f3gicas en Catalu\u00f1a<\/strong>. El 15 de octubre del mismo a\u00f1o ten\u00eda lugar su presentaci\u00f3n oficial en el Parlamento de Catalu\u00f1a. Hoy celebramos dos d\u00e9cadas de historia persiguiendo el mismo objetivo inicial: trabajar para mejorar la calidad de vida de los pacientes con c\u00e1ncer y de sus familias en Catalu\u00f1a. Y esto lo queremos celebrar.<\/p>\n<p>La\u00a0<strong>Federaci\u00f3n Catalana de Entidades contra el C\u00e1ncer (FECEC)<\/strong>\u00a0es una entidad de segundo nivel que agrupa varias organizaciones que trabajan para mejorar la calidad de vida de los pacientes oncol\u00f3gicos y sus familias.\u00a0<strong>La federaci\u00f3n es censo de informaci\u00f3n y da servicio a las entidades contra el c\u00e1ncer federadas. Adem\u00e1s, fomenta el voluntariado en el \u00e1mbito oncol\u00f3gico, desarrolla programas en \u00e1reas de divulgaci\u00f3n y prevenci\u00f3n, supervivientes e investigaci\u00f3n psicosocial.<\/strong><\/p>\n<p>A d\u00eda de hoy, la\u00a0FECEC cuenta con\u00a0<strong>15 entidades federadas, que en su conjunto atienden a unos 15.000 pacientes y familias con servicios de atenci\u00f3n psicosocial, colaboran m\u00e1s de 5.000 voluntarios y trabajan m\u00e1s de 90 profesionales<\/strong>.<\/p>\n<p><strong>Celebramos 20 a\u00f1os de vida junto a los pacientes<\/strong><\/p>\n<p>Para conmemorar estos 20 a\u00f1os de existencia hemos organizado una serie de actividades, adaptadas a las circunstancias que la pandemia nos exige, como son unos ciclos de\u00a0<strong>webinars\u00a0gratuitos<\/strong>\u00a0as\u00ed como diferentes acciones comunicativas que repasar\u00e1n nuestra historia. Todo ello lo podr\u00e9is seguir a trav\u00e9s de nuestras redes sociales y de esta web, que hoy estrenamos y que hemos creado con este fin:\u00a0<a href=\"https:\/\/www.juntscontraelcancer.cat\/fecec-20-anys\" target=\"_blank\" rel=\"noopener\"><strong>https:\/\/www.juntscontraelcancer.cat\/fecec-20-anys<\/strong><\/a>.<\/p>\n<p>En esta p\u00e1gina pod\u00e9is consultar todas las\u00a0<strong>felicitaciones<\/strong>\u00a0que vamos recibiendo de otras entidades, organismos y personas voluntarias. As\u00ed mismo hemos seleccionado las\u00a0<strong>20 fotos m\u00e1s significativas de nuestra historia<\/strong>\u00a0y hemos querido explicar el detalle de aquel momento, de aquella acci\u00f3n, de aquella persona o de aquel programa.<\/p>\n<p>En lo que respecta a los\u00a0webinars\u00a0se dividir\u00e1n en dos bloques en el tiempo: un ciclo tendr\u00e1 lugar en marzo con 5 charlas de tem\u00e1ticas diferentes, y el otro ciclo en noviembre con otras 5 conferencias. El eje principal del contenido de las charlas versar\u00e1, obviamente, sobre el c\u00e1ncer y lleva por t\u00edtulo \u2018<em>C\u00e1ncer: presente y futuro<\/em>\u2019.<\/p>\n<p>Puedes consultar la nota de prensa completa <strong><a href=\"https:\/\/www.juntscontraelcancer.cat\/wp-content\/uploads\/2021\/02\/NdP-20-anys-1.pdf\">aqu\u00ed<\/a><\/strong>.<br \/>\n<strong><a href=\"https:\/\/www.juntscontraelcancer.cat\/fecec-20-anys\" target=\"_blank\" rel=\"noopener\">https:\/\/www.juntscontraelcancer.cat\/fecec-20-anys<\/a><\/strong><\/p>\n<\/div>\n<\/div>\n<\/div>\n","protected":false},"excerpt":{"rendered":"<p>Para conmemorar los 20 a\u00f1os de existencia apoyando a los enfermos oncol\u00f3gicos, hemos organizado diferentes acciones comunicativas y unos ciclos de\u00a0webinars\u00a0gratuitos que se llevar\u00e1n a cabo a lo largo de todo el 2021 Hoy hace 20 a\u00f1os, el 13 de febrero de 2001,\u00a0se constitu\u00eda la Federaci\u00f3n Catalana de Entidades contra el C\u00e1ncer con la vocaci\u00f3n [&#8230;]\n","protected":false},"author":1,"featured_media":14742,"comment_status":"closed","ping_status":"open","sticky":false,"template":"","format":"standard","meta":{"_acf_changed":false,"inline_featured_image":false,"footnotes":""},"categories":[84,3,86,68],"tags":[],"class_list":["post-14741","post","type-post","status-publish","format-standard","has-post-thumbnail","hentry","category-actualidad","category-actualitat","category-destacadas","category-destaquem"],"acf":[],"yoast_head":"<!-- This site is optimized with the Yoast SEO plugin v27.3 - https:\/\/yoast.com\/product\/yoast-seo-wordpress\/ -->\n<title>La FECEC celebra 20 a\u00f1os de historia junto a los pacientes con c\u00e1ncer y de sus familias en Catalu\u00f1a - Junts contra el c\u00e0ncer - FECEC<\/title>\n<meta name=\"robots\" content=\"index, follow, max-snippet:-1, max-image-preview:large, max-video-preview:-1\" \/>\n<link rel=\"canonical\" href=\"https:\/\/juntscontraelcancer.cat\/es\/la-fecec-celebra-20-anos-de-historia-junto-a-los-pacientes-con-cancer-y-de-sus-familias-en-cataluna\/\" \/>\n<meta property=\"og:locale\" content=\"es_ES\" \/>\n<meta property=\"og:type\" content=\"article\" \/>\n<meta property=\"og:title\" content=\"La FECEC celebra 20 a\u00f1os de historia junto a los pacientes con c\u00e1ncer y de sus familias en Catalu\u00f1a - Junts contra el c\u00e0ncer - FECEC\" \/>\n<meta property=\"og:description\" content=\"Para conmemorar los 20 a\u00f1os de existencia apoyando a los enfermos oncol\u00f3gicos, hemos organizado diferentes acciones comunicativas y unos ciclos de\u00a0webinars\u00a0gratuitos que se llevar\u00e1n a cabo a lo largo de todo el 2021 Hoy hace 20 a\u00f1os, el 13 de febrero de 2001,\u00a0se constitu\u00eda la Federaci\u00f3n Catalana de Entidades contra el C\u00e1ncer con la vocaci\u00f3n [...]\" \/>\n<meta property=\"og:url\" content=\"https:\/\/juntscontraelcancer.cat\/es\/la-fecec-celebra-20-anos-de-historia-junto-a-los-pacientes-con-cancer-y-de-sus-familias-en-cataluna\/\" \/>\n<meta property=\"og:site_name\" content=\"Junts contra el c\u00e0ncer - FECEC\" \/>\n<meta property=\"article:publisher\" content=\"https:\/\/www.facebook.com\/fecec.federacio\/\" \/>\n<meta property=\"article:published_time\" content=\"2021-02-11T22:00:00+00:00\" \/>\n<meta property=\"article:modified_time\" content=\"2023-06-12T09:51:50+00:00\" \/>\n<meta property=\"og:image\" content=\"https:\/\/juntscontraelcancer.cat\/wp-content\/uploads\/2023\/04\/fb_twt_post_20aniversari-2.jpg\" \/>\n\t<meta property=\"og:image:width\" content=\"1110\" \/>\n\t<meta property=\"og:image:height\" content=\"623\" \/>\n\t<meta property=\"og:image:type\" content=\"image\/jpeg\" \/>\n<meta name=\"author\" content=\"Pukkas\" \/>\n<meta name=\"twitter:card\" content=\"summary_large_image\" \/>\n<meta name=\"twitter:creator\" content=\"@FececFederacio\" \/>\n<meta name=\"twitter:site\" content=\"@FececFederacio\" \/>\n<meta name=\"twitter:label1\" content=\"Escrito por\" \/>\n\t<meta name=\"twitter:data1\" content=\"Pukkas\" \/>\n\t<meta name=\"twitter:label2\" content=\"Tiempo de lectura\" \/>\n\t<meta name=\"twitter:data2\" content=\"2 minutos\" \/>\n<script type=\"application\/ld+json\" class=\"yoast-schema-graph\">{\"@context\":\"https:\\\/\\\/schema.org\",\"@graph\":[{\"@type\":\"Article\",\"@id\":\"https:\\\/\\\/juntscontraelcancer.cat\\\/es\\\/la-fecec-celebra-20-anos-de-historia-junto-a-los-pacientes-con-cancer-y-de-sus-familias-en-cataluna\\\/#article\",\"isPartOf\":{\"@id\":\"https:\\\/\\\/juntscontraelcancer.cat\\\/es\\\/la-fecec-celebra-20-anos-de-historia-junto-a-los-pacientes-con-cancer-y-de-sus-familias-en-cataluna\\\/\"},\"author\":{\"name\":\"Pukkas\",\"@id\":\"https:\\\/\\\/juntscontraelcancer.cat\\\/es\\\/#\\\/schema\\\/person\\\/14c85cb9b3aeddea8f9087bea375813f\"},\"headline\":\"La FECEC celebra 20 a\u00f1os de historia junto a los pacientes con c\u00e1ncer y de sus familias en Catalu\u00f1a\",\"datePublished\":\"2021-02-11T22:00:00+00:00\",\"dateModified\":\"2023-06-12T09:51:50+00:00\",\"mainEntityOfPage\":{\"@id\":\"https:\\\/\\\/juntscontraelcancer.cat\\\/es\\\/la-fecec-celebra-20-anos-de-historia-junto-a-los-pacientes-con-cancer-y-de-sus-familias-en-cataluna\\\/\"},\"wordCount\":480,\"publisher\":{\"@id\":\"https:\\\/\\\/juntscontraelcancer.cat\\\/es\\\/#organization\"},\"image\":{\"@id\":\"https:\\\/\\\/juntscontraelcancer.cat\\\/es\\\/la-fecec-celebra-20-anos-de-historia-junto-a-los-pacientes-con-cancer-y-de-sus-familias-en-cataluna\\\/#primaryimage\"},\"thumbnailUrl\":\"https:\\\/\\\/juntscontraelcancer.cat\\\/wp-content\\\/uploads\\\/2023\\\/04\\\/fb_twt_post_20aniversari-2.jpg\",\"articleSection\":[\"Actualidad\",\"Actualitat\",\"Destacadas\",\"Destacats\"],\"inLanguage\":\"es\"},{\"@type\":\"WebPage\",\"@id\":\"https:\\\/\\\/juntscontraelcancer.cat\\\/es\\\/la-fecec-celebra-20-anos-de-historia-junto-a-los-pacientes-con-cancer-y-de-sus-familias-en-cataluna\\\/\",\"url\":\"https:\\\/\\\/juntscontraelcancer.cat\\\/es\\\/la-fecec-celebra-20-anos-de-historia-junto-a-los-pacientes-con-cancer-y-de-sus-familias-en-cataluna\\\/\",\"name\":\"La FECEC celebra 20 a\u00f1os de historia junto a los pacientes con c\u00e1ncer y de sus familias en Catalu\u00f1a - Junts contra el c\u00e0ncer - FECEC\",\"isPartOf\":{\"@id\":\"https:\\\/\\\/juntscontraelcancer.cat\\\/es\\\/#website\"},\"primaryImageOfPage\":{\"@id\":\"https:\\\/\\\/juntscontraelcancer.cat\\\/es\\\/la-fecec-celebra-20-anos-de-historia-junto-a-los-pacientes-con-cancer-y-de-sus-familias-en-cataluna\\\/#primaryimage\"},\"image\":{\"@id\":\"https:\\\/\\\/juntscontraelcancer.cat\\\/es\\\/la-fecec-celebra-20-anos-de-historia-junto-a-los-pacientes-con-cancer-y-de-sus-familias-en-cataluna\\\/#primaryimage\"},\"thumbnailUrl\":\"https:\\\/\\\/juntscontraelcancer.cat\\\/wp-content\\\/uploads\\\/2023\\\/04\\\/fb_twt_post_20aniversari-2.jpg\",\"datePublished\":\"2021-02-11T22:00:00+00:00\",\"dateModified\":\"2023-06-12T09:51:50+00:00\",\"breadcrumb\":{\"@id\":\"https:\\\/\\\/juntscontraelcancer.cat\\\/es\\\/la-fecec-celebra-20-anos-de-historia-junto-a-los-pacientes-con-cancer-y-de-sus-familias-en-cataluna\\\/#breadcrumb\"},\"inLanguage\":\"es\",\"potentialAction\":[{\"@type\":\"ReadAction\",\"target\":[\"https:\\\/\\\/juntscontraelcancer.cat\\\/es\\\/la-fecec-celebra-20-anos-de-historia-junto-a-los-pacientes-con-cancer-y-de-sus-familias-en-cataluna\\\/\"]}]},{\"@type\":\"ImageObject\",\"inLanguage\":\"es\",\"@id\":\"https:\\\/\\\/juntscontraelcancer.cat\\\/es\\\/la-fecec-celebra-20-anos-de-historia-junto-a-los-pacientes-con-cancer-y-de-sus-familias-en-cataluna\\\/#primaryimage\",\"url\":\"https:\\\/\\\/juntscontraelcancer.cat\\\/wp-content\\\/uploads\\\/2023\\\/04\\\/fb_twt_post_20aniversari-2.jpg\",\"contentUrl\":\"https:\\\/\\\/juntscontraelcancer.cat\\\/wp-content\\\/uploads\\\/2023\\\/04\\\/fb_twt_post_20aniversari-2.jpg\",\"width\":1110,\"height\":623},{\"@type\":\"BreadcrumbList\",\"@id\":\"https:\\\/\\\/juntscontraelcancer.cat\\\/es\\\/la-fecec-celebra-20-anos-de-historia-junto-a-los-pacientes-con-cancer-y-de-sus-familias-en-cataluna\\\/#breadcrumb\",\"itemListElement\":[{\"@type\":\"ListItem\",\"position\":1,\"name\":\"Inicio\",\"item\":\"https:\\\/\\\/juntscontraelcancer.cat\\\/es\\\/\"},{\"@type\":\"ListItem\",\"position\":2,\"name\":\"La FECEC celebra 20 a\u00f1os de historia junto a los pacientes con c\u00e1ncer y de sus familias en Catalu\u00f1a\"}]},{\"@type\":\"WebSite\",\"@id\":\"https:\\\/\\\/juntscontraelcancer.cat\\\/es\\\/#website\",\"url\":\"https:\\\/\\\/juntscontraelcancer.cat\\\/es\\\/\",\"name\":\"Junts contra el c\u00e0ncer - FECEC\",\"description\":\"\",\"publisher\":{\"@id\":\"https:\\\/\\\/juntscontraelcancer.cat\\\/es\\\/#organization\"},\"potentialAction\":[{\"@type\":\"SearchAction\",\"target\":{\"@type\":\"EntryPoint\",\"urlTemplate\":\"https:\\\/\\\/juntscontraelcancer.cat\\\/es\\\/?s={search_term_string}\"},\"query-input\":{\"@type\":\"PropertyValueSpecification\",\"valueRequired\":true,\"valueName\":\"search_term_string\"}}],\"inLanguage\":\"es\"},{\"@type\":\"Organization\",\"@id\":\"https:\\\/\\\/juntscontraelcancer.cat\\\/es\\\/#organization\",\"name\":\"Junts contra el c\u00e0ncer - FECEC\",\"url\":\"https:\\\/\\\/juntscontraelcancer.cat\\\/es\\\/\",\"logo\":{\"@type\":\"ImageObject\",\"inLanguage\":\"es\",\"@id\":\"https:\\\/\\\/juntscontraelcancer.cat\\\/es\\\/#\\\/schema\\\/logo\\\/image\\\/\",\"url\":\"https:\\\/\\\/juntscontraelcancer.cat\\\/wp-content\\\/uploads\\\/2023\\\/01\\\/logo-fecec-header.png\",\"contentUrl\":\"https:\\\/\\\/juntscontraelcancer.cat\\\/wp-content\\\/uploads\\\/2023\\\/01\\\/logo-fecec-header.png\",\"width\":126,\"height\":74,\"caption\":\"Junts contra el c\u00e0ncer - FECEC\"},\"image\":{\"@id\":\"https:\\\/\\\/juntscontraelcancer.cat\\\/es\\\/#\\\/schema\\\/logo\\\/image\\\/\"},\"sameAs\":[\"https:\\\/\\\/www.facebook.com\\\/fecec.federacio\\\/\",\"https:\\\/\\\/x.com\\\/FececFederacio\",\"https:\\\/\\\/www.instagram.com\\\/fececfederacio\\\/?hl=es\",\"https:\\\/\\\/www.youtube.com\\\/channel\\\/UCgAC_6c6hmHwMQhSCQyYBdA\"]},{\"@type\":\"Person\",\"@id\":\"https:\\\/\\\/juntscontraelcancer.cat\\\/es\\\/#\\\/schema\\\/person\\\/14c85cb9b3aeddea8f9087bea375813f\",\"name\":\"Pukkas\",\"image\":{\"@type\":\"ImageObject\",\"inLanguage\":\"es\",\"@id\":\"https:\\\/\\\/secure.gravatar.com\\\/avatar\\\/7433209641beafe57dbfd32b83f1c28fb7da2f23c98b47d02c7623ce350a0e9f?s=96&d=mm&r=g\",\"url\":\"https:\\\/\\\/secure.gravatar.com\\\/avatar\\\/7433209641beafe57dbfd32b83f1c28fb7da2f23c98b47d02c7623ce350a0e9f?s=96&d=mm&r=g\",\"contentUrl\":\"https:\\\/\\\/secure.gravatar.com\\\/avatar\\\/7433209641beafe57dbfd32b83f1c28fb7da2f23c98b47d02c7623ce350a0e9f?s=96&d=mm&r=g\",\"caption\":\"Pukkas\"},\"sameAs\":[\"https:\\\/\\\/juntscontraelcancer.cat\"]}]}<\/script>\n<!-- \/ Yoast SEO plugin. -->","yoast_head_json":{"title":"La FECEC celebra 20 a\u00f1os de historia junto a los pacientes con c\u00e1ncer y de sus familias en Catalu\u00f1a - Junts contra el c\u00e0ncer - FECEC","robots":{"index":"index","follow":"follow","max-snippet":"max-snippet:-1","max-image-preview":"max-image-preview:large","max-video-preview":"max-video-preview:-1"},"canonical":"https:\/\/juntscontraelcancer.cat\/es\/la-fecec-celebra-20-anos-de-historia-junto-a-los-pacientes-con-cancer-y-de-sus-familias-en-cataluna\/","og_locale":"es_ES","og_type":"article","og_title":"La FECEC celebra 20 a\u00f1os de historia junto a los pacientes con c\u00e1ncer y de sus familias en Catalu\u00f1a - Junts contra el c\u00e0ncer - FECEC","og_description":"Para conmemorar los 20 a\u00f1os de existencia apoyando a los enfermos oncol\u00f3gicos, hemos organizado diferentes acciones comunicativas y unos ciclos de\u00a0webinars\u00a0gratuitos que se llevar\u00e1n a cabo a lo largo de todo el 2021 Hoy hace 20 a\u00f1os, el 13 de febrero de 2001,\u00a0se constitu\u00eda la Federaci\u00f3n Catalana de Entidades contra el C\u00e1ncer con la vocaci\u00f3n [...]","og_url":"https:\/\/juntscontraelcancer.cat\/es\/la-fecec-celebra-20-anos-de-historia-junto-a-los-pacientes-con-cancer-y-de-sus-familias-en-cataluna\/","og_site_name":"Junts contra el c\u00e0ncer - FECEC","article_publisher":"https:\/\/www.facebook.com\/fecec.federacio\/","article_published_time":"2021-02-11T22:00:00+00:00","article_modified_time":"2023-06-12T09:51:50+00:00","og_image":[{"width":1110,"height":623,"url":"https:\/\/juntscontraelcancer.cat\/wp-content\/uploads\/2023\/04\/fb_twt_post_20aniversari-2.jpg","type":"image\/jpeg"}],"author":"Pukkas","twitter_card":"summary_large_image","twitter_creator":"@FececFederacio","twitter_site":"@FececFederacio","twitter_misc":{"Escrito por":"Pukkas","Tiempo de lectura":"2 minutos"},"schema":{"@context":"https:\/\/schema.org","@graph":[{"@type":"Article","@id":"https:\/\/juntscontraelcancer.cat\/es\/la-fecec-celebra-20-anos-de-historia-junto-a-los-pacientes-con-cancer-y-de-sus-familias-en-cataluna\/#article","isPartOf":{"@id":"https:\/\/juntscontraelcancer.cat\/es\/la-fecec-celebra-20-anos-de-historia-junto-a-los-pacientes-con-cancer-y-de-sus-familias-en-cataluna\/"},"author":{"name":"Pukkas","@id":"https:\/\/juntscontraelcancer.cat\/es\/#\/schema\/person\/14c85cb9b3aeddea8f9087bea375813f"},"headline":"La FECEC celebra 20 a\u00f1os de historia junto a los pacientes con c\u00e1ncer y de sus familias en Catalu\u00f1a","datePublished":"2021-02-11T22:00:00+00:00","dateModified":"2023-06-12T09:51:50+00:00","mainEntityOfPage":{"@id":"https:\/\/juntscontraelcancer.cat\/es\/la-fecec-celebra-20-anos-de-historia-junto-a-los-pacientes-con-cancer-y-de-sus-familias-en-cataluna\/"},"wordCount":480,"publisher":{"@id":"https:\/\/juntscontraelcancer.cat\/es\/#organization"},"image":{"@id":"https:\/\/juntscontraelcancer.cat\/es\/la-fecec-celebra-20-anos-de-historia-junto-a-los-pacientes-con-cancer-y-de-sus-familias-en-cataluna\/#primaryimage"},"thumbnailUrl":"https:\/\/juntscontraelcancer.cat\/wp-content\/uploads\/2023\/04\/fb_twt_post_20aniversari-2.jpg","articleSection":["Actualidad","Actualitat","Destacadas","Destacats"],"inLanguage":"es"},{"@type":"WebPage","@id":"https:\/\/juntscontraelcancer.cat\/es\/la-fecec-celebra-20-anos-de-historia-junto-a-los-pacientes-con-cancer-y-de-sus-familias-en-cataluna\/","url":"https:\/\/juntscontraelcancer.cat\/es\/la-fecec-celebra-20-anos-de-historia-junto-a-los-pacientes-con-cancer-y-de-sus-familias-en-cataluna\/","name":"La FECEC celebra 20 a\u00f1os de historia junto a los pacientes con c\u00e1ncer y de sus familias en Catalu\u00f1a - Junts contra el c\u00e0ncer - FECEC","isPartOf":{"@id":"https:\/\/juntscontraelcancer.cat\/es\/#website"},"primaryImageOfPage":{"@id":"https:\/\/juntscontraelcancer.cat\/es\/la-fecec-celebra-20-anos-de-historia-junto-a-los-pacientes-con-cancer-y-de-sus-familias-en-cataluna\/#primaryimage"},"image":{"@id":"https:\/\/juntscontraelcancer.cat\/es\/la-fecec-celebra-20-anos-de-historia-junto-a-los-pacientes-con-cancer-y-de-sus-familias-en-cataluna\/#primaryimage"},"thumbnailUrl":"https:\/\/juntscontraelcancer.cat\/wp-content\/uploads\/2023\/04\/fb_twt_post_20aniversari-2.jpg","datePublished":"2021-02-11T22:00:00+00:00","dateModified":"2023-06-12T09:51:50+00:00","breadcrumb":{"@id":"https:\/\/juntscontraelcancer.cat\/es\/la-fecec-celebra-20-anos-de-historia-junto-a-los-pacientes-con-cancer-y-de-sus-familias-en-cataluna\/#breadcrumb"},"inLanguage":"es","potentialAction":[{"@type":"ReadAction","target":["https:\/\/juntscontraelcancer.cat\/es\/la-fecec-celebra-20-anos-de-historia-junto-a-los-pacientes-con-cancer-y-de-sus-familias-en-cataluna\/"]}]},{"@type":"ImageObject","inLanguage":"es","@id":"https:\/\/juntscontraelcancer.cat\/es\/la-fecec-celebra-20-anos-de-historia-junto-a-los-pacientes-con-cancer-y-de-sus-familias-en-cataluna\/#primaryimage","url":"https:\/\/juntscontraelcancer.cat\/wp-content\/uploads\/2023\/04\/fb_twt_post_20aniversari-2.jpg","contentUrl":"https:\/\/juntscontraelcancer.cat\/wp-content\/uploads\/2023\/04\/fb_twt_post_20aniversari-2.jpg","width":1110,"height":623},{"@type":"BreadcrumbList","@id":"https:\/\/juntscontraelcancer.cat\/es\/la-fecec-celebra-20-anos-de-historia-junto-a-los-pacientes-con-cancer-y-de-sus-familias-en-cataluna\/#breadcrumb","itemListElement":[{"@type":"ListItem","position":1,"name":"Inicio","item":"https:\/\/juntscontraelcancer.cat\/es\/"},{"@type":"ListItem","position":2,"name":"La FECEC celebra 20 a\u00f1os de historia junto a los pacientes con c\u00e1ncer y de sus familias en Catalu\u00f1a"}]},{"@type":"WebSite","@id":"https:\/\/juntscontraelcancer.cat\/es\/#website","url":"https:\/\/juntscontraelcancer.cat\/es\/","name":"Junts contra el c\u00e0ncer - FECEC","description":"","publisher":{"@id":"https:\/\/juntscontraelcancer.cat\/es\/#organization"},"potentialAction":[{"@type":"SearchAction","target":{"@type":"EntryPoint","urlTemplate":"https:\/\/juntscontraelcancer.cat\/es\/?s={search_term_string}"},"query-input":{"@type":"PropertyValueSpecification","valueRequired":true,"valueName":"search_term_string"}}],"inLanguage":"es"},{"@type":"Organization","@id":"https:\/\/juntscontraelcancer.cat\/es\/#organization","name":"Junts contra el c\u00e0ncer - FECEC","url":"https:\/\/juntscontraelcancer.cat\/es\/","logo":{"@type":"ImageObject","inLanguage":"es","@id":"https:\/\/juntscontraelcancer.cat\/es\/#\/schema\/logo\/image\/","url":"https:\/\/juntscontraelcancer.cat\/wp-content\/uploads\/2023\/01\/logo-fecec-header.png","contentUrl":"https:\/\/juntscontraelcancer.cat\/wp-content\/uploads\/2023\/01\/logo-fecec-header.png","width":126,"height":74,"caption":"Junts contra el c\u00e0ncer - FECEC"},"image":{"@id":"https:\/\/juntscontraelcancer.cat\/es\/#\/schema\/logo\/image\/"},"sameAs":["https:\/\/www.facebook.com\/fecec.federacio\/","https:\/\/x.com\/FececFederacio","https:\/\/www.instagram.com\/fececfederacio\/?hl=es","https:\/\/www.youtube.com\/channel\/UCgAC_6c6hmHwMQhSCQyYBdA"]},{"@type":"Person","@id":"https:\/\/juntscontraelcancer.cat\/es\/#\/schema\/person\/14c85cb9b3aeddea8f9087bea375813f","name":"Pukkas","image":{"@type":"ImageObject","inLanguage":"es","@id":"https:\/\/secure.gravatar.com\/avatar\/7433209641beafe57dbfd32b83f1c28fb7da2f23c98b47d02c7623ce350a0e9f?s=96&d=mm&r=g","url":"https:\/\/secure.gravatar.com\/avatar\/7433209641beafe57dbfd32b83f1c28fb7da2f23c98b47d02c7623ce350a0e9f?s=96&d=mm&r=g","contentUrl":"https:\/\/secure.gravatar.com\/avatar\/7433209641beafe57dbfd32b83f1c28fb7da2f23c98b47d02c7623ce350a0e9f?s=96&d=mm&r=g","caption":"Pukkas"},"sameAs":["https:\/\/juntscontraelcancer.cat"]}]}},"_links":{"self":[{"href":"https:\/\/juntscontraelcancer.cat\/es\/wp-json\/wp\/v2\/posts\/14741","targetHints":{"allow":["GET"]}}],"collection":[{"href":"https:\/\/juntscontraelcancer.cat\/es\/wp-json\/wp\/v2\/posts"}],"about":[{"href":"https:\/\/juntscontraelcancer.cat\/es\/wp-json\/wp\/v2\/types\/post"}],"author":[{"embeddable":true,"href":"https:\/\/juntscontraelcancer.cat\/es\/wp-json\/wp\/v2\/users\/1"}],"replies":[{"embeddable":true,"href":"https:\/\/juntscontraelcancer.cat\/es\/wp-json\/wp\/v2\/comments?post=14741"}],"version-history":[{"count":1,"href":"https:\/\/juntscontraelcancer.cat\/es\/wp-json\/wp\/v2\/posts\/14741\/revisions"}],"predecessor-version":[{"id":14743,"href":"https:\/\/juntscontraelcancer.cat\/es\/wp-json\/wp\/v2\/posts\/14741\/revisions\/14743"}],"wp:featuredmedia":[{"embeddable":true,"href":"https:\/\/juntscontraelcancer.cat\/es\/wp-json\/wp\/v2\/media\/14742"}],"wp:attachment":[{"href":"https:\/\/juntscontraelcancer.cat\/es\/wp-json\/wp\/v2\/media?parent=14741"}],"wp:term":[{"taxonomy":"category","embeddable":true,"href":"https:\/\/juntscontraelcancer.cat\/es\/wp-json\/wp\/v2\/categories?post=14741"},{"taxonomy":"post_tag","embeddable":true,"href":"https:\/\/juntscontraelcancer.cat\/es\/wp-json\/wp\/v2\/tags?post=14741"}],"curies":[{"name":"wp","href":"https:\/\/api.w.org\/{rel}","templated":true}]}}